{"id":57219,"date":"2025-07-06T15:40:49","date_gmt":"2025-07-06T13:40:49","guid":{"rendered":"https:\/\/socialgoodaccelerator.eu\/?p=57219"},"modified":"2026-03-06T15:49:31","modified_gmt":"2026-03-06T14:49:31","slug":"contribution-du-social-good-accelerator-a-la-strategie-nationale-de-less-juillet-2025","status":"publish","type":"post","link":"https:\/\/socialgoodaccelerator.eu\/fr\/2025\/07\/06\/contribution-du-social-good-accelerator-a-la-strategie-nationale-de-less-juillet-2025\/","title":{"rendered":"Contribution du Social Good Accelerator \u00e0 la Strat\u00e9gie nationale de l\u2019ESS (juillet 2025)"},"content":{"rendered":"[et_pb_section fb_built=&#8221;1&#8243; _builder_version=&#8221;4.27.6&#8243; _module_preset=&#8221;default&#8221; da_disable_devices=&#8221;off|off|off&#8221; global_colors_info=&#8221;{}&#8221; da_is_popup=&#8221;off&#8221; da_exit_intent=&#8221;off&#8221; da_has_close=&#8221;on&#8221; da_alt_close=&#8221;off&#8221; da_dark_close=&#8221;off&#8221; da_not_modal=&#8221;on&#8221; da_is_singular=&#8221;off&#8221; da_with_loader=&#8221;off&#8221; da_has_shadow=&#8221;on&#8221;][et_pb_row _builder_version=&#8221;4.27.6&#8243; _module_preset=&#8221;default&#8221; global_colors_info=&#8221;{}&#8221;][et_pb_column type=&#8221;4_4&#8243; _builder_version=&#8221;4.27.6&#8243; _module_preset=&#8221;default&#8221; global_colors_info=&#8221;{}&#8221;][et_pb_heading title=&#8221;Faire du num\u00e9rique un axe structurant de la strat\u00e9gie ESS : souverainet\u00e9, comp\u00e9tences, mod\u00e8les alternatifs&#8221; _builder_version=&#8221;4.27.6&#8243; _module_preset=&#8221;default&#8221; title_level=&#8221;h2&#8243; title_text_align=&#8221;justify&#8221; global_colors_info=&#8221;{}&#8221;][\/et_pb_heading][et_pb_text _builder_version=&#8221;4.27.6&#8243; _module_preset=&#8221;default&#8221; text_font_size=&#8221;17px&#8221; hover_enabled=&#8221;0&#8243; global_colors_info=&#8221;{}&#8221; sticky_enabled=&#8221;0&#8243;]<p data-start=\"386\" data-end=\"625\">Dans le cadre des travaux li\u00e9s \u00e0 la <strong data-start=\"422\" data-end=\"480\">Strat\u00e9gie nationale de l\u2019ESS (\u00e9conomie sociale et solidaire)<\/strong>, le Social Good Accelerator a formul\u00e9 une contribution visant \u00e0 int\u00e9grer pleinement les enjeux du <strong data-start=\"579\" data-end=\"592\">num\u00e9rique<\/strong> dans les orientations publiques.<\/p>\n<p data-start=\"627\" data-end=\"878\">Cette contribution d\u00e9fend l\u2019id\u00e9e que la transformation num\u00e9rique de l\u2019ESS ne peut se limiter \u00e0 l\u2019\u00e9quipement : elle doit porter sur les <strong data-start=\"762\" data-end=\"773\">mod\u00e8les<\/strong>, les <strong data-start=\"779\" data-end=\"794\">comp\u00e9tences<\/strong>, la <strong data-start=\"799\" data-end=\"814\">gouvernance<\/strong> et la capacit\u00e9 \u00e0 d\u00e9velopper des alternatives d\u2019int\u00e9r\u00eat g\u00e9n\u00e9ral.<\/p>[\/et_pb_text][\/et_pb_column][\/et_pb_row][et_pb_row _builder_version=&#8221;4.27.6&#8243; _module_preset=&#8221;default&#8221; global_colors_info=&#8221;{}&#8221;][et_pb_column type=&#8221;4_4&#8243; _builder_version=&#8221;4.27.6&#8243; _module_preset=&#8221;default&#8221; global_colors_info=&#8221;{}&#8221;][et_pb_heading title=&#8221;Ce que la contribution met en lumi\u00e8re&#8221; _builder_version=&#8221;4.27.6&#8243; _module_preset=&#8221;default&#8221; title_level=&#8221;h3&#8243; global_colors_info=&#8221;{}&#8221;][\/et_pb_heading][et_pb_text _builder_version=&#8221;4.27.6&#8243; _module_preset=&#8221;default&#8221; text_font_size=&#8221;17px&#8221; global_colors_info=&#8221;{}&#8221;]<p data-start=\"927\" data-end=\"962\">Le document insiste notamment sur :<\/p>\n<ul data-start=\"964\" data-end=\"1390\">\n<li data-start=\"964\" data-end=\"1115\">\n<p data-start=\"966\" data-end=\"1115\">la n\u00e9cessit\u00e9 de reconna\u00eetre l\u2019ESS comme actrice de <strong data-start=\"1017\" data-end=\"1051\">mod\u00e8les num\u00e9riques alternatifs<\/strong> (communs, coop\u00e9ratives, plateformes \u00e0 gouvernance partag\u00e9e) ;<\/p>\n<\/li>\n<li data-start=\"1116\" data-end=\"1229\">\n<p data-start=\"1118\" data-end=\"1229\">l\u2019importance d\u2019un soutien public \u00e0 la <strong data-start=\"1156\" data-end=\"1181\">mont\u00e9e en comp\u00e9tences<\/strong>, en particulier pour les petites structures ;<\/p>\n<\/li>\n<li data-start=\"1230\" data-end=\"1390\">\n<p data-start=\"1232\" data-end=\"1390\">le besoin de financements et d\u2019outils pour r\u00e9duire les <strong data-start=\"1287\" data-end=\"1302\">d\u00e9pendances<\/strong> et renforcer la <strong data-start=\"1319\" data-end=\"1335\">souverainet\u00e9<\/strong> (interop\u00e9rabilit\u00e9, solutions ouvertes, mutualisation).<\/p>\n<\/li>\n<\/ul>[\/et_pb_text][\/et_pb_column][\/et_pb_row][et_pb_row _builder_version=&#8221;4.27.6&#8243; _module_preset=&#8221;default&#8221; global_colors_info=&#8221;{}&#8221;][et_pb_column type=&#8221;4_4&#8243; _builder_version=&#8221;4.27.6&#8243; _module_preset=&#8221;default&#8221; global_colors_info=&#8221;{}&#8221;][et_pb_heading title=&#8221;Pourquoi cela concerne l\u2019\u00e9conomie sociale num\u00e9rique&#8221; _builder_version=&#8221;4.27.6&#8243; _module_preset=&#8221;default&#8221; title_level=&#8221;h3&#8243; global_colors_info=&#8221;{}&#8221;][\/et_pb_heading][et_pb_text _builder_version=&#8221;4.27.6&#8243; _module_preset=&#8221;default&#8221; text_font_size=&#8221;17px&#8221; global_colors_info=&#8221;{}&#8221;]<p data-start=\"1453\" data-end=\"1625\">Pour le SOGA, la strat\u00e9gie ESS doit int\u00e9grer un enjeu central :<br data-start=\"1516\" data-end=\"1519\" \/>le num\u00e9rique fa\u00e7onne la capacit\u00e9 d\u2019action des organisations, leurs donn\u00e9es, leur autonomie et leur impact.<\/p>\n<p data-start=\"1627\" data-end=\"1692\">Cette contribution s\u2019inscrit dans le pilier VOICE en articulant :<\/p>\n<ul data-start=\"1694\" data-end=\"1901\">\n<li data-start=\"1694\" data-end=\"1754\">\n<p data-start=\"1696\" data-end=\"1754\"><strong data-start=\"1696\" data-end=\"1707\">terrain<\/strong> (besoins et contraintes des structures ESS),<\/p>\n<\/li>\n<li data-start=\"1755\" data-end=\"1803\">\n<p data-start=\"1757\" data-end=\"1803\"><strong data-start=\"1757\" data-end=\"1779\">politique publique<\/strong> (leviers de soutien),<\/p>\n<\/li>\n<li data-start=\"1804\" data-end=\"1901\">\n<p data-start=\"1806\" data-end=\"1901\"><strong data-start=\"1806\" data-end=\"1816\">vision<\/strong> (un num\u00e9rique au service de l\u2019int\u00e9r\u00eat g\u00e9n\u00e9ral, \u00e0 l\u2019\u00e9chelle fran\u00e7aise et europ\u00e9enne).<\/p>\n<\/li>\n<\/ul>[\/et_pb_text][\/et_pb_column][\/et_pb_row][et_pb_row _builder_version=&#8221;4.27.6&#8243; _module_preset=&#8221;default&#8221; global_colors_info=&#8221;{}&#8221;][et_pb_column type=&#8221;4_4&#8243; _builder_version=&#8221;4.27.6&#8243; _module_preset=&#8221;default&#8221; global_colors_info=&#8221;{}&#8221;][et_pb_heading title=&#8221;\u00c0 retenir&#8221; _builder_version=&#8221;4.27.6&#8243; _module_preset=&#8221;default&#8221; title_level=&#8221;h3&#8243; global_colors_info=&#8221;{}&#8221;][\/et_pb_heading][et_pb_text _builder_version=&#8221;4.27.6&#8243; _module_preset=&#8221;default&#8221; text_font_size=&#8221;17px&#8221; global_colors_info=&#8221;{}&#8221;]<ul>\n<li data-start=\"1924\" data-end=\"2002\">Le num\u00e9rique doit \u00eatre un axe explicite et op\u00e9rationnel de la strat\u00e9gie ESS.<\/li>\n<li data-start=\"2005\" data-end=\"2090\">Les comp\u00e9tences, la souverainet\u00e9 et la mutualisation sont des leviers prioritaires.<\/li>\n<li data-start=\"2093\" data-end=\"2194\">L\u2019ESS peut porter des mod\u00e8les num\u00e9riques alternatifs, pas seulement \u201cs\u2019adapter\u201d aux outils existants.<\/li>\n<\/ul>[\/et_pb_text][et_pb_button button_url=&#8221;https:\/\/socialgoodaccelerator.eu\/wp-content\/uploads\/2026\/02\/20250729_CONTRIBUTION-DE-SOCIAL-GOOD-ACCELERATOR-A-LA-STRATEGIE-NATIONALE-DE-LESS-JUILLET-2025-validee.pdf?utm_source=chatgpt.com&#8221; url_new_window=&#8221;on&#8221; button_text=&#8221;T\u00e9l\u00e9charger la contribution&#8221; button_alignment=&#8221;center&#8221; _builder_version=&#8221;4.27.6&#8243; _module_preset=&#8221;default&#8221; custom_button=&#8221;on&#8221; button_bg_color=&#8221;#FBA100&#8243; button_border_color=&#8221;RGBA(255,255,255,0)&#8221; button_border_radius=&#8221;30px&#8221; background_layout=&#8221;dark&#8221; hover_enabled=&#8221;0&#8243; global_colors_info=&#8221;{}&#8221; button_bg_color__hover_enabled=&#8221;on|hover&#8221; button_bg_color__hover=&#8221;#FBA100&#8243; button_bg_enable_color__hover=&#8221;on&#8221; button_text_color__hover_enabled=&#8221;on|hover&#8221; button_text_color__hover=&#8221;#FFFFFF&#8221; button_border_color__hover_enabled=&#8221;on|hover&#8221; button_border_color__hover=&#8221;RGBA(255,255,255,0)&#8221; sticky_enabled=&#8221;0&#8243;][\/et_pb_button][et_pb_text _builder_version=&#8221;4.27.6&#8243; _module_preset=&#8221;default&#8221; text_font_size=&#8221;17px&#8221; hover_enabled=&#8221;0&#8243; global_colors_info=&#8221;{}&#8221; sticky_enabled=&#8221;0&#8243;]<p><strong>A lire aussi : <a href=\"https:\/\/socialgoodaccelerator.eu\/2026\/03\/05\/strategie-nationale-de-less\/\">La Strat\u00e9gie nationale de l\u2019ESS enfin publi\u00e9e au printemps avec une vraie place pour l\u2019ESS num\u00e9rique !<\/a><\/strong><\/p>[\/et_pb_text][\/et_pb_column][\/et_pb_row][\/et_pb_section]","protected":false},"excerpt":{"rendered":"<p>Dans le cadre des travaux li\u00e9s \u00e0 la Strat\u00e9gie nationale de l\u2019ESS (\u00e9conomie sociale et solidaire), le Social Good Accelerator a formul\u00e9 une contribution visant \u00e0 int\u00e9grer pleinement les enjeux [&hellip;]<\/p>\n","protected":false},"author":1,"featured_media":57296,"comment_status":"closed","ping_status":"closed","sticky":false,"template":"","format":"standard","meta":{"_et_pb_use_builder":"on","_et_pb_old_content":"","_et_gb_content_width":"","jetpack_post_was_ever_published":false,"_jetpack_newsletter_access":"","_jetpack_dont_email_post_to_subs":false,"_jetpack_newsletter_tier_id":0,"_jetpack_memberships_contains_paywalled_content":false,"_jetpack_memberships_contains_paid_content":false,"footnotes":""},"categories":[418],"tags":[],"class_list":["post-57219","post","type-post","status-publish","format-standard","has-post-thumbnail","hentry","category-contributions-institutionnelles"],"yoast_head":"<!-- This site is optimized with the Yoast SEO plugin v27.4 - https:\/\/yoast.com\/product\/yoast-seo-wordpress\/ -->\n<title>Contribution du Social Good Accelerator \u00e0 la Strat\u00e9gie nationale de l\u2019ESS (juillet 2025) - SOGA<\/title>\n<meta name=\"description\" content=\"Dans le cadre des travaux li\u00e9s \u00e0 la Strat\u00e9gie nationale de l\u2019ESS, le Social Good Accelerator a formul\u00e9 une contribution visant \u00e0 int\u00e9grer pleinement les enjeux du num\u00e9rique dans les orientations publiques.\" \/>\n<meta name=\"robots\" content=\"index, follow, max-snippet:-1, max-image-preview:large, max-video-preview:-1\" \/>\n<link rel=\"canonical\" href=\"https:\/\/socialgoodaccelerator.eu\/fr\/2025\/07\/06\/contribution-du-social-good-accelerator-a-la-strategie-nationale-de-less-juillet-2025\/\" \/>\n<meta property=\"og:locale\" content=\"fr_FR\" \/>\n<meta property=\"og:type\" content=\"article\" \/>\n<meta property=\"og:title\" content=\"Contribution du Social Good Accelerator \u00e0 la Strat\u00e9gie nationale de l\u2019ESS (juillet 2025) - SOGA\" \/>\n<meta property=\"og:description\" content=\"Dans le cadre des travaux li\u00e9s \u00e0 la Strat\u00e9gie nationale de l\u2019ESS, le Social Good Accelerator a formul\u00e9 une contribution visant \u00e0 int\u00e9grer pleinement les enjeux du num\u00e9rique dans les orientations publiques.\" \/>\n<meta property=\"og:url\" content=\"https:\/\/socialgoodaccelerator.eu\/fr\/2025\/07\/06\/contribution-du-social-good-accelerator-a-la-strategie-nationale-de-less-juillet-2025\/\" \/>\n<meta property=\"og:site_name\" content=\"SOGA\" \/>\n<meta property=\"article:publisher\" content=\"https:\/\/www.facebook.com\/SocialGoodAccel.EU\/\" \/>\n<meta property=\"article:published_time\" content=\"2025-07-06T13:40:49+00:00\" \/>\n<meta property=\"article:modified_time\" content=\"2026-03-06T14:49:31+00:00\" \/>\n<meta property=\"og:image\" content=\"http:\/\/socialgoodaccelerator.eu\/wp-content\/uploads\/2026\/03\/1752052849349.png\" \/>\n\t<meta property=\"og:image:width\" content=\"1812\" \/>\n\t<meta property=\"og:image:height\" content=\"1019\" \/>\n\t<meta property=\"og:image:type\" content=\"image\/png\" \/>\n<meta name=\"author\" content=\"sogaccelerator\" \/>\n<meta name=\"twitter:card\" content=\"summary_large_image\" \/>\n<meta name=\"twitter:label1\" content=\"\u00c9crit par\" \/>\n\t<meta name=\"twitter:data1\" content=\"sogaccelerator\" \/>\n\t<meta name=\"twitter:label2\" content=\"Dur\u00e9e de lecture estim\u00e9e\" \/>\n\t<meta name=\"twitter:data2\" content=\"2 minutes\" \/>\n<script type=\"application\/ld+json\" class=\"yoast-schema-graph\">{\"@context\":\"https:\\\/\\\/schema.org\",\"@graph\":[{\"@type\":\"Article\",\"@id\":\"https:\\\/\\\/socialgoodaccelerator.eu\\\/2025\\\/07\\\/06\\\/contribution-du-social-good-accelerator-a-la-strategie-nationale-de-less-juillet-2025\\\/#article\",\"isPartOf\":{\"@id\":\"https:\\\/\\\/socialgoodaccelerator.eu\\\/2025\\\/07\\\/06\\\/contribution-du-social-good-accelerator-a-la-strategie-nationale-de-less-juillet-2025\\\/\"},\"author\":{\"name\":\"sogaccelerator\",\"@id\":\"https:\\\/\\\/socialgoodaccelerator.eu\\\/#\\\/schema\\\/person\\\/0320622db91fd4a2ddef724cbdee0c3e\"},\"headline\":\"Contribution du Social Good Accelerator \u00e0 la Strat\u00e9gie nationale de l\u2019ESS (juillet 2025)\",\"datePublished\":\"2025-07-06T13:40:49+00:00\",\"dateModified\":\"2026-03-06T14:49:31+00:00\",\"mainEntityOfPage\":{\"@id\":\"https:\\\/\\\/socialgoodaccelerator.eu\\\/2025\\\/07\\\/06\\\/contribution-du-social-good-accelerator-a-la-strategie-nationale-de-less-juillet-2025\\\/\"},\"wordCount\":800,\"publisher\":{\"@id\":\"https:\\\/\\\/socialgoodaccelerator.eu\\\/#organization\"},\"image\":{\"@id\":\"https:\\\/\\\/socialgoodaccelerator.eu\\\/2025\\\/07\\\/06\\\/contribution-du-social-good-accelerator-a-la-strategie-nationale-de-less-juillet-2025\\\/#primaryimage\"},\"thumbnailUrl\":\"https:\\\/\\\/i0.wp.com\\\/socialgoodaccelerator.eu\\\/wp-content\\\/uploads\\\/2026\\\/03\\\/1752052849349.png?fit=1812%2C1019&ssl=1\",\"articleSection\":[\"Contributions institutionnelles\"],\"inLanguage\":\"fr-FR\"},{\"@type\":\"WebPage\",\"@id\":\"https:\\\/\\\/socialgoodaccelerator.eu\\\/2025\\\/07\\\/06\\\/contribution-du-social-good-accelerator-a-la-strategie-nationale-de-less-juillet-2025\\\/\",\"url\":\"https:\\\/\\\/socialgoodaccelerator.eu\\\/2025\\\/07\\\/06\\\/contribution-du-social-good-accelerator-a-la-strategie-nationale-de-less-juillet-2025\\\/\",\"name\":\"Contribution du Social Good Accelerator \u00e0 la Strat\u00e9gie nationale de l\u2019ESS (juillet 2025) - SOGA\",\"isPartOf\":{\"@id\":\"https:\\\/\\\/socialgoodaccelerator.eu\\\/#website\"},\"primaryImageOfPage\":{\"@id\":\"https:\\\/\\\/socialgoodaccelerator.eu\\\/2025\\\/07\\\/06\\\/contribution-du-social-good-accelerator-a-la-strategie-nationale-de-less-juillet-2025\\\/#primaryimage\"},\"image\":{\"@id\":\"https:\\\/\\\/socialgoodaccelerator.eu\\\/2025\\\/07\\\/06\\\/contribution-du-social-good-accelerator-a-la-strategie-nationale-de-less-juillet-2025\\\/#primaryimage\"},\"thumbnailUrl\":\"https:\\\/\\\/i0.wp.com\\\/socialgoodaccelerator.eu\\\/wp-content\\\/uploads\\\/2026\\\/03\\\/1752052849349.png?fit=1812%2C1019&ssl=1\",\"datePublished\":\"2025-07-06T13:40:49+00:00\",\"dateModified\":\"2026-03-06T14:49:31+00:00\",\"description\":\"Dans le cadre des travaux li\u00e9s \u00e0 la Strat\u00e9gie nationale de l\u2019ESS, le Social Good Accelerator a formul\u00e9 une contribution visant \u00e0 int\u00e9grer pleinement les enjeux du num\u00e9rique dans les orientations publiques.\",\"breadcrumb\":{\"@id\":\"https:\\\/\\\/socialgoodaccelerator.eu\\\/2025\\\/07\\\/06\\\/contribution-du-social-good-accelerator-a-la-strategie-nationale-de-less-juillet-2025\\\/#breadcrumb\"},\"inLanguage\":\"fr-FR\",\"potentialAction\":[{\"@type\":\"ReadAction\",\"target\":[\"https:\\\/\\\/socialgoodaccelerator.eu\\\/2025\\\/07\\\/06\\\/contribution-du-social-good-accelerator-a-la-strategie-nationale-de-less-juillet-2025\\\/\"]}]},{\"@type\":\"ImageObject\",\"inLanguage\":\"fr-FR\",\"@id\":\"https:\\\/\\\/socialgoodaccelerator.eu\\\/2025\\\/07\\\/06\\\/contribution-du-social-good-accelerator-a-la-strategie-nationale-de-less-juillet-2025\\\/#primaryimage\",\"url\":\"https:\\\/\\\/i0.wp.com\\\/socialgoodaccelerator.eu\\\/wp-content\\\/uploads\\\/2026\\\/03\\\/1752052849349.png?fit=1812%2C1019&ssl=1\",\"contentUrl\":\"https:\\\/\\\/i0.wp.com\\\/socialgoodaccelerator.eu\\\/wp-content\\\/uploads\\\/2026\\\/03\\\/1752052849349.png?fit=1812%2C1019&ssl=1\",\"width\":1812,\"height\":1019},{\"@type\":\"BreadcrumbList\",\"@id\":\"https:\\\/\\\/socialgoodaccelerator.eu\\\/2025\\\/07\\\/06\\\/contribution-du-social-good-accelerator-a-la-strategie-nationale-de-less-juillet-2025\\\/#breadcrumb\",\"itemListElement\":[{\"@type\":\"ListItem\",\"position\":1,\"name\":\"Accueil\",\"item\":\"https:\\\/\\\/socialgoodaccelerator.eu\\\/\"},{\"@type\":\"ListItem\",\"position\":2,\"name\":\"Contribution du Social Good Accelerator \u00e0 la Strat\u00e9gie nationale de l\u2019ESS (juillet 2025)\"}]},{\"@type\":\"WebSite\",\"@id\":\"https:\\\/\\\/socialgoodaccelerator.eu\\\/#website\",\"url\":\"https:\\\/\\\/socialgoodaccelerator.eu\\\/\",\"name\":\"Social Good Accelerator\",\"description\":\"Acc\u00e9l\u00e9rer l&#039;ESS num\u00e9rique\",\"publisher\":{\"@id\":\"https:\\\/\\\/socialgoodaccelerator.eu\\\/#organization\"},\"alternateName\":\"SOGA\",\"potentialAction\":[{\"@type\":\"SearchAction\",\"target\":{\"@type\":\"EntryPoint\",\"urlTemplate\":\"https:\\\/\\\/socialgoodaccelerator.eu\\\/?s={search_term_string}\"},\"query-input\":{\"@type\":\"PropertyValueSpecification\",\"valueRequired\":true,\"valueName\":\"search_term_string\"}}],\"inLanguage\":\"fr-FR\"},{\"@type\":\"Organization\",\"@id\":\"https:\\\/\\\/socialgoodaccelerator.eu\\\/#organization\",\"name\":\"Social Good Accelerator\",\"alternateName\":\"SOGA\",\"url\":\"https:\\\/\\\/socialgoodaccelerator.eu\\\/\",\"logo\":{\"@type\":\"ImageObject\",\"inLanguage\":\"fr-FR\",\"@id\":\"https:\\\/\\\/socialgoodaccelerator.eu\\\/#\\\/schema\\\/logo\\\/image\\\/\",\"url\":\"https:\\\/\\\/i0.wp.com\\\/socialgoodaccelerator.eu\\\/wp-content\\\/uploads\\\/2023\\\/10\\\/cropped-LOGO-SOGA-V-FR.png?fit=512%2C512&ssl=1\",\"contentUrl\":\"https:\\\/\\\/i0.wp.com\\\/socialgoodaccelerator.eu\\\/wp-content\\\/uploads\\\/2023\\\/10\\\/cropped-LOGO-SOGA-V-FR.png?fit=512%2C512&ssl=1\",\"width\":512,\"height\":512,\"caption\":\"Social Good Accelerator\"},\"image\":{\"@id\":\"https:\\\/\\\/socialgoodaccelerator.eu\\\/#\\\/schema\\\/logo\\\/image\\\/\"},\"sameAs\":[\"https:\\\/\\\/www.facebook.com\\\/SocialGoodAccel.EU\\\/\",\"https:\\\/\\\/www.youtube.com\\\/@socialgoodaccelerator772\",\"https:\\\/\\\/www.youtube.com\\\/@SocialTechAcademy-eg6hp\"]},{\"@type\":\"Person\",\"@id\":\"https:\\\/\\\/socialgoodaccelerator.eu\\\/#\\\/schema\\\/person\\\/0320622db91fd4a2ddef724cbdee0c3e\",\"name\":\"sogaccelerator\",\"image\":{\"@type\":\"ImageObject\",\"inLanguage\":\"fr-FR\",\"@id\":\"https:\\\/\\\/secure.gravatar.com\\\/avatar\\\/99aef05386587650bb056a1275ce2e339bfe398930f37eb7262163da89aad453?s=96&d=mm&r=g\",\"url\":\"https:\\\/\\\/secure.gravatar.com\\\/avatar\\\/99aef05386587650bb056a1275ce2e339bfe398930f37eb7262163da89aad453?s=96&d=mm&r=g\",\"contentUrl\":\"https:\\\/\\\/secure.gravatar.com\\\/avatar\\\/99aef05386587650bb056a1275ce2e339bfe398930f37eb7262163da89aad453?s=96&d=mm&r=g\",\"caption\":\"sogaccelerator\"}}]}<\/script>\n<!-- \/ Yoast SEO plugin. -->","yoast_head_json":{"title":"Contribution du Social Good Accelerator \u00e0 la Strat\u00e9gie nationale de l\u2019ESS (juillet 2025) - SOGA","description":"Dans le cadre des travaux li\u00e9s \u00e0 la Strat\u00e9gie nationale de l\u2019ESS, le Social Good Accelerator a formul\u00e9 une contribution visant \u00e0 int\u00e9grer pleinement les enjeux du num\u00e9rique dans les orientations publiques.","robots":{"index":"index","follow":"follow","max-snippet":"max-snippet:-1","max-image-preview":"max-image-preview:large","max-video-preview":"max-video-preview:-1"},"canonical":"https:\/\/socialgoodaccelerator.eu\/fr\/2025\/07\/06\/contribution-du-social-good-accelerator-a-la-strategie-nationale-de-less-juillet-2025\/","og_locale":"fr_FR","og_type":"article","og_title":"Contribution du Social Good Accelerator \u00e0 la Strat\u00e9gie nationale de l\u2019ESS (juillet 2025) - SOGA","og_description":"Dans le cadre des travaux li\u00e9s \u00e0 la Strat\u00e9gie nationale de l\u2019ESS, le Social Good Accelerator a formul\u00e9 une contribution visant \u00e0 int\u00e9grer pleinement les enjeux du num\u00e9rique dans les orientations publiques.","og_url":"https:\/\/socialgoodaccelerator.eu\/fr\/2025\/07\/06\/contribution-du-social-good-accelerator-a-la-strategie-nationale-de-less-juillet-2025\/","og_site_name":"SOGA","article_publisher":"https:\/\/www.facebook.com\/SocialGoodAccel.EU\/","article_published_time":"2025-07-06T13:40:49+00:00","article_modified_time":"2026-03-06T14:49:31+00:00","og_image":[{"width":1812,"height":1019,"url":"http:\/\/socialgoodaccelerator.eu\/wp-content\/uploads\/2026\/03\/1752052849349.png","type":"image\/png"}],"author":"sogaccelerator","twitter_card":"summary_large_image","twitter_misc":{"\u00c9crit par":"sogaccelerator","Dur\u00e9e de lecture estim\u00e9e":"2 minutes"},"schema":{"@context":"https:\/\/schema.org","@graph":[{"@type":"Article","@id":"https:\/\/socialgoodaccelerator.eu\/2025\/07\/06\/contribution-du-social-good-accelerator-a-la-strategie-nationale-de-less-juillet-2025\/#article","isPartOf":{"@id":"https:\/\/socialgoodaccelerator.eu\/2025\/07\/06\/contribution-du-social-good-accelerator-a-la-strategie-nationale-de-less-juillet-2025\/"},"author":{"name":"sogaccelerator","@id":"https:\/\/socialgoodaccelerator.eu\/#\/schema\/person\/0320622db91fd4a2ddef724cbdee0c3e"},"headline":"Contribution du Social Good Accelerator \u00e0 la Strat\u00e9gie nationale de l\u2019ESS (juillet 2025)","datePublished":"2025-07-06T13:40:49+00:00","dateModified":"2026-03-06T14:49:31+00:00","mainEntityOfPage":{"@id":"https:\/\/socialgoodaccelerator.eu\/2025\/07\/06\/contribution-du-social-good-accelerator-a-la-strategie-nationale-de-less-juillet-2025\/"},"wordCount":800,"publisher":{"@id":"https:\/\/socialgoodaccelerator.eu\/#organization"},"image":{"@id":"https:\/\/socialgoodaccelerator.eu\/2025\/07\/06\/contribution-du-social-good-accelerator-a-la-strategie-nationale-de-less-juillet-2025\/#primaryimage"},"thumbnailUrl":"https:\/\/i0.wp.com\/socialgoodaccelerator.eu\/wp-content\/uploads\/2026\/03\/1752052849349.png?fit=1812%2C1019&ssl=1","articleSection":["Contributions institutionnelles"],"inLanguage":"fr-FR"},{"@type":"WebPage","@id":"https:\/\/socialgoodaccelerator.eu\/2025\/07\/06\/contribution-du-social-good-accelerator-a-la-strategie-nationale-de-less-juillet-2025\/","url":"https:\/\/socialgoodaccelerator.eu\/2025\/07\/06\/contribution-du-social-good-accelerator-a-la-strategie-nationale-de-less-juillet-2025\/","name":"Contribution du Social Good Accelerator \u00e0 la Strat\u00e9gie nationale de l\u2019ESS (juillet 2025) - SOGA","isPartOf":{"@id":"https:\/\/socialgoodaccelerator.eu\/#website"},"primaryImageOfPage":{"@id":"https:\/\/socialgoodaccelerator.eu\/2025\/07\/06\/contribution-du-social-good-accelerator-a-la-strategie-nationale-de-less-juillet-2025\/#primaryimage"},"image":{"@id":"https:\/\/socialgoodaccelerator.eu\/2025\/07\/06\/contribution-du-social-good-accelerator-a-la-strategie-nationale-de-less-juillet-2025\/#primaryimage"},"thumbnailUrl":"https:\/\/i0.wp.com\/socialgoodaccelerator.eu\/wp-content\/uploads\/2026\/03\/1752052849349.png?fit=1812%2C1019&ssl=1","datePublished":"2025-07-06T13:40:49+00:00","dateModified":"2026-03-06T14:49:31+00:00","description":"Dans le cadre des travaux li\u00e9s \u00e0 la Strat\u00e9gie nationale de l\u2019ESS, le Social Good Accelerator a formul\u00e9 une contribution visant \u00e0 int\u00e9grer pleinement les enjeux du num\u00e9rique dans les orientations publiques.","breadcrumb":{"@id":"https:\/\/socialgoodaccelerator.eu\/2025\/07\/06\/contribution-du-social-good-accelerator-a-la-strategie-nationale-de-less-juillet-2025\/#breadcrumb"},"inLanguage":"fr-FR","potentialAction":[{"@type":"ReadAction","target":["https:\/\/socialgoodaccelerator.eu\/2025\/07\/06\/contribution-du-social-good-accelerator-a-la-strategie-nationale-de-less-juillet-2025\/"]}]},{"@type":"ImageObject","inLanguage":"fr-FR","@id":"https:\/\/socialgoodaccelerator.eu\/2025\/07\/06\/contribution-du-social-good-accelerator-a-la-strategie-nationale-de-less-juillet-2025\/#primaryimage","url":"https:\/\/i0.wp.com\/socialgoodaccelerator.eu\/wp-content\/uploads\/2026\/03\/1752052849349.png?fit=1812%2C1019&ssl=1","contentUrl":"https:\/\/i0.wp.com\/socialgoodaccelerator.eu\/wp-content\/uploads\/2026\/03\/1752052849349.png?fit=1812%2C1019&ssl=1","width":1812,"height":1019},{"@type":"BreadcrumbList","@id":"https:\/\/socialgoodaccelerator.eu\/2025\/07\/06\/contribution-du-social-good-accelerator-a-la-strategie-nationale-de-less-juillet-2025\/#breadcrumb","itemListElement":[{"@type":"ListItem","position":1,"name":"Accueil","item":"https:\/\/socialgoodaccelerator.eu\/"},{"@type":"ListItem","position":2,"name":"Contribution du Social Good Accelerator \u00e0 la Strat\u00e9gie nationale de l\u2019ESS (juillet 2025)"}]},{"@type":"WebSite","@id":"https:\/\/socialgoodaccelerator.eu\/#website","url":"https:\/\/socialgoodaccelerator.eu\/","name":"Social Good Accelerator","description":"Acc\u00e9l\u00e9rer l&#039;ESS num\u00e9rique","publisher":{"@id":"https:\/\/socialgoodaccelerator.eu\/#organization"},"alternateName":"SOGA","potentialAction":[{"@type":"SearchAction","target":{"@type":"EntryPoint","urlTemplate":"https:\/\/socialgoodaccelerator.eu\/?s={search_term_string}"},"query-input":{"@type":"PropertyValueSpecification","valueRequired":true,"valueName":"search_term_string"}}],"inLanguage":"fr-FR"},{"@type":"Organization","@id":"https:\/\/socialgoodaccelerator.eu\/#organization","name":"Social Good Accelerator","alternateName":"SOGA","url":"https:\/\/socialgoodaccelerator.eu\/","logo":{"@type":"ImageObject","inLanguage":"fr-FR","@id":"https:\/\/socialgoodaccelerator.eu\/#\/schema\/logo\/image\/","url":"https:\/\/i0.wp.com\/socialgoodaccelerator.eu\/wp-content\/uploads\/2023\/10\/cropped-LOGO-SOGA-V-FR.png?fit=512%2C512&ssl=1","contentUrl":"https:\/\/i0.wp.com\/socialgoodaccelerator.eu\/wp-content\/uploads\/2023\/10\/cropped-LOGO-SOGA-V-FR.png?fit=512%2C512&ssl=1","width":512,"height":512,"caption":"Social Good Accelerator"},"image":{"@id":"https:\/\/socialgoodaccelerator.eu\/#\/schema\/logo\/image\/"},"sameAs":["https:\/\/www.facebook.com\/SocialGoodAccel.EU\/","https:\/\/www.youtube.com\/@socialgoodaccelerator772","https:\/\/www.youtube.com\/@SocialTechAcademy-eg6hp"]},{"@type":"Person","@id":"https:\/\/socialgoodaccelerator.eu\/#\/schema\/person\/0320622db91fd4a2ddef724cbdee0c3e","name":"sogaccelerator","image":{"@type":"ImageObject","inLanguage":"fr-FR","@id":"https:\/\/secure.gravatar.com\/avatar\/99aef05386587650bb056a1275ce2e339bfe398930f37eb7262163da89aad453?s=96&d=mm&r=g","url":"https:\/\/secure.gravatar.com\/avatar\/99aef05386587650bb056a1275ce2e339bfe398930f37eb7262163da89aad453?s=96&d=mm&r=g","contentUrl":"https:\/\/secure.gravatar.com\/avatar\/99aef05386587650bb056a1275ce2e339bfe398930f37eb7262163da89aad453?s=96&d=mm&r=g","caption":"sogaccelerator"}}]}},"jetpack_featured_media_url":"https:\/\/i0.wp.com\/socialgoodaccelerator.eu\/wp-content\/uploads\/2026\/03\/1752052849349.png?fit=1812%2C1019&ssl=1","jetpack_likes_enabled":true,"jetpack-related-posts":[{"id":57863,"url":"https:\/\/socialgoodaccelerator.eu\/fr\/2026\/04\/23\/lasuite-coop\/","url_meta":{"origin":57219,"position":0},"title":"LaSuite.coop : l\u2019alternative num\u00e9rique coop\u00e9rative, libre et h\u00e9berg\u00e9e en Europe dont l\u2019ESS avait besoin","author":"sogaccelerator","date":"23 avril 2026","format":"gallery","excerpt":"","rel":"","context":"Dans &quot;Actualit\u00e9s de SOGA&quot;","block_context":{"text":"Actualit\u00e9s de SOGA","link":"https:\/\/socialgoodaccelerator.eu\/fr\/category\/actualites-de-soga\/"},"img":{"alt_text":"LaSuite.coop","src":"https:\/\/i0.wp.com\/socialgoodaccelerator.eu\/wp-content\/uploads\/2026\/04\/Design-sans-titre-2-1-1.png?fit=1200%2C627&ssl=1&resize=350%2C200","width":350,"height":200,"srcset":"https:\/\/i0.wp.com\/socialgoodaccelerator.eu\/wp-content\/uploads\/2026\/04\/Design-sans-titre-2-1-1.png?fit=1200%2C627&ssl=1&resize=350%2C200 1x, https:\/\/i0.wp.com\/socialgoodaccelerator.eu\/wp-content\/uploads\/2026\/04\/Design-sans-titre-2-1-1.png?fit=1200%2C627&ssl=1&resize=525%2C300 1.5x, https:\/\/i0.wp.com\/socialgoodaccelerator.eu\/wp-content\/uploads\/2026\/04\/Design-sans-titre-2-1-1.png?fit=1200%2C627&ssl=1&resize=700%2C400 2x, https:\/\/i0.wp.com\/socialgoodaccelerator.eu\/wp-content\/uploads\/2026\/04\/Design-sans-titre-2-1-1.png?fit=1200%2C627&ssl=1&resize=1050%2C600 3x"},"classes":[]},{"id":51172,"url":"https:\/\/socialgoodaccelerator.eu\/fr\/2022\/07\/13\/analysis-of-the-report-on-the-digital-commons\/","url_meta":{"origin":57219,"position":1},"title":"Analyse du rapport sur les communs num\u00e9riques","author":"sogaccelerator","date":"13 juillet 2022","format":false,"excerpt":"Let's analyse some of the ideas and proposals of the report on the digital commons and Europe's sovereignty (June 2022).","rel":"","context":"Dans &quot;Communs &amp; plaidoyer&quot;","block_context":{"text":"Communs &amp; plaidoyer","link":"https:\/\/socialgoodaccelerator.eu\/fr\/category\/communs-et-plaidoyer\/"},"img":{"alt_text":"","src":"https:\/\/i0.wp.com\/socialgoodaccelerator.eu\/wp-content\/uploads\/2022\/07\/Image-aggrandie-Visuel-article-communs-numeriques-Publication-LinkedIn-e1657876948843.png?fit=1200%2C1200&ssl=1&resize=350%2C200","width":350,"height":200,"srcset":"https:\/\/i0.wp.com\/socialgoodaccelerator.eu\/wp-content\/uploads\/2022\/07\/Image-aggrandie-Visuel-article-communs-numeriques-Publication-LinkedIn-e1657876948843.png?fit=1200%2C1200&ssl=1&resize=350%2C200 1x, https:\/\/i0.wp.com\/socialgoodaccelerator.eu\/wp-content\/uploads\/2022\/07\/Image-aggrandie-Visuel-article-communs-numeriques-Publication-LinkedIn-e1657876948843.png?fit=1200%2C1200&ssl=1&resize=525%2C300 1.5x, https:\/\/i0.wp.com\/socialgoodaccelerator.eu\/wp-content\/uploads\/2022\/07\/Image-aggrandie-Visuel-article-communs-numeriques-Publication-LinkedIn-e1657876948843.png?fit=1200%2C1200&ssl=1&resize=700%2C400 2x, https:\/\/i0.wp.com\/socialgoodaccelerator.eu\/wp-content\/uploads\/2022\/07\/Image-aggrandie-Visuel-article-communs-numeriques-Publication-LinkedIn-e1657876948843.png?fit=1200%2C1200&ssl=1&resize=1050%2C600 3x"},"classes":[]},{"id":50330,"url":"https:\/\/socialgoodaccelerator.eu\/fr\/2022\/01\/31\/the-social-good-accelerator-joins-the-pact-for-skills\/","url_meta":{"origin":57219,"position":2},"title":"Le Social Good Accelerator rejoint le pacte pour les comp\u00e9tences !","author":"sogaccelerator","date":"31 janvier 2022","format":false,"excerpt":"At the end of 2020, European Commissioners Breton and Schmit made public the core of the EU's skills strategy, the Pact for Skills. They called on all European organisations involved in the upskilling of individuals to meet the EU's skills needs.","rel":"","context":"Dans &quot;Actualit\u00e9s de SOGA&quot;","block_context":{"text":"Actualit\u00e9s de SOGA","link":"https:\/\/socialgoodaccelerator.eu\/fr\/category\/actualites-de-soga\/"},"img":{"alt_text":"Pact for Skills","src":"https:\/\/i0.wp.com\/socialgoodaccelerator.eu\/wp-content\/uploads\/2022\/01\/Screenshot-2020-02-18-10.45.45.png?fit=1023%2C572&ssl=1&resize=350%2C200","width":350,"height":200,"srcset":"https:\/\/i0.wp.com\/socialgoodaccelerator.eu\/wp-content\/uploads\/2022\/01\/Screenshot-2020-02-18-10.45.45.png?fit=1023%2C572&ssl=1&resize=350%2C200 1x, https:\/\/i0.wp.com\/socialgoodaccelerator.eu\/wp-content\/uploads\/2022\/01\/Screenshot-2020-02-18-10.45.45.png?fit=1023%2C572&ssl=1&resize=525%2C300 1.5x, https:\/\/i0.wp.com\/socialgoodaccelerator.eu\/wp-content\/uploads\/2022\/01\/Screenshot-2020-02-18-10.45.45.png?fit=1023%2C572&ssl=1&resize=700%2C400 2x"},"classes":[]},{"id":50484,"url":"https:\/\/socialgoodaccelerator.eu\/fr\/2022\/03\/25\/la-mednum-a-singular-structure-for-digital-inclusion\/","url_meta":{"origin":57219,"position":3},"title":"La Mednum, \u00ab une structure singuli\u00e8re \u00bb pour l\u2019inclusion num\u00e9rique","author":"sogaccelerator","date":"25 mars 2022","format":false,"excerpt":"Le 15 mars 2022, Guilhem Pradali\u00e9, Directeur G\u00e9n\u00e9ral de la MedNum, membre du Social good accelerator, nous a accord\u00e9 un entretien au cours duquel il revient sur ce qu'est la MedNum, quels sont ses projets, d\u00e9fis et son r\u00f4le au sein du SOGA.","rel":"","context":"Dans &quot;Communs &amp; plaidoyer&quot;","block_context":{"text":"Communs &amp; plaidoyer","link":"https:\/\/socialgoodaccelerator.eu\/fr\/category\/communs-et-plaidoyer\/"},"img":{"alt_text":"","src":"https:\/\/i0.wp.com\/socialgoodaccelerator.eu\/wp-content\/uploads\/2022\/03\/Capture-de%CC%81cran-2022-04-20-a%CC%80-11.38.38.png?fit=495%2C361&ssl=1&resize=350%2C200","width":350,"height":200},"classes":[]},{"id":53114,"url":"https:\/\/socialgoodaccelerator.eu\/fr\/2023\/07\/07\/rapport-activite-2022\/","url_meta":{"origin":57219,"position":4},"title":"Rapport d&#8217;activit\u00e9 2022","author":"sogaccelerator","date":"7 juillet 2023","format":false,"excerpt":"Plongez dans notre rapport d'activit\u00e9s 2022 pour d\u00e9couvrir nos r\u00e9alisations pour acc\u00e9l\u00e9rer la transition num\u00e9rique des organisations de l'\u00e9conomie sociale et la construction d'un mod\u00e8le num\u00e9rique social et inclusif \u00e0 l'\u00e9chelle europ\u00e9enne.","rel":"","context":"Dans &quot;Rapport d'activit\u00e9&quot;","block_context":{"text":"Rapport d'activit\u00e9","link":"https:\/\/socialgoodaccelerator.eu\/fr\/category\/rapport-d-activite\/"},"img":{"alt_text":"Rapport d'activit\u00e9 2022","src":"https:\/\/i0.wp.com\/socialgoodaccelerator.eu\/wp-content\/uploads\/2025\/08\/Titre-2.png?fit=1200%2C675&ssl=1&resize=350%2C200","width":350,"height":200,"srcset":"https:\/\/i0.wp.com\/socialgoodaccelerator.eu\/wp-content\/uploads\/2025\/08\/Titre-2.png?fit=1200%2C675&ssl=1&resize=350%2C200 1x, https:\/\/i0.wp.com\/socialgoodaccelerator.eu\/wp-content\/uploads\/2025\/08\/Titre-2.png?fit=1200%2C675&ssl=1&resize=525%2C300 1.5x, https:\/\/i0.wp.com\/socialgoodaccelerator.eu\/wp-content\/uploads\/2025\/08\/Titre-2.png?fit=1200%2C675&ssl=1&resize=700%2C400 2x, https:\/\/i0.wp.com\/socialgoodaccelerator.eu\/wp-content\/uploads\/2025\/08\/Titre-2.png?fit=1200%2C675&ssl=1&resize=1050%2C600 3x"},"classes":[]},{"id":50186,"url":"https:\/\/socialgoodaccelerator.eu\/fr\/2021\/11\/30\/social-tech-atlas-why-a-single-map-for-a-thousand-social-organisations\/","url_meta":{"origin":57219,"position":5},"title":"Social Tech Atlas : pourquoi une seule et m\u00eame carte pour 1000 organisations de l'ESS ?","author":"sogaccelerator","date":"30 novembre 2021","format":false,"excerpt":"Until now, there was no European database gathering both organisations supporting social economy stakeholders in their digital transition and those offering alternative digital tools and services. This is now done with the Social Tech Atlas...","rel":"","context":"Dans &quot;Communs &amp; plaidoyer&quot;","block_context":{"text":"Communs &amp; plaidoyer","link":"https:\/\/socialgoodaccelerator.eu\/fr\/category\/communs-et-plaidoyer\/"},"img":{"alt_text":"Screenshot Social Tech Atlas","src":"https:\/\/i0.wp.com\/socialgoodaccelerator.eu\/wp-content\/uploads\/2021\/11\/Capture-de%CC%81cran-2021-11-30-a%CC%80-12.32.33.png?fit=694%2C560&ssl=1&resize=350%2C200","width":350,"height":200,"srcset":"https:\/\/i0.wp.com\/socialgoodaccelerator.eu\/wp-content\/uploads\/2021\/11\/Capture-de%CC%81cran-2021-11-30-a%CC%80-12.32.33.png?fit=694%2C560&ssl=1&resize=350%2C200 1x, https:\/\/i0.wp.com\/socialgoodaccelerator.eu\/wp-content\/uploads\/2021\/11\/Capture-de%CC%81cran-2021-11-30-a%CC%80-12.32.33.png?fit=694%2C560&ssl=1&resize=525%2C300 1.5x"},"classes":[]}],"jetpack_sharing_enabled":true,"jetpack_shortlink":"https:\/\/wp.me\/p9J6Qk-eST","_links":{"self":[{"href":"https:\/\/socialgoodaccelerator.eu\/fr\/wp-json\/wp\/v2\/posts\/57219","targetHints":{"allow":["GET"]}}],"collection":[{"href":"https:\/\/socialgoodaccelerator.eu\/fr\/wp-json\/wp\/v2\/posts"}],"about":[{"href":"https:\/\/socialgoodaccelerator.eu\/fr\/wp-json\/wp\/v2\/types\/post"}],"author":[{"embeddable":true,"href":"https:\/\/socialgoodaccelerator.eu\/fr\/wp-json\/wp\/v2\/users\/1"}],"replies":[{"embeddable":true,"href":"https:\/\/socialgoodaccelerator.eu\/fr\/wp-json\/wp\/v2\/comments?post=57219"}],"version-history":[{"count":4,"href":"https:\/\/socialgoodaccelerator.eu\/fr\/wp-json\/wp\/v2\/posts\/57219\/revisions"}],"predecessor-version":[{"id":57342,"href":"https:\/\/socialgoodaccelerator.eu\/fr\/wp-json\/wp\/v2\/posts\/57219\/revisions\/57342"}],"wp:featuredmedia":[{"embeddable":true,"href":"https:\/\/socialgoodaccelerator.eu\/fr\/wp-json\/wp\/v2\/media\/57296"}],"wp:attachment":[{"href":"https:\/\/socialgoodaccelerator.eu\/fr\/wp-json\/wp\/v2\/media?parent=57219"}],"wp:term":[{"taxonomy":"category","embeddable":true,"href":"https:\/\/socialgoodaccelerator.eu\/fr\/wp-json\/wp\/v2\/categories?post=57219"},{"taxonomy":"post_tag","embeddable":true,"href":"https:\/\/socialgoodaccelerator.eu\/fr\/wp-json\/wp\/v2\/tags?post=57219"}],"curies":[{"name":"wp","href":"https:\/\/api.w.org\/{rel}","templated":true}]}}