{"id":56988,"date":"2024-06-19T10:43:48","date_gmt":"2024-06-19T08:43:48","guid":{"rendered":"https:\/\/socialgoodaccelerator.eu\/?p=56988"},"modified":"2026-03-04T11:13:47","modified_gmt":"2026-03-04T10:13:47","slug":"dossier-europe-transition-numerique-et-economie-sociale","status":"publish","type":"post","link":"https:\/\/socialgoodaccelerator.eu\/fr\/2024\/06\/19\/dossier-europe-transition-numerique-et-economie-sociale\/","title":{"rendered":"Dossier Europe \u2013 Transition num\u00e9rique et \u00e9conomie sociale"},"content":{"rendered":"[et_pb_section fb_built=&#8221;1&#8243; admin_label=&#8221;section&#8221; _builder_version=&#8221;4.16&#8243; da_disable_devices=&#8221;off|off|off&#8221; global_colors_info=&#8221;{}&#8221; da_is_popup=&#8221;off&#8221; da_exit_intent=&#8221;off&#8221; da_has_close=&#8221;on&#8221; da_alt_close=&#8221;off&#8221; da_dark_close=&#8221;off&#8221; da_not_modal=&#8221;on&#8221; da_is_singular=&#8221;off&#8221; da_with_loader=&#8221;off&#8221; da_has_shadow=&#8221;on&#8221;][et_pb_row admin_label=&#8221;row&#8221; _builder_version=&#8221;4.16&#8243; background_size=&#8221;initial&#8221; background_position=&#8221;top_left&#8221; background_repeat=&#8221;repeat&#8221; global_colors_info=&#8221;{}&#8221;][et_pb_column type=&#8221;4_4&#8243; _builder_version=&#8221;4.16&#8243; custom_padding=&#8221;|||&#8221; global_colors_info=&#8221;{}&#8221; custom_padding__hover=&#8221;|||&#8221;][et_pb_heading title=&#8221;Dossier Europe \u2013 Transition num\u00e9rique et \u00e9conomie sociale&#8221; _builder_version=&#8221;4.27.5&#8243; _module_preset=&#8221;default&#8221; title_text_align=&#8221;justify&#8221; title_line_height=&#8221;1.5em&#8221; hover_enabled=&#8221;0&#8243; global_colors_info=&#8221;{}&#8221; sticky_enabled=&#8221;0&#8243;][\/et_pb_heading][et_pb_heading title=&#8221;Situer les enjeux num\u00e9riques de l\u2019ESS dans les priorit\u00e9s europ\u00e9ennes&#8221; _builder_version=&#8221;4.27.5&#8243; _module_preset=&#8221;default&#8221; title_level=&#8221;h2&#8243; title_font=&#8221;||on||||||&#8221; title_text_color=&#8221;#FBA100&#8243; hover_enabled=&#8221;0&#8243; global_colors_info=&#8221;{}&#8221; sticky_enabled=&#8221;0&#8243;][\/et_pb_heading][et_pb_text _builder_version=&#8221;4.27.5&#8243; _module_preset=&#8221;default&#8221; text_text_color=&#8221;gcid-body-color&#8221; hover_enabled=&#8221;0&#8243; global_colors_info=&#8221;{%22gcid-body-color%22:%91%22text_text_color%22%93}&#8221; sticky_enabled=&#8221;0&#8243;]<p data-start=\"368\" data-end=\"561\">Publi\u00e9 par <em data-start=\"379\" data-end=\"404\">Le Mouvement associatif<\/em>, ce dossier consacr\u00e9 aux enjeux europ\u00e9ens analyse les dynamiques actuelles qui structurent l\u2019environnement politique et r\u00e9glementaire de l\u2019\u00e9conomie sociale.<\/p>\n<p data-start=\"563\" data-end=\"726\">Il met en perspective les transformations num\u00e9riques, les politiques europ\u00e9ennes et les d\u00e9fis auxquels les organisations associatives et de l\u2019ESS sont confront\u00e9es.<\/p>[\/et_pb_text][et_pb_heading title=&#8221;Ce que le dossier met en lumi\u00e8re&#8221; _builder_version=&#8221;4.27.5&#8243; _module_preset=&#8221;default&#8221; title_level=&#8221;h3&#8243; title_font=&#8221;||||||||&#8221; title_text_color=&#8221;#004DA6&#8243; hover_enabled=&#8221;0&#8243; global_colors_info=&#8221;{}&#8221; sticky_enabled=&#8221;0&#8243;][\/et_pb_heading][et_pb_text _builder_version=&#8221;4.27.5&#8243; _module_preset=&#8221;default&#8221; text_text_color=&#8221;gcid-body-color&#8221; hover_enabled=&#8221;0&#8243; global_colors_info=&#8221;{%22gcid-body-color%22:%91%22text_text_color%22%93}&#8221; sticky_enabled=&#8221;0&#8243;]<p data-start=\"770\" data-end=\"802\">Le document souligne notamment :<\/p>\n<ul data-start=\"804\" data-end=\"1113\">\n<li data-start=\"804\" data-end=\"914\">\n<p data-start=\"806\" data-end=\"914\">le r\u00f4le croissant des politiques europ\u00e9ennes dans la structuration des mod\u00e8les \u00e9conomiques et num\u00e9riques ;<\/p>\n<\/li>\n<li data-start=\"915\" data-end=\"1005\">\n<p data-start=\"917\" data-end=\"1005\">l\u2019importance d\u2019une participation active des acteurs associatifs aux d\u00e9bats europ\u00e9ens ;<\/p>\n<\/li>\n<li data-start=\"1006\" data-end=\"1113\">\n<p data-start=\"1008\" data-end=\"1113\">la n\u00e9cessit\u00e9 d\u2019articuler transition num\u00e9rique, transition \u00e9cologique et renforcement de l\u2019espace civique.<\/p>\n<\/li>\n<\/ul>\n<p data-start=\"1115\" data-end=\"1251\">Il rappelle que les choix effectu\u00e9s \u00e0 l\u2019\u00e9chelle europ\u00e9enne ont des impacts directs sur les capacit\u00e9s d\u2019action des organisations locales.<\/p>[\/et_pb_text][et_pb_heading title=&#8221;Pourquoi cela concerne l\u2019\u00e9conomie sociale num\u00e9rique&#8221; _builder_version=&#8221;4.27.5&#8243; _module_preset=&#8221;default&#8221; title_level=&#8221;h3&#8243; title_font=&#8221;||||||||&#8221; title_text_color=&#8221;#004DA6&#8243; hover_enabled=&#8221;0&#8243; global_colors_info=&#8221;{}&#8221; sticky_enabled=&#8221;0&#8243;][\/et_pb_heading][et_pb_text _builder_version=&#8221;4.27.5&#8243; _module_preset=&#8221;default&#8221; text_text_color=&#8221;gcid-body-color&#8221; hover_enabled=&#8221;0&#8243; global_colors_info=&#8221;{%22gcid-body-color%22:%91%22text_text_color%22%93}&#8221; sticky_enabled=&#8221;0&#8243;]<p data-start=\"1314\" data-end=\"1428\">Pour le Social Good Accelerator, les enjeux num\u00e9riques ne peuvent \u00eatre pens\u00e9s ind\u00e9pendamment des cadres europ\u00e9ens.<\/p>\n<p data-start=\"1430\" data-end=\"1469\">Les strat\u00e9gies europ\u00e9ennes en mati\u00e8re :<\/p>\n<ul data-start=\"1471\" data-end=\"1568\">\n<li data-start=\"1471\" data-end=\"1501\">\n<p data-start=\"1473\" data-end=\"1501\">de souverainet\u00e9 num\u00e9rique,<\/p>\n<\/li>\n<li data-start=\"1502\" data-end=\"1536\">\n<p data-start=\"1504\" data-end=\"1536\">de r\u00e9gulation des plateformes,<\/p>\n<\/li>\n<li data-start=\"1537\" data-end=\"1568\">\n<p data-start=\"1539\" data-end=\"1568\">de gouvernance des donn\u00e9es,<\/p>\n<\/li>\n<\/ul>\n<p data-start=\"1570\" data-end=\"1628\">conditionnent les marges de man\u0153uvre des acteurs de l\u2019ESS.<\/p>\n<p data-start=\"1630\" data-end=\"1742\">Contribuer \u00e0 ces d\u00e9bats, les d\u00e9crypter et y porter une voix collective constitue un axe central du pilier VOICE.<\/p>\n<p>Consultez aussi : <a href=\"https:\/\/socialgoodaccelerator.eu\/fr\/2024\/12\/10\/nous-pouvons-resister-a-la-monetisation-des-donnees-personnelles\/\">Nous pouvons r\u00e9sister \u00e0 la mon\u00e9tisation des donn\u00e9es personnelles<\/a><\/p>[\/et_pb_text][et_pb_heading title=&#8221;\u00c0 retenir&#8221; _builder_version=&#8221;4.27.5&#8243; _module_preset=&#8221;default&#8221; title_level=&#8221;h3&#8243; title_font=&#8221;||||||||&#8221; title_text_color=&#8221;#004DA6&#8243; hover_enabled=&#8221;0&#8243; global_colors_info=&#8221;{}&#8221; sticky_enabled=&#8221;0&#8243;][\/et_pb_heading][et_pb_text _builder_version=&#8221;4.27.5&#8243; _module_preset=&#8221;default&#8221; text_text_color=&#8221;gcid-body-color&#8221; hover_enabled=&#8221;0&#8243; global_colors_info=&#8221;{%22gcid-body-color%22:%91%22text_text_color%22%93}&#8221; sticky_enabled=&#8221;0&#8243;]<ul>\n<li data-start=\"1763\" data-end=\"1853\">\n<p data-start=\"1765\" data-end=\"1853\">Les politiques europ\u00e9ennes structurent durablement l\u2019environnement num\u00e9rique de l\u2019ESS.<\/p>\n<\/li>\n<li data-start=\"1854\" data-end=\"1912\">\n<p data-start=\"1856\" data-end=\"1912\">La participation aux d\u00e9bats europ\u00e9ens est strat\u00e9gique.<\/p>\n<\/li>\n<li data-start=\"1913\" data-end=\"1983\">\n<p data-start=\"1915\" data-end=\"1983\">Le plaidoyer doit articuler num\u00e9rique, d\u00e9mocratie et espace civique.<\/p>\n<\/li>\n<\/ul>[\/et_pb_text][et_pb_button button_url=&#8221;https:\/\/lemouvementassociatif.org\/wp-content\/uploads\/2024\/06\/JA700_dossier_europe.pdf?utm_source=chatgpt.com&#8221; url_new_window=&#8221;on&#8221; button_text=&#8221;Je t\u00e9l\u00e9charge le dossier&#8221; button_alignment=&#8221;center&#8221; _builder_version=&#8221;4.27.5&#8243; _module_preset=&#8221;default&#8221; custom_button=&#8221;on&#8221; button_text_color=&#8221;#FFFFFF&#8221; button_bg_color=&#8221;#FBA100&#8243; button_border_color=&#8221;RGBA(255,255,255,0)&#8221; button_border_radius=&#8221;30px&#8221; background_layout=&#8221;dark&#8221; global_colors_info=&#8221;{}&#8221; button_bg_color__hover_enabled=&#8221;on|desktop&#8221; button_bg_color__hover=&#8221;#FBA100&#8243; button_bg_enable_color__hover=&#8221;on&#8221; button_border_color__hover_enabled=&#8221;on|hover&#8221; button_border_color__hover=&#8221;RGBA(255,255,255,0)&#8221; button_text_color__hover_enabled=&#8221;on|hover&#8221; button_text_color__hover=&#8221;#FFFFFF&#8221;][\/et_pb_button][\/et_pb_column][\/et_pb_row][\/et_pb_section]","protected":false},"excerpt":{"rendered":"<p>Le Social good accelerator est une t\u00eate de r\u00e9seau d\u2019associations franco-europ\u00e9ennes dont le but est de d\u00e9velopper l\u2019\u00e9conomie sociale et solidaire (ESS) num\u00e9rique en France et en Europe. Pour ce faire, il rapproche les acteurs de l\u2019ESS des acteurs de la tech afin de renforcer leurs comp\u00e9tences dans le domaine. <\/p>","protected":false},"author":1,"featured_media":56882,"comment_status":"closed","ping_status":"closed","sticky":false,"template":"","format":"standard","meta":{"_et_pb_use_builder":"on","_et_pb_old_content":"","_et_gb_content_width":"","jetpack_post_was_ever_published":false,"_jetpack_newsletter_access":"","_jetpack_dont_email_post_to_subs":false,"_jetpack_newsletter_tier_id":0,"_jetpack_memberships_contains_paywalled_content":false,"_jetpack_memberships_contains_paid_content":false,"footnotes":""},"categories":[417],"tags":[432],"class_list":["post-56988","post","type-post","status-publish","format-standard","has-post-thumbnail","hentry","category-tribunes-et-medias","tag-le-mouvement-associatif"],"yoast_head":"<!-- This site is optimized with the Yoast SEO plugin v27.4 - https:\/\/yoast.com\/product\/yoast-seo-wordpress\/ -->\n<title>Dossier Europe \u2013 Transition num\u00e9rique et \u00e9conomie sociale - SOGA<\/title>\n<meta name=\"description\" content=\"Dossier Europe \u2013 Transition num\u00e9rique et \u00e9conomie sociale\" \/>\n<meta name=\"robots\" content=\"index, follow, max-snippet:-1, max-image-preview:large, max-video-preview:-1\" \/>\n<link rel=\"canonical\" href=\"https:\/\/socialgoodaccelerator.eu\/fr\/2024\/06\/19\/dossier-europe-transition-numerique-et-economie-sociale\/\" \/>\n<meta property=\"og:locale\" content=\"fr_FR\" \/>\n<meta property=\"og:type\" content=\"article\" \/>\n<meta property=\"og:title\" content=\"Dossier Europe \u2013 Transition num\u00e9rique et \u00e9conomie sociale - SOGA\" \/>\n<meta property=\"og:description\" content=\"Dossier Europe \u2013 Transition num\u00e9rique et \u00e9conomie sociale\" \/>\n<meta property=\"og:url\" content=\"https:\/\/socialgoodaccelerator.eu\/fr\/2024\/06\/19\/dossier-europe-transition-numerique-et-economie-sociale\/\" \/>\n<meta property=\"og:site_name\" content=\"SOGA\" \/>\n<meta property=\"article:publisher\" content=\"https:\/\/www.facebook.com\/SocialGoodAccel.EU\/\" \/>\n<meta property=\"article:published_time\" content=\"2024-06-19T08:43:48+00:00\" \/>\n<meta property=\"article:modified_time\" content=\"2026-03-04T10:13:47+00:00\" \/>\n<meta property=\"og:image\" content=\"http:\/\/socialgoodaccelerator.eu\/wp-content\/uploads\/2026\/02\/SOGA-NEC-ESS-EUROPE-2023-PARIS-Wlad-Simitch-253-scaled.jpg\" \/>\n\t<meta property=\"og:image:width\" content=\"2560\" \/>\n\t<meta property=\"og:image:height\" content=\"1708\" \/>\n\t<meta property=\"og:image:type\" content=\"image\/jpeg\" \/>\n<meta name=\"author\" content=\"sogaccelerator\" \/>\n<meta name=\"twitter:card\" content=\"summary_large_image\" \/>\n<meta name=\"twitter:label1\" content=\"\u00c9crit par\" \/>\n\t<meta name=\"twitter:data1\" content=\"sogaccelerator\" \/>\n\t<meta name=\"twitter:label2\" content=\"Dur\u00e9e de lecture estim\u00e9e\" \/>\n\t<meta name=\"twitter:data2\" content=\"2 minutes\" \/>\n<script type=\"application\/ld+json\" class=\"yoast-schema-graph\">{\"@context\":\"https:\\\/\\\/schema.org\",\"@graph\":[{\"@type\":\"Article\",\"@id\":\"https:\\\/\\\/socialgoodaccelerator.eu\\\/2024\\\/06\\\/19\\\/dossier-europe-transition-numerique-et-economie-sociale\\\/#article\",\"isPartOf\":{\"@id\":\"https:\\\/\\\/socialgoodaccelerator.eu\\\/2024\\\/06\\\/19\\\/dossier-europe-transition-numerique-et-economie-sociale\\\/\"},\"author\":{\"name\":\"sogaccelerator\",\"@id\":\"https:\\\/\\\/socialgoodaccelerator.eu\\\/#\\\/schema\\\/person\\\/0320622db91fd4a2ddef724cbdee0c3e\"},\"headline\":\"Dossier Europe \u2013 Transition num\u00e9rique et \u00e9conomie sociale\",\"datePublished\":\"2024-06-19T08:43:48+00:00\",\"dateModified\":\"2026-03-04T10:13:47+00:00\",\"mainEntityOfPage\":{\"@id\":\"https:\\\/\\\/socialgoodaccelerator.eu\\\/2024\\\/06\\\/19\\\/dossier-europe-transition-numerique-et-economie-sociale\\\/\"},\"wordCount\":749,\"publisher\":{\"@id\":\"https:\\\/\\\/socialgoodaccelerator.eu\\\/#organization\"},\"image\":{\"@id\":\"https:\\\/\\\/socialgoodaccelerator.eu\\\/2024\\\/06\\\/19\\\/dossier-europe-transition-numerique-et-economie-sociale\\\/#primaryimage\"},\"thumbnailUrl\":\"https:\\\/\\\/i0.wp.com\\\/socialgoodaccelerator.eu\\\/wp-content\\\/uploads\\\/2026\\\/02\\\/SOGA-NEC-ESS-EUROPE-2023-PARIS-Wlad-Simitch-253-scaled.jpg?fit=2560%2C1708&ssl=1\",\"keywords\":[\"Le Mouvement Associatif\"],\"articleSection\":[\"Tribunes &amp; m\u00e9dias\"],\"inLanguage\":\"fr-FR\"},{\"@type\":\"WebPage\",\"@id\":\"https:\\\/\\\/socialgoodaccelerator.eu\\\/2024\\\/06\\\/19\\\/dossier-europe-transition-numerique-et-economie-sociale\\\/\",\"url\":\"https:\\\/\\\/socialgoodaccelerator.eu\\\/2024\\\/06\\\/19\\\/dossier-europe-transition-numerique-et-economie-sociale\\\/\",\"name\":\"Dossier Europe \u2013 Transition num\u00e9rique et \u00e9conomie sociale - SOGA\",\"isPartOf\":{\"@id\":\"https:\\\/\\\/socialgoodaccelerator.eu\\\/#website\"},\"primaryImageOfPage\":{\"@id\":\"https:\\\/\\\/socialgoodaccelerator.eu\\\/2024\\\/06\\\/19\\\/dossier-europe-transition-numerique-et-economie-sociale\\\/#primaryimage\"},\"image\":{\"@id\":\"https:\\\/\\\/socialgoodaccelerator.eu\\\/2024\\\/06\\\/19\\\/dossier-europe-transition-numerique-et-economie-sociale\\\/#primaryimage\"},\"thumbnailUrl\":\"https:\\\/\\\/i0.wp.com\\\/socialgoodaccelerator.eu\\\/wp-content\\\/uploads\\\/2026\\\/02\\\/SOGA-NEC-ESS-EUROPE-2023-PARIS-Wlad-Simitch-253-scaled.jpg?fit=2560%2C1708&ssl=1\",\"datePublished\":\"2024-06-19T08:43:48+00:00\",\"dateModified\":\"2026-03-04T10:13:47+00:00\",\"description\":\"Dossier Europe \u2013 Transition num\u00e9rique et \u00e9conomie sociale\",\"breadcrumb\":{\"@id\":\"https:\\\/\\\/socialgoodaccelerator.eu\\\/2024\\\/06\\\/19\\\/dossier-europe-transition-numerique-et-economie-sociale\\\/#breadcrumb\"},\"inLanguage\":\"fr-FR\",\"potentialAction\":[{\"@type\":\"ReadAction\",\"target\":[\"https:\\\/\\\/socialgoodaccelerator.eu\\\/2024\\\/06\\\/19\\\/dossier-europe-transition-numerique-et-economie-sociale\\\/\"]}]},{\"@type\":\"ImageObject\",\"inLanguage\":\"fr-FR\",\"@id\":\"https:\\\/\\\/socialgoodaccelerator.eu\\\/2024\\\/06\\\/19\\\/dossier-europe-transition-numerique-et-economie-sociale\\\/#primaryimage\",\"url\":\"https:\\\/\\\/i0.wp.com\\\/socialgoodaccelerator.eu\\\/wp-content\\\/uploads\\\/2026\\\/02\\\/SOGA-NEC-ESS-EUROPE-2023-PARIS-Wlad-Simitch-253-scaled.jpg?fit=2560%2C1708&ssl=1\",\"contentUrl\":\"https:\\\/\\\/i0.wp.com\\\/socialgoodaccelerator.eu\\\/wp-content\\\/uploads\\\/2026\\\/02\\\/SOGA-NEC-ESS-EUROPE-2023-PARIS-Wlad-Simitch-253-scaled.jpg?fit=2560%2C1708&ssl=1\",\"width\":2560,\"height\":1708,\"caption\":\"SOGA NEC ESS EUROPE 2023 PARIS- Wlad Simitch -253\"},{\"@type\":\"BreadcrumbList\",\"@id\":\"https:\\\/\\\/socialgoodaccelerator.eu\\\/2024\\\/06\\\/19\\\/dossier-europe-transition-numerique-et-economie-sociale\\\/#breadcrumb\",\"itemListElement\":[{\"@type\":\"ListItem\",\"position\":1,\"name\":\"Accueil\",\"item\":\"https:\\\/\\\/socialgoodaccelerator.eu\\\/\"},{\"@type\":\"ListItem\",\"position\":2,\"name\":\"Dossier Europe \u2013 Transition num\u00e9rique et \u00e9conomie sociale\"}]},{\"@type\":\"WebSite\",\"@id\":\"https:\\\/\\\/socialgoodaccelerator.eu\\\/#website\",\"url\":\"https:\\\/\\\/socialgoodaccelerator.eu\\\/\",\"name\":\"Social Good Accelerator\",\"description\":\"Acc\u00e9l\u00e9rer l&#039;ESS num\u00e9rique\",\"publisher\":{\"@id\":\"https:\\\/\\\/socialgoodaccelerator.eu\\\/#organization\"},\"alternateName\":\"SOGA\",\"potentialAction\":[{\"@type\":\"SearchAction\",\"target\":{\"@type\":\"EntryPoint\",\"urlTemplate\":\"https:\\\/\\\/socialgoodaccelerator.eu\\\/?s={search_term_string}\"},\"query-input\":{\"@type\":\"PropertyValueSpecification\",\"valueRequired\":true,\"valueName\":\"search_term_string\"}}],\"inLanguage\":\"fr-FR\"},{\"@type\":\"Organization\",\"@id\":\"https:\\\/\\\/socialgoodaccelerator.eu\\\/#organization\",\"name\":\"Social Good Accelerator\",\"alternateName\":\"SOGA\",\"url\":\"https:\\\/\\\/socialgoodaccelerator.eu\\\/\",\"logo\":{\"@type\":\"ImageObject\",\"inLanguage\":\"fr-FR\",\"@id\":\"https:\\\/\\\/socialgoodaccelerator.eu\\\/#\\\/schema\\\/logo\\\/image\\\/\",\"url\":\"https:\\\/\\\/i0.wp.com\\\/socialgoodaccelerator.eu\\\/wp-content\\\/uploads\\\/2023\\\/10\\\/cropped-LOGO-SOGA-V-FR.png?fit=512%2C512&ssl=1\",\"contentUrl\":\"https:\\\/\\\/i0.wp.com\\\/socialgoodaccelerator.eu\\\/wp-content\\\/uploads\\\/2023\\\/10\\\/cropped-LOGO-SOGA-V-FR.png?fit=512%2C512&ssl=1\",\"width\":512,\"height\":512,\"caption\":\"Social Good Accelerator\"},\"image\":{\"@id\":\"https:\\\/\\\/socialgoodaccelerator.eu\\\/#\\\/schema\\\/logo\\\/image\\\/\"},\"sameAs\":[\"https:\\\/\\\/www.facebook.com\\\/SocialGoodAccel.EU\\\/\",\"https:\\\/\\\/www.youtube.com\\\/@socialgoodaccelerator772\",\"https:\\\/\\\/www.youtube.com\\\/@SocialTechAcademy-eg6hp\"]},{\"@type\":\"Person\",\"@id\":\"https:\\\/\\\/socialgoodaccelerator.eu\\\/#\\\/schema\\\/person\\\/0320622db91fd4a2ddef724cbdee0c3e\",\"name\":\"sogaccelerator\",\"image\":{\"@type\":\"ImageObject\",\"inLanguage\":\"fr-FR\",\"@id\":\"https:\\\/\\\/secure.gravatar.com\\\/avatar\\\/99aef05386587650bb056a1275ce2e339bfe398930f37eb7262163da89aad453?s=96&d=mm&r=g\",\"url\":\"https:\\\/\\\/secure.gravatar.com\\\/avatar\\\/99aef05386587650bb056a1275ce2e339bfe398930f37eb7262163da89aad453?s=96&d=mm&r=g\",\"contentUrl\":\"https:\\\/\\\/secure.gravatar.com\\\/avatar\\\/99aef05386587650bb056a1275ce2e339bfe398930f37eb7262163da89aad453?s=96&d=mm&r=g\",\"caption\":\"sogaccelerator\"}}]}<\/script>\n<!-- \/ Yoast SEO plugin. -->","yoast_head_json":{"title":"Dossier Europe \u2013 Transition num\u00e9rique et \u00e9conomie sociale - SOGA","description":"Dossier Europe \u2013 Transition num\u00e9rique et \u00e9conomie sociale","robots":{"index":"index","follow":"follow","max-snippet":"max-snippet:-1","max-image-preview":"max-image-preview:large","max-video-preview":"max-video-preview:-1"},"canonical":"https:\/\/socialgoodaccelerator.eu\/fr\/2024\/06\/19\/dossier-europe-transition-numerique-et-economie-sociale\/","og_locale":"fr_FR","og_type":"article","og_title":"Dossier Europe \u2013 Transition num\u00e9rique et \u00e9conomie sociale - SOGA","og_description":"Dossier Europe \u2013 Transition num\u00e9rique et \u00e9conomie sociale","og_url":"https:\/\/socialgoodaccelerator.eu\/fr\/2024\/06\/19\/dossier-europe-transition-numerique-et-economie-sociale\/","og_site_name":"SOGA","article_publisher":"https:\/\/www.facebook.com\/SocialGoodAccel.EU\/","article_published_time":"2024-06-19T08:43:48+00:00","article_modified_time":"2026-03-04T10:13:47+00:00","og_image":[{"width":2560,"height":1708,"url":"http:\/\/socialgoodaccelerator.eu\/wp-content\/uploads\/2026\/02\/SOGA-NEC-ESS-EUROPE-2023-PARIS-Wlad-Simitch-253-scaled.jpg","type":"image\/jpeg"}],"author":"sogaccelerator","twitter_card":"summary_large_image","twitter_misc":{"\u00c9crit par":"sogaccelerator","Dur\u00e9e de lecture estim\u00e9e":"2 minutes"},"schema":{"@context":"https:\/\/schema.org","@graph":[{"@type":"Article","@id":"https:\/\/socialgoodaccelerator.eu\/2024\/06\/19\/dossier-europe-transition-numerique-et-economie-sociale\/#article","isPartOf":{"@id":"https:\/\/socialgoodaccelerator.eu\/2024\/06\/19\/dossier-europe-transition-numerique-et-economie-sociale\/"},"author":{"name":"sogaccelerator","@id":"https:\/\/socialgoodaccelerator.eu\/#\/schema\/person\/0320622db91fd4a2ddef724cbdee0c3e"},"headline":"Dossier Europe \u2013 Transition num\u00e9rique et \u00e9conomie sociale","datePublished":"2024-06-19T08:43:48+00:00","dateModified":"2026-03-04T10:13:47+00:00","mainEntityOfPage":{"@id":"https:\/\/socialgoodaccelerator.eu\/2024\/06\/19\/dossier-europe-transition-numerique-et-economie-sociale\/"},"wordCount":749,"publisher":{"@id":"https:\/\/socialgoodaccelerator.eu\/#organization"},"image":{"@id":"https:\/\/socialgoodaccelerator.eu\/2024\/06\/19\/dossier-europe-transition-numerique-et-economie-sociale\/#primaryimage"},"thumbnailUrl":"https:\/\/i0.wp.com\/socialgoodaccelerator.eu\/wp-content\/uploads\/2026\/02\/SOGA-NEC-ESS-EUROPE-2023-PARIS-Wlad-Simitch-253-scaled.jpg?fit=2560%2C1708&ssl=1","keywords":["Le Mouvement Associatif"],"articleSection":["Tribunes &amp; m\u00e9dias"],"inLanguage":"fr-FR"},{"@type":"WebPage","@id":"https:\/\/socialgoodaccelerator.eu\/2024\/06\/19\/dossier-europe-transition-numerique-et-economie-sociale\/","url":"https:\/\/socialgoodaccelerator.eu\/2024\/06\/19\/dossier-europe-transition-numerique-et-economie-sociale\/","name":"Dossier Europe \u2013 Transition num\u00e9rique et \u00e9conomie sociale - SOGA","isPartOf":{"@id":"https:\/\/socialgoodaccelerator.eu\/#website"},"primaryImageOfPage":{"@id":"https:\/\/socialgoodaccelerator.eu\/2024\/06\/19\/dossier-europe-transition-numerique-et-economie-sociale\/#primaryimage"},"image":{"@id":"https:\/\/socialgoodaccelerator.eu\/2024\/06\/19\/dossier-europe-transition-numerique-et-economie-sociale\/#primaryimage"},"thumbnailUrl":"https:\/\/i0.wp.com\/socialgoodaccelerator.eu\/wp-content\/uploads\/2026\/02\/SOGA-NEC-ESS-EUROPE-2023-PARIS-Wlad-Simitch-253-scaled.jpg?fit=2560%2C1708&ssl=1","datePublished":"2024-06-19T08:43:48+00:00","dateModified":"2026-03-04T10:13:47+00:00","description":"Dossier Europe \u2013 Transition num\u00e9rique et \u00e9conomie sociale","breadcrumb":{"@id":"https:\/\/socialgoodaccelerator.eu\/2024\/06\/19\/dossier-europe-transition-numerique-et-economie-sociale\/#breadcrumb"},"inLanguage":"fr-FR","potentialAction":[{"@type":"ReadAction","target":["https:\/\/socialgoodaccelerator.eu\/2024\/06\/19\/dossier-europe-transition-numerique-et-economie-sociale\/"]}]},{"@type":"ImageObject","inLanguage":"fr-FR","@id":"https:\/\/socialgoodaccelerator.eu\/2024\/06\/19\/dossier-europe-transition-numerique-et-economie-sociale\/#primaryimage","url":"https:\/\/i0.wp.com\/socialgoodaccelerator.eu\/wp-content\/uploads\/2026\/02\/SOGA-NEC-ESS-EUROPE-2023-PARIS-Wlad-Simitch-253-scaled.jpg?fit=2560%2C1708&ssl=1","contentUrl":"https:\/\/i0.wp.com\/socialgoodaccelerator.eu\/wp-content\/uploads\/2026\/02\/SOGA-NEC-ESS-EUROPE-2023-PARIS-Wlad-Simitch-253-scaled.jpg?fit=2560%2C1708&ssl=1","width":2560,"height":1708,"caption":"SOGA NEC ESS EUROPE 2023 PARIS- Wlad Simitch -253"},{"@type":"BreadcrumbList","@id":"https:\/\/socialgoodaccelerator.eu\/2024\/06\/19\/dossier-europe-transition-numerique-et-economie-sociale\/#breadcrumb","itemListElement":[{"@type":"ListItem","position":1,"name":"Accueil","item":"https:\/\/socialgoodaccelerator.eu\/"},{"@type":"ListItem","position":2,"name":"Dossier Europe \u2013 Transition num\u00e9rique et \u00e9conomie sociale"}]},{"@type":"WebSite","@id":"https:\/\/socialgoodaccelerator.eu\/#website","url":"https:\/\/socialgoodaccelerator.eu\/","name":"Social Good Accelerator","description":"Acc\u00e9l\u00e9rer l&#039;ESS num\u00e9rique","publisher":{"@id":"https:\/\/socialgoodaccelerator.eu\/#organization"},"alternateName":"SOGA","potentialAction":[{"@type":"SearchAction","target":{"@type":"EntryPoint","urlTemplate":"https:\/\/socialgoodaccelerator.eu\/?s={search_term_string}"},"query-input":{"@type":"PropertyValueSpecification","valueRequired":true,"valueName":"search_term_string"}}],"inLanguage":"fr-FR"},{"@type":"Organization","@id":"https:\/\/socialgoodaccelerator.eu\/#organization","name":"Social Good Accelerator","alternateName":"SOGA","url":"https:\/\/socialgoodaccelerator.eu\/","logo":{"@type":"ImageObject","inLanguage":"fr-FR","@id":"https:\/\/socialgoodaccelerator.eu\/#\/schema\/logo\/image\/","url":"https:\/\/i0.wp.com\/socialgoodaccelerator.eu\/wp-content\/uploads\/2023\/10\/cropped-LOGO-SOGA-V-FR.png?fit=512%2C512&ssl=1","contentUrl":"https:\/\/i0.wp.com\/socialgoodaccelerator.eu\/wp-content\/uploads\/2023\/10\/cropped-LOGO-SOGA-V-FR.png?fit=512%2C512&ssl=1","width":512,"height":512,"caption":"Social Good Accelerator"},"image":{"@id":"https:\/\/socialgoodaccelerator.eu\/#\/schema\/logo\/image\/"},"sameAs":["https:\/\/www.facebook.com\/SocialGoodAccel.EU\/","https:\/\/www.youtube.com\/@socialgoodaccelerator772","https:\/\/www.youtube.com\/@SocialTechAcademy-eg6hp"]},{"@type":"Person","@id":"https:\/\/socialgoodaccelerator.eu\/#\/schema\/person\/0320622db91fd4a2ddef724cbdee0c3e","name":"sogaccelerator","image":{"@type":"ImageObject","inLanguage":"fr-FR","@id":"https:\/\/secure.gravatar.com\/avatar\/99aef05386587650bb056a1275ce2e339bfe398930f37eb7262163da89aad453?s=96&d=mm&r=g","url":"https:\/\/secure.gravatar.com\/avatar\/99aef05386587650bb056a1275ce2e339bfe398930f37eb7262163da89aad453?s=96&d=mm&r=g","contentUrl":"https:\/\/secure.gravatar.com\/avatar\/99aef05386587650bb056a1275ce2e339bfe398930f37eb7262163da89aad453?s=96&d=mm&r=g","caption":"sogaccelerator"}}]}},"jetpack_featured_media_url":"https:\/\/i0.wp.com\/socialgoodaccelerator.eu\/wp-content\/uploads\/2026\/02\/SOGA-NEC-ESS-EUROPE-2023-PARIS-Wlad-Simitch-253-scaled.jpg?fit=2560%2C1708&ssl=1","jetpack_likes_enabled":true,"jetpack-related-posts":[{"id":57863,"url":"https:\/\/socialgoodaccelerator.eu\/fr\/2026\/04\/23\/lasuite-coop\/","url_meta":{"origin":56988,"position":0},"title":"LaSuite.coop : l\u2019alternative num\u00e9rique coop\u00e9rative, libre et h\u00e9berg\u00e9e en Europe dont l\u2019ESS avait besoin","author":"sogaccelerator","date":"23 avril 2026","format":"gallery","excerpt":"Abstract :\u00a0Chaque ann\u00e9e, 70 milliards d\u2019euros quittent la France en direction des \u00c9tats-Unis pour financer nos seuls usages num\u00e9riques. Derri\u00e8re\u2026","rel":"","context":"Dans &quot;Actualit\u00e9s de SOGA&quot;","block_context":{"text":"Actualit\u00e9s de SOGA","link":"https:\/\/socialgoodaccelerator.eu\/fr\/category\/actualites-de-soga\/"},"img":{"alt_text":"LaSuite.coop","src":"https:\/\/i0.wp.com\/socialgoodaccelerator.eu\/wp-content\/uploads\/2026\/04\/Design-sans-titre-2-1-1.png?fit=1200%2C627&ssl=1&resize=350%2C200","width":350,"height":200,"srcset":"https:\/\/i0.wp.com\/socialgoodaccelerator.eu\/wp-content\/uploads\/2026\/04\/Design-sans-titre-2-1-1.png?fit=1200%2C627&ssl=1&resize=350%2C200 1x, https:\/\/i0.wp.com\/socialgoodaccelerator.eu\/wp-content\/uploads\/2026\/04\/Design-sans-titre-2-1-1.png?fit=1200%2C627&ssl=1&resize=525%2C300 1.5x, https:\/\/i0.wp.com\/socialgoodaccelerator.eu\/wp-content\/uploads\/2026\/04\/Design-sans-titre-2-1-1.png?fit=1200%2C627&ssl=1&resize=700%2C400 2x, https:\/\/i0.wp.com\/socialgoodaccelerator.eu\/wp-content\/uploads\/2026\/04\/Design-sans-titre-2-1-1.png?fit=1200%2C627&ssl=1&resize=1050%2C600 3x"},"classes":[]},{"id":53114,"url":"https:\/\/socialgoodaccelerator.eu\/fr\/2023\/07\/07\/rapport-activite-2022\/","url_meta":{"origin":56988,"position":1},"title":"Rapport d&#8217;activit\u00e9 2022","author":"sogaccelerator","date":"7 juillet 2023","format":false,"excerpt":"Plongez dans notre rapport d'activit\u00e9s 2022 pour d\u00e9couvrir nos r\u00e9alisations pour acc\u00e9l\u00e9rer la transition num\u00e9rique des organisations de l'\u00e9conomie sociale et la construction d'un mod\u00e8le num\u00e9rique social et inclusif \u00e0 l'\u00e9chelle europ\u00e9enne.","rel":"","context":"Dans &quot;Rapport d'activit\u00e9&quot;","block_context":{"text":"Rapport d'activit\u00e9","link":"https:\/\/socialgoodaccelerator.eu\/fr\/category\/rapport-d-activite\/"},"img":{"alt_text":"Rapport d'activit\u00e9 2022","src":"https:\/\/i0.wp.com\/socialgoodaccelerator.eu\/wp-content\/uploads\/2025\/08\/Titre-2.png?fit=1200%2C675&ssl=1&resize=350%2C200","width":350,"height":200,"srcset":"https:\/\/i0.wp.com\/socialgoodaccelerator.eu\/wp-content\/uploads\/2025\/08\/Titre-2.png?fit=1200%2C675&ssl=1&resize=350%2C200 1x, https:\/\/i0.wp.com\/socialgoodaccelerator.eu\/wp-content\/uploads\/2025\/08\/Titre-2.png?fit=1200%2C675&ssl=1&resize=525%2C300 1.5x, https:\/\/i0.wp.com\/socialgoodaccelerator.eu\/wp-content\/uploads\/2025\/08\/Titre-2.png?fit=1200%2C675&ssl=1&resize=700%2C400 2x, https:\/\/i0.wp.com\/socialgoodaccelerator.eu\/wp-content\/uploads\/2025\/08\/Titre-2.png?fit=1200%2C675&ssl=1&resize=1050%2C600 3x"},"classes":[]},{"id":50394,"url":"https:\/\/socialgoodaccelerator.eu\/fr\/2022\/03\/10\/open-letter\/","url_meta":{"origin":56988,"position":2},"title":"Open letter: the necessary digital transition of the social economy","author":"sogaccelerator","date":"10 mars 2022","format":false,"excerpt":"En f\u00e9vrier 2021, le Social Good Accelerator et ses 70 membres ont maintenu leur vision dans leur lettre ouverte. Un monde meilleur ne peut \u00eatre r\u00e9alis\u00e9 qu'avec le soutien total de l'\u00e9conomie sociale, qui doit \u00e9galement \u00eatre num\u00e9ris\u00e9e.","rel":"","context":"Dans &quot;Notes de position&quot;","block_context":{"text":"Notes de position","link":"https:\/\/socialgoodaccelerator.eu\/fr\/category\/notes-de-position\/"},"img":{"alt_text":"SOGA team flags Lisbon","src":"https:\/\/i0.wp.com\/socialgoodaccelerator.eu\/wp-content\/uploads\/2018\/03\/flags.jpg?fit=1200%2C900&ssl=1&resize=350%2C200","width":350,"height":200,"srcset":"https:\/\/i0.wp.com\/socialgoodaccelerator.eu\/wp-content\/uploads\/2018\/03\/flags.jpg?fit=1200%2C900&ssl=1&resize=350%2C200 1x, https:\/\/i0.wp.com\/socialgoodaccelerator.eu\/wp-content\/uploads\/2018\/03\/flags.jpg?fit=1200%2C900&ssl=1&resize=525%2C300 1.5x, https:\/\/i0.wp.com\/socialgoodaccelerator.eu\/wp-content\/uploads\/2018\/03\/flags.jpg?fit=1200%2C900&ssl=1&resize=700%2C400 2x, https:\/\/i0.wp.com\/socialgoodaccelerator.eu\/wp-content\/uploads\/2018\/03\/flags.jpg?fit=1200%2C900&ssl=1&resize=1050%2C600 3x"},"classes":[]},{"id":50793,"url":"https:\/\/socialgoodaccelerator.eu\/fr\/2022\/05\/17\/social-economy-europe-interview-on-the-second-social-economy-summit\/","url_meta":{"origin":56988,"position":3},"title":"\"Une exp\u00e9rience r\u00e9ussie\", le point de vue de Social Economy Europe sur le Sommet europ\u00e9en de l'\u00e9conomie sociale.","author":"sogaccelerator","date":"17 mai 2022","format":false,"excerpt":"Le sommet europ\u00e9en de l'\u00e9conomie sociale des 5 et 6 mai 2022 \u00e0 Strasbourg s'est pench\u00e9 sur la place de l'\u00e9conomie sociale dans l'Union europ\u00e9enne et son avenir \u00e0 travers des conf\u00e9rences, des ateliers et des rencontres.","rel":"","context":"Dans &quot;Interviews \/ T\u00e9moignages&quot;","block_context":{"text":"Interviews \/ T\u00e9moignages","link":"https:\/\/socialgoodaccelerator.eu\/fr\/category\/interviews-temoignages\/"},"img":{"alt_text":"","src":"https:\/\/i0.wp.com\/socialgoodaccelerator.eu\/wp-content\/uploads\/2022\/05\/Capture-decran-2022-05-17-a-11.33.32.png?fit=626%2C485&ssl=1&resize=350%2C200","width":350,"height":200,"srcset":"https:\/\/i0.wp.com\/socialgoodaccelerator.eu\/wp-content\/uploads\/2022\/05\/Capture-decran-2022-05-17-a-11.33.32.png?fit=626%2C485&ssl=1&resize=350%2C200 1x, https:\/\/i0.wp.com\/socialgoodaccelerator.eu\/wp-content\/uploads\/2022\/05\/Capture-decran-2022-05-17-a-11.33.32.png?fit=626%2C485&ssl=1&resize=525%2C300 1.5x"},"classes":[]},{"id":50186,"url":"https:\/\/socialgoodaccelerator.eu\/fr\/2021\/11\/30\/social-tech-atlas-why-a-single-map-for-a-thousand-social-organisations\/","url_meta":{"origin":56988,"position":4},"title":"Social Tech Atlas : pourquoi une seule et m\u00eame carte pour 1000 organisations de l'ESS ?","author":"sogaccelerator","date":"30 novembre 2021","format":false,"excerpt":"Until now, there was no European database gathering both organisations supporting social economy stakeholders in their digital transition and those offering alternative digital tools and services. This is now done with the Social Tech Atlas...","rel":"","context":"Dans &quot;Communs &amp; plaidoyer&quot;","block_context":{"text":"Communs &amp; plaidoyer","link":"https:\/\/socialgoodaccelerator.eu\/fr\/category\/communs-et-plaidoyer\/"},"img":{"alt_text":"Screenshot Social Tech Atlas","src":"https:\/\/i0.wp.com\/socialgoodaccelerator.eu\/wp-content\/uploads\/2021\/11\/Capture-de%CC%81cran-2021-11-30-a%CC%80-12.32.33.png?fit=694%2C560&ssl=1&resize=350%2C200","width":350,"height":200,"srcset":"https:\/\/i0.wp.com\/socialgoodaccelerator.eu\/wp-content\/uploads\/2021\/11\/Capture-de%CC%81cran-2021-11-30-a%CC%80-12.32.33.png?fit=694%2C560&ssl=1&resize=350%2C200 1x, https:\/\/i0.wp.com\/socialgoodaccelerator.eu\/wp-content\/uploads\/2021\/11\/Capture-de%CC%81cran-2021-11-30-a%CC%80-12.32.33.png?fit=694%2C560&ssl=1&resize=525%2C300 1.5x"},"classes":[]},{"id":51087,"url":"https:\/\/socialgoodaccelerator.eu\/fr\/2022\/07\/07\/rapport-activite-2021\/","url_meta":{"origin":56988,"position":5},"title":"Rapport d&#8217;activit\u00e9 2021","author":"sogaccelerator","date":"7 juillet 2022","format":false,"excerpt":"D\u00e9couvrez toutes les actions accomplies par le Social good Accelerator en 2021 et ses perspectives pour 2022 dans ce rapport d'activit\u00e9.","rel":"","context":"Dans &quot;Rapport d'activit\u00e9&quot;","block_context":{"text":"Rapport d'activit\u00e9","link":"https:\/\/socialgoodaccelerator.eu\/fr\/category\/rapport-d-activite\/"},"img":{"alt_text":"Rapport d'activit\u00e9 2021","src":"https:\/\/i0.wp.com\/socialgoodaccelerator.eu\/wp-content\/uploads\/2025\/08\/Titre-3.png?fit=1200%2C675&ssl=1&resize=350%2C200","width":350,"height":200,"srcset":"https:\/\/i0.wp.com\/socialgoodaccelerator.eu\/wp-content\/uploads\/2025\/08\/Titre-3.png?fit=1200%2C675&ssl=1&resize=350%2C200 1x, https:\/\/i0.wp.com\/socialgoodaccelerator.eu\/wp-content\/uploads\/2025\/08\/Titre-3.png?fit=1200%2C675&ssl=1&resize=525%2C300 1.5x, https:\/\/i0.wp.com\/socialgoodaccelerator.eu\/wp-content\/uploads\/2025\/08\/Titre-3.png?fit=1200%2C675&ssl=1&resize=700%2C400 2x, https:\/\/i0.wp.com\/socialgoodaccelerator.eu\/wp-content\/uploads\/2025\/08\/Titre-3.png?fit=1200%2C675&ssl=1&resize=1050%2C600 3x"},"classes":[]}],"jetpack_sharing_enabled":true,"jetpack_shortlink":"https:\/\/wp.me\/p9J6Qk-ePa","_links":{"self":[{"href":"https:\/\/socialgoodaccelerator.eu\/fr\/wp-json\/wp\/v2\/posts\/56988","targetHints":{"allow":["GET"]}}],"collection":[{"href":"https:\/\/socialgoodaccelerator.eu\/fr\/wp-json\/wp\/v2\/posts"}],"about":[{"href":"https:\/\/socialgoodaccelerator.eu\/fr\/wp-json\/wp\/v2\/types\/post"}],"author":[{"embeddable":true,"href":"https:\/\/socialgoodaccelerator.eu\/fr\/wp-json\/wp\/v2\/users\/1"}],"replies":[{"embeddable":true,"href":"https:\/\/socialgoodaccelerator.eu\/fr\/wp-json\/wp\/v2\/comments?post=56988"}],"version-history":[{"count":5,"href":"https:\/\/socialgoodaccelerator.eu\/fr\/wp-json\/wp\/v2\/posts\/56988\/revisions"}],"predecessor-version":[{"id":57027,"href":"https:\/\/socialgoodaccelerator.eu\/fr\/wp-json\/wp\/v2\/posts\/56988\/revisions\/57027"}],"wp:featuredmedia":[{"embeddable":true,"href":"https:\/\/socialgoodaccelerator.eu\/fr\/wp-json\/wp\/v2\/media\/56882"}],"wp:attachment":[{"href":"https:\/\/socialgoodaccelerator.eu\/fr\/wp-json\/wp\/v2\/media?parent=56988"}],"wp:term":[{"taxonomy":"category","embeddable":true,"href":"https:\/\/socialgoodaccelerator.eu\/fr\/wp-json\/wp\/v2\/categories?post=56988"},{"taxonomy":"post_tag","embeddable":true,"href":"https:\/\/socialgoodaccelerator.eu\/fr\/wp-json\/wp\/v2\/tags?post=56988"}],"curies":[{"name":"wp","href":"https:\/\/api.w.org\/{rel}","templated":true}]}}