{"id":56003,"date":"2025-10-21T12:13:23","date_gmt":"2025-10-21T10:13:23","guid":{"rendered":"https:\/\/socialgoodaccelerator.eu\/?p=56003"},"modified":"2026-03-04T11:10:06","modified_gmt":"2026-03-04T10:10:06","slug":"nec-ess-2025-intelligence-artificielle-ou-cooperative","status":"publish","type":"post","link":"https:\/\/socialgoodaccelerator.eu\/fr\/2025\/10\/21\/nec-ess-2025-intelligence-artificielle-ou-cooperative\/","title":{"rendered":"NEC ESS 2025 : Intelligence artificielle ou coop\u00e9rative ?"},"content":{"rendered":"[et_pb_section fb_built=&#8221;1&#8243; _builder_version=&#8221;4.27.4&#8243; _module_preset=&#8221;default&#8221; da_disable_devices=&#8221;off|off|off&#8221; global_colors_info=&#8221;{}&#8221; da_is_popup=&#8221;off&#8221; da_exit_intent=&#8221;off&#8221; da_has_close=&#8221;on&#8221; da_alt_close=&#8221;off&#8221; da_dark_close=&#8221;off&#8221; da_not_modal=&#8221;on&#8221; da_is_singular=&#8221;off&#8221; da_with_loader=&#8221;off&#8221; da_has_shadow=&#8221;on&#8221;][et_pb_row _builder_version=&#8221;4.27.4&#8243; _module_preset=&#8221;default&#8221; global_colors_info=&#8221;{}&#8221;][et_pb_column type=&#8221;4_4&#8243; _builder_version=&#8221;4.27.4&#8243; _module_preset=&#8221;default&#8221; global_colors_info=&#8221;{}&#8221;][et_pb_heading title=&#8221;NEC ESS 2025 : Intelligence artificielle ou coop\u00e9rative ? Cr\u00e9er ensemble une troisi\u00e8me voie num\u00e9rique&#8221; _builder_version=&#8221;4.27.4&#8243; _module_preset=&#8221;default&#8221; global_colors_info=&#8221;{}&#8221;][\/et_pb_heading][et_pb_text _builder_version=&#8221;4.27.4&#8243; _module_preset=&#8221;default&#8221; global_colors_info=&#8221;{}&#8221;]<p>Du <strong data-start=\"439\" data-end=\"465\">25 au 27 novembre 2025<\/strong>, le <strong data-start=\"470\" data-end=\"504\">Social Good Accelerator (SOGA)<\/strong> et ses partenaires invitent les acteurs europ\u00e9ens du num\u00e9rique \u00e9thique et de l\u2019\u00e9conomie sociale et solidaire \u00e0 une nouvelle \u00e9dition de <strong data-start=\"640\" data-end=\"687\">Num\u00e9rique en Commun[s] ESS Europe (NEC ESS)<\/strong>.<br data-start=\"688\" data-end=\"691\" \/>Apr\u00e8s Lille, Saint-S\u00e9bastien et Bruxelles en 2023, cette \u00e9dition 2025 se tiendra \u00e0 <strong data-start=\"774\" data-end=\"802\">Bruxelles le 25 novembre<\/strong> puis \u00e0 <strong data-start=\"810\" data-end=\"841\">Paris les 26 et 27 novembre<\/strong>, avec une ambition claire : <strong data-start=\"870\" data-end=\"986\">explorer l\u2019avenir de l\u2019intelligence artificielle sous l\u2019angle de la coop\u00e9ration, de l\u2019\u00e9thique et du bien commun.<\/strong><\/p>[\/et_pb_text][et_pb_video _builder_version=&#8221;4.27.4&#8243; _module_preset=&#8221;default&#8221; global_colors_info=&#8221;{}&#8221;][\/et_pb_video][et_pb_heading title=&#8221;Une troisi\u00e8me voie num\u00e9rique : collective, \u00e9thique et europ\u00e9enne&#8221; _builder_version=&#8221;4.27.4&#8243; _module_preset=&#8221;default&#8221; title_level=&#8221;h2&#8243; global_colors_info=&#8221;{}&#8221;][\/et_pb_heading][et_pb_text _builder_version=&#8221;4.27.4&#8243; _module_preset=&#8221;default&#8221; global_colors_info=&#8221;{}&#8221;]<p data-start=\"1065\" data-end=\"1505\">Face \u00e0 la mont\u00e9e en puissance des technologies d\u2019intelligence artificielle, une question essentielle s\u2019impose : <strong data-start=\"1177\" data-end=\"1258\">quelle place pour l\u2019humain et le collectif dans la transformation num\u00e9rique ?<\/strong><br data-start=\"1258\" data-end=\"1261\" \/>Le NEC ESS 2025 propose d\u2019ouvrir le d\u00e9bat autour d\u2019une <strong data-start=\"1316\" data-end=\"1346\">\u201ctroisi\u00e8me voie num\u00e9rique\u201d<\/strong>, entre la logique de la big tech priv\u00e9e et celle des \u00c9tats centralis\u00e9s : une voie <strong data-start=\"1429\" data-end=\"1444\">coop\u00e9rative<\/strong>, ancr\u00e9e dans les valeurs de l\u2019\u00e9conomie sociale et solidaire.<\/p>\n<p data-start=\"1507\" data-end=\"1756\">Pendant trois jours, chercheurs, entrepreneurs, associations, collectivit\u00e9s et citoyens se retrouveront pour <strong data-start=\"1616\" data-end=\"1652\">penser, d\u00e9battre et exp\u00e9rimenter<\/strong> ensemble les contours d\u2019une IA <strong data-start=\"1684\" data-end=\"1713\">au service du bien commun<\/strong>, inclusive et d\u00e9mocratique par conception.<\/p>\n<p>\ud83d\udca1 Le programme complet et les informations pratiques sont \u00e0 retrouver sur la page d\u00e9di\u00e9e :<br data-start=\"2854\" data-end=\"2857\" \/>\ud83d\udc49 <a data-start=\"2860\" data-end=\"2916\" class=\"decorated-link\" rel=\"noopener\" href=\"https:\/\/socialgoodaccelerator.eu\/en_gb\/nec-ess-2025\/\"><strong data-start=\"2861\" data-end=\"2912\">D\u00e9couvrir le programme d\u00e9taill\u00e9 du NEC ESS 2025<\/strong><\/a><\/p>\n<p data-start=\"1507\" data-end=\"1756\">[\/et_pb_text][et_pb_heading title=&#8221;Des partenaires engag\u00e9s dans la transition num\u00e9rique solidaire&#8221; _builder_version=&#8221;4.27.4&#8243; _module_preset=&#8221;default&#8221; title_level=&#8221;h2&#8243; global_colors_info=&#8221;{}&#8221;][\/et_pb_heading][et_pb_text _builder_version=&#8221;4.27.4&#8243; _module_preset=&#8221;default&#8221; global_colors_info=&#8221;{}&#8221;]<p>Le <strong data-start=\"3785\" data-end=\"3801\">NEC ESS 2025<\/strong> est soutenu par des partenaires de r\u00e9f\u00e9rence :<br data-start=\"3848\" data-end=\"3851\" \/><strong data-start=\"3851\" data-end=\"3872\">Cr\u00e9dit Coop\u00e9ratif<\/strong>, <strong data-start=\"3874\" data-end=\"3932\">Agence nationale de la coh\u00e9sion des territoires (ANCT)<\/strong>, <strong data-start=\"3934\" data-end=\"3948\">ESS France<\/strong>, <strong data-start=\"3950\" data-end=\"3962\">Devoteam<\/strong>, <strong data-start=\"3964\" data-end=\"3987\">Fondation de France<\/strong>, <strong data-start=\"3989\" data-end=\"4002\">HelloAsso<\/strong>, <strong data-start=\"4004\" data-end=\"4031\">Le Mouvement Associatif<\/strong>, <strong data-start=\"4033\" data-end=\"4044\">CG Scop<\/strong>, <strong data-start=\"4046\" data-end=\"4064\">Emma\u00fcs Connect<\/strong> et <strong data-start=\"4068\" data-end=\"4081\">La Mednum<\/strong>.<br data-start=\"4082\" data-end=\"4085\" \/>Tous partagent une m\u00eame conviction : <strong data-start=\"4122\" data-end=\"4163\">le num\u00e9rique peut \u00eatre un bien commun<\/strong>, s\u2019il est con\u00e7u et gouvern\u00e9 collectivement.<\/p>[\/et_pb_text][et_pb_heading title=&#8221;Un rendez-vous \u00e0 ne pas manquer&#8221; _builder_version=&#8221;4.27.4&#8243; _module_preset=&#8221;default&#8221; title_level=&#8221;h2&#8243; global_colors_info=&#8221;{}&#8221;][\/et_pb_heading][et_pb_text _builder_version=&#8221;4.27.4&#8243; _module_preset=&#8221;default&#8221; global_colors_info=&#8221;{}&#8221;]<p data-start=\"4253\" data-end=\"4571\">Le NEC ESS 2025 s\u2019adresse \u00e0 <strong data-start=\"4281\" data-end=\"4404\">toutes celles et ceux qui souhaitent repenser le num\u00e9rique \u00e0 travers la coop\u00e9ration, la transparence et l\u2019impact social<\/strong>.<br data-start=\"4405\" data-end=\"4408\" \/>Que vous soyez membre d\u2019une structure de l\u2019ESS, chercheur, institution, entreprise engag\u00e9e ou simple curieux du num\u00e9rique responsable, ce rendez-vous est le v\u00f4tre.<\/p>\n<p data-start=\"4573\" data-end=\"4739\">\ud83d\udcc5 <strong data-start=\"4576\" data-end=\"4609\">Inscrivez-vous d\u00e8s maintenant<\/strong> pour rejoindre le mouvement et participer \u00e0 la construction d\u2019une <strong data-start=\"4676\" data-end=\"4739\">intelligence artificielle plus humaine et plus coop\u00e9rative.<\/p>\n<p><a href=\"https:\/\/www.helloasso.com\/associations\/social-good-accelerator\/evenements\/formulaire-d-inscription-nec-ess-2025\">Je m&#8217;inscris au NEC ESS 2025<\/a><\/strong><\/p>[\/et_pb_text][et_pb_heading title=&#8221;En marge du NEC ESS, participez \u00e0 un atelier %22Lib\u00e9rer les organisations de l&#8217;ESS des GAFAM%22&#8243; _builder_version=&#8221;4.27.4&#8243; _module_preset=&#8221;default&#8221; title_level=&#8221;h2&#8243; hover_enabled=&#8221;0&#8243; global_colors_info=&#8221;{}&#8221; sticky_enabled=&#8221;0&#8243;][\/et_pb_heading][et_pb_text _builder_version=&#8221;4.27.4&#8243; _module_preset=&#8221;default&#8221; hover_enabled=&#8221;0&#8243; global_colors_info=&#8221;{}&#8221; sticky_enabled=&#8221;0&#8243;]<p>Le mercredi 26 novembre, de 13h \u00e0 17h, SOGA organise dans le cadre du projet<span>\u00a0<\/span><a href=\"https:\/\/www.collectiveup.be\/digiset\" rel=\"nofollow noopener\" target=\"_blank\">DIGISET<\/a><span>\u00a0<\/span>un atelier &#8220;Lib\u00e9rer les organisations ESS des GAFAM&#8221;.<\/p>\n<p>Pour y participer, cliquez sur ce lien :\u00a0<strong><a href=\"https:\/\/www.eventbrite.com\/e\/liberer-les-organisations-de-less-des-gafam-tickets-1741932138919?aff=oddtdtcreator\">Je m\u2019inscris \u00e0 l\u2019atelier.<\/a><\/strong><\/p>\n<p>Vous (et\/ou vos coll\u00e8gues) y participez pour la premi\u00e8re fois ?<strong><span>\u00a0<\/span>Un d\u00e9fraiement de 948\u20ac est possible !<\/strong><\/p>\n<p>Attention, ce d\u00e9fraiement s\u2019applique par l\u2019organisation dont le si\u00e8ge est \u00e0 plus de 20 km de l\u2019\u00e9v\u00e9nement. Si vous \u00eates \u00e9ligibles,<span>\u00a0<\/span><strong>compl\u00e9tez\u00a0<a href=\"https:\/\/6a8zl946uh6.typeform.com\/to\/DTIGRoO9\">ce formulaire.<\/a><\/strong><\/p>[\/et_pb_text][\/et_pb_column][\/et_pb_row][et_pb_row _builder_version=&#8221;4.27.4&#8243; _module_preset=&#8221;default&#8221; global_colors_info=&#8221;{}&#8221;][et_pb_column type=&#8221;4_4&#8243; _builder_version=&#8221;4.27.4&#8243; _module_preset=&#8221;default&#8221; global_colors_info=&#8221;{}&#8221;][et_pb_heading title=&#8221;FAQ \u2014 NEC ESS 2025 : Intelligence artificielle ou coop\u00e9rative ?&#8221; _builder_version=&#8221;4.27.4&#8243; _module_preset=&#8221;default&#8221; title_level=&#8221;h2&#8243; global_colors_info=&#8221;{}&#8221;][\/et_pb_heading][et_pb_accordion _builder_version=&#8221;4.27.4&#8243; _module_preset=&#8221;default&#8221; global_colors_info=&#8221;{}&#8221;][et_pb_accordion_item title=&#8221;Qu\u2019est-ce que le NEC ESS Europe ?&#8221; open=&#8221;on&#8221; _builder_version=&#8221;4.27.4&#8243; _module_preset=&#8221;default&#8221; global_colors_info=&#8221;{}&#8221;]<p>Le <strong data-start=\"597\" data-end=\"644\">Num\u00e9rique en Commun[s] ESS Europe (NEC ESS)<\/strong> est un <strong data-start=\"652\" data-end=\"674\">\u00e9v\u00e9nement europ\u00e9en<\/strong> d\u00e9di\u00e9 au <strong data-start=\"684\" data-end=\"729\">num\u00e9rique \u00e9thique, inclusif et coop\u00e9ratif<\/strong>.<br data-start=\"730\" data-end=\"733\" \/>Organis\u00e9 par le <strong data-start=\"749\" data-end=\"783\">Social Good Accelerator (SOGA)<\/strong> et ses partenaires, il rassemble chaque ann\u00e9e des acteurs publics, associatifs, \u00e9conomiques et acad\u00e9miques autour des grands enjeux de la <strong data-start=\"922\" data-end=\"989\">transition num\u00e9rique dans l\u2019\u00e9conomie sociale et solidaire (ESS)<\/strong>.<\/p>[\/et_pb_accordion_item][et_pb_accordion_item title=&#8221;O\u00f9 et quand se d\u00e9roulera cette \u00e9dition ?&#8221; _builder_version=&#8221;4.27.4&#8243; _module_preset=&#8221;default&#8221; global_colors_info=&#8221;{}&#8221; open=&#8221;off&#8221;]<p data-start=\"1046\" data-end=\"1109\">L&#8217;\u00e9dition aura lieu <strong data-start=\"1076\" data-end=\"1105\">du 25 au 27 novembre 2025<\/strong> :<\/p>\n<ul data-start=\"1110\" data-end=\"1311\">\n<li data-start=\"1110\" data-end=\"1183\">\n<p data-start=\"1112\" data-end=\"1183\"><strong data-start=\"1112\" data-end=\"1139\">25 novembre \u00e0 Bruxelles<\/strong>, pour la journ\u00e9e europ\u00e9enne d\u2019ouverture ;<\/p>\n<\/li>\n<li data-start=\"1184\" data-end=\"1311\">\n<p data-start=\"1186\" data-end=\"1311\"><strong data-start=\"1186\" data-end=\"1215\">26 et 27 novembre \u00e0 Paris<\/strong>, pour deux journ\u00e9es de conf\u00e9rences, d\u2019ateliers et de rencontres au <strong data-start=\"1283\" data-end=\"1308\">Mus\u00e9e Social \u2013 CEDIAS<\/strong>.<\/p>\n<\/li>\n<\/ul>[\/et_pb_accordion_item][et_pb_accordion_item title=&#8221;Quel est le th\u00e8me de l&#8217;\u00e9dition NEC ESS 2025 ?&#8221; _builder_version=&#8221;4.27.4&#8243; _module_preset=&#8221;default&#8221; global_colors_info=&#8221;{}&#8221; open=&#8221;off&#8221;]<p data-start=\"1362\" data-end=\"1383\">Le th\u00e8me de NEC ESS 2025 est :<\/p>\n<blockquote data-start=\"1384\" data-end=\"1715\"><p data-start=\"1386\" data-end=\"1715\"><strong data-start=\"1386\" data-end=\"1479\">\u201cIntelligence artificielle ou coop\u00e9rative ? Cr\u00e9er ensemble une troisi\u00e8me voie num\u00e9rique.\u201d<\/strong><br data-start=\"1479\" data-end=\"1482\" \/>L\u2019objectif est d\u2019explorer les <strong data-start=\"1512\" data-end=\"1540\">alternatives europ\u00e9ennes<\/strong> face aux mod\u00e8les dominants d\u2019intelligence artificielle, en r\u00e9fl\u00e9chissant \u00e0 une IA <strong data-start=\"1623\" data-end=\"1652\">au service du bien commun<\/strong>, ancr\u00e9e dans la <strong data-start=\"1669\" data-end=\"1715\">coop\u00e9ration, l\u2019\u00e9thique et la transparence.<\/strong><\/p>\n<\/blockquote>[\/et_pb_accordion_item][et_pb_accordion_item title=&#8221;Qui peut participer au NEC ESS 2025 ?&#8221; _builder_version=&#8221;4.27.4&#8243; _module_preset=&#8221;default&#8221; global_colors_info=&#8221;{}&#8221; open=&#8221;off&#8221;]<p data-start=\"1767\" data-end=\"1849\">Le NEC ESS s\u2019adresse \u00e0 <strong data-start=\"1790\" data-end=\"1847\">tous les acteurs de la transition num\u00e9rique solidaire<\/strong> :<\/p>\n<ul data-start=\"1850\" data-end=\"2105\">\n<li data-start=\"1850\" data-end=\"1919\">\n<p data-start=\"1852\" data-end=\"1919\">organisations de l\u2019ESS, fondations, coop\u00e9ratives et associations,<\/p>\n<\/li>\n<li data-start=\"1920\" data-end=\"1972\">\n<p data-start=\"1922\" data-end=\"1972\">institutions publiques et collectivit\u00e9s locales,<\/p>\n<\/li>\n<li data-start=\"1973\" data-end=\"2028\">\n<p data-start=\"1975\" data-end=\"2028\">entreprises engag\u00e9es dans le num\u00e9rique responsable,<\/p>\n<\/li>\n<li data-start=\"2029\" data-end=\"2105\">\n<p data-start=\"2031\" data-end=\"2105\">chercheurs, \u00e9tudiants et citoyens int\u00e9ress\u00e9s par les communs num\u00e9riques.<\/p>\n<\/li>\n<\/ul>\n<p data-start=\"2107\" data-end=\"2227\">La participation est <strong data-start=\"2128\" data-end=\"2156\">ouverte \u00e0 toutes et tous<\/strong>, sur <strong data-start=\"2162\" data-end=\"2186\">inscription gratuite<\/strong> (dans la limite des places disponibles).<\/p>[\/et_pb_accordion_item][et_pb_accordion_item title=&#8221;Quels seront les temps forts du programme de NEC ESS 2025 ?&#8221; _builder_version=&#8221;4.27.4&#8243; _module_preset=&#8221;default&#8221; global_colors_info=&#8221;{}&#8221; open=&#8221;off&#8221;]<p data-start=\"2285\" data-end=\"2351\">Le programme se d\u00e9roulera sur <strong data-start=\"2315\" data-end=\"2349\">trois journ\u00e9es compl\u00e9mentaires<\/strong> :<\/p>\n<ul data-start=\"2352\" data-end=\"2581\">\n<li data-start=\"2352\" data-end=\"2432\">\n<p data-start=\"2354\" data-end=\"2432\">des <strong data-start=\"2358\" data-end=\"2385\">conf\u00e9rences europ\u00e9ennes<\/strong> sur la r\u00e9gulation et la gouvernance de l\u2019IA,<\/p>\n<\/li>\n<li data-start=\"2433\" data-end=\"2492\">\n<p data-start=\"2435\" data-end=\"2492\">des <strong data-start=\"2439\" data-end=\"2489\">ateliers participatifs et retours d\u2019exp\u00e9rience<\/strong>,<\/p>\n<\/li>\n<li data-start=\"2493\" data-end=\"2581\">\n<p data-start=\"2495\" data-end=\"2581\">un <strong data-start=\"2498\" data-end=\"2533\">forum des solutions Social Tech<\/strong> et des temps de <strong data-start=\"2550\" data-end=\"2578\">rencontres entre acteurs<\/strong>.<\/p>\n<\/li>\n<\/ul>\n<p data-start=\"2583\" data-end=\"2663\">Le programme d\u00e9taill\u00e9 est disponible sur la <a href=\"https:\/\/socialgoodaccelerator.eu\/nec-ess-2025\/\"><strong data-start=\"2628\" data-end=\"2662\">page officielle de l\u2019\u00e9v\u00e9nement<\/strong><\/a>.<\/p>[\/et_pb_accordion_item][et_pb_accordion_item title=&#8221;Quels partenaires soutiennent NEC ESS 2025 ?&#8221; _builder_version=&#8221;4.27.4&#8243; _module_preset=&#8221;default&#8221; global_colors_info=&#8221;{}&#8221; open=&#8221;off&#8221;]<p>Le NEC ESS 2025 est organis\u00e9 avec le soutien financier de :<br data-start=\"2770\" data-end=\"2773\" \/>\n<ul>\n<li><strong data-start=\"2773\" data-end=\"2794\">Cr\u00e9dit Coop\u00e9ratif<\/strong><\/li>\n<li><strong data-start=\"2796\" data-end=\"2804\">l&#8217;Agence Nationale de Coh\u00e9sion des Territoires (ANCT)<\/strong>\u00a0<\/li>\n<li><strong data-start=\"2806\" data-end=\"2820\">ESS France<\/strong><\/li>\n<li><strong data-start=\"2822\" data-end=\"2834\">Devoteam<\/strong><\/li>\n<li><strong data-start=\"2836\" data-end=\"2859\">Fondation de France<\/strong><\/li>\n<\/ul>\n<p>Le NEC ESS 2025 est co-organis\u00e9 par :\n<ul>\n<li><strong data-start=\"2861\" data-end=\"2874\">HelloAsso<\/strong><\/li>\n<li><strong data-start=\"2876\" data-end=\"2903\">Le Mouvement Associatif<\/strong><\/li>\n<li><strong data-start=\"2905\" data-end=\"2916\">CG Scop<\/strong><\/li>\n<li><strong data-start=\"2918\" data-end=\"2936\">Emma\u00fcs Connect<\/strong><\/li>\n<li><strong data-start=\"2940\" data-end=\"2953\">La Mednum<\/strong>.<\/li>\n<\/ul>\n<p>Ces partenaires partagent un engagement commun : <strong data-start=\"3006\" data-end=\"3085\">faire du num\u00e9rique un bien commun, au service de l\u2019humain et de la soci\u00e9t\u00e9.<\/strong><\/p>[\/et_pb_accordion_item][et_pb_accordion_item title=&#8221;Pourquoi participer au NEC ESS 2025 ?&#8221; _builder_version=&#8221;4.27.4&#8243; _module_preset=&#8221;default&#8221; global_colors_info=&#8221;{}&#8221; open=&#8221;off&#8221;]<p data-start=\"3427\" data-end=\"3590\">Parce que le NEC ESS est <strong data-start=\"3452\" data-end=\"3476\">plus qu\u2019un \u00e9v\u00e9nement<\/strong> : c\u2019est un <strong data-start=\"3488\" data-end=\"3513\">laboratoire collectif<\/strong> pour repenser la place du num\u00e9rique dans nos soci\u00e9t\u00e9s.<br data-start=\"3568\" data-end=\"3571\" \/>Participer, c\u2019est :<\/p>\n<ul data-start=\"3591\" data-end=\"3827\">\n<li data-start=\"3591\" data-end=\"3664\">\n<p data-start=\"3593\" data-end=\"3664\"><strong data-start=\"3593\" data-end=\"3661\">contribuer \u00e0 construire la \u201ctroisi\u00e8me voie num\u00e9rique\u201d europ\u00e9enne<\/strong>,<\/p>\n<\/li>\n<li data-start=\"3665\" data-end=\"3709\">\n<p data-start=\"3667\" data-end=\"3709\"><strong data-start=\"3667\" data-end=\"3706\">\u00e9changer avec des acteurs pionniers<\/strong>,<\/p>\n<\/li>\n<li data-start=\"3710\" data-end=\"3827\">\n<p data-start=\"3712\" data-end=\"3827\">et <strong data-start=\"3715\" data-end=\"3784\">repartir avec des outils, des contacts et des solutions concr\u00e8tes<\/strong> pour transformer vos pratiques num\u00e9riques.<\/p>\n<\/li>\n<\/ul>[\/et_pb_accordion_item][et_pb_accordion_item title=&#8221;Comment s\u2019inscrire au NEC ESS 2025 ?&#8221; _builder_version=&#8221;4.27.4&#8243; _module_preset=&#8221;default&#8221; global_colors_info=&#8221;{}&#8221; open=&#8221;off&#8221;]<p data-start=\"3120\" data-end=\"3247\">L\u2019inscription se fait en ligne via le site officiel du <strong data-start=\"3175\" data-end=\"3202\">Social Good Accelerator<\/strong> :<br data-start=\"3204\" data-end=\"3207\" \/>\ud83d\udc49 <a data-start=\"3210\" data-end=\"3247\" class=\"decorated-link\" rel=\"noopener\" href=\"https:\/\/www.helloasso.com\/associations\/social-good-accelerator\/evenements\/formulaire-d-inscription-nec-ess-2025\"><strong data-start=\"3211\" data-end=\"3243\">Je m\u2019inscris au NEC ESS 2025<\/strong><span aria-hidden=\"true\" class=\"ms-0.5 inline-block align-middle leading-none\"><svg width=\"20\" height=\"20\" viewbox=\"0 0 20 20\" fill=\"currentColor\" xmlns=\"http:\/\/www.w3.org\/2000\/svg\" data-rtl-flip=\"\" class=\"block h-[0.75em] w-[0.75em] stroke-current stroke-[0.75]\"><path d=\"M14.3349 13.3301V6.60645L5.47065 15.4707C5.21095 15.7304 4.78895 15.7304 4.52925 15.4707C4.26955 15.211 4.26955 14.789 4.52925 14.5293L13.3935 5.66504H6.66011C6.29284 5.66504 5.99507 5.36727 5.99507 5C5.99507 4.63273 6.29284 4.33496 6.66011 4.33496H14.9999L15.1337 4.34863C15.4369 4.41057 15.665 4.67857 15.665 5V13.3301C15.6649 13.6973 15.3672 13.9951 14.9999 13.9951C14.6327 13.9951 14.335 13.6973 14.3349 13.3301Z\"><\/path><\/svg><\/span><\/a><\/p>\n<p data-start=\"3249\" data-end=\"3375\">Une fois inscrit\u00b7e, vous recevrez toutes les informations pratiques (horaires, lieux, intervenant\u00b7es et outils participatifs).<\/p>[\/et_pb_accordion_item][\/et_pb_accordion][\/et_pb_column][\/et_pb_row][\/et_pb_section]","protected":false},"excerpt":{"rendered":"<p>Du 25 au 27 novembre 2025, le Social Good Accelerator (SOGA) et ses partenaires invitent les acteurs europ\u00e9ens du num\u00e9rique \u00e9thique et de l\u2019\u00e9conomie sociale et solidaire \u00e0 une nouvelle \u00e9dition de Num\u00e9rique en Commun[s] ESS Europe (NEC ESS).<\/p>\n","protected":false},"author":1,"featured_media":56021,"comment_status":"closed","ping_status":"closed","sticky":false,"template":"","format":"standard","meta":{"_et_pb_use_builder":"on","_et_pb_old_content":"","_et_gb_content_width":"","jetpack_post_was_ever_published":false,"_jetpack_newsletter_access":"","_jetpack_dont_email_post_to_subs":false,"_jetpack_newsletter_tier_id":0,"_jetpack_memberships_contains_paywalled_content":false,"_jetpack_memberships_contains_paid_content":false,"footnotes":""},"categories":[192],"tags":[369,251,397],"class_list":["post-56003","post","type-post","status-publish","format-standard","has-post-thumbnail","hentry","category-actualites-de-soga","tag-evenements","tag-nec-ess","tag-observatoire-social-tech-et-ess"],"yoast_head":"<!-- This site is optimized with the Yoast SEO plugin v27.4 - https:\/\/yoast.com\/product\/yoast-seo-wordpress\/ -->\n<title>NEC ESS 2025 : Intelligence artificielle ou coop\u00e9rative ? - SOGA<\/title>\n<meta name=\"description\" content=\"Du 25 au 27 novembre 2025, le Social Good Accelerator (SOGA) et ses partenaires invitent les acteurs europ\u00e9ens du num\u00e9rique \u00e9thique et de l\u2019\u00e9conomie sociale et solidaire \u00e0 une nouvelle \u00e9dition de Num\u00e9rique en Commun[s] ESS Europe (NEC ESS).\" \/>\n<meta name=\"robots\" content=\"index, follow, max-snippet:-1, max-image-preview:large, max-video-preview:-1\" \/>\n<link rel=\"canonical\" href=\"https:\/\/socialgoodaccelerator.eu\/fr\/2025\/10\/21\/nec-ess-2025-intelligence-artificielle-ou-cooperative\/\" \/>\n<meta property=\"og:locale\" content=\"fr_FR\" \/>\n<meta property=\"og:type\" content=\"article\" \/>\n<meta property=\"og:title\" content=\"NEC ESS 2025 : Intelligence artificielle ou coop\u00e9rative ? - SOGA\" \/>\n<meta property=\"og:description\" content=\"Du 25 au 27 novembre 2025, le Social Good Accelerator (SOGA) et ses partenaires invitent les acteurs europ\u00e9ens du num\u00e9rique \u00e9thique et de l\u2019\u00e9conomie sociale et solidaire \u00e0 une nouvelle \u00e9dition de Num\u00e9rique en Commun[s] ESS Europe (NEC ESS).\" \/>\n<meta property=\"og:url\" content=\"https:\/\/socialgoodaccelerator.eu\/fr\/2025\/10\/21\/nec-ess-2025-intelligence-artificielle-ou-cooperative\/\" \/>\n<meta property=\"og:site_name\" content=\"SOGA\" \/>\n<meta property=\"article:publisher\" content=\"https:\/\/www.facebook.com\/SocialGoodAccel.EU\/\" \/>\n<meta property=\"article:published_time\" content=\"2025-10-21T10:13:23+00:00\" \/>\n<meta property=\"article:modified_time\" content=\"2026-03-04T10:10:06+00:00\" \/>\n<meta property=\"og:image\" content=\"http:\/\/socialgoodaccelerator.eu\/wp-content\/uploads\/2025\/10\/NEC-ESS-PROGRAMME-1.png\" \/>\n\t<meta property=\"og:image:width\" content=\"1200\" \/>\n\t<meta property=\"og:image:height\" content=\"800\" \/>\n\t<meta property=\"og:image:type\" content=\"image\/png\" \/>\n<meta name=\"author\" content=\"sogaccelerator\" \/>\n<meta name=\"twitter:card\" content=\"summary_large_image\" \/>\n<meta name=\"twitter:label1\" content=\"\u00c9crit par\" \/>\n\t<meta name=\"twitter:data1\" content=\"sogaccelerator\" \/>\n\t<meta name=\"twitter:label2\" content=\"Dur\u00e9e de lecture estim\u00e9e\" \/>\n\t<meta name=\"twitter:data2\" content=\"5 minutes\" \/>\n<script type=\"application\/ld+json\" class=\"yoast-schema-graph\">{\"@context\":\"https:\\\/\\\/schema.org\",\"@graph\":[{\"@type\":\"Article\",\"@id\":\"https:\\\/\\\/socialgoodaccelerator.eu\\\/2025\\\/10\\\/21\\\/nec-ess-2025-intelligence-artificielle-ou-cooperative\\\/#article\",\"isPartOf\":{\"@id\":\"https:\\\/\\\/socialgoodaccelerator.eu\\\/2025\\\/10\\\/21\\\/nec-ess-2025-intelligence-artificielle-ou-cooperative\\\/\"},\"author\":{\"name\":\"sogaccelerator\",\"@id\":\"https:\\\/\\\/socialgoodaccelerator.eu\\\/#\\\/schema\\\/person\\\/0320622db91fd4a2ddef724cbdee0c3e\"},\"headline\":\"NEC ESS 2025 : Intelligence artificielle ou coop\u00e9rative ?\",\"datePublished\":\"2025-10-21T10:13:23+00:00\",\"dateModified\":\"2026-03-04T10:10:06+00:00\",\"mainEntityOfPage\":{\"@id\":\"https:\\\/\\\/socialgoodaccelerator.eu\\\/2025\\\/10\\\/21\\\/nec-ess-2025-intelligence-artificielle-ou-cooperative\\\/\"},\"wordCount\":1518,\"publisher\":{\"@id\":\"https:\\\/\\\/socialgoodaccelerator.eu\\\/#organization\"},\"image\":{\"@id\":\"https:\\\/\\\/socialgoodaccelerator.eu\\\/2025\\\/10\\\/21\\\/nec-ess-2025-intelligence-artificielle-ou-cooperative\\\/#primaryimage\"},\"thumbnailUrl\":\"https:\\\/\\\/i0.wp.com\\\/socialgoodaccelerator.eu\\\/wp-content\\\/uploads\\\/2025\\\/10\\\/NEC-ESS-PROGRAMME-1.png?fit=1200%2C800&ssl=1\",\"keywords\":[\"\u00c9v\u00e9nements (Connect)\",\"NEC ESS\",\"Observatoire Social Tech &amp; ESS\"],\"articleSection\":[\"Actualit\u00e9s de SOGA\"],\"inLanguage\":\"fr-FR\"},{\"@type\":\"WebPage\",\"@id\":\"https:\\\/\\\/socialgoodaccelerator.eu\\\/2025\\\/10\\\/21\\\/nec-ess-2025-intelligence-artificielle-ou-cooperative\\\/\",\"url\":\"https:\\\/\\\/socialgoodaccelerator.eu\\\/2025\\\/10\\\/21\\\/nec-ess-2025-intelligence-artificielle-ou-cooperative\\\/\",\"name\":\"NEC ESS 2025 : Intelligence artificielle ou coop\u00e9rative ? - SOGA\",\"isPartOf\":{\"@id\":\"https:\\\/\\\/socialgoodaccelerator.eu\\\/#website\"},\"primaryImageOfPage\":{\"@id\":\"https:\\\/\\\/socialgoodaccelerator.eu\\\/2025\\\/10\\\/21\\\/nec-ess-2025-intelligence-artificielle-ou-cooperative\\\/#primaryimage\"},\"image\":{\"@id\":\"https:\\\/\\\/socialgoodaccelerator.eu\\\/2025\\\/10\\\/21\\\/nec-ess-2025-intelligence-artificielle-ou-cooperative\\\/#primaryimage\"},\"thumbnailUrl\":\"https:\\\/\\\/i0.wp.com\\\/socialgoodaccelerator.eu\\\/wp-content\\\/uploads\\\/2025\\\/10\\\/NEC-ESS-PROGRAMME-1.png?fit=1200%2C800&ssl=1\",\"datePublished\":\"2025-10-21T10:13:23+00:00\",\"dateModified\":\"2026-03-04T10:10:06+00:00\",\"description\":\"Du 25 au 27 novembre 2025, le Social Good Accelerator (SOGA) et ses partenaires invitent les acteurs europ\u00e9ens du num\u00e9rique \u00e9thique et de l\u2019\u00e9conomie sociale et solidaire \u00e0 une nouvelle \u00e9dition de Num\u00e9rique en Commun[s] ESS Europe (NEC ESS).\",\"breadcrumb\":{\"@id\":\"https:\\\/\\\/socialgoodaccelerator.eu\\\/2025\\\/10\\\/21\\\/nec-ess-2025-intelligence-artificielle-ou-cooperative\\\/#breadcrumb\"},\"inLanguage\":\"fr-FR\",\"potentialAction\":[{\"@type\":\"ReadAction\",\"target\":[\"https:\\\/\\\/socialgoodaccelerator.eu\\\/2025\\\/10\\\/21\\\/nec-ess-2025-intelligence-artificielle-ou-cooperative\\\/\"]}]},{\"@type\":\"ImageObject\",\"inLanguage\":\"fr-FR\",\"@id\":\"https:\\\/\\\/socialgoodaccelerator.eu\\\/2025\\\/10\\\/21\\\/nec-ess-2025-intelligence-artificielle-ou-cooperative\\\/#primaryimage\",\"url\":\"https:\\\/\\\/i0.wp.com\\\/socialgoodaccelerator.eu\\\/wp-content\\\/uploads\\\/2025\\\/10\\\/NEC-ESS-PROGRAMME-1.png?fit=1200%2C800&ssl=1\",\"contentUrl\":\"https:\\\/\\\/i0.wp.com\\\/socialgoodaccelerator.eu\\\/wp-content\\\/uploads\\\/2025\\\/10\\\/NEC-ESS-PROGRAMME-1.png?fit=1200%2C800&ssl=1\",\"width\":1200,\"height\":800,\"caption\":\"NEC ESS 2025\"},{\"@type\":\"BreadcrumbList\",\"@id\":\"https:\\\/\\\/socialgoodaccelerator.eu\\\/2025\\\/10\\\/21\\\/nec-ess-2025-intelligence-artificielle-ou-cooperative\\\/#breadcrumb\",\"itemListElement\":[{\"@type\":\"ListItem\",\"position\":1,\"name\":\"Accueil\",\"item\":\"https:\\\/\\\/socialgoodaccelerator.eu\\\/\"},{\"@type\":\"ListItem\",\"position\":2,\"name\":\"NEC ESS 2025 : Intelligence artificielle ou coop\u00e9rative ?\"}]},{\"@type\":\"WebSite\",\"@id\":\"https:\\\/\\\/socialgoodaccelerator.eu\\\/#website\",\"url\":\"https:\\\/\\\/socialgoodaccelerator.eu\\\/\",\"name\":\"Social Good Accelerator\",\"description\":\"Acc\u00e9l\u00e9rer l&#039;ESS num\u00e9rique\",\"publisher\":{\"@id\":\"https:\\\/\\\/socialgoodaccelerator.eu\\\/#organization\"},\"alternateName\":\"SOGA\",\"potentialAction\":[{\"@type\":\"SearchAction\",\"target\":{\"@type\":\"EntryPoint\",\"urlTemplate\":\"https:\\\/\\\/socialgoodaccelerator.eu\\\/?s={search_term_string}\"},\"query-input\":{\"@type\":\"PropertyValueSpecification\",\"valueRequired\":true,\"valueName\":\"search_term_string\"}}],\"inLanguage\":\"fr-FR\"},{\"@type\":\"Organization\",\"@id\":\"https:\\\/\\\/socialgoodaccelerator.eu\\\/#organization\",\"name\":\"Social Good Accelerator\",\"alternateName\":\"SOGA\",\"url\":\"https:\\\/\\\/socialgoodaccelerator.eu\\\/\",\"logo\":{\"@type\":\"ImageObject\",\"inLanguage\":\"fr-FR\",\"@id\":\"https:\\\/\\\/socialgoodaccelerator.eu\\\/#\\\/schema\\\/logo\\\/image\\\/\",\"url\":\"https:\\\/\\\/i0.wp.com\\\/socialgoodaccelerator.eu\\\/wp-content\\\/uploads\\\/2023\\\/10\\\/cropped-LOGO-SOGA-V-FR.png?fit=512%2C512&ssl=1\",\"contentUrl\":\"https:\\\/\\\/i0.wp.com\\\/socialgoodaccelerator.eu\\\/wp-content\\\/uploads\\\/2023\\\/10\\\/cropped-LOGO-SOGA-V-FR.png?fit=512%2C512&ssl=1\",\"width\":512,\"height\":512,\"caption\":\"Social Good Accelerator\"},\"image\":{\"@id\":\"https:\\\/\\\/socialgoodaccelerator.eu\\\/#\\\/schema\\\/logo\\\/image\\\/\"},\"sameAs\":[\"https:\\\/\\\/www.facebook.com\\\/SocialGoodAccel.EU\\\/\",\"https:\\\/\\\/www.youtube.com\\\/@socialgoodaccelerator772\",\"https:\\\/\\\/www.youtube.com\\\/@SocialTechAcademy-eg6hp\"]},{\"@type\":\"Person\",\"@id\":\"https:\\\/\\\/socialgoodaccelerator.eu\\\/#\\\/schema\\\/person\\\/0320622db91fd4a2ddef724cbdee0c3e\",\"name\":\"sogaccelerator\",\"image\":{\"@type\":\"ImageObject\",\"inLanguage\":\"fr-FR\",\"@id\":\"https:\\\/\\\/secure.gravatar.com\\\/avatar\\\/99aef05386587650bb056a1275ce2e339bfe398930f37eb7262163da89aad453?s=96&d=mm&r=g\",\"url\":\"https:\\\/\\\/secure.gravatar.com\\\/avatar\\\/99aef05386587650bb056a1275ce2e339bfe398930f37eb7262163da89aad453?s=96&d=mm&r=g\",\"contentUrl\":\"https:\\\/\\\/secure.gravatar.com\\\/avatar\\\/99aef05386587650bb056a1275ce2e339bfe398930f37eb7262163da89aad453?s=96&d=mm&r=g\",\"caption\":\"sogaccelerator\"}}]}<\/script>\n<!-- \/ Yoast SEO plugin. -->","yoast_head_json":{"title":"NEC ESS 2025 : Intelligence artificielle ou coop\u00e9rative ? - SOGA","description":"Du 25 au 27 novembre 2025, le Social Good Accelerator (SOGA) et ses partenaires invitent les acteurs europ\u00e9ens du num\u00e9rique \u00e9thique et de l\u2019\u00e9conomie sociale et solidaire \u00e0 une nouvelle \u00e9dition de Num\u00e9rique en Commun[s] ESS Europe (NEC ESS).","robots":{"index":"index","follow":"follow","max-snippet":"max-snippet:-1","max-image-preview":"max-image-preview:large","max-video-preview":"max-video-preview:-1"},"canonical":"https:\/\/socialgoodaccelerator.eu\/fr\/2025\/10\/21\/nec-ess-2025-intelligence-artificielle-ou-cooperative\/","og_locale":"fr_FR","og_type":"article","og_title":"NEC ESS 2025 : Intelligence artificielle ou coop\u00e9rative ? - SOGA","og_description":"Du 25 au 27 novembre 2025, le Social Good Accelerator (SOGA) et ses partenaires invitent les acteurs europ\u00e9ens du num\u00e9rique \u00e9thique et de l\u2019\u00e9conomie sociale et solidaire \u00e0 une nouvelle \u00e9dition de Num\u00e9rique en Commun[s] ESS Europe (NEC ESS).","og_url":"https:\/\/socialgoodaccelerator.eu\/fr\/2025\/10\/21\/nec-ess-2025-intelligence-artificielle-ou-cooperative\/","og_site_name":"SOGA","article_publisher":"https:\/\/www.facebook.com\/SocialGoodAccel.EU\/","article_published_time":"2025-10-21T10:13:23+00:00","article_modified_time":"2026-03-04T10:10:06+00:00","og_image":[{"width":1200,"height":800,"url":"http:\/\/socialgoodaccelerator.eu\/wp-content\/uploads\/2025\/10\/NEC-ESS-PROGRAMME-1.png","type":"image\/png"}],"author":"sogaccelerator","twitter_card":"summary_large_image","twitter_misc":{"\u00c9crit par":"sogaccelerator","Dur\u00e9e de lecture estim\u00e9e":"5 minutes"},"schema":{"@context":"https:\/\/schema.org","@graph":[{"@type":"Article","@id":"https:\/\/socialgoodaccelerator.eu\/2025\/10\/21\/nec-ess-2025-intelligence-artificielle-ou-cooperative\/#article","isPartOf":{"@id":"https:\/\/socialgoodaccelerator.eu\/2025\/10\/21\/nec-ess-2025-intelligence-artificielle-ou-cooperative\/"},"author":{"name":"sogaccelerator","@id":"https:\/\/socialgoodaccelerator.eu\/#\/schema\/person\/0320622db91fd4a2ddef724cbdee0c3e"},"headline":"NEC ESS 2025 : Intelligence artificielle ou coop\u00e9rative ?","datePublished":"2025-10-21T10:13:23+00:00","dateModified":"2026-03-04T10:10:06+00:00","mainEntityOfPage":{"@id":"https:\/\/socialgoodaccelerator.eu\/2025\/10\/21\/nec-ess-2025-intelligence-artificielle-ou-cooperative\/"},"wordCount":1518,"publisher":{"@id":"https:\/\/socialgoodaccelerator.eu\/#organization"},"image":{"@id":"https:\/\/socialgoodaccelerator.eu\/2025\/10\/21\/nec-ess-2025-intelligence-artificielle-ou-cooperative\/#primaryimage"},"thumbnailUrl":"https:\/\/i0.wp.com\/socialgoodaccelerator.eu\/wp-content\/uploads\/2025\/10\/NEC-ESS-PROGRAMME-1.png?fit=1200%2C800&ssl=1","keywords":["\u00c9v\u00e9nements (Connect)","NEC ESS","Observatoire Social Tech &amp; ESS"],"articleSection":["Actualit\u00e9s de SOGA"],"inLanguage":"fr-FR"},{"@type":"WebPage","@id":"https:\/\/socialgoodaccelerator.eu\/2025\/10\/21\/nec-ess-2025-intelligence-artificielle-ou-cooperative\/","url":"https:\/\/socialgoodaccelerator.eu\/2025\/10\/21\/nec-ess-2025-intelligence-artificielle-ou-cooperative\/","name":"NEC ESS 2025 : Intelligence artificielle ou coop\u00e9rative ? - SOGA","isPartOf":{"@id":"https:\/\/socialgoodaccelerator.eu\/#website"},"primaryImageOfPage":{"@id":"https:\/\/socialgoodaccelerator.eu\/2025\/10\/21\/nec-ess-2025-intelligence-artificielle-ou-cooperative\/#primaryimage"},"image":{"@id":"https:\/\/socialgoodaccelerator.eu\/2025\/10\/21\/nec-ess-2025-intelligence-artificielle-ou-cooperative\/#primaryimage"},"thumbnailUrl":"https:\/\/i0.wp.com\/socialgoodaccelerator.eu\/wp-content\/uploads\/2025\/10\/NEC-ESS-PROGRAMME-1.png?fit=1200%2C800&ssl=1","datePublished":"2025-10-21T10:13:23+00:00","dateModified":"2026-03-04T10:10:06+00:00","description":"Du 25 au 27 novembre 2025, le Social Good Accelerator (SOGA) et ses partenaires invitent les acteurs europ\u00e9ens du num\u00e9rique \u00e9thique et de l\u2019\u00e9conomie sociale et solidaire \u00e0 une nouvelle \u00e9dition de Num\u00e9rique en Commun[s] ESS Europe (NEC ESS).","breadcrumb":{"@id":"https:\/\/socialgoodaccelerator.eu\/2025\/10\/21\/nec-ess-2025-intelligence-artificielle-ou-cooperative\/#breadcrumb"},"inLanguage":"fr-FR","potentialAction":[{"@type":"ReadAction","target":["https:\/\/socialgoodaccelerator.eu\/2025\/10\/21\/nec-ess-2025-intelligence-artificielle-ou-cooperative\/"]}]},{"@type":"ImageObject","inLanguage":"fr-FR","@id":"https:\/\/socialgoodaccelerator.eu\/2025\/10\/21\/nec-ess-2025-intelligence-artificielle-ou-cooperative\/#primaryimage","url":"https:\/\/i0.wp.com\/socialgoodaccelerator.eu\/wp-content\/uploads\/2025\/10\/NEC-ESS-PROGRAMME-1.png?fit=1200%2C800&ssl=1","contentUrl":"https:\/\/i0.wp.com\/socialgoodaccelerator.eu\/wp-content\/uploads\/2025\/10\/NEC-ESS-PROGRAMME-1.png?fit=1200%2C800&ssl=1","width":1200,"height":800,"caption":"NEC ESS 2025"},{"@type":"BreadcrumbList","@id":"https:\/\/socialgoodaccelerator.eu\/2025\/10\/21\/nec-ess-2025-intelligence-artificielle-ou-cooperative\/#breadcrumb","itemListElement":[{"@type":"ListItem","position":1,"name":"Accueil","item":"https:\/\/socialgoodaccelerator.eu\/"},{"@type":"ListItem","position":2,"name":"NEC ESS 2025 : Intelligence artificielle ou coop\u00e9rative ?"}]},{"@type":"WebSite","@id":"https:\/\/socialgoodaccelerator.eu\/#website","url":"https:\/\/socialgoodaccelerator.eu\/","name":"Social Good Accelerator","description":"Acc\u00e9l\u00e9rer l&#039;ESS num\u00e9rique","publisher":{"@id":"https:\/\/socialgoodaccelerator.eu\/#organization"},"alternateName":"SOGA","potentialAction":[{"@type":"SearchAction","target":{"@type":"EntryPoint","urlTemplate":"https:\/\/socialgoodaccelerator.eu\/?s={search_term_string}"},"query-input":{"@type":"PropertyValueSpecification","valueRequired":true,"valueName":"search_term_string"}}],"inLanguage":"fr-FR"},{"@type":"Organization","@id":"https:\/\/socialgoodaccelerator.eu\/#organization","name":"Social Good Accelerator","alternateName":"SOGA","url":"https:\/\/socialgoodaccelerator.eu\/","logo":{"@type":"ImageObject","inLanguage":"fr-FR","@id":"https:\/\/socialgoodaccelerator.eu\/#\/schema\/logo\/image\/","url":"https:\/\/i0.wp.com\/socialgoodaccelerator.eu\/wp-content\/uploads\/2023\/10\/cropped-LOGO-SOGA-V-FR.png?fit=512%2C512&ssl=1","contentUrl":"https:\/\/i0.wp.com\/socialgoodaccelerator.eu\/wp-content\/uploads\/2023\/10\/cropped-LOGO-SOGA-V-FR.png?fit=512%2C512&ssl=1","width":512,"height":512,"caption":"Social Good Accelerator"},"image":{"@id":"https:\/\/socialgoodaccelerator.eu\/#\/schema\/logo\/image\/"},"sameAs":["https:\/\/www.facebook.com\/SocialGoodAccel.EU\/","https:\/\/www.youtube.com\/@socialgoodaccelerator772","https:\/\/www.youtube.com\/@SocialTechAcademy-eg6hp"]},{"@type":"Person","@id":"https:\/\/socialgoodaccelerator.eu\/#\/schema\/person\/0320622db91fd4a2ddef724cbdee0c3e","name":"sogaccelerator","image":{"@type":"ImageObject","inLanguage":"fr-FR","@id":"https:\/\/secure.gravatar.com\/avatar\/99aef05386587650bb056a1275ce2e339bfe398930f37eb7262163da89aad453?s=96&d=mm&r=g","url":"https:\/\/secure.gravatar.com\/avatar\/99aef05386587650bb056a1275ce2e339bfe398930f37eb7262163da89aad453?s=96&d=mm&r=g","contentUrl":"https:\/\/secure.gravatar.com\/avatar\/99aef05386587650bb056a1275ce2e339bfe398930f37eb7262163da89aad453?s=96&d=mm&r=g","caption":"sogaccelerator"}}]}},"jetpack_featured_media_url":"https:\/\/i0.wp.com\/socialgoodaccelerator.eu\/wp-content\/uploads\/2025\/10\/NEC-ESS-PROGRAMME-1.png?fit=1200%2C800&ssl=1","jetpack_likes_enabled":true,"jetpack-related-posts":[{"id":57863,"url":"https:\/\/socialgoodaccelerator.eu\/fr\/2026\/04\/23\/lasuite-coop\/","url_meta":{"origin":56003,"position":0},"title":"LaSuite.coop : l\u2019alternative num\u00e9rique coop\u00e9rative, libre et h\u00e9berg\u00e9e en Europe dont l\u2019ESS avait besoin","author":"sogaccelerator","date":"23 avril 2026","format":"gallery","excerpt":"Abstract :\u00a0Chaque ann\u00e9e, 70 milliards d\u2019euros quittent la France en direction des \u00c9tats-Unis pour financer nos seuls usages num\u00e9riques. Derri\u00e8re\u2026","rel":"","context":"Dans &quot;Actualit\u00e9s de SOGA&quot;","block_context":{"text":"Actualit\u00e9s de SOGA","link":"https:\/\/socialgoodaccelerator.eu\/fr\/category\/actualites-de-soga\/"},"img":{"alt_text":"LaSuite.coop","src":"https:\/\/i0.wp.com\/socialgoodaccelerator.eu\/wp-content\/uploads\/2026\/04\/Design-sans-titre-2-1-1.png?fit=1200%2C627&ssl=1&resize=350%2C200","width":350,"height":200,"srcset":"https:\/\/i0.wp.com\/socialgoodaccelerator.eu\/wp-content\/uploads\/2026\/04\/Design-sans-titre-2-1-1.png?fit=1200%2C627&ssl=1&resize=350%2C200 1x, https:\/\/i0.wp.com\/socialgoodaccelerator.eu\/wp-content\/uploads\/2026\/04\/Design-sans-titre-2-1-1.png?fit=1200%2C627&ssl=1&resize=525%2C300 1.5x, https:\/\/i0.wp.com\/socialgoodaccelerator.eu\/wp-content\/uploads\/2026\/04\/Design-sans-titre-2-1-1.png?fit=1200%2C627&ssl=1&resize=700%2C400 2x, https:\/\/i0.wp.com\/socialgoodaccelerator.eu\/wp-content\/uploads\/2026\/04\/Design-sans-titre-2-1-1.png?fit=1200%2C627&ssl=1&resize=1050%2C600 3x"},"classes":[]},{"id":50793,"url":"https:\/\/socialgoodaccelerator.eu\/fr\/2022\/05\/17\/social-economy-europe-interview-on-the-second-social-economy-summit\/","url_meta":{"origin":56003,"position":1},"title":"\"Une exp\u00e9rience r\u00e9ussie\", le point de vue de Social Economy Europe sur le Sommet europ\u00e9en de l'\u00e9conomie sociale.","author":"sogaccelerator","date":"17 mai 2022","format":false,"excerpt":"Le sommet europ\u00e9en de l'\u00e9conomie sociale des 5 et 6 mai 2022 \u00e0 Strasbourg s'est pench\u00e9 sur la place de l'\u00e9conomie sociale dans l'Union europ\u00e9enne et son avenir \u00e0 travers des conf\u00e9rences, des ateliers et des rencontres.","rel":"","context":"Dans &quot;Interviews \/ T\u00e9moignages&quot;","block_context":{"text":"Interviews \/ T\u00e9moignages","link":"https:\/\/socialgoodaccelerator.eu\/fr\/category\/interviews-temoignages\/"},"img":{"alt_text":"","src":"https:\/\/i0.wp.com\/socialgoodaccelerator.eu\/wp-content\/uploads\/2022\/05\/Capture-decran-2022-05-17-a-11.33.32.png?fit=626%2C485&ssl=1&resize=350%2C200","width":350,"height":200,"srcset":"https:\/\/i0.wp.com\/socialgoodaccelerator.eu\/wp-content\/uploads\/2022\/05\/Capture-decran-2022-05-17-a-11.33.32.png?fit=626%2C485&ssl=1&resize=350%2C200 1x, https:\/\/i0.wp.com\/socialgoodaccelerator.eu\/wp-content\/uploads\/2022\/05\/Capture-decran-2022-05-17-a-11.33.32.png?fit=626%2C485&ssl=1&resize=525%2C300 1.5x"},"classes":[]},{"id":51172,"url":"https:\/\/socialgoodaccelerator.eu\/fr\/2022\/07\/13\/analysis-of-the-report-on-the-digital-commons\/","url_meta":{"origin":56003,"position":2},"title":"Analyse du rapport sur les communs num\u00e9riques","author":"sogaccelerator","date":"13 juillet 2022","format":false,"excerpt":"Let's analyse some of the ideas and proposals of the report on the digital commons and Europe's sovereignty (June 2022).","rel":"","context":"Dans &quot;Communs &amp; plaidoyer&quot;","block_context":{"text":"Communs &amp; plaidoyer","link":"https:\/\/socialgoodaccelerator.eu\/fr\/category\/communs-et-plaidoyer\/"},"img":{"alt_text":"","src":"https:\/\/i0.wp.com\/socialgoodaccelerator.eu\/wp-content\/uploads\/2022\/07\/Image-aggrandie-Visuel-article-communs-numeriques-Publication-LinkedIn-e1657876948843.png?fit=1200%2C1200&ssl=1&resize=350%2C200","width":350,"height":200,"srcset":"https:\/\/i0.wp.com\/socialgoodaccelerator.eu\/wp-content\/uploads\/2022\/07\/Image-aggrandie-Visuel-article-communs-numeriques-Publication-LinkedIn-e1657876948843.png?fit=1200%2C1200&ssl=1&resize=350%2C200 1x, https:\/\/i0.wp.com\/socialgoodaccelerator.eu\/wp-content\/uploads\/2022\/07\/Image-aggrandie-Visuel-article-communs-numeriques-Publication-LinkedIn-e1657876948843.png?fit=1200%2C1200&ssl=1&resize=525%2C300 1.5x, https:\/\/i0.wp.com\/socialgoodaccelerator.eu\/wp-content\/uploads\/2022\/07\/Image-aggrandie-Visuel-article-communs-numeriques-Publication-LinkedIn-e1657876948843.png?fit=1200%2C1200&ssl=1&resize=700%2C400 2x, https:\/\/i0.wp.com\/socialgoodaccelerator.eu\/wp-content\/uploads\/2022\/07\/Image-aggrandie-Visuel-article-communs-numeriques-Publication-LinkedIn-e1657876948843.png?fit=1200%2C1200&ssl=1&resize=1050%2C600 3x"},"classes":[]},{"id":50186,"url":"https:\/\/socialgoodaccelerator.eu\/fr\/2021\/11\/30\/social-tech-atlas-why-a-single-map-for-a-thousand-social-organisations\/","url_meta":{"origin":56003,"position":3},"title":"Social Tech Atlas : pourquoi une seule et m\u00eame carte pour 1000 organisations de l'ESS ?","author":"sogaccelerator","date":"30 novembre 2021","format":false,"excerpt":"Until now, there was no European database gathering both organisations supporting social economy stakeholders in their digital transition and those offering alternative digital tools and services. This is now done with the Social Tech Atlas...","rel":"","context":"Dans &quot;Communs &amp; plaidoyer&quot;","block_context":{"text":"Communs &amp; plaidoyer","link":"https:\/\/socialgoodaccelerator.eu\/fr\/category\/communs-et-plaidoyer\/"},"img":{"alt_text":"Screenshot Social Tech Atlas","src":"https:\/\/i0.wp.com\/socialgoodaccelerator.eu\/wp-content\/uploads\/2021\/11\/Capture-de%CC%81cran-2021-11-30-a%CC%80-12.32.33.png?fit=694%2C560&ssl=1&resize=350%2C200","width":350,"height":200,"srcset":"https:\/\/i0.wp.com\/socialgoodaccelerator.eu\/wp-content\/uploads\/2021\/11\/Capture-de%CC%81cran-2021-11-30-a%CC%80-12.32.33.png?fit=694%2C560&ssl=1&resize=350%2C200 1x, https:\/\/i0.wp.com\/socialgoodaccelerator.eu\/wp-content\/uploads\/2021\/11\/Capture-de%CC%81cran-2021-11-30-a%CC%80-12.32.33.png?fit=694%2C560&ssl=1&resize=525%2C300 1.5x"},"classes":[]},{"id":50394,"url":"https:\/\/socialgoodaccelerator.eu\/fr\/2022\/03\/10\/open-letter\/","url_meta":{"origin":56003,"position":4},"title":"Open letter: the necessary digital transition of the social economy","author":"sogaccelerator","date":"10 mars 2022","format":false,"excerpt":"En f\u00e9vrier 2021, le Social Good Accelerator et ses 70 membres ont maintenu leur vision dans leur lettre ouverte. Un monde meilleur ne peut \u00eatre r\u00e9alis\u00e9 qu'avec le soutien total de l'\u00e9conomie sociale, qui doit \u00e9galement \u00eatre num\u00e9ris\u00e9e.","rel":"","context":"Dans &quot;Notes de position&quot;","block_context":{"text":"Notes de position","link":"https:\/\/socialgoodaccelerator.eu\/fr\/category\/notes-de-position\/"},"img":{"alt_text":"SOGA team flags Lisbon","src":"https:\/\/i0.wp.com\/socialgoodaccelerator.eu\/wp-content\/uploads\/2018\/03\/flags.jpg?fit=1200%2C900&ssl=1&resize=350%2C200","width":350,"height":200,"srcset":"https:\/\/i0.wp.com\/socialgoodaccelerator.eu\/wp-content\/uploads\/2018\/03\/flags.jpg?fit=1200%2C900&ssl=1&resize=350%2C200 1x, https:\/\/i0.wp.com\/socialgoodaccelerator.eu\/wp-content\/uploads\/2018\/03\/flags.jpg?fit=1200%2C900&ssl=1&resize=525%2C300 1.5x, https:\/\/i0.wp.com\/socialgoodaccelerator.eu\/wp-content\/uploads\/2018\/03\/flags.jpg?fit=1200%2C900&ssl=1&resize=700%2C400 2x, https:\/\/i0.wp.com\/socialgoodaccelerator.eu\/wp-content\/uploads\/2018\/03\/flags.jpg?fit=1200%2C900&ssl=1&resize=1050%2C600 3x"},"classes":[]},{"id":50484,"url":"https:\/\/socialgoodaccelerator.eu\/fr\/2022\/03\/25\/la-mednum-a-singular-structure-for-digital-inclusion\/","url_meta":{"origin":56003,"position":5},"title":"La Mednum, \u00ab une structure singuli\u00e8re \u00bb pour l\u2019inclusion num\u00e9rique","author":"sogaccelerator","date":"25 mars 2022","format":false,"excerpt":"Le 15 mars 2022, Guilhem Pradali\u00e9, Directeur G\u00e9n\u00e9ral de la MedNum, membre du Social good accelerator, nous a accord\u00e9 un entretien au cours duquel il revient sur ce qu'est la MedNum, quels sont ses projets, d\u00e9fis et son r\u00f4le au sein du SOGA.","rel":"","context":"Dans &quot;Communs &amp; plaidoyer&quot;","block_context":{"text":"Communs &amp; plaidoyer","link":"https:\/\/socialgoodaccelerator.eu\/fr\/category\/communs-et-plaidoyer\/"},"img":{"alt_text":"","src":"https:\/\/i0.wp.com\/socialgoodaccelerator.eu\/wp-content\/uploads\/2022\/03\/Capture-de%CC%81cran-2022-04-20-a%CC%80-11.38.38.png?fit=495%2C361&ssl=1&resize=350%2C200","width":350,"height":200},"classes":[]}],"jetpack_sharing_enabled":true,"jetpack_shortlink":"https:\/\/wp.me\/p9J6Qk-ezh","_links":{"self":[{"href":"https:\/\/socialgoodaccelerator.eu\/fr\/wp-json\/wp\/v2\/posts\/56003","targetHints":{"allow":["GET"]}}],"collection":[{"href":"https:\/\/socialgoodaccelerator.eu\/fr\/wp-json\/wp\/v2\/posts"}],"about":[{"href":"https:\/\/socialgoodaccelerator.eu\/fr\/wp-json\/wp\/v2\/types\/post"}],"author":[{"embeddable":true,"href":"https:\/\/socialgoodaccelerator.eu\/fr\/wp-json\/wp\/v2\/users\/1"}],"replies":[{"embeddable":true,"href":"https:\/\/socialgoodaccelerator.eu\/fr\/wp-json\/wp\/v2\/comments?post=56003"}],"version-history":[{"count":6,"href":"https:\/\/socialgoodaccelerator.eu\/fr\/wp-json\/wp\/v2\/posts\/56003\/revisions"}],"predecessor-version":[{"id":56093,"href":"https:\/\/socialgoodaccelerator.eu\/fr\/wp-json\/wp\/v2\/posts\/56003\/revisions\/56093"}],"wp:featuredmedia":[{"embeddable":true,"href":"https:\/\/socialgoodaccelerator.eu\/fr\/wp-json\/wp\/v2\/media\/56021"}],"wp:attachment":[{"href":"https:\/\/socialgoodaccelerator.eu\/fr\/wp-json\/wp\/v2\/media?parent=56003"}],"wp:term":[{"taxonomy":"category","embeddable":true,"href":"https:\/\/socialgoodaccelerator.eu\/fr\/wp-json\/wp\/v2\/categories?post=56003"},{"taxonomy":"post_tag","embeddable":true,"href":"https:\/\/socialgoodaccelerator.eu\/fr\/wp-json\/wp\/v2\/tags?post=56003"}],"curies":[{"name":"wp","href":"https:\/\/api.w.org\/{rel}","templated":true}]}}