{"id":55686,"date":"2017-11-12T17:01:54","date_gmt":"2017-11-12T16:01:54","guid":{"rendered":"https:\/\/socialgoodaccelerator.eu\/?p=55686"},"modified":"2026-03-04T11:33:57","modified_gmt":"2026-03-04T10:33:57","slug":"concilier-nouvelles-technologies-et-economie-sociale-et-solidaire","status":"publish","type":"post","link":"https:\/\/socialgoodaccelerator.eu\/fr\/2017\/11\/12\/concilier-nouvelles-technologies-et-economie-sociale-et-solidaire\/","title":{"rendered":"Concilier nouvelles technologies et \u00e9conomie sociale et solidaire"},"content":{"rendered":"[et_pb_section fb_built=&#8221;1&#8243; _builder_version=&#8221;4.27.4&#8243; _module_preset=&#8221;default&#8221; da_disable_devices=&#8221;off|off|off&#8221; global_colors_info=&#8221;{}&#8221; da_is_popup=&#8221;off&#8221; da_exit_intent=&#8221;off&#8221; da_has_close=&#8221;on&#8221; da_alt_close=&#8221;off&#8221; da_dark_close=&#8221;off&#8221; da_not_modal=&#8221;on&#8221; da_is_singular=&#8221;off&#8221; da_with_loader=&#8221;off&#8221; da_has_shadow=&#8221;on&#8221;][et_pb_row _builder_version=&#8221;4.27.4&#8243; _module_preset=&#8221;default&#8221; custom_padding=&#8221;||41px|||&#8221; global_colors_info=&#8221;{}&#8221;][et_pb_column type=&#8221;4_4&#8243; _builder_version=&#8221;4.27.4&#8243; _module_preset=&#8221;default&#8221; global_colors_info=&#8221;{}&#8221;][et_pb_heading title=&#8221;Concilier nouvelles technologies et \u00e9conomie sociale et solidaire&#8221; _builder_version=&#8221;4.27.6&#8243; _module_preset=&#8221;default&#8221; title_font=&#8221;|800|||||||&#8221; hover_enabled=&#8221;0&#8243; global_colors_info=&#8221;{}&#8221; sticky_enabled=&#8221;0&#8243;][\/et_pb_heading][et_pb_text _builder_version=&#8221;4.27.4&#8243; _module_preset=&#8221;default&#8221; text_font=&#8221;|600|||||||&#8221; text_text_color=&#8221;gcid-body-color&#8221; text_line_height=&#8221;2em&#8221; global_colors_info=&#8221;{%22gcid-body-color%22:%91%22text_text_color%22%93}&#8221;]<p data-start=\"255\" data-end=\"483\">Lors du Web Summit 2017 \u00e0 Lisbonne, le <strong data-start=\"39\" data-end=\"66\">Social Good Accelerator<\/strong> s\u2019est impos\u00e9 comme <strong data-start=\"86\" data-end=\"111\">une voix embl\u00e9matique<\/strong> de la convergence entre tech et impact social. D\u00e9couvrez comment cette initiative est devenue le trait d\u2019union entre innovation num\u00e9rique et utilit\u00e9 collective.<\/p>[\/et_pb_text][\/et_pb_column][\/et_pb_row][et_pb_row _builder_version=&#8221;4.27.4&#8243; _module_preset=&#8221;default&#8221; custom_padding=&#8221;58px|||||&#8221; global_colors_info=&#8221;{}&#8221;][et_pb_column type=&#8221;4_4&#8243; _builder_version=&#8221;4.27.4&#8243; _module_preset=&#8221;default&#8221; global_colors_info=&#8221;{}&#8221;][et_pb_heading title=&#8221;Un concept fort port\u00e9 au Web Summit&#8221; _builder_version=&#8221;4.27.4&#8243; _module_preset=&#8221;default&#8221; title_level=&#8221;h3&#8243; global_colors_info=&#8221;{}&#8221;][\/et_pb_heading][et_pb_text quote_border_color=&#8221;gcid-secondary-color&#8221; _builder_version=&#8221;4.27.4&#8243; _module_preset=&#8221;default&#8221; text_text_color=&#8221;gcid-body-color&#8221; text_line_height=&#8221;2em&#8221; global_colors_info=&#8221;{%22gcid-body-color%22:%91%22text_text_color%22%93,%22gcid-secondary-color%22:%91%22quote_border_color%22%93}&#8221;]<p data-start=\"318\" data-end=\"355\"><span class=\"relative -mx-px my-[-0.2rem] rounded px-px py-[0.2rem] transition-colors duration-100 ease-in-out\">En novembre 2017, une d\u00e9l\u00e9gation franco-portugaise d\u2019une vingtaine d\u2019acteurs (start\u2011ups, fondations, associations) a incarn\u00e9 la vision du Social Good Accelerator sur la sc\u00e8ne mondiale du Web Summit \u00e0 Lisbonne.<\/span><\/p>\n<blockquote data-start=\"357\" data-end=\"434\"><p data-start=\"359\" data-end=\"434\"><span class=\"relative -mx-px my-[-0.2rem] rounded px-px py-[0.2rem] transition-colors duration-100 ease-in-out\"><strong data-start=\"0\" data-end=\"58\" data-is-only-node=\"\">\u00ab\u202fMore Social Good in tech, more Tech in Social Good\u202f\u00bb<\/strong> \u2014 tel \u00e9tait le message phare, lanc\u00e9 \u00e0 la table ronde accueillant Fran\u00e7ois Hollande. Organis\u00e9 par G\u00e9n\u00e9ration2, le collectif a mis en avant le besoin d\u2019une transition num\u00e9rique inclusive, sociale et r\u00e9ellement au service de l\u2019int\u00e9r\u00eat g\u00e9n\u00e9ral.<\/span><\/p>\n<\/blockquote>[\/et_pb_text][et_pb_heading title=&#8221;Tech for Good : un potentiel \u00e0 partager&#8221; _builder_version=&#8221;4.27.4&#8243; _module_preset=&#8221;default&#8221; title_level=&#8221;h3&#8243; global_colors_info=&#8221;{}&#8221;][\/et_pb_heading][et_pb_text _builder_version=&#8221;4.27.4&#8243; _module_preset=&#8221;default&#8221; text_text_color=&#8221;gcid-body-color&#8221; global_colors_info=&#8221;{%22gcid-body-color%22:%91%22text_text_color%22%93}&#8221;]<p data-start=\"1399\" data-end=\"1472\">L\u2019article fait valoir que les technologies num\u00e9riques, lorsqu\u2019elles sont mises au service du collectif, permettent de r\u00e9pondre \u00e0 des d\u00e9fis de soci\u00e9t\u00e9 majeurs : inclusion num\u00e9rique, justice sociale, habitat durable, e\u2011sant\u00e9, \u00e9galit\u00e9 des chances, etc.<\/p>[\/et_pb_text][et_pb_heading title=&#8221;Une alliance \u00e0 deux sens&#8221; _builder_version=&#8221;4.27.4&#8243; _module_preset=&#8221;default&#8221; title_level=&#8221;h3&#8243; global_colors_info=&#8221;{}&#8221;][\/et_pb_heading][et_pb_text _builder_version=&#8221;4.27.4&#8243; _module_preset=&#8221;default&#8221; text_text_color=&#8221;gcid-body-color&#8221; global_colors_info=&#8221;{%22gcid-body-color%22:%91%22text_text_color%22%93}&#8221;]<p data-start=\"604\" data-end=\"643\"><span class=\"relative -mx-px my-[-0.2rem] rounded px-px py-[0.2rem] transition-colors duration-100 ease-in-out\">Le texte insiste \u00e9galement sur les b\u00e9n\u00e9fices mutuels entre la tech et l\u2019\u00e9conomie sociale et solidaire (ESS) :<\/span><\/p>\n<ul data-start=\"644\" data-end=\"765\">\n<li data-start=\"644\" data-end=\"685\">\n<p data-start=\"646\" data-end=\"685\"><span class=\"relative -mx-px my-[-0.2rem] rounded px-px py-[0.2rem] transition-colors duration-100 ease-in-out\"><strong data-start=\"0\" data-end=\"16\" data-is-only-node=\"\">Pour la tech<\/strong> : donner du sens, de l\u2019engagement plus humain, renforcer la motivation interne et l\u2019image de marque.<\/span><\/p>\n<\/li>\n<li data-start=\"686\" data-end=\"765\">\n<p data-start=\"688\" data-end=\"765\"><span class=\"relative -mx-px my-[-0.2rem] rounded px-px py-[0.2rem] transition-colors duration-100 ease-in-out\"><strong data-start=\"0\" data-end=\"14\" data-is-only-node=\"\">Pour l\u2019ESS<\/strong> : b\u00e9n\u00e9ficier de moyens technologiques, d\u2019outils concrets et d\u2019un appui strat\u00e9gique pour augmenter son impact.<\/span><\/p>\n<\/li>\n<\/ul>[\/et_pb_text][et_pb_heading title=&#8221;Une initiative ancr\u00e9e et structur\u00e9e&#8221; _builder_version=&#8221;4.27.4&#8243; _module_preset=&#8221;default&#8221; title_level=&#8221;h3&#8243; global_colors_info=&#8221;{}&#8221;][\/et_pb_heading][et_pb_text _builder_version=&#8221;4.27.4&#8243; _module_preset=&#8221;default&#8221; text_text_color=&#8221;gcid-body-color&#8221; text_line_height=&#8221;2em&#8221; hover_enabled=&#8221;0&#8243; global_colors_info=&#8221;{%22gcid-body-color%22:%91%22text_text_color%22%93}&#8221; sticky_enabled=&#8221;0&#8243;]<p data-start=\"604\" data-end=\"643\">Le SOGA n\u2019a pas seulement \u00e9t\u00e9 pr\u00e9sent sur le Web Summit : il a produit un <strong data-start=\"890\" data-end=\"903\">manifeste<\/strong> proposant des actions concr\u00e8tes pour acc\u00e9l\u00e9rer l\u2019essor d\u2019une tech plus utile socialement. Il est ainsi devenu un v\u00e9ritable <strong data-start=\"1027\" data-end=\"1046\">think &amp; do tank<\/strong>, engag\u00e9 dans une vision europ\u00e9enne o\u00f9 num\u00e9rique rime avec inclusion.<\/p>[\/et_pb_text][et_pb_button button_url=&#8221;https:\/\/www.microdon.org\/blog\/social-good-accelerator-concilier-nouvelles-technologies-utilite-sociale\/2017\/11\/13&#8243; button_text=&#8221;Je consulte l&#8217;article de microDon complet&#8221; button_alignment=&#8221;center&#8221; _builder_version=&#8221;4.27.6&#8243; _module_preset=&#8221;default&#8221; custom_button=&#8221;on&#8221; button_text_color=&#8221;#FFFFFF&#8221; hover_enabled=&#8221;0&#8243; global_colors_info=&#8221;{%22gcid-secondary-color%22:%91%22button_bg_color%22,%22button_bg_color__hover%22%93}&#8221; button_text_color__hover_enabled=&#8221;on|hover&#8221; sticky_enabled=&#8221;0&#8243; button_text_color__hover=&#8221;#FFFFFF&#8221; button_bg_color__hover_enabled=&#8221;on|hover&#8221; button_bg_color=&#8221;gcid-secondary-color&#8221; button_bg_enable_color=&#8221;on&#8221; button_bg_color__hover=&#8221;gcid-secondary-color&#8221; button_bg_enable_color__hover=&#8221;on&#8221; button_border_radius=&#8221;30px&#8221;][\/et_pb_button][et_pb_text _builder_version=&#8221;4.27.6&#8243; _module_preset=&#8221;default&#8221; text_text_color=&#8221;gcid-body-color&#8221; text_line_height=&#8221;2em&#8221; hover_enabled=&#8221;0&#8243; global_colors_info=&#8221;{%22gcid-body-color%22:%91%22text_text_color%22%93}&#8221; sticky_enabled=&#8221;0&#8243;]<p>A lire aussi :<br \/>\n<ul>\n<li><a href=\"https:\/\/socialgoodaccelerator.eu\/fr\/2022\/11\/03\/pour-une-acceleration-du-numerique-dinteret-general-en-europe\/\">Pour une acc\u00e9l\u00e9ration du num\u00e9rique d\u2019int\u00e9r\u00eat g\u00e9n\u00e9ral en Europe<\/a><\/li>\n<li><a href=\"https:\/\/socialgoodaccelerator.eu\/fr\/2020\/07\/21\/reconcilier-ess-et-tech-un-defi-cle-de-la-transition-numerique\/\">R\u00e9concilier ESS et Tech : un d\u00e9fi cl\u00e9 de la transition num\u00e9rique<\/a><\/li>\n<\/ul>[\/et_pb_text][\/et_pb_column][\/et_pb_row][\/et_pb_section]","protected":false},"excerpt":{"rendered":"<p>Lors du Web Summit 2017 \u00e0 Lisbonne, le Social Good Accelerator s\u2019est impos\u00e9 comme une voix embl\u00e9matique de la convergence entre tech et impact social. D\u00e9couvrez comment cette initiative est [&hellip;]<\/p>\n","protected":false},"author":1,"featured_media":49562,"comment_status":"closed","ping_status":"closed","sticky":false,"template":"","format":"standard","meta":{"_et_pb_use_builder":"on","_et_pb_old_content":"","_et_gb_content_width":"","jetpack_post_was_ever_published":false,"_jetpack_newsletter_access":"","_jetpack_dont_email_post_to_subs":false,"_jetpack_newsletter_tier_id":0,"_jetpack_memberships_contains_paywalled_content":false,"_jetpack_memberships_contains_paid_content":false,"footnotes":""},"categories":[417],"tags":[438],"class_list":["post-55686","post","type-post","status-publish","format-standard","has-post-thumbnail","hentry","category-tribunes-et-medias","tag-microdon"],"yoast_head":"<!-- This site is optimized with the Yoast SEO plugin v27.4 - https:\/\/yoast.com\/product\/yoast-seo-wordpress\/ -->\n<title>Concilier nouvelles technologies et \u00e9conomie sociale et solidaire - SOGA<\/title>\n<meta name=\"description\" content=\"Concilier nouvelles technologies et utilit\u00e9 sociale au Web Summit 2017. Le Web Summit 2017, sommet mondial des nouvelles technologies consid\u00e9r\u00e9 comme le \u00ab Davos des geeks \u00bb, s\u2019est tenu \u00e0 Lisbonne du 6 au 9 novembre 2017.\" \/>\n<meta name=\"robots\" content=\"index, follow, max-snippet:-1, max-image-preview:large, max-video-preview:-1\" \/>\n<link rel=\"canonical\" href=\"https:\/\/socialgoodaccelerator.eu\/fr\/2017\/11\/12\/concilier-nouvelles-technologies-et-economie-sociale-et-solidaire\/\" \/>\n<meta property=\"og:locale\" content=\"fr_FR\" \/>\n<meta property=\"og:type\" content=\"article\" \/>\n<meta property=\"og:title\" content=\"Concilier nouvelles technologies et \u00e9conomie sociale et solidaire - SOGA\" \/>\n<meta property=\"og:description\" content=\"Concilier nouvelles technologies et utilit\u00e9 sociale au Web Summit 2017. Le Web Summit 2017, sommet mondial des nouvelles technologies consid\u00e9r\u00e9 comme le \u00ab Davos des geeks \u00bb, s\u2019est tenu \u00e0 Lisbonne du 6 au 9 novembre 2017.\" \/>\n<meta property=\"og:url\" content=\"https:\/\/socialgoodaccelerator.eu\/fr\/2017\/11\/12\/concilier-nouvelles-technologies-et-economie-sociale-et-solidaire\/\" \/>\n<meta property=\"og:site_name\" content=\"SOGA\" \/>\n<meta property=\"article:publisher\" content=\"https:\/\/www.facebook.com\/SocialGoodAccel.EU\/\" \/>\n<meta property=\"article:published_time\" content=\"2017-11-12T16:01:54+00:00\" \/>\n<meta property=\"article:modified_time\" content=\"2026-03-04T10:33:57+00:00\" \/>\n<meta property=\"og:image\" content=\"http:\/\/socialgoodaccelerator.eu\/wp-content\/uploads\/2021\/09\/1200px-Microdon-logo-bleu-01.png\" \/>\n\t<meta property=\"og:image:width\" content=\"1200\" \/>\n\t<meta property=\"og:image:height\" content=\"704\" \/>\n\t<meta property=\"og:image:type\" content=\"image\/png\" \/>\n<meta name=\"author\" content=\"sogaccelerator\" \/>\n<meta name=\"twitter:card\" content=\"summary_large_image\" \/>\n<meta name=\"twitter:label1\" content=\"\u00c9crit par\" \/>\n\t<meta name=\"twitter:data1\" content=\"sogaccelerator\" \/>\n\t<meta name=\"twitter:label2\" content=\"Dur\u00e9e de lecture estim\u00e9e\" \/>\n\t<meta name=\"twitter:data2\" content=\"2 minutes\" \/>\n<script type=\"application\/ld+json\" class=\"yoast-schema-graph\">{\"@context\":\"https:\\\/\\\/schema.org\",\"@graph\":[{\"@type\":\"Article\",\"@id\":\"https:\\\/\\\/socialgoodaccelerator.eu\\\/2017\\\/11\\\/12\\\/concilier-nouvelles-technologies-et-economie-sociale-et-solidaire\\\/#article\",\"isPartOf\":{\"@id\":\"https:\\\/\\\/socialgoodaccelerator.eu\\\/2017\\\/11\\\/12\\\/concilier-nouvelles-technologies-et-economie-sociale-et-solidaire\\\/\"},\"author\":{\"name\":\"sogaccelerator\",\"@id\":\"https:\\\/\\\/socialgoodaccelerator.eu\\\/#\\\/schema\\\/person\\\/0320622db91fd4a2ddef724cbdee0c3e\"},\"headline\":\"Concilier nouvelles technologies et \u00e9conomie sociale et solidaire\",\"datePublished\":\"2017-11-12T16:01:54+00:00\",\"dateModified\":\"2026-03-04T10:33:57+00:00\",\"mainEntityOfPage\":{\"@id\":\"https:\\\/\\\/socialgoodaccelerator.eu\\\/2017\\\/11\\\/12\\\/concilier-nouvelles-technologies-et-economie-sociale-et-solidaire\\\/\"},\"wordCount\":844,\"publisher\":{\"@id\":\"https:\\\/\\\/socialgoodaccelerator.eu\\\/#organization\"},\"image\":{\"@id\":\"https:\\\/\\\/socialgoodaccelerator.eu\\\/2017\\\/11\\\/12\\\/concilier-nouvelles-technologies-et-economie-sociale-et-solidaire\\\/#primaryimage\"},\"thumbnailUrl\":\"https:\\\/\\\/i0.wp.com\\\/socialgoodaccelerator.eu\\\/wp-content\\\/uploads\\\/2021\\\/09\\\/1200px-Microdon-logo-bleu-01.png?fit=1200%2C704&ssl=1\",\"keywords\":[\"MicroDon\"],\"articleSection\":[\"Tribunes &amp; m\u00e9dias\"],\"inLanguage\":\"fr-FR\"},{\"@type\":\"WebPage\",\"@id\":\"https:\\\/\\\/socialgoodaccelerator.eu\\\/2017\\\/11\\\/12\\\/concilier-nouvelles-technologies-et-economie-sociale-et-solidaire\\\/\",\"url\":\"https:\\\/\\\/socialgoodaccelerator.eu\\\/2017\\\/11\\\/12\\\/concilier-nouvelles-technologies-et-economie-sociale-et-solidaire\\\/\",\"name\":\"Concilier nouvelles technologies et \u00e9conomie sociale et solidaire - SOGA\",\"isPartOf\":{\"@id\":\"https:\\\/\\\/socialgoodaccelerator.eu\\\/#website\"},\"primaryImageOfPage\":{\"@id\":\"https:\\\/\\\/socialgoodaccelerator.eu\\\/2017\\\/11\\\/12\\\/concilier-nouvelles-technologies-et-economie-sociale-et-solidaire\\\/#primaryimage\"},\"image\":{\"@id\":\"https:\\\/\\\/socialgoodaccelerator.eu\\\/2017\\\/11\\\/12\\\/concilier-nouvelles-technologies-et-economie-sociale-et-solidaire\\\/#primaryimage\"},\"thumbnailUrl\":\"https:\\\/\\\/i0.wp.com\\\/socialgoodaccelerator.eu\\\/wp-content\\\/uploads\\\/2021\\\/09\\\/1200px-Microdon-logo-bleu-01.png?fit=1200%2C704&ssl=1\",\"datePublished\":\"2017-11-12T16:01:54+00:00\",\"dateModified\":\"2026-03-04T10:33:57+00:00\",\"description\":\"Concilier nouvelles technologies et utilit\u00e9 sociale au Web Summit 2017. Le Web Summit 2017, sommet mondial des nouvelles technologies consid\u00e9r\u00e9 comme le \u00ab Davos des geeks \u00bb, s\u2019est tenu \u00e0 Lisbonne du 6 au 9 novembre 2017.\",\"breadcrumb\":{\"@id\":\"https:\\\/\\\/socialgoodaccelerator.eu\\\/2017\\\/11\\\/12\\\/concilier-nouvelles-technologies-et-economie-sociale-et-solidaire\\\/#breadcrumb\"},\"inLanguage\":\"fr-FR\",\"potentialAction\":[{\"@type\":\"ReadAction\",\"target\":[\"https:\\\/\\\/socialgoodaccelerator.eu\\\/2017\\\/11\\\/12\\\/concilier-nouvelles-technologies-et-economie-sociale-et-solidaire\\\/\"]}]},{\"@type\":\"ImageObject\",\"inLanguage\":\"fr-FR\",\"@id\":\"https:\\\/\\\/socialgoodaccelerator.eu\\\/2017\\\/11\\\/12\\\/concilier-nouvelles-technologies-et-economie-sociale-et-solidaire\\\/#primaryimage\",\"url\":\"https:\\\/\\\/i0.wp.com\\\/socialgoodaccelerator.eu\\\/wp-content\\\/uploads\\\/2021\\\/09\\\/1200px-Microdon-logo-bleu-01.png?fit=1200%2C704&ssl=1\",\"contentUrl\":\"https:\\\/\\\/i0.wp.com\\\/socialgoodaccelerator.eu\\\/wp-content\\\/uploads\\\/2021\\\/09\\\/1200px-Microdon-logo-bleu-01.png?fit=1200%2C704&ssl=1\",\"width\":1200,\"height\":704},{\"@type\":\"BreadcrumbList\",\"@id\":\"https:\\\/\\\/socialgoodaccelerator.eu\\\/2017\\\/11\\\/12\\\/concilier-nouvelles-technologies-et-economie-sociale-et-solidaire\\\/#breadcrumb\",\"itemListElement\":[{\"@type\":\"ListItem\",\"position\":1,\"name\":\"Accueil\",\"item\":\"https:\\\/\\\/socialgoodaccelerator.eu\\\/\"},{\"@type\":\"ListItem\",\"position\":2,\"name\":\"Concilier nouvelles technologies et \u00e9conomie sociale et solidaire\"}]},{\"@type\":\"WebSite\",\"@id\":\"https:\\\/\\\/socialgoodaccelerator.eu\\\/#website\",\"url\":\"https:\\\/\\\/socialgoodaccelerator.eu\\\/\",\"name\":\"Social Good Accelerator\",\"description\":\"Acc\u00e9l\u00e9rer l&#039;ESS num\u00e9rique\",\"publisher\":{\"@id\":\"https:\\\/\\\/socialgoodaccelerator.eu\\\/#organization\"},\"alternateName\":\"SOGA\",\"potentialAction\":[{\"@type\":\"SearchAction\",\"target\":{\"@type\":\"EntryPoint\",\"urlTemplate\":\"https:\\\/\\\/socialgoodaccelerator.eu\\\/?s={search_term_string}\"},\"query-input\":{\"@type\":\"PropertyValueSpecification\",\"valueRequired\":true,\"valueName\":\"search_term_string\"}}],\"inLanguage\":\"fr-FR\"},{\"@type\":\"Organization\",\"@id\":\"https:\\\/\\\/socialgoodaccelerator.eu\\\/#organization\",\"name\":\"Social Good Accelerator\",\"alternateName\":\"SOGA\",\"url\":\"https:\\\/\\\/socialgoodaccelerator.eu\\\/\",\"logo\":{\"@type\":\"ImageObject\",\"inLanguage\":\"fr-FR\",\"@id\":\"https:\\\/\\\/socialgoodaccelerator.eu\\\/#\\\/schema\\\/logo\\\/image\\\/\",\"url\":\"https:\\\/\\\/i0.wp.com\\\/socialgoodaccelerator.eu\\\/wp-content\\\/uploads\\\/2023\\\/10\\\/cropped-LOGO-SOGA-V-FR.png?fit=512%2C512&ssl=1\",\"contentUrl\":\"https:\\\/\\\/i0.wp.com\\\/socialgoodaccelerator.eu\\\/wp-content\\\/uploads\\\/2023\\\/10\\\/cropped-LOGO-SOGA-V-FR.png?fit=512%2C512&ssl=1\",\"width\":512,\"height\":512,\"caption\":\"Social Good Accelerator\"},\"image\":{\"@id\":\"https:\\\/\\\/socialgoodaccelerator.eu\\\/#\\\/schema\\\/logo\\\/image\\\/\"},\"sameAs\":[\"https:\\\/\\\/www.facebook.com\\\/SocialGoodAccel.EU\\\/\",\"https:\\\/\\\/www.youtube.com\\\/@socialgoodaccelerator772\",\"https:\\\/\\\/www.youtube.com\\\/@SocialTechAcademy-eg6hp\"]},{\"@type\":\"Person\",\"@id\":\"https:\\\/\\\/socialgoodaccelerator.eu\\\/#\\\/schema\\\/person\\\/0320622db91fd4a2ddef724cbdee0c3e\",\"name\":\"sogaccelerator\",\"image\":{\"@type\":\"ImageObject\",\"inLanguage\":\"fr-FR\",\"@id\":\"https:\\\/\\\/secure.gravatar.com\\\/avatar\\\/99aef05386587650bb056a1275ce2e339bfe398930f37eb7262163da89aad453?s=96&d=mm&r=g\",\"url\":\"https:\\\/\\\/secure.gravatar.com\\\/avatar\\\/99aef05386587650bb056a1275ce2e339bfe398930f37eb7262163da89aad453?s=96&d=mm&r=g\",\"contentUrl\":\"https:\\\/\\\/secure.gravatar.com\\\/avatar\\\/99aef05386587650bb056a1275ce2e339bfe398930f37eb7262163da89aad453?s=96&d=mm&r=g\",\"caption\":\"sogaccelerator\"}}]}<\/script>\n<!-- \/ Yoast SEO plugin. -->","yoast_head_json":{"title":"Concilier nouvelles technologies et \u00e9conomie sociale et solidaire - SOGA","description":"Concilier nouvelles technologies et utilit\u00e9 sociale au Web Summit 2017. Le Web Summit 2017, sommet mondial des nouvelles technologies consid\u00e9r\u00e9 comme le \u00ab Davos des geeks \u00bb, s\u2019est tenu \u00e0 Lisbonne du 6 au 9 novembre 2017.","robots":{"index":"index","follow":"follow","max-snippet":"max-snippet:-1","max-image-preview":"max-image-preview:large","max-video-preview":"max-video-preview:-1"},"canonical":"https:\/\/socialgoodaccelerator.eu\/fr\/2017\/11\/12\/concilier-nouvelles-technologies-et-economie-sociale-et-solidaire\/","og_locale":"fr_FR","og_type":"article","og_title":"Concilier nouvelles technologies et \u00e9conomie sociale et solidaire - SOGA","og_description":"Concilier nouvelles technologies et utilit\u00e9 sociale au Web Summit 2017. Le Web Summit 2017, sommet mondial des nouvelles technologies consid\u00e9r\u00e9 comme le \u00ab Davos des geeks \u00bb, s\u2019est tenu \u00e0 Lisbonne du 6 au 9 novembre 2017.","og_url":"https:\/\/socialgoodaccelerator.eu\/fr\/2017\/11\/12\/concilier-nouvelles-technologies-et-economie-sociale-et-solidaire\/","og_site_name":"SOGA","article_publisher":"https:\/\/www.facebook.com\/SocialGoodAccel.EU\/","article_published_time":"2017-11-12T16:01:54+00:00","article_modified_time":"2026-03-04T10:33:57+00:00","og_image":[{"width":1200,"height":704,"url":"http:\/\/socialgoodaccelerator.eu\/wp-content\/uploads\/2021\/09\/1200px-Microdon-logo-bleu-01.png","type":"image\/png"}],"author":"sogaccelerator","twitter_card":"summary_large_image","twitter_misc":{"\u00c9crit par":"sogaccelerator","Dur\u00e9e de lecture estim\u00e9e":"2 minutes"},"schema":{"@context":"https:\/\/schema.org","@graph":[{"@type":"Article","@id":"https:\/\/socialgoodaccelerator.eu\/2017\/11\/12\/concilier-nouvelles-technologies-et-economie-sociale-et-solidaire\/#article","isPartOf":{"@id":"https:\/\/socialgoodaccelerator.eu\/2017\/11\/12\/concilier-nouvelles-technologies-et-economie-sociale-et-solidaire\/"},"author":{"name":"sogaccelerator","@id":"https:\/\/socialgoodaccelerator.eu\/#\/schema\/person\/0320622db91fd4a2ddef724cbdee0c3e"},"headline":"Concilier nouvelles technologies et \u00e9conomie sociale et solidaire","datePublished":"2017-11-12T16:01:54+00:00","dateModified":"2026-03-04T10:33:57+00:00","mainEntityOfPage":{"@id":"https:\/\/socialgoodaccelerator.eu\/2017\/11\/12\/concilier-nouvelles-technologies-et-economie-sociale-et-solidaire\/"},"wordCount":844,"publisher":{"@id":"https:\/\/socialgoodaccelerator.eu\/#organization"},"image":{"@id":"https:\/\/socialgoodaccelerator.eu\/2017\/11\/12\/concilier-nouvelles-technologies-et-economie-sociale-et-solidaire\/#primaryimage"},"thumbnailUrl":"https:\/\/i0.wp.com\/socialgoodaccelerator.eu\/wp-content\/uploads\/2021\/09\/1200px-Microdon-logo-bleu-01.png?fit=1200%2C704&ssl=1","keywords":["MicroDon"],"articleSection":["Tribunes &amp; m\u00e9dias"],"inLanguage":"fr-FR"},{"@type":"WebPage","@id":"https:\/\/socialgoodaccelerator.eu\/2017\/11\/12\/concilier-nouvelles-technologies-et-economie-sociale-et-solidaire\/","url":"https:\/\/socialgoodaccelerator.eu\/2017\/11\/12\/concilier-nouvelles-technologies-et-economie-sociale-et-solidaire\/","name":"Concilier nouvelles technologies et \u00e9conomie sociale et solidaire - SOGA","isPartOf":{"@id":"https:\/\/socialgoodaccelerator.eu\/#website"},"primaryImageOfPage":{"@id":"https:\/\/socialgoodaccelerator.eu\/2017\/11\/12\/concilier-nouvelles-technologies-et-economie-sociale-et-solidaire\/#primaryimage"},"image":{"@id":"https:\/\/socialgoodaccelerator.eu\/2017\/11\/12\/concilier-nouvelles-technologies-et-economie-sociale-et-solidaire\/#primaryimage"},"thumbnailUrl":"https:\/\/i0.wp.com\/socialgoodaccelerator.eu\/wp-content\/uploads\/2021\/09\/1200px-Microdon-logo-bleu-01.png?fit=1200%2C704&ssl=1","datePublished":"2017-11-12T16:01:54+00:00","dateModified":"2026-03-04T10:33:57+00:00","description":"Concilier nouvelles technologies et utilit\u00e9 sociale au Web Summit 2017. Le Web Summit 2017, sommet mondial des nouvelles technologies consid\u00e9r\u00e9 comme le \u00ab Davos des geeks \u00bb, s\u2019est tenu \u00e0 Lisbonne du 6 au 9 novembre 2017.","breadcrumb":{"@id":"https:\/\/socialgoodaccelerator.eu\/2017\/11\/12\/concilier-nouvelles-technologies-et-economie-sociale-et-solidaire\/#breadcrumb"},"inLanguage":"fr-FR","potentialAction":[{"@type":"ReadAction","target":["https:\/\/socialgoodaccelerator.eu\/2017\/11\/12\/concilier-nouvelles-technologies-et-economie-sociale-et-solidaire\/"]}]},{"@type":"ImageObject","inLanguage":"fr-FR","@id":"https:\/\/socialgoodaccelerator.eu\/2017\/11\/12\/concilier-nouvelles-technologies-et-economie-sociale-et-solidaire\/#primaryimage","url":"https:\/\/i0.wp.com\/socialgoodaccelerator.eu\/wp-content\/uploads\/2021\/09\/1200px-Microdon-logo-bleu-01.png?fit=1200%2C704&ssl=1","contentUrl":"https:\/\/i0.wp.com\/socialgoodaccelerator.eu\/wp-content\/uploads\/2021\/09\/1200px-Microdon-logo-bleu-01.png?fit=1200%2C704&ssl=1","width":1200,"height":704},{"@type":"BreadcrumbList","@id":"https:\/\/socialgoodaccelerator.eu\/2017\/11\/12\/concilier-nouvelles-technologies-et-economie-sociale-et-solidaire\/#breadcrumb","itemListElement":[{"@type":"ListItem","position":1,"name":"Accueil","item":"https:\/\/socialgoodaccelerator.eu\/"},{"@type":"ListItem","position":2,"name":"Concilier nouvelles technologies et \u00e9conomie sociale et solidaire"}]},{"@type":"WebSite","@id":"https:\/\/socialgoodaccelerator.eu\/#website","url":"https:\/\/socialgoodaccelerator.eu\/","name":"Social Good Accelerator","description":"Acc\u00e9l\u00e9rer l&#039;ESS num\u00e9rique","publisher":{"@id":"https:\/\/socialgoodaccelerator.eu\/#organization"},"alternateName":"SOGA","potentialAction":[{"@type":"SearchAction","target":{"@type":"EntryPoint","urlTemplate":"https:\/\/socialgoodaccelerator.eu\/?s={search_term_string}"},"query-input":{"@type":"PropertyValueSpecification","valueRequired":true,"valueName":"search_term_string"}}],"inLanguage":"fr-FR"},{"@type":"Organization","@id":"https:\/\/socialgoodaccelerator.eu\/#organization","name":"Social Good Accelerator","alternateName":"SOGA","url":"https:\/\/socialgoodaccelerator.eu\/","logo":{"@type":"ImageObject","inLanguage":"fr-FR","@id":"https:\/\/socialgoodaccelerator.eu\/#\/schema\/logo\/image\/","url":"https:\/\/i0.wp.com\/socialgoodaccelerator.eu\/wp-content\/uploads\/2023\/10\/cropped-LOGO-SOGA-V-FR.png?fit=512%2C512&ssl=1","contentUrl":"https:\/\/i0.wp.com\/socialgoodaccelerator.eu\/wp-content\/uploads\/2023\/10\/cropped-LOGO-SOGA-V-FR.png?fit=512%2C512&ssl=1","width":512,"height":512,"caption":"Social Good Accelerator"},"image":{"@id":"https:\/\/socialgoodaccelerator.eu\/#\/schema\/logo\/image\/"},"sameAs":["https:\/\/www.facebook.com\/SocialGoodAccel.EU\/","https:\/\/www.youtube.com\/@socialgoodaccelerator772","https:\/\/www.youtube.com\/@SocialTechAcademy-eg6hp"]},{"@type":"Person","@id":"https:\/\/socialgoodaccelerator.eu\/#\/schema\/person\/0320622db91fd4a2ddef724cbdee0c3e","name":"sogaccelerator","image":{"@type":"ImageObject","inLanguage":"fr-FR","@id":"https:\/\/secure.gravatar.com\/avatar\/99aef05386587650bb056a1275ce2e339bfe398930f37eb7262163da89aad453?s=96&d=mm&r=g","url":"https:\/\/secure.gravatar.com\/avatar\/99aef05386587650bb056a1275ce2e339bfe398930f37eb7262163da89aad453?s=96&d=mm&r=g","contentUrl":"https:\/\/secure.gravatar.com\/avatar\/99aef05386587650bb056a1275ce2e339bfe398930f37eb7262163da89aad453?s=96&d=mm&r=g","caption":"sogaccelerator"}}]}},"jetpack_featured_media_url":"https:\/\/i0.wp.com\/socialgoodaccelerator.eu\/wp-content\/uploads\/2021\/09\/1200px-Microdon-logo-bleu-01.png?fit=1200%2C704&ssl=1","jetpack_likes_enabled":true,"jetpack-related-posts":[{"id":57863,"url":"https:\/\/socialgoodaccelerator.eu\/fr\/2026\/04\/23\/lasuite-coop\/","url_meta":{"origin":55686,"position":0},"title":"LaSuite.coop : l\u2019alternative num\u00e9rique coop\u00e9rative, libre et h\u00e9berg\u00e9e en Europe dont l\u2019ESS avait besoin","author":"sogaccelerator","date":"23 avril 2026","format":"gallery","excerpt":"","rel":"","context":"Dans &quot;Actualit\u00e9s de SOGA&quot;","block_context":{"text":"Actualit\u00e9s de SOGA","link":"https:\/\/socialgoodaccelerator.eu\/fr\/category\/actualites-de-soga\/"},"img":{"alt_text":"LaSuite.coop","src":"https:\/\/i0.wp.com\/socialgoodaccelerator.eu\/wp-content\/uploads\/2026\/04\/Design-sans-titre-2-1-1.png?fit=1200%2C627&ssl=1&resize=350%2C200","width":350,"height":200,"srcset":"https:\/\/i0.wp.com\/socialgoodaccelerator.eu\/wp-content\/uploads\/2026\/04\/Design-sans-titre-2-1-1.png?fit=1200%2C627&ssl=1&resize=350%2C200 1x, https:\/\/i0.wp.com\/socialgoodaccelerator.eu\/wp-content\/uploads\/2026\/04\/Design-sans-titre-2-1-1.png?fit=1200%2C627&ssl=1&resize=525%2C300 1.5x, https:\/\/i0.wp.com\/socialgoodaccelerator.eu\/wp-content\/uploads\/2026\/04\/Design-sans-titre-2-1-1.png?fit=1200%2C627&ssl=1&resize=700%2C400 2x, https:\/\/i0.wp.com\/socialgoodaccelerator.eu\/wp-content\/uploads\/2026\/04\/Design-sans-titre-2-1-1.png?fit=1200%2C627&ssl=1&resize=1050%2C600 3x"},"classes":[]},{"id":50394,"url":"https:\/\/socialgoodaccelerator.eu\/fr\/2022\/03\/10\/open-letter\/","url_meta":{"origin":55686,"position":1},"title":"Open letter: the necessary digital transition of the social economy","author":"sogaccelerator","date":"10 mars 2022","format":false,"excerpt":"En f\u00e9vrier 2021, le Social Good Accelerator et ses 70 membres ont maintenu leur vision dans leur lettre ouverte. Un monde meilleur ne peut \u00eatre r\u00e9alis\u00e9 qu'avec le soutien total de l'\u00e9conomie sociale, qui doit \u00e9galement \u00eatre num\u00e9ris\u00e9e.","rel":"","context":"Dans &quot;Notes de position&quot;","block_context":{"text":"Notes de position","link":"https:\/\/socialgoodaccelerator.eu\/fr\/category\/notes-de-position\/"},"img":{"alt_text":"SOGA team flags Lisbon","src":"https:\/\/i0.wp.com\/socialgoodaccelerator.eu\/wp-content\/uploads\/2018\/03\/flags.jpg?fit=1200%2C900&ssl=1&resize=350%2C200","width":350,"height":200,"srcset":"https:\/\/i0.wp.com\/socialgoodaccelerator.eu\/wp-content\/uploads\/2018\/03\/flags.jpg?fit=1200%2C900&ssl=1&resize=350%2C200 1x, https:\/\/i0.wp.com\/socialgoodaccelerator.eu\/wp-content\/uploads\/2018\/03\/flags.jpg?fit=1200%2C900&ssl=1&resize=525%2C300 1.5x, https:\/\/i0.wp.com\/socialgoodaccelerator.eu\/wp-content\/uploads\/2018\/03\/flags.jpg?fit=1200%2C900&ssl=1&resize=700%2C400 2x, https:\/\/i0.wp.com\/socialgoodaccelerator.eu\/wp-content\/uploads\/2018\/03\/flags.jpg?fit=1200%2C900&ssl=1&resize=1050%2C600 3x"},"classes":[]},{"id":50186,"url":"https:\/\/socialgoodaccelerator.eu\/fr\/2021\/11\/30\/social-tech-atlas-why-a-single-map-for-a-thousand-social-organisations\/","url_meta":{"origin":55686,"position":2},"title":"Social Tech Atlas : pourquoi une seule et m\u00eame carte pour 1000 organisations de l'ESS ?","author":"sogaccelerator","date":"30 novembre 2021","format":false,"excerpt":"Until now, there was no European database gathering both organisations supporting social economy stakeholders in their digital transition and those offering alternative digital tools and services. This is now done with the Social Tech Atlas...","rel":"","context":"Dans &quot;Communs &amp; plaidoyer&quot;","block_context":{"text":"Communs &amp; plaidoyer","link":"https:\/\/socialgoodaccelerator.eu\/fr\/category\/communs-et-plaidoyer\/"},"img":{"alt_text":"Screenshot Social Tech Atlas","src":"https:\/\/i0.wp.com\/socialgoodaccelerator.eu\/wp-content\/uploads\/2021\/11\/Capture-de%CC%81cran-2021-11-30-a%CC%80-12.32.33.png?fit=694%2C560&ssl=1&resize=350%2C200","width":350,"height":200,"srcset":"https:\/\/i0.wp.com\/socialgoodaccelerator.eu\/wp-content\/uploads\/2021\/11\/Capture-de%CC%81cran-2021-11-30-a%CC%80-12.32.33.png?fit=694%2C560&ssl=1&resize=350%2C200 1x, https:\/\/i0.wp.com\/socialgoodaccelerator.eu\/wp-content\/uploads\/2021\/11\/Capture-de%CC%81cran-2021-11-30-a%CC%80-12.32.33.png?fit=694%2C560&ssl=1&resize=525%2C300 1.5x"},"classes":[]},{"id":50793,"url":"https:\/\/socialgoodaccelerator.eu\/fr\/2022\/05\/17\/social-economy-europe-interview-on-the-second-social-economy-summit\/","url_meta":{"origin":55686,"position":3},"title":"\"Une exp\u00e9rience r\u00e9ussie\", le point de vue de Social Economy Europe sur le Sommet europ\u00e9en de l'\u00e9conomie sociale.","author":"sogaccelerator","date":"17 mai 2022","format":false,"excerpt":"Le sommet europ\u00e9en de l'\u00e9conomie sociale des 5 et 6 mai 2022 \u00e0 Strasbourg s'est pench\u00e9 sur la place de l'\u00e9conomie sociale dans l'Union europ\u00e9enne et son avenir \u00e0 travers des conf\u00e9rences, des ateliers et des rencontres.","rel":"","context":"Dans &quot;Interviews \/ T\u00e9moignages&quot;","block_context":{"text":"Interviews \/ T\u00e9moignages","link":"https:\/\/socialgoodaccelerator.eu\/fr\/category\/interviews-temoignages\/"},"img":{"alt_text":"","src":"https:\/\/i0.wp.com\/socialgoodaccelerator.eu\/wp-content\/uploads\/2022\/05\/Capture-decran-2022-05-17-a-11.33.32.png?fit=626%2C485&ssl=1&resize=350%2C200","width":350,"height":200,"srcset":"https:\/\/i0.wp.com\/socialgoodaccelerator.eu\/wp-content\/uploads\/2022\/05\/Capture-decran-2022-05-17-a-11.33.32.png?fit=626%2C485&ssl=1&resize=350%2C200 1x, https:\/\/i0.wp.com\/socialgoodaccelerator.eu\/wp-content\/uploads\/2022\/05\/Capture-decran-2022-05-17-a-11.33.32.png?fit=626%2C485&ssl=1&resize=525%2C300 1.5x"},"classes":[]},{"id":51172,"url":"https:\/\/socialgoodaccelerator.eu\/fr\/2022\/07\/13\/analysis-of-the-report-on-the-digital-commons\/","url_meta":{"origin":55686,"position":4},"title":"Analyse du rapport sur les communs num\u00e9riques","author":"sogaccelerator","date":"13 juillet 2022","format":false,"excerpt":"Let's analyse some of the ideas and proposals of the report on the digital commons and Europe's sovereignty (June 2022).","rel":"","context":"Dans &quot;Communs &amp; plaidoyer&quot;","block_context":{"text":"Communs &amp; plaidoyer","link":"https:\/\/socialgoodaccelerator.eu\/fr\/category\/communs-et-plaidoyer\/"},"img":{"alt_text":"","src":"https:\/\/i0.wp.com\/socialgoodaccelerator.eu\/wp-content\/uploads\/2022\/07\/Image-aggrandie-Visuel-article-communs-numeriques-Publication-LinkedIn-e1657876948843.png?fit=1200%2C1200&ssl=1&resize=350%2C200","width":350,"height":200,"srcset":"https:\/\/i0.wp.com\/socialgoodaccelerator.eu\/wp-content\/uploads\/2022\/07\/Image-aggrandie-Visuel-article-communs-numeriques-Publication-LinkedIn-e1657876948843.png?fit=1200%2C1200&ssl=1&resize=350%2C200 1x, https:\/\/i0.wp.com\/socialgoodaccelerator.eu\/wp-content\/uploads\/2022\/07\/Image-aggrandie-Visuel-article-communs-numeriques-Publication-LinkedIn-e1657876948843.png?fit=1200%2C1200&ssl=1&resize=525%2C300 1.5x, https:\/\/i0.wp.com\/socialgoodaccelerator.eu\/wp-content\/uploads\/2022\/07\/Image-aggrandie-Visuel-article-communs-numeriques-Publication-LinkedIn-e1657876948843.png?fit=1200%2C1200&ssl=1&resize=700%2C400 2x, https:\/\/i0.wp.com\/socialgoodaccelerator.eu\/wp-content\/uploads\/2022\/07\/Image-aggrandie-Visuel-article-communs-numeriques-Publication-LinkedIn-e1657876948843.png?fit=1200%2C1200&ssl=1&resize=1050%2C600 3x"},"classes":[]},{"id":51087,"url":"https:\/\/socialgoodaccelerator.eu\/fr\/2022\/07\/07\/rapport-activite-2021\/","url_meta":{"origin":55686,"position":5},"title":"Rapport d&#8217;activit\u00e9 2021","author":"sogaccelerator","date":"7 juillet 2022","format":false,"excerpt":"D\u00e9couvrez toutes les actions accomplies par le Social good Accelerator en 2021 et ses perspectives pour 2022 dans ce rapport d'activit\u00e9.","rel":"","context":"Dans &quot;Rapport d'activit\u00e9&quot;","block_context":{"text":"Rapport d'activit\u00e9","link":"https:\/\/socialgoodaccelerator.eu\/fr\/category\/rapport-d-activite\/"},"img":{"alt_text":"Rapport d'activit\u00e9 2021","src":"https:\/\/i0.wp.com\/socialgoodaccelerator.eu\/wp-content\/uploads\/2025\/08\/Titre-3.png?fit=1200%2C675&ssl=1&resize=350%2C200","width":350,"height":200,"srcset":"https:\/\/i0.wp.com\/socialgoodaccelerator.eu\/wp-content\/uploads\/2025\/08\/Titre-3.png?fit=1200%2C675&ssl=1&resize=350%2C200 1x, https:\/\/i0.wp.com\/socialgoodaccelerator.eu\/wp-content\/uploads\/2025\/08\/Titre-3.png?fit=1200%2C675&ssl=1&resize=525%2C300 1.5x, https:\/\/i0.wp.com\/socialgoodaccelerator.eu\/wp-content\/uploads\/2025\/08\/Titre-3.png?fit=1200%2C675&ssl=1&resize=700%2C400 2x, https:\/\/i0.wp.com\/socialgoodaccelerator.eu\/wp-content\/uploads\/2025\/08\/Titre-3.png?fit=1200%2C675&ssl=1&resize=1050%2C600 3x"},"classes":[]}],"jetpack_sharing_enabled":true,"jetpack_shortlink":"https:\/\/wp.me\/p9J6Qk-eua","_links":{"self":[{"href":"https:\/\/socialgoodaccelerator.eu\/fr\/wp-json\/wp\/v2\/posts\/55686","targetHints":{"allow":["GET"]}}],"collection":[{"href":"https:\/\/socialgoodaccelerator.eu\/fr\/wp-json\/wp\/v2\/posts"}],"about":[{"href":"https:\/\/socialgoodaccelerator.eu\/fr\/wp-json\/wp\/v2\/types\/post"}],"author":[{"embeddable":true,"href":"https:\/\/socialgoodaccelerator.eu\/fr\/wp-json\/wp\/v2\/users\/1"}],"replies":[{"embeddable":true,"href":"https:\/\/socialgoodaccelerator.eu\/fr\/wp-json\/wp\/v2\/comments?post=55686"}],"version-history":[{"count":5,"href":"https:\/\/socialgoodaccelerator.eu\/fr\/wp-json\/wp\/v2\/posts\/55686\/revisions"}],"predecessor-version":[{"id":57192,"href":"https:\/\/socialgoodaccelerator.eu\/fr\/wp-json\/wp\/v2\/posts\/55686\/revisions\/57192"}],"wp:featuredmedia":[{"embeddable":true,"href":"https:\/\/socialgoodaccelerator.eu\/fr\/wp-json\/wp\/v2\/media\/49562"}],"wp:attachment":[{"href":"https:\/\/socialgoodaccelerator.eu\/fr\/wp-json\/wp\/v2\/media?parent=55686"}],"wp:term":[{"taxonomy":"category","embeddable":true,"href":"https:\/\/socialgoodaccelerator.eu\/fr\/wp-json\/wp\/v2\/categories?post=55686"},{"taxonomy":"post_tag","embeddable":true,"href":"https:\/\/socialgoodaccelerator.eu\/fr\/wp-json\/wp\/v2\/tags?post=55686"}],"curies":[{"name":"wp","href":"https:\/\/api.w.org\/{rel}","templated":true}]}}