{"id":55681,"date":"2020-07-21T19:46:57","date_gmt":"2020-07-21T17:46:57","guid":{"rendered":"https:\/\/socialgoodaccelerator.eu\/?p=55681"},"modified":"2026-03-04T11:16:17","modified_gmt":"2026-03-04T10:16:17","slug":"reconcilier-ess-et-tech-un-defi-cle-de-la-transition-numerique","status":"publish","type":"post","link":"https:\/\/socialgoodaccelerator.eu\/fr\/2020\/07\/21\/reconcilier-ess-et-tech-un-defi-cle-de-la-transition-numerique\/","title":{"rendered":"R\u00e9concilier ESS et Tech : un d\u00e9fi cl\u00e9 de la transition num\u00e9rique"},"content":{"rendered":"[et_pb_section fb_built=&#8221;1&#8243; _builder_version=&#8221;4.27.4&#8243; _module_preset=&#8221;default&#8221; da_disable_devices=&#8221;off|off|off&#8221; global_colors_info=&#8221;{}&#8221; da_is_popup=&#8221;off&#8221; da_exit_intent=&#8221;off&#8221; da_has_close=&#8221;on&#8221; da_alt_close=&#8221;off&#8221; da_dark_close=&#8221;off&#8221; da_not_modal=&#8221;on&#8221; da_is_singular=&#8221;off&#8221; da_with_loader=&#8221;off&#8221; da_has_shadow=&#8221;on&#8221;][et_pb_row _builder_version=&#8221;4.27.4&#8243; _module_preset=&#8221;default&#8221; global_colors_info=&#8221;{}&#8221;][et_pb_column type=&#8221;4_4&#8243; _builder_version=&#8221;4.27.4&#8243; _module_preset=&#8221;default&#8221; global_colors_info=&#8221;{}&#8221;][et_pb_heading title=&#8221;R\u00e9concilier ESS et Tech : un d\u00e9fi cl\u00e9 de la transition num\u00e9rique&#8221; _builder_version=&#8221;4.27.4&#8243; _module_preset=&#8221;default&#8221; title_font=&#8221;|800|||||||&#8221; global_colors_info=&#8221;{}&#8221;][\/et_pb_heading][et_pb_text _builder_version=&#8221;4.27.4&#8243; _module_preset=&#8221;default&#8221; text_font=&#8221;|600|||||||&#8221; text_text_color=&#8221;gcid-body-color&#8221; text_line_height=&#8221;2em&#8221; global_colors_info=&#8221;{%22gcid-body-color%22:%91%22text_text_color%22%93}&#8221;]<p><span class=\"relative -mx-px my-[-0.2rem] rounded px-px py-[0.2rem] transition-colors duration-100 ease-in-out\">R\u00e9concilier ESS et Tech : un d\u00e9fi cl\u00e9 de la transition num\u00e9rique. \u00c0 l\u2019heure o\u00f9 le num\u00e9rique transforme les modes d\u2019action collectifs, comment l\u2019\u00c9conomie Sociale et Solidaire (ESS) peut-elle tirer parti de ces outils sans d\u00e9naturer ses valeurs\u202f?<\/span><br data-start=\"193\" data-end=\"196\" \/><span class=\"relative -mx-px my-[-0.2rem] rounded px-px py-[0.2rem] transition-colors duration-100 ease-in-out\">Cet article du <em data-start=\"15\" data-end=\"33\">The Conversation<\/em> sign\u00e9 \u00c9l\u00e9onore Delano\u00eb et Arthur Gautier apporte un \u00e9clairage indispensable sur cette question.<\/span><\/p>[\/et_pb_text][et_pb_heading title=&#8221;Une r\u00e9volution num\u00e9rique qui bouscule l&#8217;ESS&#8221; _builder_version=&#8221;4.27.4&#8243; _module_preset=&#8221;default&#8221; title_level=&#8221;h3&#8243; title_font=&#8221;|700|||||||&#8221; global_colors_info=&#8221;{}&#8221;][\/et_pb_heading][et_pb_text _builder_version=&#8221;4.27.4&#8243; _module_preset=&#8221;default&#8221; text_text_color=&#8221;gcid-body-color&#8221; text_line_height=&#8221;2em&#8221; global_colors_info=&#8221;{%22gcid-body-color%22:%91%22text_text_color%22%93}&#8221;]<p><span class=\"relative -mx-px my-[-0.2rem] rounded px-px py-[0.2rem] transition-colors duration-100 ease-in-out\">Le num\u00e9rique offre \u00e0 l\u2019ESS des leviers puissants\u202f: ciblage de publics d\u00e9sempar\u00e9s, diffusion d\u2019actions solidaires \u00e0 grande \u00e9chelle, transparence des financements, mesure d\u2019impact gr\u00e2ce \u00e0 l\u2019intelligence artificielle\u2026<\/span><br data-start=\"351\" data-end=\"354\" \/><span class=\"relative -mx-px my-[-0.2rem] rounded px-px py-[0.2rem] transition-colors duration-100 ease-in-out\">Pourtant, son adoption reste in\u00e9gale, frein\u00e9e par des obstacles techniques, organisationnels et financiers.<\/span><\/p>[\/et_pb_text][et_pb_heading title=&#8221;Pourquoi l\u2019ESS a tant \u00e0 gagner (et \u00e0 craindre) avec la tech&#8221; _builder_version=&#8221;4.27.4&#8243; _module_preset=&#8221;default&#8221; title_level=&#8221;h3&#8243; title_font=&#8221;|700|||||||&#8221; global_colors_info=&#8221;{}&#8221;][\/et_pb_heading][et_pb_text _builder_version=&#8221;4.27.4&#8243; _module_preset=&#8221;default&#8221; text_text_color=&#8221;gcid-body-color&#8221; text_line_height=&#8221;2em&#8221; global_colors_info=&#8221;{%22gcid-body-color%22:%91%22text_text_color%22%93}&#8221;]<ul>\n<li data-start=\"504\" data-end=\"545\">\n<p data-start=\"506\" data-end=\"545\"><span class=\"relative -mx-px my-[-0.2rem] rounded px-px py-[0.2rem] transition-colors duration-100 ease-in-out\"><strong data-start=\"0\" data-end=\"26\" data-is-only-node=\"\">Inclusion et formation<\/strong> : La fracture num\u00e9rique persiste parmi les publics vuln\u00e9rables. L\u2019ESS doit int\u00e9grer les comp\u00e9tences num\u00e9riques mais aussi les valeurs et usages associ\u00e9s.<\/span><\/p>\n<\/li>\n<li data-start=\"546\" data-end=\"587\">\n<p data-start=\"548\" data-end=\"587\"><span class=\"relative -mx-px my-[-0.2rem] rounded px-px py-[0.2rem] transition-colors duration-100 ease-in-out\"><strong data-start=\"0\" data-end=\"31\" data-is-only-node=\"\">Mod\u00e8les \u00e9conomiques adapt\u00e9s<\/strong> : Les projets ESS reposent souvent sur des structures horizontales ou coop\u00e9ratives qui n\u00e9cessitent des outils abordables, ouverts, et align\u00e9s sur leurs valeurs.<\/span><\/p>\n<\/li>\n<li data-start=\"588\" data-end=\"665\">\n<p data-start=\"590\" data-end=\"665\"><span class=\"relative -mx-px my-[-0.2rem] rounded px-px py-[0.2rem] transition-colors duration-100 ease-in-out\"><strong data-start=\"0\" data-end=\"29\" data-is-only-node=\"\">Transparence et confiance<\/strong> : Le num\u00e9rique peut renforcer la confiance des donateurs et b\u00e9n\u00e9ficiaires gr\u00e2ce \u00e0 des processus clairs et tra\u00e7ables.<\/span><\/p>\n<\/li>\n<\/ul>[\/et_pb_text][et_pb_heading title=&#8221;Ce que cela signifie pour le SOGA&#8221; _builder_version=&#8221;4.27.4&#8243; _module_preset=&#8221;default&#8221; title_level=&#8221;h2&#8243; title_font=&#8221;|700|||||||&#8221; global_colors_info=&#8221;{}&#8221;][\/et_pb_heading][et_pb_text _builder_version=&#8221;4.27.4&#8243; _module_preset=&#8221;default&#8221; text_text_color=&#8221;gcid-body-color&#8221; text_line_height=&#8221;2em&#8221; global_colors_info=&#8221;{%22gcid-body-color%22:%91%22text_text_color%22%93}&#8221;]<p>Cette r\u00e9flexion rejoint notre conviction au Social Good Accelerator : le num\u00e9rique n\u2019est pas une fin, mais un moyen puissant <strong data-start=\"836\" data-end=\"892\">d\u2019inclusion, d\u2019action collective et d\u2019impact partag\u00e9<\/strong>.<br data-start=\"893\" data-end=\"896\" \/>Nos actions s\u2019attachent \u00e0 d\u00e9velopper une tech qui respecte les principes de l\u2019ESS : <strong data-start=\"980\" data-end=\"1027\">coop\u00e9ration, transparence, utilit\u00e9 sociale.<\/strong><\/p>[\/et_pb_text][et_pb_heading title=&#8221;\u00c0 lire ensuite&#8221; _builder_version=&#8221;4.27.4&#8243; _module_preset=&#8221;default&#8221; title_level=&#8221;h2&#8243; title_font=&#8221;|700|||||||&#8221; title_text_align=&#8221;center&#8221; module_alignment=&#8221;center&#8221; global_colors_info=&#8221;{}&#8221;][\/et_pb_heading][et_pb_button button_url=&#8221;https:\/\/theconversation.com\/reconcilier-leconomie-sociale-et-solidaire-avec-la-tech-lautre-enjeu-de-la-transition-numerique-142827&#8243; button_text=&#8221;Consulter l&#8217;article complet de The Conversation&#8221; button_alignment=&#8221;center&#8221; _builder_version=&#8221;4.27.5&#8243; _module_preset=&#8221;default&#8221; custom_button=&#8221;on&#8221; button_text_color=&#8221;#FFFFFF&#8221; hover_enabled=&#8221;0&#8243; global_colors_info=&#8221;{}&#8221; button_text_color__hover_enabled=&#8221;on|desktop&#8221; button_bg_color__hover_enabled=&#8221;on|hover&#8221; button_bg_color=&#8221;#FBA100&#8243; button_bg_enable_color=&#8221;on&#8221; sticky_enabled=&#8221;0&#8243; button_border_color=&#8221;RGBA(255,255,255,0)&#8221; button_border_radius=&#8221;30px&#8221; button_border_width=&#8221;0px&#8221; button_text_color__hover=&#8221;#FFFFFF&#8221; button_bg_color__hover=&#8221;#FBA100&#8243;][\/et_pb_button][\/et_pb_column][\/et_pb_row][\/et_pb_section]","protected":false},"excerpt":{"rendered":"<p>R\u00e9concilier ESS et Tech : un d\u00e9fi cl\u00e9 de la transition num\u00e9rique. \u00c0 l\u2019heure o\u00f9 le num\u00e9rique transforme les modes d\u2019action collectifs, comment l\u2019\u00c9conomie Sociale et Solidaire (ESS) peut-elle tirer [&hellip;]<\/p>\n","protected":false},"author":1,"featured_media":48120,"comment_status":"closed","ping_status":"closed","sticky":false,"template":"","format":"standard","meta":{"_et_pb_use_builder":"on","_et_pb_old_content":"","_et_gb_content_width":"","jetpack_post_was_ever_published":false,"_jetpack_newsletter_access":"","_jetpack_dont_email_post_to_subs":false,"_jetpack_newsletter_tier_id":0,"_jetpack_memberships_contains_paywalled_content":false,"_jetpack_memberships_contains_paid_content":false,"footnotes":""},"categories":[417],"tags":[434],"class_list":["post-55681","post","type-post","status-publish","format-standard","has-post-thumbnail","hentry","category-tribunes-et-medias","tag-the-conversation"],"yoast_head":"<!-- This site is optimized with the Yoast SEO plugin v27.4 - https:\/\/yoast.com\/product\/yoast-seo-wordpress\/ -->\n<title>R\u00e9concilier ESS et Tech : un d\u00e9fi cl\u00e9 de la transition num\u00e9rique - SOGA<\/title>\n<meta name=\"description\" content=\"R\u00e9concilier ESS et Tech : un d\u00e9fi cl\u00e9 de la transition num\u00e9rique. Cet article du The Conversation sign\u00e9 \u00c9l\u00e9onore Delano\u00eb et Arthur Gautier apporte un \u00e9clairage indispensable sur cette question.\" \/>\n<meta name=\"robots\" content=\"index, follow, max-snippet:-1, max-image-preview:large, max-video-preview:-1\" \/>\n<link rel=\"canonical\" href=\"https:\/\/socialgoodaccelerator.eu\/fr\/2020\/07\/21\/reconcilier-ess-et-tech-un-defi-cle-de-la-transition-numerique\/\" \/>\n<meta property=\"og:locale\" content=\"fr_FR\" \/>\n<meta property=\"og:type\" content=\"article\" \/>\n<meta property=\"og:title\" content=\"R\u00e9concilier ESS et Tech : un d\u00e9fi cl\u00e9 de la transition num\u00e9rique - SOGA\" \/>\n<meta property=\"og:description\" content=\"R\u00e9concilier ESS et Tech : un d\u00e9fi cl\u00e9 de la transition num\u00e9rique. Cet article du The Conversation sign\u00e9 \u00c9l\u00e9onore Delano\u00eb et Arthur Gautier apporte un \u00e9clairage indispensable sur cette question.\" \/>\n<meta property=\"og:url\" content=\"https:\/\/socialgoodaccelerator.eu\/fr\/2020\/07\/21\/reconcilier-ess-et-tech-un-defi-cle-de-la-transition-numerique\/\" \/>\n<meta property=\"og:site_name\" content=\"SOGA\" \/>\n<meta property=\"article:publisher\" content=\"https:\/\/www.facebook.com\/SocialGoodAccel.EU\/\" \/>\n<meta property=\"article:published_time\" content=\"2020-07-21T17:46:57+00:00\" \/>\n<meta property=\"article:modified_time\" content=\"2026-03-04T10:16:17+00:00\" \/>\n<meta property=\"og:image\" content=\"http:\/\/socialgoodaccelerator.eu\/wp-content\/uploads\/2021\/04\/The-Conversation-1170x585px.jpeg\" \/>\n\t<meta property=\"og:image:width\" content=\"1170\" \/>\n\t<meta property=\"og:image:height\" content=\"585\" \/>\n\t<meta property=\"og:image:type\" content=\"image\/jpeg\" \/>\n<meta name=\"author\" content=\"sogaccelerator\" \/>\n<meta name=\"twitter:card\" content=\"summary_large_image\" \/>\n<meta name=\"twitter:label1\" content=\"\u00c9crit par\" \/>\n\t<meta name=\"twitter:data1\" content=\"sogaccelerator\" \/>\n\t<meta name=\"twitter:label2\" content=\"Dur\u00e9e de lecture estim\u00e9e\" \/>\n\t<meta name=\"twitter:data2\" content=\"2 minutes\" \/>\n<script type=\"application\/ld+json\" class=\"yoast-schema-graph\">{\"@context\":\"https:\\\/\\\/schema.org\",\"@graph\":[{\"@type\":\"Article\",\"@id\":\"https:\\\/\\\/socialgoodaccelerator.eu\\\/2020\\\/07\\\/21\\\/reconcilier-ess-et-tech-un-defi-cle-de-la-transition-numerique\\\/#article\",\"isPartOf\":{\"@id\":\"https:\\\/\\\/socialgoodaccelerator.eu\\\/2020\\\/07\\\/21\\\/reconcilier-ess-et-tech-un-defi-cle-de-la-transition-numerique\\\/\"},\"author\":{\"name\":\"sogaccelerator\",\"@id\":\"https:\\\/\\\/socialgoodaccelerator.eu\\\/#\\\/schema\\\/person\\\/0320622db91fd4a2ddef724cbdee0c3e\"},\"headline\":\"R\u00e9concilier ESS et Tech : un d\u00e9fi cl\u00e9 de la transition num\u00e9rique\",\"datePublished\":\"2020-07-21T17:46:57+00:00\",\"dateModified\":\"2026-03-04T10:16:17+00:00\",\"mainEntityOfPage\":{\"@id\":\"https:\\\/\\\/socialgoodaccelerator.eu\\\/2020\\\/07\\\/21\\\/reconcilier-ess-et-tech-un-defi-cle-de-la-transition-numerique\\\/\"},\"wordCount\":688,\"publisher\":{\"@id\":\"https:\\\/\\\/socialgoodaccelerator.eu\\\/#organization\"},\"image\":{\"@id\":\"https:\\\/\\\/socialgoodaccelerator.eu\\\/2020\\\/07\\\/21\\\/reconcilier-ess-et-tech-un-defi-cle-de-la-transition-numerique\\\/#primaryimage\"},\"thumbnailUrl\":\"https:\\\/\\\/i0.wp.com\\\/socialgoodaccelerator.eu\\\/wp-content\\\/uploads\\\/2021\\\/04\\\/The-Conversation-1170x585px.jpeg?fit=1170%2C585&ssl=1\",\"keywords\":[\"The Conversation\"],\"articleSection\":[\"Tribunes &amp; m\u00e9dias\"],\"inLanguage\":\"fr-FR\"},{\"@type\":\"WebPage\",\"@id\":\"https:\\\/\\\/socialgoodaccelerator.eu\\\/2020\\\/07\\\/21\\\/reconcilier-ess-et-tech-un-defi-cle-de-la-transition-numerique\\\/\",\"url\":\"https:\\\/\\\/socialgoodaccelerator.eu\\\/2020\\\/07\\\/21\\\/reconcilier-ess-et-tech-un-defi-cle-de-la-transition-numerique\\\/\",\"name\":\"R\u00e9concilier ESS et Tech : un d\u00e9fi cl\u00e9 de la transition num\u00e9rique - SOGA\",\"isPartOf\":{\"@id\":\"https:\\\/\\\/socialgoodaccelerator.eu\\\/#website\"},\"primaryImageOfPage\":{\"@id\":\"https:\\\/\\\/socialgoodaccelerator.eu\\\/2020\\\/07\\\/21\\\/reconcilier-ess-et-tech-un-defi-cle-de-la-transition-numerique\\\/#primaryimage\"},\"image\":{\"@id\":\"https:\\\/\\\/socialgoodaccelerator.eu\\\/2020\\\/07\\\/21\\\/reconcilier-ess-et-tech-un-defi-cle-de-la-transition-numerique\\\/#primaryimage\"},\"thumbnailUrl\":\"https:\\\/\\\/i0.wp.com\\\/socialgoodaccelerator.eu\\\/wp-content\\\/uploads\\\/2021\\\/04\\\/The-Conversation-1170x585px.jpeg?fit=1170%2C585&ssl=1\",\"datePublished\":\"2020-07-21T17:46:57+00:00\",\"dateModified\":\"2026-03-04T10:16:17+00:00\",\"description\":\"R\u00e9concilier ESS et Tech : un d\u00e9fi cl\u00e9 de la transition num\u00e9rique. Cet article du The Conversation sign\u00e9 \u00c9l\u00e9onore Delano\u00eb et Arthur Gautier apporte un \u00e9clairage indispensable sur cette question.\",\"breadcrumb\":{\"@id\":\"https:\\\/\\\/socialgoodaccelerator.eu\\\/2020\\\/07\\\/21\\\/reconcilier-ess-et-tech-un-defi-cle-de-la-transition-numerique\\\/#breadcrumb\"},\"inLanguage\":\"fr-FR\",\"potentialAction\":[{\"@type\":\"ReadAction\",\"target\":[\"https:\\\/\\\/socialgoodaccelerator.eu\\\/2020\\\/07\\\/21\\\/reconcilier-ess-et-tech-un-defi-cle-de-la-transition-numerique\\\/\"]}]},{\"@type\":\"ImageObject\",\"inLanguage\":\"fr-FR\",\"@id\":\"https:\\\/\\\/socialgoodaccelerator.eu\\\/2020\\\/07\\\/21\\\/reconcilier-ess-et-tech-un-defi-cle-de-la-transition-numerique\\\/#primaryimage\",\"url\":\"https:\\\/\\\/i0.wp.com\\\/socialgoodaccelerator.eu\\\/wp-content\\\/uploads\\\/2021\\\/04\\\/The-Conversation-1170x585px.jpeg?fit=1170%2C585&ssl=1\",\"contentUrl\":\"https:\\\/\\\/i0.wp.com\\\/socialgoodaccelerator.eu\\\/wp-content\\\/uploads\\\/2021\\\/04\\\/The-Conversation-1170x585px.jpeg?fit=1170%2C585&ssl=1\",\"width\":1170,\"height\":585},{\"@type\":\"BreadcrumbList\",\"@id\":\"https:\\\/\\\/socialgoodaccelerator.eu\\\/2020\\\/07\\\/21\\\/reconcilier-ess-et-tech-un-defi-cle-de-la-transition-numerique\\\/#breadcrumb\",\"itemListElement\":[{\"@type\":\"ListItem\",\"position\":1,\"name\":\"Accueil\",\"item\":\"https:\\\/\\\/socialgoodaccelerator.eu\\\/\"},{\"@type\":\"ListItem\",\"position\":2,\"name\":\"R\u00e9concilier ESS et Tech : un d\u00e9fi cl\u00e9 de la transition num\u00e9rique\"}]},{\"@type\":\"WebSite\",\"@id\":\"https:\\\/\\\/socialgoodaccelerator.eu\\\/#website\",\"url\":\"https:\\\/\\\/socialgoodaccelerator.eu\\\/\",\"name\":\"Social Good Accelerator\",\"description\":\"Acc\u00e9l\u00e9rer l&#039;ESS num\u00e9rique\",\"publisher\":{\"@id\":\"https:\\\/\\\/socialgoodaccelerator.eu\\\/#organization\"},\"alternateName\":\"SOGA\",\"potentialAction\":[{\"@type\":\"SearchAction\",\"target\":{\"@type\":\"EntryPoint\",\"urlTemplate\":\"https:\\\/\\\/socialgoodaccelerator.eu\\\/?s={search_term_string}\"},\"query-input\":{\"@type\":\"PropertyValueSpecification\",\"valueRequired\":true,\"valueName\":\"search_term_string\"}}],\"inLanguage\":\"fr-FR\"},{\"@type\":\"Organization\",\"@id\":\"https:\\\/\\\/socialgoodaccelerator.eu\\\/#organization\",\"name\":\"Social Good Accelerator\",\"alternateName\":\"SOGA\",\"url\":\"https:\\\/\\\/socialgoodaccelerator.eu\\\/\",\"logo\":{\"@type\":\"ImageObject\",\"inLanguage\":\"fr-FR\",\"@id\":\"https:\\\/\\\/socialgoodaccelerator.eu\\\/#\\\/schema\\\/logo\\\/image\\\/\",\"url\":\"https:\\\/\\\/i0.wp.com\\\/socialgoodaccelerator.eu\\\/wp-content\\\/uploads\\\/2023\\\/10\\\/cropped-LOGO-SOGA-V-FR.png?fit=512%2C512&ssl=1\",\"contentUrl\":\"https:\\\/\\\/i0.wp.com\\\/socialgoodaccelerator.eu\\\/wp-content\\\/uploads\\\/2023\\\/10\\\/cropped-LOGO-SOGA-V-FR.png?fit=512%2C512&ssl=1\",\"width\":512,\"height\":512,\"caption\":\"Social Good Accelerator\"},\"image\":{\"@id\":\"https:\\\/\\\/socialgoodaccelerator.eu\\\/#\\\/schema\\\/logo\\\/image\\\/\"},\"sameAs\":[\"https:\\\/\\\/www.facebook.com\\\/SocialGoodAccel.EU\\\/\",\"https:\\\/\\\/www.youtube.com\\\/@socialgoodaccelerator772\",\"https:\\\/\\\/www.youtube.com\\\/@SocialTechAcademy-eg6hp\"]},{\"@type\":\"Person\",\"@id\":\"https:\\\/\\\/socialgoodaccelerator.eu\\\/#\\\/schema\\\/person\\\/0320622db91fd4a2ddef724cbdee0c3e\",\"name\":\"sogaccelerator\",\"image\":{\"@type\":\"ImageObject\",\"inLanguage\":\"fr-FR\",\"@id\":\"https:\\\/\\\/secure.gravatar.com\\\/avatar\\\/99aef05386587650bb056a1275ce2e339bfe398930f37eb7262163da89aad453?s=96&d=mm&r=g\",\"url\":\"https:\\\/\\\/secure.gravatar.com\\\/avatar\\\/99aef05386587650bb056a1275ce2e339bfe398930f37eb7262163da89aad453?s=96&d=mm&r=g\",\"contentUrl\":\"https:\\\/\\\/secure.gravatar.com\\\/avatar\\\/99aef05386587650bb056a1275ce2e339bfe398930f37eb7262163da89aad453?s=96&d=mm&r=g\",\"caption\":\"sogaccelerator\"}}]}<\/script>\n<!-- \/ Yoast SEO plugin. -->","yoast_head_json":{"title":"R\u00e9concilier ESS et Tech : un d\u00e9fi cl\u00e9 de la transition num\u00e9rique - SOGA","description":"R\u00e9concilier ESS et Tech : un d\u00e9fi cl\u00e9 de la transition num\u00e9rique. Cet article du The Conversation sign\u00e9 \u00c9l\u00e9onore Delano\u00eb et Arthur Gautier apporte un \u00e9clairage indispensable sur cette question.","robots":{"index":"index","follow":"follow","max-snippet":"max-snippet:-1","max-image-preview":"max-image-preview:large","max-video-preview":"max-video-preview:-1"},"canonical":"https:\/\/socialgoodaccelerator.eu\/fr\/2020\/07\/21\/reconcilier-ess-et-tech-un-defi-cle-de-la-transition-numerique\/","og_locale":"fr_FR","og_type":"article","og_title":"R\u00e9concilier ESS et Tech : un d\u00e9fi cl\u00e9 de la transition num\u00e9rique - SOGA","og_description":"R\u00e9concilier ESS et Tech : un d\u00e9fi cl\u00e9 de la transition num\u00e9rique. Cet article du The Conversation sign\u00e9 \u00c9l\u00e9onore Delano\u00eb et Arthur Gautier apporte un \u00e9clairage indispensable sur cette question.","og_url":"https:\/\/socialgoodaccelerator.eu\/fr\/2020\/07\/21\/reconcilier-ess-et-tech-un-defi-cle-de-la-transition-numerique\/","og_site_name":"SOGA","article_publisher":"https:\/\/www.facebook.com\/SocialGoodAccel.EU\/","article_published_time":"2020-07-21T17:46:57+00:00","article_modified_time":"2026-03-04T10:16:17+00:00","og_image":[{"width":1170,"height":585,"url":"http:\/\/socialgoodaccelerator.eu\/wp-content\/uploads\/2021\/04\/The-Conversation-1170x585px.jpeg","type":"image\/jpeg"}],"author":"sogaccelerator","twitter_card":"summary_large_image","twitter_misc":{"\u00c9crit par":"sogaccelerator","Dur\u00e9e de lecture estim\u00e9e":"2 minutes"},"schema":{"@context":"https:\/\/schema.org","@graph":[{"@type":"Article","@id":"https:\/\/socialgoodaccelerator.eu\/2020\/07\/21\/reconcilier-ess-et-tech-un-defi-cle-de-la-transition-numerique\/#article","isPartOf":{"@id":"https:\/\/socialgoodaccelerator.eu\/2020\/07\/21\/reconcilier-ess-et-tech-un-defi-cle-de-la-transition-numerique\/"},"author":{"name":"sogaccelerator","@id":"https:\/\/socialgoodaccelerator.eu\/#\/schema\/person\/0320622db91fd4a2ddef724cbdee0c3e"},"headline":"R\u00e9concilier ESS et Tech : un d\u00e9fi cl\u00e9 de la transition num\u00e9rique","datePublished":"2020-07-21T17:46:57+00:00","dateModified":"2026-03-04T10:16:17+00:00","mainEntityOfPage":{"@id":"https:\/\/socialgoodaccelerator.eu\/2020\/07\/21\/reconcilier-ess-et-tech-un-defi-cle-de-la-transition-numerique\/"},"wordCount":688,"publisher":{"@id":"https:\/\/socialgoodaccelerator.eu\/#organization"},"image":{"@id":"https:\/\/socialgoodaccelerator.eu\/2020\/07\/21\/reconcilier-ess-et-tech-un-defi-cle-de-la-transition-numerique\/#primaryimage"},"thumbnailUrl":"https:\/\/i0.wp.com\/socialgoodaccelerator.eu\/wp-content\/uploads\/2021\/04\/The-Conversation-1170x585px.jpeg?fit=1170%2C585&ssl=1","keywords":["The Conversation"],"articleSection":["Tribunes &amp; m\u00e9dias"],"inLanguage":"fr-FR"},{"@type":"WebPage","@id":"https:\/\/socialgoodaccelerator.eu\/2020\/07\/21\/reconcilier-ess-et-tech-un-defi-cle-de-la-transition-numerique\/","url":"https:\/\/socialgoodaccelerator.eu\/2020\/07\/21\/reconcilier-ess-et-tech-un-defi-cle-de-la-transition-numerique\/","name":"R\u00e9concilier ESS et Tech : un d\u00e9fi cl\u00e9 de la transition num\u00e9rique - SOGA","isPartOf":{"@id":"https:\/\/socialgoodaccelerator.eu\/#website"},"primaryImageOfPage":{"@id":"https:\/\/socialgoodaccelerator.eu\/2020\/07\/21\/reconcilier-ess-et-tech-un-defi-cle-de-la-transition-numerique\/#primaryimage"},"image":{"@id":"https:\/\/socialgoodaccelerator.eu\/2020\/07\/21\/reconcilier-ess-et-tech-un-defi-cle-de-la-transition-numerique\/#primaryimage"},"thumbnailUrl":"https:\/\/i0.wp.com\/socialgoodaccelerator.eu\/wp-content\/uploads\/2021\/04\/The-Conversation-1170x585px.jpeg?fit=1170%2C585&ssl=1","datePublished":"2020-07-21T17:46:57+00:00","dateModified":"2026-03-04T10:16:17+00:00","description":"R\u00e9concilier ESS et Tech : un d\u00e9fi cl\u00e9 de la transition num\u00e9rique. Cet article du The Conversation sign\u00e9 \u00c9l\u00e9onore Delano\u00eb et Arthur Gautier apporte un \u00e9clairage indispensable sur cette question.","breadcrumb":{"@id":"https:\/\/socialgoodaccelerator.eu\/2020\/07\/21\/reconcilier-ess-et-tech-un-defi-cle-de-la-transition-numerique\/#breadcrumb"},"inLanguage":"fr-FR","potentialAction":[{"@type":"ReadAction","target":["https:\/\/socialgoodaccelerator.eu\/2020\/07\/21\/reconcilier-ess-et-tech-un-defi-cle-de-la-transition-numerique\/"]}]},{"@type":"ImageObject","inLanguage":"fr-FR","@id":"https:\/\/socialgoodaccelerator.eu\/2020\/07\/21\/reconcilier-ess-et-tech-un-defi-cle-de-la-transition-numerique\/#primaryimage","url":"https:\/\/i0.wp.com\/socialgoodaccelerator.eu\/wp-content\/uploads\/2021\/04\/The-Conversation-1170x585px.jpeg?fit=1170%2C585&ssl=1","contentUrl":"https:\/\/i0.wp.com\/socialgoodaccelerator.eu\/wp-content\/uploads\/2021\/04\/The-Conversation-1170x585px.jpeg?fit=1170%2C585&ssl=1","width":1170,"height":585},{"@type":"BreadcrumbList","@id":"https:\/\/socialgoodaccelerator.eu\/2020\/07\/21\/reconcilier-ess-et-tech-un-defi-cle-de-la-transition-numerique\/#breadcrumb","itemListElement":[{"@type":"ListItem","position":1,"name":"Accueil","item":"https:\/\/socialgoodaccelerator.eu\/"},{"@type":"ListItem","position":2,"name":"R\u00e9concilier ESS et Tech : un d\u00e9fi cl\u00e9 de la transition num\u00e9rique"}]},{"@type":"WebSite","@id":"https:\/\/socialgoodaccelerator.eu\/#website","url":"https:\/\/socialgoodaccelerator.eu\/","name":"Social Good Accelerator","description":"Acc\u00e9l\u00e9rer l&#039;ESS num\u00e9rique","publisher":{"@id":"https:\/\/socialgoodaccelerator.eu\/#organization"},"alternateName":"SOGA","potentialAction":[{"@type":"SearchAction","target":{"@type":"EntryPoint","urlTemplate":"https:\/\/socialgoodaccelerator.eu\/?s={search_term_string}"},"query-input":{"@type":"PropertyValueSpecification","valueRequired":true,"valueName":"search_term_string"}}],"inLanguage":"fr-FR"},{"@type":"Organization","@id":"https:\/\/socialgoodaccelerator.eu\/#organization","name":"Social Good Accelerator","alternateName":"SOGA","url":"https:\/\/socialgoodaccelerator.eu\/","logo":{"@type":"ImageObject","inLanguage":"fr-FR","@id":"https:\/\/socialgoodaccelerator.eu\/#\/schema\/logo\/image\/","url":"https:\/\/i0.wp.com\/socialgoodaccelerator.eu\/wp-content\/uploads\/2023\/10\/cropped-LOGO-SOGA-V-FR.png?fit=512%2C512&ssl=1","contentUrl":"https:\/\/i0.wp.com\/socialgoodaccelerator.eu\/wp-content\/uploads\/2023\/10\/cropped-LOGO-SOGA-V-FR.png?fit=512%2C512&ssl=1","width":512,"height":512,"caption":"Social Good Accelerator"},"image":{"@id":"https:\/\/socialgoodaccelerator.eu\/#\/schema\/logo\/image\/"},"sameAs":["https:\/\/www.facebook.com\/SocialGoodAccel.EU\/","https:\/\/www.youtube.com\/@socialgoodaccelerator772","https:\/\/www.youtube.com\/@SocialTechAcademy-eg6hp"]},{"@type":"Person","@id":"https:\/\/socialgoodaccelerator.eu\/#\/schema\/person\/0320622db91fd4a2ddef724cbdee0c3e","name":"sogaccelerator","image":{"@type":"ImageObject","inLanguage":"fr-FR","@id":"https:\/\/secure.gravatar.com\/avatar\/99aef05386587650bb056a1275ce2e339bfe398930f37eb7262163da89aad453?s=96&d=mm&r=g","url":"https:\/\/secure.gravatar.com\/avatar\/99aef05386587650bb056a1275ce2e339bfe398930f37eb7262163da89aad453?s=96&d=mm&r=g","contentUrl":"https:\/\/secure.gravatar.com\/avatar\/99aef05386587650bb056a1275ce2e339bfe398930f37eb7262163da89aad453?s=96&d=mm&r=g","caption":"sogaccelerator"}}]}},"jetpack_featured_media_url":"https:\/\/i0.wp.com\/socialgoodaccelerator.eu\/wp-content\/uploads\/2021\/04\/The-Conversation-1170x585px.jpeg?fit=1170%2C585&ssl=1","jetpack_likes_enabled":true,"jetpack-related-posts":[{"id":57863,"url":"https:\/\/socialgoodaccelerator.eu\/fr\/2026\/04\/23\/lasuite-coop\/","url_meta":{"origin":55681,"position":0},"title":"LaSuite.coop : l\u2019alternative num\u00e9rique coop\u00e9rative, libre et h\u00e9berg\u00e9e en Europe dont l\u2019ESS avait besoin","author":"sogaccelerator","date":"23 avril 2026","format":"gallery","excerpt":"","rel":"","context":"Dans &quot;Actualit\u00e9s de SOGA&quot;","block_context":{"text":"Actualit\u00e9s de SOGA","link":"https:\/\/socialgoodaccelerator.eu\/fr\/category\/actualites-de-soga\/"},"img":{"alt_text":"LaSuite.coop","src":"https:\/\/i0.wp.com\/socialgoodaccelerator.eu\/wp-content\/uploads\/2026\/04\/Design-sans-titre-2-1-1.png?fit=1200%2C627&ssl=1&resize=350%2C200","width":350,"height":200,"srcset":"https:\/\/i0.wp.com\/socialgoodaccelerator.eu\/wp-content\/uploads\/2026\/04\/Design-sans-titre-2-1-1.png?fit=1200%2C627&ssl=1&resize=350%2C200 1x, https:\/\/i0.wp.com\/socialgoodaccelerator.eu\/wp-content\/uploads\/2026\/04\/Design-sans-titre-2-1-1.png?fit=1200%2C627&ssl=1&resize=525%2C300 1.5x, https:\/\/i0.wp.com\/socialgoodaccelerator.eu\/wp-content\/uploads\/2026\/04\/Design-sans-titre-2-1-1.png?fit=1200%2C627&ssl=1&resize=700%2C400 2x, https:\/\/i0.wp.com\/socialgoodaccelerator.eu\/wp-content\/uploads\/2026\/04\/Design-sans-titre-2-1-1.png?fit=1200%2C627&ssl=1&resize=1050%2C600 3x"},"classes":[]},{"id":53114,"url":"https:\/\/socialgoodaccelerator.eu\/fr\/2023\/07\/07\/rapport-activite-2022\/","url_meta":{"origin":55681,"position":1},"title":"Rapport d&#8217;activit\u00e9 2022","author":"sogaccelerator","date":"7 juillet 2023","format":false,"excerpt":"Plongez dans notre rapport d'activit\u00e9s 2022 pour d\u00e9couvrir nos r\u00e9alisations pour acc\u00e9l\u00e9rer la transition num\u00e9rique des organisations de l'\u00e9conomie sociale et la construction d'un mod\u00e8le num\u00e9rique social et inclusif \u00e0 l'\u00e9chelle europ\u00e9enne.","rel":"","context":"Dans &quot;Rapport d'activit\u00e9&quot;","block_context":{"text":"Rapport d'activit\u00e9","link":"https:\/\/socialgoodaccelerator.eu\/fr\/category\/rapport-d-activite\/"},"img":{"alt_text":"Rapport d'activit\u00e9 2022","src":"https:\/\/i0.wp.com\/socialgoodaccelerator.eu\/wp-content\/uploads\/2025\/08\/Titre-2.png?fit=1200%2C675&ssl=1&resize=350%2C200","width":350,"height":200,"srcset":"https:\/\/i0.wp.com\/socialgoodaccelerator.eu\/wp-content\/uploads\/2025\/08\/Titre-2.png?fit=1200%2C675&ssl=1&resize=350%2C200 1x, https:\/\/i0.wp.com\/socialgoodaccelerator.eu\/wp-content\/uploads\/2025\/08\/Titre-2.png?fit=1200%2C675&ssl=1&resize=525%2C300 1.5x, https:\/\/i0.wp.com\/socialgoodaccelerator.eu\/wp-content\/uploads\/2025\/08\/Titre-2.png?fit=1200%2C675&ssl=1&resize=700%2C400 2x, https:\/\/i0.wp.com\/socialgoodaccelerator.eu\/wp-content\/uploads\/2025\/08\/Titre-2.png?fit=1200%2C675&ssl=1&resize=1050%2C600 3x"},"classes":[]},{"id":50394,"url":"https:\/\/socialgoodaccelerator.eu\/fr\/2022\/03\/10\/open-letter\/","url_meta":{"origin":55681,"position":2},"title":"Open letter: the necessary digital transition of the social economy","author":"sogaccelerator","date":"10 mars 2022","format":false,"excerpt":"En f\u00e9vrier 2021, le Social Good Accelerator et ses 70 membres ont maintenu leur vision dans leur lettre ouverte. Un monde meilleur ne peut \u00eatre r\u00e9alis\u00e9 qu'avec le soutien total de l'\u00e9conomie sociale, qui doit \u00e9galement \u00eatre num\u00e9ris\u00e9e.","rel":"","context":"Dans &quot;Notes de position&quot;","block_context":{"text":"Notes de position","link":"https:\/\/socialgoodaccelerator.eu\/fr\/category\/notes-de-position\/"},"img":{"alt_text":"SOGA team flags Lisbon","src":"https:\/\/i0.wp.com\/socialgoodaccelerator.eu\/wp-content\/uploads\/2018\/03\/flags.jpg?fit=1200%2C900&ssl=1&resize=350%2C200","width":350,"height":200,"srcset":"https:\/\/i0.wp.com\/socialgoodaccelerator.eu\/wp-content\/uploads\/2018\/03\/flags.jpg?fit=1200%2C900&ssl=1&resize=350%2C200 1x, https:\/\/i0.wp.com\/socialgoodaccelerator.eu\/wp-content\/uploads\/2018\/03\/flags.jpg?fit=1200%2C900&ssl=1&resize=525%2C300 1.5x, https:\/\/i0.wp.com\/socialgoodaccelerator.eu\/wp-content\/uploads\/2018\/03\/flags.jpg?fit=1200%2C900&ssl=1&resize=700%2C400 2x, https:\/\/i0.wp.com\/socialgoodaccelerator.eu\/wp-content\/uploads\/2018\/03\/flags.jpg?fit=1200%2C900&ssl=1&resize=1050%2C600 3x"},"classes":[]},{"id":50186,"url":"https:\/\/socialgoodaccelerator.eu\/fr\/2021\/11\/30\/social-tech-atlas-why-a-single-map-for-a-thousand-social-organisations\/","url_meta":{"origin":55681,"position":3},"title":"Social Tech Atlas : pourquoi une seule et m\u00eame carte pour 1000 organisations de l'ESS ?","author":"sogaccelerator","date":"30 novembre 2021","format":false,"excerpt":"Until now, there was no European database gathering both organisations supporting social economy stakeholders in their digital transition and those offering alternative digital tools and services. This is now done with the Social Tech Atlas...","rel":"","context":"Dans &quot;Communs &amp; plaidoyer&quot;","block_context":{"text":"Communs &amp; plaidoyer","link":"https:\/\/socialgoodaccelerator.eu\/fr\/category\/communs-et-plaidoyer\/"},"img":{"alt_text":"Screenshot Social Tech Atlas","src":"https:\/\/i0.wp.com\/socialgoodaccelerator.eu\/wp-content\/uploads\/2021\/11\/Capture-de%CC%81cran-2021-11-30-a%CC%80-12.32.33.png?fit=694%2C560&ssl=1&resize=350%2C200","width":350,"height":200,"srcset":"https:\/\/i0.wp.com\/socialgoodaccelerator.eu\/wp-content\/uploads\/2021\/11\/Capture-de%CC%81cran-2021-11-30-a%CC%80-12.32.33.png?fit=694%2C560&ssl=1&resize=350%2C200 1x, https:\/\/i0.wp.com\/socialgoodaccelerator.eu\/wp-content\/uploads\/2021\/11\/Capture-de%CC%81cran-2021-11-30-a%CC%80-12.32.33.png?fit=694%2C560&ssl=1&resize=525%2C300 1.5x"},"classes":[]},{"id":51087,"url":"https:\/\/socialgoodaccelerator.eu\/fr\/2022\/07\/07\/rapport-activite-2021\/","url_meta":{"origin":55681,"position":4},"title":"Rapport d&#8217;activit\u00e9 2021","author":"sogaccelerator","date":"7 juillet 2022","format":false,"excerpt":"D\u00e9couvrez toutes les actions accomplies par le Social good Accelerator en 2021 et ses perspectives pour 2022 dans ce rapport d'activit\u00e9.","rel":"","context":"Dans &quot;Rapport d'activit\u00e9&quot;","block_context":{"text":"Rapport d'activit\u00e9","link":"https:\/\/socialgoodaccelerator.eu\/fr\/category\/rapport-d-activite\/"},"img":{"alt_text":"Rapport d'activit\u00e9 2021","src":"https:\/\/i0.wp.com\/socialgoodaccelerator.eu\/wp-content\/uploads\/2025\/08\/Titre-3.png?fit=1200%2C675&ssl=1&resize=350%2C200","width":350,"height":200,"srcset":"https:\/\/i0.wp.com\/socialgoodaccelerator.eu\/wp-content\/uploads\/2025\/08\/Titre-3.png?fit=1200%2C675&ssl=1&resize=350%2C200 1x, https:\/\/i0.wp.com\/socialgoodaccelerator.eu\/wp-content\/uploads\/2025\/08\/Titre-3.png?fit=1200%2C675&ssl=1&resize=525%2C300 1.5x, https:\/\/i0.wp.com\/socialgoodaccelerator.eu\/wp-content\/uploads\/2025\/08\/Titre-3.png?fit=1200%2C675&ssl=1&resize=700%2C400 2x, https:\/\/i0.wp.com\/socialgoodaccelerator.eu\/wp-content\/uploads\/2025\/08\/Titre-3.png?fit=1200%2C675&ssl=1&resize=1050%2C600 3x"},"classes":[]},{"id":50330,"url":"https:\/\/socialgoodaccelerator.eu\/fr\/2022\/01\/31\/the-social-good-accelerator-joins-the-pact-for-skills\/","url_meta":{"origin":55681,"position":5},"title":"Le Social Good Accelerator rejoint le pacte pour les comp\u00e9tences !","author":"sogaccelerator","date":"31 janvier 2022","format":false,"excerpt":"At the end of 2020, European Commissioners Breton and Schmit made public the core of the EU's skills strategy, the Pact for Skills. They called on all European organisations involved in the upskilling of individuals to meet the EU's skills needs.","rel":"","context":"Dans &quot;Actualit\u00e9s de SOGA&quot;","block_context":{"text":"Actualit\u00e9s de SOGA","link":"https:\/\/socialgoodaccelerator.eu\/fr\/category\/actualites-de-soga\/"},"img":{"alt_text":"Pact for Skills","src":"https:\/\/i0.wp.com\/socialgoodaccelerator.eu\/wp-content\/uploads\/2022\/01\/Screenshot-2020-02-18-10.45.45.png?fit=1023%2C572&ssl=1&resize=350%2C200","width":350,"height":200,"srcset":"https:\/\/i0.wp.com\/socialgoodaccelerator.eu\/wp-content\/uploads\/2022\/01\/Screenshot-2020-02-18-10.45.45.png?fit=1023%2C572&ssl=1&resize=350%2C200 1x, https:\/\/i0.wp.com\/socialgoodaccelerator.eu\/wp-content\/uploads\/2022\/01\/Screenshot-2020-02-18-10.45.45.png?fit=1023%2C572&ssl=1&resize=525%2C300 1.5x, https:\/\/i0.wp.com\/socialgoodaccelerator.eu\/wp-content\/uploads\/2022\/01\/Screenshot-2020-02-18-10.45.45.png?fit=1023%2C572&ssl=1&resize=700%2C400 2x"},"classes":[]}],"jetpack_sharing_enabled":true,"jetpack_shortlink":"https:\/\/wp.me\/p9J6Qk-eu5","_links":{"self":[{"href":"https:\/\/socialgoodaccelerator.eu\/fr\/wp-json\/wp\/v2\/posts\/55681","targetHints":{"allow":["GET"]}}],"collection":[{"href":"https:\/\/socialgoodaccelerator.eu\/fr\/wp-json\/wp\/v2\/posts"}],"about":[{"href":"https:\/\/socialgoodaccelerator.eu\/fr\/wp-json\/wp\/v2\/types\/post"}],"author":[{"embeddable":true,"href":"https:\/\/socialgoodaccelerator.eu\/fr\/wp-json\/wp\/v2\/users\/1"}],"replies":[{"embeddable":true,"href":"https:\/\/socialgoodaccelerator.eu\/fr\/wp-json\/wp\/v2\/comments?post=55681"}],"version-history":[{"count":3,"href":"https:\/\/socialgoodaccelerator.eu\/fr\/wp-json\/wp\/v2\/posts\/55681\/revisions"}],"predecessor-version":[{"id":57036,"href":"https:\/\/socialgoodaccelerator.eu\/fr\/wp-json\/wp\/v2\/posts\/55681\/revisions\/57036"}],"wp:featuredmedia":[{"embeddable":true,"href":"https:\/\/socialgoodaccelerator.eu\/fr\/wp-json\/wp\/v2\/media\/48120"}],"wp:attachment":[{"href":"https:\/\/socialgoodaccelerator.eu\/fr\/wp-json\/wp\/v2\/media?parent=55681"}],"wp:term":[{"taxonomy":"category","embeddable":true,"href":"https:\/\/socialgoodaccelerator.eu\/fr\/wp-json\/wp\/v2\/categories?post=55681"},{"taxonomy":"post_tag","embeddable":true,"href":"https:\/\/socialgoodaccelerator.eu\/fr\/wp-json\/wp\/v2\/tags?post=55681"}],"curies":[{"name":"wp","href":"https:\/\/api.w.org\/{rel}","templated":true}]}}