{"id":53287,"date":"2023-12-04T12:19:29","date_gmt":"2023-12-04T11:19:29","guid":{"rendered":"https:\/\/socialgoodaccelerator.eu\/?p=53287"},"modified":"2026-03-09T10:37:17","modified_gmt":"2026-03-09T09:37:17","slug":"donnees-dinteret-general-vers-un-partenariat-public-avec-leconomie-sociale","status":"publish","type":"post","link":"https:\/\/socialgoodaccelerator.eu\/fr\/2023\/12\/04\/donnees-dinteret-general-vers-un-partenariat-public-avec-leconomie-sociale\/","title":{"rendered":"Donn\u00e9es d\u2019int\u00e9r\u00eat g\u00e9n\u00e9ral : vers un partenariat public avec l\u2019\u00e9conomie sociale"},"content":{"rendered":"[et_pb_section fb_built=&#8221;1&#8243; admin_label=&#8221;section&#8221; _builder_version=&#8221;4.27.5&#8243; hover_enabled=&#8221;0&#8243; global_colors_info=&#8221;{}&#8221; background_color=&#8221;#F5F3EE&#8221; sticky_enabled=&#8221;0&#8243; da_is_popup=&#8221;off&#8221; da_exit_intent=&#8221;off&#8221; da_has_close=&#8221;on&#8221; da_alt_close=&#8221;off&#8221; da_dark_close=&#8221;off&#8221; da_not_modal=&#8221;on&#8221; da_is_singular=&#8221;off&#8221; da_with_loader=&#8221;off&#8221; da_has_shadow=&#8221;on&#8221; da_disable_devices=&#8221;off|off|off&#8221;][et_pb_row admin_label=&#8221;row&#8221; _builder_version=&#8221;4.16&#8243; background_size=&#8221;initial&#8221; background_position=&#8221;top_left&#8221; background_repeat=&#8221;repeat&#8221; global_colors_info=&#8221;{}&#8221;][et_pb_column type=&#8221;4_4&#8243; _builder_version=&#8221;4.16&#8243; custom_padding=&#8221;|||&#8221; global_colors_info=&#8221;{}&#8221; custom_padding__hover=&#8221;|||&#8221;][et_pb_heading title=&#8221;Donn\u00e9es d\u2019int\u00e9r\u00eat g\u00e9n\u00e9ral : vers un partenariat public avec l\u2019\u00e9conomie sociale&#8221; _builder_version=&#8221;4.27.5&#8243; _module_preset=&#8221;default&#8221; title_text_align=&#8221;center&#8221; title_line_height=&#8221;1.5em&#8221; hover_enabled=&#8221;0&#8243; sticky_enabled=&#8221;0&#8243;][\/et_pb_heading][\/et_pb_column][\/et_pb_row][et_pb_row _builder_version=&#8221;4.27.5&#8243; _module_preset=&#8221;default&#8221;][et_pb_column _builder_version=&#8221;4.27.5&#8243; _module_preset=&#8221;default&#8221; type=&#8221;4_4&#8243;][et_pb_text _builder_version=&#8221;4.27.5&#8243; _module_preset=&#8221;default&#8221; global_colors_info=&#8221;{%22gcid-body-color%22:%91%22text_text_color%22%93}&#8221; text_text_color=&#8221;gcid-body-color&#8221; hover_enabled=&#8221;0&#8243; sticky_enabled=&#8221;0&#8243;]<p data-start=\"220\" data-end=\"417\">Le <strong data-start=\"223\" data-end=\"242\">8 novembre 2023<\/strong> marquait l\u2019ouverture de <strong data-start=\"267\" data-end=\"285\">NEC ESS Europe<\/strong>, le grand rendez-vous de l\u2019\u00e9conomie sociale num\u00e9rique en France et en Europe, organis\u00e9 par le <strong data-start=\"380\" data-end=\"414\">Social Good Accelerator (SOGA)<\/strong>.<\/p>\n<p data-start=\"419\" data-end=\"493\">Son ambition : <strong data-start=\"434\" data-end=\"490\">promouvoir et acc\u00e9l\u00e9rer l\u2019\u00e9conomie sociale num\u00e9rique<\/strong>.<\/p>\n<p data-start=\"495\" data-end=\"772\">Inscrit dans la dynamique <strong data-start=\"521\" data-end=\"557\">Num\u00e9rique en commun[s] de l\u2019ANCT<\/strong> et cofinanc\u00e9 par le <strong data-start=\"578\" data-end=\"599\">Cr\u00e9dit Coop\u00e9ratif<\/strong>, l\u2019\u00e9v\u00e9nement a rassembl\u00e9 plus de <strong data-start=\"633\" data-end=\"653\">200 participants<\/strong> et <strong data-start=\"657\" data-end=\"676\">80 intervenants<\/strong> autour d\u2019un objectif commun : structurer un num\u00e9rique d\u2019int\u00e9r\u00eat g\u00e9n\u00e9ral \u00e0 l\u2019\u00e9chelle europ\u00e9enne.<\/p>\n<p data-start=\"774\" data-end=\"982\">Parmi les temps forts, la conf\u00e9rence <strong data-start=\"811\" data-end=\"903\">\u00ab Donn\u00e9es d\u2019int\u00e9r\u00eat g\u00e9n\u00e9ral : vers un partenariat public-priv\u00e9 avec l\u2019\u00e9conomie sociale \u00bb<\/strong>, organis\u00e9e \u00e0 Paris, a donn\u00e9 lieu \u00e0 des \u00e9changes particuli\u00e8rement structurants.<\/p>[\/et_pb_text][\/et_pb_column][\/et_pb_row][et_pb_row _builder_version=&#8221;4.27.5&#8243; _module_preset=&#8221;default&#8221; column_structure=&#8221;2_5,3_5&#8243;][et_pb_column _builder_version=&#8221;4.27.5&#8243; _module_preset=&#8221;default&#8221; type=&#8221;2_5&#8243;][et_pb_image src=&#8221;http:\/\/socialgoodaccelerator.eu\/wp-content\/uploads\/2023\/12\/christina-wocintechchat-com-m-glRqyWJgUeY-unsplash-scaled.jpg&#8221; _builder_version=&#8221;4.27.5&#8243; _module_preset=&#8221;default&#8221; title_text=&#8221;Donn\u00e9es d\u2019int\u00e9r\u00eat g\u00e9n\u00e9ral : vers un partenariat public avec l\u2019\u00e9conomie sociale&#8221; border_radii=&#8221;on|30px|30px|30px|30px&#8221; hover_enabled=&#8221;0&#8243; sticky_enabled=&#8221;0&#8243;][\/et_pb_image][\/et_pb_column][et_pb_column _builder_version=&#8221;4.27.5&#8243; _module_preset=&#8221;default&#8221; type=&#8221;3_5&#8243;][et_pb_heading title=&#8221;Des intervenants au c\u0153ur des enjeux des communs num\u00e9riques&#8221; _builder_version=&#8221;4.27.5&#8243; _module_preset=&#8221;default&#8221; title_level=&#8221;h2&#8243; title_line_height=&#8221;1.5em&#8221; hover_enabled=&#8221;0&#8243; sticky_enabled=&#8221;0&#8243;][\/et_pb_heading][et_pb_text _builder_version=&#8221;4.27.5&#8243; _module_preset=&#8221;default&#8221; global_colors_info=&#8221;{%22gcid-body-color%22:%91%22text_text_color%22%93}&#8221; text_text_color=&#8221;gcid-body-color&#8221; hover_enabled=&#8221;0&#8243; sticky_enabled=&#8221;0&#8243;]<p data-start=\"1056\" data-end=\"1079\">La conf\u00e9rence a r\u00e9uni :<\/p>\n<ul data-start=\"1081\" data-end=\"1284\">\n<li data-start=\"1081\" data-end=\"1130\">\n<p data-start=\"1083\" data-end=\"1130\"><strong data-start=\"1083\" data-end=\"1115\">Jacques Fran\u00e7ois Marchandise<\/strong> (Exploranum)<\/p>\n<\/li>\n<li data-start=\"1131\" data-end=\"1161\">\n<p data-start=\"1133\" data-end=\"1161\"><strong data-start=\"1133\" data-end=\"1151\">Emmanuel Porte<\/strong> (INJEP)<\/p>\n<\/li>\n<li data-start=\"1162\" data-end=\"1194\">\n<p data-start=\"1164\" data-end=\"1194\"><strong data-start=\"1164\" data-end=\"1184\">Vincent Bachelet<\/strong> (Inno3)<\/p>\n<\/li>\n<li data-start=\"1195\" data-end=\"1233\">\n<p data-start=\"1197\" data-end=\"1233\"><strong data-start=\"1197\" data-end=\"1212\">R\u00e9my Gerbet<\/strong> (Wikimedia France)<\/p>\n<\/li>\n<li data-start=\"1234\" data-end=\"1284\">\n<p data-start=\"1236\" data-end=\"1284\"><strong data-start=\"1236\" data-end=\"1255\">Mireille Clapot<\/strong>, d\u00e9put\u00e9e et membre du CNSP<\/p>\n<\/li>\n<\/ul>\n<p data-start=\"1286\" data-end=\"1424\">Ensemble, ils ont explor\u00e9 les <strong data-start=\"1316\" data-end=\"1423\">enjeux strat\u00e9giques, juridiques et culturels des donn\u00e9es dans l\u2019\u00e9conomie sociale et solidaire num\u00e9rique<\/strong>.<\/p>[\/et_pb_text][\/et_pb_column][\/et_pb_row][et_pb_row _builder_version=&#8221;4.27.5&#8243; _module_preset=&#8221;default&#8221;][et_pb_column _builder_version=&#8221;4.27.5&#8243; _module_preset=&#8221;default&#8221; type=&#8221;4_4&#8243;][et_pb_heading title=&#8221;Pour une transition num\u00e9rique inclusive&#8221; _builder_version=&#8221;4.27.5&#8243; _module_preset=&#8221;default&#8221; title_level=&#8221;h2&#8243; title_line_height=&#8221;1.5em&#8221; hover_enabled=&#8221;0&#8243; sticky_enabled=&#8221;0&#8243;][\/et_pb_heading][et_pb_text _builder_version=&#8221;4.27.5&#8243; _module_preset=&#8221;default&#8221; global_colors_info=&#8221;{%22gcid-body-color%22:%91%22text_text_color%22%93}&#8221; text_text_color=&#8221;gcid-body-color&#8221; hover_enabled=&#8221;0&#8243; sticky_enabled=&#8221;0&#8243;]<p data-start=\"1479\" data-end=\"1660\">Jacques Fran\u00e7ois Marchandise a ouvert les \u00e9changes en rappelant que la transition num\u00e9rique ne peut \u00eatre r\u00e9ellement inclusive que si l\u2019on <strong data-start=\"1617\" data-end=\"1659\">d\u00e9cloisonne les univers professionnels<\/strong>.<\/p>\n<p data-start=\"1662\" data-end=\"1888\">Il a soulign\u00e9 le r\u00f4le central de la <strong data-start=\"1698\" data-end=\"1721\">m\u00e9diation num\u00e9rique<\/strong> dans diff\u00e9rents secteurs (social, culturel, \u00e9ducatif) et la n\u00e9cessit\u00e9 d\u2019une appropriation transversale des outils num\u00e9riques pour \u00e9viter une fragmentation des usages.<\/p>\n<p data-start=\"1890\" data-end=\"1981\">L\u2019enjeu n\u2019est pas seulement technologique, mais profond\u00e9ment <strong data-start=\"1951\" data-end=\"1980\">social et organisationnel<\/strong>.<\/p>[\/et_pb_text][et_pb_heading title=&#8221;D\u00e9velopper une culture de la donn\u00e9e dans les associations&#8221; _builder_version=&#8221;4.27.5&#8243; _module_preset=&#8221;default&#8221; title_level=&#8221;h2&#8243; title_line_height=&#8221;1.5em&#8221; hover_enabled=&#8221;0&#8243; sticky_enabled=&#8221;0&#8243;][\/et_pb_heading][et_pb_text _builder_version=&#8221;4.27.5&#8243; _module_preset=&#8221;default&#8221; global_colors_info=&#8221;{%22gcid-body-color%22:%91%22text_text_color%22%93}&#8221; text_text_color=&#8221;gcid-body-color&#8221; hover_enabled=&#8221;0&#8243; sticky_enabled=&#8221;0&#8243;]<p data-start=\"2054\" data-end=\"2266\">Emmanuel Porte a interrog\u00e9 le rapport des associations aux donn\u00e9es. Trop souvent per\u00e7ues comme une contrainte \u2013 notamment au regard du RGPD \u2013 les donn\u00e9es peuvent devenir un <strong data-start=\"2227\" data-end=\"2265\">levier de coop\u00e9ration territoriale<\/strong>.<\/p>\n<p data-start=\"2268\" data-end=\"2286\">Il a insist\u00e9 sur :<\/p>\n<ul data-start=\"2287\" data-end=\"2529\">\n<li data-start=\"2287\" data-end=\"2364\">\n<p data-start=\"2289\" data-end=\"2364\">la n\u00e9cessit\u00e9 de former les acteurs associatifs \u00e0 la culture de la donn\u00e9e,<\/p>\n<\/li>\n<li data-start=\"2365\" data-end=\"2446\">\n<p data-start=\"2367\" data-end=\"2446\">l\u2019importance de l\u2019int\u00e9grer dans les dispositifs de formation professionnelle,<\/p>\n<\/li>\n<li data-start=\"2447\" data-end=\"2529\">\n<p data-start=\"2449\" data-end=\"2529\">le r\u00f4le structurant des donn\u00e9es pour renforcer les capacit\u00e9s organisationnelles.<\/p>\n<\/li>\n<\/ul>\n<p data-start=\"2531\" data-end=\"2650\">Il a notamment cit\u00e9 le num\u00e9ro 60 des <em data-start=\"2568\" data-end=\"2589\">Cahiers de l\u2019action<\/em> :<br data-start=\"2591\" data-end=\"2594\" \/><strong data-start=\"2594\" data-end=\"2649\">\u00ab Les associations au d\u00e9fi des donn\u00e9es num\u00e9riques \u00bb<\/strong>.<\/p>[\/et_pb_text][et_pb_heading title=&#8221;Donn\u00e9es et communs num\u00e9riques : un mod\u00e8le alternatif&#8221; _builder_version=&#8221;4.27.5&#8243; _module_preset=&#8221;default&#8221; title_level=&#8221;h2&#8243; title_line_height=&#8221;1.5em&#8221; hover_enabled=&#8221;0&#8243; sticky_enabled=&#8221;0&#8243;][\/et_pb_heading][et_pb_text _builder_version=&#8221;4.27.5&#8243; _module_preset=&#8221;default&#8221; global_colors_info=&#8221;{%22gcid-body-color%22:%91%22text_text_color%22%93}&#8221; text_text_color=&#8221;gcid-body-color&#8221; hover_enabled=&#8221;0&#8243; sticky_enabled=&#8221;0&#8243;]<p data-start=\"2718\" data-end=\"2811\">Vincent Bachelet a orient\u00e9 le d\u00e9bat vers l\u2019usage des donn\u00e9es dans les <strong data-start=\"2788\" data-end=\"2810\">communs num\u00e9riques<\/strong>.<\/p>\n<p data-start=\"2813\" data-end=\"2878\">Comment valoriser collectivement les donn\u00e9es tout en respectant :<\/p>\n<ul data-start=\"2879\" data-end=\"2962\">\n<li data-start=\"2879\" data-end=\"2909\">\n<p data-start=\"2881\" data-end=\"2909\">les principes d\u2019ouverture,<\/p>\n<\/li>\n<li data-start=\"2910\" data-end=\"2938\">\n<p data-start=\"2912\" data-end=\"2938\">la gouvernance partag\u00e9e,<\/p>\n<\/li>\n<li data-start=\"2939\" data-end=\"2962\">\n<p data-start=\"2941\" data-end=\"2962\">l\u2019\u00e9thique num\u00e9rique ?<\/p>\n<\/li>\n<\/ul>\n<p data-start=\"2964\" data-end=\"3111\">Ses interventions ont permis d\u2019ouvrir des perspectives concr\u00e8tes sur la <strong data-start=\"3036\" data-end=\"3078\">valorisation collaborative des donn\u00e9es<\/strong> au service de l\u2019int\u00e9r\u00eat g\u00e9n\u00e9ral.<\/p>[\/et_pb_text][et_pb_heading title=&#8221;Coop\u00e9ration et diffusion des donn\u00e9es d\u2019int\u00e9r\u00eat g\u00e9n\u00e9ral&#8221; _builder_version=&#8221;4.27.5&#8243; _module_preset=&#8221;default&#8221; title_level=&#8221;h2&#8243; title_line_height=&#8221;1.5em&#8221; hover_enabled=&#8221;0&#8243; sticky_enabled=&#8221;0&#8243;][\/et_pb_heading][et_pb_text _builder_version=&#8221;4.27.5&#8243; _module_preset=&#8221;default&#8221; global_colors_info=&#8221;{%22gcid-body-color%22:%91%22text_text_color%22%93}&#8221; text_text_color=&#8221;gcid-body-color&#8221; hover_enabled=&#8221;0&#8243; sticky_enabled=&#8221;0&#8243;]<p data-start=\"3181\" data-end=\"3376\">R\u00e9my Gerbet a illustr\u00e9 l\u2019importance de la coop\u00e9ration en citant la collaboration entre <strong data-start=\"3268\" data-end=\"3313\">l\u2019Organisation mondiale de la sant\u00e9 (OMS)<\/strong> et le mouvement <strong data-start=\"3330\" data-end=\"3343\">Wikimedia<\/strong> pendant la pand\u00e9mie de Covid-19.<\/p>\n<p data-start=\"3378\" data-end=\"3561\">Cette coop\u00e9ration a permis la diffusion rapide d\u2019informations valid\u00e9es \u00e0 l\u2019\u00e9chelle mondiale, d\u00e9montrant la puissance des <strong data-start=\"3499\" data-end=\"3560\">communs num\u00e9riques comme infrastructure d\u2019int\u00e9r\u00eat g\u00e9n\u00e9ral<\/strong>.<\/p>[\/et_pb_text][et_pb_heading title=&#8221;Vers un cadre juridique adapt\u00e9 aux communs num\u00e9riques&#8221; _builder_version=&#8221;4.27.5&#8243; _module_preset=&#8221;default&#8221; title_level=&#8221;h2&#8243; title_line_height=&#8221;1.5em&#8221; hover_enabled=&#8221;0&#8243; sticky_enabled=&#8221;0&#8243;][\/et_pb_heading][et_pb_text _builder_version=&#8221;4.27.5&#8243; _module_preset=&#8221;default&#8221; global_colors_info=&#8221;{%22gcid-body-color%22:%91%22text_text_color%22%93}&#8221; text_text_color=&#8221;gcid-body-color&#8221; hover_enabled=&#8221;0&#8243; sticky_enabled=&#8221;0&#8243;]<p data-start=\"3630\" data-end=\"3775\">Mireille Clapot a conclu les \u00e9changes en insistant sur la n\u00e9cessit\u00e9 d\u2019un <strong data-start=\"3703\" data-end=\"3774\">cadre juridique clair pour les communs num\u00e9riques d\u2019int\u00e9r\u00eat g\u00e9n\u00e9ral<\/strong>.<\/p>\n<p data-start=\"3777\" data-end=\"3797\">Elle a plaid\u00e9 pour :<\/p>\n<ul data-start=\"3798\" data-end=\"3950\">\n<li data-start=\"3798\" data-end=\"3860\">\n<p data-start=\"3800\" data-end=\"3860\">une d\u00e9finition juridique explicite des communs num\u00e9riques,<\/p>\n<\/li>\n<li data-start=\"3861\" data-end=\"3917\">\n<p data-start=\"3863\" data-end=\"3917\">une adaptation des cadres fiscaux et r\u00e9glementaires,<\/p>\n<\/li>\n<li data-start=\"3918\" data-end=\"3950\">\n<p data-start=\"3920\" data-end=\"3950\">un soutien public structurant.<\/p>\n<\/li>\n<\/ul>\n<p data-start=\"3952\" data-end=\"4128\">Elle a notamment mentionn\u00e9 l\u2019<strong data-start=\"3981\" data-end=\"4024\">Avis du CNSP sur les communs num\u00e9riques<\/strong>, pilot\u00e9 par <strong data-start=\"4037\" data-end=\"4057\">Jeanne Bret\u00e9cher<\/strong>, qui propose des pistes concr\u00e8tes pour accompagner leur d\u00e9veloppement.<\/p>[\/et_pb_text][et_pb_heading title=&#8221;Conclusion : structurer un partenariat public-ESS autour des donn\u00e9es&#8221; _builder_version=&#8221;4.27.5&#8243; _module_preset=&#8221;default&#8221; title_level=&#8221;h2&#8243; title_line_height=&#8221;1.5em&#8221; hover_enabled=&#8221;0&#8243; sticky_enabled=&#8221;0&#8243;][\/et_pb_heading][et_pb_text _builder_version=&#8221;4.27.5&#8243; _module_preset=&#8221;default&#8221; global_colors_info=&#8221;{%22gcid-body-color%22:%91%22text_text_color%22%93}&#8221; text_text_color=&#8221;gcid-body-color&#8221; hover_enabled=&#8221;0&#8243; sticky_enabled=&#8221;0&#8243;]<p data-start=\"4212\" data-end=\"4383\">La conf\u00e9rence a mis en lumi\u00e8re un enjeu strat\u00e9gique :<br data-start=\"4265\" data-end=\"4268\" \/>les <strong data-start=\"4272\" data-end=\"4301\">donn\u00e9es d\u2019int\u00e9r\u00eat g\u00e9n\u00e9ral<\/strong> constituent un pilier fondamental pour une \u00e9conomie sociale num\u00e9rique europ\u00e9enne.<\/p>\n<p data-start=\"4385\" data-end=\"4594\">Entre culture de la donn\u00e9e, gouvernance collaborative, cadre juridique et coop\u00e9ration publique, l\u2019\u00e9conomie sociale a un r\u00f4le cl\u00e9 \u00e0 jouer dans la structuration d\u2019un mod\u00e8le alternatif aux plateformes dominantes.<\/p>\n<p data-start=\"4385\" data-end=\"4594\">\ud83d\udc49 Le replay est disponible sur la <a href=\"https:\/\/www.youtube.com\/@socialgoodaccelerator772\">cha\u00eene YouTube du Social Good Accelerator<\/a>.<br data-start=\"4673\" data-end=\"4676\" \/>\ud83d\udc49 <a href=\"https:\/\/www.helloasso.com\/associations\/social-good-accelerator\/adhesions\/je-deviens-membre-soutien\">Rejoignez le SOGA<\/a> pour soutenir et construire une \u00e9conomie sociale num\u00e9rique europ\u00e9enne forte.<\/p>[\/et_pb_text][\/et_pb_column][\/et_pb_row][\/et_pb_section][et_pb_section fb_built=&#8221;1&#8243; _builder_version=&#8221;4.27.5&#8243; _module_preset=&#8221;default&#8221; background_color=&#8221;gcid-heading-color&#8221; custom_margin=&#8221;||-2px|||&#8221; custom_padding=&#8221;20px||4px|||&#8221; hover_enabled=&#8221;0&#8243; locked=&#8221;off&#8221; global_colors_info=&#8221;{%22gcid-heading-color%22:%91%22background_color%22%93}&#8221; theme_builder_area=&#8221;post_content&#8221; sticky_enabled=&#8221;0&#8243; da_is_popup=&#8221;off&#8221; da_exit_intent=&#8221;off&#8221; da_has_close=&#8221;on&#8221; da_alt_close=&#8221;off&#8221; da_dark_close=&#8221;off&#8221; da_not_modal=&#8221;on&#8221; da_is_singular=&#8221;off&#8221; da_with_loader=&#8221;off&#8221; da_has_shadow=&#8221;on&#8221; da_disable_devices=&#8221;off|off|off&#8221;][et_pb_row _builder_version=&#8221;4.27.4&#8243; _module_preset=&#8221;default&#8221; global_colors_info=&#8221;{}&#8221; theme_builder_area=&#8221;post_content&#8221;][et_pb_column type=&#8221;4_4&#8243; _builder_version=&#8221;4.27.4&#8243; _module_preset=&#8221;default&#8221; global_colors_info=&#8221;{}&#8221; theme_builder_area=&#8221;post_content&#8221;][et_pb_heading title=&#8221;FAQ \u2014 Donn\u00e9es d\u2019int\u00e9r\u00eat g\u00e9n\u00e9ral et \u00e9conomie sociale&#8221; _builder_version=&#8221;4.27.5&#8243; _module_preset=&#8221;default&#8221; title_level=&#8221;h2&#8243; title_text_color=&#8221;#FFFFFF&#8221; hover_enabled=&#8221;0&#8243; global_colors_info=&#8221;{}&#8221; theme_builder_area=&#8221;post_content&#8221; sticky_enabled=&#8221;0&#8243;][\/et_pb_heading][\/et_pb_column][\/et_pb_row][et_pb_row _builder_version=&#8221;4.27.4&#8243; _module_preset=&#8221;default&#8221; global_colors_info=&#8221;{}&#8221; theme_builder_area=&#8221;post_content&#8221;][et_pb_column type=&#8221;4_4&#8243; _builder_version=&#8221;4.27.4&#8243; _module_preset=&#8221;default&#8221; global_colors_info=&#8221;{}&#8221; theme_builder_area=&#8221;post_content&#8221;][et_pb_accordion _builder_version=&#8221;4.27.5&#8243; _module_preset=&#8221;default&#8221; hover_enabled=&#8221;0&#8243; border_radii=&#8221;on|30px|30px|30px|30px&#8221; global_colors_info=&#8221;{}&#8221; theme_builder_area=&#8221;post_content&#8221; sticky_enabled=&#8221;0&#8243;][et_pb_accordion_item title=&#8221;Qu\u2019est-ce qu\u2019une donn\u00e9e d\u2019int\u00e9r\u00eat g\u00e9n\u00e9ral ?&#8221; open=&#8221;on&#8221; _builder_version=&#8221;4.27.5&#8243; _module_preset=&#8221;default&#8221; hover_enabled=&#8221;0&#8243; global_colors_info=&#8221;{}&#8221; theme_builder_area=&#8221;post_content&#8221; open_toggle_text_color=&#8221;#004DA6&#8243; toggle_text_color=&#8221;#004DA6&#8243; sticky_enabled=&#8221;0&#8243;]<p>Une donn\u00e9e d\u2019int\u00e9r\u00eat g\u00e9n\u00e9ral est une information produite ou utilis\u00e9e dans un objectif d\u2019utilit\u00e9 sociale, accessible ou gouvern\u00e9e collectivement pour servir le bien commun.<\/p>[\/et_pb_accordion_item][et_pb_accordion_item title=&#8221;Pourquoi les donn\u00e9es sont-elles strat\u00e9giques pour l\u2019\u00e9conomie sociale ?&#8221; open=&#8221;on&#8221; _builder_version=&#8221;4.27.5&#8243; _module_preset=&#8221;default&#8221; hover_enabled=&#8221;0&#8243; global_colors_info=&#8221;{}&#8221; theme_builder_area=&#8221;post_content&#8221; open_toggle_text_color=&#8221;#004DA6&#8243; toggle_text_color=&#8221;#004DA6&#8243; sticky_enabled=&#8221;0&#8243;]<p>Elles permettent d\u2019am\u00e9liorer la coop\u00e9ration territoriale, la transparence, l\u2019impact social et la capacit\u00e9 d\u2019innovation des organisations.<\/p>[\/et_pb_accordion_item][et_pb_accordion_item title=&#8221;Quel r\u00f4le jouent les communs num\u00e9riques ?&#8221; open=&#8221;on&#8221; _builder_version=&#8221;4.27.5&#8243; _module_preset=&#8221;default&#8221; hover_enabled=&#8221;0&#8243; global_colors_info=&#8221;{}&#8221; theme_builder_area=&#8221;post_content&#8221; open_toggle_text_color=&#8221;#004DA6&#8243; toggle_text_color=&#8221;#004DA6&#8243; sticky_enabled=&#8221;0&#8243;]<p>Les communs num\u00e9riques permettent une gouvernance collective des ressources digitales (donn\u00e9es, logiciels, plateformes) selon des principes ouverts et collaboratifs.<\/p>[\/et_pb_accordion_item][et_pb_accordion_item title=&#8221;Pourquoi un cadre juridique sp\u00e9cifique est-il n\u00e9cessaire ?&#8221; open=&#8221;on&#8221; _builder_version=&#8221;4.27.5&#8243; _module_preset=&#8221;default&#8221; hover_enabled=&#8221;0&#8243; global_colors_info=&#8221;{}&#8221; theme_builder_area=&#8221;post_content&#8221; open_toggle_text_color=&#8221;#004DA6&#8243; toggle_text_color=&#8221;#004DA6&#8243; sticky_enabled=&#8221;0&#8243;]<p>Pour prot\u00e9ger les communs num\u00e9riques, s\u00e9curiser leur financement et reconna\u00eetre leur contribution \u00e0 l\u2019int\u00e9r\u00eat g\u00e9n\u00e9ral.<\/p>[\/et_pb_accordion_item][et_pb_accordion_item title=&#8221;Quel est le r\u00f4le du Social Good Accelerator ?&#8221; open=&#8221;on&#8221; _builder_version=&#8221;4.27.5&#8243; _module_preset=&#8221;default&#8221; hover_enabled=&#8221;0&#8243; global_colors_info=&#8221;{}&#8221; theme_builder_area=&#8221;post_content&#8221; open_toggle_text_color=&#8221;#004DA6&#8243; toggle_text_color=&#8221;#004DA6&#8243; sticky_enabled=&#8221;0&#8243;]<p>Le SOGA structure la r\u00e9flexion europ\u00e9enne sur les donn\u00e9es, les communs num\u00e9riques et la transition num\u00e9rique de l\u2019\u00e9conomie sociale.<\/p>[\/et_pb_accordion_item][\/et_pb_accordion][\/et_pb_column][\/et_pb_row][\/et_pb_section]","protected":false},"excerpt":{"rendered":"<p>Le NEC ESS Europe a \u00e9t\u00e9 le catalyseur de discussions passionnantes. Voici un compte-rendu des discussions de la conf\u00e9rence sur les donn\u00e9es d'int\u00e9r\u00eat g\u00e9n\u00e9ral, qui s'est tenue le 8 novembre 2023 \u00e0 Paris.<\/p>","protected":false},"author":1,"featured_media":57057,"comment_status":"closed","ping_status":"closed","sticky":false,"template":"","format":"standard","meta":{"_et_pb_use_builder":"on","_et_pb_old_content":"","_et_gb_content_width":"","jetpack_post_was_ever_published":false,"_jetpack_newsletter_access":"","_jetpack_dont_email_post_to_subs":false,"_jetpack_newsletter_tier_id":0,"_jetpack_memberships_contains_paywalled_content":false,"_jetpack_memberships_contains_paid_content":false,"footnotes":""},"categories":[443],"tags":[385],"class_list":["post-53287","post","type-post","status-publish","format-standard","has-post-thumbnail","hentry","category-notes-de-position","tag-donnees-et-communs"],"yoast_head":"<!-- This site is optimized with the Yoast SEO plugin v27.4 - https:\/\/yoast.com\/product\/yoast-seo-wordpress\/ -->\n<title>Donn\u00e9es d\u2019int\u00e9r\u00eat g\u00e9n\u00e9ral : vers un partenariat public avec l\u2019\u00e9conomie sociale - SOGA<\/title>\n<meta name=\"description\" content=\"Donn\u00e9es d\u2019int\u00e9r\u00eat g\u00e9n\u00e9ral : vers un partenariat public avec l\u2019\u00e9conomie sociale. Retour sur la conf\u00e9rence NEC ESS Europe 2023.\" \/>\n<meta name=\"robots\" content=\"index, follow, max-snippet:-1, max-image-preview:large, max-video-preview:-1\" \/>\n<link rel=\"canonical\" href=\"https:\/\/socialgoodaccelerator.eu\/fr\/2023\/12\/04\/donnees-dinteret-general-vers-un-partenariat-public-avec-leconomie-sociale\/\" \/>\n<meta property=\"og:locale\" content=\"fr_FR\" \/>\n<meta property=\"og:type\" content=\"article\" \/>\n<meta property=\"og:title\" content=\"Donn\u00e9es d\u2019int\u00e9r\u00eat g\u00e9n\u00e9ral : vers un partenariat public avec l\u2019\u00e9conomie sociale - SOGA\" \/>\n<meta property=\"og:description\" content=\"Donn\u00e9es d\u2019int\u00e9r\u00eat g\u00e9n\u00e9ral : vers un partenariat public avec l\u2019\u00e9conomie sociale. Retour sur la conf\u00e9rence NEC ESS Europe 2023.\" \/>\n<meta property=\"og:url\" content=\"https:\/\/socialgoodaccelerator.eu\/fr\/2023\/12\/04\/donnees-dinteret-general-vers-un-partenariat-public-avec-leconomie-sociale\/\" \/>\n<meta property=\"og:site_name\" content=\"SOGA\" \/>\n<meta property=\"article:publisher\" content=\"https:\/\/www.facebook.com\/SocialGoodAccel.EU\/\" \/>\n<meta property=\"article:published_time\" content=\"2023-12-04T11:19:29+00:00\" \/>\n<meta property=\"article:modified_time\" content=\"2026-03-09T09:37:17+00:00\" \/>\n<meta property=\"og:image\" content=\"http:\/\/socialgoodaccelerator.eu\/wp-content\/uploads\/2023\/12\/christina-wocintechchat-com-m-glRqyWJgUeY-unsplash-scaled.jpg\" \/>\n\t<meta property=\"og:image:width\" content=\"2560\" \/>\n\t<meta property=\"og:image:height\" content=\"1709\" \/>\n\t<meta property=\"og:image:type\" content=\"image\/jpeg\" \/>\n<meta name=\"author\" content=\"sogaccelerator\" \/>\n<meta name=\"twitter:card\" content=\"summary_large_image\" \/>\n<meta name=\"twitter:label1\" content=\"\u00c9crit par\" \/>\n\t<meta name=\"twitter:data1\" content=\"sogaccelerator\" \/>\n\t<meta name=\"twitter:label2\" content=\"Dur\u00e9e de lecture estim\u00e9e\" \/>\n\t<meta name=\"twitter:data2\" content=\"5 minutes\" \/>\n<script type=\"application\/ld+json\" class=\"yoast-schema-graph\">{\"@context\":\"https:\\\/\\\/schema.org\",\"@graph\":[{\"@type\":\"Article\",\"@id\":\"https:\\\/\\\/socialgoodaccelerator.eu\\\/2023\\\/12\\\/04\\\/donnees-dinteret-general-vers-un-partenariat-public-avec-leconomie-sociale\\\/#article\",\"isPartOf\":{\"@id\":\"https:\\\/\\\/socialgoodaccelerator.eu\\\/2023\\\/12\\\/04\\\/donnees-dinteret-general-vers-un-partenariat-public-avec-leconomie-sociale\\\/\"},\"author\":{\"name\":\"sogaccelerator\",\"@id\":\"https:\\\/\\\/socialgoodaccelerator.eu\\\/#\\\/schema\\\/person\\\/0320622db91fd4a2ddef724cbdee0c3e\"},\"headline\":\"Donn\u00e9es d\u2019int\u00e9r\u00eat g\u00e9n\u00e9ral : vers un partenariat public avec l\u2019\u00e9conomie sociale\",\"datePublished\":\"2023-12-04T11:19:29+00:00\",\"dateModified\":\"2026-03-09T09:37:17+00:00\",\"mainEntityOfPage\":{\"@id\":\"https:\\\/\\\/socialgoodaccelerator.eu\\\/2023\\\/12\\\/04\\\/donnees-dinteret-general-vers-un-partenariat-public-avec-leconomie-sociale\\\/\"},\"wordCount\":2000,\"publisher\":{\"@id\":\"https:\\\/\\\/socialgoodaccelerator.eu\\\/#organization\"},\"image\":{\"@id\":\"https:\\\/\\\/socialgoodaccelerator.eu\\\/2023\\\/12\\\/04\\\/donnees-dinteret-general-vers-un-partenariat-public-avec-leconomie-sociale\\\/#primaryimage\"},\"thumbnailUrl\":\"https:\\\/\\\/i0.wp.com\\\/socialgoodaccelerator.eu\\\/wp-content\\\/uploads\\\/2023\\\/12\\\/christina-wocintechchat-com-m-glRqyWJgUeY-unsplash-scaled.jpg?fit=2560%2C1709&ssl=1\",\"keywords\":[\"Donn\u00e9es &amp; communs\"],\"articleSection\":[\"Notes de position\"],\"inLanguage\":\"fr-FR\"},{\"@type\":\"WebPage\",\"@id\":\"https:\\\/\\\/socialgoodaccelerator.eu\\\/2023\\\/12\\\/04\\\/donnees-dinteret-general-vers-un-partenariat-public-avec-leconomie-sociale\\\/\",\"url\":\"https:\\\/\\\/socialgoodaccelerator.eu\\\/2023\\\/12\\\/04\\\/donnees-dinteret-general-vers-un-partenariat-public-avec-leconomie-sociale\\\/\",\"name\":\"Donn\u00e9es d\u2019int\u00e9r\u00eat g\u00e9n\u00e9ral : vers un partenariat public avec l\u2019\u00e9conomie sociale - SOGA\",\"isPartOf\":{\"@id\":\"https:\\\/\\\/socialgoodaccelerator.eu\\\/#website\"},\"primaryImageOfPage\":{\"@id\":\"https:\\\/\\\/socialgoodaccelerator.eu\\\/2023\\\/12\\\/04\\\/donnees-dinteret-general-vers-un-partenariat-public-avec-leconomie-sociale\\\/#primaryimage\"},\"image\":{\"@id\":\"https:\\\/\\\/socialgoodaccelerator.eu\\\/2023\\\/12\\\/04\\\/donnees-dinteret-general-vers-un-partenariat-public-avec-leconomie-sociale\\\/#primaryimage\"},\"thumbnailUrl\":\"https:\\\/\\\/i0.wp.com\\\/socialgoodaccelerator.eu\\\/wp-content\\\/uploads\\\/2023\\\/12\\\/christina-wocintechchat-com-m-glRqyWJgUeY-unsplash-scaled.jpg?fit=2560%2C1709&ssl=1\",\"datePublished\":\"2023-12-04T11:19:29+00:00\",\"dateModified\":\"2026-03-09T09:37:17+00:00\",\"description\":\"Donn\u00e9es d\u2019int\u00e9r\u00eat g\u00e9n\u00e9ral : vers un partenariat public avec l\u2019\u00e9conomie sociale. Retour sur la conf\u00e9rence NEC ESS Europe 2023.\",\"breadcrumb\":{\"@id\":\"https:\\\/\\\/socialgoodaccelerator.eu\\\/2023\\\/12\\\/04\\\/donnees-dinteret-general-vers-un-partenariat-public-avec-leconomie-sociale\\\/#breadcrumb\"},\"inLanguage\":\"fr-FR\",\"potentialAction\":[{\"@type\":\"ReadAction\",\"target\":[\"https:\\\/\\\/socialgoodaccelerator.eu\\\/2023\\\/12\\\/04\\\/donnees-dinteret-general-vers-un-partenariat-public-avec-leconomie-sociale\\\/\"]}]},{\"@type\":\"ImageObject\",\"inLanguage\":\"fr-FR\",\"@id\":\"https:\\\/\\\/socialgoodaccelerator.eu\\\/2023\\\/12\\\/04\\\/donnees-dinteret-general-vers-un-partenariat-public-avec-leconomie-sociale\\\/#primaryimage\",\"url\":\"https:\\\/\\\/i0.wp.com\\\/socialgoodaccelerator.eu\\\/wp-content\\\/uploads\\\/2023\\\/12\\\/christina-wocintechchat-com-m-glRqyWJgUeY-unsplash-scaled.jpg?fit=2560%2C1709&ssl=1\",\"contentUrl\":\"https:\\\/\\\/i0.wp.com\\\/socialgoodaccelerator.eu\\\/wp-content\\\/uploads\\\/2023\\\/12\\\/christina-wocintechchat-com-m-glRqyWJgUeY-unsplash-scaled.jpg?fit=2560%2C1709&ssl=1\",\"width\":2560,\"height\":1709,\"caption\":\"Photo de Christina @ wocintechchat.com M sur Unsplash\"},{\"@type\":\"BreadcrumbList\",\"@id\":\"https:\\\/\\\/socialgoodaccelerator.eu\\\/2023\\\/12\\\/04\\\/donnees-dinteret-general-vers-un-partenariat-public-avec-leconomie-sociale\\\/#breadcrumb\",\"itemListElement\":[{\"@type\":\"ListItem\",\"position\":1,\"name\":\"Accueil\",\"item\":\"https:\\\/\\\/socialgoodaccelerator.eu\\\/\"},{\"@type\":\"ListItem\",\"position\":2,\"name\":\"Donn\u00e9es d\u2019int\u00e9r\u00eat g\u00e9n\u00e9ral : vers un partenariat public avec l\u2019\u00e9conomie sociale\"}]},{\"@type\":\"WebSite\",\"@id\":\"https:\\\/\\\/socialgoodaccelerator.eu\\\/#website\",\"url\":\"https:\\\/\\\/socialgoodaccelerator.eu\\\/\",\"name\":\"Social Good Accelerator\",\"description\":\"Acc\u00e9l\u00e9rer l&#039;ESS num\u00e9rique\",\"publisher\":{\"@id\":\"https:\\\/\\\/socialgoodaccelerator.eu\\\/#organization\"},\"alternateName\":\"SOGA\",\"potentialAction\":[{\"@type\":\"SearchAction\",\"target\":{\"@type\":\"EntryPoint\",\"urlTemplate\":\"https:\\\/\\\/socialgoodaccelerator.eu\\\/?s={search_term_string}\"},\"query-input\":{\"@type\":\"PropertyValueSpecification\",\"valueRequired\":true,\"valueName\":\"search_term_string\"}}],\"inLanguage\":\"fr-FR\"},{\"@type\":\"Organization\",\"@id\":\"https:\\\/\\\/socialgoodaccelerator.eu\\\/#organization\",\"name\":\"Social Good Accelerator\",\"alternateName\":\"SOGA\",\"url\":\"https:\\\/\\\/socialgoodaccelerator.eu\\\/\",\"logo\":{\"@type\":\"ImageObject\",\"inLanguage\":\"fr-FR\",\"@id\":\"https:\\\/\\\/socialgoodaccelerator.eu\\\/#\\\/schema\\\/logo\\\/image\\\/\",\"url\":\"https:\\\/\\\/i0.wp.com\\\/socialgoodaccelerator.eu\\\/wp-content\\\/uploads\\\/2023\\\/10\\\/cropped-LOGO-SOGA-V-FR.png?fit=512%2C512&ssl=1\",\"contentUrl\":\"https:\\\/\\\/i0.wp.com\\\/socialgoodaccelerator.eu\\\/wp-content\\\/uploads\\\/2023\\\/10\\\/cropped-LOGO-SOGA-V-FR.png?fit=512%2C512&ssl=1\",\"width\":512,\"height\":512,\"caption\":\"Social Good Accelerator\"},\"image\":{\"@id\":\"https:\\\/\\\/socialgoodaccelerator.eu\\\/#\\\/schema\\\/logo\\\/image\\\/\"},\"sameAs\":[\"https:\\\/\\\/www.facebook.com\\\/SocialGoodAccel.EU\\\/\",\"https:\\\/\\\/www.youtube.com\\\/@socialgoodaccelerator772\",\"https:\\\/\\\/www.youtube.com\\\/@SocialTechAcademy-eg6hp\"]},{\"@type\":\"Person\",\"@id\":\"https:\\\/\\\/socialgoodaccelerator.eu\\\/#\\\/schema\\\/person\\\/0320622db91fd4a2ddef724cbdee0c3e\",\"name\":\"sogaccelerator\",\"image\":{\"@type\":\"ImageObject\",\"inLanguage\":\"fr-FR\",\"@id\":\"https:\\\/\\\/secure.gravatar.com\\\/avatar\\\/99aef05386587650bb056a1275ce2e339bfe398930f37eb7262163da89aad453?s=96&d=mm&r=g\",\"url\":\"https:\\\/\\\/secure.gravatar.com\\\/avatar\\\/99aef05386587650bb056a1275ce2e339bfe398930f37eb7262163da89aad453?s=96&d=mm&r=g\",\"contentUrl\":\"https:\\\/\\\/secure.gravatar.com\\\/avatar\\\/99aef05386587650bb056a1275ce2e339bfe398930f37eb7262163da89aad453?s=96&d=mm&r=g\",\"caption\":\"sogaccelerator\"}}]}<\/script>\n<!-- \/ Yoast SEO plugin. -->","yoast_head_json":{"title":"Donn\u00e9es d\u2019int\u00e9r\u00eat g\u00e9n\u00e9ral : vers un partenariat public avec l\u2019\u00e9conomie sociale - SOGA","description":"Donn\u00e9es d\u2019int\u00e9r\u00eat g\u00e9n\u00e9ral : vers un partenariat public avec l\u2019\u00e9conomie sociale. Retour sur la conf\u00e9rence NEC ESS Europe 2023.","robots":{"index":"index","follow":"follow","max-snippet":"max-snippet:-1","max-image-preview":"max-image-preview:large","max-video-preview":"max-video-preview:-1"},"canonical":"https:\/\/socialgoodaccelerator.eu\/fr\/2023\/12\/04\/donnees-dinteret-general-vers-un-partenariat-public-avec-leconomie-sociale\/","og_locale":"fr_FR","og_type":"article","og_title":"Donn\u00e9es d\u2019int\u00e9r\u00eat g\u00e9n\u00e9ral : vers un partenariat public avec l\u2019\u00e9conomie sociale - SOGA","og_description":"Donn\u00e9es d\u2019int\u00e9r\u00eat g\u00e9n\u00e9ral : vers un partenariat public avec l\u2019\u00e9conomie sociale. Retour sur la conf\u00e9rence NEC ESS Europe 2023.","og_url":"https:\/\/socialgoodaccelerator.eu\/fr\/2023\/12\/04\/donnees-dinteret-general-vers-un-partenariat-public-avec-leconomie-sociale\/","og_site_name":"SOGA","article_publisher":"https:\/\/www.facebook.com\/SocialGoodAccel.EU\/","article_published_time":"2023-12-04T11:19:29+00:00","article_modified_time":"2026-03-09T09:37:17+00:00","og_image":[{"width":2560,"height":1709,"url":"http:\/\/socialgoodaccelerator.eu\/wp-content\/uploads\/2023\/12\/christina-wocintechchat-com-m-glRqyWJgUeY-unsplash-scaled.jpg","type":"image\/jpeg"}],"author":"sogaccelerator","twitter_card":"summary_large_image","twitter_misc":{"\u00c9crit par":"sogaccelerator","Dur\u00e9e de lecture estim\u00e9e":"5 minutes"},"schema":{"@context":"https:\/\/schema.org","@graph":[{"@type":"Article","@id":"https:\/\/socialgoodaccelerator.eu\/2023\/12\/04\/donnees-dinteret-general-vers-un-partenariat-public-avec-leconomie-sociale\/#article","isPartOf":{"@id":"https:\/\/socialgoodaccelerator.eu\/2023\/12\/04\/donnees-dinteret-general-vers-un-partenariat-public-avec-leconomie-sociale\/"},"author":{"name":"sogaccelerator","@id":"https:\/\/socialgoodaccelerator.eu\/#\/schema\/person\/0320622db91fd4a2ddef724cbdee0c3e"},"headline":"Donn\u00e9es d\u2019int\u00e9r\u00eat g\u00e9n\u00e9ral : vers un partenariat public avec l\u2019\u00e9conomie sociale","datePublished":"2023-12-04T11:19:29+00:00","dateModified":"2026-03-09T09:37:17+00:00","mainEntityOfPage":{"@id":"https:\/\/socialgoodaccelerator.eu\/2023\/12\/04\/donnees-dinteret-general-vers-un-partenariat-public-avec-leconomie-sociale\/"},"wordCount":2000,"publisher":{"@id":"https:\/\/socialgoodaccelerator.eu\/#organization"},"image":{"@id":"https:\/\/socialgoodaccelerator.eu\/2023\/12\/04\/donnees-dinteret-general-vers-un-partenariat-public-avec-leconomie-sociale\/#primaryimage"},"thumbnailUrl":"https:\/\/i0.wp.com\/socialgoodaccelerator.eu\/wp-content\/uploads\/2023\/12\/christina-wocintechchat-com-m-glRqyWJgUeY-unsplash-scaled.jpg?fit=2560%2C1709&ssl=1","keywords":["Donn\u00e9es &amp; communs"],"articleSection":["Notes de position"],"inLanguage":"fr-FR"},{"@type":"WebPage","@id":"https:\/\/socialgoodaccelerator.eu\/2023\/12\/04\/donnees-dinteret-general-vers-un-partenariat-public-avec-leconomie-sociale\/","url":"https:\/\/socialgoodaccelerator.eu\/2023\/12\/04\/donnees-dinteret-general-vers-un-partenariat-public-avec-leconomie-sociale\/","name":"Donn\u00e9es d\u2019int\u00e9r\u00eat g\u00e9n\u00e9ral : vers un partenariat public avec l\u2019\u00e9conomie sociale - SOGA","isPartOf":{"@id":"https:\/\/socialgoodaccelerator.eu\/#website"},"primaryImageOfPage":{"@id":"https:\/\/socialgoodaccelerator.eu\/2023\/12\/04\/donnees-dinteret-general-vers-un-partenariat-public-avec-leconomie-sociale\/#primaryimage"},"image":{"@id":"https:\/\/socialgoodaccelerator.eu\/2023\/12\/04\/donnees-dinteret-general-vers-un-partenariat-public-avec-leconomie-sociale\/#primaryimage"},"thumbnailUrl":"https:\/\/i0.wp.com\/socialgoodaccelerator.eu\/wp-content\/uploads\/2023\/12\/christina-wocintechchat-com-m-glRqyWJgUeY-unsplash-scaled.jpg?fit=2560%2C1709&ssl=1","datePublished":"2023-12-04T11:19:29+00:00","dateModified":"2026-03-09T09:37:17+00:00","description":"Donn\u00e9es d\u2019int\u00e9r\u00eat g\u00e9n\u00e9ral : vers un partenariat public avec l\u2019\u00e9conomie sociale. Retour sur la conf\u00e9rence NEC ESS Europe 2023.","breadcrumb":{"@id":"https:\/\/socialgoodaccelerator.eu\/2023\/12\/04\/donnees-dinteret-general-vers-un-partenariat-public-avec-leconomie-sociale\/#breadcrumb"},"inLanguage":"fr-FR","potentialAction":[{"@type":"ReadAction","target":["https:\/\/socialgoodaccelerator.eu\/2023\/12\/04\/donnees-dinteret-general-vers-un-partenariat-public-avec-leconomie-sociale\/"]}]},{"@type":"ImageObject","inLanguage":"fr-FR","@id":"https:\/\/socialgoodaccelerator.eu\/2023\/12\/04\/donnees-dinteret-general-vers-un-partenariat-public-avec-leconomie-sociale\/#primaryimage","url":"https:\/\/i0.wp.com\/socialgoodaccelerator.eu\/wp-content\/uploads\/2023\/12\/christina-wocintechchat-com-m-glRqyWJgUeY-unsplash-scaled.jpg?fit=2560%2C1709&ssl=1","contentUrl":"https:\/\/i0.wp.com\/socialgoodaccelerator.eu\/wp-content\/uploads\/2023\/12\/christina-wocintechchat-com-m-glRqyWJgUeY-unsplash-scaled.jpg?fit=2560%2C1709&ssl=1","width":2560,"height":1709,"caption":"Photo de Christina @ wocintechchat.com M sur Unsplash"},{"@type":"BreadcrumbList","@id":"https:\/\/socialgoodaccelerator.eu\/2023\/12\/04\/donnees-dinteret-general-vers-un-partenariat-public-avec-leconomie-sociale\/#breadcrumb","itemListElement":[{"@type":"ListItem","position":1,"name":"Accueil","item":"https:\/\/socialgoodaccelerator.eu\/"},{"@type":"ListItem","position":2,"name":"Donn\u00e9es d\u2019int\u00e9r\u00eat g\u00e9n\u00e9ral : vers un partenariat public avec l\u2019\u00e9conomie sociale"}]},{"@type":"WebSite","@id":"https:\/\/socialgoodaccelerator.eu\/#website","url":"https:\/\/socialgoodaccelerator.eu\/","name":"Social Good Accelerator","description":"Acc\u00e9l\u00e9rer l&#039;ESS num\u00e9rique","publisher":{"@id":"https:\/\/socialgoodaccelerator.eu\/#organization"},"alternateName":"SOGA","potentialAction":[{"@type":"SearchAction","target":{"@type":"EntryPoint","urlTemplate":"https:\/\/socialgoodaccelerator.eu\/?s={search_term_string}"},"query-input":{"@type":"PropertyValueSpecification","valueRequired":true,"valueName":"search_term_string"}}],"inLanguage":"fr-FR"},{"@type":"Organization","@id":"https:\/\/socialgoodaccelerator.eu\/#organization","name":"Social Good Accelerator","alternateName":"SOGA","url":"https:\/\/socialgoodaccelerator.eu\/","logo":{"@type":"ImageObject","inLanguage":"fr-FR","@id":"https:\/\/socialgoodaccelerator.eu\/#\/schema\/logo\/image\/","url":"https:\/\/i0.wp.com\/socialgoodaccelerator.eu\/wp-content\/uploads\/2023\/10\/cropped-LOGO-SOGA-V-FR.png?fit=512%2C512&ssl=1","contentUrl":"https:\/\/i0.wp.com\/socialgoodaccelerator.eu\/wp-content\/uploads\/2023\/10\/cropped-LOGO-SOGA-V-FR.png?fit=512%2C512&ssl=1","width":512,"height":512,"caption":"Social Good Accelerator"},"image":{"@id":"https:\/\/socialgoodaccelerator.eu\/#\/schema\/logo\/image\/"},"sameAs":["https:\/\/www.facebook.com\/SocialGoodAccel.EU\/","https:\/\/www.youtube.com\/@socialgoodaccelerator772","https:\/\/www.youtube.com\/@SocialTechAcademy-eg6hp"]},{"@type":"Person","@id":"https:\/\/socialgoodaccelerator.eu\/#\/schema\/person\/0320622db91fd4a2ddef724cbdee0c3e","name":"sogaccelerator","image":{"@type":"ImageObject","inLanguage":"fr-FR","@id":"https:\/\/secure.gravatar.com\/avatar\/99aef05386587650bb056a1275ce2e339bfe398930f37eb7262163da89aad453?s=96&d=mm&r=g","url":"https:\/\/secure.gravatar.com\/avatar\/99aef05386587650bb056a1275ce2e339bfe398930f37eb7262163da89aad453?s=96&d=mm&r=g","contentUrl":"https:\/\/secure.gravatar.com\/avatar\/99aef05386587650bb056a1275ce2e339bfe398930f37eb7262163da89aad453?s=96&d=mm&r=g","caption":"sogaccelerator"}}]}},"jetpack_featured_media_url":"https:\/\/i0.wp.com\/socialgoodaccelerator.eu\/wp-content\/uploads\/2023\/12\/christina-wocintechchat-com-m-glRqyWJgUeY-unsplash-scaled.jpg?fit=2560%2C1709&ssl=1","jetpack_likes_enabled":false,"jetpack-related-posts":[{"id":57863,"url":"https:\/\/socialgoodaccelerator.eu\/fr\/2026\/04\/23\/lasuite-coop\/","url_meta":{"origin":53287,"position":0},"title":"LaSuite.coop : l\u2019alternative num\u00e9rique coop\u00e9rative, libre et h\u00e9berg\u00e9e en Europe dont l\u2019ESS avait besoin","author":"sogaccelerator","date":"23 avril 2026","format":"gallery","excerpt":"Abstract :\u00a0Chaque ann\u00e9e, 70 milliards d\u2019euros quittent la France en direction des \u00c9tats-Unis pour financer nos seuls usages num\u00e9riques. Derri\u00e8re\u2026","rel":"","context":"Dans &quot;Actualit\u00e9s de SOGA&quot;","block_context":{"text":"Actualit\u00e9s de SOGA","link":"https:\/\/socialgoodaccelerator.eu\/fr\/category\/actualites-de-soga\/"},"img":{"alt_text":"LaSuite.coop","src":"https:\/\/i0.wp.com\/socialgoodaccelerator.eu\/wp-content\/uploads\/2026\/04\/Design-sans-titre-2-1-1.png?fit=1200%2C627&ssl=1&resize=350%2C200","width":350,"height":200,"srcset":"https:\/\/i0.wp.com\/socialgoodaccelerator.eu\/wp-content\/uploads\/2026\/04\/Design-sans-titre-2-1-1.png?fit=1200%2C627&ssl=1&resize=350%2C200 1x, https:\/\/i0.wp.com\/socialgoodaccelerator.eu\/wp-content\/uploads\/2026\/04\/Design-sans-titre-2-1-1.png?fit=1200%2C627&ssl=1&resize=525%2C300 1.5x, https:\/\/i0.wp.com\/socialgoodaccelerator.eu\/wp-content\/uploads\/2026\/04\/Design-sans-titre-2-1-1.png?fit=1200%2C627&ssl=1&resize=700%2C400 2x, https:\/\/i0.wp.com\/socialgoodaccelerator.eu\/wp-content\/uploads\/2026\/04\/Design-sans-titre-2-1-1.png?fit=1200%2C627&ssl=1&resize=1050%2C600 3x"},"classes":[]},{"id":50484,"url":"https:\/\/socialgoodaccelerator.eu\/fr\/2022\/03\/25\/la-mednum-a-singular-structure-for-digital-inclusion\/","url_meta":{"origin":53287,"position":1},"title":"La Mednum, \u00ab une structure singuli\u00e8re \u00bb pour l\u2019inclusion num\u00e9rique","author":"sogaccelerator","date":"25 mars 2022","format":false,"excerpt":"Le 15 mars 2022, Guilhem Pradali\u00e9, Directeur G\u00e9n\u00e9ral de la MedNum, membre du Social good accelerator, nous a accord\u00e9 un entretien au cours duquel il revient sur ce qu'est la MedNum, quels sont ses projets, d\u00e9fis et son r\u00f4le au sein du SOGA.","rel":"","context":"Dans &quot;Communs &amp; plaidoyer&quot;","block_context":{"text":"Communs &amp; plaidoyer","link":"https:\/\/socialgoodaccelerator.eu\/fr\/category\/communs-et-plaidoyer\/"},"img":{"alt_text":"","src":"https:\/\/i0.wp.com\/socialgoodaccelerator.eu\/wp-content\/uploads\/2022\/03\/Capture-de%CC%81cran-2022-04-20-a%CC%80-11.38.38.png?fit=495%2C361&ssl=1&resize=350%2C200","width":350,"height":200},"classes":[]},{"id":50394,"url":"https:\/\/socialgoodaccelerator.eu\/fr\/2022\/03\/10\/open-letter\/","url_meta":{"origin":53287,"position":2},"title":"Open letter: the necessary digital transition of the social economy","author":"sogaccelerator","date":"10 mars 2022","format":false,"excerpt":"En f\u00e9vrier 2021, le Social Good Accelerator et ses 70 membres ont maintenu leur vision dans leur lettre ouverte. Un monde meilleur ne peut \u00eatre r\u00e9alis\u00e9 qu'avec le soutien total de l'\u00e9conomie sociale, qui doit \u00e9galement \u00eatre num\u00e9ris\u00e9e.","rel":"","context":"Dans &quot;Notes de position&quot;","block_context":{"text":"Notes de position","link":"https:\/\/socialgoodaccelerator.eu\/fr\/category\/notes-de-position\/"},"img":{"alt_text":"SOGA team flags Lisbon","src":"https:\/\/i0.wp.com\/socialgoodaccelerator.eu\/wp-content\/uploads\/2018\/03\/flags.jpg?fit=1200%2C900&ssl=1&resize=350%2C200","width":350,"height":200,"srcset":"https:\/\/i0.wp.com\/socialgoodaccelerator.eu\/wp-content\/uploads\/2018\/03\/flags.jpg?fit=1200%2C900&ssl=1&resize=350%2C200 1x, https:\/\/i0.wp.com\/socialgoodaccelerator.eu\/wp-content\/uploads\/2018\/03\/flags.jpg?fit=1200%2C900&ssl=1&resize=525%2C300 1.5x, https:\/\/i0.wp.com\/socialgoodaccelerator.eu\/wp-content\/uploads\/2018\/03\/flags.jpg?fit=1200%2C900&ssl=1&resize=700%2C400 2x, https:\/\/i0.wp.com\/socialgoodaccelerator.eu\/wp-content\/uploads\/2018\/03\/flags.jpg?fit=1200%2C900&ssl=1&resize=1050%2C600 3x"},"classes":[]},{"id":51087,"url":"https:\/\/socialgoodaccelerator.eu\/fr\/2022\/07\/07\/rapport-activite-2021\/","url_meta":{"origin":53287,"position":3},"title":"Rapport d&#8217;activit\u00e9 2021","author":"sogaccelerator","date":"7 juillet 2022","format":false,"excerpt":"D\u00e9couvrez toutes les actions accomplies par le Social good Accelerator en 2021 et ses perspectives pour 2022 dans ce rapport d'activit\u00e9.","rel":"","context":"Dans &quot;Rapport d'activit\u00e9&quot;","block_context":{"text":"Rapport d'activit\u00e9","link":"https:\/\/socialgoodaccelerator.eu\/fr\/category\/rapport-d-activite\/"},"img":{"alt_text":"Rapport d'activit\u00e9 2021","src":"https:\/\/i0.wp.com\/socialgoodaccelerator.eu\/wp-content\/uploads\/2025\/08\/Titre-3.png?fit=1200%2C675&ssl=1&resize=350%2C200","width":350,"height":200,"srcset":"https:\/\/i0.wp.com\/socialgoodaccelerator.eu\/wp-content\/uploads\/2025\/08\/Titre-3.png?fit=1200%2C675&ssl=1&resize=350%2C200 1x, https:\/\/i0.wp.com\/socialgoodaccelerator.eu\/wp-content\/uploads\/2025\/08\/Titre-3.png?fit=1200%2C675&ssl=1&resize=525%2C300 1.5x, https:\/\/i0.wp.com\/socialgoodaccelerator.eu\/wp-content\/uploads\/2025\/08\/Titre-3.png?fit=1200%2C675&ssl=1&resize=700%2C400 2x, https:\/\/i0.wp.com\/socialgoodaccelerator.eu\/wp-content\/uploads\/2025\/08\/Titre-3.png?fit=1200%2C675&ssl=1&resize=1050%2C600 3x"},"classes":[]},{"id":50793,"url":"https:\/\/socialgoodaccelerator.eu\/fr\/2022\/05\/17\/social-economy-europe-interview-on-the-second-social-economy-summit\/","url_meta":{"origin":53287,"position":4},"title":"\"Une exp\u00e9rience r\u00e9ussie\", le point de vue de Social Economy Europe sur le Sommet europ\u00e9en de l'\u00e9conomie sociale.","author":"sogaccelerator","date":"17 mai 2022","format":false,"excerpt":"Le sommet europ\u00e9en de l'\u00e9conomie sociale des 5 et 6 mai 2022 \u00e0 Strasbourg s'est pench\u00e9 sur la place de l'\u00e9conomie sociale dans l'Union europ\u00e9enne et son avenir \u00e0 travers des conf\u00e9rences, des ateliers et des rencontres.","rel":"","context":"Dans &quot;Interviews \/ T\u00e9moignages&quot;","block_context":{"text":"Interviews \/ T\u00e9moignages","link":"https:\/\/socialgoodaccelerator.eu\/fr\/category\/interviews-temoignages\/"},"img":{"alt_text":"","src":"https:\/\/i0.wp.com\/socialgoodaccelerator.eu\/wp-content\/uploads\/2022\/05\/Capture-decran-2022-05-17-a-11.33.32.png?fit=626%2C485&ssl=1&resize=350%2C200","width":350,"height":200,"srcset":"https:\/\/i0.wp.com\/socialgoodaccelerator.eu\/wp-content\/uploads\/2022\/05\/Capture-decran-2022-05-17-a-11.33.32.png?fit=626%2C485&ssl=1&resize=350%2C200 1x, https:\/\/i0.wp.com\/socialgoodaccelerator.eu\/wp-content\/uploads\/2022\/05\/Capture-decran-2022-05-17-a-11.33.32.png?fit=626%2C485&ssl=1&resize=525%2C300 1.5x"},"classes":[]},{"id":50330,"url":"https:\/\/socialgoodaccelerator.eu\/fr\/2022\/01\/31\/the-social-good-accelerator-joins-the-pact-for-skills\/","url_meta":{"origin":53287,"position":5},"title":"Le Social Good Accelerator rejoint le pacte pour les comp\u00e9tences !","author":"sogaccelerator","date":"31 janvier 2022","format":false,"excerpt":"At the end of 2020, European Commissioners Breton and Schmit made public the core of the EU's skills strategy, the Pact for Skills. They called on all European organisations involved in the upskilling of individuals to meet the EU's skills needs.","rel":"","context":"Dans &quot;Actualit\u00e9s de SOGA&quot;","block_context":{"text":"Actualit\u00e9s de SOGA","link":"https:\/\/socialgoodaccelerator.eu\/fr\/category\/actualites-de-soga\/"},"img":{"alt_text":"Pact for Skills","src":"https:\/\/i0.wp.com\/socialgoodaccelerator.eu\/wp-content\/uploads\/2022\/01\/Screenshot-2020-02-18-10.45.45.png?fit=1023%2C572&ssl=1&resize=350%2C200","width":350,"height":200,"srcset":"https:\/\/i0.wp.com\/socialgoodaccelerator.eu\/wp-content\/uploads\/2022\/01\/Screenshot-2020-02-18-10.45.45.png?fit=1023%2C572&ssl=1&resize=350%2C200 1x, https:\/\/i0.wp.com\/socialgoodaccelerator.eu\/wp-content\/uploads\/2022\/01\/Screenshot-2020-02-18-10.45.45.png?fit=1023%2C572&ssl=1&resize=525%2C300 1.5x, https:\/\/i0.wp.com\/socialgoodaccelerator.eu\/wp-content\/uploads\/2022\/01\/Screenshot-2020-02-18-10.45.45.png?fit=1023%2C572&ssl=1&resize=700%2C400 2x"},"classes":[]}],"jetpack_sharing_enabled":false,"jetpack_shortlink":"https:\/\/wp.me\/p9J6Qk-dRt","_links":{"self":[{"href":"https:\/\/socialgoodaccelerator.eu\/fr\/wp-json\/wp\/v2\/posts\/53287","targetHints":{"allow":["GET"]}}],"collection":[{"href":"https:\/\/socialgoodaccelerator.eu\/fr\/wp-json\/wp\/v2\/posts"}],"about":[{"href":"https:\/\/socialgoodaccelerator.eu\/fr\/wp-json\/wp\/v2\/types\/post"}],"author":[{"embeddable":true,"href":"https:\/\/socialgoodaccelerator.eu\/fr\/wp-json\/wp\/v2\/users\/1"}],"replies":[{"embeddable":true,"href":"https:\/\/socialgoodaccelerator.eu\/fr\/wp-json\/wp\/v2\/comments?post=53287"}],"version-history":[{"count":17,"href":"https:\/\/socialgoodaccelerator.eu\/fr\/wp-json\/wp\/v2\/posts\/53287\/revisions"}],"predecessor-version":[{"id":57060,"href":"https:\/\/socialgoodaccelerator.eu\/fr\/wp-json\/wp\/v2\/posts\/53287\/revisions\/57060"}],"wp:featuredmedia":[{"embeddable":true,"href":"https:\/\/socialgoodaccelerator.eu\/fr\/wp-json\/wp\/v2\/media\/57057"}],"wp:attachment":[{"href":"https:\/\/socialgoodaccelerator.eu\/fr\/wp-json\/wp\/v2\/media?parent=53287"}],"wp:term":[{"taxonomy":"category","embeddable":true,"href":"https:\/\/socialgoodaccelerator.eu\/fr\/wp-json\/wp\/v2\/categories?post=53287"},{"taxonomy":"post_tag","embeddable":true,"href":"https:\/\/socialgoodaccelerator.eu\/fr\/wp-json\/wp\/v2\/tags?post=53287"}],"curies":[{"name":"wp","href":"https:\/\/api.w.org\/{rel}","templated":true}]}}