{"id":53264,"date":"2023-10-20T15:05:04","date_gmt":"2023-10-20T13:05:04","guid":{"rendered":"https:\/\/socialgoodaccelerator.eu\/?p=53264"},"modified":"2025-10-15T15:53:32","modified_gmt":"2025-10-15T13:53:32","slug":"programme-de-nec-ess-europe-2023","status":"publish","type":"post","link":"https:\/\/socialgoodaccelerator.eu\/fr\/2023\/10\/20\/programme-de-nec-ess-europe-2023\/","title":{"rendered":"Programme du NEC ESS Europe 2023"},"content":{"rendered":"[et_pb_section fb_built=&#8221;1&#8243; admin_label=&#8221;section&#8221; _builder_version=&#8221;4.16&#8243; global_colors_info=&#8221;{}&#8221; da_is_popup=&#8221;off&#8221; da_exit_intent=&#8221;off&#8221; da_has_close=&#8221;on&#8221; da_alt_close=&#8221;off&#8221; da_dark_close=&#8221;off&#8221; da_not_modal=&#8221;on&#8221; da_is_singular=&#8221;off&#8221; da_with_loader=&#8221;off&#8221; da_has_shadow=&#8221;on&#8221; da_disable_devices=&#8221;off|off|off&#8221;][et_pb_row admin_label=&#8221;row&#8221; _builder_version=&#8221;4.16&#8243; background_size=&#8221;initial&#8221; background_position=&#8221;top_left&#8221; background_repeat=&#8221;repeat&#8221; global_colors_info=&#8221;{}&#8221;][et_pb_column type=&#8221;4_4&#8243; _builder_version=&#8221;4.16&#8243; custom_padding=&#8221;|||&#8221; global_colors_info=&#8221;{}&#8221; custom_padding__hover=&#8221;|||&#8221;][et_pb_text _builder_version=&#8221;4.27.4&#8243; _module_preset=&#8221;default&#8221; hover_enabled=&#8221;0&#8243; locked=&#8221;off&#8221; inline_fonts=&#8221;ABeeZee&#8221; global_colors_info=&#8221;{}&#8221; sticky_enabled=&#8221;0&#8243;]<h1 style=\"text-align: center;\">Programme et temps forts du NEC ESS Europe 2023 \u2014 l\u2019\u00e9v\u00e9nement europ\u00e9en du num\u00e9rique et de l\u2019ESS<\/h1>[\/et_pb_text][\/et_pb_column][\/et_pb_row][et_pb_row _builder_version=&#8221;4.22.2&#8243; _module_preset=&#8221;default&#8221; background_color=&#8221;#2B2A5C&#8221; width=&#8221;72%&#8221; locked=&#8221;off&#8221; global_colors_info=&#8221;{}&#8221;][et_pb_column type=&#8221;4_4&#8243; _builder_version=&#8221;4.16&#8243; _module_preset=&#8221;default&#8221; global_colors_info=&#8221;{}&#8221;][et_pb_text admin_label=&#8221;Texte&#8221; _builder_version=&#8221;4.27.4&#8243; text_font_size=&#8221;16px&#8221; background_size=&#8221;initial&#8221; background_position=&#8221;top_left&#8221; background_repeat=&#8221;repeat&#8221; custom_margin=&#8221;-9px||-29px||false|false&#8221; custom_padding=&#8221;0px|15px||15px|false|false&#8221; hover_enabled=&#8221;0&#8243; use_border_color=&#8221;off&#8221; border_style=&#8221;solid&#8221; global_colors_info=&#8221;{}&#8221; text_text_color=&#8221;#FFFFFF&#8221; sticky_enabled=&#8221;0&#8243;]<p>En novembre 2023, le <strong data-start=\"488\" data-end=\"522\">Social Good Accelerator (SOGA)<\/strong> et ses partenaires ont organis\u00e9 le <strong data-start=\"558\" data-end=\"652\">premier grand rendez-vous europ\u00e9en d\u00e9di\u00e9 \u00e0 l\u2019\u00e9conomie sociale et solidaire (ESS) num\u00e9rique<\/strong> : <em data-start=\"655\" data-end=\"690\">Num\u00e9rique en Commun[s] ESS Europe<\/em>.<br data-start=\"691\" data-end=\"694\" \/>De Paris \u00e0 Bruxelles, en passant par Lille et Saint-S\u00e9bastien, cette initiative in\u00e9dite a mis en lumi\u00e8re les <strong data-start=\"803\" data-end=\"890\">enjeux, les potentiels et les d\u00e9fis de la transition num\u00e9rique \u00e9thique et inclusive<\/strong> pour les acteurs de l\u2019ESS \u00e0 travers l\u2019Europe.<\/p>\n<p><span style=\"color: #ffffff;\"><strong><\/strong><\/span><\/p>[\/et_pb_text][\/et_pb_column][\/et_pb_row][et_pb_row _builder_version=&#8221;4.22.2&#8243; _module_preset=&#8221;default&#8221; global_colors_info=&#8221;{}&#8221;][et_pb_column type=&#8221;4_4&#8243; _builder_version=&#8221;4.22.2&#8243; _module_preset=&#8221;default&#8221; global_colors_info=&#8221;{}&#8221;][et_pb_image src=&#8221;https:\/\/socialgoodaccelerator.eu\/wp-content\/uploads\/2023\/10\/Affiche-paysage.png&#8221; title_text=&#8221;Affiche paysage&#8221; _builder_version=&#8221;4.22.2&#8243; _module_preset=&#8221;default&#8221; width=&#8221;64%&#8221; global_colors_info=&#8221;{}&#8221;][\/et_pb_image][\/et_pb_column][\/et_pb_row][et_pb_row _builder_version=&#8221;4.27.4&#8243; _module_preset=&#8221;default&#8221;][et_pb_column _builder_version=&#8221;4.27.4&#8243; _module_preset=&#8221;default&#8221; type=&#8221;4_4&#8243;][et_pb_heading title=&#8221;Un \u00e9v\u00e9nement europ\u00e9en pour une transition num\u00e9rique inclusive&#8221; _builder_version=&#8221;4.27.4&#8243; _module_preset=&#8221;default&#8221; hover_enabled=&#8221;0&#8243; sticky_enabled=&#8221;0&#8243;][\/et_pb_heading][et_pb_text _builder_version=&#8221;4.27.4&#8243; _module_preset=&#8221;default&#8221; hover_enabled=&#8221;0&#8243; sticky_enabled=&#8221;0&#8243;]<p data-start=\"1012\" data-end=\"1503\">Le <strong data-start=\"1015\" data-end=\"1038\">NEC ESS Europe 2023<\/strong> s\u2019inscrit dans la continuit\u00e9 des initiatives fran\u00e7aises <em data-start=\"1095\" data-end=\"1119\">Num\u00e9rique en Commun[s]<\/em>, port\u00e9es par l\u2019<strong data-start=\"1135\" data-end=\"1193\">Agence nationale de la coh\u00e9sion des territoires (ANCT)<\/strong>.<br data-start=\"1194\" data-end=\"1197\" \/>Son ambition : <strong data-start=\"1212\" data-end=\"1258\">ouvrir la r\u00e9flexion \u00e0 l\u2019\u00e9chelle europ\u00e9enne<\/strong>, afin de favoriser la coop\u00e9ration entre structures publiques, entreprises sociales, chercheurs, collectivit\u00e9s et innovateurs num\u00e9riques.<br data-start=\"1395\" data-end=\"1398\" \/>\u00c0 travers conf\u00e9rences, tables rondes et ateliers, les participants ont explor\u00e9 des sujets cl\u00e9s tels que :<\/p>\n<ul data-start=\"1504\" data-end=\"1738\">\n<li data-start=\"1504\" data-end=\"1547\">\n<p data-start=\"1506\" data-end=\"1547\">la <strong data-start=\"1509\" data-end=\"1544\">gouvernance \u00e9thique des donn\u00e9es<\/strong>,<\/p>\n<\/li>\n<li data-start=\"1548\" data-end=\"1592\">\n<p data-start=\"1550\" data-end=\"1592\">la <strong data-start=\"1553\" data-end=\"1589\">formation au num\u00e9rique pour tous<\/strong>,<\/p>\n<\/li>\n<li data-start=\"1593\" data-end=\"1650\">\n<p data-start=\"1595\" data-end=\"1650\">la <strong data-start=\"1598\" data-end=\"1647\">coop\u00e9ration europ\u00e9enne dans la tech solidaire<\/strong>,<\/p>\n<\/li>\n<li data-start=\"1651\" data-end=\"1738\">\n<p data-start=\"1653\" data-end=\"1738\">et les <strong data-start=\"1660\" data-end=\"1713\">mod\u00e8les de financement de la transition num\u00e9rique<\/strong> des structures de l\u2019ESS.<\/p>\n<\/li>\n<\/ul>[\/et_pb_text][et_pb_heading title=&#8221;Des rencontres dans quatre villes europ\u00e9ennes&#8221; _builder_version=&#8221;4.27.4&#8243; _module_preset=&#8221;default&#8221; hover_enabled=&#8221;0&#8243; sticky_enabled=&#8221;0&#8243;][\/et_pb_heading][et_pb_text _builder_version=&#8221;4.27.4&#8243; _module_preset=&#8221;default&#8221; hover_enabled=&#8221;0&#8243; sticky_enabled=&#8221;0&#8243;]<p data-start=\"1799\" data-end=\"1951\">L\u2019\u00e9v\u00e9nement s\u2019est d\u00e9roul\u00e9 dans <strong data-start=\"1830\" data-end=\"1866\">quatre territoires embl\u00e9matiques<\/strong>, chacun incarnant une facette du num\u00e9rique \u00e9thique et de la coop\u00e9ration europ\u00e9enne :<\/p>\n<h3 data-start=\"1953\" data-end=\"2006\">\ud83c\uddeb\ud83c\uddf7 Paris \u2013 Lancement et pl\u00e9ni\u00e8res europ\u00e9ennes<\/h3>\n<p data-start=\"2007\" data-end=\"2161\">Les sessions d\u2019ouverture ont pos\u00e9 les bases d\u2019un dialogue entre acteurs europ\u00e9ens autour de la <strong data-start=\"2102\" data-end=\"2128\">souverainet\u00e9 num\u00e9rique<\/strong> et des <strong data-start=\"2136\" data-end=\"2160\">communs de la donn\u00e9e<\/strong>.<\/p>\n<h3 data-start=\"2163\" data-end=\"2217\">\ud83c\uddeb\ud83c\uddf7 Lille \u2013 Ateliers et intelligence collective<\/h3>\n<p data-start=\"2218\" data-end=\"2362\">Une journ\u00e9e d\u00e9di\u00e9e aux <strong data-start=\"2241\" data-end=\"2265\">outils collaboratifs<\/strong> et \u00e0 la <strong data-start=\"2274\" data-end=\"2311\">formation des acteurs associatifs<\/strong> \u00e0 l\u2019usage des technologies no-code et open source.<\/p>\n<h3 data-start=\"2364\" data-end=\"2418\">\ud83c\uddea\ud83c\uddf8 Saint-S\u00e9bastien \u2013 Innovation sociale locale<\/h3>\n<p data-start=\"2419\" data-end=\"2568\">Des \u00e9changes sur les <strong data-start=\"2440\" data-end=\"2468\">dynamiques territoriales<\/strong> et les <strong data-start=\"2476\" data-end=\"2511\">\u00e9cosyst\u00e8mes num\u00e9riques durables<\/strong>, anim\u00e9s par des acteurs espagnols de l\u2019\u00e9conomie sociale.<\/p>\n<h3 data-start=\"2570\" data-end=\"2611\">\ud83c\udde7\ud83c\uddea Bruxelles \u2013 Cl\u00f4ture europ\u00e9enne<\/h3>\n<p data-start=\"2612\" data-end=\"2804\">La derni\u00e8re \u00e9tape a r\u00e9uni partenaires institutionnels et porteurs de projets europ\u00e9ens pour d\u00e9finir les <strong data-start=\"2716\" data-end=\"2757\">perspectives de coop\u00e9ration 2024-2026<\/strong> en mati\u00e8re de <strong data-start=\"2772\" data-end=\"2803\">num\u00e9rique d\u2019int\u00e9r\u00eat g\u00e9n\u00e9ral<\/strong>.<\/p>\n<ul data-start=\"1504\" data-end=\"1738\"><\/ul>[\/et_pb_text][et_pb_heading title=&#8221;Les partenaires et soutiens du NEC ESS Europe&#8221; _builder_version=&#8221;4.27.4&#8243; _module_preset=&#8221;default&#8221; hover_enabled=&#8221;0&#8243; sticky_enabled=&#8221;0&#8243;][\/et_pb_heading][et_pb_text _builder_version=&#8221;4.27.4&#8243; _module_preset=&#8221;default&#8221; hover_enabled=&#8221;0&#8243; sticky_enabled=&#8221;0&#8243;]<p data-start=\"1012\" data-end=\"1503\">Num\u00e9rique en Commun[s] ESS Europe est <strong data-start=\"2902\" data-end=\"2974\">soutenu par l\u2019Agence nationale de la coh\u00e9sion des territoires (ANCT)<\/strong> et le <strong data-start=\"2981\" data-end=\"3002\">Cr\u00e9dit Coop\u00e9ratif<\/strong>.<br data-start=\"3003\" data-end=\"3006\" \/>L\u2019\u00e9v\u00e9nement a \u00e9t\u00e9 <strong data-start=\"3024\" data-end=\"3067\">organis\u00e9 par le Social Good Accelerator<\/strong> et ses membres :<br data-start=\"3084\" data-end=\"3087\" \/><strong data-start=\"3087\" data-end=\"3100\">Latitudes<\/strong>, <strong data-start=\"3102\" data-end=\"3123\">Fantastique Bazar<\/strong>, <strong data-start=\"3125\" data-end=\"3137\">Share-it<\/strong>, <strong data-start=\"3139\" data-end=\"3152\">HelloAsso<\/strong>, <strong data-start=\"3154\" data-end=\"3181\">Le Mouvement Associatif<\/strong>, <strong data-start=\"3183\" data-end=\"3197\">ESS France<\/strong>, <strong data-start=\"3199\" data-end=\"3217\">Emma\u00fcs Connect<\/strong>, et <strong data-start=\"3222\" data-end=\"3254\">Les Entreprises pour la Cit\u00e9<\/strong>.<br data-start=\"3255\" data-end=\"3258\" \/>Tous partagent la m\u00eame conviction : le num\u00e9rique peut \u00eatre <strong data-start=\"3317\" data-end=\"3384\">un levier de transformation sociale, \u00e9cologique et d\u00e9mocratique<\/strong>, \u00e0 condition d\u2019\u00eatre pens\u00e9 collectivement.<\/p>\n<ul data-start=\"1504\" data-end=\"1738\"><\/ul>[\/et_pb_text][et_pb_heading title=&#8221;T\u00e9l\u00e9charger le programme et revivre l\u2019\u00e9v\u00e9nement&#8221; _builder_version=&#8221;4.27.4&#8243; _module_preset=&#8221;default&#8221; hover_enabled=&#8221;0&#8243; sticky_enabled=&#8221;0&#8243;][\/et_pb_heading][et_pb_text _builder_version=&#8221;4.27.4&#8243; _module_preset=&#8221;default&#8221; hover_enabled=&#8221;0&#8243; sticky_enabled=&#8221;0&#8243; custom_margin=&#8221;||-2px|||&#8221;]<p data-start=\"1012\" data-end=\"1503\">Le programme complet du <strong data-start=\"3512\" data-end=\"3535\">NEC ESS Europe 2023<\/strong> est disponible ici :<\/p>\n<ul data-start=\"1504\" data-end=\"1738\"><\/ul>[\/et_pb_text][et_pb_text _builder_version=&#8221;4.27.4&#8243; _module_preset=&#8221;default&#8221; hover_enabled=&#8221;0&#8243; global_colors_info=&#8221;{}&#8221; sticky_enabled=&#8221;0&#8243;]<p><span style=\"font-size: xx-large;\"><u>Je consulte le programme complet<\/u><\/span><span style=\"font-size: large;\"><\/span><\/p>[\/et_pb_text][et_pb_text _builder_version=&#8221;4.27.4&#8243; _module_preset=&#8221;default&#8221; hover_enabled=&#8221;0&#8243; sticky_enabled=&#8221;0&#8243;]<p data-start=\"3613\" data-end=\"3634\">Retrouvez \u00e9galement :<\/p>\n<ul>\n<li data-start=\"3635\" data-end=\"3754\">\n<p data-start=\"3637\" data-end=\"3754\">les <strong data-start=\"3641\" data-end=\"3670\">replays et comptes rendus<\/strong> de chaque \u00e9tape sur <a data-start=\"3691\" data-end=\"3751\" rel=\"noopener\" target=\"_new\" class=\"decorated-link\" href=\"https:\/\/socialgoodaccelerator.eu\">socialgoodaccelerator.eu<span aria-hidden=\"true\" class=\"ms-0.5 inline-block align-middle leading-none\"><svg width=\"20\" height=\"20\" viewbox=\"0 0 20 20\" fill=\"currentColor\" xmlns=\"http:\/\/www.w3.org\/2000\/svg\" data-rtl-flip=\"\" class=\"block h-[0.75em] w-[0.75em] stroke-current stroke-[0.75]\"><path d=\"M14.3349 13.3301V6.60645L5.47065 15.4707C5.21095 15.7304 4.78895 15.7304 4.52925 15.4707C4.26955 15.211 4.26955 14.789 4.52925 14.5293L13.3935 5.66504H6.66011C6.29284 5.66504 5.99507 5.36727 5.99507 5C5.99507 4.63273 6.29284 4.33496 6.66011 4.33496H14.9999L15.1337 4.34863C15.4369 4.41057 15.665 4.67857 15.665 5V13.3301C15.6649 13.6973 15.3672 13.9951 14.9999 13.9951C14.6327 13.9951 14.335 13.6973 14.3349 13.3301Z\"><\/path><\/svg><\/span><\/a>,<\/p>\n<\/li>\n<li data-start=\"3757\" data-end=\"3818\"><a href=\"https:\/\/socialgoodaccelerator.eu\/fr\/nec-ess-2024\/\">l&#8217;\u00e9dition 2024 du NEC ESS d\u00e9di\u00e9e aux donn\u00e9es<\/a><\/li>\n<li data-start=\"3757\" data-end=\"3818\"><a href=\"https:\/\/socialgoodaccelerator.eu\/fr\/nec-ess-2025\/\">l&#8217;\u00e9dition 2025 d\u00e9di\u00e9e \u00e0 l&#8217;Intelligence artificielle ou coop\u00e9rative<\/a>.<\/li>\n<\/ul>[\/et_pb_text][et_pb_heading title=&#8221;Ce que cette \u00e9dition a apport\u00e9&#8221; _builder_version=&#8221;4.27.4&#8243; _module_preset=&#8221;default&#8221; hover_enabled=&#8221;0&#8243; sticky_enabled=&#8221;0&#8243;][\/et_pb_heading][et_pb_text _builder_version=&#8221;4.27.4&#8243; _module_preset=&#8221;default&#8221; hover_enabled=&#8221;0&#8243; sticky_enabled=&#8221;0&#8243; custom_margin=&#8221;||-2px|||&#8221;]<p data-start=\"3863\" data-end=\"3896\">Le NEC ESS Europe 2023 a permis :<\/p>\n<ul data-start=\"3897\" data-end=\"4200\">\n<li data-start=\"3897\" data-end=\"3985\">\n<p data-start=\"3899\" data-end=\"3985\">de <strong data-start=\"3902\" data-end=\"3925\">renforcer les liens<\/strong> entre acteurs europ\u00e9ens de l\u2019ESS et du num\u00e9rique \u00e9thique,<\/p>\n<\/li>\n<li data-start=\"3986\" data-end=\"4072\">\n<p data-start=\"3988\" data-end=\"4072\">de <strong data-start=\"3991\" data-end=\"4033\">faire \u00e9merger un r\u00e9seau de coop\u00e9ration<\/strong> autour de projets europ\u00e9ens communs,<\/p>\n<\/li>\n<li data-start=\"4073\" data-end=\"4200\">\n<p data-start=\"4075\" data-end=\"4200\">et de <strong data-start=\"4081\" data-end=\"4125\">positionner la France et ses partenaires<\/strong> comme catalyseurs d\u2019un num\u00e9rique d\u2019int\u00e9r\u00eat g\u00e9n\u00e9ral \u00e0 l\u2019\u00e9chelle europ\u00e9enne.<\/p>\n<\/li>\n<\/ul>\n<p data-start=\"4202\" data-end=\"4402\">Cet \u00e9v\u00e9nement marque une \u00e9tape importante dans la construction d\u2019un <strong data-start=\"4270\" data-end=\"4326\">\u00e9cosyst\u00e8me europ\u00e9en du num\u00e9rique social et solidaire<\/strong>, au service de l\u2019inclusion, de la durabilit\u00e9 et de la d\u00e9mocratie num\u00e9rique.<\/p>\n<ul data-start=\"1504\" data-end=\"1738\"><\/ul>[\/et_pb_text][\/et_pb_column][\/et_pb_row][\/et_pb_section]","protected":false},"excerpt":{"rendered":"<p>Discover how Social Good Week is evolving to become &#8216;Digital in Common[s] ESS x Europe&#8217; in 2023. Learn more about this innovative initiative aimed at unifying the digital social economy in Europe. Upcoming events, partners, and more.<\/p>\n","protected":false},"author":1,"featured_media":53272,"comment_status":"closed","ping_status":"closed","sticky":false,"template":"","format":"standard","meta":{"_et_pb_use_builder":"on","_et_pb_old_content":"","_et_gb_content_width":"","jetpack_post_was_ever_published":false,"_jetpack_newsletter_access":"","_jetpack_dont_email_post_to_subs":false,"_jetpack_newsletter_tier_id":0,"_jetpack_memberships_contains_paywalled_content":false,"_jetpack_memberships_contains_paid_content":false,"footnotes":""},"categories":[192],"tags":[369,251],"class_list":["post-53264","post","type-post","status-publish","format-standard","has-post-thumbnail","hentry","category-actualites-de-soga","tag-evenements","tag-nec-ess"],"yoast_head":"<!-- This site is optimized with the Yoast SEO plugin v27.4 - https:\/\/yoast.com\/product\/yoast-seo-wordpress\/ -->\n<title>Programme du NEC ESS Europe 2023 - SOGA<\/title>\n<meta name=\"description\" content=\"D\u00e9couvrez le programme complet de NEC ESS Europe 2023, l&#039;\u00e9v\u00e9nement incontournable des acteurs de l&#039;innovation num\u00e9rique sociale et solidaire.\" \/>\n<meta name=\"robots\" content=\"index, follow, max-snippet:-1, max-image-preview:large, max-video-preview:-1\" \/>\n<link rel=\"canonical\" href=\"https:\/\/socialgoodaccelerator.eu\/fr\/2023\/10\/20\/programme-de-nec-ess-europe-2023\/\" \/>\n<meta property=\"og:locale\" content=\"fr_FR\" \/>\n<meta property=\"og:type\" content=\"article\" \/>\n<meta property=\"og:title\" content=\"Programme du NEC ESS Europe 2023 - SOGA\" \/>\n<meta property=\"og:description\" content=\"D\u00e9couvrez le programme complet de NEC ESS Europe 2023, l&#039;\u00e9v\u00e9nement incontournable des acteurs de l&#039;innovation num\u00e9rique sociale et solidaire.\" \/>\n<meta property=\"og:url\" content=\"https:\/\/socialgoodaccelerator.eu\/fr\/2023\/10\/20\/programme-de-nec-ess-europe-2023\/\" \/>\n<meta property=\"og:site_name\" content=\"SOGA\" \/>\n<meta property=\"article:publisher\" content=\"https:\/\/www.facebook.com\/SocialGoodAccel.EU\/\" \/>\n<meta property=\"article:published_time\" content=\"2023-10-20T13:05:04+00:00\" \/>\n<meta property=\"article:modified_time\" content=\"2025-10-15T13:53:32+00:00\" \/>\n<meta property=\"og:image\" content=\"http:\/\/socialgoodaccelerator.eu\/wp-content\/uploads\/2023\/10\/Promouvoir-la-journee-du-8-novembre-Proposition-1-.png\" \/>\n\t<meta property=\"og:image:width\" content=\"1800\" \/>\n\t<meta property=\"og:image:height\" content=\"1080\" \/>\n\t<meta property=\"og:image:type\" content=\"image\/png\" \/>\n<meta name=\"author\" content=\"sogaccelerator\" \/>\n<meta name=\"twitter:card\" content=\"summary_large_image\" \/>\n<meta name=\"twitter:label1\" content=\"\u00c9crit par\" \/>\n\t<meta name=\"twitter:data1\" content=\"sogaccelerator\" \/>\n\t<meta name=\"twitter:label2\" content=\"Dur\u00e9e de lecture estim\u00e9e\" \/>\n\t<meta name=\"twitter:data2\" content=\"4 minutes\" \/>\n<script type=\"application\/ld+json\" class=\"yoast-schema-graph\">{\"@context\":\"https:\\\/\\\/schema.org\",\"@graph\":[{\"@type\":\"Article\",\"@id\":\"https:\\\/\\\/socialgoodaccelerator.eu\\\/2023\\\/10\\\/20\\\/programme-de-nec-ess-europe-2023\\\/#article\",\"isPartOf\":{\"@id\":\"https:\\\/\\\/socialgoodaccelerator.eu\\\/2023\\\/10\\\/20\\\/programme-de-nec-ess-europe-2023\\\/\"},\"author\":{\"name\":\"sogaccelerator\",\"@id\":\"https:\\\/\\\/socialgoodaccelerator.eu\\\/#\\\/schema\\\/person\\\/0320622db91fd4a2ddef724cbdee0c3e\"},\"headline\":\"Programme du NEC ESS Europe 2023\",\"datePublished\":\"2023-10-20T13:05:04+00:00\",\"dateModified\":\"2025-10-15T13:53:32+00:00\",\"mainEntityOfPage\":{\"@id\":\"https:\\\/\\\/socialgoodaccelerator.eu\\\/2023\\\/10\\\/20\\\/programme-de-nec-ess-europe-2023\\\/\"},\"wordCount\":1146,\"publisher\":{\"@id\":\"https:\\\/\\\/socialgoodaccelerator.eu\\\/#organization\"},\"image\":{\"@id\":\"https:\\\/\\\/socialgoodaccelerator.eu\\\/2023\\\/10\\\/20\\\/programme-de-nec-ess-europe-2023\\\/#primaryimage\"},\"thumbnailUrl\":\"https:\\\/\\\/i0.wp.com\\\/socialgoodaccelerator.eu\\\/wp-content\\\/uploads\\\/2023\\\/10\\\/Promouvoir-la-journee-du-8-novembre-Proposition-1-.png?fit=1800%2C1080&ssl=1\",\"keywords\":[\"\u00c9v\u00e9nements (Connect)\",\"NEC ESS\"],\"articleSection\":[\"Actualit\u00e9s de SOGA\"],\"inLanguage\":\"fr-FR\"},{\"@type\":\"WebPage\",\"@id\":\"https:\\\/\\\/socialgoodaccelerator.eu\\\/2023\\\/10\\\/20\\\/programme-de-nec-ess-europe-2023\\\/\",\"url\":\"https:\\\/\\\/socialgoodaccelerator.eu\\\/2023\\\/10\\\/20\\\/programme-de-nec-ess-europe-2023\\\/\",\"name\":\"Programme du NEC ESS Europe 2023 - SOGA\",\"isPartOf\":{\"@id\":\"https:\\\/\\\/socialgoodaccelerator.eu\\\/#website\"},\"primaryImageOfPage\":{\"@id\":\"https:\\\/\\\/socialgoodaccelerator.eu\\\/2023\\\/10\\\/20\\\/programme-de-nec-ess-europe-2023\\\/#primaryimage\"},\"image\":{\"@id\":\"https:\\\/\\\/socialgoodaccelerator.eu\\\/2023\\\/10\\\/20\\\/programme-de-nec-ess-europe-2023\\\/#primaryimage\"},\"thumbnailUrl\":\"https:\\\/\\\/i0.wp.com\\\/socialgoodaccelerator.eu\\\/wp-content\\\/uploads\\\/2023\\\/10\\\/Promouvoir-la-journee-du-8-novembre-Proposition-1-.png?fit=1800%2C1080&ssl=1\",\"datePublished\":\"2023-10-20T13:05:04+00:00\",\"dateModified\":\"2025-10-15T13:53:32+00:00\",\"description\":\"D\u00e9couvrez le programme complet de NEC ESS Europe 2023, l'\u00e9v\u00e9nement incontournable des acteurs de l'innovation num\u00e9rique sociale et solidaire.\",\"breadcrumb\":{\"@id\":\"https:\\\/\\\/socialgoodaccelerator.eu\\\/2023\\\/10\\\/20\\\/programme-de-nec-ess-europe-2023\\\/#breadcrumb\"},\"inLanguage\":\"fr-FR\",\"potentialAction\":[{\"@type\":\"ReadAction\",\"target\":[\"https:\\\/\\\/socialgoodaccelerator.eu\\\/2023\\\/10\\\/20\\\/programme-de-nec-ess-europe-2023\\\/\"]}]},{\"@type\":\"ImageObject\",\"inLanguage\":\"fr-FR\",\"@id\":\"https:\\\/\\\/socialgoodaccelerator.eu\\\/2023\\\/10\\\/20\\\/programme-de-nec-ess-europe-2023\\\/#primaryimage\",\"url\":\"https:\\\/\\\/i0.wp.com\\\/socialgoodaccelerator.eu\\\/wp-content\\\/uploads\\\/2023\\\/10\\\/Promouvoir-la-journee-du-8-novembre-Proposition-1-.png?fit=1800%2C1080&ssl=1\",\"contentUrl\":\"https:\\\/\\\/i0.wp.com\\\/socialgoodaccelerator.eu\\\/wp-content\\\/uploads\\\/2023\\\/10\\\/Promouvoir-la-journee-du-8-novembre-Proposition-1-.png?fit=1800%2C1080&ssl=1\",\"width\":1800,\"height\":1080},{\"@type\":\"BreadcrumbList\",\"@id\":\"https:\\\/\\\/socialgoodaccelerator.eu\\\/2023\\\/10\\\/20\\\/programme-de-nec-ess-europe-2023\\\/#breadcrumb\",\"itemListElement\":[{\"@type\":\"ListItem\",\"position\":1,\"name\":\"Accueil\",\"item\":\"https:\\\/\\\/socialgoodaccelerator.eu\\\/\"},{\"@type\":\"ListItem\",\"position\":2,\"name\":\"Programme du NEC ESS Europe 2023\"}]},{\"@type\":\"WebSite\",\"@id\":\"https:\\\/\\\/socialgoodaccelerator.eu\\\/#website\",\"url\":\"https:\\\/\\\/socialgoodaccelerator.eu\\\/\",\"name\":\"Social Good Accelerator\",\"description\":\"Acc\u00e9l\u00e9rer l&#039;ESS num\u00e9rique\",\"publisher\":{\"@id\":\"https:\\\/\\\/socialgoodaccelerator.eu\\\/#organization\"},\"alternateName\":\"SOGA\",\"potentialAction\":[{\"@type\":\"SearchAction\",\"target\":{\"@type\":\"EntryPoint\",\"urlTemplate\":\"https:\\\/\\\/socialgoodaccelerator.eu\\\/?s={search_term_string}\"},\"query-input\":{\"@type\":\"PropertyValueSpecification\",\"valueRequired\":true,\"valueName\":\"search_term_string\"}}],\"inLanguage\":\"fr-FR\"},{\"@type\":\"Organization\",\"@id\":\"https:\\\/\\\/socialgoodaccelerator.eu\\\/#organization\",\"name\":\"Social Good Accelerator\",\"alternateName\":\"SOGA\",\"url\":\"https:\\\/\\\/socialgoodaccelerator.eu\\\/\",\"logo\":{\"@type\":\"ImageObject\",\"inLanguage\":\"fr-FR\",\"@id\":\"https:\\\/\\\/socialgoodaccelerator.eu\\\/#\\\/schema\\\/logo\\\/image\\\/\",\"url\":\"https:\\\/\\\/i0.wp.com\\\/socialgoodaccelerator.eu\\\/wp-content\\\/uploads\\\/2023\\\/10\\\/cropped-LOGO-SOGA-V-FR.png?fit=512%2C512&ssl=1\",\"contentUrl\":\"https:\\\/\\\/i0.wp.com\\\/socialgoodaccelerator.eu\\\/wp-content\\\/uploads\\\/2023\\\/10\\\/cropped-LOGO-SOGA-V-FR.png?fit=512%2C512&ssl=1\",\"width\":512,\"height\":512,\"caption\":\"Social Good Accelerator\"},\"image\":{\"@id\":\"https:\\\/\\\/socialgoodaccelerator.eu\\\/#\\\/schema\\\/logo\\\/image\\\/\"},\"sameAs\":[\"https:\\\/\\\/www.facebook.com\\\/SocialGoodAccel.EU\\\/\",\"https:\\\/\\\/www.youtube.com\\\/@socialgoodaccelerator772\",\"https:\\\/\\\/www.youtube.com\\\/@SocialTechAcademy-eg6hp\"]},{\"@type\":\"Person\",\"@id\":\"https:\\\/\\\/socialgoodaccelerator.eu\\\/#\\\/schema\\\/person\\\/0320622db91fd4a2ddef724cbdee0c3e\",\"name\":\"sogaccelerator\",\"image\":{\"@type\":\"ImageObject\",\"inLanguage\":\"fr-FR\",\"@id\":\"https:\\\/\\\/secure.gravatar.com\\\/avatar\\\/99aef05386587650bb056a1275ce2e339bfe398930f37eb7262163da89aad453?s=96&d=mm&r=g\",\"url\":\"https:\\\/\\\/secure.gravatar.com\\\/avatar\\\/99aef05386587650bb056a1275ce2e339bfe398930f37eb7262163da89aad453?s=96&d=mm&r=g\",\"contentUrl\":\"https:\\\/\\\/secure.gravatar.com\\\/avatar\\\/99aef05386587650bb056a1275ce2e339bfe398930f37eb7262163da89aad453?s=96&d=mm&r=g\",\"caption\":\"sogaccelerator\"}}]}<\/script>\n<!-- \/ Yoast SEO plugin. -->","yoast_head_json":{"title":"Programme du NEC ESS Europe 2023 - SOGA","description":"D\u00e9couvrez le programme complet de NEC ESS Europe 2023, l'\u00e9v\u00e9nement incontournable des acteurs de l'innovation num\u00e9rique sociale et solidaire.","robots":{"index":"index","follow":"follow","max-snippet":"max-snippet:-1","max-image-preview":"max-image-preview:large","max-video-preview":"max-video-preview:-1"},"canonical":"https:\/\/socialgoodaccelerator.eu\/fr\/2023\/10\/20\/programme-de-nec-ess-europe-2023\/","og_locale":"fr_FR","og_type":"article","og_title":"Programme du NEC ESS Europe 2023 - SOGA","og_description":"D\u00e9couvrez le programme complet de NEC ESS Europe 2023, l'\u00e9v\u00e9nement incontournable des acteurs de l'innovation num\u00e9rique sociale et solidaire.","og_url":"https:\/\/socialgoodaccelerator.eu\/fr\/2023\/10\/20\/programme-de-nec-ess-europe-2023\/","og_site_name":"SOGA","article_publisher":"https:\/\/www.facebook.com\/SocialGoodAccel.EU\/","article_published_time":"2023-10-20T13:05:04+00:00","article_modified_time":"2025-10-15T13:53:32+00:00","og_image":[{"width":1800,"height":1080,"url":"http:\/\/socialgoodaccelerator.eu\/wp-content\/uploads\/2023\/10\/Promouvoir-la-journee-du-8-novembre-Proposition-1-.png","type":"image\/png"}],"author":"sogaccelerator","twitter_card":"summary_large_image","twitter_misc":{"\u00c9crit par":"sogaccelerator","Dur\u00e9e de lecture estim\u00e9e":"4 minutes"},"schema":{"@context":"https:\/\/schema.org","@graph":[{"@type":"Article","@id":"https:\/\/socialgoodaccelerator.eu\/2023\/10\/20\/programme-de-nec-ess-europe-2023\/#article","isPartOf":{"@id":"https:\/\/socialgoodaccelerator.eu\/2023\/10\/20\/programme-de-nec-ess-europe-2023\/"},"author":{"name":"sogaccelerator","@id":"https:\/\/socialgoodaccelerator.eu\/#\/schema\/person\/0320622db91fd4a2ddef724cbdee0c3e"},"headline":"Programme du NEC ESS Europe 2023","datePublished":"2023-10-20T13:05:04+00:00","dateModified":"2025-10-15T13:53:32+00:00","mainEntityOfPage":{"@id":"https:\/\/socialgoodaccelerator.eu\/2023\/10\/20\/programme-de-nec-ess-europe-2023\/"},"wordCount":1146,"publisher":{"@id":"https:\/\/socialgoodaccelerator.eu\/#organization"},"image":{"@id":"https:\/\/socialgoodaccelerator.eu\/2023\/10\/20\/programme-de-nec-ess-europe-2023\/#primaryimage"},"thumbnailUrl":"https:\/\/i0.wp.com\/socialgoodaccelerator.eu\/wp-content\/uploads\/2023\/10\/Promouvoir-la-journee-du-8-novembre-Proposition-1-.png?fit=1800%2C1080&ssl=1","keywords":["\u00c9v\u00e9nements (Connect)","NEC ESS"],"articleSection":["Actualit\u00e9s de SOGA"],"inLanguage":"fr-FR"},{"@type":"WebPage","@id":"https:\/\/socialgoodaccelerator.eu\/2023\/10\/20\/programme-de-nec-ess-europe-2023\/","url":"https:\/\/socialgoodaccelerator.eu\/2023\/10\/20\/programme-de-nec-ess-europe-2023\/","name":"Programme du NEC ESS Europe 2023 - SOGA","isPartOf":{"@id":"https:\/\/socialgoodaccelerator.eu\/#website"},"primaryImageOfPage":{"@id":"https:\/\/socialgoodaccelerator.eu\/2023\/10\/20\/programme-de-nec-ess-europe-2023\/#primaryimage"},"image":{"@id":"https:\/\/socialgoodaccelerator.eu\/2023\/10\/20\/programme-de-nec-ess-europe-2023\/#primaryimage"},"thumbnailUrl":"https:\/\/i0.wp.com\/socialgoodaccelerator.eu\/wp-content\/uploads\/2023\/10\/Promouvoir-la-journee-du-8-novembre-Proposition-1-.png?fit=1800%2C1080&ssl=1","datePublished":"2023-10-20T13:05:04+00:00","dateModified":"2025-10-15T13:53:32+00:00","description":"D\u00e9couvrez le programme complet de NEC ESS Europe 2023, l'\u00e9v\u00e9nement incontournable des acteurs de l'innovation num\u00e9rique sociale et solidaire.","breadcrumb":{"@id":"https:\/\/socialgoodaccelerator.eu\/2023\/10\/20\/programme-de-nec-ess-europe-2023\/#breadcrumb"},"inLanguage":"fr-FR","potentialAction":[{"@type":"ReadAction","target":["https:\/\/socialgoodaccelerator.eu\/2023\/10\/20\/programme-de-nec-ess-europe-2023\/"]}]},{"@type":"ImageObject","inLanguage":"fr-FR","@id":"https:\/\/socialgoodaccelerator.eu\/2023\/10\/20\/programme-de-nec-ess-europe-2023\/#primaryimage","url":"https:\/\/i0.wp.com\/socialgoodaccelerator.eu\/wp-content\/uploads\/2023\/10\/Promouvoir-la-journee-du-8-novembre-Proposition-1-.png?fit=1800%2C1080&ssl=1","contentUrl":"https:\/\/i0.wp.com\/socialgoodaccelerator.eu\/wp-content\/uploads\/2023\/10\/Promouvoir-la-journee-du-8-novembre-Proposition-1-.png?fit=1800%2C1080&ssl=1","width":1800,"height":1080},{"@type":"BreadcrumbList","@id":"https:\/\/socialgoodaccelerator.eu\/2023\/10\/20\/programme-de-nec-ess-europe-2023\/#breadcrumb","itemListElement":[{"@type":"ListItem","position":1,"name":"Accueil","item":"https:\/\/socialgoodaccelerator.eu\/"},{"@type":"ListItem","position":2,"name":"Programme du NEC ESS Europe 2023"}]},{"@type":"WebSite","@id":"https:\/\/socialgoodaccelerator.eu\/#website","url":"https:\/\/socialgoodaccelerator.eu\/","name":"Social Good Accelerator","description":"Acc\u00e9l\u00e9rer l&#039;ESS num\u00e9rique","publisher":{"@id":"https:\/\/socialgoodaccelerator.eu\/#organization"},"alternateName":"SOGA","potentialAction":[{"@type":"SearchAction","target":{"@type":"EntryPoint","urlTemplate":"https:\/\/socialgoodaccelerator.eu\/?s={search_term_string}"},"query-input":{"@type":"PropertyValueSpecification","valueRequired":true,"valueName":"search_term_string"}}],"inLanguage":"fr-FR"},{"@type":"Organization","@id":"https:\/\/socialgoodaccelerator.eu\/#organization","name":"Social Good Accelerator","alternateName":"SOGA","url":"https:\/\/socialgoodaccelerator.eu\/","logo":{"@type":"ImageObject","inLanguage":"fr-FR","@id":"https:\/\/socialgoodaccelerator.eu\/#\/schema\/logo\/image\/","url":"https:\/\/i0.wp.com\/socialgoodaccelerator.eu\/wp-content\/uploads\/2023\/10\/cropped-LOGO-SOGA-V-FR.png?fit=512%2C512&ssl=1","contentUrl":"https:\/\/i0.wp.com\/socialgoodaccelerator.eu\/wp-content\/uploads\/2023\/10\/cropped-LOGO-SOGA-V-FR.png?fit=512%2C512&ssl=1","width":512,"height":512,"caption":"Social Good Accelerator"},"image":{"@id":"https:\/\/socialgoodaccelerator.eu\/#\/schema\/logo\/image\/"},"sameAs":["https:\/\/www.facebook.com\/SocialGoodAccel.EU\/","https:\/\/www.youtube.com\/@socialgoodaccelerator772","https:\/\/www.youtube.com\/@SocialTechAcademy-eg6hp"]},{"@type":"Person","@id":"https:\/\/socialgoodaccelerator.eu\/#\/schema\/person\/0320622db91fd4a2ddef724cbdee0c3e","name":"sogaccelerator","image":{"@type":"ImageObject","inLanguage":"fr-FR","@id":"https:\/\/secure.gravatar.com\/avatar\/99aef05386587650bb056a1275ce2e339bfe398930f37eb7262163da89aad453?s=96&d=mm&r=g","url":"https:\/\/secure.gravatar.com\/avatar\/99aef05386587650bb056a1275ce2e339bfe398930f37eb7262163da89aad453?s=96&d=mm&r=g","contentUrl":"https:\/\/secure.gravatar.com\/avatar\/99aef05386587650bb056a1275ce2e339bfe398930f37eb7262163da89aad453?s=96&d=mm&r=g","caption":"sogaccelerator"}}]}},"jetpack_featured_media_url":"https:\/\/i0.wp.com\/socialgoodaccelerator.eu\/wp-content\/uploads\/2023\/10\/Promouvoir-la-journee-du-8-novembre-Proposition-1-.png?fit=1800%2C1080&ssl=1","jetpack_likes_enabled":false,"jetpack-related-posts":[{"id":57863,"url":"https:\/\/socialgoodaccelerator.eu\/fr\/2026\/04\/23\/lasuite-coop\/","url_meta":{"origin":53264,"position":0},"title":"LaSuite.coop : l\u2019alternative num\u00e9rique coop\u00e9rative, libre et h\u00e9berg\u00e9e en Europe dont l\u2019ESS avait besoin","author":"sogaccelerator","date":"23 avril 2026","format":"gallery","excerpt":"Abstract :\u00a0Chaque ann\u00e9e, 70 milliards d\u2019euros quittent la France en direction des \u00c9tats-Unis pour financer nos seuls usages num\u00e9riques. Derri\u00e8re\u2026","rel":"","context":"Dans &quot;Actualit\u00e9s de SOGA&quot;","block_context":{"text":"Actualit\u00e9s de SOGA","link":"https:\/\/socialgoodaccelerator.eu\/fr\/category\/actualites-de-soga\/"},"img":{"alt_text":"LaSuite.coop","src":"https:\/\/i0.wp.com\/socialgoodaccelerator.eu\/wp-content\/uploads\/2026\/04\/Design-sans-titre-2-1-1.png?fit=1200%2C627&ssl=1&resize=350%2C200","width":350,"height":200,"srcset":"https:\/\/i0.wp.com\/socialgoodaccelerator.eu\/wp-content\/uploads\/2026\/04\/Design-sans-titre-2-1-1.png?fit=1200%2C627&ssl=1&resize=350%2C200 1x, https:\/\/i0.wp.com\/socialgoodaccelerator.eu\/wp-content\/uploads\/2026\/04\/Design-sans-titre-2-1-1.png?fit=1200%2C627&ssl=1&resize=525%2C300 1.5x, https:\/\/i0.wp.com\/socialgoodaccelerator.eu\/wp-content\/uploads\/2026\/04\/Design-sans-titre-2-1-1.png?fit=1200%2C627&ssl=1&resize=700%2C400 2x, https:\/\/i0.wp.com\/socialgoodaccelerator.eu\/wp-content\/uploads\/2026\/04\/Design-sans-titre-2-1-1.png?fit=1200%2C627&ssl=1&resize=1050%2C600 3x"},"classes":[]},{"id":51087,"url":"https:\/\/socialgoodaccelerator.eu\/fr\/2022\/07\/07\/rapport-activite-2021\/","url_meta":{"origin":53264,"position":1},"title":"Rapport d&#8217;activit\u00e9 2021","author":"sogaccelerator","date":"7 juillet 2022","format":false,"excerpt":"D\u00e9couvrez toutes les actions accomplies par le Social good Accelerator en 2021 et ses perspectives pour 2022 dans ce rapport d'activit\u00e9.","rel":"","context":"Dans &quot;Rapport d'activit\u00e9&quot;","block_context":{"text":"Rapport d'activit\u00e9","link":"https:\/\/socialgoodaccelerator.eu\/fr\/category\/rapport-d-activite\/"},"img":{"alt_text":"Rapport d'activit\u00e9 2021","src":"https:\/\/i0.wp.com\/socialgoodaccelerator.eu\/wp-content\/uploads\/2025\/08\/Titre-3.png?fit=1200%2C675&ssl=1&resize=350%2C200","width":350,"height":200,"srcset":"https:\/\/i0.wp.com\/socialgoodaccelerator.eu\/wp-content\/uploads\/2025\/08\/Titre-3.png?fit=1200%2C675&ssl=1&resize=350%2C200 1x, https:\/\/i0.wp.com\/socialgoodaccelerator.eu\/wp-content\/uploads\/2025\/08\/Titre-3.png?fit=1200%2C675&ssl=1&resize=525%2C300 1.5x, https:\/\/i0.wp.com\/socialgoodaccelerator.eu\/wp-content\/uploads\/2025\/08\/Titre-3.png?fit=1200%2C675&ssl=1&resize=700%2C400 2x, https:\/\/i0.wp.com\/socialgoodaccelerator.eu\/wp-content\/uploads\/2025\/08\/Titre-3.png?fit=1200%2C675&ssl=1&resize=1050%2C600 3x"},"classes":[]},{"id":50793,"url":"https:\/\/socialgoodaccelerator.eu\/fr\/2022\/05\/17\/social-economy-europe-interview-on-the-second-social-economy-summit\/","url_meta":{"origin":53264,"position":2},"title":"\"Une exp\u00e9rience r\u00e9ussie\", le point de vue de Social Economy Europe sur le Sommet europ\u00e9en de l'\u00e9conomie sociale.","author":"sogaccelerator","date":"17 mai 2022","format":false,"excerpt":"Le sommet europ\u00e9en de l'\u00e9conomie sociale des 5 et 6 mai 2022 \u00e0 Strasbourg s'est pench\u00e9 sur la place de l'\u00e9conomie sociale dans l'Union europ\u00e9enne et son avenir \u00e0 travers des conf\u00e9rences, des ateliers et des rencontres.","rel":"","context":"Dans &quot;Interviews \/ T\u00e9moignages&quot;","block_context":{"text":"Interviews \/ T\u00e9moignages","link":"https:\/\/socialgoodaccelerator.eu\/fr\/category\/interviews-temoignages\/"},"img":{"alt_text":"","src":"https:\/\/i0.wp.com\/socialgoodaccelerator.eu\/wp-content\/uploads\/2022\/05\/Capture-decran-2022-05-17-a-11.33.32.png?fit=626%2C485&ssl=1&resize=350%2C200","width":350,"height":200,"srcset":"https:\/\/i0.wp.com\/socialgoodaccelerator.eu\/wp-content\/uploads\/2022\/05\/Capture-decran-2022-05-17-a-11.33.32.png?fit=626%2C485&ssl=1&resize=350%2C200 1x, https:\/\/i0.wp.com\/socialgoodaccelerator.eu\/wp-content\/uploads\/2022\/05\/Capture-decran-2022-05-17-a-11.33.32.png?fit=626%2C485&ssl=1&resize=525%2C300 1.5x"},"classes":[]},{"id":50394,"url":"https:\/\/socialgoodaccelerator.eu\/fr\/2022\/03\/10\/open-letter\/","url_meta":{"origin":53264,"position":3},"title":"Open letter: the necessary digital transition of the social economy","author":"sogaccelerator","date":"10 mars 2022","format":false,"excerpt":"En f\u00e9vrier 2021, le Social Good Accelerator et ses 70 membres ont maintenu leur vision dans leur lettre ouverte. Un monde meilleur ne peut \u00eatre r\u00e9alis\u00e9 qu'avec le soutien total de l'\u00e9conomie sociale, qui doit \u00e9galement \u00eatre num\u00e9ris\u00e9e.","rel":"","context":"Dans &quot;Notes de position&quot;","block_context":{"text":"Notes de position","link":"https:\/\/socialgoodaccelerator.eu\/fr\/category\/notes-de-position\/"},"img":{"alt_text":"SOGA team flags Lisbon","src":"https:\/\/i0.wp.com\/socialgoodaccelerator.eu\/wp-content\/uploads\/2018\/03\/flags.jpg?fit=1200%2C900&ssl=1&resize=350%2C200","width":350,"height":200,"srcset":"https:\/\/i0.wp.com\/socialgoodaccelerator.eu\/wp-content\/uploads\/2018\/03\/flags.jpg?fit=1200%2C900&ssl=1&resize=350%2C200 1x, https:\/\/i0.wp.com\/socialgoodaccelerator.eu\/wp-content\/uploads\/2018\/03\/flags.jpg?fit=1200%2C900&ssl=1&resize=525%2C300 1.5x, https:\/\/i0.wp.com\/socialgoodaccelerator.eu\/wp-content\/uploads\/2018\/03\/flags.jpg?fit=1200%2C900&ssl=1&resize=700%2C400 2x, https:\/\/i0.wp.com\/socialgoodaccelerator.eu\/wp-content\/uploads\/2018\/03\/flags.jpg?fit=1200%2C900&ssl=1&resize=1050%2C600 3x"},"classes":[]},{"id":53114,"url":"https:\/\/socialgoodaccelerator.eu\/fr\/2023\/07\/07\/rapport-activite-2022\/","url_meta":{"origin":53264,"position":4},"title":"Rapport d&#8217;activit\u00e9 2022","author":"sogaccelerator","date":"7 juillet 2023","format":false,"excerpt":"Plongez dans notre rapport d'activit\u00e9s 2022 pour d\u00e9couvrir nos r\u00e9alisations pour acc\u00e9l\u00e9rer la transition num\u00e9rique des organisations de l'\u00e9conomie sociale et la construction d'un mod\u00e8le num\u00e9rique social et inclusif \u00e0 l'\u00e9chelle europ\u00e9enne.","rel":"","context":"Dans &quot;Rapport d'activit\u00e9&quot;","block_context":{"text":"Rapport d'activit\u00e9","link":"https:\/\/socialgoodaccelerator.eu\/fr\/category\/rapport-d-activite\/"},"img":{"alt_text":"Rapport d'activit\u00e9 2022","src":"https:\/\/i0.wp.com\/socialgoodaccelerator.eu\/wp-content\/uploads\/2025\/08\/Titre-2.png?fit=1200%2C675&ssl=1&resize=350%2C200","width":350,"height":200,"srcset":"https:\/\/i0.wp.com\/socialgoodaccelerator.eu\/wp-content\/uploads\/2025\/08\/Titre-2.png?fit=1200%2C675&ssl=1&resize=350%2C200 1x, https:\/\/i0.wp.com\/socialgoodaccelerator.eu\/wp-content\/uploads\/2025\/08\/Titre-2.png?fit=1200%2C675&ssl=1&resize=525%2C300 1.5x, https:\/\/i0.wp.com\/socialgoodaccelerator.eu\/wp-content\/uploads\/2025\/08\/Titre-2.png?fit=1200%2C675&ssl=1&resize=700%2C400 2x, https:\/\/i0.wp.com\/socialgoodaccelerator.eu\/wp-content\/uploads\/2025\/08\/Titre-2.png?fit=1200%2C675&ssl=1&resize=1050%2C600 3x"},"classes":[]},{"id":50186,"url":"https:\/\/socialgoodaccelerator.eu\/fr\/2021\/11\/30\/social-tech-atlas-why-a-single-map-for-a-thousand-social-organisations\/","url_meta":{"origin":53264,"position":5},"title":"Social Tech Atlas : pourquoi une seule et m\u00eame carte pour 1000 organisations de l'ESS ?","author":"sogaccelerator","date":"30 novembre 2021","format":false,"excerpt":"Until now, there was no European database gathering both organisations supporting social economy stakeholders in their digital transition and those offering alternative digital tools and services. This is now done with the Social Tech Atlas...","rel":"","context":"Dans &quot;Communs &amp; plaidoyer&quot;","block_context":{"text":"Communs &amp; plaidoyer","link":"https:\/\/socialgoodaccelerator.eu\/fr\/category\/communs-et-plaidoyer\/"},"img":{"alt_text":"Screenshot Social Tech Atlas","src":"https:\/\/i0.wp.com\/socialgoodaccelerator.eu\/wp-content\/uploads\/2021\/11\/Capture-de%CC%81cran-2021-11-30-a%CC%80-12.32.33.png?fit=694%2C560&ssl=1&resize=350%2C200","width":350,"height":200,"srcset":"https:\/\/i0.wp.com\/socialgoodaccelerator.eu\/wp-content\/uploads\/2021\/11\/Capture-de%CC%81cran-2021-11-30-a%CC%80-12.32.33.png?fit=694%2C560&ssl=1&resize=350%2C200 1x, https:\/\/i0.wp.com\/socialgoodaccelerator.eu\/wp-content\/uploads\/2021\/11\/Capture-de%CC%81cran-2021-11-30-a%CC%80-12.32.33.png?fit=694%2C560&ssl=1&resize=525%2C300 1.5x"},"classes":[]}],"jetpack_sharing_enabled":false,"jetpack_shortlink":"https:\/\/wp.me\/p9J6Qk-dR6","_links":{"self":[{"href":"https:\/\/socialgoodaccelerator.eu\/fr\/wp-json\/wp\/v2\/posts\/53264","targetHints":{"allow":["GET"]}}],"collection":[{"href":"https:\/\/socialgoodaccelerator.eu\/fr\/wp-json\/wp\/v2\/posts"}],"about":[{"href":"https:\/\/socialgoodaccelerator.eu\/fr\/wp-json\/wp\/v2\/types\/post"}],"author":[{"embeddable":true,"href":"https:\/\/socialgoodaccelerator.eu\/fr\/wp-json\/wp\/v2\/users\/1"}],"replies":[{"embeddable":true,"href":"https:\/\/socialgoodaccelerator.eu\/fr\/wp-json\/wp\/v2\/comments?post=53264"}],"version-history":[{"count":8,"href":"https:\/\/socialgoodaccelerator.eu\/fr\/wp-json\/wp\/v2\/posts\/53264\/revisions"}],"predecessor-version":[{"id":56010,"href":"https:\/\/socialgoodaccelerator.eu\/fr\/wp-json\/wp\/v2\/posts\/53264\/revisions\/56010"}],"wp:featuredmedia":[{"embeddable":true,"href":"https:\/\/socialgoodaccelerator.eu\/fr\/wp-json\/wp\/v2\/media\/53272"}],"wp:attachment":[{"href":"https:\/\/socialgoodaccelerator.eu\/fr\/wp-json\/wp\/v2\/media?parent=53264"}],"wp:term":[{"taxonomy":"category","embeddable":true,"href":"https:\/\/socialgoodaccelerator.eu\/fr\/wp-json\/wp\/v2\/categories?post=53264"},{"taxonomy":"post_tag","embeddable":true,"href":"https:\/\/socialgoodaccelerator.eu\/fr\/wp-json\/wp\/v2\/tags?post=53264"}],"curies":[{"name":"wp","href":"https:\/\/api.w.org\/{rel}","templated":true}]}}