{"id":51172,"date":"2022-07-13T10:58:49","date_gmt":"2022-07-13T08:58:49","guid":{"rendered":"https:\/\/socialgoodaccelerator.eu\/?p=51172"},"modified":"2025-08-01T17:26:13","modified_gmt":"2025-08-01T15:26:13","slug":"analysis-of-the-report-on-the-digital-commons","status":"publish","type":"post","link":"https:\/\/socialgoodaccelerator.eu\/fr\/2022\/07\/13\/analysis-of-the-report-on-the-digital-commons\/","title":{"rendered":"Analyse du rapport sur les communs num\u00e9riques"},"content":{"rendered":"[et_pb_section fb_built=&#8221;1&#8243; _builder_version=&#8221;4.15&#8243; _module_preset=&#8221;default&#8221; min_height=&#8221;0px&#8221; custom_margin=&#8221;||-56px|||&#8221; custom_padding=&#8221;0px|||||&#8221; global_colors_info=&#8221;{}&#8221;][et_pb_row _builder_version=&#8221;4.15&#8243; _module_preset=&#8221;default&#8221; min_height=&#8221;58px&#8221; global_colors_info=&#8221;{}&#8221;][et_pb_column type=&#8221;4_4&#8243; _builder_version=&#8221;4.15&#8243; _module_preset=&#8221;default&#8221; global_colors_info=&#8221;{}&#8221;][et_pb_text _builder_version=&#8221;4.15.1&#8243; _module_preset=&#8221;default&#8221; text_text_color=&#8221;#F8C040&#8243; global_colors_info=&#8221;{}&#8221;]<h1 style=\"text-align: justify;\">Analysis of the report on the Digital Commons<\/h1>[\/et_pb_text][\/et_pb_column][\/et_pb_row][et_pb_row _builder_version=&#8221;4.15&#8243; _module_preset=&#8221;default&#8221; background_color=&#8221;#2B2A5C&#8221; locked=&#8221;off&#8221; global_colors_info=&#8221;{}&#8221;][et_pb_column type=&#8221;4_4&#8243; _builder_version=&#8221;4.15&#8243; _module_preset=&#8221;default&#8221; global_colors_info=&#8221;{}&#8221;][et_pb_text content_tablet=&#8221;&#8221; content_phone=&#8221;&#8221; content_last_edited=&#8221;on|desktop&#8221; admin_label=&#8221;Texte&#8221; _builder_version=&#8221;4.15.1&#8243; text_text_color=&#8221;#F8C040&#8243; background_size=&#8221;initial&#8221; background_position=&#8221;top_left&#8221; background_repeat=&#8221;repeat&#8221; custom_padding=&#8221;|15px|15px|15px|false|false&#8221; use_border_color=&#8221;off&#8221; border_style=&#8221;solid&#8221; global_colors_info=&#8221;{}&#8221;]<p style=\"text-align: justify;\"><span style=\"font-size: medium;\"><strong><span style=\"color: #ffffff;\">On the occasion of the Digital Assembly co-organised in Toulouse on 21 and 22 June by the French Presidency of the Council of the European Union and the European Commission, the <\/span><span style=\"text-decoration: underline; color: #ffffff;\"><a href=\"https:\/\/www.diplomatie.gouv.fr\/IMG\/pdf\/report_of_the_european_working_team_on_digital_commons_digital_assembly_june_2022_wnetherlands_cle843dbf.pdf\" style=\"color: #ffffff;\">report on the Digital Commons<\/a> <\/span><span style=\"color: #ffffff;\">was published. <\/span><\/strong><\/span><span style=\"font-size: medium;\"><strong><span style=\"color: #ffffff;\">This report was initiated by France during the conference &#8216;Building Europe&#8217;s Digital Sovereignty&#8217; organised on 7 and 8 February.\u00a0<\/span><\/strong><\/span><\/p>\n<p style=\"text-align: justify;\"><span style=\"font-size: medium;\"><strong><span style=\"color: #ffffff;\">This report is the result of collective work by a group of 19 European union (EU) Member States, the European Commission.<\/span><\/strong><\/span><\/p>\n<p style=\"text-align: justify;\"><span style=\"font-size: medium;\"><strong><span style=\"color: #ffffff;\">The aim was to collectively develop a project to promote and accelerate the development of the digital commons.<\/span><\/strong><\/span><\/p>[\/et_pb_text][\/et_pb_column][\/et_pb_row][\/et_pb_section][et_pb_section fb_built=&#8221;1&#8243; _builder_version=&#8221;4.15&#8243; _module_preset=&#8221;default&#8221; custom_margin=&#8221;||-2px|||&#8221; custom_padding=&#8221;18px||4px|||&#8221; locked=&#8221;off&#8221; global_colors_info=&#8221;{}&#8221;][et_pb_row padding_mobile=&#8221;off&#8221; column_padding_mobile=&#8221;on&#8221; admin_label=&#8221;row&#8221; _builder_version=&#8221;4.15&#8243; background_size=&#8221;initial&#8221; background_position=&#8221;top_left&#8221; background_repeat=&#8221;repeat&#8221; min_height=&#8221;351.6px&#8221; custom_margin=&#8221;-16px|auto||auto||&#8221; custom_padding=&#8221;0px||0px|||&#8221; make_fullwidth=&#8221;off&#8221; use_custom_width=&#8221;off&#8221; width_unit=&#8221;off&#8221; custom_width_px=&#8221;1080px&#8221; custom_width_percent=&#8221;80%&#8221; global_colors_info=&#8221;{}&#8221;][et_pb_column type=&#8221;4_4&#8243; _builder_version=&#8221;4.15&#8243; custom_padding=&#8221;|||&#8221; global_colors_info=&#8221;{}&#8221; custom_padding__hover=&#8221;|||&#8221;][et_pb_text _builder_version=&#8221;4.15&#8243; _module_preset=&#8221;default&#8221; custom_padding=&#8221;0px|||||&#8221; global_colors_info=&#8221;{}&#8221;]<p style=\"text-align: justify;\"><\/p>\n<p style=\"text-align: justify;\"><span style=\"font-size: x-large;\"><strong>The digital commons, pillars of European digital sovereignty<\/strong><\/span><\/p>\n<p>According to the definition of Elinor Ostrom, winner of the Nobel Prize in Economics in 2009, a commons is defined as <strong>a resource designed and governed by a community, with established rules of access and sharing.<\/strong> A digital commons is therefore a digital resource such as a platform, a website or an application whose particularity is that it belongs to everyone and can be modified by everyone. In other words, the governance of this resource is managed in a democratic and bottom-up manner.\u00a0<\/p>\n<p>The basic premise is that<strong> a well-maintained digital commons offers <em>&#8216;a unique opportunity to support European digital sovereignty&#8217;.<\/em><\/strong><\/p>\n<p>First, under the right conditions, digital commons contribute to the<strong> preservation of control by external powers<\/strong>. Indeed, a digital commons is by definition neither in the hands of a single large company nor in those of a single state. This shared ownership aims to prevent the risk of abuse.<\/p>\n<p>Secondly, the commons contribute to <strong>the collective valorisation of a digital resource and to the reuse of the digital data and infrastructure concerning it<\/strong>. The digital commons therefore promote innovation, social value and sustainability. Collective intelligence is indeed increased tenfold by the free access to information and the possibility to enrich the resource.<\/p>\n<p>Finally, the digital commons are<strong> a pillar of cybersecurity,<\/strong> provided that they are well maintained. In other words, according to Eric S. Raymond&#8217;s adage,<em> &#8216;if you have enough eyes, all bugs are shallow&#8217;<\/em> (The Cathedral and the Bazaar, 1999).<\/p>\n<p>&nbsp;<\/p>\n<p><span style=\"font-size: x-large;\"><strong>A strong need for visibility and acculturation of the digital commons<\/strong><\/span><\/p>\n<p><em>&#8216;However, without a cultural shift in understanding the added value of the commons, their sustainability is threatened by a lack of use and contribution.&#8217;<\/em> As this report points out, the digital commons are excellent tools for moving towards European digital sovereignty, provided they are widely used. It is true that without widespread use and contribution, the resource can quickly become inefficient and obsolete. Hence the report&#8217;s proposals aimed firstly at giving visibility to the digital commons, and secondly, at gaining the trust of the different actors, in particular those of the digital commons community.<\/p>\n<p><span class=\"Apple-converted-space\"><\/span><\/p>\n<p style=\"text-align: justify;\"><\/p>[\/et_pb_text][\/et_pb_column][\/et_pb_row][et_pb_row _builder_version=&#8221;4.15.1&#8243; _module_preset=&#8221;default&#8221; global_colors_info=&#8221;{}&#8221;][et_pb_column type=&#8221;4_4&#8243; _builder_version=&#8221;4.15.1&#8243; _module_preset=&#8221;default&#8221; global_colors_info=&#8221;{}&#8221;][et_pb_image src=&#8221;https:\/\/socialgoodaccelerator.eu\/wp-content\/uploads\/2022\/07\/Image-aggrandie-Visuel-article-communs-numeriques-Publication-LinkedIn.png&#8221; title_text=&#8221;Image aggrandie : Visuel article communs num\u00e9riques (Publication LinkedIn)&#8221; _builder_version=&#8221;4.15.1&#8243; _module_preset=&#8221;default&#8221; width=&#8221;40%&#8221; global_colors_info=&#8221;{}&#8221;][\/et_pb_image][\/et_pb_column][\/et_pb_row][et_pb_row _builder_version=&#8221;4.15.1&#8243; _module_preset=&#8221;default&#8221; global_colors_info=&#8221;{}&#8221;][et_pb_column type=&#8221;4_4&#8243; _builder_version=&#8221;4.15.1&#8243; _module_preset=&#8221;default&#8221; global_colors_info=&#8221;{}&#8221;][et_pb_text _builder_version=&#8221;4.15.1&#8243; _module_preset=&#8221;default&#8221; global_colors_info=&#8221;{}&#8221;]<p><span style=\"font-size: x-large;\"><strong>Four proposals to promote and accelerate the development of the digital commons<\/strong><\/span><span style=\"font-size: x-large;\"><strong><\/strong><\/span><\/p>\n<p><span style=\"font-size: x-large;\"><strong><\/strong><\/span><\/p>\n<p><span style=\"font-size: x-large;\"><strong><\/strong><\/span><\/p>\n<p><span style=\"font-size: large;\"><strong>Proposal 1: Create a European one-stop-shop to guide communities towards adequate funding and public support<\/strong><\/span><\/p>\n<p>The idea is to create a platform to centralise at a European level the process of finding public funding for digital communities by providing guidance, expertise and resources.<\/p>\n<p>&nbsp;<\/p>\n<p><span style=\"font-size: large;\"><strong>Proposal 2: Launch a call for projects for the most strategic commons<\/strong><\/span><\/p>\n<p>The purpose of a call for projects on the digital commons would make it possible to respond to the financial problems encountered by the majority of commons, given their limited resources.<\/p>\n<p>An orientation of funds towards thematic digital commons is recommended. The themes identified as priorities by the working group are research, e-government and strategic elements.<\/p>\n<p>&nbsp;<\/p>\n<p><strong><span style=\"font-size: large;\">Proposal 3: Create a European Foundation for the Digital Commons<\/span><\/strong><\/p>\n<p>The creation of a European Foundation is the most ambitious proposal. <em>&#8216;In coordination with the EU&#8217;s policy objectives, the structure would aim to foster the development of digital commons ecosystems across Europe, to strengthen existing communities and encourage the re-use of digital resources, while facilitating the spread of the digital commons model by supporting the generation of new digital commons.&#8217;<\/em><\/p>\n<p>But, it would only become a true catalyst, supporter and promoter of the digital commons<em> &#8216;if its governance is open and shared with the communities concerned.&#8217;<\/em> Governance would therefore be shared between the States, the European Commission and the digital commons communities. In addition, a permanent team would be dedicated to supporting this structure.<\/p>\n<p>&nbsp;<\/p>\n<p><span style=\"font-size: large;\"><strong>Proposal 4: Leading by example, the digital commons by default<\/strong><\/span><\/p>\n<p>This proposal aims to ensure that national and European administrations assess as a priority the possibility of a solution using open source code and open data as soon as they are faced with the development of digital resources.<\/p>[\/et_pb_text][\/et_pb_column][\/et_pb_row][et_pb_row _builder_version=&#8221;4.15.1&#8243; _module_preset=&#8221;default&#8221; global_colors_info=&#8221;{}&#8221;][et_pb_column type=&#8221;4_4&#8243; _builder_version=&#8221;4.15.1&#8243; _module_preset=&#8221;default&#8221; global_colors_info=&#8221;{}&#8221;][et_pb_text _builder_version=&#8221;4.15.1&#8243; _module_preset=&#8221;default&#8221; global_colors_info=&#8221;{}&#8221;]<p><strong><span style=\"font-size: x-large;\">Conclusion: the scope of the report<\/span><\/strong><\/p>\n<p><span style=\"text-decoration: underline; color: #2b2a5c;\"><a href=\"https:\/\/blogs.mediapart.fr\/les-invites-de-mediapart\/blog\/200622\/pour-que-les-communs-numeriques-deviennent-un-pilier-de-la-souverainete-numerique-euro\" style=\"color: #2b2a5c; text-decoration: underline;\">Welcomed<\/a><\/span> by many in the digital commons community, these proposals are encouraging for the future and fully in line with the <span style=\"text-decoration: underline; color: #2b2a5c;\"><a href=\"https:\/\/www.google.com\/search?client=safari&amp;rls=en&amp;q=objectifs+climatiques+UE&amp;ie=UTF-8&amp;oe=UTF-8\" style=\"color: #2b2a5c; text-decoration: underline;\">EU&#8217;s climate<\/a><\/span> and<span style=\"text-decoration: underline; color: #2b2a5c;\"><a href=\"https:\/\/ec.europa.eu\/info\/strategy\/priorities-2019-2024\/europe-fit-digital-age\/europes-digital-decade-digital-targets-2030_fr\" style=\"color: #2b2a5c; text-decoration: underline;\"> digital objectives<\/a>.<\/span><\/p>\n<p><span style=\"color: #2b2a5c;\">The next step is suggest<\/span>ed by the report. This is a broad consultation on this topic in coordination with the launch of the call for projects. However, caution is called for. Indeed, the Czech Presidency of the European Union &#8211; which began on 1 July 2022 &#8211; must take over to ensure that all the challenges are met. But the Czech Republic is one Member State absent from the list of Member States that supported the report. The adoption of these recommendations could therefore be slowed down.<\/p>\n<p>Finally, to complete these elements, the actors of the sector, including Wikimedia France, Framasoft, and Mobicoop, have taken up the issue. They have, in turn, drawn up a <span style=\"text-decoration: underline; color: #2b2a5c;\"><a href=\"https:\/\/www.wikimedia.fr\/decryptage-du-rapport-sur-les-communs-numeriques\/\" style=\"color: #2b2a5c; text-decoration: underline;\">set of proposals<\/a><\/span> with the same objective in mind.<\/p>\n<p>The digital commons still have a bright future. In this regard, <span style=\"text-decoration: underline; color: #2a295b;\"><a href=\"https:\/\/socialgoodaccelerator.eu\/research-chapter2\/\" style=\"color: #2a295b; text-decoration: underline;\">our next study<\/a> <\/span>will focus on the new models of citizen and contributory economy in Europe. This study will analyse the practices, partnerships and effects of two digital commons by social economy actors: Open Street Map and Open Food Fact.<\/p>[\/et_pb_text][\/et_pb_column][\/et_pb_row][\/et_pb_section][et_pb_section fb_built=&#8221;1&#8243; _builder_version=&#8221;4.15&#8243; _module_preset=&#8221;default&#8221; custom_margin=&#8221;||-2px|||&#8221; custom_padding=&#8221;2px||4px|||&#8221; locked=&#8221;off&#8221; global_colors_info=&#8221;{}&#8221;][et_pb_row column_structure=&#8221;1_4,3_4&#8243; _builder_version=&#8221;4.15&#8243; _module_preset=&#8221;default&#8221; background_color=&#8221;#f8c040&#8243; custom_padding=&#8221;5px|||||&#8221; locked=&#8221;off&#8221; global_colors_info=&#8221;{}&#8221;][et_pb_column type=&#8221;1_4&#8243; _builder_version=&#8221;4.15&#8243; _module_preset=&#8221;default&#8221; global_colors_info=&#8221;{}&#8221;][et_pb_image src=&#8221;http:\/\/socialgoodaccelerator.eu\/wp-content\/uploads\/2020\/05\/cropped-LOGO-SGA-DEF-SOLO-24-10-2018-1.png&#8221; title_text=&#8221;cropped-LOGO-SGA-DEF-SOLO-24-10-2018-1.png&#8221; align=&#8221;center&#8221; _builder_version=&#8221;4.15&#8243; _module_preset=&#8221;default&#8221; width=&#8221;57%&#8221; module_alignment=&#8221;right&#8221; custom_padding=&#8221;|0px||||&#8221; global_colors_info=&#8221;{}&#8221;][\/et_pb_image][\/et_pb_column][et_pb_column type=&#8221;3_4&#8243; _builder_version=&#8221;4.15&#8243; _module_preset=&#8221;default&#8221; global_colors_info=&#8221;{}&#8221;][et_pb_text _builder_version=&#8221;4.15&#8243; _module_preset=&#8221;default&#8221; global_colors_info=&#8221;{}&#8221;]<h4><span style=\"color: #163040;\"><\/span><\/h4>\n<h4><span style=\"color: #163040;\"><\/span><\/h4>\n<h4><span style=\"color: #163040;\"><\/span><\/h4>\n<h4><span style=\"color: #163040;\"><\/span><\/h4>\n<h4><span style=\"color: #163040;\">About the author<\/span><\/h4>\n<h6><span style=\"color: #163040;\"><strong>Justine Coopman<\/strong><\/span><\/h6>\n<h6><span style=\"color: #163040;\">justine(at)socialgoodaccelerator.eu<strong><\/strong><\/span><\/h6>\n<h6><span style=\"color: #163040;\"><\/span><\/h6>\n<h6><span style=\"color: #163040;\">Public Affairs and Communication<\/span><\/h6>\n<h6><span style=\"color: #163040;\"><em>Lille, France<\/em><\/span><\/h6>[\/et_pb_text][\/et_pb_column][\/et_pb_row][\/et_pb_section]","protected":false},"excerpt":{"rendered":"<p>Analysons certaines des id\u00e9es et propositions du rapport sur les biens communs num\u00e9riques et la souverainet\u00e9 de l'Europe (juin 2022).<\/p>","protected":false},"author":1,"featured_media":51205,"comment_status":"closed","ping_status":"closed","sticky":false,"template":"","format":"standard","meta":{"_et_pb_use_builder":"on","_et_pb_old_content":"","_et_gb_content_width":"","jetpack_post_was_ever_published":false,"_jetpack_newsletter_access":"","_jetpack_dont_email_post_to_subs":false,"_jetpack_newsletter_tier_id":0,"_jetpack_memberships_contains_paywalled_content":false,"_jetpack_memberships_contains_paid_content":false,"footnotes":""},"categories":[405,77,403],"tags":[395,375],"class_list":["post-51172","post","type-post","status-publish","format-standard","has-post-thumbnail","hentry","category-communs-et-plaidoyer","category-editorial","category-revue-de-presse","tag-etudes-et-enquetes","tag-recherche-et-communs"],"yoast_head":"<!-- This site is optimized with the Yoast SEO plugin v27.4 - https:\/\/yoast.com\/product\/yoast-seo-wordpress\/ -->\n<title>Analysis of the report on the Digital Commons - SOGA<\/title>\n<meta name=\"description\" content=\"Let&#039;s analyse some of the ideas and proposals of the report on the digital commons and Europe&#039;s sovereignty (June 2022)\" \/>\n<meta name=\"robots\" content=\"index, follow, max-snippet:-1, max-image-preview:large, max-video-preview:-1\" \/>\n<link rel=\"canonical\" href=\"https:\/\/socialgoodaccelerator.eu\/fr\/2022\/07\/13\/analysis-of-the-report-on-the-digital-commons\/\" \/>\n<meta property=\"og:locale\" content=\"fr_FR\" \/>\n<meta property=\"og:type\" content=\"article\" \/>\n<meta property=\"og:title\" content=\"Analysis of the report on the Digital Commons - SOGA\" \/>\n<meta property=\"og:description\" content=\"Let&#039;s analyse some of the ideas and proposals of the report on the digital commons and Europe&#039;s sovereignty (June 2022)\" \/>\n<meta property=\"og:url\" content=\"https:\/\/socialgoodaccelerator.eu\/fr\/2022\/07\/13\/analysis-of-the-report-on-the-digital-commons\/\" \/>\n<meta property=\"og:site_name\" content=\"SOGA\" \/>\n<meta property=\"article:publisher\" content=\"https:\/\/www.facebook.com\/SocialGoodAccel.EU\/\" \/>\n<meta property=\"article:published_time\" content=\"2022-07-13T08:58:49+00:00\" \/>\n<meta property=\"article:modified_time\" content=\"2025-08-01T15:26:13+00:00\" \/>\n<meta property=\"og:image\" content=\"https:\/\/i0.wp.com\/socialgoodaccelerator.eu\/wp-content\/uploads\/2022\/07\/Image-aggrandie-Visuel-article-communs-numeriques-Publication-LinkedIn-e1657876948843.png?fit=1200%2C1200&ssl=1\" \/>\n\t<meta property=\"og:image:width\" content=\"1200\" \/>\n\t<meta property=\"og:image:height\" content=\"1200\" \/>\n\t<meta property=\"og:image:type\" content=\"image\/png\" \/>\n<meta name=\"author\" content=\"sogaccelerator\" \/>\n<meta name=\"twitter:card\" content=\"summary_large_image\" \/>\n<meta name=\"twitter:label1\" content=\"\u00c9crit par\" \/>\n\t<meta name=\"twitter:data1\" content=\"sogaccelerator\" \/>\n\t<meta name=\"twitter:label2\" content=\"Dur\u00e9e de lecture estim\u00e9e\" \/>\n\t<meta name=\"twitter:data2\" content=\"8 minutes\" \/>\n<script type=\"application\/ld+json\" class=\"yoast-schema-graph\">{\"@context\":\"https:\\\/\\\/schema.org\",\"@graph\":[{\"@type\":\"Article\",\"@id\":\"https:\\\/\\\/socialgoodaccelerator.eu\\\/2022\\\/07\\\/13\\\/analysis-of-the-report-on-the-digital-commons\\\/#article\",\"isPartOf\":{\"@id\":\"https:\\\/\\\/socialgoodaccelerator.eu\\\/2022\\\/07\\\/13\\\/analysis-of-the-report-on-the-digital-commons\\\/\"},\"author\":{\"name\":\"sogaccelerator\",\"@id\":\"https:\\\/\\\/socialgoodaccelerator.eu\\\/#\\\/schema\\\/person\\\/0320622db91fd4a2ddef724cbdee0c3e\"},\"headline\":\"Analysis of the report on the Digital Commons\",\"datePublished\":\"2022-07-13T08:58:49+00:00\",\"dateModified\":\"2025-08-01T15:26:13+00:00\",\"mainEntityOfPage\":{\"@id\":\"https:\\\/\\\/socialgoodaccelerator.eu\\\/2022\\\/07\\\/13\\\/analysis-of-the-report-on-the-digital-commons\\\/\"},\"wordCount\":1551,\"publisher\":{\"@id\":\"https:\\\/\\\/socialgoodaccelerator.eu\\\/#organization\"},\"image\":{\"@id\":\"https:\\\/\\\/socialgoodaccelerator.eu\\\/2022\\\/07\\\/13\\\/analysis-of-the-report-on-the-digital-commons\\\/#primaryimage\"},\"thumbnailUrl\":\"https:\\\/\\\/i0.wp.com\\\/socialgoodaccelerator.eu\\\/wp-content\\\/uploads\\\/2022\\\/07\\\/Image-aggrandie-Visuel-article-communs-numeriques-Publication-LinkedIn-e1657876948843.png?fit=1200%2C1200&ssl=1\",\"keywords\":[\"\u00c9tudes &amp; enqu\u00eates\",\"Recherche &amp; communs\"],\"articleSection\":[\"Communs &amp; plaidoyer\",\"Editorial\",\"Revue de presse\"],\"inLanguage\":\"fr-FR\"},{\"@type\":\"WebPage\",\"@id\":\"https:\\\/\\\/socialgoodaccelerator.eu\\\/2022\\\/07\\\/13\\\/analysis-of-the-report-on-the-digital-commons\\\/\",\"url\":\"https:\\\/\\\/socialgoodaccelerator.eu\\\/2022\\\/07\\\/13\\\/analysis-of-the-report-on-the-digital-commons\\\/\",\"name\":\"Analysis of the report on the Digital Commons - SOGA\",\"isPartOf\":{\"@id\":\"https:\\\/\\\/socialgoodaccelerator.eu\\\/#website\"},\"primaryImageOfPage\":{\"@id\":\"https:\\\/\\\/socialgoodaccelerator.eu\\\/2022\\\/07\\\/13\\\/analysis-of-the-report-on-the-digital-commons\\\/#primaryimage\"},\"image\":{\"@id\":\"https:\\\/\\\/socialgoodaccelerator.eu\\\/2022\\\/07\\\/13\\\/analysis-of-the-report-on-the-digital-commons\\\/#primaryimage\"},\"thumbnailUrl\":\"https:\\\/\\\/i0.wp.com\\\/socialgoodaccelerator.eu\\\/wp-content\\\/uploads\\\/2022\\\/07\\\/Image-aggrandie-Visuel-article-communs-numeriques-Publication-LinkedIn-e1657876948843.png?fit=1200%2C1200&ssl=1\",\"datePublished\":\"2022-07-13T08:58:49+00:00\",\"dateModified\":\"2025-08-01T15:26:13+00:00\",\"description\":\"Let's analyse some of the ideas and proposals of the report on the digital commons and Europe's sovereignty (June 2022)\",\"breadcrumb\":{\"@id\":\"https:\\\/\\\/socialgoodaccelerator.eu\\\/2022\\\/07\\\/13\\\/analysis-of-the-report-on-the-digital-commons\\\/#breadcrumb\"},\"inLanguage\":\"fr-FR\",\"potentialAction\":[{\"@type\":\"ReadAction\",\"target\":[\"https:\\\/\\\/socialgoodaccelerator.eu\\\/2022\\\/07\\\/13\\\/analysis-of-the-report-on-the-digital-commons\\\/\"]}]},{\"@type\":\"ImageObject\",\"inLanguage\":\"fr-FR\",\"@id\":\"https:\\\/\\\/socialgoodaccelerator.eu\\\/2022\\\/07\\\/13\\\/analysis-of-the-report-on-the-digital-commons\\\/#primaryimage\",\"url\":\"https:\\\/\\\/i0.wp.com\\\/socialgoodaccelerator.eu\\\/wp-content\\\/uploads\\\/2022\\\/07\\\/Image-aggrandie-Visuel-article-communs-numeriques-Publication-LinkedIn-e1657876948843.png?fit=1200%2C1200&ssl=1\",\"contentUrl\":\"https:\\\/\\\/i0.wp.com\\\/socialgoodaccelerator.eu\\\/wp-content\\\/uploads\\\/2022\\\/07\\\/Image-aggrandie-Visuel-article-communs-numeriques-Publication-LinkedIn-e1657876948843.png?fit=1200%2C1200&ssl=1\",\"width\":1200,\"height\":1200},{\"@type\":\"BreadcrumbList\",\"@id\":\"https:\\\/\\\/socialgoodaccelerator.eu\\\/2022\\\/07\\\/13\\\/analysis-of-the-report-on-the-digital-commons\\\/#breadcrumb\",\"itemListElement\":[{\"@type\":\"ListItem\",\"position\":1,\"name\":\"Accueil\",\"item\":\"https:\\\/\\\/socialgoodaccelerator.eu\\\/\"},{\"@type\":\"ListItem\",\"position\":2,\"name\":\"Analysis of the report on the Digital Commons\"}]},{\"@type\":\"WebSite\",\"@id\":\"https:\\\/\\\/socialgoodaccelerator.eu\\\/#website\",\"url\":\"https:\\\/\\\/socialgoodaccelerator.eu\\\/\",\"name\":\"Social Good Accelerator\",\"description\":\"Acc\u00e9l\u00e9rer l&#039;ESS num\u00e9rique\",\"publisher\":{\"@id\":\"https:\\\/\\\/socialgoodaccelerator.eu\\\/#organization\"},\"alternateName\":\"SOGA\",\"potentialAction\":[{\"@type\":\"SearchAction\",\"target\":{\"@type\":\"EntryPoint\",\"urlTemplate\":\"https:\\\/\\\/socialgoodaccelerator.eu\\\/?s={search_term_string}\"},\"query-input\":{\"@type\":\"PropertyValueSpecification\",\"valueRequired\":true,\"valueName\":\"search_term_string\"}}],\"inLanguage\":\"fr-FR\"},{\"@type\":\"Organization\",\"@id\":\"https:\\\/\\\/socialgoodaccelerator.eu\\\/#organization\",\"name\":\"Social Good Accelerator\",\"alternateName\":\"SOGA\",\"url\":\"https:\\\/\\\/socialgoodaccelerator.eu\\\/\",\"logo\":{\"@type\":\"ImageObject\",\"inLanguage\":\"fr-FR\",\"@id\":\"https:\\\/\\\/socialgoodaccelerator.eu\\\/#\\\/schema\\\/logo\\\/image\\\/\",\"url\":\"https:\\\/\\\/i0.wp.com\\\/socialgoodaccelerator.eu\\\/wp-content\\\/uploads\\\/2023\\\/10\\\/cropped-LOGO-SOGA-V-FR.png?fit=512%2C512&ssl=1\",\"contentUrl\":\"https:\\\/\\\/i0.wp.com\\\/socialgoodaccelerator.eu\\\/wp-content\\\/uploads\\\/2023\\\/10\\\/cropped-LOGO-SOGA-V-FR.png?fit=512%2C512&ssl=1\",\"width\":512,\"height\":512,\"caption\":\"Social Good Accelerator\"},\"image\":{\"@id\":\"https:\\\/\\\/socialgoodaccelerator.eu\\\/#\\\/schema\\\/logo\\\/image\\\/\"},\"sameAs\":[\"https:\\\/\\\/www.facebook.com\\\/SocialGoodAccel.EU\\\/\",\"https:\\\/\\\/www.youtube.com\\\/@socialgoodaccelerator772\",\"https:\\\/\\\/www.youtube.com\\\/@SocialTechAcademy-eg6hp\"]},{\"@type\":\"Person\",\"@id\":\"https:\\\/\\\/socialgoodaccelerator.eu\\\/#\\\/schema\\\/person\\\/0320622db91fd4a2ddef724cbdee0c3e\",\"name\":\"sogaccelerator\",\"image\":{\"@type\":\"ImageObject\",\"inLanguage\":\"fr-FR\",\"@id\":\"https:\\\/\\\/secure.gravatar.com\\\/avatar\\\/99aef05386587650bb056a1275ce2e339bfe398930f37eb7262163da89aad453?s=96&d=mm&r=g\",\"url\":\"https:\\\/\\\/secure.gravatar.com\\\/avatar\\\/99aef05386587650bb056a1275ce2e339bfe398930f37eb7262163da89aad453?s=96&d=mm&r=g\",\"contentUrl\":\"https:\\\/\\\/secure.gravatar.com\\\/avatar\\\/99aef05386587650bb056a1275ce2e339bfe398930f37eb7262163da89aad453?s=96&d=mm&r=g\",\"caption\":\"sogaccelerator\"}}]}<\/script>\n<!-- \/ Yoast SEO plugin. -->","yoast_head_json":{"title":"Analysis of the report on the Digital Commons - SOGA","description":"Let's analyse some of the ideas and proposals of the report on the digital commons and Europe's sovereignty (June 2022)","robots":{"index":"index","follow":"follow","max-snippet":"max-snippet:-1","max-image-preview":"max-image-preview:large","max-video-preview":"max-video-preview:-1"},"canonical":"https:\/\/socialgoodaccelerator.eu\/fr\/2022\/07\/13\/analysis-of-the-report-on-the-digital-commons\/","og_locale":"fr_FR","og_type":"article","og_title":"Analysis of the report on the Digital Commons - SOGA","og_description":"Let's analyse some of the ideas and proposals of the report on the digital commons and Europe's sovereignty (June 2022)","og_url":"https:\/\/socialgoodaccelerator.eu\/fr\/2022\/07\/13\/analysis-of-the-report-on-the-digital-commons\/","og_site_name":"SOGA","article_publisher":"https:\/\/www.facebook.com\/SocialGoodAccel.EU\/","article_published_time":"2022-07-13T08:58:49+00:00","article_modified_time":"2025-08-01T15:26:13+00:00","og_image":[{"width":1200,"height":1200,"url":"https:\/\/i0.wp.com\/socialgoodaccelerator.eu\/wp-content\/uploads\/2022\/07\/Image-aggrandie-Visuel-article-communs-numeriques-Publication-LinkedIn-e1657876948843.png?fit=1200%2C1200&ssl=1","type":"image\/png"}],"author":"sogaccelerator","twitter_card":"summary_large_image","twitter_misc":{"\u00c9crit par":"sogaccelerator","Dur\u00e9e de lecture estim\u00e9e":"8 minutes"},"schema":{"@context":"https:\/\/schema.org","@graph":[{"@type":"Article","@id":"https:\/\/socialgoodaccelerator.eu\/2022\/07\/13\/analysis-of-the-report-on-the-digital-commons\/#article","isPartOf":{"@id":"https:\/\/socialgoodaccelerator.eu\/2022\/07\/13\/analysis-of-the-report-on-the-digital-commons\/"},"author":{"name":"sogaccelerator","@id":"https:\/\/socialgoodaccelerator.eu\/#\/schema\/person\/0320622db91fd4a2ddef724cbdee0c3e"},"headline":"Analysis of the report on the Digital Commons","datePublished":"2022-07-13T08:58:49+00:00","dateModified":"2025-08-01T15:26:13+00:00","mainEntityOfPage":{"@id":"https:\/\/socialgoodaccelerator.eu\/2022\/07\/13\/analysis-of-the-report-on-the-digital-commons\/"},"wordCount":1551,"publisher":{"@id":"https:\/\/socialgoodaccelerator.eu\/#organization"},"image":{"@id":"https:\/\/socialgoodaccelerator.eu\/2022\/07\/13\/analysis-of-the-report-on-the-digital-commons\/#primaryimage"},"thumbnailUrl":"https:\/\/i0.wp.com\/socialgoodaccelerator.eu\/wp-content\/uploads\/2022\/07\/Image-aggrandie-Visuel-article-communs-numeriques-Publication-LinkedIn-e1657876948843.png?fit=1200%2C1200&ssl=1","keywords":["\u00c9tudes &amp; enqu\u00eates","Recherche &amp; communs"],"articleSection":["Communs &amp; plaidoyer","Editorial","Revue de presse"],"inLanguage":"fr-FR"},{"@type":"WebPage","@id":"https:\/\/socialgoodaccelerator.eu\/2022\/07\/13\/analysis-of-the-report-on-the-digital-commons\/","url":"https:\/\/socialgoodaccelerator.eu\/2022\/07\/13\/analysis-of-the-report-on-the-digital-commons\/","name":"Analysis of the report on the Digital Commons - SOGA","isPartOf":{"@id":"https:\/\/socialgoodaccelerator.eu\/#website"},"primaryImageOfPage":{"@id":"https:\/\/socialgoodaccelerator.eu\/2022\/07\/13\/analysis-of-the-report-on-the-digital-commons\/#primaryimage"},"image":{"@id":"https:\/\/socialgoodaccelerator.eu\/2022\/07\/13\/analysis-of-the-report-on-the-digital-commons\/#primaryimage"},"thumbnailUrl":"https:\/\/i0.wp.com\/socialgoodaccelerator.eu\/wp-content\/uploads\/2022\/07\/Image-aggrandie-Visuel-article-communs-numeriques-Publication-LinkedIn-e1657876948843.png?fit=1200%2C1200&ssl=1","datePublished":"2022-07-13T08:58:49+00:00","dateModified":"2025-08-01T15:26:13+00:00","description":"Let's analyse some of the ideas and proposals of the report on the digital commons and Europe's sovereignty (June 2022)","breadcrumb":{"@id":"https:\/\/socialgoodaccelerator.eu\/2022\/07\/13\/analysis-of-the-report-on-the-digital-commons\/#breadcrumb"},"inLanguage":"fr-FR","potentialAction":[{"@type":"ReadAction","target":["https:\/\/socialgoodaccelerator.eu\/2022\/07\/13\/analysis-of-the-report-on-the-digital-commons\/"]}]},{"@type":"ImageObject","inLanguage":"fr-FR","@id":"https:\/\/socialgoodaccelerator.eu\/2022\/07\/13\/analysis-of-the-report-on-the-digital-commons\/#primaryimage","url":"https:\/\/i0.wp.com\/socialgoodaccelerator.eu\/wp-content\/uploads\/2022\/07\/Image-aggrandie-Visuel-article-communs-numeriques-Publication-LinkedIn-e1657876948843.png?fit=1200%2C1200&ssl=1","contentUrl":"https:\/\/i0.wp.com\/socialgoodaccelerator.eu\/wp-content\/uploads\/2022\/07\/Image-aggrandie-Visuel-article-communs-numeriques-Publication-LinkedIn-e1657876948843.png?fit=1200%2C1200&ssl=1","width":1200,"height":1200},{"@type":"BreadcrumbList","@id":"https:\/\/socialgoodaccelerator.eu\/2022\/07\/13\/analysis-of-the-report-on-the-digital-commons\/#breadcrumb","itemListElement":[{"@type":"ListItem","position":1,"name":"Accueil","item":"https:\/\/socialgoodaccelerator.eu\/"},{"@type":"ListItem","position":2,"name":"Analysis of the report on the Digital Commons"}]},{"@type":"WebSite","@id":"https:\/\/socialgoodaccelerator.eu\/#website","url":"https:\/\/socialgoodaccelerator.eu\/","name":"Social Good Accelerator","description":"Acc\u00e9l\u00e9rer l&#039;ESS num\u00e9rique","publisher":{"@id":"https:\/\/socialgoodaccelerator.eu\/#organization"},"alternateName":"SOGA","potentialAction":[{"@type":"SearchAction","target":{"@type":"EntryPoint","urlTemplate":"https:\/\/socialgoodaccelerator.eu\/?s={search_term_string}"},"query-input":{"@type":"PropertyValueSpecification","valueRequired":true,"valueName":"search_term_string"}}],"inLanguage":"fr-FR"},{"@type":"Organization","@id":"https:\/\/socialgoodaccelerator.eu\/#organization","name":"Social Good Accelerator","alternateName":"SOGA","url":"https:\/\/socialgoodaccelerator.eu\/","logo":{"@type":"ImageObject","inLanguage":"fr-FR","@id":"https:\/\/socialgoodaccelerator.eu\/#\/schema\/logo\/image\/","url":"https:\/\/i0.wp.com\/socialgoodaccelerator.eu\/wp-content\/uploads\/2023\/10\/cropped-LOGO-SOGA-V-FR.png?fit=512%2C512&ssl=1","contentUrl":"https:\/\/i0.wp.com\/socialgoodaccelerator.eu\/wp-content\/uploads\/2023\/10\/cropped-LOGO-SOGA-V-FR.png?fit=512%2C512&ssl=1","width":512,"height":512,"caption":"Social Good Accelerator"},"image":{"@id":"https:\/\/socialgoodaccelerator.eu\/#\/schema\/logo\/image\/"},"sameAs":["https:\/\/www.facebook.com\/SocialGoodAccel.EU\/","https:\/\/www.youtube.com\/@socialgoodaccelerator772","https:\/\/www.youtube.com\/@SocialTechAcademy-eg6hp"]},{"@type":"Person","@id":"https:\/\/socialgoodaccelerator.eu\/#\/schema\/person\/0320622db91fd4a2ddef724cbdee0c3e","name":"sogaccelerator","image":{"@type":"ImageObject","inLanguage":"fr-FR","@id":"https:\/\/secure.gravatar.com\/avatar\/99aef05386587650bb056a1275ce2e339bfe398930f37eb7262163da89aad453?s=96&d=mm&r=g","url":"https:\/\/secure.gravatar.com\/avatar\/99aef05386587650bb056a1275ce2e339bfe398930f37eb7262163da89aad453?s=96&d=mm&r=g","contentUrl":"https:\/\/secure.gravatar.com\/avatar\/99aef05386587650bb056a1275ce2e339bfe398930f37eb7262163da89aad453?s=96&d=mm&r=g","caption":"sogaccelerator"}}]}},"jetpack_featured_media_url":"https:\/\/i0.wp.com\/socialgoodaccelerator.eu\/wp-content\/uploads\/2022\/07\/Image-aggrandie-Visuel-article-communs-numeriques-Publication-LinkedIn-e1657876948843.png?fit=1200%2C1200&ssl=1","jetpack_likes_enabled":false,"jetpack-related-posts":[{"id":57863,"url":"https:\/\/socialgoodaccelerator.eu\/fr\/2026\/04\/23\/lasuite-coop\/","url_meta":{"origin":51172,"position":0},"title":"LaSuite.coop : l\u2019alternative num\u00e9rique coop\u00e9rative, libre et h\u00e9berg\u00e9e en Europe dont l\u2019ESS avait besoin","author":"sogaccelerator","date":"23 avril 2026","format":"gallery","excerpt":"Abstract :\u00a0Chaque ann\u00e9e, 70 milliards d\u2019euros quittent la France en direction des \u00c9tats-Unis pour financer nos seuls usages num\u00e9riques. Derri\u00e8re\u2026","rel":"","context":"Dans &quot;Actualit\u00e9s de SOGA&quot;","block_context":{"text":"Actualit\u00e9s de SOGA","link":"https:\/\/socialgoodaccelerator.eu\/fr\/category\/actualites-de-soga\/"},"img":{"alt_text":"LaSuite.coop","src":"https:\/\/i0.wp.com\/socialgoodaccelerator.eu\/wp-content\/uploads\/2026\/04\/Design-sans-titre-2-1-1.png?fit=1200%2C627&ssl=1&resize=350%2C200","width":350,"height":200,"srcset":"https:\/\/i0.wp.com\/socialgoodaccelerator.eu\/wp-content\/uploads\/2026\/04\/Design-sans-titre-2-1-1.png?fit=1200%2C627&ssl=1&resize=350%2C200 1x, https:\/\/i0.wp.com\/socialgoodaccelerator.eu\/wp-content\/uploads\/2026\/04\/Design-sans-titre-2-1-1.png?fit=1200%2C627&ssl=1&resize=525%2C300 1.5x, https:\/\/i0.wp.com\/socialgoodaccelerator.eu\/wp-content\/uploads\/2026\/04\/Design-sans-titre-2-1-1.png?fit=1200%2C627&ssl=1&resize=700%2C400 2x, https:\/\/i0.wp.com\/socialgoodaccelerator.eu\/wp-content\/uploads\/2026\/04\/Design-sans-titre-2-1-1.png?fit=1200%2C627&ssl=1&resize=1050%2C600 3x"},"classes":[]},{"id":50484,"url":"https:\/\/socialgoodaccelerator.eu\/fr\/2022\/03\/25\/la-mednum-a-singular-structure-for-digital-inclusion\/","url_meta":{"origin":51172,"position":1},"title":"La Mednum, \u00ab une structure singuli\u00e8re \u00bb pour l\u2019inclusion num\u00e9rique","author":"sogaccelerator","date":"25 mars 2022","format":false,"excerpt":"Le 15 mars 2022, Guilhem Pradali\u00e9, Directeur G\u00e9n\u00e9ral de la MedNum, membre du Social good accelerator, nous a accord\u00e9 un entretien au cours duquel il revient sur ce qu'est la MedNum, quels sont ses projets, d\u00e9fis et son r\u00f4le au sein du SOGA.","rel":"","context":"Dans &quot;Communs &amp; plaidoyer&quot;","block_context":{"text":"Communs &amp; plaidoyer","link":"https:\/\/socialgoodaccelerator.eu\/fr\/category\/communs-et-plaidoyer\/"},"img":{"alt_text":"","src":"https:\/\/i0.wp.com\/socialgoodaccelerator.eu\/wp-content\/uploads\/2022\/03\/Capture-de%CC%81cran-2022-04-20-a%CC%80-11.38.38.png?fit=495%2C361&ssl=1&resize=350%2C200","width":350,"height":200},"classes":[]},{"id":53114,"url":"https:\/\/socialgoodaccelerator.eu\/fr\/2023\/07\/07\/rapport-activite-2022\/","url_meta":{"origin":51172,"position":2},"title":"Rapport d&#8217;activit\u00e9 2022","author":"sogaccelerator","date":"7 juillet 2023","format":false,"excerpt":"Plongez dans notre rapport d'activit\u00e9s 2022 pour d\u00e9couvrir nos r\u00e9alisations pour acc\u00e9l\u00e9rer la transition num\u00e9rique des organisations de l'\u00e9conomie sociale et la construction d'un mod\u00e8le num\u00e9rique social et inclusif \u00e0 l'\u00e9chelle europ\u00e9enne.","rel":"","context":"Dans &quot;Rapport d'activit\u00e9&quot;","block_context":{"text":"Rapport d'activit\u00e9","link":"https:\/\/socialgoodaccelerator.eu\/fr\/category\/rapport-d-activite\/"},"img":{"alt_text":"Rapport d'activit\u00e9 2022","src":"https:\/\/i0.wp.com\/socialgoodaccelerator.eu\/wp-content\/uploads\/2025\/08\/Titre-2.png?fit=1200%2C675&ssl=1&resize=350%2C200","width":350,"height":200,"srcset":"https:\/\/i0.wp.com\/socialgoodaccelerator.eu\/wp-content\/uploads\/2025\/08\/Titre-2.png?fit=1200%2C675&ssl=1&resize=350%2C200 1x, https:\/\/i0.wp.com\/socialgoodaccelerator.eu\/wp-content\/uploads\/2025\/08\/Titre-2.png?fit=1200%2C675&ssl=1&resize=525%2C300 1.5x, https:\/\/i0.wp.com\/socialgoodaccelerator.eu\/wp-content\/uploads\/2025\/08\/Titre-2.png?fit=1200%2C675&ssl=1&resize=700%2C400 2x, https:\/\/i0.wp.com\/socialgoodaccelerator.eu\/wp-content\/uploads\/2025\/08\/Titre-2.png?fit=1200%2C675&ssl=1&resize=1050%2C600 3x"},"classes":[]},{"id":50186,"url":"https:\/\/socialgoodaccelerator.eu\/fr\/2021\/11\/30\/social-tech-atlas-why-a-single-map-for-a-thousand-social-organisations\/","url_meta":{"origin":51172,"position":3},"title":"Social Tech Atlas : pourquoi une seule et m\u00eame carte pour 1000 organisations de l'ESS ?","author":"sogaccelerator","date":"30 novembre 2021","format":false,"excerpt":"Until now, there was no European database gathering both organisations supporting social economy stakeholders in their digital transition and those offering alternative digital tools and services. This is now done with the Social Tech Atlas...","rel":"","context":"Dans &quot;Communs &amp; plaidoyer&quot;","block_context":{"text":"Communs &amp; plaidoyer","link":"https:\/\/socialgoodaccelerator.eu\/fr\/category\/communs-et-plaidoyer\/"},"img":{"alt_text":"Screenshot Social Tech Atlas","src":"https:\/\/i0.wp.com\/socialgoodaccelerator.eu\/wp-content\/uploads\/2021\/11\/Capture-de%CC%81cran-2021-11-30-a%CC%80-12.32.33.png?fit=694%2C560&ssl=1&resize=350%2C200","width":350,"height":200,"srcset":"https:\/\/i0.wp.com\/socialgoodaccelerator.eu\/wp-content\/uploads\/2021\/11\/Capture-de%CC%81cran-2021-11-30-a%CC%80-12.32.33.png?fit=694%2C560&ssl=1&resize=350%2C200 1x, https:\/\/i0.wp.com\/socialgoodaccelerator.eu\/wp-content\/uploads\/2021\/11\/Capture-de%CC%81cran-2021-11-30-a%CC%80-12.32.33.png?fit=694%2C560&ssl=1&resize=525%2C300 1.5x"},"classes":[]},{"id":50394,"url":"https:\/\/socialgoodaccelerator.eu\/fr\/2022\/03\/10\/open-letter\/","url_meta":{"origin":51172,"position":4},"title":"Open letter: the necessary digital transition of the social economy","author":"sogaccelerator","date":"10 mars 2022","format":false,"excerpt":"En f\u00e9vrier 2021, le Social Good Accelerator et ses 70 membres ont maintenu leur vision dans leur lettre ouverte. Un monde meilleur ne peut \u00eatre r\u00e9alis\u00e9 qu'avec le soutien total de l'\u00e9conomie sociale, qui doit \u00e9galement \u00eatre num\u00e9ris\u00e9e.","rel":"","context":"Dans &quot;Notes de position&quot;","block_context":{"text":"Notes de position","link":"https:\/\/socialgoodaccelerator.eu\/fr\/category\/notes-de-position\/"},"img":{"alt_text":"SOGA team flags Lisbon","src":"https:\/\/i0.wp.com\/socialgoodaccelerator.eu\/wp-content\/uploads\/2018\/03\/flags.jpg?fit=1200%2C900&ssl=1&resize=350%2C200","width":350,"height":200,"srcset":"https:\/\/i0.wp.com\/socialgoodaccelerator.eu\/wp-content\/uploads\/2018\/03\/flags.jpg?fit=1200%2C900&ssl=1&resize=350%2C200 1x, https:\/\/i0.wp.com\/socialgoodaccelerator.eu\/wp-content\/uploads\/2018\/03\/flags.jpg?fit=1200%2C900&ssl=1&resize=525%2C300 1.5x, https:\/\/i0.wp.com\/socialgoodaccelerator.eu\/wp-content\/uploads\/2018\/03\/flags.jpg?fit=1200%2C900&ssl=1&resize=700%2C400 2x, https:\/\/i0.wp.com\/socialgoodaccelerator.eu\/wp-content\/uploads\/2018\/03\/flags.jpg?fit=1200%2C900&ssl=1&resize=1050%2C600 3x"},"classes":[]},{"id":51087,"url":"https:\/\/socialgoodaccelerator.eu\/fr\/2022\/07\/07\/rapport-activite-2021\/","url_meta":{"origin":51172,"position":5},"title":"Rapport d&#8217;activit\u00e9 2021","author":"sogaccelerator","date":"7 juillet 2022","format":false,"excerpt":"D\u00e9couvrez toutes les actions accomplies par le Social good Accelerator en 2021 et ses perspectives pour 2022 dans ce rapport d'activit\u00e9.","rel":"","context":"Dans &quot;Rapport d'activit\u00e9&quot;","block_context":{"text":"Rapport d'activit\u00e9","link":"https:\/\/socialgoodaccelerator.eu\/fr\/category\/rapport-d-activite\/"},"img":{"alt_text":"Rapport d'activit\u00e9 2021","src":"https:\/\/i0.wp.com\/socialgoodaccelerator.eu\/wp-content\/uploads\/2025\/08\/Titre-3.png?fit=1200%2C675&ssl=1&resize=350%2C200","width":350,"height":200,"srcset":"https:\/\/i0.wp.com\/socialgoodaccelerator.eu\/wp-content\/uploads\/2025\/08\/Titre-3.png?fit=1200%2C675&ssl=1&resize=350%2C200 1x, https:\/\/i0.wp.com\/socialgoodaccelerator.eu\/wp-content\/uploads\/2025\/08\/Titre-3.png?fit=1200%2C675&ssl=1&resize=525%2C300 1.5x, https:\/\/i0.wp.com\/socialgoodaccelerator.eu\/wp-content\/uploads\/2025\/08\/Titre-3.png?fit=1200%2C675&ssl=1&resize=700%2C400 2x, https:\/\/i0.wp.com\/socialgoodaccelerator.eu\/wp-content\/uploads\/2025\/08\/Titre-3.png?fit=1200%2C675&ssl=1&resize=1050%2C600 3x"},"classes":[]}],"jetpack_sharing_enabled":false,"jetpack_shortlink":"https:\/\/wp.me\/p9J6Qk-djm","_links":{"self":[{"href":"https:\/\/socialgoodaccelerator.eu\/fr\/wp-json\/wp\/v2\/posts\/51172","targetHints":{"allow":["GET"]}}],"collection":[{"href":"https:\/\/socialgoodaccelerator.eu\/fr\/wp-json\/wp\/v2\/posts"}],"about":[{"href":"https:\/\/socialgoodaccelerator.eu\/fr\/wp-json\/wp\/v2\/types\/post"}],"author":[{"embeddable":true,"href":"https:\/\/socialgoodaccelerator.eu\/fr\/wp-json\/wp\/v2\/users\/1"}],"replies":[{"embeddable":true,"href":"https:\/\/socialgoodaccelerator.eu\/fr\/wp-json\/wp\/v2\/comments?post=51172"}],"version-history":[{"count":15,"href":"https:\/\/socialgoodaccelerator.eu\/fr\/wp-json\/wp\/v2\/posts\/51172\/revisions"}],"predecessor-version":[{"id":51207,"href":"https:\/\/socialgoodaccelerator.eu\/fr\/wp-json\/wp\/v2\/posts\/51172\/revisions\/51207"}],"wp:featuredmedia":[{"embeddable":true,"href":"https:\/\/socialgoodaccelerator.eu\/fr\/wp-json\/wp\/v2\/media\/51205"}],"wp:attachment":[{"href":"https:\/\/socialgoodaccelerator.eu\/fr\/wp-json\/wp\/v2\/media?parent=51172"}],"wp:term":[{"taxonomy":"category","embeddable":true,"href":"https:\/\/socialgoodaccelerator.eu\/fr\/wp-json\/wp\/v2\/categories?post=51172"},{"taxonomy":"post_tag","embeddable":true,"href":"https:\/\/socialgoodaccelerator.eu\/fr\/wp-json\/wp\/v2\/tags?post=51172"}],"curies":[{"name":"wp","href":"https:\/\/api.w.org\/{rel}","templated":true}]}}