{"id":49165,"date":"2021-06-14T10:17:57","date_gmt":"2021-06-14T08:17:57","guid":{"rendered":"https:\/\/socialgoodaccelerator.eu\/?p=49165"},"modified":"2026-03-09T10:44:47","modified_gmt":"2026-03-09T09:44:47","slug":"g7-cornouailles-numerique","status":"publish","type":"post","link":"https:\/\/socialgoodaccelerator.eu\/fr\/2021\/06\/14\/g7-cornouailles-numerique\/","title":{"rendered":"G7 en Cornouailles : pourquoi le Sud-Ouest britannique compte-t-il pour le num\u00e9rique ?"},"content":{"rendered":"[et_pb_section fb_built=&#8221;1&#8243; _builder_version=&#8221;4.16&#8243; _module_preset=&#8221;default&#8221; min_height=&#8221;0px&#8221; custom_margin=&#8221;||-56px|||&#8221; custom_padding=&#8221;0px|||||&#8221; global_colors_info=&#8221;{}&#8221; da_is_popup=&#8221;off&#8221; da_exit_intent=&#8221;off&#8221; da_has_close=&#8221;on&#8221; da_alt_close=&#8221;off&#8221; da_dark_close=&#8221;off&#8221; da_not_modal=&#8221;on&#8221; da_is_singular=&#8221;off&#8221; da_with_loader=&#8221;off&#8221; da_has_shadow=&#8221;on&#8221; da_disable_devices=&#8221;off|off|off&#8221;][et_pb_row _builder_version=&#8221;4.16&#8243; _module_preset=&#8221;default&#8221; min_height=&#8221;58px&#8221; global_colors_info=&#8221;{}&#8221;][et_pb_column type=&#8221;4_4&#8243; _builder_version=&#8221;4.16&#8243; _module_preset=&#8221;default&#8221; global_colors_info=&#8221;{}&#8221;][et_pb_text _builder_version=&#8221;4.16&#8243; _module_preset=&#8221;default&#8221; global_colors_info=&#8221;{}&#8221;]<h1 style=\"text-align: justify;\">G7 en Cornouailles : pourquoi le Sud-Ouest britannique compte-t-il pour le num\u00e9rique ?<\/h1>[\/et_pb_text][\/et_pb_column][\/et_pb_row][et_pb_row _builder_version=&#8221;4.16&#8243; _module_preset=&#8221;default&#8221; background_color=&#8221;#2B2A5C&#8221; locked=&#8221;off&#8221; global_colors_info=&#8221;{}&#8221;][et_pb_column type=&#8221;4_4&#8243; _builder_version=&#8221;4.16&#8243; _module_preset=&#8221;default&#8221; global_colors_info=&#8221;{}&#8221;][et_pb_text admin_label=&#8221;Texte&#8221; _builder_version=&#8221;4.27.4&#8243; background_size=&#8221;initial&#8221; background_position=&#8221;top_left&#8221; background_repeat=&#8221;repeat&#8221; custom_padding=&#8221;|15px||15px|false|false&#8221; hover_enabled=&#8221;0&#8243; use_border_color=&#8221;off&#8221; border_style=&#8221;solid&#8221; global_colors_info=&#8221;{}&#8221; text_text_color=&#8221;#F8C040&#8243; sticky_enabled=&#8221;0&#8243;]<p data-start=\"428\" data-end=\"843\">Le Sommet du G7 se d\u00e9roule cette ann\u00e9e dans la station baln\u00e9aire de <strong data-start=\"496\" data-end=\"510\">Carbis Bay<\/strong>, en Cornouailles (Royaume-Uni). Si ce choix semble d\u2019abord esth\u00e9tique \u2013 falaises escarp\u00e9es, paysages c\u00f4tiers spectaculaires, charme rural \u2013 il serait r\u00e9ducteur d\u2019y voir un simple d\u00e9cor.<br data-start=\"696\" data-end=\"699\" \/>Car cette r\u00e9gion, parmi les moins denses d\u2019Angleterre, est aujourd\u2019hui un <strong data-start=\"773\" data-end=\"842\">territoire pionnier de l\u2019innovation num\u00e9rique et de la green tech<\/strong>.<\/p>\n<p data-start=\"845\" data-end=\"958\">Voici comment le Sud-Ouest britannique est devenu un laboratoire de transformation num\u00e9rique\u2026 en pleine ruralit\u00e9.<\/p>[\/et_pb_text][\/et_pb_column][\/et_pb_row][\/et_pb_section][et_pb_section fb_built=&#8221;1&#8243; _builder_version=&#8221;4.16&#8243; _module_preset=&#8221;default&#8221; custom_margin=&#8221;||-2px|||&#8221; custom_padding=&#8221;||4px|||&#8221; locked=&#8221;off&#8221; global_colors_info=&#8221;{}&#8221; da_is_popup=&#8221;off&#8221; da_exit_intent=&#8221;off&#8221; da_has_close=&#8221;on&#8221; da_alt_close=&#8221;off&#8221; da_dark_close=&#8221;off&#8221; da_not_modal=&#8221;on&#8221; da_is_singular=&#8221;off&#8221; da_with_loader=&#8221;off&#8221; da_has_shadow=&#8221;on&#8221; da_disable_devices=&#8221;off|off|off&#8221;][et_pb_row column_structure=&#8221;2_5,3_5&#8243; padding_mobile=&#8221;off&#8221; column_padding_mobile=&#8221;on&#8221; admin_label=&#8221;row&#8221; _builder_version=&#8221;4.16&#8243; background_size=&#8221;initial&#8221; background_position=&#8221;top_left&#8221; background_repeat=&#8221;repeat&#8221; custom_margin=&#8221;-16px|auto||auto||&#8221; custom_padding=&#8221;0px||4px|||&#8221; make_fullwidth=&#8221;off&#8221; use_custom_width=&#8221;off&#8221; width_unit=&#8221;off&#8221; custom_width_px=&#8221;1080px&#8221; custom_width_percent=&#8221;80%&#8221; global_colors_info=&#8221;{}&#8221;][et_pb_column type=&#8221;2_5&#8243; _builder_version=&#8221;4.16&#8243; custom_padding=&#8221;|||&#8221; global_colors_info=&#8221;{}&#8221; custom_padding__hover=&#8221;|||&#8221;][et_pb_image src=&#8221;http:\/\/socialgoodaccelerator.eu\/wp-content\/uploads\/2021\/06\/Capture-de\u0301cran-2021-06-14-a\u0300-11.31.03.png&#8221; alt=&#8221;G7 leaders&#8221; title_text=&#8221;G7 leaders&#8221; _builder_version=&#8221;4.16&#8243; _module_preset=&#8221;default&#8221; custom_margin=&#8221;||0px|||&#8221; global_colors_info=&#8221;{}&#8221;][\/et_pb_image][et_pb_text _builder_version=&#8221;4.16&#8243; _module_preset=&#8221;default&#8221; custom_padding=&#8221;0px||0px|||&#8221; global_colors_info=&#8221;{}&#8221;]<h6><span style=\"color: #163074; font-size: small;\">The leaders of the G7 countries in Cornwall, 11th of June 2021<br \/><\/span><\/h6>\n<h6><span style=\"font-size: x-small;\"><em><span style=\"color: #163074;\">Source: G7 UK 2021 Flickr Channel<br \/><\/span><\/em><\/span><\/h6>[\/et_pb_text][et_pb_heading title=&#8221;Une r\u00e9gion rurale devenue terre d\u2019innovation&#8221; _builder_version=&#8221;4.27.4&#8243; _module_preset=&#8221;default&#8221; title_level=&#8221;h2&#8243; hover_enabled=&#8221;0&#8243; sticky_enabled=&#8221;0&#8243;][\/et_pb_heading][\/et_pb_column][et_pb_column type=&#8221;3_5&#8243; _builder_version=&#8221;4.16&#8243; custom_padding=&#8221;|||&#8221; global_colors_info=&#8221;{}&#8221; custom_padding__hover=&#8221;|||&#8221;][et_pb_text _builder_version=&#8221;4.27.4&#8243; _module_preset=&#8221;default&#8221; custom_margin=&#8221;-26px|||||&#8221; hover_enabled=&#8221;0&#8243; global_colors_info=&#8221;{}&#8221; quote_border_color=&#8221;#F8C040&#8243; sticky_enabled=&#8221;0&#8243;]<p data-start=\"1018\" data-end=\"1251\">Avec seulement <strong data-start=\"1033\" data-end=\"1054\">600 000 habitants<\/strong>, des villes moyennes d\u2019environ 20 000 habitants et plus de la moiti\u00e9 de sa population vivant en milieu rural, la Cornouailles pourrait passer pour un territoire p\u00e9riph\u00e9rique. C\u2019est tout l\u2019inverse.<\/p>\n<p data-start=\"1253\" data-end=\"1286\">La r\u00e9gion accueille aujourd\u2019hui :<\/p>\n<ul>\n<li data-start=\"1289\" data-end=\"1333\">des entreprises tech en pleine croissance,<\/li>\n<li data-start=\"1336\" data-end=\"1393\">un secteur num\u00e9rique qui a explos\u00e9 pendant la pand\u00e9mie,<\/li>\n<li data-start=\"1396\" data-end=\"1457\">plus de <strong data-start=\"1404\" data-end=\"1456\">4 000 boutiques en ligne cr\u00e9\u00e9es pendant la crise<\/strong>.<\/li>\n<\/ul>\n<p data-start=\"1459\" data-end=\"1659\">Dans une \u00e9conomie o\u00f9 le tourisme, la p\u00eache et l\u2019agriculture dominent, le num\u00e9rique est devenu un <strong data-start=\"1556\" data-end=\"1580\">levier de r\u00e9silience<\/strong>.<br data-start=\"1581\" data-end=\"1584\" \/>Comme le rappelle <strong data-start=\"1602\" data-end=\"1616\">Paul Coles<\/strong>, directeur r\u00e9gional de British Telecom :<\/p>\n<blockquote data-start=\"1660\" data-end=\"1823\"><p data-start=\"1662\" data-end=\"1823\">\u00ab L\u2019agriculture innove depuis des si\u00e8cles : l\u2019agritech en est la nouvelle \u00e9tape. Si nous voulons prosp\u00e9rer, nous devons acc\u00e9l\u00e9rer investissement et innovation. \u00bb<\/p>\n<\/blockquote>[\/et_pb_text][et_pb_heading title=&#8221;Superfast Cornwall : un projet num\u00e9rique pour changer la vie rurale&#8221; _builder_version=&#8221;4.27.4&#8243; _module_preset=&#8221;default&#8221; title_level=&#8221;h2&#8243; hover_enabled=&#8221;0&#8243; sticky_enabled=&#8221;0&#8243;][\/et_pb_heading][\/et_pb_column][\/et_pb_row][\/et_pb_section][et_pb_section fb_built=&#8221;1&#8243; _builder_version=&#8221;4.16&#8243; _module_preset=&#8221;default&#8221; custom_padding=&#8221;18px||0px|||&#8221; global_colors_info=&#8221;{}&#8221; da_is_popup=&#8221;off&#8221; da_exit_intent=&#8221;off&#8221; da_has_close=&#8221;on&#8221; da_alt_close=&#8221;off&#8221; da_dark_close=&#8221;off&#8221; da_not_modal=&#8221;on&#8221; da_is_singular=&#8221;off&#8221; da_with_loader=&#8221;off&#8221; da_has_shadow=&#8221;on&#8221; da_disable_devices=&#8221;off|off|off&#8221;][et_pb_row _builder_version=&#8221;4.16&#8243; _module_preset=&#8221;default&#8221; min_height=&#8221;61px&#8221; custom_margin=&#8221;-53px|auto||auto||&#8221; custom_padding=&#8221;3px||1px|||&#8221; global_colors_info=&#8221;{}&#8221;][et_pb_column type=&#8221;4_4&#8243; _builder_version=&#8221;4.16&#8243; _module_preset=&#8221;default&#8221; global_colors_info=&#8221;{}&#8221;][et_pb_text _builder_version=&#8221;4.27.4&#8243; _module_preset=&#8221;default&#8221; hover_enabled=&#8221;0&#8243; global_colors_info=&#8221;{}&#8221; quote_border_color=&#8221;#F8C040&#8243; sticky_enabled=&#8221;0&#8243;]<p data-start=\"1906\" data-end=\"2129\">Comme d\u2019autres pays europ\u00e9ens, le Royaume-Uni a lanc\u00e9 un vaste plan de d\u00e9ploiement num\u00e9rique.<br data-start=\"1999\" data-end=\"2002\" \/>Rien que pour les zones rurales, <strong data-start=\"2035\" data-end=\"2069\">75 millions de livres sterling<\/strong> ont \u00e9t\u00e9 investies \u2013 dont une grande partie en Cornouailles.<\/p>\n<p data-start=\"2131\" data-end=\"2165\">Les chiffres parlent d\u2019eux-m\u00eames :<\/p>\n<ul>\n<li data-start=\"2168\" data-end=\"2254\">en <strong data-start=\"2171\" data-end=\"2179\">2017<\/strong>, 17 % des zones rurales n\u2019avaient toujours <strong data-start=\"2223\" data-end=\"2250\">pas acc\u00e8s au haut d\u00e9bit<\/strong> ;<\/li>\n<li data-start=\"2257\" data-end=\"2345\">en <strong data-start=\"2260\" data-end=\"2268\">2011<\/strong>, <strong data-start=\"2270\" data-end=\"2290\">20 % des adultes<\/strong> de Cornouailles <strong data-start=\"2307\" data-end=\"2344\">n\u2019avaient jamais utilis\u00e9 Internet<\/strong>.<\/li>\n<\/ul>\n<p data-start=\"2347\" data-end=\"2523\">Pour r\u00e9pondre \u00e0 cette urgence, le projet <a href=\"https:\/\/www.cornwall.gov.uk\/business-trading-and-licences\/cornwall-business-development-projects\/superfast-cornwall\/\"><strong data-start=\"2388\" data-end=\"2410\">Superfast Cornwall<\/strong> <\/a>voit le jour.<br data-start=\"2424\" data-end=\"2427\" \/>Financ\u00e9 par le <strong data-start=\"2442\" data-end=\"2451\">FEDER<\/strong>, British Telecom et les autorit\u00e9s locales, il poursuit deux objectifs :<\/p>\n<ol>\n<li data-start=\"2527\" data-end=\"2582\"><strong data-start=\"2527\" data-end=\"2578\">D\u00e9ployer des infrastructures num\u00e9riques fiables<\/strong> ;<\/li>\n<li data-start=\"2586\" data-end=\"2634\"><strong data-start=\"2586\" data-end=\"2633\">Accompagner les habitants dans leurs usages<\/strong>.<\/li>\n<\/ol>\n<p data-start=\"2636\" data-end=\"2787\">La plateforme <strong data-start=\"2650\" data-end=\"2663\">iCornwall<\/strong> f\u00e9d\u00e8re alors collectivit\u00e9s, associations et acteurs locaux.<br data-start=\"2723\" data-end=\"2726\" \/>Mais l\u2019infrastructure n\u2019est qu\u2019un d\u00e9but : l\u2019enjeu est humain.<\/p>\n<p data-start=\"2789\" data-end=\"2857\">Comme l\u2019explique <strong data-start=\"2806\" data-end=\"2821\">Sandra Coak<\/strong>, m\u00e9diatrice num\u00e9rique \u00e0 Pendeen :<\/p>\n<blockquote data-start=\"2858\" data-end=\"2945\">\n<p data-start=\"2860\" data-end=\"2945\">\u00ab La technologie avance si vite que beaucoup de gens restent sur le bord du chemin. \u00bb<\/p>\n<\/blockquote>\n<p data-start=\"2947\" data-end=\"3057\">Ainsi, des centaines d\u2019ateliers gratuits ont \u00e9t\u00e9 organis\u00e9s dans les villages, principalement pour les seniors.<\/p>[\/et_pb_text][\/et_pb_column][\/et_pb_row][\/et_pb_section][et_pb_section fb_built=&#8221;1&#8243; _builder_version=&#8221;4.16&#8243; _module_preset=&#8221;default&#8221; custom_margin=&#8221;||-2px|||&#8221; custom_padding=&#8221;32px||4px|||&#8221; locked=&#8221;off&#8221; global_colors_info=&#8221;{}&#8221; da_is_popup=&#8221;off&#8221; da_exit_intent=&#8221;off&#8221; da_has_close=&#8221;on&#8221; da_alt_close=&#8221;off&#8221; da_dark_close=&#8221;off&#8221; da_not_modal=&#8221;on&#8221; da_is_singular=&#8221;off&#8221; da_with_loader=&#8221;off&#8221; da_has_shadow=&#8221;on&#8221; da_disable_devices=&#8221;off|off|off&#8221;][et_pb_row column_structure=&#8221;3_5,2_5&#8243; padding_mobile=&#8221;off&#8221; column_padding_mobile=&#8221;on&#8221; admin_label=&#8221;row&#8221; _builder_version=&#8221;4.16&#8243; background_size=&#8221;initial&#8221; background_position=&#8221;top_left&#8221; background_repeat=&#8221;repeat&#8221; custom_margin=&#8221;-16px|auto||auto||&#8221; custom_padding=&#8221;0px||4px|||&#8221; make_fullwidth=&#8221;off&#8221; use_custom_width=&#8221;off&#8221; width_unit=&#8221;off&#8221; custom_width_px=&#8221;1080px&#8221; custom_width_percent=&#8221;80%&#8221; global_colors_info=&#8221;{}&#8221;][et_pb_column type=&#8221;3_5&#8243; _builder_version=&#8221;4.16&#8243; custom_padding=&#8221;|||&#8221; global_colors_info=&#8221;{}&#8221; custom_padding__hover=&#8221;|||&#8221;][\/et_pb_column][et_pb_column type=&#8221;2_5&#8243; _builder_version=&#8221;4.16&#8243; custom_padding=&#8221;|||&#8221; global_colors_info=&#8221;{}&#8221; custom_padding__hover=&#8221;|||&#8221;][et_pb_image src=&#8221;http:\/\/socialgoodaccelerator.eu\/wp-content\/uploads\/2021\/06\/beautiful-shot-of-st-agnes-heritage-coast-uk-scaled.jpg&#8221; alt=&#8221;cornwall&#8221; title_text=&#8221;cornwall landscape&#8221; _builder_version=&#8221;4.16&#8243; _module_preset=&#8221;default&#8221; custom_margin=&#8221;||0px|||&#8221; global_colors_info=&#8221;{}&#8221;][\/et_pb_image][et_pb_text _builder_version=&#8221;4.16&#8243; _module_preset=&#8221;default&#8221; custom_padding=&#8221;0px||0px|||&#8221; global_colors_info=&#8221;{}&#8221;]<h6><span style=\"color: #163074; font-size: small;\">St. Agnes Heritage Coast, in Cornwall<br \/><\/span><\/h6>\n<h6><em><span style=\"color: #163074; font-size: x-small;\">Source: Pexels (image free of rights) <br \/><\/span><\/em><\/h6>[\/et_pb_text][\/et_pb_column][\/et_pb_row][\/et_pb_section][et_pb_section fb_built=&#8221;1&#8243; _builder_version=&#8221;4.16&#8243; _module_preset=&#8221;default&#8221; custom_margin=&#8221;||-2px|||&#8221; custom_padding=&#8221;||4px|||&#8221; locked=&#8221;off&#8221; global_colors_info=&#8221;{}&#8221; da_is_popup=&#8221;off&#8221; da_exit_intent=&#8221;off&#8221; da_has_close=&#8221;on&#8221; da_alt_close=&#8221;off&#8221; da_dark_close=&#8221;off&#8221; da_not_modal=&#8221;on&#8221; da_is_singular=&#8221;off&#8221; da_with_loader=&#8221;off&#8221; da_has_shadow=&#8221;on&#8221; da_disable_devices=&#8221;off|off|off&#8221;][et_pb_row column_structure=&#8221;2_5,3_5&#8243; padding_mobile=&#8221;off&#8221; column_padding_mobile=&#8221;on&#8221; admin_label=&#8221;row&#8221; _builder_version=&#8221;4.16&#8243; background_size=&#8221;initial&#8221; background_position=&#8221;top_left&#8221; background_repeat=&#8221;repeat&#8221; custom_margin=&#8221;-16px|auto||auto||&#8221; custom_padding=&#8221;0px||4px|||&#8221; make_fullwidth=&#8221;off&#8221; use_custom_width=&#8221;off&#8221; width_unit=&#8221;off&#8221; custom_width_px=&#8221;1080px&#8221; custom_width_percent=&#8221;80%&#8221; global_colors_info=&#8221;{}&#8221;][et_pb_column type=&#8221;2_5&#8243; _builder_version=&#8221;4.16&#8243; custom_padding=&#8221;|||&#8221; global_colors_info=&#8221;{}&#8221; custom_padding__hover=&#8221;|||&#8221;][et_pb_image src=&#8221;https:\/\/www.superfastcornwall.org\/wp-content\/uploads\/2018\/04\/digital_inclusion_1-400&#215;302.jpg&#8221; alt=&#8221;euses OECD conference&#8221; title_text=&#8221;euses OECD conference&#8221; _builder_version=&#8221;4.16&#8243; _module_preset=&#8221;default&#8221; custom_margin=&#8221;||0px|||&#8221; global_colors_info=&#8221;{}&#8221;][\/et_pb_image][et_pb_text _builder_version=&#8221;4.16&#8243; _module_preset=&#8221;default&#8221; custom_padding=&#8221;0px||0px|||&#8221; global_colors_info=&#8221;{}&#8221;]<h6><span style=\"color: #163074; font-size: small;\">The digital hub of Pendeen, a remote village close to Penzance<br \/><\/span><\/h6>\n<h6><span style=\"font-size: x-small;\"><em><span style=\"color: #163074;\">Source: Superfast Cornwall<br \/><\/span><\/em><\/span><\/h6>[\/et_pb_text][\/et_pb_column][et_pb_column type=&#8221;3_5&#8243; _builder_version=&#8221;4.16&#8243; custom_padding=&#8221;|||&#8221; global_colors_info=&#8221;{}&#8221; custom_padding__hover=&#8221;|||&#8221;][et_pb_heading title=&#8221;Des services publics transform\u00e9s en tiers-lieux num\u00e9riques&#8221; _builder_version=&#8221;4.27.4&#8243; _module_preset=&#8221;default&#8221; title_level=&#8221;h2&#8243; hover_enabled=&#8221;0&#8243; sticky_enabled=&#8221;0&#8243;][\/et_pb_heading][\/et_pb_column][\/et_pb_row][et_pb_row _builder_version=&#8221;4.16&#8243; _module_preset=&#8221;default&#8221; min_height=&#8221;61px&#8221; custom_margin=&#8221;-53px|auto||auto||&#8221; custom_padding=&#8221;3px||1px|||&#8221; global_colors_info=&#8221;{}&#8221;][et_pb_column type=&#8221;4_4&#8243; _builder_version=&#8221;4.16&#8243; _module_preset=&#8221;default&#8221; global_colors_info=&#8221;{}&#8221;][et_pb_text _builder_version=&#8221;4.27.4&#8243; _module_preset=&#8221;default&#8221; min_height=&#8221;103px&#8221; hover_enabled=&#8221;0&#8243; global_colors_info=&#8221;{}&#8221; sticky_enabled=&#8221;0&#8243;]<p data-start=\"3131\" data-end=\"3294\">L\u2019inclusion num\u00e9rique ne s\u2019est pas limit\u00e9e \u00e0 former les habitants.<br data-start=\"3197\" data-end=\"3200\" \/>Mairies, biblioth\u00e8ques et services publics se sont <strong data-start=\"3251\" data-end=\"3292\">convertis en points d\u2019acc\u00e8s num\u00e9rique<\/strong> :<\/p>\n<ul>\n<li data-start=\"3298\" data-end=\"3358\">ordinateurs en libre acc\u00e8s pour d\u00e9marches administratives,<\/li>\n<li data-start=\"3361\" data-end=\"3397\">assistance num\u00e9rique de proximit\u00e9,<\/li>\n<li data-start=\"3400\" data-end=\"3421\">ateliers th\u00e9matiques.<\/li>\n<\/ul>\n<p data-start=\"3423\" data-end=\"3565\">L\u2019am\u00e9lioration du r\u00e9seau a \u00e9galement permis de d\u00e9velopper des usages innovants, notamment en <strong data-start=\"3516\" data-end=\"3527\">e-sant\u00e9<\/strong>.<br data-start=\"3528\" data-end=\"3531\" \/>L\u2019Universit\u00e9 de Plymouth a test\u00e9 :<\/p>\n<ul>\n<li data-start=\"3568\" data-end=\"3600\">des solutions de t\u00e9l\u00e9m\u00e9decine,<\/li>\n<li data-start=\"3603\" data-end=\"3629\">des robots d\u2019assistance,<\/li>\n<li data-start=\"3632\" data-end=\"3711\">des dispositifs num\u00e9riques pour accompagner les personnes atteintes de d\u00e9mence.<\/li>\n<\/ul>[\/et_pb_text][et_pb_heading title=&#8221;Entre succ\u00e8s et limites : le num\u00e9rique au service du d\u00e9veloppement local&#8221; _builder_version=&#8221;4.27.4&#8243; _module_preset=&#8221;default&#8221; title_level=&#8221;h2&#8243; hover_enabled=&#8221;0&#8243; sticky_enabled=&#8221;0&#8243;][\/et_pb_heading][et_pb_text _builder_version=&#8221;4.27.4&#8243; _module_preset=&#8221;default&#8221; min_height=&#8221;103px&#8221; hover_enabled=&#8221;0&#8243; global_colors_info=&#8221;{}&#8221; sticky_enabled=&#8221;0&#8243; quote_border_color=&#8221;#F8C040&#8243;]<p data-start=\"3799\" data-end=\"3944\">La crise sanitaire a mis en lumi\u00e8re la valeur de ces investissements.<br data-start=\"3868\" data-end=\"3871\" \/>Comme le souligne <strong data-start=\"3889\" data-end=\"3904\">Paula Byers<\/strong>, fondatrice de Digital Northern Devon :<\/p>\n<blockquote data-start=\"3946\" data-end=\"4036\"><p data-start=\"3948\" data-end=\"4036\">\u00ab Si nous voulons reconstruire une \u00e9conomie durable, le num\u00e9rique sera incontournable. \u00bb<\/p>\n<\/blockquote>\n<p data-start=\"4038\" data-end=\"4224\">Gr\u00e2ce \u00e0 ces infrastructures, des entreprises comme <a href=\"https:\/\/jurassic-fibre.com\/\"><strong data-start=\"4089\" data-end=\"4107\">Jurassic Fibre<\/strong><\/a> se sont implant\u00e9es dans la r\u00e9gion, avec l\u2019ambition d\u2019apporter un <strong data-start=\"4173\" data-end=\"4223\">haut d\u00e9bit de classe mondiale \u00e0 300 000 foyers<\/strong>.<\/p>\n<p data-start=\"4226\" data-end=\"4260\">Pour son PDG, <strong data-start=\"4240\" data-end=\"4258\">Michael Maltby<\/strong> :<\/p>\n<blockquote data-start=\"4261\" data-end=\"4430\"><p data-start=\"4263\" data-end=\"4430\">\u00ab Comme le rail au XIXe si\u00e8cle, le d\u00e9ploiement de la fibre cr\u00e9era les gagnants et les perdants du XXIe si\u00e8cle. Nous voulons que le Sud-Ouest soit parmi les gagnants. \u00bb<\/p>\n<\/blockquote>\n<p data-start=\"4432\" data-end=\"4604\">La Cornouailles attire d\u00e9sormais les habitants des grandes villes voisines (Bristol, Exeter, Londres), s\u00e9duits par la combinaison <strong data-start=\"4562\" data-end=\"4603\">paysages + infrastructures num\u00e9riques<\/strong>.<\/p>\n<p data-start=\"4606\" data-end=\"4751\">Mais l\u2019article met en garde : l\u2019Union europ\u00e9enne consid\u00e8re encore la r\u00e9gion comme \u00ab <strong data-start=\"4690\" data-end=\"4711\">largely neglected<\/strong> \u00bb en termes d\u2019investissement num\u00e9rique.<\/p>[\/et_pb_text][et_pb_image src=&#8221;https:\/\/upload.wikimedia.org\/wikipedia\/commons\/6\/65\/Cornwall_UK_location_map.svg&#8221; alt=&#8221;European flags&#8221; title_text=&#8221;European flags (Libre de droits)&#8221; align=&#8221;center&#8221; _builder_version=&#8221;4.16&#8243; _module_preset=&#8221;default&#8221; width=&#8221;60%&#8221; custom_margin=&#8221;||0px|||&#8221; global_colors_info=&#8221;{}&#8221;][\/et_pb_image][et_pb_text _builder_version=&#8221;4.16&#8243; _module_preset=&#8221;default&#8221; min_height=&#8221;53px&#8221; custom_padding=&#8221;0px||0px|||&#8221; global_colors_info=&#8221;{}&#8221;]<h6 style=\"text-align: center;\"><span style=\"color: #163074; font-size: small;\">Localisation of Cornwall in the South West of England<br \/><\/span><\/h6>\n<h6 style=\"text-align: center;\"><span style=\"font-size: x-small;\"><em><span style=\"color: #163074;\">Source: Wikipedia (image free of rights)<\/span><\/em><\/span><\/h6>[\/et_pb_text][et_pb_heading title=&#8221;Un mod\u00e8le pour repenser l\u2019inclusion num\u00e9rique rurale&#8221; _builder_version=&#8221;4.27.4&#8243; _module_preset=&#8221;default&#8221; title_level=&#8221;h2&#8243; hover_enabled=&#8221;0&#8243; sticky_enabled=&#8221;0&#8243;][\/et_pb_heading][et_pb_text _builder_version=&#8221;4.27.4&#8243; _module_preset=&#8221;default&#8221; hover_enabled=&#8221;0&#8243; global_colors_info=&#8221;{}&#8221; sticky_enabled=&#8221;0&#8243;]<p data-start=\"4819\" data-end=\"4859\">L\u2019exp\u00e9rience cornouaillaise montre que :<\/p>\n<ul>\n<li data-start=\"4862\" data-end=\"4903\"><strong data-start=\"4862\" data-end=\"4901\">la connectivit\u00e9 seule ne suffit pas<\/strong> ;<\/li>\n<li data-start=\"4906\" data-end=\"4963\">l\u2019humain demeure central dans toute strat\u00e9gie num\u00e9rique ;<\/li>\n<li data-start=\"4966\" data-end=\"5077\">les territoires ruraux peuvent devenir <strong data-start=\"5005\" data-end=\"5044\">des moteurs de transition num\u00e9rique<\/strong>, \u00e0 condition d\u2019\u00eatre accompagn\u00e9s.<\/li>\n<\/ul>\n<p data-start=\"5079\" data-end=\"5244\">La Cornouailles a transform\u00e9 ses contraintes en opportunit\u00e9s, en b\u00e2tissant un mod\u00e8le hybride alliant <strong data-start=\"5180\" data-end=\"5243\">infrastructures, formation, innovation locale et e-services<\/strong>.<\/p>\n<p data-start=\"5246\" data-end=\"5289\">Un exemple inspirant pour l\u2019Europe enti\u00e8re.<\/p>[\/et_pb_text][et_pb_image src=&#8221;https:\/\/images.pexels.com\/photos\/5538798\/pexels-photo-5538798.jpeg?auto=compress&#038;cs=tinysrgb&#038;dpr=2&#038;h=650&#038;w=940&#8243; alt=&#8221;mannheim stadt&#8221; title_text=&#8221;mannheim stadt&#8221; align=&#8221;center&#8221; _builder_version=&#8221;4.16&#8243; _module_preset=&#8221;default&#8221; width=&#8221;60%&#8221; custom_margin=&#8221;||0px|||&#8221; global_colors_info=&#8221;{}&#8221;][\/et_pb_image][et_pb_text _builder_version=&#8221;4.16&#8243; _module_preset=&#8221;default&#8221; min_height=&#8221;53px&#8221; custom_padding=&#8221;0px||0px|||&#8221; global_colors_info=&#8221;{}&#8221;]<h6 style=\"text-align: center;\"><span style=\"color: #163074; font-size: small;\">A view of Port Isaac, UK, a small village north of Newquay.<br \/><\/span><\/h6>\n<h6 style=\"text-align: center;\"><span style=\"font-size: x-small;\"><em><span style=\"color: #163074;\">Source: Pexels (free of use)<\/span><\/em><\/span><\/h6>[\/et_pb_text][et_pb_text _builder_version=&#8221;4.16&#8243; _module_preset=&#8221;default&#8221; min_height=&#8221;103px&#8221; global_colors_info=&#8221;{}&#8221;]<p style=\"text-align: justify;\"><span style=\"color: #163074; font-size: large;\">Sources:<\/span><\/p>\n<p style=\"text-align: justify;\"><span style=\"color: #163074;\">&#8211; European Network for Rural Development, <em>Cornwall-UK, Steps towards a digital rural region<\/em>, 2019<br \/><\/span><\/p>\n<p style=\"text-align: justify;\"><span style=\"color: #163074;\">&#8211; Olivier Vergnault, Hannah Finch, &#8220;Why the South West&#8217;s tech sector has been a saviour of the Covid-19 crisis&#8221;, <em>Business Live<\/em>, 2020<\/span><\/p>[\/et_pb_text][\/et_pb_column][\/et_pb_row][\/et_pb_section][et_pb_section fb_built=&#8221;1&#8243; _builder_version=&#8221;4.27.4&#8243; _module_preset=&#8221;default&#8221; background_color=&#8221;#2B2A5C&#8221; custom_margin=&#8221;||-2px|||&#8221; custom_padding=&#8221;20px||4px|||&#8221; locked=&#8221;off&#8221; global_colors_info=&#8221;{}&#8221; theme_builder_area=&#8221;post_content&#8221; da_is_popup=&#8221;off&#8221; da_exit_intent=&#8221;off&#8221; da_has_close=&#8221;on&#8221; da_alt_close=&#8221;off&#8221; da_dark_close=&#8221;off&#8221; da_not_modal=&#8221;on&#8221; da_is_singular=&#8221;off&#8221; da_with_loader=&#8221;off&#8221; da_has_shadow=&#8221;on&#8221; da_disable_devices=&#8221;off|off|off&#8221;][et_pb_row _builder_version=&#8221;4.27.4&#8243; _module_preset=&#8221;default&#8221; global_colors_info=&#8221;{}&#8221; theme_builder_area=&#8221;post_content&#8221;][et_pb_column type=&#8221;4_4&#8243; _builder_version=&#8221;4.27.4&#8243; _module_preset=&#8221;default&#8221; global_colors_info=&#8221;{}&#8221; theme_builder_area=&#8221;post_content&#8221;][et_pb_heading title=&#8221;FAQ \u2014 Num\u00e9rique et ruralit\u00e9 en Cornouailles&#8221; _builder_version=&#8221;4.27.4&#8243; _module_preset=&#8221;default&#8221; title_level=&#8221;h2&#8243; title_text_color=&#8221;#FFFFFF&#8221; hover_enabled=&#8221;0&#8243; global_colors_info=&#8221;{}&#8221; theme_builder_area=&#8221;post_content&#8221; sticky_enabled=&#8221;0&#8243;][\/et_pb_heading][\/et_pb_column][\/et_pb_row][et_pb_row _builder_version=&#8221;4.27.4&#8243; _module_preset=&#8221;default&#8221; global_colors_info=&#8221;{}&#8221; theme_builder_area=&#8221;post_content&#8221;][et_pb_column type=&#8221;4_4&#8243; _builder_version=&#8221;4.27.4&#8243; _module_preset=&#8221;default&#8221; global_colors_info=&#8221;{}&#8221; theme_builder_area=&#8221;post_content&#8221;][et_pb_accordion _builder_version=&#8221;4.27.4&#8243; _module_preset=&#8221;default&#8221; hover_enabled=&#8221;0&#8243; border_radii=&#8221;on|30px|30px|30px|30px&#8221; global_colors_info=&#8221;{}&#8221; theme_builder_area=&#8221;post_content&#8221; sticky_enabled=&#8221;0&#8243;][et_pb_accordion_item title=&#8221;Pourquoi le G7 a-t-il \u00e9t\u00e9 organis\u00e9 en Cornouailles ?&#8221; open=&#8221;on&#8221; _builder_version=&#8221;4.27.4&#8243; _module_preset=&#8221;default&#8221; hover_enabled=&#8221;0&#8243; global_colors_info=&#8221;{}&#8221; theme_builder_area=&#8221;post_content&#8221; sticky_enabled=&#8221;0&#8243;]<p>Pour mettre en avant une r\u00e9gion symbole de transition \u00e9cologique et num\u00e9rique, malgr\u00e9 son caract\u00e8re rural.<\/p>[\/et_pb_accordion_item][et_pb_accordion_item title=&#8221;Qu\u2019est-ce que le projet Superfast Cornwall ?&#8221; _builder_version=&#8221;4.27.4&#8243; _module_preset=&#8221;default&#8221; hover_enabled=&#8221;0&#8243; global_colors_info=&#8221;{}&#8221; theme_builder_area=&#8221;post_content&#8221; open=&#8221;off&#8221; sticky_enabled=&#8221;0&#8243;]<p>Un programme financ\u00e9 par l\u2019UE, BT et les autorit\u00e9s locales pour d\u00e9ployer la fibre, r\u00e9duire la fracture num\u00e9rique et former les habitants.<\/p>[\/et_pb_accordion_item][et_pb_accordion_item title=&#8221;Quels secteurs \u00e9conomiques b\u00e9n\u00e9ficient du num\u00e9rique en Cornouailles ?&#8221; _builder_version=&#8221;4.27.4&#8243; _module_preset=&#8221;default&#8221; theme_builder_area=&#8221;post_content&#8221; hover_enabled=&#8221;0&#8243; sticky_enabled=&#8221;0&#8243;]<p>Le tourisme, l\u2019agriculture, la p\u00eache, l\u2019e-commerce et les services publics (notamment la sant\u00e9).<\/p>[\/et_pb_accordion_item][et_pb_accordion_item title=&#8221;La r\u00e9gion est-elle un mod\u00e8le d\u2019inclusion num\u00e9rique ?&#8221; _builder_version=&#8221;4.27.4&#8243; _module_preset=&#8221;default&#8221; theme_builder_area=&#8221;post_content&#8221; hover_enabled=&#8221;0&#8243; sticky_enabled=&#8221;0&#8243;]<p data-start=\"5968\" data-end=\"6091\">Oui : elle a combin\u00e9 infrastructures, formation et innovation locale, devenant une r\u00e9f\u00e9rence en mati\u00e8re de num\u00e9rique rural.<\/p>[\/et_pb_accordion_item][et_pb_accordion_item title=&#8221;Quels sont les principaux d\u00e9fis restants ?&#8221; _builder_version=&#8221;4.27.4&#8243; _module_preset=&#8221;default&#8221; theme_builder_area=&#8221;post_content&#8221; hover_enabled=&#8221;0&#8243; sticky_enabled=&#8221;0&#8243;]<p>La p\u00e9rennit\u00e9 des investissements, l\u2019accompagnement des publics \u00e9loign\u00e9s et la n\u00e9cessit\u00e9 d\u2019\u00e9viter une concurrence territoriale li\u00e9e au d\u00e9ploiement de la fibre.<\/p>[\/et_pb_accordion_item][\/et_pb_accordion][\/et_pb_column][\/et_pb_row][\/et_pb_section]","protected":false},"excerpt":{"rendered":"<p>Le Sommet du G7 a lieu en ce moment dans la station baln\u00e9aire de Carvis Bay, dans les Cornouailles, au Royaume-Uni. Le choix de cette r\u00e9gion a \u00e9t\u00e9 sans doute fait pour montrer sa c\u00f4te rocailleuse sauvage et le charme bucolique qu\u2019elle inspire. Mais il est r\u00e9ducteur de r\u00e9duire cette p\u00e9ninsule \u00e0 cette image caricaturale.<\/p>","protected":false},"author":1,"featured_media":49174,"comment_status":"closed","ping_status":"closed","sticky":false,"template":"","format":"standard","meta":{"_et_pb_use_builder":"on","_et_pb_old_content":"","_et_gb_content_width":"","jetpack_post_was_ever_published":false,"_jetpack_newsletter_access":"","_jetpack_dont_email_post_to_subs":false,"_jetpack_newsletter_tier_id":0,"_jetpack_memberships_contains_paywalled_content":false,"_jetpack_memberships_contains_paid_content":false,"footnotes":""},"categories":[443],"tags":[387],"class_list":["post-49165","post","type-post","status-publish","format-standard","has-post-thumbnail","hentry","category-notes-de-position","tag-reglementation-europeenne"],"yoast_head":"<!-- This site is optimized with the Yoast SEO plugin v27.4 - https:\/\/yoast.com\/product\/yoast-seo-wordpress\/ -->\n<title>G7 en Cornouailles : pourquoi le Sud-Ouest britannique compte-t-il pour le num\u00e9rique ? - SOGA<\/title>\n<meta name=\"description\" content=\"Pourquoi la Cornouailles est-elle devenue un territoire pionnier de l\u2019innovation num\u00e9rique ? Superfast Cornwall, inclusion num\u00e9rique, infrastructures et e-sant\u00e9 : d\u00e9cryptage d\u2019un mod\u00e8le rural inspirant.\" \/>\n<meta name=\"robots\" content=\"index, follow, max-snippet:-1, max-image-preview:large, max-video-preview:-1\" \/>\n<link rel=\"canonical\" href=\"https:\/\/socialgoodaccelerator.eu\/fr\/2021\/06\/14\/g7-cornouailles-numerique\/\" \/>\n<meta property=\"og:locale\" content=\"fr_FR\" \/>\n<meta property=\"og:type\" content=\"article\" \/>\n<meta property=\"og:title\" content=\"G7 en Cornouailles : pourquoi le Sud-Ouest britannique compte-t-il pour le num\u00e9rique ? - SOGA\" \/>\n<meta property=\"og:description\" content=\"Pourquoi la Cornouailles est-elle devenue un territoire pionnier de l\u2019innovation num\u00e9rique ? Superfast Cornwall, inclusion num\u00e9rique, infrastructures et e-sant\u00e9 : d\u00e9cryptage d\u2019un mod\u00e8le rural inspirant.\" \/>\n<meta property=\"og:url\" content=\"https:\/\/socialgoodaccelerator.eu\/fr\/2021\/06\/14\/g7-cornouailles-numerique\/\" \/>\n<meta property=\"og:site_name\" content=\"SOGA\" \/>\n<meta property=\"article:publisher\" content=\"https:\/\/www.facebook.com\/SocialGoodAccel.EU\/\" \/>\n<meta property=\"article:published_time\" content=\"2021-06-14T08:17:57+00:00\" \/>\n<meta property=\"article:modified_time\" content=\"2026-03-09T09:44:47+00:00\" \/>\n<meta property=\"og:image\" content=\"http:\/\/socialgoodaccelerator.eu\/wp-content\/uploads\/2021\/06\/Capture-de\u0301cran-2021-06-14-a\u0300-11.31.03.png\" \/>\n\t<meta property=\"og:image:width\" content=\"659\" \/>\n\t<meta property=\"og:image:height\" content=\"370\" \/>\n\t<meta property=\"og:image:type\" content=\"image\/png\" \/>\n<meta name=\"author\" content=\"sogaccelerator\" \/>\n<meta name=\"twitter:card\" content=\"summary_large_image\" \/>\n<meta name=\"twitter:label1\" content=\"\u00c9crit par\" \/>\n\t<meta name=\"twitter:data1\" content=\"sogaccelerator\" \/>\n\t<meta name=\"twitter:label2\" content=\"Dur\u00e9e de lecture estim\u00e9e\" \/>\n\t<meta name=\"twitter:data2\" content=\"6 minutes\" \/>\n<script type=\"application\/ld+json\" class=\"yoast-schema-graph\">{\"@context\":\"https:\\\/\\\/schema.org\",\"@graph\":[{\"@type\":\"Article\",\"@id\":\"https:\\\/\\\/socialgoodaccelerator.eu\\\/2021\\\/06\\\/14\\\/g7-cornouailles-numerique\\\/#article\",\"isPartOf\":{\"@id\":\"https:\\\/\\\/socialgoodaccelerator.eu\\\/2021\\\/06\\\/14\\\/g7-cornouailles-numerique\\\/\"},\"author\":{\"name\":\"sogaccelerator\",\"@id\":\"https:\\\/\\\/socialgoodaccelerator.eu\\\/#\\\/schema\\\/person\\\/0320622db91fd4a2ddef724cbdee0c3e\"},\"headline\":\"G7 en Cornouailles : pourquoi le Sud-Ouest britannique compte-t-il pour le num\u00e9rique ?\",\"datePublished\":\"2021-06-14T08:17:57+00:00\",\"dateModified\":\"2026-03-09T09:44:47+00:00\",\"mainEntityOfPage\":{\"@id\":\"https:\\\/\\\/socialgoodaccelerator.eu\\\/2021\\\/06\\\/14\\\/g7-cornouailles-numerique\\\/\"},\"wordCount\":2738,\"publisher\":{\"@id\":\"https:\\\/\\\/socialgoodaccelerator.eu\\\/#organization\"},\"image\":{\"@id\":\"https:\\\/\\\/socialgoodaccelerator.eu\\\/2021\\\/06\\\/14\\\/g7-cornouailles-numerique\\\/#primaryimage\"},\"thumbnailUrl\":\"https:\\\/\\\/i0.wp.com\\\/socialgoodaccelerator.eu\\\/wp-content\\\/uploads\\\/2021\\\/06\\\/Capture-de%CC%81cran-2021-06-14-a%CC%80-11.31.03.png?fit=659%2C370&ssl=1\",\"keywords\":[\"R\u00e9glementation europ\u00e9enne\"],\"articleSection\":[\"Notes de position\"],\"inLanguage\":\"fr-FR\"},{\"@type\":\"WebPage\",\"@id\":\"https:\\\/\\\/socialgoodaccelerator.eu\\\/2021\\\/06\\\/14\\\/g7-cornouailles-numerique\\\/\",\"url\":\"https:\\\/\\\/socialgoodaccelerator.eu\\\/2021\\\/06\\\/14\\\/g7-cornouailles-numerique\\\/\",\"name\":\"G7 en Cornouailles : pourquoi le Sud-Ouest britannique compte-t-il pour le num\u00e9rique ? - SOGA\",\"isPartOf\":{\"@id\":\"https:\\\/\\\/socialgoodaccelerator.eu\\\/#website\"},\"primaryImageOfPage\":{\"@id\":\"https:\\\/\\\/socialgoodaccelerator.eu\\\/2021\\\/06\\\/14\\\/g7-cornouailles-numerique\\\/#primaryimage\"},\"image\":{\"@id\":\"https:\\\/\\\/socialgoodaccelerator.eu\\\/2021\\\/06\\\/14\\\/g7-cornouailles-numerique\\\/#primaryimage\"},\"thumbnailUrl\":\"https:\\\/\\\/i0.wp.com\\\/socialgoodaccelerator.eu\\\/wp-content\\\/uploads\\\/2021\\\/06\\\/Capture-de%CC%81cran-2021-06-14-a%CC%80-11.31.03.png?fit=659%2C370&ssl=1\",\"datePublished\":\"2021-06-14T08:17:57+00:00\",\"dateModified\":\"2026-03-09T09:44:47+00:00\",\"description\":\"Pourquoi la Cornouailles est-elle devenue un territoire pionnier de l\u2019innovation num\u00e9rique ? Superfast Cornwall, inclusion num\u00e9rique, infrastructures et e-sant\u00e9 : d\u00e9cryptage d\u2019un mod\u00e8le rural inspirant.\",\"breadcrumb\":{\"@id\":\"https:\\\/\\\/socialgoodaccelerator.eu\\\/2021\\\/06\\\/14\\\/g7-cornouailles-numerique\\\/#breadcrumb\"},\"inLanguage\":\"fr-FR\",\"potentialAction\":[{\"@type\":\"ReadAction\",\"target\":[\"https:\\\/\\\/socialgoodaccelerator.eu\\\/2021\\\/06\\\/14\\\/g7-cornouailles-numerique\\\/\"]}]},{\"@type\":\"ImageObject\",\"inLanguage\":\"fr-FR\",\"@id\":\"https:\\\/\\\/socialgoodaccelerator.eu\\\/2021\\\/06\\\/14\\\/g7-cornouailles-numerique\\\/#primaryimage\",\"url\":\"https:\\\/\\\/i0.wp.com\\\/socialgoodaccelerator.eu\\\/wp-content\\\/uploads\\\/2021\\\/06\\\/Capture-de%CC%81cran-2021-06-14-a%CC%80-11.31.03.png?fit=659%2C370&ssl=1\",\"contentUrl\":\"https:\\\/\\\/i0.wp.com\\\/socialgoodaccelerator.eu\\\/wp-content\\\/uploads\\\/2021\\\/06\\\/Capture-de%CC%81cran-2021-06-14-a%CC%80-11.31.03.png?fit=659%2C370&ssl=1\",\"width\":659,\"height\":370,\"caption\":\"G7 leaders\"},{\"@type\":\"BreadcrumbList\",\"@id\":\"https:\\\/\\\/socialgoodaccelerator.eu\\\/2021\\\/06\\\/14\\\/g7-cornouailles-numerique\\\/#breadcrumb\",\"itemListElement\":[{\"@type\":\"ListItem\",\"position\":1,\"name\":\"Accueil\",\"item\":\"https:\\\/\\\/socialgoodaccelerator.eu\\\/\"},{\"@type\":\"ListItem\",\"position\":2,\"name\":\"G7 en Cornouailles : pourquoi le Sud-Ouest britannique compte-t-il pour le num\u00e9rique ?\"}]},{\"@type\":\"WebSite\",\"@id\":\"https:\\\/\\\/socialgoodaccelerator.eu\\\/#website\",\"url\":\"https:\\\/\\\/socialgoodaccelerator.eu\\\/\",\"name\":\"Social Good Accelerator\",\"description\":\"Acc\u00e9l\u00e9rer l&#039;ESS num\u00e9rique\",\"publisher\":{\"@id\":\"https:\\\/\\\/socialgoodaccelerator.eu\\\/#organization\"},\"alternateName\":\"SOGA\",\"potentialAction\":[{\"@type\":\"SearchAction\",\"target\":{\"@type\":\"EntryPoint\",\"urlTemplate\":\"https:\\\/\\\/socialgoodaccelerator.eu\\\/?s={search_term_string}\"},\"query-input\":{\"@type\":\"PropertyValueSpecification\",\"valueRequired\":true,\"valueName\":\"search_term_string\"}}],\"inLanguage\":\"fr-FR\"},{\"@type\":\"Organization\",\"@id\":\"https:\\\/\\\/socialgoodaccelerator.eu\\\/#organization\",\"name\":\"Social Good Accelerator\",\"alternateName\":\"SOGA\",\"url\":\"https:\\\/\\\/socialgoodaccelerator.eu\\\/\",\"logo\":{\"@type\":\"ImageObject\",\"inLanguage\":\"fr-FR\",\"@id\":\"https:\\\/\\\/socialgoodaccelerator.eu\\\/#\\\/schema\\\/logo\\\/image\\\/\",\"url\":\"https:\\\/\\\/i0.wp.com\\\/socialgoodaccelerator.eu\\\/wp-content\\\/uploads\\\/2023\\\/10\\\/cropped-LOGO-SOGA-V-FR.png?fit=512%2C512&ssl=1\",\"contentUrl\":\"https:\\\/\\\/i0.wp.com\\\/socialgoodaccelerator.eu\\\/wp-content\\\/uploads\\\/2023\\\/10\\\/cropped-LOGO-SOGA-V-FR.png?fit=512%2C512&ssl=1\",\"width\":512,\"height\":512,\"caption\":\"Social Good Accelerator\"},\"image\":{\"@id\":\"https:\\\/\\\/socialgoodaccelerator.eu\\\/#\\\/schema\\\/logo\\\/image\\\/\"},\"sameAs\":[\"https:\\\/\\\/www.facebook.com\\\/SocialGoodAccel.EU\\\/\",\"https:\\\/\\\/www.youtube.com\\\/@socialgoodaccelerator772\",\"https:\\\/\\\/www.youtube.com\\\/@SocialTechAcademy-eg6hp\"]},{\"@type\":\"Person\",\"@id\":\"https:\\\/\\\/socialgoodaccelerator.eu\\\/#\\\/schema\\\/person\\\/0320622db91fd4a2ddef724cbdee0c3e\",\"name\":\"sogaccelerator\",\"image\":{\"@type\":\"ImageObject\",\"inLanguage\":\"fr-FR\",\"@id\":\"https:\\\/\\\/secure.gravatar.com\\\/avatar\\\/99aef05386587650bb056a1275ce2e339bfe398930f37eb7262163da89aad453?s=96&d=mm&r=g\",\"url\":\"https:\\\/\\\/secure.gravatar.com\\\/avatar\\\/99aef05386587650bb056a1275ce2e339bfe398930f37eb7262163da89aad453?s=96&d=mm&r=g\",\"contentUrl\":\"https:\\\/\\\/secure.gravatar.com\\\/avatar\\\/99aef05386587650bb056a1275ce2e339bfe398930f37eb7262163da89aad453?s=96&d=mm&r=g\",\"caption\":\"sogaccelerator\"}}]}<\/script>\n<!-- \/ Yoast SEO plugin. -->","yoast_head_json":{"title":"G7 en Cornouailles : pourquoi le Sud-Ouest britannique compte-t-il pour le num\u00e9rique ? - SOGA","description":"Pourquoi la Cornouailles est-elle devenue un territoire pionnier de l\u2019innovation num\u00e9rique ? Superfast Cornwall, inclusion num\u00e9rique, infrastructures et e-sant\u00e9 : d\u00e9cryptage d\u2019un mod\u00e8le rural inspirant.","robots":{"index":"index","follow":"follow","max-snippet":"max-snippet:-1","max-image-preview":"max-image-preview:large","max-video-preview":"max-video-preview:-1"},"canonical":"https:\/\/socialgoodaccelerator.eu\/fr\/2021\/06\/14\/g7-cornouailles-numerique\/","og_locale":"fr_FR","og_type":"article","og_title":"G7 en Cornouailles : pourquoi le Sud-Ouest britannique compte-t-il pour le num\u00e9rique ? - SOGA","og_description":"Pourquoi la Cornouailles est-elle devenue un territoire pionnier de l\u2019innovation num\u00e9rique ? Superfast Cornwall, inclusion num\u00e9rique, infrastructures et e-sant\u00e9 : d\u00e9cryptage d\u2019un mod\u00e8le rural inspirant.","og_url":"https:\/\/socialgoodaccelerator.eu\/fr\/2021\/06\/14\/g7-cornouailles-numerique\/","og_site_name":"SOGA","article_publisher":"https:\/\/www.facebook.com\/SocialGoodAccel.EU\/","article_published_time":"2021-06-14T08:17:57+00:00","article_modified_time":"2026-03-09T09:44:47+00:00","og_image":[{"width":659,"height":370,"url":"http:\/\/socialgoodaccelerator.eu\/wp-content\/uploads\/2021\/06\/Capture-de\u0301cran-2021-06-14-a\u0300-11.31.03.png","type":"image\/png"}],"author":"sogaccelerator","twitter_card":"summary_large_image","twitter_misc":{"\u00c9crit par":"sogaccelerator","Dur\u00e9e de lecture estim\u00e9e":"6 minutes"},"schema":{"@context":"https:\/\/schema.org","@graph":[{"@type":"Article","@id":"https:\/\/socialgoodaccelerator.eu\/2021\/06\/14\/g7-cornouailles-numerique\/#article","isPartOf":{"@id":"https:\/\/socialgoodaccelerator.eu\/2021\/06\/14\/g7-cornouailles-numerique\/"},"author":{"name":"sogaccelerator","@id":"https:\/\/socialgoodaccelerator.eu\/#\/schema\/person\/0320622db91fd4a2ddef724cbdee0c3e"},"headline":"G7 en Cornouailles : pourquoi le Sud-Ouest britannique compte-t-il pour le num\u00e9rique ?","datePublished":"2021-06-14T08:17:57+00:00","dateModified":"2026-03-09T09:44:47+00:00","mainEntityOfPage":{"@id":"https:\/\/socialgoodaccelerator.eu\/2021\/06\/14\/g7-cornouailles-numerique\/"},"wordCount":2738,"publisher":{"@id":"https:\/\/socialgoodaccelerator.eu\/#organization"},"image":{"@id":"https:\/\/socialgoodaccelerator.eu\/2021\/06\/14\/g7-cornouailles-numerique\/#primaryimage"},"thumbnailUrl":"https:\/\/i0.wp.com\/socialgoodaccelerator.eu\/wp-content\/uploads\/2021\/06\/Capture-de%CC%81cran-2021-06-14-a%CC%80-11.31.03.png?fit=659%2C370&ssl=1","keywords":["R\u00e9glementation europ\u00e9enne"],"articleSection":["Notes de position"],"inLanguage":"fr-FR"},{"@type":"WebPage","@id":"https:\/\/socialgoodaccelerator.eu\/2021\/06\/14\/g7-cornouailles-numerique\/","url":"https:\/\/socialgoodaccelerator.eu\/2021\/06\/14\/g7-cornouailles-numerique\/","name":"G7 en Cornouailles : pourquoi le Sud-Ouest britannique compte-t-il pour le num\u00e9rique ? - SOGA","isPartOf":{"@id":"https:\/\/socialgoodaccelerator.eu\/#website"},"primaryImageOfPage":{"@id":"https:\/\/socialgoodaccelerator.eu\/2021\/06\/14\/g7-cornouailles-numerique\/#primaryimage"},"image":{"@id":"https:\/\/socialgoodaccelerator.eu\/2021\/06\/14\/g7-cornouailles-numerique\/#primaryimage"},"thumbnailUrl":"https:\/\/i0.wp.com\/socialgoodaccelerator.eu\/wp-content\/uploads\/2021\/06\/Capture-de%CC%81cran-2021-06-14-a%CC%80-11.31.03.png?fit=659%2C370&ssl=1","datePublished":"2021-06-14T08:17:57+00:00","dateModified":"2026-03-09T09:44:47+00:00","description":"Pourquoi la Cornouailles est-elle devenue un territoire pionnier de l\u2019innovation num\u00e9rique ? Superfast Cornwall, inclusion num\u00e9rique, infrastructures et e-sant\u00e9 : d\u00e9cryptage d\u2019un mod\u00e8le rural inspirant.","breadcrumb":{"@id":"https:\/\/socialgoodaccelerator.eu\/2021\/06\/14\/g7-cornouailles-numerique\/#breadcrumb"},"inLanguage":"fr-FR","potentialAction":[{"@type":"ReadAction","target":["https:\/\/socialgoodaccelerator.eu\/2021\/06\/14\/g7-cornouailles-numerique\/"]}]},{"@type":"ImageObject","inLanguage":"fr-FR","@id":"https:\/\/socialgoodaccelerator.eu\/2021\/06\/14\/g7-cornouailles-numerique\/#primaryimage","url":"https:\/\/i0.wp.com\/socialgoodaccelerator.eu\/wp-content\/uploads\/2021\/06\/Capture-de%CC%81cran-2021-06-14-a%CC%80-11.31.03.png?fit=659%2C370&ssl=1","contentUrl":"https:\/\/i0.wp.com\/socialgoodaccelerator.eu\/wp-content\/uploads\/2021\/06\/Capture-de%CC%81cran-2021-06-14-a%CC%80-11.31.03.png?fit=659%2C370&ssl=1","width":659,"height":370,"caption":"G7 leaders"},{"@type":"BreadcrumbList","@id":"https:\/\/socialgoodaccelerator.eu\/2021\/06\/14\/g7-cornouailles-numerique\/#breadcrumb","itemListElement":[{"@type":"ListItem","position":1,"name":"Accueil","item":"https:\/\/socialgoodaccelerator.eu\/"},{"@type":"ListItem","position":2,"name":"G7 en Cornouailles : pourquoi le Sud-Ouest britannique compte-t-il pour le num\u00e9rique ?"}]},{"@type":"WebSite","@id":"https:\/\/socialgoodaccelerator.eu\/#website","url":"https:\/\/socialgoodaccelerator.eu\/","name":"Social Good Accelerator","description":"Acc\u00e9l\u00e9rer l&#039;ESS num\u00e9rique","publisher":{"@id":"https:\/\/socialgoodaccelerator.eu\/#organization"},"alternateName":"SOGA","potentialAction":[{"@type":"SearchAction","target":{"@type":"EntryPoint","urlTemplate":"https:\/\/socialgoodaccelerator.eu\/?s={search_term_string}"},"query-input":{"@type":"PropertyValueSpecification","valueRequired":true,"valueName":"search_term_string"}}],"inLanguage":"fr-FR"},{"@type":"Organization","@id":"https:\/\/socialgoodaccelerator.eu\/#organization","name":"Social Good Accelerator","alternateName":"SOGA","url":"https:\/\/socialgoodaccelerator.eu\/","logo":{"@type":"ImageObject","inLanguage":"fr-FR","@id":"https:\/\/socialgoodaccelerator.eu\/#\/schema\/logo\/image\/","url":"https:\/\/i0.wp.com\/socialgoodaccelerator.eu\/wp-content\/uploads\/2023\/10\/cropped-LOGO-SOGA-V-FR.png?fit=512%2C512&ssl=1","contentUrl":"https:\/\/i0.wp.com\/socialgoodaccelerator.eu\/wp-content\/uploads\/2023\/10\/cropped-LOGO-SOGA-V-FR.png?fit=512%2C512&ssl=1","width":512,"height":512,"caption":"Social Good Accelerator"},"image":{"@id":"https:\/\/socialgoodaccelerator.eu\/#\/schema\/logo\/image\/"},"sameAs":["https:\/\/www.facebook.com\/SocialGoodAccel.EU\/","https:\/\/www.youtube.com\/@socialgoodaccelerator772","https:\/\/www.youtube.com\/@SocialTechAcademy-eg6hp"]},{"@type":"Person","@id":"https:\/\/socialgoodaccelerator.eu\/#\/schema\/person\/0320622db91fd4a2ddef724cbdee0c3e","name":"sogaccelerator","image":{"@type":"ImageObject","inLanguage":"fr-FR","@id":"https:\/\/secure.gravatar.com\/avatar\/99aef05386587650bb056a1275ce2e339bfe398930f37eb7262163da89aad453?s=96&d=mm&r=g","url":"https:\/\/secure.gravatar.com\/avatar\/99aef05386587650bb056a1275ce2e339bfe398930f37eb7262163da89aad453?s=96&d=mm&r=g","contentUrl":"https:\/\/secure.gravatar.com\/avatar\/99aef05386587650bb056a1275ce2e339bfe398930f37eb7262163da89aad453?s=96&d=mm&r=g","caption":"sogaccelerator"}}]}},"jetpack_featured_media_url":"https:\/\/i0.wp.com\/socialgoodaccelerator.eu\/wp-content\/uploads\/2021\/06\/Capture-de%CC%81cran-2021-06-14-a%CC%80-11.31.03.png?fit=659%2C370&ssl=1","jetpack_likes_enabled":false,"jetpack-related-posts":[{"id":57863,"url":"https:\/\/socialgoodaccelerator.eu\/fr\/2026\/04\/23\/lasuite-coop\/","url_meta":{"origin":49165,"position":0},"title":"LaSuite.coop : l\u2019alternative num\u00e9rique coop\u00e9rative, libre et h\u00e9berg\u00e9e en Europe dont l\u2019ESS avait besoin","author":"sogaccelerator","date":"23 avril 2026","format":"gallery","excerpt":"Abstract :\u00a0Chaque ann\u00e9e, 70 milliards d\u2019euros quittent la France en direction des \u00c9tats-Unis pour financer nos seuls usages num\u00e9riques. Derri\u00e8re\u2026","rel":"","context":"Dans &quot;Actualit\u00e9s de SOGA&quot;","block_context":{"text":"Actualit\u00e9s de SOGA","link":"https:\/\/socialgoodaccelerator.eu\/fr\/category\/actualites-de-soga\/"},"img":{"alt_text":"LaSuite.coop","src":"https:\/\/i0.wp.com\/socialgoodaccelerator.eu\/wp-content\/uploads\/2026\/04\/Design-sans-titre-2-1-1.png?fit=1200%2C627&ssl=1&resize=350%2C200","width":350,"height":200,"srcset":"https:\/\/i0.wp.com\/socialgoodaccelerator.eu\/wp-content\/uploads\/2026\/04\/Design-sans-titre-2-1-1.png?fit=1200%2C627&ssl=1&resize=350%2C200 1x, https:\/\/i0.wp.com\/socialgoodaccelerator.eu\/wp-content\/uploads\/2026\/04\/Design-sans-titre-2-1-1.png?fit=1200%2C627&ssl=1&resize=525%2C300 1.5x, https:\/\/i0.wp.com\/socialgoodaccelerator.eu\/wp-content\/uploads\/2026\/04\/Design-sans-titre-2-1-1.png?fit=1200%2C627&ssl=1&resize=700%2C400 2x, https:\/\/i0.wp.com\/socialgoodaccelerator.eu\/wp-content\/uploads\/2026\/04\/Design-sans-titre-2-1-1.png?fit=1200%2C627&ssl=1&resize=1050%2C600 3x"},"classes":[]}],"jetpack_sharing_enabled":false,"jetpack_shortlink":"https:\/\/wp.me\/p9J6Qk-cMZ","_links":{"self":[{"href":"https:\/\/socialgoodaccelerator.eu\/fr\/wp-json\/wp\/v2\/posts\/49165","targetHints":{"allow":["GET"]}}],"collection":[{"href":"https:\/\/socialgoodaccelerator.eu\/fr\/wp-json\/wp\/v2\/posts"}],"about":[{"href":"https:\/\/socialgoodaccelerator.eu\/fr\/wp-json\/wp\/v2\/types\/post"}],"author":[{"embeddable":true,"href":"https:\/\/socialgoodaccelerator.eu\/fr\/wp-json\/wp\/v2\/users\/1"}],"replies":[{"embeddable":true,"href":"https:\/\/socialgoodaccelerator.eu\/fr\/wp-json\/wp\/v2\/comments?post=49165"}],"version-history":[{"count":12,"href":"https:\/\/socialgoodaccelerator.eu\/fr\/wp-json\/wp\/v2\/posts\/49165\/revisions"}],"predecessor-version":[{"id":56147,"href":"https:\/\/socialgoodaccelerator.eu\/fr\/wp-json\/wp\/v2\/posts\/49165\/revisions\/56147"}],"wp:featuredmedia":[{"embeddable":true,"href":"https:\/\/socialgoodaccelerator.eu\/fr\/wp-json\/wp\/v2\/media\/49174"}],"wp:attachment":[{"href":"https:\/\/socialgoodaccelerator.eu\/fr\/wp-json\/wp\/v2\/media?parent=49165"}],"wp:term":[{"taxonomy":"category","embeddable":true,"href":"https:\/\/socialgoodaccelerator.eu\/fr\/wp-json\/wp\/v2\/categories?post=49165"},{"taxonomy":"post_tag","embeddable":true,"href":"https:\/\/socialgoodaccelerator.eu\/fr\/wp-json\/wp\/v2\/tags?post=49165"}],"curies":[{"name":"wp","href":"https:\/\/api.w.org\/{rel}","templated":true}]}}