{
    "id": 56998,
    "date": "2022-11-03T10:56:53",
    "date_gmt": "2022-11-03T09:56:53",
    "guid": {
        "rendered": "https:\/\/socialgoodaccelerator.eu\/?p=56998"
    },
    "modified": "2026-03-04T11:14:55",
    "modified_gmt": "2026-03-04T10:14:55",
    "slug": "pour-une-acceleration-du-numerique-dinteret-general-en-europe",
    "status": "publish",
    "type": "post",
    "link": "https:\/\/socialgoodaccelerator.eu\/en_gb\/2022\/11\/03\/pour-une-acceleration-du-numerique-dinteret-general-en-europe\/",
    "title": {
        "rendered": "Pour une acc\u00e9l\u00e9ration du num\u00e9rique d\u2019int\u00e9r\u00eat g\u00e9n\u00e9ral en Europe"
    },
    "content": {
        "rendered": "[et_pb_section fb_built=&#8221;1&#8243; admin_label=&#8221;section&#8221; _builder_version=&#8221;4.27.5&#8243; background_color=&#8221;gcid-e3b30804-98c5-4528-8663-76f4e5b210ad&#8221; da_disable_devices=&#8221;off|off|off&#8221; global_colors_info=&#8221;{%22gcid-e3b30804-98c5-4528-8663-76f4e5b210ad%22:%91%22background_color%22%93}&#8221; da_is_popup=&#8221;off&#8221; da_exit_intent=&#8221;off&#8221; da_has_close=&#8221;on&#8221; da_alt_close=&#8221;off&#8221; da_dark_close=&#8221;off&#8221; da_not_modal=&#8221;on&#8221; da_is_singular=&#8221;off&#8221; da_with_loader=&#8221;off&#8221; da_has_shadow=&#8221;on&#8221;][et_pb_row admin_label=&#8221;row&#8221; _builder_version=&#8221;4.16&#8243; background_size=&#8221;initial&#8221; background_position=&#8221;top_left&#8221; background_repeat=&#8221;repeat&#8221; global_colors_info=&#8221;{}&#8221;][et_pb_column type=&#8221;4_4&#8243; _builder_version=&#8221;4.16&#8243; custom_padding=&#8221;|||&#8221; global_colors_info=&#8221;{}&#8221; custom_padding__hover=&#8221;|||&#8221;][et_pb_heading title=&#8221;Pour une acc\u00e9l\u00e9ration du num\u00e9rique d\u2019int\u00e9r\u00eat g\u00e9n\u00e9ral en Europe&#8221; _builder_version=&#8221;4.27.5&#8243; _module_preset=&#8221;default&#8221; title_text_align=&#8221;justify&#8221; title_line_height=&#8221;1.5em&#8221; global_colors_info=&#8221;{}&#8221;][\/et_pb_heading][et_pb_heading title=&#8221;Changer d\u2019\u00e9chelle pour faire du num\u00e9rique un levier d\u2019int\u00e9r\u00eat g\u00e9n\u00e9ral&#8221; _builder_version=&#8221;4.27.5&#8243; _module_preset=&#8221;default&#8221; title_level=&#8221;h2&#8243; title_font=&#8221;||on||||||&#8221; title_text_color=&#8221;#FBA100&#8243; global_colors_info=&#8221;{}&#8221;][\/et_pb_heading][et_pb_text _builder_version=&#8221;4.27.5&#8243; _module_preset=&#8221;default&#8221; text_text_color=&#8221;gcid-body-color&#8221; global_colors_info=&#8221;{%22gcid-body-color%22:%91%22text_text_color%22%93}&#8221;]<p data-start=\"347\" data-end=\"551\">Dans un article publi\u00e9 par <em data-start=\"374\" data-end=\"388\">Usbek &amp; Rica<\/em>, le Social Good Accelerator d\u00e9fend l\u2019id\u00e9e d\u2019un num\u00e9rique d\u2019int\u00e9r\u00eat g\u00e9n\u00e9ral capable de d\u00e9passer les logiques dominantes de concentration et d\u2019extraction de valeur.<\/p>\n<p data-start=\"553\" data-end=\"751\">L\u2019enjeu n\u2019est pas seulement technologique : il est politique et europ\u00e9en. Il s\u2019agit de faire \u00e9merger un \u00e9cosyst\u00e8me structur\u00e9, capable de proposer des alternatives cr\u00e9dibles \u00e0 l\u2019\u00e9chelle du continent.<\/p>[\/et_pb_text][et_pb_heading title=&#8221;Ce que l\u2019article met en lumi\u00e8re&#8221; _builder_version=&#8221;4.27.5&#8243; _module_preset=&#8221;default&#8221; title_level=&#8221;h3&#8243; title_font=&#8221;||||||||&#8221; title_text_color=&#8221;#004DA6&#8243; global_colors_info=&#8221;{}&#8221;][\/et_pb_heading][et_pb_text _builder_version=&#8221;4.27.5&#8243; _module_preset=&#8221;default&#8221; text_text_color=&#8221;gcid-body-color&#8221; global_colors_info=&#8221;{%22gcid-body-color%22:%91%22text_text_color%22%93}&#8221;]<p data-start=\"794\" data-end=\"834\">L\u2019analyse insiste sur plusieurs points :<\/p>\n<ul data-start=\"836\" data-end=\"1058\">\n<li data-start=\"836\" data-end=\"905\">\n<p data-start=\"838\" data-end=\"905\">la n\u00e9cessit\u00e9 de sortir d\u2019une d\u00e9pendance aux grandes plateformes ;<\/p>\n<\/li>\n<li data-start=\"906\" data-end=\"977\">\n<p data-start=\"908\" data-end=\"977\">l\u2019importance de soutenir les initiatives ouvertes et coop\u00e9ratives ;<\/p>\n<\/li>\n<li data-start=\"978\" data-end=\"1058\">\n<p data-start=\"980\" data-end=\"1058\">le besoin d\u2019une strat\u00e9gie europ\u00e9enne coh\u00e9rente pour structurer la social tech.<\/p>\n<\/li>\n<\/ul>\n<p data-start=\"1060\" data-end=\"1161\">Le num\u00e9rique d\u2019int\u00e9r\u00eat g\u00e9n\u00e9ral ne peut rester \u00e0 l\u2019\u00e9tat d\u2019exp\u00e9rimentation : il doit changer d\u2019\u00e9chelle.<\/p>[\/et_pb_text][et_pb_heading title=&#8221;Pourquoi cela concerne l\u2019\u00e9conomie sociale num\u00e9rique&#8221; _builder_version=&#8221;4.27.5&#8243; _module_preset=&#8221;default&#8221; title_level=&#8221;h3&#8243; title_font=&#8221;||||||||&#8221; title_text_color=&#8221;#004DA6&#8243; global_colors_info=&#8221;{}&#8221;][\/et_pb_heading][et_pb_text _builder_version=&#8221;4.27.5&#8243; _module_preset=&#8221;default&#8221; text_text_color=&#8221;gcid-body-color&#8221; global_colors_info=&#8221;{%22gcid-body-color%22:%91%22text_text_color%22%93}&#8221;]<p data-start=\"1224\" data-end=\"1274\">Pour le SOGA, la question europ\u00e9enne est centrale.<\/p>\n<p data-start=\"1276\" data-end=\"1316\">Les politiques publiques en mati\u00e8re de :<\/p>\n<ul data-start=\"1318\" data-end=\"1414\">\n<li data-start=\"1318\" data-end=\"1349\">\n<p data-start=\"1320\" data-end=\"1349\">souverainet\u00e9 technologique,<\/p>\n<\/li>\n<li data-start=\"1350\" data-end=\"1381\">\n<p data-start=\"1352\" data-end=\"1381\">r\u00e9gulation des plateformes,<\/p>\n<\/li>\n<li data-start=\"1382\" data-end=\"1414\">\n<p data-start=\"1384\" data-end=\"1414\">financement de l\u2019innovation,<\/p>\n<\/li>\n<\/ul>\n<p data-start=\"1416\" data-end=\"1502\">conditionnent la capacit\u00e9 des acteurs de l\u2019ESS \u00e0 d\u00e9velopper des alternatives durables.<\/p>\n<p data-start=\"1504\" data-end=\"1654\">Cette tribune s\u2019inscrit dans la continuit\u00e9 des travaux du SOGA visant \u00e0 inscrire l\u2019\u00e9conomie sociale num\u00e9rique dans les grandes strat\u00e9gies europ\u00e9ennes.<\/p>[\/et_pb_text][et_pb_heading title=&#8221;\u00c0 retenir&#8221; _builder_version=&#8221;4.27.5&#8243; _module_preset=&#8221;default&#8221; title_level=&#8221;h3&#8243; title_font=&#8221;||||||||&#8221; title_text_color=&#8221;#004DA6&#8243; global_colors_info=&#8221;{}&#8221;][\/et_pb_heading][et_pb_text _builder_version=&#8221;4.27.5&#8243; _module_preset=&#8221;default&#8221; text_text_color=&#8221;gcid-body-color&#8221; global_colors_info=&#8221;{%22gcid-body-color%22:%91%22text_text_color%22%93}&#8221;]<ul>\n<li data-start=\"1675\" data-end=\"1753\">\n<p data-start=\"1677\" data-end=\"1753\">Le num\u00e9rique d\u2019int\u00e9r\u00eat g\u00e9n\u00e9ral n\u00e9cessite une vision europ\u00e9enne structur\u00e9e.<\/p>\n<\/li>\n<li data-start=\"1754\" data-end=\"1824\">\n<p data-start=\"1756\" data-end=\"1824\">Les initiatives locales doivent \u00eatre soutenues et interconnect\u00e9es.<\/p>\n<\/li>\n<li data-start=\"1827\" data-end=\"1894\">L\u2019ESS peut contribuer \u00e0 red\u00e9finir les mod\u00e8les num\u00e9riques dominants.\n<\/li>\n<\/ul>\n<p>Consultez aussi : <a href=\"https:\/\/socialgoodaccelerator.eu\/fr\/2021\/06\/16\/inclusion-numerique-europe\/\">Inclusion num\u00e9rique : o\u00f9 en est l\u2019Europe ?<\/a><\/p>[\/et_pb_text][et_pb_button button_url=&#8221;https:\/\/usbeketrica.com\/fr\/article\/pour-une-acceleration-du-numerique-d-interet-general-en-europe?utm_source=chatgpt.com&#8221; url_new_window=&#8221;on&#8221; button_text=&#8221;Je consulte l&#8217;article complet&#8221; button_alignment=&#8221;center&#8221; _builder_version=&#8221;4.27.5&#8243; _module_preset=&#8221;default&#8221; custom_button=&#8221;on&#8221; button_text_color=&#8221;#FFFFFF&#8221; button_bg_color=&#8221;#FBA100&#8243; button_border_color=&#8221;RGBA(255,255,255,0)&#8221; button_border_radius=&#8221;30px&#8221; background_layout=&#8221;dark&#8221; global_colors_info=&#8221;{}&#8221; button_bg_color__hover_enabled=&#8221;on|desktop&#8221; button_bg_color__hover=&#8221;#FBA100&#8243; button_bg_enable_color__hover=&#8221;on&#8221; button_border_color__hover_enabled=&#8221;on|hover&#8221; button_border_color__hover=&#8221;RGBA(255,255,255,0)&#8221; button_text_color__hover_enabled=&#8221;on|hover&#8221; button_text_color__hover=&#8221;#FFFFFF&#8221;][\/et_pb_button][\/et_pb_column][\/et_pb_row][\/et_pb_section]",
        "protected": false
    },
    "excerpt": {
        "rendered": "<p>Les Social Tech, ce sont ces entreprises du num\u00e9rique \u00e0 but non lucratif ou \u00e0 lucrativit\u00e9 limit\u00e9e qui tentent de r\u00e9g\u00e9n\u00e9rer l\u2019esprit du web des origines. Comment y parviennent-elles\u202f? Plongez lors de la Social Good Week dans le num\u00e9rique d\u2019int\u00e9r\u00eat g\u00e9n\u00e9ral, qui tente d\u2019offrir une alternative juste, sobre et \u00e9quitable aux mastodontes de la tech\u202f!<\/p>",
        "protected": false
    },
    "author": 1,
    "featured_media": 54171,
    "comment_status": "closed",
    "ping_status": "closed",
    "sticky": false,
    "template": "",
    "format": "standard",
    "meta": {
        "_et_pb_use_builder": "on",
        "_et_pb_old_content": "",
        "_et_gb_content_width": "",
        "jetpack_post_was_ever_published": false,
        "_jetpack_newsletter_access": "",
        "_jetpack_dont_email_post_to_subs": false,
        "_jetpack_newsletter_tier_id": 0,
        "_jetpack_memberships_contains_paywalled_content": false,
        "_jetpack_memberships_contains_paid_content": false,
        "footnotes": ""
    },
    "categories": [
        417
    ],
    "tags": [
        433
    ],
    "class_list": [
        "post-56998",
        "post",
        "type-post",
        "status-publish",
        "format-standard",
        "has-post-thumbnail",
        "hentry",
        "category-tribunes-et-medias",
        "tag-usbek-rica"
    ],
    "yoast_head": "<!-- This site is optimized with the Yoast SEO plugin v27.4 - https:\/\/yoast.com\/product\/yoast-seo-wordpress\/ -->\n<title>Pour une acc\u00e9l\u00e9ration du num\u00e9rique d\u2019int\u00e9r\u00eat g\u00e9n\u00e9ral en Europe - SOGA<\/title>\n<meta name=\"description\" content=\"Pour une acc\u00e9l\u00e9ration du num\u00e9rique d\u2019int\u00e9r\u00eat g\u00e9n\u00e9ral en Europe - Changer d\u2019\u00e9chelle pour faire du num\u00e9rique un levier d\u2019int\u00e9r\u00eat g\u00e9n\u00e9ral\" \/>\n<meta name=\"robots\" content=\"index, follow, max-snippet:-1, max-image-preview:large, max-video-preview:-1\" \/>\n<link rel=\"canonical\" href=\"https:\/\/socialgoodaccelerator.eu\/en_gb\/2022\/11\/03\/pour-une-acceleration-du-numerique-dinteret-general-en-europe\/\" \/>\n<meta property=\"og:locale\" content=\"en_GB\" \/>\n<meta property=\"og:type\" content=\"article\" \/>\n<meta property=\"og:title\" content=\"Pour une acc\u00e9l\u00e9ration du num\u00e9rique d\u2019int\u00e9r\u00eat g\u00e9n\u00e9ral en Europe - SOGA\" \/>\n<meta property=\"og:description\" content=\"Pour une acc\u00e9l\u00e9ration du num\u00e9rique d\u2019int\u00e9r\u00eat g\u00e9n\u00e9ral en Europe - Changer d\u2019\u00e9chelle pour faire du num\u00e9rique un levier d\u2019int\u00e9r\u00eat g\u00e9n\u00e9ral\" \/>\n<meta property=\"og:url\" content=\"https:\/\/socialgoodaccelerator.eu\/en_gb\/2022\/11\/03\/pour-une-acceleration-du-numerique-dinteret-general-en-europe\/\" \/>\n<meta property=\"og:site_name\" content=\"SOGA\" \/>\n<meta property=\"article:publisher\" content=\"https:\/\/www.facebook.com\/SocialGoodAccel.EU\/\" \/>\n<meta property=\"article:published_time\" content=\"2022-11-03T09:56:53+00:00\" \/>\n<meta property=\"article:modified_time\" content=\"2026-03-04T10:14:55+00:00\" \/>\n<meta property=\"og:image\" content=\"http:\/\/socialgoodaccelerator.eu\/wp-content\/uploads\/2025\/05\/40.jpg\" \/>\n\t<meta property=\"og:image:width\" content=\"1920\" \/>\n\t<meta property=\"og:image:height\" content=\"1080\" \/>\n\t<meta property=\"og:image:type\" content=\"image\/jpeg\" \/>\n<meta name=\"author\" content=\"sogaccelerator\" \/>\n<meta name=\"twitter:card\" content=\"summary_large_image\" \/>\n<meta name=\"twitter:label1\" content=\"Written by\" \/>\n\t<meta name=\"twitter:data1\" content=\"sogaccelerator\" \/>\n\t<meta name=\"twitter:label2\" content=\"Estimated reading time\" \/>\n\t<meta name=\"twitter:data2\" content=\"2 minutes\" \/>\n<script type=\"application\/ld+json\" class=\"yoast-schema-graph\">{\"@context\":\"https:\\\/\\\/schema.org\",\"@graph\":[{\"@type\":\"Article\",\"@id\":\"https:\\\/\\\/socialgoodaccelerator.eu\\\/2022\\\/11\\\/03\\\/pour-une-acceleration-du-numerique-dinteret-general-en-europe\\\/#article\",\"isPartOf\":{\"@id\":\"https:\\\/\\\/socialgoodaccelerator.eu\\\/2022\\\/11\\\/03\\\/pour-une-acceleration-du-numerique-dinteret-general-en-europe\\\/\"},\"author\":{\"name\":\"sogaccelerator\",\"@id\":\"https:\\\/\\\/socialgoodaccelerator.eu\\\/#\\\/schema\\\/person\\\/0320622db91fd4a2ddef724cbdee0c3e\"},\"headline\":\"Pour une acc\u00e9l\u00e9ration du num\u00e9rique d\u2019int\u00e9r\u00eat g\u00e9n\u00e9ral en Europe\",\"datePublished\":\"2022-11-03T09:56:53+00:00\",\"dateModified\":\"2026-03-04T10:14:55+00:00\",\"mainEntityOfPage\":{\"@id\":\"https:\\\/\\\/socialgoodaccelerator.eu\\\/2022\\\/11\\\/03\\\/pour-une-acceleration-du-numerique-dinteret-general-en-europe\\\/\"},\"wordCount\":760,\"publisher\":{\"@id\":\"https:\\\/\\\/socialgoodaccelerator.eu\\\/#organization\"},\"image\":{\"@id\":\"https:\\\/\\\/socialgoodaccelerator.eu\\\/2022\\\/11\\\/03\\\/pour-une-acceleration-du-numerique-dinteret-general-en-europe\\\/#primaryimage\"},\"thumbnailUrl\":\"https:\\\/\\\/i0.wp.com\\\/socialgoodaccelerator.eu\\\/wp-content\\\/uploads\\\/2025\\\/05\\\/40.jpg?fit=1920%2C1080&ssl=1\",\"keywords\":[\"Usbek &amp; Rica\"],\"articleSection\":[\"Tribunes &amp; m\u00e9dias\"],\"inLanguage\":\"en-GB\"},{\"@type\":\"WebPage\",\"@id\":\"https:\\\/\\\/socialgoodaccelerator.eu\\\/2022\\\/11\\\/03\\\/pour-une-acceleration-du-numerique-dinteret-general-en-europe\\\/\",\"url\":\"https:\\\/\\\/socialgoodaccelerator.eu\\\/2022\\\/11\\\/03\\\/pour-une-acceleration-du-numerique-dinteret-general-en-europe\\\/\",\"name\":\"Pour une acc\u00e9l\u00e9ration du num\u00e9rique d\u2019int\u00e9r\u00eat g\u00e9n\u00e9ral en Europe - SOGA\",\"isPartOf\":{\"@id\":\"https:\\\/\\\/socialgoodaccelerator.eu\\\/#website\"},\"primaryImageOfPage\":{\"@id\":\"https:\\\/\\\/socialgoodaccelerator.eu\\\/2022\\\/11\\\/03\\\/pour-une-acceleration-du-numerique-dinteret-general-en-europe\\\/#primaryimage\"},\"image\":{\"@id\":\"https:\\\/\\\/socialgoodaccelerator.eu\\\/2022\\\/11\\\/03\\\/pour-une-acceleration-du-numerique-dinteret-general-en-europe\\\/#primaryimage\"},\"thumbnailUrl\":\"https:\\\/\\\/i0.wp.com\\\/socialgoodaccelerator.eu\\\/wp-content\\\/uploads\\\/2025\\\/05\\\/40.jpg?fit=1920%2C1080&ssl=1\",\"datePublished\":\"2022-11-03T09:56:53+00:00\",\"dateModified\":\"2026-03-04T10:14:55+00:00\",\"description\":\"Pour une acc\u00e9l\u00e9ration du num\u00e9rique d\u2019int\u00e9r\u00eat g\u00e9n\u00e9ral en Europe - Changer d\u2019\u00e9chelle pour faire du num\u00e9rique un levier d\u2019int\u00e9r\u00eat g\u00e9n\u00e9ral\",\"breadcrumb\":{\"@id\":\"https:\\\/\\\/socialgoodaccelerator.eu\\\/2022\\\/11\\\/03\\\/pour-une-acceleration-du-numerique-dinteret-general-en-europe\\\/#breadcrumb\"},\"inLanguage\":\"en-GB\",\"potentialAction\":[{\"@type\":\"ReadAction\",\"target\":[\"https:\\\/\\\/socialgoodaccelerator.eu\\\/2022\\\/11\\\/03\\\/pour-une-acceleration-du-numerique-dinteret-general-en-europe\\\/\"]}]},{\"@type\":\"ImageObject\",\"inLanguage\":\"en-GB\",\"@id\":\"https:\\\/\\\/socialgoodaccelerator.eu\\\/2022\\\/11\\\/03\\\/pour-une-acceleration-du-numerique-dinteret-general-en-europe\\\/#primaryimage\",\"url\":\"https:\\\/\\\/i0.wp.com\\\/socialgoodaccelerator.eu\\\/wp-content\\\/uploads\\\/2025\\\/05\\\/40.jpg?fit=1920%2C1080&ssl=1\",\"contentUrl\":\"https:\\\/\\\/i0.wp.com\\\/socialgoodaccelerator.eu\\\/wp-content\\\/uploads\\\/2025\\\/05\\\/40.jpg?fit=1920%2C1080&ssl=1\",\"width\":1920,\"height\":1080,\"caption\":\"Carte europ\u00e9enne\"},{\"@type\":\"BreadcrumbList\",\"@id\":\"https:\\\/\\\/socialgoodaccelerator.eu\\\/2022\\\/11\\\/03\\\/pour-une-acceleration-du-numerique-dinteret-general-en-europe\\\/#breadcrumb\",\"itemListElement\":[{\"@type\":\"ListItem\",\"position\":1,\"name\":\"Accueil\",\"item\":\"https:\\\/\\\/socialgoodaccelerator.eu\\\/\"},{\"@type\":\"ListItem\",\"position\":2,\"name\":\"Pour une acc\u00e9l\u00e9ration du num\u00e9rique d\u2019int\u00e9r\u00eat g\u00e9n\u00e9ral en Europe\"}]},{\"@type\":\"WebSite\",\"@id\":\"https:\\\/\\\/socialgoodaccelerator.eu\\\/#website\",\"url\":\"https:\\\/\\\/socialgoodaccelerator.eu\\\/\",\"name\":\"Social Good Accelerator\",\"description\":\"Acc\u00e9l\u00e9rer l&#039;ESS num\u00e9rique\",\"publisher\":{\"@id\":\"https:\\\/\\\/socialgoodaccelerator.eu\\\/#organization\"},\"alternateName\":\"SOGA\",\"potentialAction\":[{\"@type\":\"SearchAction\",\"target\":{\"@type\":\"EntryPoint\",\"urlTemplate\":\"https:\\\/\\\/socialgoodaccelerator.eu\\\/?s={search_term_string}\"},\"query-input\":{\"@type\":\"PropertyValueSpecification\",\"valueRequired\":true,\"valueName\":\"search_term_string\"}}],\"inLanguage\":\"en-GB\"},{\"@type\":\"Organization\",\"@id\":\"https:\\\/\\\/socialgoodaccelerator.eu\\\/#organization\",\"name\":\"Social Good Accelerator\",\"alternateName\":\"SOGA\",\"url\":\"https:\\\/\\\/socialgoodaccelerator.eu\\\/\",\"logo\":{\"@type\":\"ImageObject\",\"inLanguage\":\"en-GB\",\"@id\":\"https:\\\/\\\/socialgoodaccelerator.eu\\\/#\\\/schema\\\/logo\\\/image\\\/\",\"url\":\"https:\\\/\\\/i0.wp.com\\\/socialgoodaccelerator.eu\\\/wp-content\\\/uploads\\\/2023\\\/10\\\/cropped-LOGO-SOGA-V-FR.png?fit=512%2C512&ssl=1\",\"contentUrl\":\"https:\\\/\\\/i0.wp.com\\\/socialgoodaccelerator.eu\\\/wp-content\\\/uploads\\\/2023\\\/10\\\/cropped-LOGO-SOGA-V-FR.png?fit=512%2C512&ssl=1\",\"width\":512,\"height\":512,\"caption\":\"Social Good Accelerator\"},\"image\":{\"@id\":\"https:\\\/\\\/socialgoodaccelerator.eu\\\/#\\\/schema\\\/logo\\\/image\\\/\"},\"sameAs\":[\"https:\\\/\\\/www.facebook.com\\\/SocialGoodAccel.EU\\\/\",\"https:\\\/\\\/www.youtube.com\\\/@socialgoodaccelerator772\",\"https:\\\/\\\/www.youtube.com\\\/@SocialTechAcademy-eg6hp\"]},{\"@type\":\"Person\",\"@id\":\"https:\\\/\\\/socialgoodaccelerator.eu\\\/#\\\/schema\\\/person\\\/0320622db91fd4a2ddef724cbdee0c3e\",\"name\":\"sogaccelerator\",\"image\":{\"@type\":\"ImageObject\",\"inLanguage\":\"en-GB\",\"@id\":\"https:\\\/\\\/secure.gravatar.com\\\/avatar\\\/99aef05386587650bb056a1275ce2e339bfe398930f37eb7262163da89aad453?s=96&d=mm&r=g\",\"url\":\"https:\\\/\\\/secure.gravatar.com\\\/avatar\\\/99aef05386587650bb056a1275ce2e339bfe398930f37eb7262163da89aad453?s=96&d=mm&r=g\",\"contentUrl\":\"https:\\\/\\\/secure.gravatar.com\\\/avatar\\\/99aef05386587650bb056a1275ce2e339bfe398930f37eb7262163da89aad453?s=96&d=mm&r=g\",\"caption\":\"sogaccelerator\"}}]}<\/script>\n<!-- \/ Yoast SEO plugin. -->",
    "yoast_head_json": {
        "title": "Pour une acc\u00e9l\u00e9ration du num\u00e9rique d\u2019int\u00e9r\u00eat g\u00e9n\u00e9ral en Europe - SOGA",
        "description": "Pour une acc\u00e9l\u00e9ration du num\u00e9rique d\u2019int\u00e9r\u00eat g\u00e9n\u00e9ral en Europe - Changer d\u2019\u00e9chelle pour faire du num\u00e9rique un levier d\u2019int\u00e9r\u00eat g\u00e9n\u00e9ral",
        "robots": {
            "index": "index",
            "follow": "follow",
            "max-snippet": "max-snippet:-1",
            "max-image-preview": "max-image-preview:large",
            "max-video-preview": "max-video-preview:-1"
        },
        "canonical": "https:\/\/socialgoodaccelerator.eu\/en_gb\/2022\/11\/03\/pour-une-acceleration-du-numerique-dinteret-general-en-europe\/",
        "og_locale": "en_GB",
        "og_type": "article",
        "og_title": "Pour une acc\u00e9l\u00e9ration du num\u00e9rique d\u2019int\u00e9r\u00eat g\u00e9n\u00e9ral en Europe - SOGA",
        "og_description": "Pour une acc\u00e9l\u00e9ration du num\u00e9rique d\u2019int\u00e9r\u00eat g\u00e9n\u00e9ral en Europe - Changer d\u2019\u00e9chelle pour faire du num\u00e9rique un levier d\u2019int\u00e9r\u00eat g\u00e9n\u00e9ral",
        "og_url": "https:\/\/socialgoodaccelerator.eu\/en_gb\/2022\/11\/03\/pour-une-acceleration-du-numerique-dinteret-general-en-europe\/",
        "og_site_name": "SOGA",
        "article_publisher": "https:\/\/www.facebook.com\/SocialGoodAccel.EU\/",
        "article_published_time": "2022-11-03T09:56:53+00:00",
        "article_modified_time": "2026-03-04T10:14:55+00:00",
        "og_image": [
            {
                "width": 1920,
                "height": 1080,
                "url": "http:\/\/socialgoodaccelerator.eu\/wp-content\/uploads\/2025\/05\/40.jpg",
                "type": "image\/jpeg"
            }
        ],
        "author": "sogaccelerator",
        "twitter_card": "summary_large_image",
        "twitter_misc": {
            "Written by": "sogaccelerator",
            "Estimated reading time": "2 minutes"
        },
        "schema": {
            "@context": "https:\/\/schema.org",
            "@graph": [
                {
                    "@type": "Article",
                    "@id": "https:\/\/socialgoodaccelerator.eu\/2022\/11\/03\/pour-une-acceleration-du-numerique-dinteret-general-en-europe\/#article",
                    "isPartOf": {
                        "@id": "https:\/\/socialgoodaccelerator.eu\/2022\/11\/03\/pour-une-acceleration-du-numerique-dinteret-general-en-europe\/"
                    },
                    "author": {
                        "name": "sogaccelerator",
                        "@id": "https:\/\/socialgoodaccelerator.eu\/#\/schema\/person\/0320622db91fd4a2ddef724cbdee0c3e"
                    },
                    "headline": "Pour une acc\u00e9l\u00e9ration du num\u00e9rique d\u2019int\u00e9r\u00eat g\u00e9n\u00e9ral en Europe",
                    "datePublished": "2022-11-03T09:56:53+00:00",
                    "dateModified": "2026-03-04T10:14:55+00:00",
                    "mainEntityOfPage": {
                        "@id": "https:\/\/socialgoodaccelerator.eu\/2022\/11\/03\/pour-une-acceleration-du-numerique-dinteret-general-en-europe\/"
                    },
                    "wordCount": 760,
                    "publisher": {
                        "@id": "https:\/\/socialgoodaccelerator.eu\/#organization"
                    },
                    "image": {
                        "@id": "https:\/\/socialgoodaccelerator.eu\/2022\/11\/03\/pour-une-acceleration-du-numerique-dinteret-general-en-europe\/#primaryimage"
                    },
                    "thumbnailUrl": "https:\/\/i0.wp.com\/socialgoodaccelerator.eu\/wp-content\/uploads\/2025\/05\/40.jpg?fit=1920%2C1080&ssl=1",
                    "keywords": [
                        "Usbek &amp; Rica"
                    ],
                    "articleSection": [
                        "Tribunes &amp; m\u00e9dias"
                    ],
                    "inLanguage": "en-GB"
                },
                {
                    "@type": "WebPage",
                    "@id": "https:\/\/socialgoodaccelerator.eu\/2022\/11\/03\/pour-une-acceleration-du-numerique-dinteret-general-en-europe\/",
                    "url": "https:\/\/socialgoodaccelerator.eu\/2022\/11\/03\/pour-une-acceleration-du-numerique-dinteret-general-en-europe\/",
                    "name": "Pour une acc\u00e9l\u00e9ration du num\u00e9rique d\u2019int\u00e9r\u00eat g\u00e9n\u00e9ral en Europe - SOGA",
                    "isPartOf": {
                        "@id": "https:\/\/socialgoodaccelerator.eu\/#website"
                    },
                    "primaryImageOfPage": {
                        "@id": "https:\/\/socialgoodaccelerator.eu\/2022\/11\/03\/pour-une-acceleration-du-numerique-dinteret-general-en-europe\/#primaryimage"
                    },
                    "image": {
                        "@id": "https:\/\/socialgoodaccelerator.eu\/2022\/11\/03\/pour-une-acceleration-du-numerique-dinteret-general-en-europe\/#primaryimage"
                    },
                    "thumbnailUrl": "https:\/\/i0.wp.com\/socialgoodaccelerator.eu\/wp-content\/uploads\/2025\/05\/40.jpg?fit=1920%2C1080&ssl=1",
                    "datePublished": "2022-11-03T09:56:53+00:00",
                    "dateModified": "2026-03-04T10:14:55+00:00",
                    "description": "Pour une acc\u00e9l\u00e9ration du num\u00e9rique d\u2019int\u00e9r\u00eat g\u00e9n\u00e9ral en Europe - Changer d\u2019\u00e9chelle pour faire du num\u00e9rique un levier d\u2019int\u00e9r\u00eat g\u00e9n\u00e9ral",
                    "breadcrumb": {
                        "@id": "https:\/\/socialgoodaccelerator.eu\/2022\/11\/03\/pour-une-acceleration-du-numerique-dinteret-general-en-europe\/#breadcrumb"
                    },
                    "inLanguage": "en-GB",
                    "potentialAction": [
                        {
                            "@type": "ReadAction",
                            "target": [
                                "https:\/\/socialgoodaccelerator.eu\/2022\/11\/03\/pour-une-acceleration-du-numerique-dinteret-general-en-europe\/"
                            ]
                        }
                    ]
                },
                {
                    "@type": "ImageObject",
                    "inLanguage": "en-GB",
                    "@id": "https:\/\/socialgoodaccelerator.eu\/2022\/11\/03\/pour-une-acceleration-du-numerique-dinteret-general-en-europe\/#primaryimage",
                    "url": "https:\/\/i0.wp.com\/socialgoodaccelerator.eu\/wp-content\/uploads\/2025\/05\/40.jpg?fit=1920%2C1080&ssl=1",
                    "contentUrl": "https:\/\/i0.wp.com\/socialgoodaccelerator.eu\/wp-content\/uploads\/2025\/05\/40.jpg?fit=1920%2C1080&ssl=1",
                    "width": 1920,
                    "height": 1080,
                    "caption": "Carte europ\u00e9enne"
                },
                {
                    "@type": "BreadcrumbList",
                    "@id": "https:\/\/socialgoodaccelerator.eu\/2022\/11\/03\/pour-une-acceleration-du-numerique-dinteret-general-en-europe\/#breadcrumb",
                    "itemListElement": [
                        {
                            "@type": "ListItem",
                            "position": 1,
                            "name": "Accueil",
                            "item": "https:\/\/socialgoodaccelerator.eu\/"
                        },
                        {
                            "@type": "ListItem",
                            "position": 2,
                            "name": "Pour une acc\u00e9l\u00e9ration du num\u00e9rique d\u2019int\u00e9r\u00eat g\u00e9n\u00e9ral en Europe"
                        }
                    ]
                },
                {
                    "@type": "WebSite",
                    "@id": "https:\/\/socialgoodaccelerator.eu\/#website",
                    "url": "https:\/\/socialgoodaccelerator.eu\/",
                    "name": "Social Good Accelerator",
                    "description": "Acc\u00e9l\u00e9rer l&#039;ESS num\u00e9rique",
                    "publisher": {
                        "@id": "https:\/\/socialgoodaccelerator.eu\/#organization"
                    },
                    "alternateName": "SOGA",
                    "potentialAction": [
                        {
                            "@type": "SearchAction",
                            "target": {
                                "@type": "EntryPoint",
                                "urlTemplate": "https:\/\/socialgoodaccelerator.eu\/?s={search_term_string}"
                            },
                            "query-input": {
                                "@type": "PropertyValueSpecification",
                                "valueRequired": true,
                                "valueName": "search_term_string"
                            }
                        }
                    ],
                    "inLanguage": "en-GB"
                },
                {
                    "@type": "Organization",
                    "@id": "https:\/\/socialgoodaccelerator.eu\/#organization",
                    "name": "Social Good Accelerator",
                    "alternateName": "SOGA",
                    "url": "https:\/\/socialgoodaccelerator.eu\/",
                    "logo": {
                        "@type": "ImageObject",
                        "inLanguage": "en-GB",
                        "@id": "https:\/\/socialgoodaccelerator.eu\/#\/schema\/logo\/image\/",
                        "url": "https:\/\/i0.wp.com\/socialgoodaccelerator.eu\/wp-content\/uploads\/2023\/10\/cropped-LOGO-SOGA-V-FR.png?fit=512%2C512&ssl=1",
                        "contentUrl": "https:\/\/i0.wp.com\/socialgoodaccelerator.eu\/wp-content\/uploads\/2023\/10\/cropped-LOGO-SOGA-V-FR.png?fit=512%2C512&ssl=1",
                        "width": 512,
                        "height": 512,
                        "caption": "Social Good Accelerator"
                    },
                    "image": {
                        "@id": "https:\/\/socialgoodaccelerator.eu\/#\/schema\/logo\/image\/"
                    },
                    "sameAs": [
                        "https:\/\/www.facebook.com\/SocialGoodAccel.EU\/",
                        "https:\/\/www.youtube.com\/@socialgoodaccelerator772",
                        "https:\/\/www.youtube.com\/@SocialTechAcademy-eg6hp"
                    ]
                },
                {
                    "@type": "Person",
                    "@id": "https:\/\/socialgoodaccelerator.eu\/#\/schema\/person\/0320622db91fd4a2ddef724cbdee0c3e",
                    "name": "sogaccelerator",
                    "image": {
                        "@type": "ImageObject",
                        "inLanguage": "en-GB",
                        "@id": "https:\/\/secure.gravatar.com\/avatar\/99aef05386587650bb056a1275ce2e339bfe398930f37eb7262163da89aad453?s=96&d=mm&r=g",
                        "url": "https:\/\/secure.gravatar.com\/avatar\/99aef05386587650bb056a1275ce2e339bfe398930f37eb7262163da89aad453?s=96&d=mm&r=g",
                        "contentUrl": "https:\/\/secure.gravatar.com\/avatar\/99aef05386587650bb056a1275ce2e339bfe398930f37eb7262163da89aad453?s=96&d=mm&r=g",
                        "caption": "sogaccelerator"
                    }
                }
            ]
        }
    },
    "jetpack_featured_media_url": "https:\/\/i0.wp.com\/socialgoodaccelerator.eu\/wp-content\/uploads\/2025\/05\/40.jpg?fit=1920%2C1080&ssl=1",
    "jetpack_likes_enabled": true,
    "jetpack-related-posts": [
        {
            "id": 57863,
            "url": "https:\/\/socialgoodaccelerator.eu\/en_gb\/2026\/04\/23\/lasuite-coop\/",
            "url_meta": {
                "origin": 56998,
                "position": 0
            },
            "title": "LaSuite.coop : l\u2019alternative num\u00e9rique coop\u00e9rative, libre et h\u00e9berg\u00e9e en Europe dont l\u2019ESS avait besoin",
            "author": "sogaccelerator",
            "date": "23 April 2026",
            "format": "gallery",
            "excerpt": "Abstract :\u00a0Chaque ann\u00e9e, 70 milliards d\u2019euros quittent la France en direction des \u00c9tats-Unis pour financer nos seuls usages num\u00e9riques. Derri\u00e8re\u2026",
            "rel": "",
            "context": "In &quot;Actualit\u00e9s de SOGA&quot;",
            "block_context": {
                "text": "Actualit\u00e9s de SOGA",
                "link": "https:\/\/socialgoodaccelerator.eu\/en_gb\/category\/actualites-de-soga\/"
            },
            "img": {
                "alt_text": "LaSuite.coop",
                "src": "https:\/\/i0.wp.com\/socialgoodaccelerator.eu\/wp-content\/uploads\/2026\/04\/Design-sans-titre-2-1-1.png?fit=1200%2C627&ssl=1&resize=350%2C200",
                "width": 350,
                "height": 200,
                "srcset": "https:\/\/i0.wp.com\/socialgoodaccelerator.eu\/wp-content\/uploads\/2026\/04\/Design-sans-titre-2-1-1.png?fit=1200%2C627&ssl=1&resize=350%2C200 1x, https:\/\/i0.wp.com\/socialgoodaccelerator.eu\/wp-content\/uploads\/2026\/04\/Design-sans-titre-2-1-1.png?fit=1200%2C627&ssl=1&resize=525%2C300 1.5x, https:\/\/i0.wp.com\/socialgoodaccelerator.eu\/wp-content\/uploads\/2026\/04\/Design-sans-titre-2-1-1.png?fit=1200%2C627&ssl=1&resize=700%2C400 2x, https:\/\/i0.wp.com\/socialgoodaccelerator.eu\/wp-content\/uploads\/2026\/04\/Design-sans-titre-2-1-1.png?fit=1200%2C627&ssl=1&resize=1050%2C600 3x"
            },
            "classes": []
        },
        {
            "id": 50484,
            "url": "https:\/\/socialgoodaccelerator.eu\/en_gb\/2022\/03\/25\/la-mednum-a-singular-structure-for-digital-inclusion\/",
            "url_meta": {
                "origin": 56998,
                "position": 1
            },
            "title": "La MedNum, &#8220;a singular structure&#8221; for digital inclusion",
            "author": "sogaccelerator",
            "date": "25 March 2022",
            "format": false,
            "excerpt": "On 15 March 2022, Guilhem Pradali\u00e9, Managing Director of the MedNum, member of the Social Good Accelerator, gave us an interview in which he explained what the MedNum is, what its projects and challenges are, and its role within the SOGA.",
            "rel": "",
            "context": "In &quot;Communs &amp; plaidoyer&quot;",
            "block_context": {
                "text": "Communs &amp; plaidoyer",
                "link": "https:\/\/socialgoodaccelerator.eu\/en_gb\/category\/communs-et-plaidoyer\/"
            },
            "img": {
                "alt_text": "",
                "src": "https:\/\/i0.wp.com\/socialgoodaccelerator.eu\/wp-content\/uploads\/2022\/03\/Capture-de%CC%81cran-2022-04-20-a%CC%80-11.38.38.png?fit=495%2C361&ssl=1&resize=350%2C200",
                "width": 350,
                "height": 200
            },
            "classes": []
        },
        {
            "id": 53114,
            "url": "https:\/\/socialgoodaccelerator.eu\/en_gb\/2023\/07\/07\/rapport-activite-2022\/",
            "url_meta": {
                "origin": 56998,
                "position": 2
            },
            "title": "Rapport d&#8217;activit\u00e9 2022",
            "author": "sogaccelerator",
            "date": "7 July 2023",
            "format": false,
            "excerpt": "Dive into our 2022 activity report to discover our achievements in accelerating the digital transition of social economy organisations and building a social and inclusive digital model on a European scale.",
            "rel": "",
            "context": "In &quot;Rapport d'activit\u00e9&quot;",
            "block_context": {
                "text": "Rapport d'activit\u00e9",
                "link": "https:\/\/socialgoodaccelerator.eu\/en_gb\/category\/rapport-d-activite\/"
            },
            "img": {
                "alt_text": "Rapport d'activit\u00e9 2022",
                "src": "https:\/\/i0.wp.com\/socialgoodaccelerator.eu\/wp-content\/uploads\/2025\/08\/Titre-2.png?fit=1200%2C675&ssl=1&resize=350%2C200",
                "width": 350,
                "height": 200,
                "srcset": "https:\/\/i0.wp.com\/socialgoodaccelerator.eu\/wp-content\/uploads\/2025\/08\/Titre-2.png?fit=1200%2C675&ssl=1&resize=350%2C200 1x, https:\/\/i0.wp.com\/socialgoodaccelerator.eu\/wp-content\/uploads\/2025\/08\/Titre-2.png?fit=1200%2C675&ssl=1&resize=525%2C300 1.5x, https:\/\/i0.wp.com\/socialgoodaccelerator.eu\/wp-content\/uploads\/2025\/08\/Titre-2.png?fit=1200%2C675&ssl=1&resize=700%2C400 2x, https:\/\/i0.wp.com\/socialgoodaccelerator.eu\/wp-content\/uploads\/2025\/08\/Titre-2.png?fit=1200%2C675&ssl=1&resize=1050%2C600 3x"
            },
            "classes": []
        },
        {
            "id": 50394,
            "url": "https:\/\/socialgoodaccelerator.eu\/en_gb\/2022\/03\/10\/open-letter\/",
            "url_meta": {
                "origin": 56998,
                "position": 3
            },
            "title": "Open letter: the necessary digital transition of the social economy",
            "author": "sogaccelerator",
            "date": "10 March 2022",
            "format": false,
            "excerpt": "In February 2021, the Social Good Accelerator and its 70 members maintained its vision in its open letter. A better world can only be made with the full support of social economy, which also has to be digitalised.",
            "rel": "",
            "context": "In &quot;Notes de position&quot;",
            "block_context": {
                "text": "Notes de position",
                "link": "https:\/\/socialgoodaccelerator.eu\/en_gb\/category\/notes-de-position\/"
            },
            "img": {
                "alt_text": "SOGA team flags Lisbon",
                "src": "https:\/\/i0.wp.com\/socialgoodaccelerator.eu\/wp-content\/uploads\/2018\/03\/flags.jpg?fit=1200%2C900&ssl=1&resize=350%2C200",
                "width": 350,
                "height": 200,
                "srcset": "https:\/\/i0.wp.com\/socialgoodaccelerator.eu\/wp-content\/uploads\/2018\/03\/flags.jpg?fit=1200%2C900&ssl=1&resize=350%2C200 1x, https:\/\/i0.wp.com\/socialgoodaccelerator.eu\/wp-content\/uploads\/2018\/03\/flags.jpg?fit=1200%2C900&ssl=1&resize=525%2C300 1.5x, https:\/\/i0.wp.com\/socialgoodaccelerator.eu\/wp-content\/uploads\/2018\/03\/flags.jpg?fit=1200%2C900&ssl=1&resize=700%2C400 2x, https:\/\/i0.wp.com\/socialgoodaccelerator.eu\/wp-content\/uploads\/2018\/03\/flags.jpg?fit=1200%2C900&ssl=1&resize=1050%2C600 3x"
            },
            "classes": []
        },
        {
            "id": 51087,
            "url": "https:\/\/socialgoodaccelerator.eu\/en_gb\/2022\/07\/07\/rapport-activite-2021\/",
            "url_meta": {
                "origin": 56998,
                "position": 4
            },
            "title": "Rapport d&#8217;activit\u00e9 2021",
            "author": "sogaccelerator",
            "date": "7 July 2022",
            "format": false,
            "excerpt": "Discover all the actions accomplished by the Social good Accelerator in 2021 and its perspectives for 2022 in this SOGA activity report.",
            "rel": "",
            "context": "In &quot;Rapport d'activit\u00e9&quot;",
            "block_context": {
                "text": "Rapport d'activit\u00e9",
                "link": "https:\/\/socialgoodaccelerator.eu\/en_gb\/category\/rapport-d-activite\/"
            },
            "img": {
                "alt_text": "Rapport d'activit\u00e9 2021",
                "src": "https:\/\/i0.wp.com\/socialgoodaccelerator.eu\/wp-content\/uploads\/2025\/08\/Titre-3.png?fit=1200%2C675&ssl=1&resize=350%2C200",
                "width": 350,
                "height": 200,
                "srcset": "https:\/\/i0.wp.com\/socialgoodaccelerator.eu\/wp-content\/uploads\/2025\/08\/Titre-3.png?fit=1200%2C675&ssl=1&resize=350%2C200 1x, https:\/\/i0.wp.com\/socialgoodaccelerator.eu\/wp-content\/uploads\/2025\/08\/Titre-3.png?fit=1200%2C675&ssl=1&resize=525%2C300 1.5x, https:\/\/i0.wp.com\/socialgoodaccelerator.eu\/wp-content\/uploads\/2025\/08\/Titre-3.png?fit=1200%2C675&ssl=1&resize=700%2C400 2x, https:\/\/i0.wp.com\/socialgoodaccelerator.eu\/wp-content\/uploads\/2025\/08\/Titre-3.png?fit=1200%2C675&ssl=1&resize=1050%2C600 3x"
            },
            "classes": []
        },
        {
            "id": 50330,
            "url": "https:\/\/socialgoodaccelerator.eu\/en_gb\/2022\/01\/31\/the-social-good-accelerator-joins-the-pact-for-skills\/",
            "url_meta": {
                "origin": 56998,
                "position": 5
            },
            "title": "The Social Good Accelerator joins the Pact for Skills!",
            "author": "sogaccelerator",
            "date": "31 January 2022",
            "format": false,
            "excerpt": "At the end of 2020, European Commissioners Breton and Schmit made public the core of the EU's skills strategy, the Pact for Skills. They called on all European organisations involved in the upskilling of individuals to meet the EU's skills needs.",
            "rel": "",
            "context": "In &quot;Actualit\u00e9s de SOGA&quot;",
            "block_context": {
                "text": "Actualit\u00e9s de SOGA",
                "link": "https:\/\/socialgoodaccelerator.eu\/en_gb\/category\/actualites-de-soga\/"
            },
            "img": {
                "alt_text": "Pact for Skills",
                "src": "https:\/\/i0.wp.com\/socialgoodaccelerator.eu\/wp-content\/uploads\/2022\/01\/Screenshot-2020-02-18-10.45.45.png?fit=1023%2C572&ssl=1&resize=350%2C200",
                "width": 350,
                "height": 200,
                "srcset": "https:\/\/i0.wp.com\/socialgoodaccelerator.eu\/wp-content\/uploads\/2022\/01\/Screenshot-2020-02-18-10.45.45.png?fit=1023%2C572&ssl=1&resize=350%2C200 1x, https:\/\/i0.wp.com\/socialgoodaccelerator.eu\/wp-content\/uploads\/2022\/01\/Screenshot-2020-02-18-10.45.45.png?fit=1023%2C572&ssl=1&resize=525%2C300 1.5x, https:\/\/i0.wp.com\/socialgoodaccelerator.eu\/wp-content\/uploads\/2022\/01\/Screenshot-2020-02-18-10.45.45.png?fit=1023%2C572&ssl=1&resize=700%2C400 2x"
            },
            "classes": []
        }
    ],
    "jetpack_sharing_enabled": true,
    "jetpack_shortlink": "https:\/\/wp.me\/p9J6Qk-ePk",
    "_links": {
        "self": [
            {
                "href": "https:\/\/socialgoodaccelerator.eu\/en_gb\/wp-json\/wp\/v2\/posts\/56998",
                "targetHints": {
                    "allow": [
                        "GET"
                    ]
                }
            }
        ],
        "collection": [
            {
                "href": "https:\/\/socialgoodaccelerator.eu\/en_gb\/wp-json\/wp\/v2\/posts"
            }
        ],
        "about": [
            {
                "href": "https:\/\/socialgoodaccelerator.eu\/en_gb\/wp-json\/wp\/v2\/types\/post"
            }
        ],
        "author": [
            {
                "embeddable": true,
                "href": "https:\/\/socialgoodaccelerator.eu\/en_gb\/wp-json\/wp\/v2\/users\/1"
            }
        ],
        "replies": [
            {
                "embeddable": true,
                "href": "https:\/\/socialgoodaccelerator.eu\/en_gb\/wp-json\/wp\/v2\/comments?post=56998"
            }
        ],
        "version-history": [
            {
                "count": 5,
                "href": "https:\/\/socialgoodaccelerator.eu\/en_gb\/wp-json\/wp\/v2\/posts\/56998\/revisions"
            }
        ],
        "predecessor-version": [
            {
                "id": 57034,
                "href": "https:\/\/socialgoodaccelerator.eu\/en_gb\/wp-json\/wp\/v2\/posts\/56998\/revisions\/57034"
            }
        ],
        "wp:featuredmedia": [
            {
                "embeddable": true,
                "href": "https:\/\/socialgoodaccelerator.eu\/en_gb\/wp-json\/wp\/v2\/media\/54171"
            }
        ],
        "wp:attachment": [
            {
                "href": "https:\/\/socialgoodaccelerator.eu\/en_gb\/wp-json\/wp\/v2\/media?parent=56998"
            }
        ],
        "wp:term": [
            {
                "taxonomy": "category",
                "embeddable": true,
                "href": "https:\/\/socialgoodaccelerator.eu\/en_gb\/wp-json\/wp\/v2\/categories?post=56998"
            },
            {
                "taxonomy": "post_tag",
                "embeddable": true,
                "href": "https:\/\/socialgoodaccelerator.eu\/en_gb\/wp-json\/wp\/v2\/tags?post=56998"
            }
        ],
        "curies": [
            {
                "name": "wp",
                "href": "https:\/\/api.w.org\/{rel}",
                "templated": true
            }
        ]
    }
}