{
    "id": 56971,
    "date": "2025-11-26T10:22:45",
    "date_gmt": "2025-11-26T09:22:45",
    "guid": {
        "rendered": "https:\/\/socialgoodaccelerator.eu\/?p=56971"
    },
    "modified": "2026-03-04T11:09:34",
    "modified_gmt": "2026-03-04T10:09:34",
    "slug": "intelligence-artificielle-ou-cooperative",
    "status": "publish",
    "type": "post",
    "link": "https:\/\/socialgoodaccelerator.eu\/en_gb\/2025\/11\/26\/intelligence-artificielle-ou-cooperative\/",
    "title": {
        "rendered": "Intelligence artificielle ou coop\u00e9rative"
    },
    "content": {
        "rendered": "[et_pb_section fb_built=&#8221;1&#8243; admin_label=&#8221;section&#8221; _builder_version=&#8221;4.16&#8243; da_disable_devices=&#8221;off|off|off&#8221; global_colors_info=&#8221;{}&#8221; da_is_popup=&#8221;off&#8221; da_exit_intent=&#8221;off&#8221; da_has_close=&#8221;on&#8221; da_alt_close=&#8221;off&#8221; da_dark_close=&#8221;off&#8221; da_not_modal=&#8221;on&#8221; da_is_singular=&#8221;off&#8221; da_with_loader=&#8221;off&#8221; da_has_shadow=&#8221;on&#8221;][et_pb_row admin_label=&#8221;row&#8221; _builder_version=&#8221;4.16&#8243; background_size=&#8221;initial&#8221; background_position=&#8221;top_left&#8221; background_repeat=&#8221;repeat&#8221; global_colors_info=&#8221;{}&#8221;][et_pb_column type=&#8221;4_4&#8243; _builder_version=&#8221;4.16&#8243; custom_padding=&#8221;|||&#8221; global_colors_info=&#8221;{}&#8221; custom_padding__hover=&#8221;|||&#8221;][et_pb_heading title=&#8221;Intelligence artificielle ou coop\u00e9rative ? Une troisi\u00e8me voie num\u00e9rique est possible&#8221; _builder_version=&#8221;4.27.5&#8243; _module_preset=&#8221;default&#8221; title_text_align=&#8221;justify&#8221; title_line_height=&#8221;1.5em&#8221; global_colors_info=&#8221;{}&#8221;][\/et_pb_heading][et_pb_heading title=&#8221;Sortir du face-\u00e0-face entre IA centralis\u00e9e et rejet technologique&#8221; _builder_version=&#8221;4.27.5&#8243; _module_preset=&#8221;default&#8221; title_level=&#8221;h2&#8243; title_font=&#8221;||on||||||&#8221; title_text_color=&#8221;#FBA100&#8243; hover_enabled=&#8221;0&#8243; global_colors_info=&#8221;{}&#8221; sticky_enabled=&#8221;0&#8243;][\/et_pb_heading][et_pb_text _builder_version=&#8221;4.27.5&#8243; _module_preset=&#8221;default&#8221; text_text_color=&#8221;gcid-body-color&#8221; global_colors_info=&#8221;{%22gcid-body-color%22:%91%22text_text_color%22%93}&#8221;]<p data-start=\"395\" data-end=\"561\">\u00c0 l\u2019occasion du NEC ESS, le Social Good Accelerator publie dans <em data-start=\"459\" data-end=\"469\">Carenews<\/em> une tribune proposant une alternative aux mod\u00e8les dominants de l\u2019intelligence artificielle.<\/p>\n<p data-start=\"563\" data-end=\"825\">Face \u00e0 une polarisation croissante entre adoption massive de solutions propri\u00e9taires et d\u00e9fiance vis-\u00e0-vis des technologies, cette tribune d\u00e9fend une troisi\u00e8me voie : une IA gouvern\u00e9e collectivement, align\u00e9e avec les principes de l\u2019\u00e9conomie sociale et solidaire.<\/p>[\/et_pb_text][et_pb_heading title=&#8221;Ce que la tribune d\u00e9fend&#8221; _builder_version=&#8221;4.27.5&#8243; _module_preset=&#8221;default&#8221; title_level=&#8221;h3&#8243; title_font=&#8221;||||||||&#8221; title_text_color=&#8221;#004DA6&#8243; hover_enabled=&#8221;0&#8243; global_colors_info=&#8221;{}&#8221; sticky_enabled=&#8221;0&#8243;][\/et_pb_heading][et_pb_text _builder_version=&#8221;4.27.5&#8243; _module_preset=&#8221;default&#8221; text_text_color=&#8221;gcid-body-color&#8221; hover_enabled=&#8221;0&#8243; global_colors_info=&#8221;{%22gcid-body-color%22:%91%22text_text_color%22%93}&#8221; sticky_enabled=&#8221;0&#8243;]<p data-start=\"861\" data-end=\"906\">Le texte met en \u00e9vidence plusieurs constats :<\/p>\n<ul data-start=\"908\" data-end=\"1161\">\n<li data-start=\"908\" data-end=\"991\">\n<p data-start=\"910\" data-end=\"991\">l\u2019IA est en train de restructurer les mod\u00e8les \u00e9conomiques et organisationnels ;<\/p>\n<\/li>\n<li data-start=\"992\" data-end=\"1082\">\n<p data-start=\"994\" data-end=\"1082\">les solutions dominantes reposent sur des logiques de concentration et de d\u00e9pendance ;<\/p>\n<\/li>\n<li data-start=\"1083\" data-end=\"1161\">\n<p data-start=\"1085\" data-end=\"1161\">l\u2019ESS risque un d\u00e9crochage si elle ne s\u2019empare pas activement de ces outils.<\/p>\n<\/li>\n<\/ul>\n<p data-start=\"1163\" data-end=\"1282\">Plut\u00f4t que de subir ou de refuser, la tribune appelle \u00e0 construire des mod\u00e8les d\u2019IA coop\u00e9ratifs, ouverts et mutualis\u00e9s.<\/p>[\/et_pb_text][et_pb_heading title=&#8221;Pourquoi cela concerne l\u2019\u00e9conomie sociale num\u00e9rique&#8221; _builder_version=&#8221;4.27.5&#8243; _module_preset=&#8221;default&#8221; title_level=&#8221;h3&#8243; title_font=&#8221;||||||||&#8221; title_text_color=&#8221;#004DA6&#8243; hover_enabled=&#8221;0&#8243; global_colors_info=&#8221;{}&#8221; sticky_enabled=&#8221;0&#8243;][\/et_pb_heading][et_pb_text _builder_version=&#8221;4.27.5&#8243; _module_preset=&#8221;default&#8221; text_text_color=&#8221;gcid-body-color&#8221; hover_enabled=&#8221;0&#8243; global_colors_info=&#8221;{%22gcid-body-color%22:%91%22text_text_color%22%93}&#8221; sticky_enabled=&#8221;0&#8243;]<p data-start=\"1345\" data-end=\"1458\">L\u2019intelligence artificielle n\u2019est pas seulement une technologie d\u2019efficacit\u00e9.<br data-start=\"1422\" data-end=\"1425\" \/>Elle est un enjeu de gouvernance.<\/p>\n<p data-start=\"1460\" data-end=\"1621\">Pour les actrices et acteurs de l\u2019ESS, la question centrale devient :<br data-start=\"1517\" data-end=\"1520\" \/>qui contr\u00f4le les infrastructures ?<br data-start=\"1554\" data-end=\"1557\" \/>qui d\u00e9finit les usages ?<br data-start=\"1581\" data-end=\"1584\" \/>qui b\u00e9n\u00e9ficie de la valeur produite ?<\/p>\n<p data-start=\"1623\" data-end=\"1713\">La proposition d\u2019une IA coop\u00e9rative s\u2019inscrit dans la continuit\u00e9 des travaux du SOGA sur :<\/p>\n<ul data-start=\"1715\" data-end=\"1822\">\n<li data-start=\"1715\" data-end=\"1755\">\n<p data-start=\"1717\" data-end=\"1755\">la souverainet\u00e9 num\u00e9rique europ\u00e9enne<\/p>\n<\/li>\n<li data-start=\"1756\" data-end=\"1782\">\n<p data-start=\"1758\" data-end=\"1782\">les communs num\u00e9riques<\/p>\n<\/li>\n<li data-start=\"1783\" data-end=\"1822\">\n<p data-start=\"1785\" data-end=\"1822\">les mod\u00e8les \u00e9conomiques alternatifs<\/p>\n<\/li>\n<\/ul>\n<p data-start=\"1824\" data-end=\"1916\">Elle vise \u00e0 inscrire l\u2019innovation technologique dans un cadre d\u00e9mocratique et non extractif.<\/p>\n<p>Consultez aussi : <a href=\"https:\/\/socialgoodaccelerator.eu\/fr\/2025\/10\/21\/nec-ess-2025-intelligence-artificielle-ou-cooperative\/\">NEC ESS 2025 : Intelligence artificielle ou coop\u00e9rative ?<\/a><\/p>[\/et_pb_text][et_pb_heading title=&#8221;\u00c0 retenir&#8221; _builder_version=&#8221;4.27.5&#8243; _module_preset=&#8221;default&#8221; title_level=&#8221;h3&#8243; title_font=&#8221;||||||||&#8221; title_text_color=&#8221;#004DA6&#8243; hover_enabled=&#8221;0&#8243; global_colors_info=&#8221;{}&#8221; sticky_enabled=&#8221;0&#8243;][\/et_pb_heading][et_pb_text _builder_version=&#8221;4.27.5&#8243; _module_preset=&#8221;default&#8221; text_text_color=&#8221;gcid-body-color&#8221; hover_enabled=&#8221;0&#8243; global_colors_info=&#8221;{%22gcid-body-color%22:%91%22text_text_color%22%93}&#8221; sticky_enabled=&#8221;0&#8243;]<ul data-start=\"1937\" data-end=\"2133\">\n<li data-start=\"1937\" data-end=\"2002\">\n<p data-start=\"1939\" data-end=\"2002\">L\u2019IA n\u2019est pas neutre : elle fa\u00e7onne des rapports de pouvoir.<\/p>\n<\/li>\n<li data-start=\"2003\" data-end=\"2051\">\n<p data-start=\"2005\" data-end=\"2051\">L\u2019ESS peut proposer des mod\u00e8les alternatifs.<\/p>\n<\/li>\n<li data-start=\"2052\" data-end=\"2133\">\n<p data-start=\"2054\" data-end=\"2133\">Une gouvernance coop\u00e9rative est une voie cr\u00e9dible entre concentration et rejet.<\/p>\n<\/li>\n<\/ul>[\/et_pb_text][et_pb_button button_url=&#8221;https:\/\/www.carenews.com\/social-good-accelerator\/news\/tribune-nec-ess-intelligence-artificielle-ou-cooperative-une-troisieme&#8221; url_new_window=&#8221;on&#8221; button_text=&#8221;Je consulte la tribune compl\u00e8te&#8221; button_alignment=&#8221;center&#8221; _builder_version=&#8221;4.27.5&#8243; _module_preset=&#8221;default&#8221; custom_button=&#8221;on&#8221; button_text_color=&#8221;#FFFFFF&#8221; button_bg_color=&#8221;#FBA100&#8243; button_border_color=&#8221;RGBA(255,255,255,0)&#8221; button_border_radius=&#8221;30px&#8221; background_layout=&#8221;dark&#8221; global_colors_info=&#8221;{}&#8221; button_bg_color__hover_enabled=&#8221;on|desktop&#8221; button_bg_color__hover=&#8221;#FBA100&#8243; button_bg_enable_color__hover=&#8221;on&#8221; button_border_color__hover_enabled=&#8221;on|hover&#8221; button_border_color__hover=&#8221;RGBA(255,255,255,0)&#8221; button_text_color__hover_enabled=&#8221;on|hover&#8221; button_text_color__hover=&#8221;#FFFFFF&#8221;][\/et_pb_button][\/et_pb_column][\/et_pb_row][\/et_pb_section]",
        "protected": false
    },
    "excerpt": {
        "rendered": "<p>Novembre 2025, Mois de l\u2019ESS, intervient dans un contexte de radicalisation du d\u00e9bat public, de mont\u00e9e d\u2019un bloc r\u00e9actionnaire et d\u2019un net recul environnemental \u2014 des dynamiques li\u00e9es \u00e0 la bulle sp\u00e9culative autour de l\u2019IA et aux nouvelles enclosures du num\u00e9rique.<\/p>",
        "protected": false
    },
    "author": 1,
    "featured_media": 57010,
    "comment_status": "closed",
    "ping_status": "closed",
    "sticky": false,
    "template": "",
    "format": "standard",
    "meta": {
        "_et_pb_use_builder": "on",
        "_et_pb_old_content": "",
        "_et_gb_content_width": "",
        "jetpack_post_was_ever_published": false,
        "_jetpack_newsletter_access": "",
        "_jetpack_dont_email_post_to_subs": false,
        "_jetpack_newsletter_tier_id": 0,
        "_jetpack_memberships_contains_paywalled_content": false,
        "_jetpack_memberships_contains_paid_content": false,
        "footnotes": ""
    },
    "categories": [
        417
    ],
    "tags": [
        429
    ],
    "class_list": [
        "post-56971",
        "post",
        "type-post",
        "status-publish",
        "format-standard",
        "has-post-thumbnail",
        "hentry",
        "category-tribunes-et-medias",
        "tag-carenews"
    ],
    "yoast_head": "<!-- This site is optimized with the Yoast SEO plugin v27.4 - https:\/\/yoast.com\/product\/yoast-seo-wordpress\/ -->\n<title>Intelligence artificielle ou coop\u00e9rative - SOGA<\/title>\n<meta name=\"description\" content=\"Tribune NEC ESS &quot;Intelligence artificielle ou coop\u00e9rative ? Une troisi\u00e8me voie num\u00e9rique est possible&quot;\" \/>\n<meta name=\"robots\" content=\"index, follow, max-snippet:-1, max-image-preview:large, max-video-preview:-1\" \/>\n<link rel=\"canonical\" href=\"https:\/\/socialgoodaccelerator.eu\/en_gb\/2025\/11\/26\/intelligence-artificielle-ou-cooperative\/\" \/>\n<meta property=\"og:locale\" content=\"en_GB\" \/>\n<meta property=\"og:type\" content=\"article\" \/>\n<meta property=\"og:title\" content=\"Intelligence artificielle ou coop\u00e9rative - SOGA\" \/>\n<meta property=\"og:description\" content=\"Tribune NEC ESS &quot;Intelligence artificielle ou coop\u00e9rative ? Une troisi\u00e8me voie num\u00e9rique est possible&quot;\" \/>\n<meta property=\"og:url\" content=\"https:\/\/socialgoodaccelerator.eu\/en_gb\/2025\/11\/26\/intelligence-artificielle-ou-cooperative\/\" \/>\n<meta property=\"og:site_name\" content=\"SOGA\" \/>\n<meta property=\"article:publisher\" content=\"https:\/\/www.facebook.com\/SocialGoodAccel.EU\/\" \/>\n<meta property=\"article:published_time\" content=\"2025-11-26T09:22:45+00:00\" \/>\n<meta property=\"article:modified_time\" content=\"2026-03-04T10:09:34+00:00\" \/>\n<meta property=\"og:image\" content=\"http:\/\/socialgoodaccelerator.eu\/wp-content\/uploads\/2025\/11\/alberto-bigoni-h5BdLIn1Syk-unsplash-1-scaled.jpg\" \/>\n\t<meta property=\"og:image:width\" content=\"2560\" \/>\n\t<meta property=\"og:image:height\" content=\"1710\" \/>\n\t<meta property=\"og:image:type\" content=\"image\/jpeg\" \/>\n<meta name=\"author\" content=\"sogaccelerator\" \/>\n<meta name=\"twitter:card\" content=\"summary_large_image\" \/>\n<meta name=\"twitter:label1\" content=\"Written by\" \/>\n\t<meta name=\"twitter:data1\" content=\"sogaccelerator\" \/>\n\t<meta name=\"twitter:label2\" content=\"Estimated reading time\" \/>\n\t<meta name=\"twitter:data2\" content=\"2 minutes\" \/>\n<script type=\"application\/ld+json\" class=\"yoast-schema-graph\">{\"@context\":\"https:\\\/\\\/schema.org\",\"@graph\":[{\"@type\":\"Article\",\"@id\":\"https:\\\/\\\/socialgoodaccelerator.eu\\\/2025\\\/11\\\/26\\\/intelligence-artificielle-ou-cooperative\\\/#article\",\"isPartOf\":{\"@id\":\"https:\\\/\\\/socialgoodaccelerator.eu\\\/2025\\\/11\\\/26\\\/intelligence-artificielle-ou-cooperative\\\/\"},\"author\":{\"name\":\"sogaccelerator\",\"@id\":\"https:\\\/\\\/socialgoodaccelerator.eu\\\/#\\\/schema\\\/person\\\/0320622db91fd4a2ddef724cbdee0c3e\"},\"headline\":\"Intelligence artificielle ou coop\u00e9rative\",\"datePublished\":\"2025-11-26T09:22:45+00:00\",\"dateModified\":\"2026-03-04T10:09:34+00:00\",\"mainEntityOfPage\":{\"@id\":\"https:\\\/\\\/socialgoodaccelerator.eu\\\/2025\\\/11\\\/26\\\/intelligence-artificielle-ou-cooperative\\\/\"},\"wordCount\":756,\"publisher\":{\"@id\":\"https:\\\/\\\/socialgoodaccelerator.eu\\\/#organization\"},\"image\":{\"@id\":\"https:\\\/\\\/socialgoodaccelerator.eu\\\/2025\\\/11\\\/26\\\/intelligence-artificielle-ou-cooperative\\\/#primaryimage\"},\"thumbnailUrl\":\"https:\\\/\\\/i0.wp.com\\\/socialgoodaccelerator.eu\\\/wp-content\\\/uploads\\\/2025\\\/11\\\/alberto-bigoni-h5BdLIn1Syk-unsplash-1-scaled.jpg?fit=2560%2C1710&ssl=1\",\"keywords\":[\"Carenews\"],\"articleSection\":[\"Tribunes &amp; m\u00e9dias\"],\"inLanguage\":\"en-GB\"},{\"@type\":\"WebPage\",\"@id\":\"https:\\\/\\\/socialgoodaccelerator.eu\\\/2025\\\/11\\\/26\\\/intelligence-artificielle-ou-cooperative\\\/\",\"url\":\"https:\\\/\\\/socialgoodaccelerator.eu\\\/2025\\\/11\\\/26\\\/intelligence-artificielle-ou-cooperative\\\/\",\"name\":\"Intelligence artificielle ou coop\u00e9rative - SOGA\",\"isPartOf\":{\"@id\":\"https:\\\/\\\/socialgoodaccelerator.eu\\\/#website\"},\"primaryImageOfPage\":{\"@id\":\"https:\\\/\\\/socialgoodaccelerator.eu\\\/2025\\\/11\\\/26\\\/intelligence-artificielle-ou-cooperative\\\/#primaryimage\"},\"image\":{\"@id\":\"https:\\\/\\\/socialgoodaccelerator.eu\\\/2025\\\/11\\\/26\\\/intelligence-artificielle-ou-cooperative\\\/#primaryimage\"},\"thumbnailUrl\":\"https:\\\/\\\/i0.wp.com\\\/socialgoodaccelerator.eu\\\/wp-content\\\/uploads\\\/2025\\\/11\\\/alberto-bigoni-h5BdLIn1Syk-unsplash-1-scaled.jpg?fit=2560%2C1710&ssl=1\",\"datePublished\":\"2025-11-26T09:22:45+00:00\",\"dateModified\":\"2026-03-04T10:09:34+00:00\",\"description\":\"Tribune NEC ESS \\\"Intelligence artificielle ou coop\u00e9rative ? Une troisi\u00e8me voie num\u00e9rique est possible\\\"\",\"breadcrumb\":{\"@id\":\"https:\\\/\\\/socialgoodaccelerator.eu\\\/2025\\\/11\\\/26\\\/intelligence-artificielle-ou-cooperative\\\/#breadcrumb\"},\"inLanguage\":\"en-GB\",\"potentialAction\":[{\"@type\":\"ReadAction\",\"target\":[\"https:\\\/\\\/socialgoodaccelerator.eu\\\/2025\\\/11\\\/26\\\/intelligence-artificielle-ou-cooperative\\\/\"]}]},{\"@type\":\"ImageObject\",\"inLanguage\":\"en-GB\",\"@id\":\"https:\\\/\\\/socialgoodaccelerator.eu\\\/2025\\\/11\\\/26\\\/intelligence-artificielle-ou-cooperative\\\/#primaryimage\",\"url\":\"https:\\\/\\\/i0.wp.com\\\/socialgoodaccelerator.eu\\\/wp-content\\\/uploads\\\/2025\\\/11\\\/alberto-bigoni-h5BdLIn1Syk-unsplash-1-scaled.jpg?fit=2560%2C1710&ssl=1\",\"contentUrl\":\"https:\\\/\\\/i0.wp.com\\\/socialgoodaccelerator.eu\\\/wp-content\\\/uploads\\\/2025\\\/11\\\/alberto-bigoni-h5BdLIn1Syk-unsplash-1-scaled.jpg?fit=2560%2C1710&ssl=1\",\"width\":2560,\"height\":1710,\"caption\":\"Photo de Alberto Bigoni sur Unsplash\"},{\"@type\":\"BreadcrumbList\",\"@id\":\"https:\\\/\\\/socialgoodaccelerator.eu\\\/2025\\\/11\\\/26\\\/intelligence-artificielle-ou-cooperative\\\/#breadcrumb\",\"itemListElement\":[{\"@type\":\"ListItem\",\"position\":1,\"name\":\"Accueil\",\"item\":\"https:\\\/\\\/socialgoodaccelerator.eu\\\/\"},{\"@type\":\"ListItem\",\"position\":2,\"name\":\"Intelligence artificielle ou coop\u00e9rative\"}]},{\"@type\":\"WebSite\",\"@id\":\"https:\\\/\\\/socialgoodaccelerator.eu\\\/#website\",\"url\":\"https:\\\/\\\/socialgoodaccelerator.eu\\\/\",\"name\":\"Social Good Accelerator\",\"description\":\"Acc\u00e9l\u00e9rer l&#039;ESS num\u00e9rique\",\"publisher\":{\"@id\":\"https:\\\/\\\/socialgoodaccelerator.eu\\\/#organization\"},\"alternateName\":\"SOGA\",\"potentialAction\":[{\"@type\":\"SearchAction\",\"target\":{\"@type\":\"EntryPoint\",\"urlTemplate\":\"https:\\\/\\\/socialgoodaccelerator.eu\\\/?s={search_term_string}\"},\"query-input\":{\"@type\":\"PropertyValueSpecification\",\"valueRequired\":true,\"valueName\":\"search_term_string\"}}],\"inLanguage\":\"en-GB\"},{\"@type\":\"Organization\",\"@id\":\"https:\\\/\\\/socialgoodaccelerator.eu\\\/#organization\",\"name\":\"Social Good Accelerator\",\"alternateName\":\"SOGA\",\"url\":\"https:\\\/\\\/socialgoodaccelerator.eu\\\/\",\"logo\":{\"@type\":\"ImageObject\",\"inLanguage\":\"en-GB\",\"@id\":\"https:\\\/\\\/socialgoodaccelerator.eu\\\/#\\\/schema\\\/logo\\\/image\\\/\",\"url\":\"https:\\\/\\\/i0.wp.com\\\/socialgoodaccelerator.eu\\\/wp-content\\\/uploads\\\/2023\\\/10\\\/cropped-LOGO-SOGA-V-FR.png?fit=512%2C512&ssl=1\",\"contentUrl\":\"https:\\\/\\\/i0.wp.com\\\/socialgoodaccelerator.eu\\\/wp-content\\\/uploads\\\/2023\\\/10\\\/cropped-LOGO-SOGA-V-FR.png?fit=512%2C512&ssl=1\",\"width\":512,\"height\":512,\"caption\":\"Social Good Accelerator\"},\"image\":{\"@id\":\"https:\\\/\\\/socialgoodaccelerator.eu\\\/#\\\/schema\\\/logo\\\/image\\\/\"},\"sameAs\":[\"https:\\\/\\\/www.facebook.com\\\/SocialGoodAccel.EU\\\/\",\"https:\\\/\\\/www.youtube.com\\\/@socialgoodaccelerator772\",\"https:\\\/\\\/www.youtube.com\\\/@SocialTechAcademy-eg6hp\"]},{\"@type\":\"Person\",\"@id\":\"https:\\\/\\\/socialgoodaccelerator.eu\\\/#\\\/schema\\\/person\\\/0320622db91fd4a2ddef724cbdee0c3e\",\"name\":\"sogaccelerator\",\"image\":{\"@type\":\"ImageObject\",\"inLanguage\":\"en-GB\",\"@id\":\"https:\\\/\\\/secure.gravatar.com\\\/avatar\\\/99aef05386587650bb056a1275ce2e339bfe398930f37eb7262163da89aad453?s=96&d=mm&r=g\",\"url\":\"https:\\\/\\\/secure.gravatar.com\\\/avatar\\\/99aef05386587650bb056a1275ce2e339bfe398930f37eb7262163da89aad453?s=96&d=mm&r=g\",\"contentUrl\":\"https:\\\/\\\/secure.gravatar.com\\\/avatar\\\/99aef05386587650bb056a1275ce2e339bfe398930f37eb7262163da89aad453?s=96&d=mm&r=g\",\"caption\":\"sogaccelerator\"}}]}<\/script>\n<!-- \/ Yoast SEO plugin. -->",
    "yoast_head_json": {
        "title": "Intelligence artificielle ou coop\u00e9rative - SOGA",
        "description": "Tribune NEC ESS \"Intelligence artificielle ou coop\u00e9rative ? Une troisi\u00e8me voie num\u00e9rique est possible\"",
        "robots": {
            "index": "index",
            "follow": "follow",
            "max-snippet": "max-snippet:-1",
            "max-image-preview": "max-image-preview:large",
            "max-video-preview": "max-video-preview:-1"
        },
        "canonical": "https:\/\/socialgoodaccelerator.eu\/en_gb\/2025\/11\/26\/intelligence-artificielle-ou-cooperative\/",
        "og_locale": "en_GB",
        "og_type": "article",
        "og_title": "Intelligence artificielle ou coop\u00e9rative - SOGA",
        "og_description": "Tribune NEC ESS \"Intelligence artificielle ou coop\u00e9rative ? Une troisi\u00e8me voie num\u00e9rique est possible\"",
        "og_url": "https:\/\/socialgoodaccelerator.eu\/en_gb\/2025\/11\/26\/intelligence-artificielle-ou-cooperative\/",
        "og_site_name": "SOGA",
        "article_publisher": "https:\/\/www.facebook.com\/SocialGoodAccel.EU\/",
        "article_published_time": "2025-11-26T09:22:45+00:00",
        "article_modified_time": "2026-03-04T10:09:34+00:00",
        "og_image": [
            {
                "width": 2560,
                "height": 1710,
                "url": "http:\/\/socialgoodaccelerator.eu\/wp-content\/uploads\/2025\/11\/alberto-bigoni-h5BdLIn1Syk-unsplash-1-scaled.jpg",
                "type": "image\/jpeg"
            }
        ],
        "author": "sogaccelerator",
        "twitter_card": "summary_large_image",
        "twitter_misc": {
            "Written by": "sogaccelerator",
            "Estimated reading time": "2 minutes"
        },
        "schema": {
            "@context": "https:\/\/schema.org",
            "@graph": [
                {
                    "@type": "Article",
                    "@id": "https:\/\/socialgoodaccelerator.eu\/2025\/11\/26\/intelligence-artificielle-ou-cooperative\/#article",
                    "isPartOf": {
                        "@id": "https:\/\/socialgoodaccelerator.eu\/2025\/11\/26\/intelligence-artificielle-ou-cooperative\/"
                    },
                    "author": {
                        "name": "sogaccelerator",
                        "@id": "https:\/\/socialgoodaccelerator.eu\/#\/schema\/person\/0320622db91fd4a2ddef724cbdee0c3e"
                    },
                    "headline": "Intelligence artificielle ou coop\u00e9rative",
                    "datePublished": "2025-11-26T09:22:45+00:00",
                    "dateModified": "2026-03-04T10:09:34+00:00",
                    "mainEntityOfPage": {
                        "@id": "https:\/\/socialgoodaccelerator.eu\/2025\/11\/26\/intelligence-artificielle-ou-cooperative\/"
                    },
                    "wordCount": 756,
                    "publisher": {
                        "@id": "https:\/\/socialgoodaccelerator.eu\/#organization"
                    },
                    "image": {
                        "@id": "https:\/\/socialgoodaccelerator.eu\/2025\/11\/26\/intelligence-artificielle-ou-cooperative\/#primaryimage"
                    },
                    "thumbnailUrl": "https:\/\/i0.wp.com\/socialgoodaccelerator.eu\/wp-content\/uploads\/2025\/11\/alberto-bigoni-h5BdLIn1Syk-unsplash-1-scaled.jpg?fit=2560%2C1710&ssl=1",
                    "keywords": [
                        "Carenews"
                    ],
                    "articleSection": [
                        "Tribunes &amp; m\u00e9dias"
                    ],
                    "inLanguage": "en-GB"
                },
                {
                    "@type": "WebPage",
                    "@id": "https:\/\/socialgoodaccelerator.eu\/2025\/11\/26\/intelligence-artificielle-ou-cooperative\/",
                    "url": "https:\/\/socialgoodaccelerator.eu\/2025\/11\/26\/intelligence-artificielle-ou-cooperative\/",
                    "name": "Intelligence artificielle ou coop\u00e9rative - SOGA",
                    "isPartOf": {
                        "@id": "https:\/\/socialgoodaccelerator.eu\/#website"
                    },
                    "primaryImageOfPage": {
                        "@id": "https:\/\/socialgoodaccelerator.eu\/2025\/11\/26\/intelligence-artificielle-ou-cooperative\/#primaryimage"
                    },
                    "image": {
                        "@id": "https:\/\/socialgoodaccelerator.eu\/2025\/11\/26\/intelligence-artificielle-ou-cooperative\/#primaryimage"
                    },
                    "thumbnailUrl": "https:\/\/i0.wp.com\/socialgoodaccelerator.eu\/wp-content\/uploads\/2025\/11\/alberto-bigoni-h5BdLIn1Syk-unsplash-1-scaled.jpg?fit=2560%2C1710&ssl=1",
                    "datePublished": "2025-11-26T09:22:45+00:00",
                    "dateModified": "2026-03-04T10:09:34+00:00",
                    "description": "Tribune NEC ESS \"Intelligence artificielle ou coop\u00e9rative ? Une troisi\u00e8me voie num\u00e9rique est possible\"",
                    "breadcrumb": {
                        "@id": "https:\/\/socialgoodaccelerator.eu\/2025\/11\/26\/intelligence-artificielle-ou-cooperative\/#breadcrumb"
                    },
                    "inLanguage": "en-GB",
                    "potentialAction": [
                        {
                            "@type": "ReadAction",
                            "target": [
                                "https:\/\/socialgoodaccelerator.eu\/2025\/11\/26\/intelligence-artificielle-ou-cooperative\/"
                            ]
                        }
                    ]
                },
                {
                    "@type": "ImageObject",
                    "inLanguage": "en-GB",
                    "@id": "https:\/\/socialgoodaccelerator.eu\/2025\/11\/26\/intelligence-artificielle-ou-cooperative\/#primaryimage",
                    "url": "https:\/\/i0.wp.com\/socialgoodaccelerator.eu\/wp-content\/uploads\/2025\/11\/alberto-bigoni-h5BdLIn1Syk-unsplash-1-scaled.jpg?fit=2560%2C1710&ssl=1",
                    "contentUrl": "https:\/\/i0.wp.com\/socialgoodaccelerator.eu\/wp-content\/uploads\/2025\/11\/alberto-bigoni-h5BdLIn1Syk-unsplash-1-scaled.jpg?fit=2560%2C1710&ssl=1",
                    "width": 2560,
                    "height": 1710,
                    "caption": "Photo de Alberto Bigoni sur Unsplash"
                },
                {
                    "@type": "BreadcrumbList",
                    "@id": "https:\/\/socialgoodaccelerator.eu\/2025\/11\/26\/intelligence-artificielle-ou-cooperative\/#breadcrumb",
                    "itemListElement": [
                        {
                            "@type": "ListItem",
                            "position": 1,
                            "name": "Accueil",
                            "item": "https:\/\/socialgoodaccelerator.eu\/"
                        },
                        {
                            "@type": "ListItem",
                            "position": 2,
                            "name": "Intelligence artificielle ou coop\u00e9rative"
                        }
                    ]
                },
                {
                    "@type": "WebSite",
                    "@id": "https:\/\/socialgoodaccelerator.eu\/#website",
                    "url": "https:\/\/socialgoodaccelerator.eu\/",
                    "name": "Social Good Accelerator",
                    "description": "Acc\u00e9l\u00e9rer l&#039;ESS num\u00e9rique",
                    "publisher": {
                        "@id": "https:\/\/socialgoodaccelerator.eu\/#organization"
                    },
                    "alternateName": "SOGA",
                    "potentialAction": [
                        {
                            "@type": "SearchAction",
                            "target": {
                                "@type": "EntryPoint",
                                "urlTemplate": "https:\/\/socialgoodaccelerator.eu\/?s={search_term_string}"
                            },
                            "query-input": {
                                "@type": "PropertyValueSpecification",
                                "valueRequired": true,
                                "valueName": "search_term_string"
                            }
                        }
                    ],
                    "inLanguage": "en-GB"
                },
                {
                    "@type": "Organization",
                    "@id": "https:\/\/socialgoodaccelerator.eu\/#organization",
                    "name": "Social Good Accelerator",
                    "alternateName": "SOGA",
                    "url": "https:\/\/socialgoodaccelerator.eu\/",
                    "logo": {
                        "@type": "ImageObject",
                        "inLanguage": "en-GB",
                        "@id": "https:\/\/socialgoodaccelerator.eu\/#\/schema\/logo\/image\/",
                        "url": "https:\/\/i0.wp.com\/socialgoodaccelerator.eu\/wp-content\/uploads\/2023\/10\/cropped-LOGO-SOGA-V-FR.png?fit=512%2C512&ssl=1",
                        "contentUrl": "https:\/\/i0.wp.com\/socialgoodaccelerator.eu\/wp-content\/uploads\/2023\/10\/cropped-LOGO-SOGA-V-FR.png?fit=512%2C512&ssl=1",
                        "width": 512,
                        "height": 512,
                        "caption": "Social Good Accelerator"
                    },
                    "image": {
                        "@id": "https:\/\/socialgoodaccelerator.eu\/#\/schema\/logo\/image\/"
                    },
                    "sameAs": [
                        "https:\/\/www.facebook.com\/SocialGoodAccel.EU\/",
                        "https:\/\/www.youtube.com\/@socialgoodaccelerator772",
                        "https:\/\/www.youtube.com\/@SocialTechAcademy-eg6hp"
                    ]
                },
                {
                    "@type": "Person",
                    "@id": "https:\/\/socialgoodaccelerator.eu\/#\/schema\/person\/0320622db91fd4a2ddef724cbdee0c3e",
                    "name": "sogaccelerator",
                    "image": {
                        "@type": "ImageObject",
                        "inLanguage": "en-GB",
                        "@id": "https:\/\/secure.gravatar.com\/avatar\/99aef05386587650bb056a1275ce2e339bfe398930f37eb7262163da89aad453?s=96&d=mm&r=g",
                        "url": "https:\/\/secure.gravatar.com\/avatar\/99aef05386587650bb056a1275ce2e339bfe398930f37eb7262163da89aad453?s=96&d=mm&r=g",
                        "contentUrl": "https:\/\/secure.gravatar.com\/avatar\/99aef05386587650bb056a1275ce2e339bfe398930f37eb7262163da89aad453?s=96&d=mm&r=g",
                        "caption": "sogaccelerator"
                    }
                }
            ]
        }
    },
    "jetpack_featured_media_url": "https:\/\/i0.wp.com\/socialgoodaccelerator.eu\/wp-content\/uploads\/2025\/11\/alberto-bigoni-h5BdLIn1Syk-unsplash-1-scaled.jpg?fit=2560%2C1710&ssl=1",
    "jetpack_likes_enabled": true,
    "jetpack-related-posts": [
        {
            "id": 57863,
            "url": "https:\/\/socialgoodaccelerator.eu\/en_gb\/2026\/04\/23\/lasuite-coop\/",
            "url_meta": {
                "origin": 56971,
                "position": 0
            },
            "title": "LaSuite.coop : l\u2019alternative num\u00e9rique coop\u00e9rative, libre et h\u00e9berg\u00e9e en Europe dont l\u2019ESS avait besoin",
            "author": "sogaccelerator",
            "date": "23 April 2026",
            "format": "gallery",
            "excerpt": "Abstract :\u00a0Chaque ann\u00e9e, 70 milliards d\u2019euros quittent la France en direction des \u00c9tats-Unis pour financer nos seuls usages num\u00e9riques. Derri\u00e8re\u2026",
            "rel": "",
            "context": "In &quot;Actualit\u00e9s de SOGA&quot;",
            "block_context": {
                "text": "Actualit\u00e9s de SOGA",
                "link": "https:\/\/socialgoodaccelerator.eu\/en_gb\/category\/actualites-de-soga\/"
            },
            "img": {
                "alt_text": "LaSuite.coop",
                "src": "https:\/\/i0.wp.com\/socialgoodaccelerator.eu\/wp-content\/uploads\/2026\/04\/Design-sans-titre-2-1-1.png?fit=1200%2C627&ssl=1&resize=350%2C200",
                "width": 350,
                "height": 200,
                "srcset": "https:\/\/i0.wp.com\/socialgoodaccelerator.eu\/wp-content\/uploads\/2026\/04\/Design-sans-titre-2-1-1.png?fit=1200%2C627&ssl=1&resize=350%2C200 1x, https:\/\/i0.wp.com\/socialgoodaccelerator.eu\/wp-content\/uploads\/2026\/04\/Design-sans-titre-2-1-1.png?fit=1200%2C627&ssl=1&resize=525%2C300 1.5x, https:\/\/i0.wp.com\/socialgoodaccelerator.eu\/wp-content\/uploads\/2026\/04\/Design-sans-titre-2-1-1.png?fit=1200%2C627&ssl=1&resize=700%2C400 2x, https:\/\/i0.wp.com\/socialgoodaccelerator.eu\/wp-content\/uploads\/2026\/04\/Design-sans-titre-2-1-1.png?fit=1200%2C627&ssl=1&resize=1050%2C600 3x"
            },
            "classes": []
        },
        {
            "id": 50394,
            "url": "https:\/\/socialgoodaccelerator.eu\/en_gb\/2022\/03\/10\/open-letter\/",
            "url_meta": {
                "origin": 56971,
                "position": 1
            },
            "title": "Open letter: the necessary digital transition of the social economy",
            "author": "sogaccelerator",
            "date": "10 March 2022",
            "format": false,
            "excerpt": "In February 2021, the Social Good Accelerator and its 70 members maintained its vision in its open letter. A better world can only be made with the full support of social economy, which also has to be digitalised.",
            "rel": "",
            "context": "In &quot;Notes de position&quot;",
            "block_context": {
                "text": "Notes de position",
                "link": "https:\/\/socialgoodaccelerator.eu\/en_gb\/category\/notes-de-position\/"
            },
            "img": {
                "alt_text": "SOGA team flags Lisbon",
                "src": "https:\/\/i0.wp.com\/socialgoodaccelerator.eu\/wp-content\/uploads\/2018\/03\/flags.jpg?fit=1200%2C900&ssl=1&resize=350%2C200",
                "width": 350,
                "height": 200,
                "srcset": "https:\/\/i0.wp.com\/socialgoodaccelerator.eu\/wp-content\/uploads\/2018\/03\/flags.jpg?fit=1200%2C900&ssl=1&resize=350%2C200 1x, https:\/\/i0.wp.com\/socialgoodaccelerator.eu\/wp-content\/uploads\/2018\/03\/flags.jpg?fit=1200%2C900&ssl=1&resize=525%2C300 1.5x, https:\/\/i0.wp.com\/socialgoodaccelerator.eu\/wp-content\/uploads\/2018\/03\/flags.jpg?fit=1200%2C900&ssl=1&resize=700%2C400 2x, https:\/\/i0.wp.com\/socialgoodaccelerator.eu\/wp-content\/uploads\/2018\/03\/flags.jpg?fit=1200%2C900&ssl=1&resize=1050%2C600 3x"
            },
            "classes": []
        },
        {
            "id": 50484,
            "url": "https:\/\/socialgoodaccelerator.eu\/en_gb\/2022\/03\/25\/la-mednum-a-singular-structure-for-digital-inclusion\/",
            "url_meta": {
                "origin": 56971,
                "position": 2
            },
            "title": "La MedNum, &#8220;a singular structure&#8221; for digital inclusion",
            "author": "sogaccelerator",
            "date": "25 March 2022",
            "format": false,
            "excerpt": "On 15 March 2022, Guilhem Pradali\u00e9, Managing Director of the MedNum, member of the Social Good Accelerator, gave us an interview in which he explained what the MedNum is, what its projects and challenges are, and its role within the SOGA.",
            "rel": "",
            "context": "In &quot;Communs &amp; plaidoyer&quot;",
            "block_context": {
                "text": "Communs &amp; plaidoyer",
                "link": "https:\/\/socialgoodaccelerator.eu\/en_gb\/category\/communs-et-plaidoyer\/"
            },
            "img": {
                "alt_text": "",
                "src": "https:\/\/i0.wp.com\/socialgoodaccelerator.eu\/wp-content\/uploads\/2022\/03\/Capture-de%CC%81cran-2022-04-20-a%CC%80-11.38.38.png?fit=495%2C361&ssl=1&resize=350%2C200",
                "width": 350,
                "height": 200
            },
            "classes": []
        },
        {
            "id": 51087,
            "url": "https:\/\/socialgoodaccelerator.eu\/en_gb\/2022\/07\/07\/rapport-activite-2021\/",
            "url_meta": {
                "origin": 56971,
                "position": 3
            },
            "title": "Rapport d&#8217;activit\u00e9 2021",
            "author": "sogaccelerator",
            "date": "7 July 2022",
            "format": false,
            "excerpt": "Discover all the actions accomplished by the Social good Accelerator in 2021 and its perspectives for 2022 in this SOGA activity report.",
            "rel": "",
            "context": "In &quot;Rapport d'activit\u00e9&quot;",
            "block_context": {
                "text": "Rapport d'activit\u00e9",
                "link": "https:\/\/socialgoodaccelerator.eu\/en_gb\/category\/rapport-d-activite\/"
            },
            "img": {
                "alt_text": "Rapport d'activit\u00e9 2021",
                "src": "https:\/\/i0.wp.com\/socialgoodaccelerator.eu\/wp-content\/uploads\/2025\/08\/Titre-3.png?fit=1200%2C675&ssl=1&resize=350%2C200",
                "width": 350,
                "height": 200,
                "srcset": "https:\/\/i0.wp.com\/socialgoodaccelerator.eu\/wp-content\/uploads\/2025\/08\/Titre-3.png?fit=1200%2C675&ssl=1&resize=350%2C200 1x, https:\/\/i0.wp.com\/socialgoodaccelerator.eu\/wp-content\/uploads\/2025\/08\/Titre-3.png?fit=1200%2C675&ssl=1&resize=525%2C300 1.5x, https:\/\/i0.wp.com\/socialgoodaccelerator.eu\/wp-content\/uploads\/2025\/08\/Titre-3.png?fit=1200%2C675&ssl=1&resize=700%2C400 2x, https:\/\/i0.wp.com\/socialgoodaccelerator.eu\/wp-content\/uploads\/2025\/08\/Titre-3.png?fit=1200%2C675&ssl=1&resize=1050%2C600 3x"
            },
            "classes": []
        },
        {
            "id": 50186,
            "url": "https:\/\/socialgoodaccelerator.eu\/en_gb\/2021\/11\/30\/social-tech-atlas-why-a-single-map-for-a-thousand-social-organisations\/",
            "url_meta": {
                "origin": 56971,
                "position": 4
            },
            "title": "Social Tech Atlas: why a single map for a thousand social organisations?",
            "author": "sogaccelerator",
            "date": "30 November 2021",
            "format": false,
            "excerpt": "Until now, there was no European database gathering both organisations supporting social economy stakeholders in their digital transition and those offering alternative digital tools and services. This is now done with the Social Tech Atlas...",
            "rel": "",
            "context": "In &quot;Communs &amp; plaidoyer&quot;",
            "block_context": {
                "text": "Communs &amp; plaidoyer",
                "link": "https:\/\/socialgoodaccelerator.eu\/en_gb\/category\/communs-et-plaidoyer\/"
            },
            "img": {
                "alt_text": "Screenshot Social Tech Atlas",
                "src": "https:\/\/i0.wp.com\/socialgoodaccelerator.eu\/wp-content\/uploads\/2021\/11\/Capture-de%CC%81cran-2021-11-30-a%CC%80-12.32.33.png?fit=694%2C560&ssl=1&resize=350%2C200",
                "width": 350,
                "height": 200,
                "srcset": "https:\/\/i0.wp.com\/socialgoodaccelerator.eu\/wp-content\/uploads\/2021\/11\/Capture-de%CC%81cran-2021-11-30-a%CC%80-12.32.33.png?fit=694%2C560&ssl=1&resize=350%2C200 1x, https:\/\/i0.wp.com\/socialgoodaccelerator.eu\/wp-content\/uploads\/2021\/11\/Capture-de%CC%81cran-2021-11-30-a%CC%80-12.32.33.png?fit=694%2C560&ssl=1&resize=525%2C300 1.5x"
            },
            "classes": []
        },
        {
            "id": 50793,
            "url": "https:\/\/socialgoodaccelerator.eu\/en_gb\/2022\/05\/17\/social-economy-europe-interview-on-the-second-social-economy-summit\/",
            "url_meta": {
                "origin": 56971,
                "position": 5
            },
            "title": "&#8216;It was a successful experience&#8217;, Social Economy Europe&#8217;s view on the European Social Economy Summit.",
            "author": "sogaccelerator",
            "date": "17 May 2022",
            "format": false,
            "excerpt": "The European Social Economy Summit on 5-6 May 2022 in Strasbourg focused on the place of the social economy in the European Union and its future through conferences, workshops and meetings.",
            "rel": "",
            "context": "In &quot;Interviews \/ T\u00e9moignages&quot;",
            "block_context": {
                "text": "Interviews \/ T\u00e9moignages",
                "link": "https:\/\/socialgoodaccelerator.eu\/en_gb\/category\/interviews-temoignages\/"
            },
            "img": {
                "alt_text": "",
                "src": "https:\/\/i0.wp.com\/socialgoodaccelerator.eu\/wp-content\/uploads\/2022\/05\/Capture-decran-2022-05-17-a-11.33.32.png?fit=626%2C485&ssl=1&resize=350%2C200",
                "width": 350,
                "height": 200,
                "srcset": "https:\/\/i0.wp.com\/socialgoodaccelerator.eu\/wp-content\/uploads\/2022\/05\/Capture-decran-2022-05-17-a-11.33.32.png?fit=626%2C485&ssl=1&resize=350%2C200 1x, https:\/\/i0.wp.com\/socialgoodaccelerator.eu\/wp-content\/uploads\/2022\/05\/Capture-decran-2022-05-17-a-11.33.32.png?fit=626%2C485&ssl=1&resize=525%2C300 1.5x"
            },
            "classes": []
        }
    ],
    "jetpack_sharing_enabled": true,
    "jetpack_shortlink": "https:\/\/wp.me\/p9J6Qk-eOT",
    "_links": {
        "self": [
            {
                "href": "https:\/\/socialgoodaccelerator.eu\/en_gb\/wp-json\/wp\/v2\/posts\/56971",
                "targetHints": {
                    "allow": [
                        "GET"
                    ]
                }
            }
        ],
        "collection": [
            {
                "href": "https:\/\/socialgoodaccelerator.eu\/en_gb\/wp-json\/wp\/v2\/posts"
            }
        ],
        "about": [
            {
                "href": "https:\/\/socialgoodaccelerator.eu\/en_gb\/wp-json\/wp\/v2\/types\/post"
            }
        ],
        "author": [
            {
                "embeddable": true,
                "href": "https:\/\/socialgoodaccelerator.eu\/en_gb\/wp-json\/wp\/v2\/users\/1"
            }
        ],
        "replies": [
            {
                "embeddable": true,
                "href": "https:\/\/socialgoodaccelerator.eu\/en_gb\/wp-json\/wp\/v2\/comments?post=56971"
            }
        ],
        "version-history": [
            {
                "count": 4,
                "href": "https:\/\/socialgoodaccelerator.eu\/en_gb\/wp-json\/wp\/v2\/posts\/56971\/revisions"
            }
        ],
        "predecessor-version": [
            {
                "id": 57012,
                "href": "https:\/\/socialgoodaccelerator.eu\/en_gb\/wp-json\/wp\/v2\/posts\/56971\/revisions\/57012"
            }
        ],
        "wp:featuredmedia": [
            {
                "embeddable": true,
                "href": "https:\/\/socialgoodaccelerator.eu\/en_gb\/wp-json\/wp\/v2\/media\/57010"
            }
        ],
        "wp:attachment": [
            {
                "href": "https:\/\/socialgoodaccelerator.eu\/en_gb\/wp-json\/wp\/v2\/media?parent=56971"
            }
        ],
        "wp:term": [
            {
                "taxonomy": "category",
                "embeddable": true,
                "href": "https:\/\/socialgoodaccelerator.eu\/en_gb\/wp-json\/wp\/v2\/categories?post=56971"
            },
            {
                "taxonomy": "post_tag",
                "embeddable": true,
                "href": "https:\/\/socialgoodaccelerator.eu\/en_gb\/wp-json\/wp\/v2\/tags?post=56971"
            }
        ],
        "curies": [
            {
                "name": "wp",
                "href": "https:\/\/api.w.org\/{rel}",
                "templated": true
            }
        ]
    }
}