{
    "id": 55067,
    "date": "2025-08-05T16:49:53",
    "date_gmt": "2025-08-05T14:49:53",
    "guid": {
        "rendered": "https:\/\/socialgoodaccelerator.eu\/?p=55067"
    },
    "modified": "2026-02-25T09:53:13",
    "modified_gmt": "2026-02-25T08:53:13",
    "slug": "quatre-etudes-en-2025-sur-le-numerique-soutenable-et-inclusif",
    "status": "publish",
    "type": "post",
    "link": "https:\/\/socialgoodaccelerator.eu\/en_gb\/2025\/08\/05\/quatre-etudes-en-2025-sur-le-numerique-soutenable-et-inclusif\/",
    "title": {
        "rendered": "Quatre \u00e9tudes en 2025, un constat : l\u2019ESS num\u00e9rique en premi\u00e8re ligne pour un num\u00e9rique soutenable et inclusif"
    },
    "content": {
        "rendered": "[et_pb_section fb_built=&#8221;1&#8243; admin_label=&#8221;section&#8221; _builder_version=&#8221;4.27.5&#8243; background_color=&#8221;gcid-80d58d44-bc1c-4709-ad27-9f2cb2909904&#8243; da_disable_devices=&#8221;off|off|off&#8221; global_colors_info=&#8221;{%22gcid-80d58d44-bc1c-4709-ad27-9f2cb2909904%22:%91%22background_color%22%93}&#8221; da_is_popup=&#8221;off&#8221; da_exit_intent=&#8221;off&#8221; da_has_close=&#8221;on&#8221; da_alt_close=&#8221;off&#8221; da_dark_close=&#8221;off&#8221; da_not_modal=&#8221;on&#8221; da_is_singular=&#8221;off&#8221; da_with_loader=&#8221;off&#8221; da_has_shadow=&#8221;on&#8221;][et_pb_row admin_label=&#8221;row&#8221; _builder_version=&#8221;4.16&#8243; background_size=&#8221;initial&#8221; background_position=&#8221;top_left&#8221; background_repeat=&#8221;repeat&#8221; custom_padding=&#8221;74px||54px|||&#8221; global_colors_info=&#8221;{}&#8221;][et_pb_column type=&#8221;4_4&#8243; _builder_version=&#8221;4.16&#8243; custom_padding=&#8221;|||&#8221; global_colors_info=&#8221;{}&#8221; custom_padding__hover=&#8221;|||&#8221;][ba_gradient_heading title=&#8221;Quatre \u00e9tudes en 2025, un constat : l\u2019ESS num\u00e9rique en premi\u00e8re ligne pour un num\u00e9rique soutenable et inclusif&#8221; html_tag=&#8221;h2&#8243; primary_color=&#8221;#3979ff&#8221; primary_color_location=&#8221;30&#8243; secondary_color=&#8221;#354559&#8243; secondary_color_location=&#8221;70&#8243; angle=&#8221;45&#8243; _builder_version=&#8221;4.27.4&#8243; _module_preset=&#8221;default&#8221; title_font=&#8221;&#8211;et_global_heading_font|600|||||||&#8221; title_text_align=&#8221;center&#8221; title_font_size=&#8221;2rem&#8221; title_line_height=&#8221;1.5em&#8221; global_colors_info=&#8221;{}&#8221;][\/ba_gradient_heading][\/et_pb_column][\/et_pb_row][et_pb_row column_structure=&#8221;1_3,1_3,1_3&#8243; _builder_version=&#8221;4.27.4&#8243; _module_preset=&#8221;default&#8221; custom_padding=&#8221;43px||66px|||&#8221; global_colors_info=&#8221;{}&#8221;][et_pb_column type=&#8221;1_3&#8243; _builder_version=&#8221;4.27.4&#8243; _module_preset=&#8221;default&#8221; global_colors_info=&#8221;{}&#8221;][et_pb_button button_text=&#8221;Revue de presse&#8221; button_alignment=&#8221;center&#8221; _builder_version=&#8221;4.27.4&#8243; _module_preset=&#8221;default&#8221; custom_button=&#8221;on&#8221; button_text_color=&#8221;#8300E9&#8243; button_border_radius=&#8221;30px&#8221; global_colors_info=&#8221;{}&#8221;][\/et_pb_button][\/et_pb_column][et_pb_column type=&#8221;1_3&#8243; _builder_version=&#8221;4.27.4&#8243; _module_preset=&#8221;default&#8221; global_colors_info=&#8221;{}&#8221;][et_pb_button button_text=&#8221;Communs &#038; plaidoyer&#8221; button_alignment=&#8221;center&#8221; _builder_version=&#8221;4.27.4&#8243; _module_preset=&#8221;default&#8221; custom_button=&#8221;on&#8221; button_text_color=&#8221;#8300E9&#8243; button_border_radius=&#8221;30px&#8221; global_colors_info=&#8221;{}&#8221;][\/et_pb_button][\/et_pb_column][et_pb_column type=&#8221;1_3&#8243; _builder_version=&#8221;4.27.4&#8243; _module_preset=&#8221;default&#8221; global_colors_info=&#8221;{}&#8221;][et_pb_button button_text=&#8221;Edito&#8221; button_alignment=&#8221;center&#8221; _builder_version=&#8221;4.27.4&#8243; _module_preset=&#8221;default&#8221; custom_button=&#8221;on&#8221; button_text_color=&#8221;#8300E9&#8243; button_border_radius=&#8221;30px&#8221; global_colors_info=&#8221;{}&#8221;][\/et_pb_button][\/et_pb_column][\/et_pb_row][\/et_pb_section][et_pb_section fb_built=&#8221;1&#8243; _builder_version=&#8221;4.27.4&#8243; _module_preset=&#8221;default&#8221; da_disable_devices=&#8221;off|off|off&#8221; global_colors_info=&#8221;{}&#8221; da_is_popup=&#8221;off&#8221; da_exit_intent=&#8221;off&#8221; da_has_close=&#8221;on&#8221; da_alt_close=&#8221;off&#8221; da_dark_close=&#8221;off&#8221; da_not_modal=&#8221;on&#8221; da_is_singular=&#8221;off&#8221; da_with_loader=&#8221;off&#8221; da_has_shadow=&#8221;on&#8221;][et_pb_row _builder_version=&#8221;4.27.4&#8243; _module_preset=&#8221;default&#8221; custom_padding=&#8221;33px||28px|||&#8221; global_colors_info=&#8221;{}&#8221;][et_pb_column type=&#8221;4_4&#8243; _builder_version=&#8221;4.27.4&#8243; _module_preset=&#8221;default&#8221; global_colors_info=&#8221;{}&#8221;][et_pb_image src=&#8221;http:\/\/socialgoodaccelerator.eu\/wp-content\/uploads\/2026\/02\/SOGA-NEC-ESS-EUROPE-2023-PARIS-Wlad-Simitch-36-scaled.jpg&#8221; title_text=&#8221;SOGA NEC ESS EUROPE 2023 PARIS- Wlad Simitch -36&#8243; align=&#8221;center&#8221; _builder_version=&#8221;4.27.5&#8243; _module_preset=&#8221;default&#8221; global_colors_info=&#8221;{}&#8221;][\/et_pb_image][et_pb_text _builder_version=&#8221;4.27.4&#8243; _module_preset=&#8221;default&#8221; text_font=&#8221;Montserrat||on||||||&#8221; text_line_height=&#8221;2.5em&#8221; custom_padding=&#8221;24px|||||&#8221; global_colors_info=&#8221;{}&#8221;]<p>Dans une soci\u00e9t\u00e9 toujours plus connect\u00e9e mais profond\u00e9ment in\u00e9galitaire, le num\u00e9rique alourdit l\u2019empreinte \u00e9cologique. En mars-avril 2025, quatre \u00e9tudes cl\u00e9s dressent le m\u00eame constat : il faut changer de cap. Le <a href=\"https:\/\/socialgoodaccelerator.eu\/en_gb\/\">Social Good Accelerator (SOGA)<\/a> mobilise ses membres pour structurer des r\u00e9ponses collectives et solidaires \u00e0 ces d\u00e9fis. L\u2019<a href=\"https:\/\/www.carenews.com\/social-good-accelerator\/news\/tribune-pour-un-numerique-d-interet-general-l-importance-strategique\">ESS num\u00e9rique<\/a> incarne cette troisi\u00e8me voie : inclusive, \u00e9thique et durable.<\/p>[\/et_pb_text][\/et_pb_column][\/et_pb_row][et_pb_row _builder_version=&#8221;4.27.4&#8243; _module_preset=&#8221;default&#8221; custom_padding=&#8221;60px||37px|||&#8221; global_colors_info=&#8221;{}&#8221;][et_pb_column type=&#8221;4_4&#8243; _builder_version=&#8221;4.27.4&#8243; _module_preset=&#8221;default&#8221; global_colors_info=&#8221;{}&#8221;][et_pb_heading title=&#8221;Inclusion num\u00e9rique : un r\u00f4le cl\u00e9 pour l\u2019ESS&#8221; _builder_version=&#8221;4.27.4&#8243; _module_preset=&#8221;default&#8221; title_level=&#8221;h2&#8243; title_font=&#8221;&#8211;et_global_heading_font|500|||||||&#8221; title_text_color=&#8221;#8300E9&#8243; global_colors_info=&#8221;{}&#8221;][\/et_pb_heading][et_pb_text _builder_version=&#8221;4.27.4&#8243; _module_preset=&#8221;default&#8221; text_font=&#8221;Montserrat||||||||&#8221; text_line_height=&#8221;2.6em&#8221; global_colors_info=&#8221;{}&#8221;]<p>M\u00eame si <strong><a href=\"https:\/\/www.arcep.fr\/cartes-et-donnees\/nos-publications-chiffrees\/barometre-du-numerique\/le-barometre-du-numerique-edition-2025.html\">94\u202f% des Fran\u00e7ais sont connect\u00e9s<\/a><\/strong>, <strong><a href=\"https:\/\/www.insee.fr\/fr\/statistiques\/7633654\">15\u202f% restent exclus des services num\u00e9riques<\/a><\/strong>.<\/p>\n<ul>\n<li>L\u2019ESS num\u00e9rique agit concr\u00e8tement avec <strong><a href=\"https:\/\/emmaus-connect.org\/\">Emma\u00fcs Connect<\/a><\/strong>, <strong><a href=\"https:\/\/www.solinum.org\/\">Solinum<\/a><\/strong>, <a href=\"https:\/\/assembleurs.co\/\"><strong>Les Assembleurs<\/strong><\/a> ou <strong><a href=\"https:\/\/lamednum.coop\/\">La MedNum.<\/a><\/strong><\/li>\n<li>Ces acteurs facilitent l\u2019acc\u00e8s aux \u00e9quipements et aux services, en s\u2019appuyant sur les solidarit\u00e9s locales.<\/li>\n<li>Ils interpellent les pouvoirs publics pour p\u00e9renniser des dispositifs comme <strong><a href=\"https:\/\/inclusion-numerique.anct.gouv.fr\/\"><em data-start=\"1068\" data-end=\"1088\">Num\u00e9rique Ensemble<\/em><\/a><\/strong>.<\/li>\n<\/ul>[\/et_pb_text][et_pb_heading title=&#8221;Empreinte environnementale : explosion du poids des donn\u00e9es&#8221; _builder_version=&#8221;4.27.4&#8243; _module_preset=&#8221;default&#8221; title_level=&#8221;h2&#8243; title_font=&#8221;&#8211;et_global_heading_font|500|||||||&#8221; title_text_color=&#8221;#8300E9&#8243; global_colors_info=&#8221;{}&#8221;][\/et_pb_heading][et_pb_text _builder_version=&#8221;4.27.4&#8243; _module_preset=&#8221;default&#8221; text_font=&#8221;Montserrat||||||||&#8221; text_line_height=&#8221;2.6em&#8221; inline_fonts=&#8221;Montserrat&#8221; global_colors_info=&#8221;{}&#8221;]<p>Le num\u00e9rique repr\u00e9sente <strong><a href=\"https:\/\/librairie.ademe.fr\/societe-et-politiques-publiques\/7880-9522-evaluation-de-l-impact-environnemental-du-numerique-en-france.html\">4,4\u202f% de l\u2019empreinte carbone fran\u00e7aise<\/a><\/strong>, tir\u00e9 par les data centers et l\u2019IA g\u00e9n\u00e9rative.<\/p>\n<ul>\n<li>L\u2019ESS num\u00e9rique propose des solutions comme le reconditionnement (<strong><a href=\"https:\/\/www.ecodair.com\/\">Ecodair<\/a><\/strong>, la <a href=\"https:\/\/www.envie.org\/\"><strong>F\u00e9d\u00e9ration Envie<\/strong><\/a>) ou la location responsable (<strong><a href=\"https:\/\/commown.coop\/\">Commown<\/a><\/strong>, <strong><a href=\"https:\/\/telecoop.fr\/\">T\u00e9l\u00e9coop<\/a>, <span style=\"font-family: Montserrat; font-weight: normal;\"><a href=\"https:\/\/www.solidatech.fr\/\"><b>ADB Solidatech<\/b><\/a><\/span><\/strong>).<\/li>\n<li><strong><a href=\"https:\/\/fr.openfoodfacts.org\/\">Open Food Facts<\/a><\/strong>, <strong><a href=\"https:\/\/www.latitudes.cc\/\">Latitudes<\/a> <\/strong>ou <a href=\"https:\/\/dataforgood.fr\/\"><strong>Data For Good<\/strong><\/a> \u0153uvrent pour un usage raisonn\u00e9 des donn\u00e9es et la cr\u00e9ation de communs utiles \u00e0 la transition.<\/li>\n<\/ul>[\/et_pb_text][et_pb_heading title=&#8221;Une force collective pour un num\u00e9rique souverain et \u00e9thique&#8221; _builder_version=&#8221;4.27.4&#8243; _module_preset=&#8221;default&#8221; title_level=&#8221;h2&#8243; title_font=&#8221;&#8211;et_global_heading_font|500|||||||&#8221; title_text_color=&#8221;#8300E9&#8243; global_colors_info=&#8221;{}&#8221;][\/et_pb_heading][et_pb_text _builder_version=&#8221;4.27.4&#8243; _module_preset=&#8221;default&#8221; text_font=&#8221;Montserrat||||||||&#8221; text_line_height=&#8221;2.6em&#8221; global_colors_info=&#8221;{}&#8221;]<p>De l\u2019\u00e9ducation populaire aux plateformes coop\u00e9ratives en passant par les communs num\u00e9riques, les acteurs de l\u2019ESS num\u00e9rique apportent des r\u00e9ponses compl\u00e9mentaires.<br data-start=\"1785\" data-end=\"1788\" \/>\n<ul>\n<li>Leur structuration collective est essentielle pour b\u00e2tir une souverainet\u00e9 num\u00e9rique europ\u00e9enne fond\u00e9e sur des valeurs humaines.<\/li>\n<\/ul>[\/et_pb_text][et_pb_heading title=&#8221;Notre projet 2025 : documenter l\u2019ESS num\u00e9rique&#8221; _builder_version=&#8221;4.27.4&#8243; _module_preset=&#8221;default&#8221; title_level=&#8221;h2&#8243; title_font=&#8221;&#8211;et_global_heading_font|500|||||||&#8221; title_text_color=&#8221;#8300E9&#8243; global_colors_info=&#8221;{}&#8221;][\/et_pb_heading][et_pb_text _builder_version=&#8221;4.27.4&#8243; _module_preset=&#8221;default&#8221; text_font=&#8221;Montserrat||||||||&#8221; text_line_height=&#8221;2.6em&#8221; global_colors_info=&#8221;{}&#8221;]<p data-start=\"1984\" data-end=\"2086\">SOGA lance une grande enqu\u00eate pour objectiver l\u2019impact des diff\u00e9rentes familles de l\u2019ESS num\u00e9rique :<\/p>\n<ul data-start=\"2087\" data-end=\"2234\">\n<li data-start=\"2087\" data-end=\"2122\">\n<p data-start=\"2089\" data-end=\"2122\">Insertion &amp; \u00e9conomie circulaire <span style=\"font-weight: 400;\">: formation num\u00e9rique avec <\/span><b style=\"font-size: 16px;\">Les Assembleurs<\/b><span style=\"font-weight: 400;\">, <\/span><b style=\"font-size: 16px;\">Solinum<\/b><span style=\"font-weight: 400;\">.<\/span><\/p>\n<\/li>\n<li data-start=\"2123\" data-end=\"2158\">\n<p data-start=\"2125\" data-end=\"2158\">\u00c9ducation populaire &amp; inclusion : <b style=\"font-size: 16px;\">T\u00e9l\u00e9coop<\/b><span style=\"font-size: 16px;\"> innove en proposant un op\u00e9rateur coop\u00e9ratif.<\/span><\/p>\n<\/li>\n<li data-start=\"2159\" data-end=\"2193\">\n<p data-start=\"2161\" data-end=\"2193\">Communs num\u00e9riques &amp; open data : <b style=\"font-size: 16px;\">Open food facts<\/b><span style=\"font-weight: 400;\">, <\/span><b style=\"font-size: 16px;\">Data for Good, Emma\u00fcs Connect<\/b><span style=\"font-weight: 400;\"> construisent des bases de donn\u00e9es ouvertes pour la transition environnementale.<\/span><\/p>\n<\/li>\n<li data-start=\"2194\" data-end=\"2234\">\n<p data-start=\"2196\" data-end=\"2234\">Plateformes solidaires &amp; souveraines <span style=\"font-weight: 400;\">: <\/span><a href=\"https:\/\/www.label-emmaus.co\/fr\/\" style=\"font-size: 16px;\"><b>Label Emma\u00fcs<\/b><\/a><span style=\"font-weight: 400;\"> d\u00e9veloppe des plateformes \u00e9thiques.<\/span><\/p>\n<\/li>\n<\/ul>\n<p data-start=\"2236\" data-end=\"2304\">Objectif : mieux coconstruire les politiques publiques de demain.<\/p>[\/et_pb_text][et_pb_heading title=&#8221;Ce que disent les \u00e9tudes cl\u00e9s du printemps 2025 :&#8221; _builder_version=&#8221;4.27.4&#8243; _module_preset=&#8221;default&#8221; title_level=&#8221;h2&#8243; title_font=&#8221;&#8211;et_global_heading_font|500|||||||&#8221; title_text_color=&#8221;#8300E9&#8243; global_colors_info=&#8221;{}&#8221;][\/et_pb_heading][et_pb_text _builder_version=&#8221;4.27.4&#8243; _module_preset=&#8221;default&#8221; text_font=&#8221;Montserrat||||||||&#8221; text_line_height=&#8221;2.6em&#8221; global_colors_info=&#8221;{}&#8221;]<ul>\n<li data-start=\"2373\" data-end=\"2436\">\n<p data-start=\"2375\" data-end=\"2436\"><a href=\"https:\/\/www.arcep.fr\/cartes-et-donnees\/nos-publications-chiffrees\/impact-environnemental\/enquete-annuelle-pour-un-numerique-soutenable-edition-2025.html\"><strong data-start=\"2375\" data-end=\"2384\">ARCEP<\/strong> <\/a>: explosion des \u00e9missions li\u00e9es aux data centers.<\/p>\n<\/li>\n<li data-start=\"2437\" data-end=\"2515\">\n<p data-start=\"2439\" data-end=\"2515\"><a href=\"https:\/\/librairie.ademe.fr\/societe-et-politiques-publiques\/7880-9522-evaluation-de-l-impact-environnemental-du-numerique-en-france.html\"><strong data-start=\"2439\" data-end=\"2456\">ARCEP x ADEME<\/strong><\/a> : trajectoires alarmantes si rien n\u2019est fait d\u2019ici 2030.<\/p>\n<\/li>\n<li data-start=\"2516\" data-end=\"2607\">\n<p data-start=\"2518\" data-end=\"2607\"><a href=\"https:\/\/www.arcep.fr\/cartes-et-donnees\/nos-publications-chiffrees\/barometre-du-numerique\/le-barometre-du-numerique-edition-2025.html\"><strong data-start=\"2518\" data-end=\"2528\">Cr\u00e9doc<\/strong> <\/a>: des in\u00e9galit\u00e9s num\u00e9riques persistantes, surtout chez les publics fragiles.<\/p>\n<\/li>\n<li data-start=\"2608\" data-end=\"2681\">\n<p data-start=\"2610\" data-end=\"2681\"><a href=\"https:\/\/theshiftproject.org\/article\/rapport-intermediaire-ia\/\"><strong data-start=\"2610\" data-end=\"2627\">Shift Project<\/strong> <\/a>: l\u2019IA g\u00e9n\u00e9rative menace les \u00e9quilibres \u00e9nerg\u00e9tiques.<\/p>\n<\/li>\n<\/ul>[\/et_pb_text][et_pb_heading title=&#8221;Rejoignez le mouvement&#8221; _builder_version=&#8221;4.27.4&#8243; _module_preset=&#8221;default&#8221; title_level=&#8221;h2&#8243; title_font=&#8221;&#8211;et_global_heading_font|500|||||||&#8221; title_text_color=&#8221;#8300E9&#8243; global_colors_info=&#8221;{}&#8221;][\/et_pb_heading][et_pb_text _builder_version=&#8221;4.27.4&#8243; _module_preset=&#8221;default&#8221; text_font=&#8221;Montserrat||||||||&#8221; text_line_height=&#8221;2.6em&#8221; global_colors_info=&#8221;{}&#8221;]<p>Soutenir l\u2019ESS num\u00e9rique, c\u2019est d\u00e9fendre un num\u00e9rique utile, humain et durable.<br data-start=\"2802\" data-end=\"2805\" \/>\ud83d\udfe3 <a href=\"https:\/\/www.helloasso.com\/associations\/social-good-accelerator\/formulaires\/5\/widget\">Je soutiens SOGA<\/a><br data-start=\"2829\" data-end=\"2832\" \/>\ud83d\udfe2 <a href=\"https:\/\/www.helloasso.com\/associations\/social-good-accelerator\/adhesions\/adhesion-au-social-good-accelerator-2024\/\">Je deviens membre<\/a><br data-start=\"2857\" data-end=\"2860\" \/>\ud83d\udd35 <a data-start=\"2863\" data-end=\"2891\" class=\"\" rel=\"noopener\" href=\"https:\/\/socialgoodaccelerator.eu\/en_gb\/project\/nos-projets-innovation-pour-economie-sociale\/\">Je d\u00e9couvre nos projets<\/a><\/p>[\/et_pb_text][\/et_pb_column][\/et_pb_row][et_pb_row _builder_version=&#8221;4.27.4&#8243; _module_preset=&#8221;default&#8221; custom_padding=&#8221;40px||92px|||&#8221; global_colors_info=&#8221;{}&#8221;][et_pb_column type=&#8221;4_4&#8243; _builder_version=&#8221;4.27.4&#8243; _module_preset=&#8221;default&#8221; global_colors_info=&#8221;{}&#8221;][et_pb_accordion _builder_version=&#8221;4.27.4&#8243; _module_preset=&#8221;default&#8221; global_colors_info=&#8221;{}&#8221;][et_pb_accordion_item title=&#8221;\u2705 Qu\u2019est-ce que l\u2019ESS num\u00e9rique ?&#8221; open=&#8221;on&#8221; open_toggle_text_color=&#8221;#8300E9&#8243; open_toggle_background_color=&#8221;gcid-80d58d44-bc1c-4709-ad27-9f2cb2909904&#8243; _builder_version=&#8221;4.27.4&#8243; _module_preset=&#8221;default&#8221; body_font=&#8221;Montserrat||||||||&#8221; global_colors_info=&#8221;{%22gcid-80d58d44-bc1c-4709-ad27-9f2cb2909904%22:%91%22open_toggle_background_color%22%93}&#8221; toggle_level=&#8221;h3&#8243; toggle_font=&#8221;&#8211;et_global_heading_font|500|||||||&#8221;]<p>L\u2019ESS num\u00e9rique d\u00e9signe l\u2019ensemble des acteurs de l\u2019\u00c9conomie Sociale et Solidaire qui d\u00e9veloppent ou utilisent des outils num\u00e9riques au service de l\u2019int\u00e9r\u00eat g\u00e9n\u00e9ral. Cela inclut les structures d\u2019insertion, les communs num\u00e9riques, les plateformes coop\u00e9ratives ou les initiatives d\u2019inclusion num\u00e9rique. Ces organisations allient innovation technologique, gouvernance d\u00e9mocratique et impact social ou environnemental.<\/p>[\/et_pb_accordion_item][et_pb_accordion_item title=&#8221;\ud83c\udf10 Quel est le r\u00f4le de l\u2019ESS dans la transition num\u00e9rique ?&#8221; open_toggle_text_color=&#8221;#8300E9&#8243; open_toggle_background_color=&#8221;gcid-80d58d44-bc1c-4709-ad27-9f2cb2909904&#8243; _builder_version=&#8221;4.27.4&#8243; _module_preset=&#8221;default&#8221; body_font=&#8221;Montserrat||||||||&#8221; global_colors_info=&#8221;{%22gcid-80d58d44-bc1c-4709-ad27-9f2cb2909904%22:%91%22open_toggle_background_color%22%93}&#8221; toggle_level=&#8221;h3&#8243; toggle_font=&#8221;&#8211;et_global_heading_font|500|||||||&#8221; open=&#8221;off&#8221;]<p data-start=\"851\" data-end=\"1000\">L\u2019ESS joue un r\u00f4le fondamental pour rendre la transition num\u00e9rique plus inclusive, \u00e9thique et durable. Elle agit concr\u00e8tement sur le terrain pour :<\/p>\n<ul data-start=\"1001\" data-end=\"1202\">\n<li data-start=\"1001\" data-end=\"1048\">\n<p data-start=\"1003\" data-end=\"1048\">R\u00e9duire les in\u00e9galit\u00e9s d\u2019acc\u00e8s au num\u00e9rique<\/p>\n<\/li>\n<li data-start=\"1049\" data-end=\"1100\">\n<p data-start=\"1051\" data-end=\"1100\">Promouvoir des solutions alternatives aux GAFAM<\/p>\n<\/li>\n<li data-start=\"1101\" data-end=\"1152\">\n<p data-start=\"1103\" data-end=\"1152\">Encourager le reconditionnement des \u00e9quipements<\/p>\n<\/li>\n<li data-start=\"1153\" data-end=\"1202\">\n<p data-start=\"1155\" data-end=\"1202\">D\u00e9fendre la souverainet\u00e9 num\u00e9rique europ\u00e9enne<\/p>\n<\/li>\n<\/ul>[\/et_pb_accordion_item][et_pb_accordion_item title=&#8221;\ud83d\udcc9 En quoi le num\u00e9rique aggrave-t-il l\u2019impact environnemental ?&#8221; open_toggle_text_color=&#8221;#8300E9&#8243; open_toggle_background_color=&#8221;gcid-80d58d44-bc1c-4709-ad27-9f2cb2909904&#8243; _builder_version=&#8221;4.27.4&#8243; _module_preset=&#8221;default&#8221; body_font=&#8221;Montserrat||||||||&#8221; global_colors_info=&#8221;{%22gcid-80d58d44-bc1c-4709-ad27-9f2cb2909904%22:%91%22open_toggle_background_color%22%93}&#8221; toggle_level=&#8221;h3&#8243; toggle_font=&#8221;&#8211;et_global_heading_font|500|||||||&#8221; open=&#8221;off&#8221;]<p data-start=\"1272\" data-end=\"1330\">Le num\u00e9rique a une empreinte carbone croissante, due \u00e0 :<\/p>\n<ul data-start=\"1331\" data-end=\"1628\">\n<li data-start=\"1331\" data-end=\"1390\">\n<p data-start=\"1333\" data-end=\"1390\">La fabrication d\u2019\u00e9quipements (ordinateurs, smartphones)<\/p>\n<\/li>\n<li data-start=\"1391\" data-end=\"1452\">\n<p data-start=\"1393\" data-end=\"1452\">L&#8217;explosion des volumes de donn\u00e9es \u00e0 stocker et \u00e0 traiter<\/p>\n<\/li>\n<li data-start=\"1453\" data-end=\"1628\">\n<p data-start=\"1455\" data-end=\"1628\">Le d\u00e9veloppement rapide de l\u2019intelligence artificielle g\u00e9n\u00e9rative<br data-start=\"1520\" data-end=\"1523\" \/>Les centres de donn\u00e9es, en particulier, consomment de plus en plus d\u2019\u00e9nergie et de ressources naturelles.<\/p>\n<\/li>\n<\/ul>[\/et_pb_accordion_item][et_pb_accordion_item title=&#8221;\u2705 Qu\u2019est-ce que l\u2019ESS num\u00e9rique ?&#8221; open_toggle_text_color=&#8221;#8300E9&#8243; open_toggle_background_color=&#8221;gcid-80d58d44-bc1c-4709-ad27-9f2cb2909904&#8243; _builder_version=&#8221;4.27.4&#8243; _module_preset=&#8221;default&#8221; body_font=&#8221;Montserrat||||||||&#8221; global_colors_info=&#8221;{%22gcid-80d58d44-bc1c-4709-ad27-9f2cb2909904%22:%91%22open_toggle_background_color%22%93}&#8221; toggle_level=&#8221;h3&#8243; toggle_font=&#8221;&#8211;et_global_heading_font|500|||||||&#8221; open=&#8221;off&#8221;]<p>L\u2019ESS num\u00e9rique d\u00e9signe l\u2019ensemble des acteurs de l\u2019\u00c9conomie Sociale et Solidaire qui d\u00e9veloppent ou utilisent des outils num\u00e9riques au service de l\u2019int\u00e9r\u00eat g\u00e9n\u00e9ral. Cela inclut les structures d\u2019insertion, les communs num\u00e9riques, les plateformes coop\u00e9ratives ou les initiatives d\u2019inclusion num\u00e9rique. Ces organisations allient innovation technologique, gouvernance d\u00e9mocratique et impact social ou environnemental.<\/p>[\/et_pb_accordion_item][et_pb_accordion_item title=&#8221;\ud83e\udde0 Que propose l\u2019ESS pour un num\u00e9rique plus responsable ?&#8221; open_toggle_text_color=&#8221;#8300E9&#8243; open_toggle_background_color=&#8221;gcid-80d58d44-bc1c-4709-ad27-9f2cb2909904&#8243; _builder_version=&#8221;4.27.4&#8243; _module_preset=&#8221;default&#8221; body_font=&#8221;Montserrat||||||||&#8221; global_colors_info=&#8221;{%22gcid-80d58d44-bc1c-4709-ad27-9f2cb2909904%22:%91%22open_toggle_background_color%22%93}&#8221; toggle_level=&#8221;h3&#8243; toggle_font=&#8221;&#8211;et_global_heading_font|500|||||||&#8221; open=&#8221;off&#8221;]<p data-start=\"1692\" data-end=\"1752\">L\u2019ESS num\u00e9rique propose des alternatives concr\u00e8tes comme :<\/p>\n<ul data-start=\"1753\" data-end=\"2004\">\n<li data-start=\"1753\" data-end=\"1824\">\n<p data-start=\"1755\" data-end=\"1824\">Le reconditionnement d\u2019\u00e9quipements (Ecodair, Envie, Emma\u00fcs Connect)<\/p>\n<\/li>\n<li data-start=\"1825\" data-end=\"1875\">\n<p data-start=\"1827\" data-end=\"1875\">Des op\u00e9rateurs t\u00e9l\u00e9coms coop\u00e9ratifs (T\u00e9l\u00e9coop)<\/p>\n<\/li>\n<li data-start=\"1876\" data-end=\"1927\">\n<p data-start=\"1878\" data-end=\"1927\">Des bases de donn\u00e9es ouvertes (Open Food Facts)<\/p>\n<\/li>\n<li data-start=\"1928\" data-end=\"2004\">\n<p data-start=\"1930\" data-end=\"2004\">Des outils de mesure de l\u2019empreinte num\u00e9rique (Data For Good, Latitudes)<\/p>\n<\/li>\n<\/ul>[\/et_pb_accordion_item][et_pb_accordion_item title=&#8221;\ud83d\uddfa\ufe0f Quelles sont les grandes familles d\u2019acteurs de l\u2019ESS num\u00e9rique ?&#8221; open_toggle_text_color=&#8221;#8300E9&#8243; open_toggle_background_color=&#8221;gcid-80d58d44-bc1c-4709-ad27-9f2cb2909904&#8243; _builder_version=&#8221;4.27.4&#8243; _module_preset=&#8221;default&#8221; body_font=&#8221;Montserrat||||||||&#8221; global_colors_info=&#8221;{%22gcid-80d58d44-bc1c-4709-ad27-9f2cb2909904%22:%91%22open_toggle_background_color%22%93}&#8221; toggle_level=&#8221;h3&#8243; toggle_font=&#8221;&#8211;et_global_heading_font|500|||||||&#8221; open=&#8221;off&#8221;]<p data-start=\"2079\" data-end=\"2138\">On peut regrouper l\u2019ESS num\u00e9rique en plusieurs familles :<\/p>\n<ul data-start=\"2139\" data-end=\"2409\">\n<li data-start=\"2139\" data-end=\"2208\">\n<p data-start=\"2141\" data-end=\"2208\"><strong data-start=\"2141\" data-end=\"2164\">\u00c9conomie circulaire<\/strong> : r\u00e9emploi, r\u00e9paration, reconditionnement<\/p>\n<\/li>\n<li data-start=\"2209\" data-end=\"2271\">\n<p data-start=\"2211\" data-end=\"2271\"><strong data-start=\"2211\" data-end=\"2234\">\u00c9ducation populaire<\/strong> : inclusion et formation num\u00e9rique<\/p>\n<\/li>\n<li data-start=\"2272\" data-end=\"2327\">\n<p data-start=\"2274\" data-end=\"2327\"><strong data-start=\"2274\" data-end=\"2296\">Communs num\u00e9riques<\/strong> : outils libres et open data<\/p>\n<\/li>\n<li data-start=\"2328\" data-end=\"2409\">\n<p data-start=\"2330\" data-end=\"2409\"><strong data-start=\"2330\" data-end=\"2358\">Plateformes coop\u00e9ratives<\/strong> : alternatives \u00e9thiques aux plateformes dominantes<\/p>\n<\/li>\n<\/ul>[\/et_pb_accordion_item][et_pb_accordion_item title=&#8221;\ud83d\udcca Quelles \u00e9tudes r\u00e9centes documentent ces enjeux ?&#8221; open_toggle_text_color=&#8221;#8300E9&#8243; open_toggle_background_color=&#8221;gcid-80d58d44-bc1c-4709-ad27-9f2cb2909904&#8243; _builder_version=&#8221;4.27.4&#8243; _module_preset=&#8221;default&#8221; body_font=&#8221;Montserrat||||||||&#8221; global_colors_info=&#8221;{%22gcid-80d58d44-bc1c-4709-ad27-9f2cb2909904%22:%91%22open_toggle_background_color%22%93}&#8221; toggle_level=&#8221;h3&#8243; toggle_font=&#8221;&#8211;et_global_heading_font|500|||||||&#8221; open=&#8221;off&#8221;]<p data-start=\"2467\" data-end=\"2543\">Plusieurs rapports publi\u00e9s au premier trimestre 2025 renforcent l\u2019alerte :<\/p>\n<ul data-start=\"2544\" data-end=\"2791\">\n<li data-start=\"2544\" data-end=\"2600\">\n<p data-start=\"2546\" data-end=\"2600\">Le Barom\u00e8tre du num\u00e9rique 2025 (Cr\u00e9doc, ARCEP, ANCT)<\/p>\n<\/li>\n<li data-start=\"2601\" data-end=\"2655\">\n<p data-start=\"2603\" data-end=\"2655\">Le rapport interm\u00e9diaire du Shift Project sur l\u2019IA<\/p>\n<\/li>\n<li data-start=\"2656\" data-end=\"2730\">\n<p data-start=\"2658\" data-end=\"2730\">L\u2019\u00e9tude ARCEP x ADEME sur la trajectoire environnementale du num\u00e9rique<\/p>\n<\/li>\n<li data-start=\"2731\" data-end=\"2791\">\n<p data-start=\"2733\" data-end=\"2791\">Le rapport annuel <em data-start=\"2751\" data-end=\"2781\">Pour un num\u00e9rique soutenable<\/em> (ARCEP)<\/p>\n<\/li>\n<\/ul>[\/et_pb_accordion_item][et_pb_accordion_item title=&#8221;\ud83e\udd1d Comment soutenir ou rejoindre le mouvement ESS num\u00e9rique ?&#8221; open_toggle_text_color=&#8221;#8300E9&#8243; open_toggle_background_color=&#8221;gcid-80d58d44-bc1c-4709-ad27-9f2cb2909904&#8243; _builder_version=&#8221;4.27.4&#8243; _module_preset=&#8221;default&#8221; body_font=&#8221;Montserrat||||||||&#8221; global_colors_info=&#8221;{%22gcid-80d58d44-bc1c-4709-ad27-9f2cb2909904%22:%91%22open_toggle_background_color%22%93}&#8221; toggle_level=&#8221;h3&#8243; toggle_font=&#8221;&#8211;et_global_heading_font|500|||||||&#8221; open=&#8221;off&#8221;]<p data-start=\"2859\" data-end=\"2874\">Vous pouvez :<\/p>\n<ul data-start=\"2875\" data-end=\"3113\">\n<li data-start=\"2875\" data-end=\"2955\">\n<p data-start=\"2877\" data-end=\"2955\"><strong data-start=\"2877\" data-end=\"2915\">Adh\u00e9rer au Social Good Accelerator<\/strong> pour rejoindre une communaut\u00e9 engag\u00e9e<\/p>\n<\/li>\n<li data-start=\"2956\" data-end=\"3038\">\n<p data-start=\"2958\" data-end=\"3038\"><strong data-start=\"2958\" data-end=\"2974\">Faire un don<\/strong> pour soutenir les projets de transformation num\u00e9rique \u00e9thique<\/p>\n<\/li>\n<li data-start=\"3039\" data-end=\"3113\">\n<p data-start=\"3041\" data-end=\"3113\"><strong data-start=\"3041\" data-end=\"3072\">Participer \u00e0 nos \u00e9v\u00e9nements<\/strong> ou contribuer \u00e0 nos groupes de travail<\/p>\n<\/li>\n<\/ul>[\/et_pb_accordion_item][\/et_pb_accordion][\/et_pb_column][\/et_pb_row][\/et_pb_section]",
        "protected": false
    },
    "excerpt": {
        "rendered": "<div class=\"et_pb_module ba_gradient_heading ba_gradient_heading_0\">\n\t\t\t\t\n\t\t\t\t\n\t\t\t\t\n\t\t\t\t\n\t\t\t\t\n\t\t\t\t\n\t\t\t\t<div class=\"et_pb_module_inner\">\n\t\t\t\t\t<&#8221;h2&#8243; class=\"dtq-gradient-heading\">&#8221;Quatre<\/&#8221;h2&#8243;>\n\t\t\t\t<\/div>\n\t\t\t<\/div>",
        "protected": false
    },
    "author": 1,
    "featured_media": 56883,
    "comment_status": "closed",
    "ping_status": "closed",
    "sticky": false,
    "template": "",
    "format": "standard",
    "meta": {
        "_et_pb_use_builder": "on",
        "_et_pb_old_content": "",
        "_et_gb_content_width": "",
        "jetpack_post_was_ever_published": false,
        "_jetpack_newsletter_access": "",
        "_jetpack_dont_email_post_to_subs": false,
        "_jetpack_newsletter_tier_id": 0,
        "_jetpack_memberships_contains_paywalled_content": false,
        "_jetpack_memberships_contains_paid_content": false,
        "footnotes": ""
    },
    "categories": [
        405,
        77,
        403
    ],
    "tags": [
        385,
        395,
        397
    ],
    "class_list": [
        "post-55067",
        "post",
        "type-post",
        "status-publish",
        "format-standard",
        "has-post-thumbnail",
        "hentry",
        "category-communs-et-plaidoyer",
        "category-editorial",
        "category-revue-de-presse",
        "tag-donnees-et-communs",
        "tag-etudes-et-enquetes",
        "tag-observatoire-social-tech-et-ess"
    ],
    "yoast_head": "<!-- This site is optimized with the Yoast SEO plugin v27.4 - https:\/\/yoast.com\/product\/yoast-seo-wordpress\/ -->\n<title>Quatre \u00e9tudes en 2025, un constat : l\u2019ESS num\u00e9rique en premi\u00e8re ligne pour un num\u00e9rique soutenable et inclusif - SOGA<\/title>\n<meta name=\"description\" content=\"Quatre \u00e9tudes en 2025, un constat : l\u2019ESS num\u00e9rique en premi\u00e8re ligne pour un num\u00e9rique soutenable et inclusif\" \/>\n<meta name=\"robots\" content=\"index, follow, max-snippet:-1, max-image-preview:large, max-video-preview:-1\" \/>\n<link rel=\"canonical\" href=\"https:\/\/socialgoodaccelerator.eu\/en_gb\/2025\/08\/05\/quatre-etudes-en-2025-sur-le-numerique-soutenable-et-inclusif\/\" \/>\n<meta property=\"og:locale\" content=\"en_GB\" \/>\n<meta property=\"og:type\" content=\"article\" \/>\n<meta property=\"og:title\" content=\"Quatre \u00e9tudes en 2025, un constat : l\u2019ESS num\u00e9rique en premi\u00e8re ligne pour un num\u00e9rique soutenable et inclusif - SOGA\" \/>\n<meta property=\"og:description\" content=\"Quatre \u00e9tudes en 2025, un constat : l\u2019ESS num\u00e9rique en premi\u00e8re ligne pour un num\u00e9rique soutenable et inclusif\" \/>\n<meta property=\"og:url\" content=\"https:\/\/socialgoodaccelerator.eu\/en_gb\/2025\/08\/05\/quatre-etudes-en-2025-sur-le-numerique-soutenable-et-inclusif\/\" \/>\n<meta property=\"og:site_name\" content=\"SOGA\" \/>\n<meta property=\"article:publisher\" content=\"https:\/\/www.facebook.com\/SocialGoodAccel.EU\/\" \/>\n<meta property=\"article:published_time\" content=\"2025-08-05T14:49:53+00:00\" \/>\n<meta property=\"article:modified_time\" content=\"2026-02-25T08:53:13+00:00\" \/>\n<meta property=\"og:image\" content=\"http:\/\/socialgoodaccelerator.eu\/wp-content\/uploads\/2026\/02\/SOGA-NEC-ESS-EUROPE-2023-PARIS-Wlad-Simitch-36-scaled.jpg\" \/>\n\t<meta property=\"og:image:width\" content=\"2560\" \/>\n\t<meta property=\"og:image:height\" content=\"1708\" \/>\n\t<meta property=\"og:image:type\" content=\"image\/jpeg\" \/>\n<meta name=\"author\" content=\"sogaccelerator\" \/>\n<meta name=\"twitter:card\" content=\"summary_large_image\" \/>\n<meta name=\"twitter:label1\" content=\"Written by\" \/>\n\t<meta name=\"twitter:data1\" content=\"sogaccelerator\" \/>\n\t<meta name=\"twitter:label2\" content=\"Estimated reading time\" \/>\n\t<meta name=\"twitter:data2\" content=\"5 minutes\" \/>\n<script type=\"application\/ld+json\" class=\"yoast-schema-graph\">{\"@context\":\"https:\\\/\\\/schema.org\",\"@graph\":[{\"@type\":\"Article\",\"@id\":\"https:\\\/\\\/socialgoodaccelerator.eu\\\/2025\\\/08\\\/05\\\/quatre-etudes-en-2025-sur-le-numerique-soutenable-et-inclusif\\\/#article\",\"isPartOf\":{\"@id\":\"https:\\\/\\\/socialgoodaccelerator.eu\\\/2025\\\/08\\\/05\\\/quatre-etudes-en-2025-sur-le-numerique-soutenable-et-inclusif\\\/\"},\"author\":{\"name\":\"sogaccelerator\",\"@id\":\"https:\\\/\\\/socialgoodaccelerator.eu\\\/#\\\/schema\\\/person\\\/0320622db91fd4a2ddef724cbdee0c3e\"},\"headline\":\"Quatre \u00e9tudes en 2025, un constat : l\u2019ESS num\u00e9rique en premi\u00e8re ligne pour un num\u00e9rique soutenable et inclusif\",\"datePublished\":\"2025-08-05T14:49:53+00:00\",\"dateModified\":\"2026-02-25T08:53:13+00:00\",\"mainEntityOfPage\":{\"@id\":\"https:\\\/\\\/socialgoodaccelerator.eu\\\/2025\\\/08\\\/05\\\/quatre-etudes-en-2025-sur-le-numerique-soutenable-et-inclusif\\\/\"},\"wordCount\":2366,\"publisher\":{\"@id\":\"https:\\\/\\\/socialgoodaccelerator.eu\\\/#organization\"},\"image\":{\"@id\":\"https:\\\/\\\/socialgoodaccelerator.eu\\\/2025\\\/08\\\/05\\\/quatre-etudes-en-2025-sur-le-numerique-soutenable-et-inclusif\\\/#primaryimage\"},\"thumbnailUrl\":\"https:\\\/\\\/i0.wp.com\\\/socialgoodaccelerator.eu\\\/wp-content\\\/uploads\\\/2026\\\/02\\\/SOGA-NEC-ESS-EUROPE-2023-PARIS-Wlad-Simitch-36-scaled.jpg?fit=2560%2C1708&ssl=1\",\"keywords\":[\"Donn\u00e9es &amp; communs\",\"\u00c9tudes &amp; enqu\u00eates\",\"Observatoire Social Tech &amp; ESS\"],\"articleSection\":[\"Communs &amp; plaidoyer\",\"Editorial\",\"Revue de presse\"],\"inLanguage\":\"en-GB\"},{\"@type\":\"WebPage\",\"@id\":\"https:\\\/\\\/socialgoodaccelerator.eu\\\/2025\\\/08\\\/05\\\/quatre-etudes-en-2025-sur-le-numerique-soutenable-et-inclusif\\\/\",\"url\":\"https:\\\/\\\/socialgoodaccelerator.eu\\\/2025\\\/08\\\/05\\\/quatre-etudes-en-2025-sur-le-numerique-soutenable-et-inclusif\\\/\",\"name\":\"Quatre \u00e9tudes en 2025, un constat : l\u2019ESS num\u00e9rique en premi\u00e8re ligne pour un num\u00e9rique soutenable et inclusif - SOGA\",\"isPartOf\":{\"@id\":\"https:\\\/\\\/socialgoodaccelerator.eu\\\/#website\"},\"primaryImageOfPage\":{\"@id\":\"https:\\\/\\\/socialgoodaccelerator.eu\\\/2025\\\/08\\\/05\\\/quatre-etudes-en-2025-sur-le-numerique-soutenable-et-inclusif\\\/#primaryimage\"},\"image\":{\"@id\":\"https:\\\/\\\/socialgoodaccelerator.eu\\\/2025\\\/08\\\/05\\\/quatre-etudes-en-2025-sur-le-numerique-soutenable-et-inclusif\\\/#primaryimage\"},\"thumbnailUrl\":\"https:\\\/\\\/i0.wp.com\\\/socialgoodaccelerator.eu\\\/wp-content\\\/uploads\\\/2026\\\/02\\\/SOGA-NEC-ESS-EUROPE-2023-PARIS-Wlad-Simitch-36-scaled.jpg?fit=2560%2C1708&ssl=1\",\"datePublished\":\"2025-08-05T14:49:53+00:00\",\"dateModified\":\"2026-02-25T08:53:13+00:00\",\"description\":\"Quatre \u00e9tudes en 2025, un constat : l\u2019ESS num\u00e9rique en premi\u00e8re ligne pour un num\u00e9rique soutenable et inclusif\",\"breadcrumb\":{\"@id\":\"https:\\\/\\\/socialgoodaccelerator.eu\\\/2025\\\/08\\\/05\\\/quatre-etudes-en-2025-sur-le-numerique-soutenable-et-inclusif\\\/#breadcrumb\"},\"inLanguage\":\"en-GB\",\"potentialAction\":[{\"@type\":\"ReadAction\",\"target\":[\"https:\\\/\\\/socialgoodaccelerator.eu\\\/2025\\\/08\\\/05\\\/quatre-etudes-en-2025-sur-le-numerique-soutenable-et-inclusif\\\/\"]}]},{\"@type\":\"ImageObject\",\"inLanguage\":\"en-GB\",\"@id\":\"https:\\\/\\\/socialgoodaccelerator.eu\\\/2025\\\/08\\\/05\\\/quatre-etudes-en-2025-sur-le-numerique-soutenable-et-inclusif\\\/#primaryimage\",\"url\":\"https:\\\/\\\/i0.wp.com\\\/socialgoodaccelerator.eu\\\/wp-content\\\/uploads\\\/2026\\\/02\\\/SOGA-NEC-ESS-EUROPE-2023-PARIS-Wlad-Simitch-36-scaled.jpg?fit=2560%2C1708&ssl=1\",\"contentUrl\":\"https:\\\/\\\/i0.wp.com\\\/socialgoodaccelerator.eu\\\/wp-content\\\/uploads\\\/2026\\\/02\\\/SOGA-NEC-ESS-EUROPE-2023-PARIS-Wlad-Simitch-36-scaled.jpg?fit=2560%2C1708&ssl=1\",\"width\":2560,\"height\":1708},{\"@type\":\"BreadcrumbList\",\"@id\":\"https:\\\/\\\/socialgoodaccelerator.eu\\\/2025\\\/08\\\/05\\\/quatre-etudes-en-2025-sur-le-numerique-soutenable-et-inclusif\\\/#breadcrumb\",\"itemListElement\":[{\"@type\":\"ListItem\",\"position\":1,\"name\":\"Accueil\",\"item\":\"https:\\\/\\\/socialgoodaccelerator.eu\\\/\"},{\"@type\":\"ListItem\",\"position\":2,\"name\":\"Quatre \u00e9tudes en 2025, un constat : l\u2019ESS num\u00e9rique en premi\u00e8re ligne pour un num\u00e9rique soutenable et inclusif\"}]},{\"@type\":\"WebSite\",\"@id\":\"https:\\\/\\\/socialgoodaccelerator.eu\\\/#website\",\"url\":\"https:\\\/\\\/socialgoodaccelerator.eu\\\/\",\"name\":\"Social Good Accelerator\",\"description\":\"Acc\u00e9l\u00e9rer l&#039;ESS num\u00e9rique\",\"publisher\":{\"@id\":\"https:\\\/\\\/socialgoodaccelerator.eu\\\/#organization\"},\"alternateName\":\"SOGA\",\"potentialAction\":[{\"@type\":\"SearchAction\",\"target\":{\"@type\":\"EntryPoint\",\"urlTemplate\":\"https:\\\/\\\/socialgoodaccelerator.eu\\\/?s={search_term_string}\"},\"query-input\":{\"@type\":\"PropertyValueSpecification\",\"valueRequired\":true,\"valueName\":\"search_term_string\"}}],\"inLanguage\":\"en-GB\"},{\"@type\":\"Organization\",\"@id\":\"https:\\\/\\\/socialgoodaccelerator.eu\\\/#organization\",\"name\":\"Social Good Accelerator\",\"alternateName\":\"SOGA\",\"url\":\"https:\\\/\\\/socialgoodaccelerator.eu\\\/\",\"logo\":{\"@type\":\"ImageObject\",\"inLanguage\":\"en-GB\",\"@id\":\"https:\\\/\\\/socialgoodaccelerator.eu\\\/#\\\/schema\\\/logo\\\/image\\\/\",\"url\":\"https:\\\/\\\/i0.wp.com\\\/socialgoodaccelerator.eu\\\/wp-content\\\/uploads\\\/2023\\\/10\\\/cropped-LOGO-SOGA-V-FR.png?fit=512%2C512&ssl=1\",\"contentUrl\":\"https:\\\/\\\/i0.wp.com\\\/socialgoodaccelerator.eu\\\/wp-content\\\/uploads\\\/2023\\\/10\\\/cropped-LOGO-SOGA-V-FR.png?fit=512%2C512&ssl=1\",\"width\":512,\"height\":512,\"caption\":\"Social Good Accelerator\"},\"image\":{\"@id\":\"https:\\\/\\\/socialgoodaccelerator.eu\\\/#\\\/schema\\\/logo\\\/image\\\/\"},\"sameAs\":[\"https:\\\/\\\/www.facebook.com\\\/SocialGoodAccel.EU\\\/\",\"https:\\\/\\\/www.youtube.com\\\/@socialgoodaccelerator772\",\"https:\\\/\\\/www.youtube.com\\\/@SocialTechAcademy-eg6hp\"]},{\"@type\":\"Person\",\"@id\":\"https:\\\/\\\/socialgoodaccelerator.eu\\\/#\\\/schema\\\/person\\\/0320622db91fd4a2ddef724cbdee0c3e\",\"name\":\"sogaccelerator\",\"image\":{\"@type\":\"ImageObject\",\"inLanguage\":\"en-GB\",\"@id\":\"https:\\\/\\\/secure.gravatar.com\\\/avatar\\\/99aef05386587650bb056a1275ce2e339bfe398930f37eb7262163da89aad453?s=96&d=mm&r=g\",\"url\":\"https:\\\/\\\/secure.gravatar.com\\\/avatar\\\/99aef05386587650bb056a1275ce2e339bfe398930f37eb7262163da89aad453?s=96&d=mm&r=g\",\"contentUrl\":\"https:\\\/\\\/secure.gravatar.com\\\/avatar\\\/99aef05386587650bb056a1275ce2e339bfe398930f37eb7262163da89aad453?s=96&d=mm&r=g\",\"caption\":\"sogaccelerator\"}}]}<\/script>\n<!-- \/ Yoast SEO plugin. -->",
    "yoast_head_json": {
        "title": "Quatre \u00e9tudes en 2025, un constat : l\u2019ESS num\u00e9rique en premi\u00e8re ligne pour un num\u00e9rique soutenable et inclusif - SOGA",
        "description": "Quatre \u00e9tudes en 2025, un constat : l\u2019ESS num\u00e9rique en premi\u00e8re ligne pour un num\u00e9rique soutenable et inclusif",
        "robots": {
            "index": "index",
            "follow": "follow",
            "max-snippet": "max-snippet:-1",
            "max-image-preview": "max-image-preview:large",
            "max-video-preview": "max-video-preview:-1"
        },
        "canonical": "https:\/\/socialgoodaccelerator.eu\/en_gb\/2025\/08\/05\/quatre-etudes-en-2025-sur-le-numerique-soutenable-et-inclusif\/",
        "og_locale": "en_GB",
        "og_type": "article",
        "og_title": "Quatre \u00e9tudes en 2025, un constat : l\u2019ESS num\u00e9rique en premi\u00e8re ligne pour un num\u00e9rique soutenable et inclusif - SOGA",
        "og_description": "Quatre \u00e9tudes en 2025, un constat : l\u2019ESS num\u00e9rique en premi\u00e8re ligne pour un num\u00e9rique soutenable et inclusif",
        "og_url": "https:\/\/socialgoodaccelerator.eu\/en_gb\/2025\/08\/05\/quatre-etudes-en-2025-sur-le-numerique-soutenable-et-inclusif\/",
        "og_site_name": "SOGA",
        "article_publisher": "https:\/\/www.facebook.com\/SocialGoodAccel.EU\/",
        "article_published_time": "2025-08-05T14:49:53+00:00",
        "article_modified_time": "2026-02-25T08:53:13+00:00",
        "og_image": [
            {
                "width": 2560,
                "height": 1708,
                "url": "http:\/\/socialgoodaccelerator.eu\/wp-content\/uploads\/2026\/02\/SOGA-NEC-ESS-EUROPE-2023-PARIS-Wlad-Simitch-36-scaled.jpg",
                "type": "image\/jpeg"
            }
        ],
        "author": "sogaccelerator",
        "twitter_card": "summary_large_image",
        "twitter_misc": {
            "Written by": "sogaccelerator",
            "Estimated reading time": "5 minutes"
        },
        "schema": {
            "@context": "https:\/\/schema.org",
            "@graph": [
                {
                    "@type": "Article",
                    "@id": "https:\/\/socialgoodaccelerator.eu\/2025\/08\/05\/quatre-etudes-en-2025-sur-le-numerique-soutenable-et-inclusif\/#article",
                    "isPartOf": {
                        "@id": "https:\/\/socialgoodaccelerator.eu\/2025\/08\/05\/quatre-etudes-en-2025-sur-le-numerique-soutenable-et-inclusif\/"
                    },
                    "author": {
                        "name": "sogaccelerator",
                        "@id": "https:\/\/socialgoodaccelerator.eu\/#\/schema\/person\/0320622db91fd4a2ddef724cbdee0c3e"
                    },
                    "headline": "Quatre \u00e9tudes en 2025, un constat : l\u2019ESS num\u00e9rique en premi\u00e8re ligne pour un num\u00e9rique soutenable et inclusif",
                    "datePublished": "2025-08-05T14:49:53+00:00",
                    "dateModified": "2026-02-25T08:53:13+00:00",
                    "mainEntityOfPage": {
                        "@id": "https:\/\/socialgoodaccelerator.eu\/2025\/08\/05\/quatre-etudes-en-2025-sur-le-numerique-soutenable-et-inclusif\/"
                    },
                    "wordCount": 2366,
                    "publisher": {
                        "@id": "https:\/\/socialgoodaccelerator.eu\/#organization"
                    },
                    "image": {
                        "@id": "https:\/\/socialgoodaccelerator.eu\/2025\/08\/05\/quatre-etudes-en-2025-sur-le-numerique-soutenable-et-inclusif\/#primaryimage"
                    },
                    "thumbnailUrl": "https:\/\/i0.wp.com\/socialgoodaccelerator.eu\/wp-content\/uploads\/2026\/02\/SOGA-NEC-ESS-EUROPE-2023-PARIS-Wlad-Simitch-36-scaled.jpg?fit=2560%2C1708&ssl=1",
                    "keywords": [
                        "Donn\u00e9es &amp; communs",
                        "\u00c9tudes &amp; enqu\u00eates",
                        "Observatoire Social Tech &amp; ESS"
                    ],
                    "articleSection": [
                        "Communs &amp; plaidoyer",
                        "Editorial",
                        "Revue de presse"
                    ],
                    "inLanguage": "en-GB"
                },
                {
                    "@type": "WebPage",
                    "@id": "https:\/\/socialgoodaccelerator.eu\/2025\/08\/05\/quatre-etudes-en-2025-sur-le-numerique-soutenable-et-inclusif\/",
                    "url": "https:\/\/socialgoodaccelerator.eu\/2025\/08\/05\/quatre-etudes-en-2025-sur-le-numerique-soutenable-et-inclusif\/",
                    "name": "Quatre \u00e9tudes en 2025, un constat : l\u2019ESS num\u00e9rique en premi\u00e8re ligne pour un num\u00e9rique soutenable et inclusif - SOGA",
                    "isPartOf": {
                        "@id": "https:\/\/socialgoodaccelerator.eu\/#website"
                    },
                    "primaryImageOfPage": {
                        "@id": "https:\/\/socialgoodaccelerator.eu\/2025\/08\/05\/quatre-etudes-en-2025-sur-le-numerique-soutenable-et-inclusif\/#primaryimage"
                    },
                    "image": {
                        "@id": "https:\/\/socialgoodaccelerator.eu\/2025\/08\/05\/quatre-etudes-en-2025-sur-le-numerique-soutenable-et-inclusif\/#primaryimage"
                    },
                    "thumbnailUrl": "https:\/\/i0.wp.com\/socialgoodaccelerator.eu\/wp-content\/uploads\/2026\/02\/SOGA-NEC-ESS-EUROPE-2023-PARIS-Wlad-Simitch-36-scaled.jpg?fit=2560%2C1708&ssl=1",
                    "datePublished": "2025-08-05T14:49:53+00:00",
                    "dateModified": "2026-02-25T08:53:13+00:00",
                    "description": "Quatre \u00e9tudes en 2025, un constat : l\u2019ESS num\u00e9rique en premi\u00e8re ligne pour un num\u00e9rique soutenable et inclusif",
                    "breadcrumb": {
                        "@id": "https:\/\/socialgoodaccelerator.eu\/2025\/08\/05\/quatre-etudes-en-2025-sur-le-numerique-soutenable-et-inclusif\/#breadcrumb"
                    },
                    "inLanguage": "en-GB",
                    "potentialAction": [
                        {
                            "@type": "ReadAction",
                            "target": [
                                "https:\/\/socialgoodaccelerator.eu\/2025\/08\/05\/quatre-etudes-en-2025-sur-le-numerique-soutenable-et-inclusif\/"
                            ]
                        }
                    ]
                },
                {
                    "@type": "ImageObject",
                    "inLanguage": "en-GB",
                    "@id": "https:\/\/socialgoodaccelerator.eu\/2025\/08\/05\/quatre-etudes-en-2025-sur-le-numerique-soutenable-et-inclusif\/#primaryimage",
                    "url": "https:\/\/i0.wp.com\/socialgoodaccelerator.eu\/wp-content\/uploads\/2026\/02\/SOGA-NEC-ESS-EUROPE-2023-PARIS-Wlad-Simitch-36-scaled.jpg?fit=2560%2C1708&ssl=1",
                    "contentUrl": "https:\/\/i0.wp.com\/socialgoodaccelerator.eu\/wp-content\/uploads\/2026\/02\/SOGA-NEC-ESS-EUROPE-2023-PARIS-Wlad-Simitch-36-scaled.jpg?fit=2560%2C1708&ssl=1",
                    "width": 2560,
                    "height": 1708
                },
                {
                    "@type": "BreadcrumbList",
                    "@id": "https:\/\/socialgoodaccelerator.eu\/2025\/08\/05\/quatre-etudes-en-2025-sur-le-numerique-soutenable-et-inclusif\/#breadcrumb",
                    "itemListElement": [
                        {
                            "@type": "ListItem",
                            "position": 1,
                            "name": "Accueil",
                            "item": "https:\/\/socialgoodaccelerator.eu\/"
                        },
                        {
                            "@type": "ListItem",
                            "position": 2,
                            "name": "Quatre \u00e9tudes en 2025, un constat : l\u2019ESS num\u00e9rique en premi\u00e8re ligne pour un num\u00e9rique soutenable et inclusif"
                        }
                    ]
                },
                {
                    "@type": "WebSite",
                    "@id": "https:\/\/socialgoodaccelerator.eu\/#website",
                    "url": "https:\/\/socialgoodaccelerator.eu\/",
                    "name": "Social Good Accelerator",
                    "description": "Acc\u00e9l\u00e9rer l&#039;ESS num\u00e9rique",
                    "publisher": {
                        "@id": "https:\/\/socialgoodaccelerator.eu\/#organization"
                    },
                    "alternateName": "SOGA",
                    "potentialAction": [
                        {
                            "@type": "SearchAction",
                            "target": {
                                "@type": "EntryPoint",
                                "urlTemplate": "https:\/\/socialgoodaccelerator.eu\/?s={search_term_string}"
                            },
                            "query-input": {
                                "@type": "PropertyValueSpecification",
                                "valueRequired": true,
                                "valueName": "search_term_string"
                            }
                        }
                    ],
                    "inLanguage": "en-GB"
                },
                {
                    "@type": "Organization",
                    "@id": "https:\/\/socialgoodaccelerator.eu\/#organization",
                    "name": "Social Good Accelerator",
                    "alternateName": "SOGA",
                    "url": "https:\/\/socialgoodaccelerator.eu\/",
                    "logo": {
                        "@type": "ImageObject",
                        "inLanguage": "en-GB",
                        "@id": "https:\/\/socialgoodaccelerator.eu\/#\/schema\/logo\/image\/",
                        "url": "https:\/\/i0.wp.com\/socialgoodaccelerator.eu\/wp-content\/uploads\/2023\/10\/cropped-LOGO-SOGA-V-FR.png?fit=512%2C512&ssl=1",
                        "contentUrl": "https:\/\/i0.wp.com\/socialgoodaccelerator.eu\/wp-content\/uploads\/2023\/10\/cropped-LOGO-SOGA-V-FR.png?fit=512%2C512&ssl=1",
                        "width": 512,
                        "height": 512,
                        "caption": "Social Good Accelerator"
                    },
                    "image": {
                        "@id": "https:\/\/socialgoodaccelerator.eu\/#\/schema\/logo\/image\/"
                    },
                    "sameAs": [
                        "https:\/\/www.facebook.com\/SocialGoodAccel.EU\/",
                        "https:\/\/www.youtube.com\/@socialgoodaccelerator772",
                        "https:\/\/www.youtube.com\/@SocialTechAcademy-eg6hp"
                    ]
                },
                {
                    "@type": "Person",
                    "@id": "https:\/\/socialgoodaccelerator.eu\/#\/schema\/person\/0320622db91fd4a2ddef724cbdee0c3e",
                    "name": "sogaccelerator",
                    "image": {
                        "@type": "ImageObject",
                        "inLanguage": "en-GB",
                        "@id": "https:\/\/secure.gravatar.com\/avatar\/99aef05386587650bb056a1275ce2e339bfe398930f37eb7262163da89aad453?s=96&d=mm&r=g",
                        "url": "https:\/\/secure.gravatar.com\/avatar\/99aef05386587650bb056a1275ce2e339bfe398930f37eb7262163da89aad453?s=96&d=mm&r=g",
                        "contentUrl": "https:\/\/secure.gravatar.com\/avatar\/99aef05386587650bb056a1275ce2e339bfe398930f37eb7262163da89aad453?s=96&d=mm&r=g",
                        "caption": "sogaccelerator"
                    }
                }
            ]
        }
    },
    "jetpack_featured_media_url": "https:\/\/i0.wp.com\/socialgoodaccelerator.eu\/wp-content\/uploads\/2026\/02\/SOGA-NEC-ESS-EUROPE-2023-PARIS-Wlad-Simitch-36-scaled.jpg?fit=2560%2C1708&ssl=1",
    "jetpack_likes_enabled": true,
    "jetpack-related-posts": [
        {
            "id": 57863,
            "url": "https:\/\/socialgoodaccelerator.eu\/en_gb\/2026\/04\/23\/lasuite-coop\/",
            "url_meta": {
                "origin": 55067,
                "position": 0
            },
            "title": "LaSuite.coop : l\u2019alternative num\u00e9rique coop\u00e9rative, libre et h\u00e9berg\u00e9e en Europe dont l\u2019ESS avait besoin",
            "author": "sogaccelerator",
            "date": "23 April 2026",
            "format": "gallery",
            "excerpt": "",
            "rel": "",
            "context": "In &quot;Actualit\u00e9s de SOGA&quot;",
            "block_context": {
                "text": "Actualit\u00e9s de SOGA",
                "link": "https:\/\/socialgoodaccelerator.eu\/en_gb\/category\/actualites-de-soga\/"
            },
            "img": {
                "alt_text": "LaSuite.coop",
                "src": "https:\/\/i0.wp.com\/socialgoodaccelerator.eu\/wp-content\/uploads\/2026\/04\/Design-sans-titre-2-1-1.png?fit=1200%2C627&ssl=1&resize=350%2C200",
                "width": 350,
                "height": 200,
                "srcset": "https:\/\/i0.wp.com\/socialgoodaccelerator.eu\/wp-content\/uploads\/2026\/04\/Design-sans-titre-2-1-1.png?fit=1200%2C627&ssl=1&resize=350%2C200 1x, https:\/\/i0.wp.com\/socialgoodaccelerator.eu\/wp-content\/uploads\/2026\/04\/Design-sans-titre-2-1-1.png?fit=1200%2C627&ssl=1&resize=525%2C300 1.5x, https:\/\/i0.wp.com\/socialgoodaccelerator.eu\/wp-content\/uploads\/2026\/04\/Design-sans-titre-2-1-1.png?fit=1200%2C627&ssl=1&resize=700%2C400 2x, https:\/\/i0.wp.com\/socialgoodaccelerator.eu\/wp-content\/uploads\/2026\/04\/Design-sans-titre-2-1-1.png?fit=1200%2C627&ssl=1&resize=1050%2C600 3x"
            },
            "classes": []
        },
        {
            "id": 53114,
            "url": "https:\/\/socialgoodaccelerator.eu\/en_gb\/2023\/07\/07\/rapport-activite-2022\/",
            "url_meta": {
                "origin": 55067,
                "position": 1
            },
            "title": "Rapport d&#8217;activit\u00e9 2022",
            "author": "sogaccelerator",
            "date": "7 July 2023",
            "format": false,
            "excerpt": "Dive into our 2022 activity report to discover our achievements in accelerating the digital transition of social economy organisations and building a social and inclusive digital model on a European scale.",
            "rel": "",
            "context": "In &quot;Rapport d'activit\u00e9&quot;",
            "block_context": {
                "text": "Rapport d'activit\u00e9",
                "link": "https:\/\/socialgoodaccelerator.eu\/en_gb\/category\/rapport-d-activite\/"
            },
            "img": {
                "alt_text": "Rapport d'activit\u00e9 2022",
                "src": "https:\/\/i0.wp.com\/socialgoodaccelerator.eu\/wp-content\/uploads\/2025\/08\/Titre-2.png?fit=1200%2C675&ssl=1&resize=350%2C200",
                "width": 350,
                "height": 200,
                "srcset": "https:\/\/i0.wp.com\/socialgoodaccelerator.eu\/wp-content\/uploads\/2025\/08\/Titre-2.png?fit=1200%2C675&ssl=1&resize=350%2C200 1x, https:\/\/i0.wp.com\/socialgoodaccelerator.eu\/wp-content\/uploads\/2025\/08\/Titre-2.png?fit=1200%2C675&ssl=1&resize=525%2C300 1.5x, https:\/\/i0.wp.com\/socialgoodaccelerator.eu\/wp-content\/uploads\/2025\/08\/Titre-2.png?fit=1200%2C675&ssl=1&resize=700%2C400 2x, https:\/\/i0.wp.com\/socialgoodaccelerator.eu\/wp-content\/uploads\/2025\/08\/Titre-2.png?fit=1200%2C675&ssl=1&resize=1050%2C600 3x"
            },
            "classes": []
        },
        {
            "id": 51172,
            "url": "https:\/\/socialgoodaccelerator.eu\/en_gb\/2022\/07\/13\/analysis-of-the-report-on-the-digital-commons\/",
            "url_meta": {
                "origin": 55067,
                "position": 2
            },
            "title": "Analysis of the report on the Digital Commons",
            "author": "sogaccelerator",
            "date": "13 July 2022",
            "format": false,
            "excerpt": "Let's analyse some of the ideas and proposals of the report on the digital commons and Europe's sovereignty (June 2022).",
            "rel": "",
            "context": "In &quot;Communs &amp; plaidoyer&quot;",
            "block_context": {
                "text": "Communs &amp; plaidoyer",
                "link": "https:\/\/socialgoodaccelerator.eu\/en_gb\/category\/communs-et-plaidoyer\/"
            },
            "img": {
                "alt_text": "",
                "src": "https:\/\/i0.wp.com\/socialgoodaccelerator.eu\/wp-content\/uploads\/2022\/07\/Image-aggrandie-Visuel-article-communs-numeriques-Publication-LinkedIn-e1657876948843.png?fit=1200%2C1200&ssl=1&resize=350%2C200",
                "width": 350,
                "height": 200,
                "srcset": "https:\/\/i0.wp.com\/socialgoodaccelerator.eu\/wp-content\/uploads\/2022\/07\/Image-aggrandie-Visuel-article-communs-numeriques-Publication-LinkedIn-e1657876948843.png?fit=1200%2C1200&ssl=1&resize=350%2C200 1x, https:\/\/i0.wp.com\/socialgoodaccelerator.eu\/wp-content\/uploads\/2022\/07\/Image-aggrandie-Visuel-article-communs-numeriques-Publication-LinkedIn-e1657876948843.png?fit=1200%2C1200&ssl=1&resize=525%2C300 1.5x, https:\/\/i0.wp.com\/socialgoodaccelerator.eu\/wp-content\/uploads\/2022\/07\/Image-aggrandie-Visuel-article-communs-numeriques-Publication-LinkedIn-e1657876948843.png?fit=1200%2C1200&ssl=1&resize=700%2C400 2x, https:\/\/i0.wp.com\/socialgoodaccelerator.eu\/wp-content\/uploads\/2022\/07\/Image-aggrandie-Visuel-article-communs-numeriques-Publication-LinkedIn-e1657876948843.png?fit=1200%2C1200&ssl=1&resize=1050%2C600 3x"
            },
            "classes": []
        },
        {
            "id": 50484,
            "url": "https:\/\/socialgoodaccelerator.eu\/en_gb\/2022\/03\/25\/la-mednum-a-singular-structure-for-digital-inclusion\/",
            "url_meta": {
                "origin": 55067,
                "position": 3
            },
            "title": "La MedNum, &#8220;a singular structure&#8221; for digital inclusion",
            "author": "sogaccelerator",
            "date": "25 March 2022",
            "format": false,
            "excerpt": "On 15 March 2022, Guilhem Pradali\u00e9, Managing Director of the MedNum, member of the Social Good Accelerator, gave us an interview in which he explained what the MedNum is, what its projects and challenges are, and its role within the SOGA.",
            "rel": "",
            "context": "In &quot;Communs &amp; plaidoyer&quot;",
            "block_context": {
                "text": "Communs &amp; plaidoyer",
                "link": "https:\/\/socialgoodaccelerator.eu\/en_gb\/category\/communs-et-plaidoyer\/"
            },
            "img": {
                "alt_text": "",
                "src": "https:\/\/i0.wp.com\/socialgoodaccelerator.eu\/wp-content\/uploads\/2022\/03\/Capture-de%CC%81cran-2022-04-20-a%CC%80-11.38.38.png?fit=495%2C361&ssl=1&resize=350%2C200",
                "width": 350,
                "height": 200
            },
            "classes": []
        },
        {
            "id": 50394,
            "url": "https:\/\/socialgoodaccelerator.eu\/en_gb\/2022\/03\/10\/open-letter\/",
            "url_meta": {
                "origin": 55067,
                "position": 4
            },
            "title": "Open letter: the necessary digital transition of the social economy",
            "author": "sogaccelerator",
            "date": "10 March 2022",
            "format": false,
            "excerpt": "In February 2021, the Social Good Accelerator and its 70 members maintained its vision in its open letter. A better world can only be made with the full support of social economy, which also has to be digitalised.",
            "rel": "",
            "context": "In &quot;Notes de position&quot;",
            "block_context": {
                "text": "Notes de position",
                "link": "https:\/\/socialgoodaccelerator.eu\/en_gb\/category\/notes-de-position\/"
            },
            "img": {
                "alt_text": "SOGA team flags Lisbon",
                "src": "https:\/\/i0.wp.com\/socialgoodaccelerator.eu\/wp-content\/uploads\/2018\/03\/flags.jpg?fit=1200%2C900&ssl=1&resize=350%2C200",
                "width": 350,
                "height": 200,
                "srcset": "https:\/\/i0.wp.com\/socialgoodaccelerator.eu\/wp-content\/uploads\/2018\/03\/flags.jpg?fit=1200%2C900&ssl=1&resize=350%2C200 1x, https:\/\/i0.wp.com\/socialgoodaccelerator.eu\/wp-content\/uploads\/2018\/03\/flags.jpg?fit=1200%2C900&ssl=1&resize=525%2C300 1.5x, https:\/\/i0.wp.com\/socialgoodaccelerator.eu\/wp-content\/uploads\/2018\/03\/flags.jpg?fit=1200%2C900&ssl=1&resize=700%2C400 2x, https:\/\/i0.wp.com\/socialgoodaccelerator.eu\/wp-content\/uploads\/2018\/03\/flags.jpg?fit=1200%2C900&ssl=1&resize=1050%2C600 3x"
            },
            "classes": []
        },
        {
            "id": 51087,
            "url": "https:\/\/socialgoodaccelerator.eu\/en_gb\/2022\/07\/07\/rapport-activite-2021\/",
            "url_meta": {
                "origin": 55067,
                "position": 5
            },
            "title": "Rapport d&#8217;activit\u00e9 2021",
            "author": "sogaccelerator",
            "date": "7 July 2022",
            "format": false,
            "excerpt": "Discover all the actions accomplished by the Social good Accelerator in 2021 and its perspectives for 2022 in this SOGA activity report.",
            "rel": "",
            "context": "In &quot;Rapport d'activit\u00e9&quot;",
            "block_context": {
                "text": "Rapport d'activit\u00e9",
                "link": "https:\/\/socialgoodaccelerator.eu\/en_gb\/category\/rapport-d-activite\/"
            },
            "img": {
                "alt_text": "Rapport d'activit\u00e9 2021",
                "src": "https:\/\/i0.wp.com\/socialgoodaccelerator.eu\/wp-content\/uploads\/2025\/08\/Titre-3.png?fit=1200%2C675&ssl=1&resize=350%2C200",
                "width": 350,
                "height": 200,
                "srcset": "https:\/\/i0.wp.com\/socialgoodaccelerator.eu\/wp-content\/uploads\/2025\/08\/Titre-3.png?fit=1200%2C675&ssl=1&resize=350%2C200 1x, https:\/\/i0.wp.com\/socialgoodaccelerator.eu\/wp-content\/uploads\/2025\/08\/Titre-3.png?fit=1200%2C675&ssl=1&resize=525%2C300 1.5x, https:\/\/i0.wp.com\/socialgoodaccelerator.eu\/wp-content\/uploads\/2025\/08\/Titre-3.png?fit=1200%2C675&ssl=1&resize=700%2C400 2x, https:\/\/i0.wp.com\/socialgoodaccelerator.eu\/wp-content\/uploads\/2025\/08\/Titre-3.png?fit=1200%2C675&ssl=1&resize=1050%2C600 3x"
            },
            "classes": []
        }
    ],
    "jetpack_sharing_enabled": true,
    "jetpack_shortlink": "https:\/\/wp.me\/p9J6Qk-ekb",
    "_links": {
        "self": [
            {
                "href": "https:\/\/socialgoodaccelerator.eu\/en_gb\/wp-json\/wp\/v2\/posts\/55067",
                "targetHints": {
                    "allow": [
                        "GET"
                    ]
                }
            }
        ],
        "collection": [
            {
                "href": "https:\/\/socialgoodaccelerator.eu\/en_gb\/wp-json\/wp\/v2\/posts"
            }
        ],
        "about": [
            {
                "href": "https:\/\/socialgoodaccelerator.eu\/en_gb\/wp-json\/wp\/v2\/types\/post"
            }
        ],
        "author": [
            {
                "embeddable": true,
                "href": "https:\/\/socialgoodaccelerator.eu\/en_gb\/wp-json\/wp\/v2\/users\/1"
            }
        ],
        "replies": [
            {
                "embeddable": true,
                "href": "https:\/\/socialgoodaccelerator.eu\/en_gb\/wp-json\/wp\/v2\/comments?post=55067"
            }
        ],
        "version-history": [
            {
                "count": 7,
                "href": "https:\/\/socialgoodaccelerator.eu\/en_gb\/wp-json\/wp\/v2\/posts\/55067\/revisions"
            }
        ],
        "predecessor-version": [
            {
                "id": 57110,
                "href": "https:\/\/socialgoodaccelerator.eu\/en_gb\/wp-json\/wp\/v2\/posts\/55067\/revisions\/57110"
            }
        ],
        "wp:featuredmedia": [
            {
                "embeddable": true,
                "href": "https:\/\/socialgoodaccelerator.eu\/en_gb\/wp-json\/wp\/v2\/media\/56883"
            }
        ],
        "wp:attachment": [
            {
                "href": "https:\/\/socialgoodaccelerator.eu\/en_gb\/wp-json\/wp\/v2\/media?parent=55067"
            }
        ],
        "wp:term": [
            {
                "taxonomy": "category",
                "embeddable": true,
                "href": "https:\/\/socialgoodaccelerator.eu\/en_gb\/wp-json\/wp\/v2\/categories?post=55067"
            },
            {
                "taxonomy": "post_tag",
                "embeddable": true,
                "href": "https:\/\/socialgoodaccelerator.eu\/en_gb\/wp-json\/wp\/v2\/tags?post=55067"
            }
        ],
        "curies": [
            {
                "name": "wp",
                "href": "https:\/\/api.w.org\/{rel}",
                "templated": true
            }
        ]
    }
}