{
    "id": 54489,
    "date": "2025-06-05T15:35:22",
    "date_gmt": "2025-06-05T13:35:22",
    "guid": {
        "rendered": "https:\/\/socialgoodaccelerator.eu\/?p=54489"
    },
    "modified": "2025-08-01T17:24:21",
    "modified_gmt": "2025-08-01T15:24:21",
    "slug": "social-tech-opportunites-et-defis-de-l-ia-pour-l-economie-sociale",
    "status": "publish",
    "type": "post",
    "link": "https:\/\/socialgoodaccelerator.eu\/en_gb\/2025\/06\/05\/social-tech-opportunites-et-defis-de-l-ia-pour-l-economie-sociale\/",
    "title": {
        "rendered": "Opportunit\u00e9s et d\u00e9fis de l&#8217;IA pour l&#8217;\u00e9conomie sociale"
    },
    "content": {
        "rendered": "<h1><strong>Le r\u00f4le des communs de donn\u00e9es dans l\u2019IA pour l&#8217;\u00e9conomie sociale<br \/><\/strong><\/h1><p><strong>Du 12 au 15 mai 2025, Eline Coustenoble, charg\u00e9e de capitalisation au Social Good Accelerator, a particip\u00e9 au EU-US Young Leader Seminar 2025. Le s\u00e9minaire a abord\u00e9 l&#8217;IA pour l&#8217;\u00e9conomie sociale, ses opportunit\u00e9s et ses d\u00e9fis pour les organisations de l\u2019ESS. Dans cet article, elle d\u00e9taille les conversations et leurs implications pour l\u2019association, l\u2019ESS, et le monde de la technologie.<br \/><br \/><span>L\u2019\u00e9v\u00e9nement \u00e9tait organis\u00e9 par la<\/span><span class=\"white-space-pre\"> <\/span><a class=\"fnGJwStpmIzbIEjwABbMEhqRdRQiXTTBmFDImm\" target=\"_self\" href=\"https:\/\/www.linkedin.com\/company\/euintheus\/?lipi=urn%3Ali%3Apage%3Ad_flagship3_publishing_post_edit%3BbPHXVJHNQ0KnA3dMt0muhw%3D%3D\" data-test-app-aware-link=\"\" tabindex=\"0\">European Union Delegation to the United States<\/a><span>, le<\/span><span class=\"white-space-pre\"> <\/span><a class=\"fnGJwStpmIzbIEjwABbMEhqRdRQiXTTBmFDImm\" target=\"_self\" href=\"https:\/\/www.linkedin.com\/company\/german-marshall-fund-of-the-united-states\/?lipi=urn%3Ali%3Apage%3Ad_flagship3_publishing_post_edit%3BbPHXVJHNQ0KnA3dMt0muhw%3D%3D\" data-test-app-aware-link=\"\" tabindex=\"0\">German Marshall Fund of the United States<\/a><span class=\"white-space-pre\"> <\/span><span>et la<\/span><span class=\"white-space-pre\"> <\/span><a class=\"fnGJwStpmIzbIEjwABbMEhqRdRQiXTTBmFDImm\" target=\"_self\" href=\"https:\/\/www.linkedin.com\/company\/fulbright-belgium-luxembourg-schuman\/?lipi=urn%3Ali%3Apage%3Ad_flagship3_publishing_post_edit%3BbPHXVJHNQ0KnA3dMt0muhw%3D%3D\" data-test-app-aware-link=\"\" tabindex=\"0\">Commission for Educational Exchange between the U.S., Belgium and Luxembourg<\/a><span>.<br \/><\/span><\/strong><!--more--><\/p><h2 id=\"ember4882\" class=\"ember-view reader-text-block__heading-3\">Rencontres inspirantes : L'impact du s\u00e9minaire sur le Social Good Accelerator<\/h2><p>Lors du s\u00e9minaire, j'ai eu la chance de rencontrer 49 autres jeunes leaders, des personnes inspirantes et engag\u00e9es dans leurs domaines respectifs. Parmi les nombreux sujets abord\u00e9s, trois r\u00e9sonnent particuli\u00e8rement avec les leviers d\u2019actions du <strong data-start=\"1477\" data-end=\"1504\">Social Good Accelerator<\/strong> : l'<strong data-start=\"1509\" data-end=\"1540\">innovation et sa r\u00e9gulation<\/strong>, la <strong data-start=\"1545\" data-end=\"1560\">coop\u00e9ration<\/strong>, et l'<strong data-start=\"1567\" data-end=\"1585\">IA responsable<\/strong>.<em><br \/><\/em><\/p><h3 id=\"ember4882\" class=\"ember-view reader-text-block__heading-3\">L\u2019Europe et l'innovation : Une r\u00e9gulation n\u00e9cessaire mais un frein \u00e0 l\u2019innovation ?<\/h3><p class=\"ember-view reader-text-block__paragraph\">Puisque l\u2019\u00e9v\u00e9nement abordait la question de l\u2019IA, nous avons beaucoup parl\u00e9 d\u2019innovation et de r\u00e9gulation. Pour \u00eatre plus honn\u00eate, nous avons longuement compar\u00e9 nos approches de ces concepts, diff\u00e9rentes de chaque c\u00f4t\u00e9 de l\u2019Atlantique. Encore aujourd\u2019hui, une grande partie des technologies nous viennent des Etats-Unis, notamment gr\u00e2ce au cadre juridique facilitant les lev\u00e9es de fonds ou financements par des particuliers, et la mentalit\u00e9 entrepreneuriale de risques. Comme dirait Mark Zuckerberg : \u201c<em>Move fast, break things.<\/em>\u201d (\u201cBouge vite, casse des choses\u201d, libre \u00e0 vous de suivre son exemple ou pas).<\/p><h3 id=\"ember4882\" class=\"ember-view reader-text-block__heading-3\">La r\u00e9gulation de l'IA : Un atout pour l'\u00e9conomie sociale europ\u00e9enne<\/h3><p id=\"ember4884\" class=\"ember-view reader-text-block__paragraph\">Du c\u00f4t\u00e9 de l\u2019Union Europ\u00e9enne, on se concentre plut\u00f4t sur la r\u00e9gulation que sur la vitesse, suivant de loin les innovations qui sortent des USA. Pour nos \u00e9lu\u2027e\u2027s, ces r\u00e9gulations sont importantes pour prot\u00e9ger les membres de l\u2019UE, mais aussi du monde entier en proposant des cadres, comme l\u2019<a class=\"fnGJwStpmIzbIEjwABbMEhqRdRQiXTTBmFDImm\" target=\"_self\" href=\"https:\/\/artificialintelligenceact.eu\/fr\/\" data-test-app-aware-link=\"\" tabindex=\"0\">AI Act <\/a>par exemple, qui sont adaptables \u00e0 d\u2019autres mod\u00e8les de gouvernance. Malheureusement, cela a probablement des cons\u00e9quences sur l\u2019\u00e9cosyst\u00e8me de l\u2019innovation europ\u00e9en. Nos institutions sont plut\u00f4t r\u00e9gulatrices qu\u2019incubatrices. Le d\u00e9bat sur la bonne balance entre les deux est encore ouvert. Malgr\u00e9 cela, une plus grande diversit\u00e9 dans notre technologie ne peut avoir que des bienfaits sur le libre choix, la r\u00e9duction des biais et l\u2019innovation.<\/p><p id=\"ember4885\" class=\"ember-view reader-text-block__paragraph\">Et tout n\u2019est pas perdu ! M\u00eame si ce n\u2019est pas encore la<em>Silicon Valley<\/em>, nous constatons en ce moment des avanc\u00e9es vers plus d\u2019innovation europ\u00e9enne, comme en France ; bient\u00f4t la Vall\u00e9e du Silicone ? De plus, des technologies<em>made in Europe<\/em>brillent \u00e0 l\u2019international : Spotify (\ud83c\uddf8\ud83c\uddea) ou bien Too Good To Go (\ud83c\udde9\ud83c\uddf0) et Vinted (\ud83c\uddf1\ud83c\uddf9). M\u00eame du c\u00f4t\u00e9 des outils informatiques open source, LibreOffice (\ud83c\udde9\ud83c\uddea) et Mistral AI (\ud83c\uddeb\ud83c\uddf7) proposent un mod\u00e8le alternatif et donnent \u00e0 voir un horizon num\u00e9rique europ\u00e9en complet.<\/p><h2 id=\"ember4886\" class=\"ember-view reader-text-block__heading-3\">L'importance de la coop\u00e9ration transatlantique pour l'innovation responsable<\/h2><p class=\"ember-view reader-text-block__paragraph\">Comme le s\u00e9minaire l\u2019a montr\u00e9, nos conceptions divergentes de l\u2019innovation ne sont pas n\u00e9cessairement un obstacle pour la coop\u00e9ration transatlantique ; elles peuvent aussi \u00eatre une force. Les conversations, comparaisons et d\u00e9bats nous ont permis de prendre du recul et de changer de perspective. Peu importe le climat politique, les \u00e9changes restent essentiels, qu\u2019ils soient de talents, de bonnes pratiques, de cadres de r\u00e9gulation ou bien de connaissances. Les participant\u2027e\u2027s aux tables rondes ont partag\u00e9s des exemples inspirants de travaux en cours dans leurs institutions, institutions qui n'existeraient pas sans coop\u00e9ration comme le Parlement Europ\u00e9en, NATO, Fulbright ou Erasmus+. Lorsqu\u2019il s\u2019agit de coop\u00e9ration internationale, bien souvent, le tout est plus que la somme des parties.<\/p><h3 id=\"ember4882\" class=\"ember-view reader-text-block__heading-3\">Le r\u00f4le des \"communs de donn\u00e9es\" dans l\u2019IA pour l\u2019\u00e9conomie sociale<\/h3><p class=\"ember-view reader-text-block__paragraph\">Un sujet de coop\u00e9ration qui a seulement \u00e9t\u00e9 survol\u00e9 lors de la conf\u00e9rence, par manque de temps, est le commun de donn\u00e9es. Propos\u00e9 comme solution pour une bonne gouvernance ou comme nouvelle monnaie d\u2019\u00e9change, le concept fait encore d\u00e9bat. Pourtant, nous connaissons tous un exemple de commun de donn\u00e9es tr\u00e8s efficace : Wikip\u00e9dia. <a class=\"fnGJwStpmIzbIEjwABbMEhqRdRQiXTTBmFDImm\" target=\"_self\" href=\"https:\/\/fr.openfoodfacts.org\/decouvrir\" data-test-app-aware-link=\"\" tabindex=\"0\">Open Food Facts <\/a>et <a class=\"fnGJwStpmIzbIEjwABbMEhqRdRQiXTTBmFDImm\" target=\"_self\" href=\"https:\/\/soliguide.fr\/fr\" data-test-app-aware-link=\"\" tabindex=\"0\">Soliguide<\/a>(Solinum) sont \u00e9galement de r\u00e9els contre-arguments \u00e0 la trop classique \u201c<a class=\"fnGJwStpmIzbIEjwABbMEhqRdRQiXTTBmFDImm\" target=\"_self\" href=\"https:\/\/www.youtube.com\/watch?v=IKuy7kec-8o\" data-test-app-aware-link=\"\" tabindex=\"0\">trag\u00e9die des communs<\/a>\u201d. Le mod\u00e8le de commun des donn\u00e9es et la gouvernance participative que proposent ces associations montrent qu\u2019il est possible, et positivement impactant, de coop\u00e9rer dans le monde de la technologie.<br \/><br \/><\/p><h2 id=\"ember4886\" class=\"ember-view reader-text-block__heading-3\">Les enjeux \u00e9thiques de l'IA dans l\u2019\u00e9conomie sociale : Une question de responsabilit\u00e9<\/h2><p id=\"ember4890\" class=\"ember-view reader-text-block__paragraph\">Th\u00e8me transversal, le s\u00e9minaire a donn\u00e9 une vue tr\u00e8s compl\u00e8te des avancements dans le monde de l'Intelligence Artificielle. Les intervenant\u2027es ont offert leurs retours d'exp\u00e9rience sur de nombreux sujets. Entre autres : la gouvernance autour de l\u2019IA, les perspectives de l\u2019IA g\u00e9n\u00e9rative, la cybers\u00e9curit\u00e9 et le futur du travail.<\/p><p class=\"ember-view reader-text-block__paragraph\">Ce qui a attir\u00e9 mon attention durant les d\u00e9bats sont les questions \u00e9thiques pos\u00e9es, directement ou indirectement. Comment faire usage des IA g\u00e9n\u00e9ratives de mani\u00e8re plus responsable ? Comment anticiper les biais ? Comment penser le statut de l\u2019IA comme agente de la soci\u00e9t\u00e9 ? Ces questions \u00e9thiques font \u00e9cho \u00e0 un autre \u00e9v\u00e9nement auquel l\u2019\u00e9quipe du SOGA a eu la chance de participer : le Sommet IA au CESE, qui lui posait la question de l\u2019IA citoyenne et responsable.<\/p><h3 id=\"ember4882\" class=\"ember-view reader-text-block__heading-3\">Les biais dans l\u2019IA et leur impact sur l\u2019\u00e9conomie sociale<\/h3><p class=\"ember-view reader-text-block__paragraph\">Cette matin\u00e9e riche en \u00e9changes au CESE (avec notamment<a class=\"fnGJwStpmIzbIEjwABbMEhqRdRQiXTTBmFDImm\" target=\"_self\" href=\"https:\/\/www.linkedin.com\/company\/mednum\/\" data-test-app-aware-link=\"\" tabindex=\"0\"> La Mednum<\/a>, l\u2019<a class=\"fnGJwStpmIzbIEjwABbMEhqRdRQiXTTBmFDImm\" target=\"_self\" href=\"https:\/\/www.linkedin.com\/company\/anc-territoires\/\" data-test-app-aware-link=\"\" tabindex=\"0\">ANCT<\/a>, <a class=\"fnGJwStpmIzbIEjwABbMEhqRdRQiXTTBmFDImm\" target=\"_self\" href=\"https:\/\/www.linkedin.com\/company\/kocoyathinklab\/?originalSubdomain=fr\" data-test-app-aware-link=\"\" tabindex=\"0\">Kokoya ThinkLab <\/a>et le <a class=\"fnGJwStpmIzbIEjwABbMEhqRdRQiXTTBmFDImm\" target=\"_self\" href=\"https:\/\/www.linkedin.com\/company\/conseil-national-du-numerique-cnnum-\/\" data-test-app-aware-link=\"\" tabindex=\"0\">Conseil national du num\u00e9rique<\/a>) avait fait \u00e9merger plusieurs axes prioritaires pour un d\u00e9veloppement d\u00e9mocratique de l\u2019IA. Les d\u00e9bats avaient soulev\u00e9 le besoin d\u2019associer activement les citoyens aux processus de gouvernance de l\u2019IA et d\u2019accompagner le dialogue social face aux transformations induites par l\u2019IA dans le monde du travail. Le sommet a aussi propos\u00e9 la piste de d\u00e9velopper un cadre juridique et \u00e9thique solide pour \u00e9viter les d\u00e9rives technologiques. Enfin, \u00e9tait ressortie l'importance d\u2019int\u00e9grer les consid\u00e9rations environnementales dans l\u2019innovation technologique.<\/p><p id=\"ember4893\" class=\"ember-view reader-text-block__paragraph\">Ces r\u00e9flexions s'inscrivent dans la continuit\u00e9 de l\u2019avis du CESE sur l\u2019IA publi\u00e9 r\u00e9cemment, qui approfondit ces enjeux et propose des recommandations concr\u00e8tes pour un usage \u00e9thique et inclusif de l\u2019Intelligence Artificielle (<a class=\"fnGJwStpmIzbIEjwABbMEhqRdRQiXTTBmFDImm\" target=\"_self\" href=\"https:\/\/www.lecese.fr\/sites\/default\/files\/pdf\/Avis\/2025\/2025_02_IA.pdf\" data-test-app-aware-link=\"\" tabindex=\"0\">Lire l\u2019avis<\/a>). Elles r\u00e9pondent \u00e0 un d\u00e9bat continuel sur l\u2019\u00e9thique de l\u2019information, soulev\u00e9 lors du <em>EU-US Young Leaders Seminar <\/em>mais pas que. Le CESE pr\u00e9voit d\u2019approfondir ces r\u00e9flexions <em>via <\/em>des consultations citoyennes et des groupes de travail d\u00e9di\u00e9s, afin de formuler des recommandations concr\u00e8tes. Le SOGA s\u2019engage d\u2019ailleurs \u00e0 soutenir ces efforts notamment au travers de <a class=\"fnGJwStpmIzbIEjwABbMEhqRdRQiXTTBmFDImm\" target=\"_self\" href=\"https:\/\/www.linkedin.com\/posts\/social-good-accelerator-europe_un-avant-go%C3%BBt-de-ce-qui-vous-attend-activity-7331280196056100864-4mFh?utm_source=share&utm_medium=member_desktop&rcm=ACoAACTsNfgBKrSpuaGjU_zfilXCjK4J48Q9khA\" data-test-app-aware-link=\"\" tabindex=\"0\">son \u00e9v\u00e9nement annuel Num\u00e9rique En Commun[s] ESS<\/a>.<\/p><p id=\"ember4894\" class=\"ember-view reader-text-block__paragraph\">Une chose est claire pour les jeunes <em>leaders <\/em>des deux c\u00f4t\u00e9s de l\u2019Atlantique et pour les participants aux Sommet de l\u2019IA : pour une IA au service de tous, le dialogue doit continuer et s\u2019intensifier.<\/p><h2 id=\"ember4895\" class=\"ember-view reader-text-block__heading-3\">Le SOGA et son engagement pour une IA responsable et \u00e9thique dans l\u2019ESS<\/h2><p id=\"ember4896\" class=\"ember-view reader-text-block__paragraph\">Au Social Good Accelerator, nous croyons que l\u2019Europe peut devenir un moteur d\u2019innovation num\u00e9rique responsable, \u00e0 condition de miser sur ses forces : sa capacit\u00e9 de r\u00e9gulation au service du bien commun, son ancrage dans la coop\u00e9ration transnationale, et son attachement aux communs num\u00e9riques. C\u2019est exactement ce que nous faisons au quotidien : en d\u00e9fendant une innovation sociale et technologique europ\u00e9enne, en cr\u00e9ant des passerelles entre acteur\u2027ices engag\u00e9\u2027es europ\u00e9en\u2027nes (pas encore transatlantique), et en renfor\u00e7ant les capacit\u00e9s num\u00e9riques des organisations de l\u2019\u00e9conomie sociale, notamment celles qui valorisent les communs des donn\u00e9es.<\/p><h3 id=\"ember4897\" class=\"ember-view reader-text-block__heading-3\">Le mot de la fin : ce que je retiens<\/h3><p id=\"ember4898\" class=\"ember-view reader-text-block__paragraph\">Que ce soit gr\u00e2ce aux tables rondes ou aux temps de networking, je ressors de cet \u00e9v\u00e9nement optimiste et motiv\u00e9e par mes camarades <em>young leaders<\/em>. Et bien que le s\u00e9minaire ai pos\u00e9 plus de questions qu\u2019il a apport\u00e9 de r\u00e9ponse, il a offert un espace de collaboration et d\u2019\u00e9change entre acteur\u2027ices qui ne se rencontrent que trop peu. Cette rencontre a permis de soulever des th\u00e9matiques autour de l\u2019IA bien s\u00fbr, mais aussi autour du futur de l\u2019\u00e9ducation, du travail et de la gouvernance qui sont et resteront des sujets cruciaux.<\/p><p id=\"ember4899\" class=\"ember-view reader-text-block__paragraph\"><strong>Vous \u00eates une organisation de l\u2019ESS num\u00e9rique et vous souhaitez nous rejoindre et contribuer, avec nous, \u00e0 b\u00e2tir un num\u00e9rique plus \u00e9thique, ouvert et coop\u00e9ratif ?<\/strong><\/p><p id=\"ember4900\" class=\"ember-view reader-text-block__paragraph\">\u2b50<a class=\"fnGJwStpmIzbIEjwABbMEhqRdRQiXTTBmFDImm\" target=\"_self\" href=\"https:\/\/www.helloasso.com\/associations\/social-good-accelerator\/adhesions\/adhesion-au-social-good-accelerator-2024\/\" data-test-app-aware-link=\"\" tabindex=\"0\">Adh\u00e9rez au SOGA !<\/a>\u2b50<\/p><p id=\"ember4901\" class=\"ember-view reader-text-block__paragraph\">Eline Coustenoble, Charg\u00e9e de Capitalisation<br \/><br \/>Et pour d\u00e9couvrir d'autres articles sur l'engagement du SOGA en faveur d'un num\u00e9rique plus soutenable, <a href=\"https:\/\/socialgoodaccelerator.eu\/en_gb\/news\/\">cliquez ici.<\/a><\/p>",
        "protected": false
    },
    "excerpt": {
        "rendered": "<p>Le r\u00f4le des communs de donn\u00e9es dans l\u2019IA pour l&#8217;\u00e9conomie socialeDu 12 au 15 mai 2025, Eline Coustenoble, charg\u00e9e de capitalisation au Social Good Accelerator, a particip\u00e9 au EU-US Young [&hellip;]<\/p>",
        "protected": false
    },
    "author": 1,
    "featured_media": 54496,
    "comment_status": "closed",
    "ping_status": "closed",
    "sticky": false,
    "template": "",
    "format": "standard",
    "meta": {
        "_et_pb_use_builder": "off",
        "_et_pb_old_content": "",
        "_et_gb_content_width": "",
        "jetpack_post_was_ever_published": false,
        "_jetpack_newsletter_access": "",
        "_jetpack_dont_email_post_to_subs": false,
        "_jetpack_newsletter_tier_id": 0,
        "_jetpack_memberships_contains_paywalled_content": false,
        "_jetpack_memberships_contains_paid_content": false,
        "footnotes": ""
    },
    "categories": [
        77,
        406,
        403
    ],
    "tags": [
        379,
        372,
        383,
        282
    ],
    "class_list": [
        "post-54489",
        "post",
        "type-post",
        "status-publish",
        "format-standard",
        "has-post-thumbnail",
        "hentry",
        "category-editorial",
        "category-interviews-temoignages",
        "category-revue-de-presse",
        "tag-ia-et-competences",
        "tag-interview",
        "tag-learning-expeditions",
        "tag-transition-numerique"
    ],
    "yoast_head": "<!-- This site is optimized with the Yoast SEO plugin v27.4 - https:\/\/yoast.com\/product\/yoast-seo-wordpress\/ -->\n<title>Opportunit\u00e9s et d\u00e9fis de l&#039;IA pour l&#039;\u00e9conomie sociale - SOGA<\/title>\n<meta name=\"description\" content=\"Explorez les opportunit\u00e9s et d\u00e9fis de l&#039;IA pour l&#039;\u00e9conomie sociale, avec un focus sur les implications pour l&#039;ESS et la r\u00e9gulation de l&#039;IA.\" \/>\n<meta name=\"robots\" content=\"index, follow, max-snippet:-1, max-image-preview:large, max-video-preview:-1\" \/>\n<link rel=\"canonical\" href=\"https:\/\/socialgoodaccelerator.eu\/en_gb\/2025\/06\/05\/social-tech-opportunites-et-defis-de-l-ia-pour-l-economie-sociale\/\" \/>\n<meta property=\"og:locale\" content=\"en_GB\" \/>\n<meta property=\"og:type\" content=\"article\" \/>\n<meta property=\"og:title\" content=\"Opportunit\u00e9s et d\u00e9fis de l&#039;IA pour l&#039;\u00e9conomie sociale - SOGA\" \/>\n<meta property=\"og:description\" content=\"Explorez les opportunit\u00e9s et d\u00e9fis de l&#039;IA pour l&#039;\u00e9conomie sociale, avec un focus sur les implications pour l&#039;ESS et la r\u00e9gulation de l&#039;IA.\" \/>\n<meta property=\"og:url\" content=\"https:\/\/socialgoodaccelerator.eu\/en_gb\/2025\/06\/05\/social-tech-opportunites-et-defis-de-l-ia-pour-l-economie-sociale\/\" \/>\n<meta property=\"og:site_name\" content=\"SOGA\" \/>\n<meta property=\"article:publisher\" content=\"https:\/\/www.facebook.com\/SocialGoodAccel.EU\/\" \/>\n<meta property=\"article:published_time\" content=\"2025-06-05T13:35:22+00:00\" \/>\n<meta property=\"article:modified_time\" content=\"2025-08-01T15:24:21+00:00\" \/>\n<meta property=\"og:image\" content=\"https:\/\/socialgoodaccelerator.eu\/wp-content\/uploads\/2025\/06\/photo-article-1024x683.png\" \/>\n\t<meta property=\"og:image:width\" content=\"1024\" \/>\n\t<meta property=\"og:image:height\" content=\"683\" \/>\n\t<meta property=\"og:image:type\" content=\"image\/png\" \/>\n<meta name=\"author\" content=\"sogaccelerator\" \/>\n<meta name=\"twitter:card\" content=\"summary_large_image\" \/>\n<meta name=\"twitter:label1\" content=\"Written by\" \/>\n\t<meta name=\"twitter:data1\" content=\"sogaccelerator\" \/>\n\t<meta name=\"twitter:label2\" content=\"Estimated reading time\" \/>\n\t<meta name=\"twitter:data2\" content=\"7 minutes\" \/>\n<script type=\"application\/ld+json\" class=\"yoast-schema-graph\">{\"@context\":\"https:\\\/\\\/schema.org\",\"@graph\":[{\"@type\":\"Article\",\"@id\":\"https:\\\/\\\/socialgoodaccelerator.eu\\\/2025\\\/06\\\/05\\\/social-tech-opportunites-et-defis-de-l-ia-pour-l-economie-sociale\\\/#article\",\"isPartOf\":{\"@id\":\"https:\\\/\\\/socialgoodaccelerator.eu\\\/2025\\\/06\\\/05\\\/social-tech-opportunites-et-defis-de-l-ia-pour-l-economie-sociale\\\/\"},\"author\":{\"name\":\"sogaccelerator\",\"@id\":\"https:\\\/\\\/socialgoodaccelerator.eu\\\/#\\\/schema\\\/person\\\/0320622db91fd4a2ddef724cbdee0c3e\"},\"headline\":\"Opportunit\u00e9s et d\u00e9fis de l&#8217;IA pour l&#8217;\u00e9conomie sociale\",\"datePublished\":\"2025-06-05T13:35:22+00:00\",\"dateModified\":\"2025-08-01T15:24:21+00:00\",\"mainEntityOfPage\":{\"@id\":\"https:\\\/\\\/socialgoodaccelerator.eu\\\/2025\\\/06\\\/05\\\/social-tech-opportunites-et-defis-de-l-ia-pour-l-economie-sociale\\\/\"},\"wordCount\":1551,\"publisher\":{\"@id\":\"https:\\\/\\\/socialgoodaccelerator.eu\\\/#organization\"},\"image\":{\"@id\":\"https:\\\/\\\/socialgoodaccelerator.eu\\\/2025\\\/06\\\/05\\\/social-tech-opportunites-et-defis-de-l-ia-pour-l-economie-sociale\\\/#primaryimage\"},\"thumbnailUrl\":\"https:\\\/\\\/i0.wp.com\\\/socialgoodaccelerator.eu\\\/wp-content\\\/uploads\\\/2025\\\/06\\\/photo-article.png?fit=2048%2C1365&ssl=1\",\"keywords\":[\"IA et comp\u00e9tences\",\"Interview\",\"Learning expeditions\",\"Transition num\u00e9rique\"],\"articleSection\":[\"Editorial\",\"Interviews \\\/ T\u00e9moignages\",\"Revue de presse\"],\"inLanguage\":\"en-GB\"},{\"@type\":\"WebPage\",\"@id\":\"https:\\\/\\\/socialgoodaccelerator.eu\\\/2025\\\/06\\\/05\\\/social-tech-opportunites-et-defis-de-l-ia-pour-l-economie-sociale\\\/\",\"url\":\"https:\\\/\\\/socialgoodaccelerator.eu\\\/2025\\\/06\\\/05\\\/social-tech-opportunites-et-defis-de-l-ia-pour-l-economie-sociale\\\/\",\"name\":\"Opportunit\u00e9s et d\u00e9fis de l'IA pour l'\u00e9conomie sociale - SOGA\",\"isPartOf\":{\"@id\":\"https:\\\/\\\/socialgoodaccelerator.eu\\\/#website\"},\"primaryImageOfPage\":{\"@id\":\"https:\\\/\\\/socialgoodaccelerator.eu\\\/2025\\\/06\\\/05\\\/social-tech-opportunites-et-defis-de-l-ia-pour-l-economie-sociale\\\/#primaryimage\"},\"image\":{\"@id\":\"https:\\\/\\\/socialgoodaccelerator.eu\\\/2025\\\/06\\\/05\\\/social-tech-opportunites-et-defis-de-l-ia-pour-l-economie-sociale\\\/#primaryimage\"},\"thumbnailUrl\":\"https:\\\/\\\/i0.wp.com\\\/socialgoodaccelerator.eu\\\/wp-content\\\/uploads\\\/2025\\\/06\\\/photo-article.png?fit=2048%2C1365&ssl=1\",\"datePublished\":\"2025-06-05T13:35:22+00:00\",\"dateModified\":\"2025-08-01T15:24:21+00:00\",\"description\":\"Explorez les opportunit\u00e9s et d\u00e9fis de l'IA pour l'\u00e9conomie sociale, avec un focus sur les implications pour l'ESS et la r\u00e9gulation de l'IA.\",\"breadcrumb\":{\"@id\":\"https:\\\/\\\/socialgoodaccelerator.eu\\\/2025\\\/06\\\/05\\\/social-tech-opportunites-et-defis-de-l-ia-pour-l-economie-sociale\\\/#breadcrumb\"},\"inLanguage\":\"en-GB\",\"potentialAction\":[{\"@type\":\"ReadAction\",\"target\":[\"https:\\\/\\\/socialgoodaccelerator.eu\\\/2025\\\/06\\\/05\\\/social-tech-opportunites-et-defis-de-l-ia-pour-l-economie-sociale\\\/\"]}]},{\"@type\":\"ImageObject\",\"inLanguage\":\"en-GB\",\"@id\":\"https:\\\/\\\/socialgoodaccelerator.eu\\\/2025\\\/06\\\/05\\\/social-tech-opportunites-et-defis-de-l-ia-pour-l-economie-sociale\\\/#primaryimage\",\"url\":\"https:\\\/\\\/i0.wp.com\\\/socialgoodaccelerator.eu\\\/wp-content\\\/uploads\\\/2025\\\/06\\\/photo-article.png?fit=2048%2C1365&ssl=1\",\"contentUrl\":\"https:\\\/\\\/i0.wp.com\\\/socialgoodaccelerator.eu\\\/wp-content\\\/uploads\\\/2025\\\/06\\\/photo-article.png?fit=2048%2C1365&ssl=1\",\"width\":2048,\"height\":1365,\"caption\":\"Eline Coustenoble au EU-US Young Leader Seminar 2025\"},{\"@type\":\"BreadcrumbList\",\"@id\":\"https:\\\/\\\/socialgoodaccelerator.eu\\\/2025\\\/06\\\/05\\\/social-tech-opportunites-et-defis-de-l-ia-pour-l-economie-sociale\\\/#breadcrumb\",\"itemListElement\":[{\"@type\":\"ListItem\",\"position\":1,\"name\":\"Accueil\",\"item\":\"https:\\\/\\\/socialgoodaccelerator.eu\\\/\"},{\"@type\":\"ListItem\",\"position\":2,\"name\":\"Opportunit\u00e9s et d\u00e9fis de l&#8217;IA pour l&#8217;\u00e9conomie sociale\"}]},{\"@type\":\"WebSite\",\"@id\":\"https:\\\/\\\/socialgoodaccelerator.eu\\\/#website\",\"url\":\"https:\\\/\\\/socialgoodaccelerator.eu\\\/\",\"name\":\"Social Good Accelerator\",\"description\":\"Acc\u00e9l\u00e9rer l&#039;ESS num\u00e9rique\",\"publisher\":{\"@id\":\"https:\\\/\\\/socialgoodaccelerator.eu\\\/#organization\"},\"alternateName\":\"SOGA\",\"potentialAction\":[{\"@type\":\"SearchAction\",\"target\":{\"@type\":\"EntryPoint\",\"urlTemplate\":\"https:\\\/\\\/socialgoodaccelerator.eu\\\/?s={search_term_string}\"},\"query-input\":{\"@type\":\"PropertyValueSpecification\",\"valueRequired\":true,\"valueName\":\"search_term_string\"}}],\"inLanguage\":\"en-GB\"},{\"@type\":\"Organization\",\"@id\":\"https:\\\/\\\/socialgoodaccelerator.eu\\\/#organization\",\"name\":\"Social Good Accelerator\",\"alternateName\":\"SOGA\",\"url\":\"https:\\\/\\\/socialgoodaccelerator.eu\\\/\",\"logo\":{\"@type\":\"ImageObject\",\"inLanguage\":\"en-GB\",\"@id\":\"https:\\\/\\\/socialgoodaccelerator.eu\\\/#\\\/schema\\\/logo\\\/image\\\/\",\"url\":\"https:\\\/\\\/i0.wp.com\\\/socialgoodaccelerator.eu\\\/wp-content\\\/uploads\\\/2023\\\/10\\\/cropped-LOGO-SOGA-V-FR.png?fit=512%2C512&ssl=1\",\"contentUrl\":\"https:\\\/\\\/i0.wp.com\\\/socialgoodaccelerator.eu\\\/wp-content\\\/uploads\\\/2023\\\/10\\\/cropped-LOGO-SOGA-V-FR.png?fit=512%2C512&ssl=1\",\"width\":512,\"height\":512,\"caption\":\"Social Good Accelerator\"},\"image\":{\"@id\":\"https:\\\/\\\/socialgoodaccelerator.eu\\\/#\\\/schema\\\/logo\\\/image\\\/\"},\"sameAs\":[\"https:\\\/\\\/www.facebook.com\\\/SocialGoodAccel.EU\\\/\",\"https:\\\/\\\/www.youtube.com\\\/@socialgoodaccelerator772\",\"https:\\\/\\\/www.youtube.com\\\/@SocialTechAcademy-eg6hp\"]},{\"@type\":\"Person\",\"@id\":\"https:\\\/\\\/socialgoodaccelerator.eu\\\/#\\\/schema\\\/person\\\/0320622db91fd4a2ddef724cbdee0c3e\",\"name\":\"sogaccelerator\",\"image\":{\"@type\":\"ImageObject\",\"inLanguage\":\"en-GB\",\"@id\":\"https:\\\/\\\/secure.gravatar.com\\\/avatar\\\/99aef05386587650bb056a1275ce2e339bfe398930f37eb7262163da89aad453?s=96&d=mm&r=g\",\"url\":\"https:\\\/\\\/secure.gravatar.com\\\/avatar\\\/99aef05386587650bb056a1275ce2e339bfe398930f37eb7262163da89aad453?s=96&d=mm&r=g\",\"contentUrl\":\"https:\\\/\\\/secure.gravatar.com\\\/avatar\\\/99aef05386587650bb056a1275ce2e339bfe398930f37eb7262163da89aad453?s=96&d=mm&r=g\",\"caption\":\"sogaccelerator\"}}]}<\/script>\n<!-- \/ Yoast SEO plugin. -->",
    "yoast_head_json": {
        "title": "Opportunit\u00e9s et d\u00e9fis de l'IA pour l'\u00e9conomie sociale - SOGA",
        "description": "Explorez les opportunit\u00e9s et d\u00e9fis de l'IA pour l'\u00e9conomie sociale, avec un focus sur les implications pour l'ESS et la r\u00e9gulation de l'IA.",
        "robots": {
            "index": "index",
            "follow": "follow",
            "max-snippet": "max-snippet:-1",
            "max-image-preview": "max-image-preview:large",
            "max-video-preview": "max-video-preview:-1"
        },
        "canonical": "https:\/\/socialgoodaccelerator.eu\/en_gb\/2025\/06\/05\/social-tech-opportunites-et-defis-de-l-ia-pour-l-economie-sociale\/",
        "og_locale": "en_GB",
        "og_type": "article",
        "og_title": "Opportunit\u00e9s et d\u00e9fis de l'IA pour l'\u00e9conomie sociale - SOGA",
        "og_description": "Explorez les opportunit\u00e9s et d\u00e9fis de l'IA pour l'\u00e9conomie sociale, avec un focus sur les implications pour l'ESS et la r\u00e9gulation de l'IA.",
        "og_url": "https:\/\/socialgoodaccelerator.eu\/en_gb\/2025\/06\/05\/social-tech-opportunites-et-defis-de-l-ia-pour-l-economie-sociale\/",
        "og_site_name": "SOGA",
        "article_publisher": "https:\/\/www.facebook.com\/SocialGoodAccel.EU\/",
        "article_published_time": "2025-06-05T13:35:22+00:00",
        "article_modified_time": "2025-08-01T15:24:21+00:00",
        "og_image": [
            {
                "width": 1024,
                "height": 683,
                "url": "https:\/\/socialgoodaccelerator.eu\/wp-content\/uploads\/2025\/06\/photo-article-1024x683.png",
                "type": "image\/png"
            }
        ],
        "author": "sogaccelerator",
        "twitter_card": "summary_large_image",
        "twitter_misc": {
            "Written by": "sogaccelerator",
            "Estimated reading time": "7 minutes"
        },
        "schema": {
            "@context": "https:\/\/schema.org",
            "@graph": [
                {
                    "@type": "Article",
                    "@id": "https:\/\/socialgoodaccelerator.eu\/2025\/06\/05\/social-tech-opportunites-et-defis-de-l-ia-pour-l-economie-sociale\/#article",
                    "isPartOf": {
                        "@id": "https:\/\/socialgoodaccelerator.eu\/2025\/06\/05\/social-tech-opportunites-et-defis-de-l-ia-pour-l-economie-sociale\/"
                    },
                    "author": {
                        "name": "sogaccelerator",
                        "@id": "https:\/\/socialgoodaccelerator.eu\/#\/schema\/person\/0320622db91fd4a2ddef724cbdee0c3e"
                    },
                    "headline": "Opportunit\u00e9s et d\u00e9fis de l&#8217;IA pour l&#8217;\u00e9conomie sociale",
                    "datePublished": "2025-06-05T13:35:22+00:00",
                    "dateModified": "2025-08-01T15:24:21+00:00",
                    "mainEntityOfPage": {
                        "@id": "https:\/\/socialgoodaccelerator.eu\/2025\/06\/05\/social-tech-opportunites-et-defis-de-l-ia-pour-l-economie-sociale\/"
                    },
                    "wordCount": 1551,
                    "publisher": {
                        "@id": "https:\/\/socialgoodaccelerator.eu\/#organization"
                    },
                    "image": {
                        "@id": "https:\/\/socialgoodaccelerator.eu\/2025\/06\/05\/social-tech-opportunites-et-defis-de-l-ia-pour-l-economie-sociale\/#primaryimage"
                    },
                    "thumbnailUrl": "https:\/\/i0.wp.com\/socialgoodaccelerator.eu\/wp-content\/uploads\/2025\/06\/photo-article.png?fit=2048%2C1365&ssl=1",
                    "keywords": [
                        "IA et comp\u00e9tences",
                        "Interview",
                        "Learning expeditions",
                        "Transition num\u00e9rique"
                    ],
                    "articleSection": [
                        "Editorial",
                        "Interviews \/ T\u00e9moignages",
                        "Revue de presse"
                    ],
                    "inLanguage": "en-GB"
                },
                {
                    "@type": "WebPage",
                    "@id": "https:\/\/socialgoodaccelerator.eu\/2025\/06\/05\/social-tech-opportunites-et-defis-de-l-ia-pour-l-economie-sociale\/",
                    "url": "https:\/\/socialgoodaccelerator.eu\/2025\/06\/05\/social-tech-opportunites-et-defis-de-l-ia-pour-l-economie-sociale\/",
                    "name": "Opportunit\u00e9s et d\u00e9fis de l'IA pour l'\u00e9conomie sociale - SOGA",
                    "isPartOf": {
                        "@id": "https:\/\/socialgoodaccelerator.eu\/#website"
                    },
                    "primaryImageOfPage": {
                        "@id": "https:\/\/socialgoodaccelerator.eu\/2025\/06\/05\/social-tech-opportunites-et-defis-de-l-ia-pour-l-economie-sociale\/#primaryimage"
                    },
                    "image": {
                        "@id": "https:\/\/socialgoodaccelerator.eu\/2025\/06\/05\/social-tech-opportunites-et-defis-de-l-ia-pour-l-economie-sociale\/#primaryimage"
                    },
                    "thumbnailUrl": "https:\/\/i0.wp.com\/socialgoodaccelerator.eu\/wp-content\/uploads\/2025\/06\/photo-article.png?fit=2048%2C1365&ssl=1",
                    "datePublished": "2025-06-05T13:35:22+00:00",
                    "dateModified": "2025-08-01T15:24:21+00:00",
                    "description": "Explorez les opportunit\u00e9s et d\u00e9fis de l'IA pour l'\u00e9conomie sociale, avec un focus sur les implications pour l'ESS et la r\u00e9gulation de l'IA.",
                    "breadcrumb": {
                        "@id": "https:\/\/socialgoodaccelerator.eu\/2025\/06\/05\/social-tech-opportunites-et-defis-de-l-ia-pour-l-economie-sociale\/#breadcrumb"
                    },
                    "inLanguage": "en-GB",
                    "potentialAction": [
                        {
                            "@type": "ReadAction",
                            "target": [
                                "https:\/\/socialgoodaccelerator.eu\/2025\/06\/05\/social-tech-opportunites-et-defis-de-l-ia-pour-l-economie-sociale\/"
                            ]
                        }
                    ]
                },
                {
                    "@type": "ImageObject",
                    "inLanguage": "en-GB",
                    "@id": "https:\/\/socialgoodaccelerator.eu\/2025\/06\/05\/social-tech-opportunites-et-defis-de-l-ia-pour-l-economie-sociale\/#primaryimage",
                    "url": "https:\/\/i0.wp.com\/socialgoodaccelerator.eu\/wp-content\/uploads\/2025\/06\/photo-article.png?fit=2048%2C1365&ssl=1",
                    "contentUrl": "https:\/\/i0.wp.com\/socialgoodaccelerator.eu\/wp-content\/uploads\/2025\/06\/photo-article.png?fit=2048%2C1365&ssl=1",
                    "width": 2048,
                    "height": 1365,
                    "caption": "Eline Coustenoble au EU-US Young Leader Seminar 2025"
                },
                {
                    "@type": "BreadcrumbList",
                    "@id": "https:\/\/socialgoodaccelerator.eu\/2025\/06\/05\/social-tech-opportunites-et-defis-de-l-ia-pour-l-economie-sociale\/#breadcrumb",
                    "itemListElement": [
                        {
                            "@type": "ListItem",
                            "position": 1,
                            "name": "Accueil",
                            "item": "https:\/\/socialgoodaccelerator.eu\/"
                        },
                        {
                            "@type": "ListItem",
                            "position": 2,
                            "name": "Opportunit\u00e9s et d\u00e9fis de l&#8217;IA pour l&#8217;\u00e9conomie sociale"
                        }
                    ]
                },
                {
                    "@type": "WebSite",
                    "@id": "https:\/\/socialgoodaccelerator.eu\/#website",
                    "url": "https:\/\/socialgoodaccelerator.eu\/",
                    "name": "Social Good Accelerator",
                    "description": "Acc\u00e9l\u00e9rer l&#039;ESS num\u00e9rique",
                    "publisher": {
                        "@id": "https:\/\/socialgoodaccelerator.eu\/#organization"
                    },
                    "alternateName": "SOGA",
                    "potentialAction": [
                        {
                            "@type": "SearchAction",
                            "target": {
                                "@type": "EntryPoint",
                                "urlTemplate": "https:\/\/socialgoodaccelerator.eu\/?s={search_term_string}"
                            },
                            "query-input": {
                                "@type": "PropertyValueSpecification",
                                "valueRequired": true,
                                "valueName": "search_term_string"
                            }
                        }
                    ],
                    "inLanguage": "en-GB"
                },
                {
                    "@type": "Organization",
                    "@id": "https:\/\/socialgoodaccelerator.eu\/#organization",
                    "name": "Social Good Accelerator",
                    "alternateName": "SOGA",
                    "url": "https:\/\/socialgoodaccelerator.eu\/",
                    "logo": {
                        "@type": "ImageObject",
                        "inLanguage": "en-GB",
                        "@id": "https:\/\/socialgoodaccelerator.eu\/#\/schema\/logo\/image\/",
                        "url": "https:\/\/i0.wp.com\/socialgoodaccelerator.eu\/wp-content\/uploads\/2023\/10\/cropped-LOGO-SOGA-V-FR.png?fit=512%2C512&ssl=1",
                        "contentUrl": "https:\/\/i0.wp.com\/socialgoodaccelerator.eu\/wp-content\/uploads\/2023\/10\/cropped-LOGO-SOGA-V-FR.png?fit=512%2C512&ssl=1",
                        "width": 512,
                        "height": 512,
                        "caption": "Social Good Accelerator"
                    },
                    "image": {
                        "@id": "https:\/\/socialgoodaccelerator.eu\/#\/schema\/logo\/image\/"
                    },
                    "sameAs": [
                        "https:\/\/www.facebook.com\/SocialGoodAccel.EU\/",
                        "https:\/\/www.youtube.com\/@socialgoodaccelerator772",
                        "https:\/\/www.youtube.com\/@SocialTechAcademy-eg6hp"
                    ]
                },
                {
                    "@type": "Person",
                    "@id": "https:\/\/socialgoodaccelerator.eu\/#\/schema\/person\/0320622db91fd4a2ddef724cbdee0c3e",
                    "name": "sogaccelerator",
                    "image": {
                        "@type": "ImageObject",
                        "inLanguage": "en-GB",
                        "@id": "https:\/\/secure.gravatar.com\/avatar\/99aef05386587650bb056a1275ce2e339bfe398930f37eb7262163da89aad453?s=96&d=mm&r=g",
                        "url": "https:\/\/secure.gravatar.com\/avatar\/99aef05386587650bb056a1275ce2e339bfe398930f37eb7262163da89aad453?s=96&d=mm&r=g",
                        "contentUrl": "https:\/\/secure.gravatar.com\/avatar\/99aef05386587650bb056a1275ce2e339bfe398930f37eb7262163da89aad453?s=96&d=mm&r=g",
                        "caption": "sogaccelerator"
                    }
                }
            ]
        }
    },
    "jetpack_featured_media_url": "https:\/\/i0.wp.com\/socialgoodaccelerator.eu\/wp-content\/uploads\/2025\/06\/photo-article.png?fit=2048%2C1365&ssl=1",
    "jetpack_likes_enabled": true,
    "jetpack-related-posts": [
        {
            "id": 57863,
            "url": "https:\/\/socialgoodaccelerator.eu\/en_gb\/2026\/04\/23\/lasuite-coop\/",
            "url_meta": {
                "origin": 54489,
                "position": 0
            },
            "title": "LaSuite.coop : l\u2019alternative num\u00e9rique coop\u00e9rative, libre et h\u00e9berg\u00e9e en Europe dont l\u2019ESS avait besoin",
            "author": "sogaccelerator",
            "date": "23 April 2026",
            "format": "gallery",
            "excerpt": "Abstract :\u00a0Chaque ann\u00e9e, 70 milliards d\u2019euros quittent la France en direction des \u00c9tats-Unis pour financer nos seuls usages num\u00e9riques. Derri\u00e8re\u2026",
            "rel": "",
            "context": "In &quot;Actualit\u00e9s de SOGA&quot;",
            "block_context": {
                "text": "Actualit\u00e9s de SOGA",
                "link": "https:\/\/socialgoodaccelerator.eu\/en_gb\/category\/actualites-de-soga\/"
            },
            "img": {
                "alt_text": "LaSuite.coop",
                "src": "https:\/\/i0.wp.com\/socialgoodaccelerator.eu\/wp-content\/uploads\/2026\/04\/Design-sans-titre-2-1-1.png?fit=1200%2C627&ssl=1&resize=350%2C200",
                "width": 350,
                "height": 200,
                "srcset": "https:\/\/i0.wp.com\/socialgoodaccelerator.eu\/wp-content\/uploads\/2026\/04\/Design-sans-titre-2-1-1.png?fit=1200%2C627&ssl=1&resize=350%2C200 1x, https:\/\/i0.wp.com\/socialgoodaccelerator.eu\/wp-content\/uploads\/2026\/04\/Design-sans-titre-2-1-1.png?fit=1200%2C627&ssl=1&resize=525%2C300 1.5x, https:\/\/i0.wp.com\/socialgoodaccelerator.eu\/wp-content\/uploads\/2026\/04\/Design-sans-titre-2-1-1.png?fit=1200%2C627&ssl=1&resize=700%2C400 2x, https:\/\/i0.wp.com\/socialgoodaccelerator.eu\/wp-content\/uploads\/2026\/04\/Design-sans-titre-2-1-1.png?fit=1200%2C627&ssl=1&resize=1050%2C600 3x"
            },
            "classes": []
        },
        {
            "id": 50793,
            "url": "https:\/\/socialgoodaccelerator.eu\/en_gb\/2022\/05\/17\/social-economy-europe-interview-on-the-second-social-economy-summit\/",
            "url_meta": {
                "origin": 54489,
                "position": 1
            },
            "title": "&#8216;It was a successful experience&#8217;, Social Economy Europe&#8217;s view on the European Social Economy Summit.",
            "author": "sogaccelerator",
            "date": "17 May 2022",
            "format": false,
            "excerpt": "The European Social Economy Summit on 5-6 May 2022 in Strasbourg focused on the place of the social economy in the European Union and its future through conferences, workshops and meetings.",
            "rel": "",
            "context": "In &quot;Interviews \/ T\u00e9moignages&quot;",
            "block_context": {
                "text": "Interviews \/ T\u00e9moignages",
                "link": "https:\/\/socialgoodaccelerator.eu\/en_gb\/category\/interviews-temoignages\/"
            },
            "img": {
                "alt_text": "",
                "src": "https:\/\/i0.wp.com\/socialgoodaccelerator.eu\/wp-content\/uploads\/2022\/05\/Capture-decran-2022-05-17-a-11.33.32.png?fit=626%2C485&ssl=1&resize=350%2C200",
                "width": 350,
                "height": 200,
                "srcset": "https:\/\/i0.wp.com\/socialgoodaccelerator.eu\/wp-content\/uploads\/2022\/05\/Capture-decran-2022-05-17-a-11.33.32.png?fit=626%2C485&ssl=1&resize=350%2C200 1x, https:\/\/i0.wp.com\/socialgoodaccelerator.eu\/wp-content\/uploads\/2022\/05\/Capture-decran-2022-05-17-a-11.33.32.png?fit=626%2C485&ssl=1&resize=525%2C300 1.5x"
            },
            "classes": []
        },
        {
            "id": 50186,
            "url": "https:\/\/socialgoodaccelerator.eu\/en_gb\/2021\/11\/30\/social-tech-atlas-why-a-single-map-for-a-thousand-social-organisations\/",
            "url_meta": {
                "origin": 54489,
                "position": 2
            },
            "title": "Social Tech Atlas: why a single map for a thousand social organisations?",
            "author": "sogaccelerator",
            "date": "30 November 2021",
            "format": false,
            "excerpt": "Until now, there was no European database gathering both organisations supporting social economy stakeholders in their digital transition and those offering alternative digital tools and services. This is now done with the Social Tech Atlas...",
            "rel": "",
            "context": "In &quot;Communs &amp; plaidoyer&quot;",
            "block_context": {
                "text": "Communs &amp; plaidoyer",
                "link": "https:\/\/socialgoodaccelerator.eu\/en_gb\/category\/communs-et-plaidoyer\/"
            },
            "img": {
                "alt_text": "Screenshot Social Tech Atlas",
                "src": "https:\/\/i0.wp.com\/socialgoodaccelerator.eu\/wp-content\/uploads\/2021\/11\/Capture-de%CC%81cran-2021-11-30-a%CC%80-12.32.33.png?fit=694%2C560&ssl=1&resize=350%2C200",
                "width": 350,
                "height": 200,
                "srcset": "https:\/\/i0.wp.com\/socialgoodaccelerator.eu\/wp-content\/uploads\/2021\/11\/Capture-de%CC%81cran-2021-11-30-a%CC%80-12.32.33.png?fit=694%2C560&ssl=1&resize=350%2C200 1x, https:\/\/i0.wp.com\/socialgoodaccelerator.eu\/wp-content\/uploads\/2021\/11\/Capture-de%CC%81cran-2021-11-30-a%CC%80-12.32.33.png?fit=694%2C560&ssl=1&resize=525%2C300 1.5x"
            },
            "classes": []
        },
        {
            "id": 50330,
            "url": "https:\/\/socialgoodaccelerator.eu\/en_gb\/2022\/01\/31\/the-social-good-accelerator-joins-the-pact-for-skills\/",
            "url_meta": {
                "origin": 54489,
                "position": 3
            },
            "title": "The Social Good Accelerator joins the Pact for Skills!",
            "author": "sogaccelerator",
            "date": "31 January 2022",
            "format": false,
            "excerpt": "At the end of 2020, European Commissioners Breton and Schmit made public the core of the EU's skills strategy, the Pact for Skills. They called on all European organisations involved in the upskilling of individuals to meet the EU's skills needs.",
            "rel": "",
            "context": "In &quot;Actualit\u00e9s de SOGA&quot;",
            "block_context": {
                "text": "Actualit\u00e9s de SOGA",
                "link": "https:\/\/socialgoodaccelerator.eu\/en_gb\/category\/actualites-de-soga\/"
            },
            "img": {
                "alt_text": "Pact for Skills",
                "src": "https:\/\/i0.wp.com\/socialgoodaccelerator.eu\/wp-content\/uploads\/2022\/01\/Screenshot-2020-02-18-10.45.45.png?fit=1023%2C572&ssl=1&resize=350%2C200",
                "width": 350,
                "height": 200,
                "srcset": "https:\/\/i0.wp.com\/socialgoodaccelerator.eu\/wp-content\/uploads\/2022\/01\/Screenshot-2020-02-18-10.45.45.png?fit=1023%2C572&ssl=1&resize=350%2C200 1x, https:\/\/i0.wp.com\/socialgoodaccelerator.eu\/wp-content\/uploads\/2022\/01\/Screenshot-2020-02-18-10.45.45.png?fit=1023%2C572&ssl=1&resize=525%2C300 1.5x, https:\/\/i0.wp.com\/socialgoodaccelerator.eu\/wp-content\/uploads\/2022\/01\/Screenshot-2020-02-18-10.45.45.png?fit=1023%2C572&ssl=1&resize=700%2C400 2x"
            },
            "classes": []
        },
        {
            "id": 50394,
            "url": "https:\/\/socialgoodaccelerator.eu\/en_gb\/2022\/03\/10\/open-letter\/",
            "url_meta": {
                "origin": 54489,
                "position": 4
            },
            "title": "Open letter: the necessary digital transition of the social economy",
            "author": "sogaccelerator",
            "date": "10 March 2022",
            "format": false,
            "excerpt": "In February 2021, the Social Good Accelerator and its 70 members maintained its vision in its open letter. A better world can only be made with the full support of social economy, which also has to be digitalised.",
            "rel": "",
            "context": "In &quot;Notes de position&quot;",
            "block_context": {
                "text": "Notes de position",
                "link": "https:\/\/socialgoodaccelerator.eu\/en_gb\/category\/notes-de-position\/"
            },
            "img": {
                "alt_text": "SOGA team flags Lisbon",
                "src": "https:\/\/i0.wp.com\/socialgoodaccelerator.eu\/wp-content\/uploads\/2018\/03\/flags.jpg?fit=1200%2C900&ssl=1&resize=350%2C200",
                "width": 350,
                "height": 200,
                "srcset": "https:\/\/i0.wp.com\/socialgoodaccelerator.eu\/wp-content\/uploads\/2018\/03\/flags.jpg?fit=1200%2C900&ssl=1&resize=350%2C200 1x, https:\/\/i0.wp.com\/socialgoodaccelerator.eu\/wp-content\/uploads\/2018\/03\/flags.jpg?fit=1200%2C900&ssl=1&resize=525%2C300 1.5x, https:\/\/i0.wp.com\/socialgoodaccelerator.eu\/wp-content\/uploads\/2018\/03\/flags.jpg?fit=1200%2C900&ssl=1&resize=700%2C400 2x, https:\/\/i0.wp.com\/socialgoodaccelerator.eu\/wp-content\/uploads\/2018\/03\/flags.jpg?fit=1200%2C900&ssl=1&resize=1050%2C600 3x"
            },
            "classes": []
        },
        {
            "id": 51087,
            "url": "https:\/\/socialgoodaccelerator.eu\/en_gb\/2022\/07\/07\/rapport-activite-2021\/",
            "url_meta": {
                "origin": 54489,
                "position": 5
            },
            "title": "Rapport d&#8217;activit\u00e9 2021",
            "author": "sogaccelerator",
            "date": "7 July 2022",
            "format": false,
            "excerpt": "Discover all the actions accomplished by the Social good Accelerator in 2021 and its perspectives for 2022 in this SOGA activity report.",
            "rel": "",
            "context": "In &quot;Rapport d'activit\u00e9&quot;",
            "block_context": {
                "text": "Rapport d'activit\u00e9",
                "link": "https:\/\/socialgoodaccelerator.eu\/en_gb\/category\/rapport-d-activite\/"
            },
            "img": {
                "alt_text": "Rapport d'activit\u00e9 2021",
                "src": "https:\/\/i0.wp.com\/socialgoodaccelerator.eu\/wp-content\/uploads\/2025\/08\/Titre-3.png?fit=1200%2C675&ssl=1&resize=350%2C200",
                "width": 350,
                "height": 200,
                "srcset": "https:\/\/i0.wp.com\/socialgoodaccelerator.eu\/wp-content\/uploads\/2025\/08\/Titre-3.png?fit=1200%2C675&ssl=1&resize=350%2C200 1x, https:\/\/i0.wp.com\/socialgoodaccelerator.eu\/wp-content\/uploads\/2025\/08\/Titre-3.png?fit=1200%2C675&ssl=1&resize=525%2C300 1.5x, https:\/\/i0.wp.com\/socialgoodaccelerator.eu\/wp-content\/uploads\/2025\/08\/Titre-3.png?fit=1200%2C675&ssl=1&resize=700%2C400 2x, https:\/\/i0.wp.com\/socialgoodaccelerator.eu\/wp-content\/uploads\/2025\/08\/Titre-3.png?fit=1200%2C675&ssl=1&resize=1050%2C600 3x"
            },
            "classes": []
        }
    ],
    "jetpack_sharing_enabled": true,
    "jetpack_shortlink": "https:\/\/wp.me\/p9J6Qk-eaR",
    "_links": {
        "self": [
            {
                "href": "https:\/\/socialgoodaccelerator.eu\/en_gb\/wp-json\/wp\/v2\/posts\/54489",
                "targetHints": {
                    "allow": [
                        "GET"
                    ]
                }
            }
        ],
        "collection": [
            {
                "href": "https:\/\/socialgoodaccelerator.eu\/en_gb\/wp-json\/wp\/v2\/posts"
            }
        ],
        "about": [
            {
                "href": "https:\/\/socialgoodaccelerator.eu\/en_gb\/wp-json\/wp\/v2\/types\/post"
            }
        ],
        "author": [
            {
                "embeddable": true,
                "href": "https:\/\/socialgoodaccelerator.eu\/en_gb\/wp-json\/wp\/v2\/users\/1"
            }
        ],
        "replies": [
            {
                "embeddable": true,
                "href": "https:\/\/socialgoodaccelerator.eu\/en_gb\/wp-json\/wp\/v2\/comments?post=54489"
            }
        ],
        "version-history": [
            {
                "count": 5,
                "href": "https:\/\/socialgoodaccelerator.eu\/en_gb\/wp-json\/wp\/v2\/posts\/54489\/revisions"
            }
        ],
        "predecessor-version": [
            {
                "id": 54499,
                "href": "https:\/\/socialgoodaccelerator.eu\/en_gb\/wp-json\/wp\/v2\/posts\/54489\/revisions\/54499"
            }
        ],
        "wp:featuredmedia": [
            {
                "embeddable": true,
                "href": "https:\/\/socialgoodaccelerator.eu\/en_gb\/wp-json\/wp\/v2\/media\/54496"
            }
        ],
        "wp:attachment": [
            {
                "href": "https:\/\/socialgoodaccelerator.eu\/en_gb\/wp-json\/wp\/v2\/media?parent=54489"
            }
        ],
        "wp:term": [
            {
                "taxonomy": "category",
                "embeddable": true,
                "href": "https:\/\/socialgoodaccelerator.eu\/en_gb\/wp-json\/wp\/v2\/categories?post=54489"
            },
            {
                "taxonomy": "post_tag",
                "embeddable": true,
                "href": "https:\/\/socialgoodaccelerator.eu\/en_gb\/wp-json\/wp\/v2\/tags?post=54489"
            }
        ],
        "curies": [
            {
                "name": "wp",
                "href": "https:\/\/api.w.org\/{rel}",
                "templated": true
            }
        ]
    }
}