{
    "id": 53930,
    "date": "2023-11-19T10:42:34",
    "date_gmt": "2023-11-19T09:42:34",
    "guid": {
        "rendered": "https:\/\/socialgoodaccelerator.eu\/?p=53930"
    },
    "modified": "2026-03-09T10:37:43",
    "modified_gmt": "2026-03-09T09:37:43",
    "slug": "economie-sociale-numerique",
    "status": "publish",
    "type": "post",
    "link": "https:\/\/socialgoodaccelerator.eu\/en_gb\/2023\/11\/19\/economie-sociale-numerique\/",
    "title": {
        "rendered": "\u00c9conomie sociale num\u00e9rique : une opportunit\u00e9 pour la citoyennet\u00e9 et la d\u00e9mocratie"
    },
    "content": {
        "rendered": "[et_pb_section fb_built=&#8221;1&#8243; admin_label=&#8221;section&#8221; _builder_version=&#8221;4.16&#8243; global_colors_info=&#8221;{}&#8221; da_is_popup=&#8221;off&#8221; da_exit_intent=&#8221;off&#8221; da_has_close=&#8221;on&#8221; da_alt_close=&#8221;off&#8221; da_dark_close=&#8221;off&#8221; da_not_modal=&#8221;on&#8221; da_is_singular=&#8221;off&#8221; da_with_loader=&#8221;off&#8221; da_has_shadow=&#8221;on&#8221; da_disable_devices=&#8221;off|off|off&#8221;][et_pb_row admin_label=&#8221;row&#8221; _builder_version=&#8221;4.16&#8243; background_size=&#8221;initial&#8221; background_position=&#8221;top_left&#8221; background_repeat=&#8221;repeat&#8221; custom_padding=&#8221;||44px|||&#8221; global_colors_info=&#8221;{}&#8221;][et_pb_column type=&#8221;4_4&#8243; _builder_version=&#8221;4.16&#8243; custom_padding=&#8221;|||&#8221; global_colors_info=&#8221;{}&#8221; custom_padding__hover=&#8221;|||&#8221;][et_pb_text _builder_version=&#8221;4.27.4&#8243; _module_preset=&#8221;default&#8221; header_text_align=&#8221;justify&#8221; header_text_color=&#8221;gcid-secondary-color&#8221; hover_enabled=&#8221;0&#8243; locked=&#8221;off&#8221; inline_fonts=&#8221;ABeeZee&#8221; global_colors_info=&#8221;{%22gcid-secondary-color%22:%91%22header_text_color%22%93}&#8221; sticky_enabled=&#8221;0&#8243;]<h1 style=\"text-align: left;\">\u00c9conomie sociale num\u00e9rique : une opportunit\u00e9 pour la citoyennet\u00e9 et la d\u00e9mocratie europ\u00e9ennes<\/h1>[\/et_pb_text][et_pb_text _builder_version=&#8221;4.27.4&#8243; _module_preset=&#8221;default&#8221; text_text_color=&#8221;gcid-heading-color&#8221; global_colors_info=&#8221;{%22gcid-heading-color%22:%91%22text_text_color%22%93}&#8221;]<p data-start=\"568\" data-end=\"821\">Le 17 novembre 2023 marquait la cl\u00f4ture de <strong data-start=\"611\" data-end=\"629\">NEC ESS Europe<\/strong>. Cet \u00e9v\u00e9nement, organis\u00e9 par le Social Good Accelerator (SOGA), s\u2019inscrivait dans le cadre de l\u2019initiative <strong data-start=\"737\" data-end=\"763\">Num\u00e9rique en commun[s]<\/strong> de l\u2019ANCT. Il a \u00e9t\u00e9 cofinanc\u00e9 par le Cr\u00e9dit Coop\u00e9ratif.<\/p>\n<p data-start=\"823\" data-end=\"1084\">L\u2019objectif \u00e9tait clair : <strong data-start=\"848\" data-end=\"920\">acc\u00e9l\u00e9rer la transition num\u00e9rique de l\u2019\u00e9conomie sociale et solidaire<\/strong>. Pendant deux jours, plus de 200 participants et 80 intervenants se sont r\u00e9unis. Ainsi, NEC ESS Europe est devenu un catalyseur de d\u00e9bats riches et constructifs.<\/p>[\/et_pb_text][\/et_pb_column][\/et_pb_row][et_pb_row _builder_version=&#8221;4.19.1&#8243; _module_preset=&#8221;default&#8221; width=&#8221;74%&#8221; custom_padding=&#8221;49px|||||&#8221; global_colors_info=&#8221;{}&#8221;][et_pb_column type=&#8221;4_4&#8243; _builder_version=&#8221;4.16&#8243; _module_preset=&#8221;default&#8221; global_colors_info=&#8221;{}&#8221;][et_pb_image src=&#8221;https:\/\/socialgoodaccelerator.eu\/wp-content\/uploads\/2023\/12\/Extrait-Carrousel-Reseaux-sociaux-NEC-ESS-EU.jpg&#8221; alt=&#8221;people pointing to a computer to collaborate on a joint project&#8221; title_text=&#8221;Extrait Carrousel &#8211; Re\u0301seaux sociaux &#8211; NEC ESS EU&#8221; _builder_version=&#8221;4.22.2&#8243; _module_preset=&#8221;default&#8221; width=&#8221;72%&#8221; custom_margin=&#8221;34px||49px||false|false&#8221; global_colors_info=&#8221;{}&#8221;][\/et_pb_image][et_pb_text _builder_version=&#8221;4.27.4&#8243; _module_preset=&#8221;default&#8221; global_colors_info=&#8221;{%22gcid-heading-color%22:%91%22text_text_color%22%93}&#8221; text_text_color=&#8221;gcid-heading-color&#8221; hover_enabled=&#8221;0&#8243; sticky_enabled=&#8221;0&#8243;]<p>Avec plus de 200 participants et 80 intervenants, NEC ESS Europe a \u00e9t\u00e9 un catalyseur de discussions passionnantes. Parmi les temps forts, la conf\u00e9rence organis\u00e9e au <strong data-start=\"1057\" data-end=\"1104\">Comit\u00e9 \u00e9conomique et social europ\u00e9en (CESE)<\/strong>, intitul\u00e9e :<br data-start=\"1117\" data-end=\"1120\" \/><em data-start=\"1120\" data-end=\"1263\">\u00ab Construire une Europe num\u00e9rique pour le bien commun : l\u2019\u00e9conomie sociale num\u00e9rique, une opportunit\u00e9 pour la citoyennet\u00e9 et la d\u00e9mocratie \u00bb.<\/em><\/p>[\/et_pb_text][et_pb_heading title=&#8221;L\u2019\u00e9conomie sociale num\u00e9rique, moteur de d\u00e9mocratie&#8221; _builder_version=&#8221;4.27.4&#8243; _module_preset=&#8221;default&#8221; title_level=&#8221;h2&#8243; hover_enabled=&#8221;0&#8243; sticky_enabled=&#8221;0&#8243;][\/et_pb_heading][et_pb_text _builder_version=&#8221;4.27.4&#8243; _module_preset=&#8221;default&#8221; hover_enabled=&#8221;0&#8243; global_colors_info=&#8221;{%22gcid-heading-color%22:%91%22text_text_color%22%93}&#8221; text_text_color=&#8221;gcid-heading-color&#8221; sticky_enabled=&#8221;0&#8243;]<p data-start=\"1148\" data-end=\"1313\">La premi\u00e8re session a mis en lumi\u00e8re le r\u00f4le de la Social Tech comme <strong data-start=\"1217\" data-end=\"1240\">levier d\u00e9mocratique<\/strong>. Elle a notamment insist\u00e9 sur la Civic Tech et les donn\u00e9es citoyennes.<\/p>\n<ul data-start=\"1315\" data-end=\"2131\">\n<li data-start=\"1315\" data-end=\"1423\">\n<p data-start=\"1317\" data-end=\"1423\"><strong data-start=\"1317\" data-end=\"1343\">Gabriela Martin (SOGA)<\/strong> a soulign\u00e9 la n\u00e9cessit\u00e9 de cr\u00e9er des espaces num\u00e9riques ouverts et inclusifs.<\/p>\n<\/li>\n<li data-start=\"1424\" data-end=\"1617\">\n<p data-start=\"1426\" data-end=\"1617\"><strong data-start=\"1426\" data-end=\"1450\">Julia Herriot (ANCT)<\/strong> a pr\u00e9sent\u00e9 la d\u00e9marche <em data-start=\"1474\" data-end=\"1498\">Num\u00e9rique en commun[s]<\/em> et le programme Soci\u00e9t\u00e9 num\u00e9rique. Elle a rappel\u00e9 les enjeux li\u00e9s aux financements et aux donn\u00e9es d\u2019int\u00e9r\u00eat g\u00e9n\u00e9ral.<\/p>\n<\/li>\n<li data-start=\"1618\" data-end=\"1765\">\n<p data-start=\"1620\" data-end=\"1765\"><strong data-start=\"1620\" data-end=\"1647\">Jeanne Bret\u00e9cher (SOGA)<\/strong> a d\u00e9fendu la num\u00e9risation de l\u2019ESS. Selon elle, elle peut soutenir la d\u00e9mocratie et renforcer les services sociaux.<\/p>\n<\/li>\n<li data-start=\"1766\" data-end=\"1963\">\n<p data-start=\"1768\" data-end=\"1963\"><strong data-start=\"1768\" data-end=\"1792\">Adrien Duguet (ACTE)<\/strong> a alert\u00e9 sur les risques li\u00e9s \u00e0 la transparence et \u00e0 la protection des donn\u00e9es. Il a insist\u00e9 : sans confiance, aucune participation d\u00e9mocratique durable n\u2019est possible.<\/p>\n<\/li>\n<li data-start=\"1964\" data-end=\"2131\">\n<p data-start=\"1966\" data-end=\"2131\"><strong data-start=\"1966\" data-end=\"1993\">Hendrik Nahr (Make.org)<\/strong> a illustr\u00e9 l\u2019impact de la Civic Tech. Il a cit\u00e9 la campagne <strong data-start=\"2054\" data-end=\"2065\">EurHOPE<\/strong>, qui mobilise les jeunes Europ\u00e9ens avant les \u00e9lections de 2024.<\/p>\n<\/li>\n<\/ul>\n<p data-start=\"2133\" data-end=\"2313\">Enfin, <strong data-start=\"2140\" data-end=\"2175\">Giuseppe Guerini (CECOP \u2013 CESE)<\/strong> a plaid\u00e9 pour une <strong data-start=\"2194\" data-end=\"2232\">r\u00e9gulation europ\u00e9enne du num\u00e9rique<\/strong>. Selon lui, elle doit prot\u00e9ger les citoyens tout en encourageant l\u2019innovation.<\/p>[\/et_pb_text][et_pb_heading title=&#8221;Services num\u00e9riques d\u2019int\u00e9r\u00eat g\u00e9n\u00e9ral et coop\u00e9ration&#8221; _builder_version=&#8221;4.27.4&#8243; _module_preset=&#8221;default&#8221; title_level=&#8221;h2&#8243; hover_enabled=&#8221;0&#8243; sticky_enabled=&#8221;0&#8243;][\/et_pb_heading][et_pb_text _builder_version=&#8221;4.27.4&#8243; _module_preset=&#8221;default&#8221; hover_enabled=&#8221;0&#8243; global_colors_info=&#8221;{%22gcid-heading-color%22:%91%22text_text_color%22%93}&#8221; text_text_color=&#8221;gcid-heading-color&#8221; sticky_enabled=&#8221;0&#8243;]<p data-start=\"2379\" data-end=\"2601\">La seconde session a explor\u00e9 les <strong data-start=\"2412\" data-end=\"2453\">services num\u00e9riques d\u2019int\u00e9r\u00eat g\u00e9n\u00e9ral<\/strong> et les <strong data-start=\"2461\" data-end=\"2490\">partenariats public-priv\u00e9<\/strong>. Ces derniers apparaissent comme des leviers essentiels pour la coh\u00e9sion sociale et territoriale europ\u00e9enne.<\/p>\n<ul data-start=\"2603\" data-end=\"3499\">\n<li data-start=\"2603\" data-end=\"2726\">\n<p data-start=\"2605\" data-end=\"2726\"><strong data-start=\"2605\" data-end=\"2632\">Jeanne Bret\u00e9cher (SOGA)<\/strong> a ouvert la discussion. Elle a rappel\u00e9 que le \u201csuperpouvoir\u201d de l\u2019ESS reste la coop\u00e9ration.<\/p>\n<\/li>\n<li data-start=\"2727\" data-end=\"2934\">\n<p data-start=\"2729\" data-end=\"2934\"><strong data-start=\"2729\" data-end=\"2753\">Sara de Heusch (SEE)<\/strong> a insist\u00e9 sur le r\u00f4le unique des coop\u00e9ratives, mutuelles, associations et fondations. Elles peuvent construire un num\u00e9rique respectueux de la vie priv\u00e9e, durable et d\u00e9mocratique.<\/p>\n<\/li>\n<li data-start=\"2935\" data-end=\"3105\">\n<p data-start=\"2937\" data-end=\"3105\"><strong data-start=\"2937\" data-end=\"2978\">Patrick Klein (Commission europ\u00e9enne)<\/strong> a rappel\u00e9 que la co-cr\u00e9ation est indispensable. Selon lui, elle conditionne le succ\u00e8s de la transition num\u00e9rique europ\u00e9enne.<\/p>\n<\/li>\n<li data-start=\"3106\" data-end=\"3309\">\n<p data-start=\"3108\" data-end=\"3309\"><strong data-start=\"3108\" data-end=\"3147\">Denis Stokkink (Pour La Solidarit\u00e9)<\/strong> a pr\u00e9sent\u00e9 le projet <strong data-start=\"3169\" data-end=\"3192\">Social Tech Academy<\/strong>. Ce programme, port\u00e9 par SOGA, Egina et Fundaci\u00f3n Esplai, vise \u00e0 d\u00e9velopper les comp\u00e9tences num\u00e9riques dans l\u2019ESS.<\/p>\n<\/li>\n<li data-start=\"3310\" data-end=\"3499\">\n<p data-start=\"3312\" data-end=\"3499\"><strong data-start=\"3312\" data-end=\"3364\">Maxime Baduel (d\u00e9l\u00e9gu\u00e9 interminist\u00e9riel \u00e0 l\u2019ESS)<\/strong> a insist\u00e9 sur le r\u00f4le de l\u2019\u00c9tat. Il a rappel\u00e9 que la gestion responsable des donn\u00e9es et la mont\u00e9e en comp\u00e9tences sont des priorit\u00e9s.<\/p>\n<\/li>\n<\/ul>\n<p data-start=\"3501\" data-end=\"3654\">Ainsi, les intervenants ont confirm\u00e9 que la <strong data-start=\"3545\" data-end=\"3569\">transition num\u00e9rique<\/strong> ne peut r\u00e9ussir qu\u2019en associant les valeurs et les m\u00e9thodes de l\u2019\u00e9conomie sociale.<\/p>\n<ul data-start=\"2808\" data-end=\"3697\"><\/ul>[\/et_pb_text][et_pb_heading title=&#8221;Une Europe num\u00e9rique plus juste et plus d\u00e9mocratique&#8221; _builder_version=&#8221;4.27.4&#8243; _module_preset=&#8221;default&#8221; title_level=&#8221;h2&#8243; hover_enabled=&#8221;0&#8243; sticky_enabled=&#8221;0&#8243;][\/et_pb_heading][et_pb_text _builder_version=&#8221;4.27.4&#8243; _module_preset=&#8221;default&#8221; hover_enabled=&#8221;0&#8243; global_colors_info=&#8221;{%22gcid-heading-color%22:%91%22text_text_color%22%93}&#8221; text_text_color=&#8221;gcid-heading-color&#8221; sticky_enabled=&#8221;0&#8243;]<p data-start=\"3763\" data-end=\"4057\">En conclusion, les intervenants ont affirm\u00e9 que <strong data-start=\"3811\" data-end=\"3878\">l\u2019avenir num\u00e9rique de l\u2019Europe ne peut \u00eatre uniquement marchand<\/strong>. Pour \u00eatre durable, il doit s\u2019appuyer sur les valeurs de l\u2019\u00e9conomie sociale et solidaire : coop\u00e9ration, justice sociale, respect de l\u2019environnement et d\u00e9mocratie participative.<\/p>\n<p data-start=\"4059\" data-end=\"4299\">\ud83d\udc49 Le replay de la conf\u00e9rence est disponible sur <strong><span style=\"color: #e44d66;\">la <\/span><\/strong><a href=\"https:\/\/youtube.com\/@socialgoodaccelerator772?si=UKbIYILtN2GiylDc\"><strong><span style=\"color: #e44d66;\">cha\u00eene YouTube du Social Good Accelerator<\/span><\/strong><\/a>.<br data-start=\"4153\" data-end=\"4156\" \/>\ud83d\udc49 Pour contribuer \u00e0 ce mouvement et soutenir le d\u00e9veloppement d\u2019une <span style=\"color: #e44d66;\"><strong><a href=\"https:\/\/www.helloasso.com\/associations\/social-good-accelerator\/adhesions\/1\" style=\"color: #e44d66;\">\u00e9conomie sociale num\u00e9rique europ\u00e9enne, rejoignez la communaut\u00e9 SOGA<\/a><\/strong><\/span>.<\/p>\n<ul data-start=\"2808\" data-end=\"3697\"><\/ul>[\/et_pb_text][\/et_pb_column][\/et_pb_row][\/et_pb_section]",
        "protected": false
    },
    "excerpt": {
        "rendered": "<p>The NEC ESS Europe was the catalyst for some fascinating discussions. Here is a report on the discussions at the conference &#8216;Building a digital Europe for the common good: Digital Social Economy, an opportunity for European citizenship and democracy&#8217;.<\/p>",
        "protected": false
    },
    "author": 1,
    "featured_media": 53316,
    "comment_status": "closed",
    "ping_status": "closed",
    "sticky": false,
    "template": "",
    "format": "standard",
    "meta": {
        "_et_pb_use_builder": "on",
        "_et_pb_old_content": "",
        "_et_gb_content_width": "",
        "jetpack_post_was_ever_published": false,
        "_jetpack_newsletter_access": "",
        "_jetpack_dont_email_post_to_subs": false,
        "_jetpack_newsletter_tier_id": 0,
        "_jetpack_memberships_contains_paywalled_content": false,
        "_jetpack_memberships_contains_paid_content": false,
        "footnotes": ""
    },
    "categories": [
        443
    ],
    "tags": [
        391
    ],
    "class_list": [
        "post-53930",
        "post",
        "type-post",
        "status-publish",
        "format-standard",
        "has-post-thumbnail",
        "hentry",
        "category-notes-de-position",
        "tag-digiset"
    ],
    "yoast_head": "<!-- This site is optimized with the Yoast SEO plugin v27.4 - https:\/\/yoast.com\/product\/yoast-seo-wordpress\/ -->\n<title>\u00c9conomie sociale num\u00e9rique : une opportunit\u00e9 pour la citoyennet\u00e9 et la d\u00e9mocratie - SOGA<\/title>\n<meta name=\"description\" content=\"Le 17 novembre 2023 marquait la cl\u00f4ture de NEC ESS Europe, la rencontre franco-europ\u00e9enne de l\u2019\u00e9conomie sociale num\u00e9rique organis\u00e9e par le Social Good Accelerator (SOGA)\" \/>\n<meta name=\"robots\" content=\"index, follow, max-snippet:-1, max-image-preview:large, max-video-preview:-1\" \/>\n<link rel=\"canonical\" href=\"https:\/\/socialgoodaccelerator.eu\/en_gb\/2023\/11\/19\/economie-sociale-numerique\/\" \/>\n<meta property=\"og:locale\" content=\"en_GB\" \/>\n<meta property=\"og:type\" content=\"article\" \/>\n<meta property=\"og:title\" content=\"\u00c9conomie sociale num\u00e9rique : une opportunit\u00e9 pour la citoyennet\u00e9 et la d\u00e9mocratie - SOGA\" \/>\n<meta property=\"og:description\" content=\"Le 17 novembre 2023 marquait la cl\u00f4ture de NEC ESS Europe, la rencontre franco-europ\u00e9enne de l\u2019\u00e9conomie sociale num\u00e9rique organis\u00e9e par le Social Good Accelerator (SOGA)\" \/>\n<meta property=\"og:url\" content=\"https:\/\/socialgoodaccelerator.eu\/en_gb\/2023\/11\/19\/economie-sociale-numerique\/\" \/>\n<meta property=\"og:site_name\" content=\"SOGA\" \/>\n<meta property=\"article:publisher\" content=\"https:\/\/www.facebook.com\/SocialGoodAccel.EU\/\" \/>\n<meta property=\"article:published_time\" content=\"2023-11-19T09:42:34+00:00\" \/>\n<meta property=\"article:modified_time\" content=\"2026-03-09T09:37:43+00:00\" \/>\n<meta property=\"og:image\" content=\"http:\/\/socialgoodaccelerator.eu\/wp-content\/uploads\/2023\/12\/Extrait-Carrousel-Reseaux-sociaux-NEC-ESS-EU.jpg\" \/>\n\t<meta property=\"og:image:width\" content=\"1200\" \/>\n\t<meta property=\"og:image:height\" content=\"1200\" \/>\n\t<meta property=\"og:image:type\" content=\"image\/jpeg\" \/>\n<meta name=\"author\" content=\"sogaccelerator\" \/>\n<meta name=\"twitter:card\" content=\"summary_large_image\" \/>\n<meta name=\"twitter:label1\" content=\"Written by\" \/>\n\t<meta name=\"twitter:data1\" content=\"sogaccelerator\" \/>\n\t<meta name=\"twitter:label2\" content=\"Estimated reading time\" \/>\n\t<meta name=\"twitter:data2\" content=\"4 minutes\" \/>\n<script type=\"application\/ld+json\" class=\"yoast-schema-graph\">{\"@context\":\"https:\\\/\\\/schema.org\",\"@graph\":[{\"@type\":\"Article\",\"@id\":\"https:\\\/\\\/socialgoodaccelerator.eu\\\/2023\\\/11\\\/19\\\/economie-sociale-numerique\\\/#article\",\"isPartOf\":{\"@id\":\"https:\\\/\\\/socialgoodaccelerator.eu\\\/2023\\\/11\\\/19\\\/economie-sociale-numerique\\\/\"},\"author\":{\"name\":\"sogaccelerator\",\"@id\":\"https:\\\/\\\/socialgoodaccelerator.eu\\\/#\\\/schema\\\/person\\\/0320622db91fd4a2ddef724cbdee0c3e\"},\"headline\":\"\u00c9conomie sociale num\u00e9rique : une opportunit\u00e9 pour la citoyennet\u00e9 et la d\u00e9mocratie\",\"datePublished\":\"2023-11-19T09:42:34+00:00\",\"dateModified\":\"2026-03-09T09:37:43+00:00\",\"mainEntityOfPage\":{\"@id\":\"https:\\\/\\\/socialgoodaccelerator.eu\\\/2023\\\/11\\\/19\\\/economie-sociale-numerique\\\/\"},\"wordCount\":1122,\"publisher\":{\"@id\":\"https:\\\/\\\/socialgoodaccelerator.eu\\\/#organization\"},\"image\":{\"@id\":\"https:\\\/\\\/socialgoodaccelerator.eu\\\/2023\\\/11\\\/19\\\/economie-sociale-numerique\\\/#primaryimage\"},\"thumbnailUrl\":\"https:\\\/\\\/i0.wp.com\\\/socialgoodaccelerator.eu\\\/wp-content\\\/uploads\\\/2023\\\/12\\\/Extrait-Carrousel-Reseaux-sociaux-NEC-ESS-EU.jpg?fit=1200%2C1200&ssl=1\",\"keywords\":[\"DIGISET\"],\"articleSection\":[\"Notes de position\"],\"inLanguage\":\"en-GB\"},{\"@type\":\"WebPage\",\"@id\":\"https:\\\/\\\/socialgoodaccelerator.eu\\\/2023\\\/11\\\/19\\\/economie-sociale-numerique\\\/\",\"url\":\"https:\\\/\\\/socialgoodaccelerator.eu\\\/2023\\\/11\\\/19\\\/economie-sociale-numerique\\\/\",\"name\":\"\u00c9conomie sociale num\u00e9rique : une opportunit\u00e9 pour la citoyennet\u00e9 et la d\u00e9mocratie - SOGA\",\"isPartOf\":{\"@id\":\"https:\\\/\\\/socialgoodaccelerator.eu\\\/#website\"},\"primaryImageOfPage\":{\"@id\":\"https:\\\/\\\/socialgoodaccelerator.eu\\\/2023\\\/11\\\/19\\\/economie-sociale-numerique\\\/#primaryimage\"},\"image\":{\"@id\":\"https:\\\/\\\/socialgoodaccelerator.eu\\\/2023\\\/11\\\/19\\\/economie-sociale-numerique\\\/#primaryimage\"},\"thumbnailUrl\":\"https:\\\/\\\/i0.wp.com\\\/socialgoodaccelerator.eu\\\/wp-content\\\/uploads\\\/2023\\\/12\\\/Extrait-Carrousel-Reseaux-sociaux-NEC-ESS-EU.jpg?fit=1200%2C1200&ssl=1\",\"datePublished\":\"2023-11-19T09:42:34+00:00\",\"dateModified\":\"2026-03-09T09:37:43+00:00\",\"description\":\"Le 17 novembre 2023 marquait la cl\u00f4ture de NEC ESS Europe, la rencontre franco-europ\u00e9enne de l\u2019\u00e9conomie sociale num\u00e9rique organis\u00e9e par le Social Good Accelerator (SOGA)\",\"breadcrumb\":{\"@id\":\"https:\\\/\\\/socialgoodaccelerator.eu\\\/2023\\\/11\\\/19\\\/economie-sociale-numerique\\\/#breadcrumb\"},\"inLanguage\":\"en-GB\",\"potentialAction\":[{\"@type\":\"ReadAction\",\"target\":[\"https:\\\/\\\/socialgoodaccelerator.eu\\\/2023\\\/11\\\/19\\\/economie-sociale-numerique\\\/\"]}]},{\"@type\":\"ImageObject\",\"inLanguage\":\"en-GB\",\"@id\":\"https:\\\/\\\/socialgoodaccelerator.eu\\\/2023\\\/11\\\/19\\\/economie-sociale-numerique\\\/#primaryimage\",\"url\":\"https:\\\/\\\/i0.wp.com\\\/socialgoodaccelerator.eu\\\/wp-content\\\/uploads\\\/2023\\\/12\\\/Extrait-Carrousel-Reseaux-sociaux-NEC-ESS-EU.jpg?fit=1200%2C1200&ssl=1\",\"contentUrl\":\"https:\\\/\\\/i0.wp.com\\\/socialgoodaccelerator.eu\\\/wp-content\\\/uploads\\\/2023\\\/12\\\/Extrait-Carrousel-Reseaux-sociaux-NEC-ESS-EU.jpg?fit=1200%2C1200&ssl=1\",\"width\":1200,\"height\":1200},{\"@type\":\"BreadcrumbList\",\"@id\":\"https:\\\/\\\/socialgoodaccelerator.eu\\\/2023\\\/11\\\/19\\\/economie-sociale-numerique\\\/#breadcrumb\",\"itemListElement\":[{\"@type\":\"ListItem\",\"position\":1,\"name\":\"Accueil\",\"item\":\"https:\\\/\\\/socialgoodaccelerator.eu\\\/\"},{\"@type\":\"ListItem\",\"position\":2,\"name\":\"\u00c9conomie sociale num\u00e9rique : une opportunit\u00e9 pour la citoyennet\u00e9 et la d\u00e9mocratie\"}]},{\"@type\":\"WebSite\",\"@id\":\"https:\\\/\\\/socialgoodaccelerator.eu\\\/#website\",\"url\":\"https:\\\/\\\/socialgoodaccelerator.eu\\\/\",\"name\":\"Social Good Accelerator\",\"description\":\"Acc\u00e9l\u00e9rer l&#039;ESS num\u00e9rique\",\"publisher\":{\"@id\":\"https:\\\/\\\/socialgoodaccelerator.eu\\\/#organization\"},\"alternateName\":\"SOGA\",\"potentialAction\":[{\"@type\":\"SearchAction\",\"target\":{\"@type\":\"EntryPoint\",\"urlTemplate\":\"https:\\\/\\\/socialgoodaccelerator.eu\\\/?s={search_term_string}\"},\"query-input\":{\"@type\":\"PropertyValueSpecification\",\"valueRequired\":true,\"valueName\":\"search_term_string\"}}],\"inLanguage\":\"en-GB\"},{\"@type\":\"Organization\",\"@id\":\"https:\\\/\\\/socialgoodaccelerator.eu\\\/#organization\",\"name\":\"Social Good Accelerator\",\"alternateName\":\"SOGA\",\"url\":\"https:\\\/\\\/socialgoodaccelerator.eu\\\/\",\"logo\":{\"@type\":\"ImageObject\",\"inLanguage\":\"en-GB\",\"@id\":\"https:\\\/\\\/socialgoodaccelerator.eu\\\/#\\\/schema\\\/logo\\\/image\\\/\",\"url\":\"https:\\\/\\\/i0.wp.com\\\/socialgoodaccelerator.eu\\\/wp-content\\\/uploads\\\/2023\\\/10\\\/cropped-LOGO-SOGA-V-FR.png?fit=512%2C512&ssl=1\",\"contentUrl\":\"https:\\\/\\\/i0.wp.com\\\/socialgoodaccelerator.eu\\\/wp-content\\\/uploads\\\/2023\\\/10\\\/cropped-LOGO-SOGA-V-FR.png?fit=512%2C512&ssl=1\",\"width\":512,\"height\":512,\"caption\":\"Social Good Accelerator\"},\"image\":{\"@id\":\"https:\\\/\\\/socialgoodaccelerator.eu\\\/#\\\/schema\\\/logo\\\/image\\\/\"},\"sameAs\":[\"https:\\\/\\\/www.facebook.com\\\/SocialGoodAccel.EU\\\/\",\"https:\\\/\\\/www.youtube.com\\\/@socialgoodaccelerator772\",\"https:\\\/\\\/www.youtube.com\\\/@SocialTechAcademy-eg6hp\"]},{\"@type\":\"Person\",\"@id\":\"https:\\\/\\\/socialgoodaccelerator.eu\\\/#\\\/schema\\\/person\\\/0320622db91fd4a2ddef724cbdee0c3e\",\"name\":\"sogaccelerator\",\"image\":{\"@type\":\"ImageObject\",\"inLanguage\":\"en-GB\",\"@id\":\"https:\\\/\\\/secure.gravatar.com\\\/avatar\\\/99aef05386587650bb056a1275ce2e339bfe398930f37eb7262163da89aad453?s=96&d=mm&r=g\",\"url\":\"https:\\\/\\\/secure.gravatar.com\\\/avatar\\\/99aef05386587650bb056a1275ce2e339bfe398930f37eb7262163da89aad453?s=96&d=mm&r=g\",\"contentUrl\":\"https:\\\/\\\/secure.gravatar.com\\\/avatar\\\/99aef05386587650bb056a1275ce2e339bfe398930f37eb7262163da89aad453?s=96&d=mm&r=g\",\"caption\":\"sogaccelerator\"}}]}<\/script>\n<!-- \/ Yoast SEO plugin. -->",
    "yoast_head_json": {
        "title": "\u00c9conomie sociale num\u00e9rique : une opportunit\u00e9 pour la citoyennet\u00e9 et la d\u00e9mocratie - SOGA",
        "description": "Le 17 novembre 2023 marquait la cl\u00f4ture de NEC ESS Europe, la rencontre franco-europ\u00e9enne de l\u2019\u00e9conomie sociale num\u00e9rique organis\u00e9e par le Social Good Accelerator (SOGA)",
        "robots": {
            "index": "index",
            "follow": "follow",
            "max-snippet": "max-snippet:-1",
            "max-image-preview": "max-image-preview:large",
            "max-video-preview": "max-video-preview:-1"
        },
        "canonical": "https:\/\/socialgoodaccelerator.eu\/en_gb\/2023\/11\/19\/economie-sociale-numerique\/",
        "og_locale": "en_GB",
        "og_type": "article",
        "og_title": "\u00c9conomie sociale num\u00e9rique : une opportunit\u00e9 pour la citoyennet\u00e9 et la d\u00e9mocratie - SOGA",
        "og_description": "Le 17 novembre 2023 marquait la cl\u00f4ture de NEC ESS Europe, la rencontre franco-europ\u00e9enne de l\u2019\u00e9conomie sociale num\u00e9rique organis\u00e9e par le Social Good Accelerator (SOGA)",
        "og_url": "https:\/\/socialgoodaccelerator.eu\/en_gb\/2023\/11\/19\/economie-sociale-numerique\/",
        "og_site_name": "SOGA",
        "article_publisher": "https:\/\/www.facebook.com\/SocialGoodAccel.EU\/",
        "article_published_time": "2023-11-19T09:42:34+00:00",
        "article_modified_time": "2026-03-09T09:37:43+00:00",
        "og_image": [
            {
                "width": 1200,
                "height": 1200,
                "url": "http:\/\/socialgoodaccelerator.eu\/wp-content\/uploads\/2023\/12\/Extrait-Carrousel-Reseaux-sociaux-NEC-ESS-EU.jpg",
                "type": "image\/jpeg"
            }
        ],
        "author": "sogaccelerator",
        "twitter_card": "summary_large_image",
        "twitter_misc": {
            "Written by": "sogaccelerator",
            "Estimated reading time": "4 minutes"
        },
        "schema": {
            "@context": "https:\/\/schema.org",
            "@graph": [
                {
                    "@type": "Article",
                    "@id": "https:\/\/socialgoodaccelerator.eu\/2023\/11\/19\/economie-sociale-numerique\/#article",
                    "isPartOf": {
                        "@id": "https:\/\/socialgoodaccelerator.eu\/2023\/11\/19\/economie-sociale-numerique\/"
                    },
                    "author": {
                        "name": "sogaccelerator",
                        "@id": "https:\/\/socialgoodaccelerator.eu\/#\/schema\/person\/0320622db91fd4a2ddef724cbdee0c3e"
                    },
                    "headline": "\u00c9conomie sociale num\u00e9rique : une opportunit\u00e9 pour la citoyennet\u00e9 et la d\u00e9mocratie",
                    "datePublished": "2023-11-19T09:42:34+00:00",
                    "dateModified": "2026-03-09T09:37:43+00:00",
                    "mainEntityOfPage": {
                        "@id": "https:\/\/socialgoodaccelerator.eu\/2023\/11\/19\/economie-sociale-numerique\/"
                    },
                    "wordCount": 1122,
                    "publisher": {
                        "@id": "https:\/\/socialgoodaccelerator.eu\/#organization"
                    },
                    "image": {
                        "@id": "https:\/\/socialgoodaccelerator.eu\/2023\/11\/19\/economie-sociale-numerique\/#primaryimage"
                    },
                    "thumbnailUrl": "https:\/\/i0.wp.com\/socialgoodaccelerator.eu\/wp-content\/uploads\/2023\/12\/Extrait-Carrousel-Reseaux-sociaux-NEC-ESS-EU.jpg?fit=1200%2C1200&ssl=1",
                    "keywords": [
                        "DIGISET"
                    ],
                    "articleSection": [
                        "Notes de position"
                    ],
                    "inLanguage": "en-GB"
                },
                {
                    "@type": "WebPage",
                    "@id": "https:\/\/socialgoodaccelerator.eu\/2023\/11\/19\/economie-sociale-numerique\/",
                    "url": "https:\/\/socialgoodaccelerator.eu\/2023\/11\/19\/economie-sociale-numerique\/",
                    "name": "\u00c9conomie sociale num\u00e9rique : une opportunit\u00e9 pour la citoyennet\u00e9 et la d\u00e9mocratie - SOGA",
                    "isPartOf": {
                        "@id": "https:\/\/socialgoodaccelerator.eu\/#website"
                    },
                    "primaryImageOfPage": {
                        "@id": "https:\/\/socialgoodaccelerator.eu\/2023\/11\/19\/economie-sociale-numerique\/#primaryimage"
                    },
                    "image": {
                        "@id": "https:\/\/socialgoodaccelerator.eu\/2023\/11\/19\/economie-sociale-numerique\/#primaryimage"
                    },
                    "thumbnailUrl": "https:\/\/i0.wp.com\/socialgoodaccelerator.eu\/wp-content\/uploads\/2023\/12\/Extrait-Carrousel-Reseaux-sociaux-NEC-ESS-EU.jpg?fit=1200%2C1200&ssl=1",
                    "datePublished": "2023-11-19T09:42:34+00:00",
                    "dateModified": "2026-03-09T09:37:43+00:00",
                    "description": "Le 17 novembre 2023 marquait la cl\u00f4ture de NEC ESS Europe, la rencontre franco-europ\u00e9enne de l\u2019\u00e9conomie sociale num\u00e9rique organis\u00e9e par le Social Good Accelerator (SOGA)",
                    "breadcrumb": {
                        "@id": "https:\/\/socialgoodaccelerator.eu\/2023\/11\/19\/economie-sociale-numerique\/#breadcrumb"
                    },
                    "inLanguage": "en-GB",
                    "potentialAction": [
                        {
                            "@type": "ReadAction",
                            "target": [
                                "https:\/\/socialgoodaccelerator.eu\/2023\/11\/19\/economie-sociale-numerique\/"
                            ]
                        }
                    ]
                },
                {
                    "@type": "ImageObject",
                    "inLanguage": "en-GB",
                    "@id": "https:\/\/socialgoodaccelerator.eu\/2023\/11\/19\/economie-sociale-numerique\/#primaryimage",
                    "url": "https:\/\/i0.wp.com\/socialgoodaccelerator.eu\/wp-content\/uploads\/2023\/12\/Extrait-Carrousel-Reseaux-sociaux-NEC-ESS-EU.jpg?fit=1200%2C1200&ssl=1",
                    "contentUrl": "https:\/\/i0.wp.com\/socialgoodaccelerator.eu\/wp-content\/uploads\/2023\/12\/Extrait-Carrousel-Reseaux-sociaux-NEC-ESS-EU.jpg?fit=1200%2C1200&ssl=1",
                    "width": 1200,
                    "height": 1200
                },
                {
                    "@type": "BreadcrumbList",
                    "@id": "https:\/\/socialgoodaccelerator.eu\/2023\/11\/19\/economie-sociale-numerique\/#breadcrumb",
                    "itemListElement": [
                        {
                            "@type": "ListItem",
                            "position": 1,
                            "name": "Accueil",
                            "item": "https:\/\/socialgoodaccelerator.eu\/"
                        },
                        {
                            "@type": "ListItem",
                            "position": 2,
                            "name": "\u00c9conomie sociale num\u00e9rique : une opportunit\u00e9 pour la citoyennet\u00e9 et la d\u00e9mocratie"
                        }
                    ]
                },
                {
                    "@type": "WebSite",
                    "@id": "https:\/\/socialgoodaccelerator.eu\/#website",
                    "url": "https:\/\/socialgoodaccelerator.eu\/",
                    "name": "Social Good Accelerator",
                    "description": "Acc\u00e9l\u00e9rer l&#039;ESS num\u00e9rique",
                    "publisher": {
                        "@id": "https:\/\/socialgoodaccelerator.eu\/#organization"
                    },
                    "alternateName": "SOGA",
                    "potentialAction": [
                        {
                            "@type": "SearchAction",
                            "target": {
                                "@type": "EntryPoint",
                                "urlTemplate": "https:\/\/socialgoodaccelerator.eu\/?s={search_term_string}"
                            },
                            "query-input": {
                                "@type": "PropertyValueSpecification",
                                "valueRequired": true,
                                "valueName": "search_term_string"
                            }
                        }
                    ],
                    "inLanguage": "en-GB"
                },
                {
                    "@type": "Organization",
                    "@id": "https:\/\/socialgoodaccelerator.eu\/#organization",
                    "name": "Social Good Accelerator",
                    "alternateName": "SOGA",
                    "url": "https:\/\/socialgoodaccelerator.eu\/",
                    "logo": {
                        "@type": "ImageObject",
                        "inLanguage": "en-GB",
                        "@id": "https:\/\/socialgoodaccelerator.eu\/#\/schema\/logo\/image\/",
                        "url": "https:\/\/i0.wp.com\/socialgoodaccelerator.eu\/wp-content\/uploads\/2023\/10\/cropped-LOGO-SOGA-V-FR.png?fit=512%2C512&ssl=1",
                        "contentUrl": "https:\/\/i0.wp.com\/socialgoodaccelerator.eu\/wp-content\/uploads\/2023\/10\/cropped-LOGO-SOGA-V-FR.png?fit=512%2C512&ssl=1",
                        "width": 512,
                        "height": 512,
                        "caption": "Social Good Accelerator"
                    },
                    "image": {
                        "@id": "https:\/\/socialgoodaccelerator.eu\/#\/schema\/logo\/image\/"
                    },
                    "sameAs": [
                        "https:\/\/www.facebook.com\/SocialGoodAccel.EU\/",
                        "https:\/\/www.youtube.com\/@socialgoodaccelerator772",
                        "https:\/\/www.youtube.com\/@SocialTechAcademy-eg6hp"
                    ]
                },
                {
                    "@type": "Person",
                    "@id": "https:\/\/socialgoodaccelerator.eu\/#\/schema\/person\/0320622db91fd4a2ddef724cbdee0c3e",
                    "name": "sogaccelerator",
                    "image": {
                        "@type": "ImageObject",
                        "inLanguage": "en-GB",
                        "@id": "https:\/\/secure.gravatar.com\/avatar\/99aef05386587650bb056a1275ce2e339bfe398930f37eb7262163da89aad453?s=96&d=mm&r=g",
                        "url": "https:\/\/secure.gravatar.com\/avatar\/99aef05386587650bb056a1275ce2e339bfe398930f37eb7262163da89aad453?s=96&d=mm&r=g",
                        "contentUrl": "https:\/\/secure.gravatar.com\/avatar\/99aef05386587650bb056a1275ce2e339bfe398930f37eb7262163da89aad453?s=96&d=mm&r=g",
                        "caption": "sogaccelerator"
                    }
                }
            ]
        }
    },
    "jetpack_featured_media_url": "https:\/\/i0.wp.com\/socialgoodaccelerator.eu\/wp-content\/uploads\/2023\/12\/Extrait-Carrousel-Reseaux-sociaux-NEC-ESS-EU.jpg?fit=1200%2C1200&ssl=1",
    "jetpack_likes_enabled": false,
    "jetpack-related-posts": [
        {
            "id": 57863,
            "url": "https:\/\/socialgoodaccelerator.eu\/en_gb\/2026\/04\/23\/lasuite-coop\/",
            "url_meta": {
                "origin": 53930,
                "position": 0
            },
            "title": "LaSuite.coop : l\u2019alternative num\u00e9rique coop\u00e9rative, libre et h\u00e9berg\u00e9e en Europe dont l\u2019ESS avait besoin",
            "author": "sogaccelerator",
            "date": "23 April 2026",
            "format": "gallery",
            "excerpt": "Abstract :\u00a0Chaque ann\u00e9e, 70 milliards d\u2019euros quittent la France en direction des \u00c9tats-Unis pour financer nos seuls usages num\u00e9riques. Derri\u00e8re\u2026",
            "rel": "",
            "context": "In &quot;Actualit\u00e9s de SOGA&quot;",
            "block_context": {
                "text": "Actualit\u00e9s de SOGA",
                "link": "https:\/\/socialgoodaccelerator.eu\/en_gb\/category\/actualites-de-soga\/"
            },
            "img": {
                "alt_text": "LaSuite.coop",
                "src": "https:\/\/i0.wp.com\/socialgoodaccelerator.eu\/wp-content\/uploads\/2026\/04\/Design-sans-titre-2-1-1.png?fit=1200%2C627&ssl=1&resize=350%2C200",
                "width": 350,
                "height": 200,
                "srcset": "https:\/\/i0.wp.com\/socialgoodaccelerator.eu\/wp-content\/uploads\/2026\/04\/Design-sans-titre-2-1-1.png?fit=1200%2C627&ssl=1&resize=350%2C200 1x, https:\/\/i0.wp.com\/socialgoodaccelerator.eu\/wp-content\/uploads\/2026\/04\/Design-sans-titre-2-1-1.png?fit=1200%2C627&ssl=1&resize=525%2C300 1.5x, https:\/\/i0.wp.com\/socialgoodaccelerator.eu\/wp-content\/uploads\/2026\/04\/Design-sans-titre-2-1-1.png?fit=1200%2C627&ssl=1&resize=700%2C400 2x, https:\/\/i0.wp.com\/socialgoodaccelerator.eu\/wp-content\/uploads\/2026\/04\/Design-sans-titre-2-1-1.png?fit=1200%2C627&ssl=1&resize=1050%2C600 3x"
            },
            "classes": []
        }
    ],
    "jetpack_sharing_enabled": false,
    "jetpack_shortlink": "https:\/\/wp.me\/p9J6Qk-e1Q",
    "_links": {
        "self": [
            {
                "href": "https:\/\/socialgoodaccelerator.eu\/en_gb\/wp-json\/wp\/v2\/posts\/53930",
                "targetHints": {
                    "allow": [
                        "GET"
                    ]
                }
            }
        ],
        "collection": [
            {
                "href": "https:\/\/socialgoodaccelerator.eu\/en_gb\/wp-json\/wp\/v2\/posts"
            }
        ],
        "about": [
            {
                "href": "https:\/\/socialgoodaccelerator.eu\/en_gb\/wp-json\/wp\/v2\/types\/post"
            }
        ],
        "author": [
            {
                "embeddable": true,
                "href": "https:\/\/socialgoodaccelerator.eu\/en_gb\/wp-json\/wp\/v2\/users\/1"
            }
        ],
        "replies": [
            {
                "embeddable": true,
                "href": "https:\/\/socialgoodaccelerator.eu\/en_gb\/wp-json\/wp\/v2\/comments?post=53930"
            }
        ],
        "version-history": [
            {
                "count": 2,
                "href": "https:\/\/socialgoodaccelerator.eu\/en_gb\/wp-json\/wp\/v2\/posts\/53930\/revisions"
            }
        ],
        "predecessor-version": [
            {
                "id": 55375,
                "href": "https:\/\/socialgoodaccelerator.eu\/en_gb\/wp-json\/wp\/v2\/posts\/53930\/revisions\/55375"
            }
        ],
        "wp:featuredmedia": [
            {
                "embeddable": true,
                "href": "https:\/\/socialgoodaccelerator.eu\/en_gb\/wp-json\/wp\/v2\/media\/53316"
            }
        ],
        "wp:attachment": [
            {
                "href": "https:\/\/socialgoodaccelerator.eu\/en_gb\/wp-json\/wp\/v2\/media?parent=53930"
            }
        ],
        "wp:term": [
            {
                "taxonomy": "category",
                "embeddable": true,
                "href": "https:\/\/socialgoodaccelerator.eu\/en_gb\/wp-json\/wp\/v2\/categories?post=53930"
            },
            {
                "taxonomy": "post_tag",
                "embeddable": true,
                "href": "https:\/\/socialgoodaccelerator.eu\/en_gb\/wp-json\/wp\/v2\/tags?post=53930"
            }
        ],
        "curies": [
            {
                "name": "wp",
                "href": "https:\/\/api.w.org\/{rel}",
                "templated": true
            }
        ]
    }
}