{
    "id": 53154,
    "date": "2023-09-04T11:48:53",
    "date_gmt": "2023-09-04T09:48:53",
    "guid": {
        "rendered": "https:\/\/socialgoodaccelerator.eu\/?p=53154"
    },
    "modified": "2025-10-15T16:22:41",
    "modified_gmt": "2025-10-15T14:22:41",
    "slug": "numerique-en-commun-ess-europe-annonce",
    "status": "publish",
    "type": "post",
    "link": "https:\/\/socialgoodaccelerator.eu\/en_gb\/2023\/09\/04\/numerique-en-commun-ess-europe-annonce\/",
    "title": {
        "rendered": "La Social Good Week devient Num\u00e9rique en Commun[s] ESS"
    },
    "content": {
        "rendered": "[et_pb_section fb_built=&#8221;1&#8243; admin_label=&#8221;section&#8221; _builder_version=&#8221;4.16&#8243; da_disable_devices=&#8221;off|off|off&#8221; global_colors_info=&#8221;{}&#8221; da_is_popup=&#8221;off&#8221; da_exit_intent=&#8221;off&#8221; da_has_close=&#8221;on&#8221; da_alt_close=&#8221;off&#8221; da_dark_close=&#8221;off&#8221; da_not_modal=&#8221;on&#8221; da_is_singular=&#8221;off&#8221; da_with_loader=&#8221;off&#8221; da_has_shadow=&#8221;on&#8221;][et_pb_row admin_label=&#8221;row&#8221; _builder_version=&#8221;4.16&#8243; background_size=&#8221;initial&#8221; background_position=&#8221;top_left&#8221; background_repeat=&#8221;repeat&#8221; global_colors_info=&#8221;{}&#8221;][et_pb_column type=&#8221;4_4&#8243; _builder_version=&#8221;4.16&#8243; custom_padding=&#8221;|||&#8221; global_colors_info=&#8221;{}&#8221; custom_padding__hover=&#8221;|||&#8221;][et_pb_text _builder_version=&#8221;4.16&#8243; _module_preset=&#8221;default&#8221; locked=&#8221;off&#8221; inline_fonts=&#8221;ABeeZee&#8221; global_colors_info=&#8221;{}&#8221;]<h1 style=\"text-align: center;\">La Social Good Week \u00e9volue : bienvenue \u00e0 \u201cNum\u00e9rique en Commun[s] ESS Europe\u201d<\/h1>[\/et_pb_text][\/et_pb_column][\/et_pb_row][et_pb_row _builder_version=&#8221;4.19.1&#8243; _module_preset=&#8221;default&#8221; background_color=&#8221;#2B2A5C&#8221; width=&#8221;72%&#8221; locked=&#8221;off&#8221; global_colors_info=&#8221;{}&#8221;][et_pb_column type=&#8221;4_4&#8243; _builder_version=&#8221;4.16&#8243; _module_preset=&#8221;default&#8221; global_colors_info=&#8221;{}&#8221;][et_pb_text admin_label=&#8221;Texte&#8221; _builder_version=&#8221;4.19.1&#8243; text_font_size=&#8221;16px&#8221; background_size=&#8221;initial&#8221; background_position=&#8221;top_left&#8221; background_repeat=&#8221;repeat&#8221; custom_margin=&#8221;-9px||-29px||false|false&#8221; custom_padding=&#8221;0px|15px||15px|false|false&#8221; use_border_color=&#8221;off&#8221; border_style=&#8221;solid&#8221; global_colors_info=&#8221;{}&#8221;]<div class=\"group w-full text-token-text-primary border-b border-black\/10 dark:border-gray-900\/50 bg-gray-50 dark:bg-[#444654]\">\r\n<div class=\"flex p-4 gap-4 text-base md:gap-6 md:max-w-2xl lg:max-w-[38rem] xl:max-w-3xl md:py-6 lg:px-0 m-auto\">\r\n<div class=\"relative flex w-[calc(100%-50px)] flex-col gap-1 md:gap-3 lg:w-[calc(100%-115px)]\">\r\n<div class=\"flex flex-grow flex-col gap-3\">\r\n<div class=\"min-h-[20px] flex flex-col items-start gap-3 overflow-x-auto whitespace-pre-wrap break-words\">\r\n<div class=\"markdown prose w-full break-words dark:prose-invert light\">\r\n<p><span style=\"color: #ffffff;\">Le <strong data-start=\"516\" data-end=\"550\">Social Good Accelerator (SOGA)<\/strong> est heureux d\u2019annoncer que la <strong data-start=\"581\" data-end=\"606\">Social Good Week 2022<\/strong> laisse place \u00e0 un <strong data-start=\"625\" data-end=\"668\">nouvel \u00e9v\u00e9nement d\u2019envergure europ\u00e9enne<\/strong> : <em data-start=\"671\" data-end=\"706\">Num\u00e9rique en Commun[s] ESS Europe<\/em>.<\/span><br data-start=\"707\" data-end=\"710\" \/><span style=\"color: #ffffff;\">Le nom change, mais les ambitions demeurent : <strong data-start=\"756\" data-end=\"819\">mettre en lumi\u00e8re l\u2019\u00e9conomie sociale et solidaire num\u00e9rique<\/strong>, son potentiel et ses d\u00e9fis, et <strong data-start=\"852\" data-end=\"887\">mobiliser les acteurs europ\u00e9ens<\/strong> pour sa reconnaissance comme <strong data-start=\"917\" data-end=\"962\">levier essentiel de la transition durable<\/strong> en Europe.<\/span><\/p>\r\n<\/div>\r\n<\/div>\r\n<\/div>\r\n<div class=\"flex justify-between lg:block\">\r\n<div class=\"text-gray-400 flex self-end lg:self-center justify-center mt-2 gap-2 md:gap-3 lg:gap-1 lg:absolute lg:top-0 lg:translate-x-full lg:right-0 lg:mt-0 lg:pl-2 visible\">\r\n<p><span style=\"color: #ffffff;\"><button class=\"flex ml-auto gap-2 rounded-md p-1 hover:bg-gray-100 hover:text-gray-700 dark:text-gray-400 dark:hover:bg-gray-700 dark:hover:text-gray-200 disabled:dark:hover:text-gray-400\"><svg stroke=\"currentColor\" fill=\"none\" stroke-width=\"2\" viewbox=\"0 0 24 24\" stroke-linecap=\"round\" stroke-linejoin=\"round\" class=\"h-4 w-4\" height=\"1em\" width=\"1em\" xmlns=\"http:\/\/www.w3.org\/2000\/svg\"><path d=\"M16 4h2a2 2 0 0 1 2 2v14a2 2 0 0 1-2 2H6a2 2 0 0 1-2-2V6a2 2 0 0 1 2-2h2\"><\/path><rect x=\"8\" y=\"2\" width=\"8\" height=\"4\" rx=\"1\" ry=\"1\"><\/rect><\/svg><\/button><\/span><\/p>\r\n<div class=\"flex gap-1\"><\/div>\r\n<\/div>\r\n<\/div>\r\n<\/div>\r\n<\/div>\r\n<\/div>[\/et_pb_text][\/et_pb_column][\/et_pb_row][et_pb_row _builder_version=&#8221;4.19.1&#8243; _module_preset=&#8221;default&#8221; width=&#8221;74%&#8221; global_colors_info=&#8221;{}&#8221;][et_pb_column type=&#8221;4_4&#8243; _builder_version=&#8221;4.16&#8243; _module_preset=&#8221;default&#8221; global_colors_info=&#8221;{}&#8221;][et_pb_heading title=&#8221;Un nouveau chapitre pour l\u2019\u00e9conomie sociale num\u00e9rique&#8221; _builder_version=&#8221;4.27.4&#8243; _module_preset=&#8221;default&#8221; global_colors_info=&#8221;{}&#8221;][\/et_pb_heading][et_pb_text _builder_version=&#8221;4.27.4&#8243; _module_preset=&#8221;default&#8221; global_colors_info=&#8221;{}&#8221;]<p data-start=\"1041\" data-end=\"1317\"><em data-start=\"1041\" data-end=\"1076\">Num\u00e9rique en Commun[s] ESS Europe<\/em> (ou <em data-start=\"1081\" data-end=\"1097\">NEC ESS Europe<\/em>), soutenu par <strong data-start=\"1112\" data-end=\"1172\">l\u2019Agence nationale de la coh\u00e9sion des territoires (ANCT)<\/strong> et le <strong data-start=\"1179\" data-end=\"1200\">Cr\u00e9dit Coop\u00e9ratif<\/strong>, cr\u00e9e des ponts entre les acteurs du num\u00e9rique et ceux de l\u2019\u00e9conomie sociale et solidaire.<br data-start=\"1291\" data-end=\"1294\" \/>Cet \u00e9cosyst\u00e8me r\u00e9unit :<\/p>\r\n<ul data-start=\"1318\" data-end=\"1543\">\r\n<li data-start=\"1318\" data-end=\"1352\">\r\n<p data-start=\"1320\" data-end=\"1352\">les <strong data-start=\"1324\" data-end=\"1349\">m\u00e9diateurs num\u00e9riques<\/strong>,<\/p>\r\n<\/li>\r\n<li data-start=\"1353\" data-end=\"1396\">\r\n<p data-start=\"1355\" data-end=\"1396\">les <strong data-start=\"1359\" data-end=\"1393\">tiers-lieux et centres sociaux<\/strong>,<\/p>\r\n<\/li>\r\n<li data-start=\"1397\" data-end=\"1433\">\r\n<p data-start=\"1399\" data-end=\"1433\">les <strong data-start=\"1403\" data-end=\"1430\">collectivit\u00e9s publiques<\/strong>,<\/p>\r\n<\/li>\r\n<li data-start=\"1434\" data-end=\"1543\">\r\n<p data-start=\"1436\" data-end=\"1543\">les <strong data-start=\"1440\" data-end=\"1484\">associations, fondations et coop\u00e9ratives<\/strong>,<br data-start=\"1485\" data-end=\"1488\" \/>tous engag\u00e9s pour un <strong data-start=\"1509\" data-end=\"1540\">num\u00e9rique d\u2019int\u00e9r\u00eat g\u00e9n\u00e9ral<\/strong>.<\/p>\r\n<\/li>\r\n<\/ul>\r\n<p data-start=\"1545\" data-end=\"1719\">Avec une port\u00e9e europ\u00e9enne affirm\u00e9e, le NEC ESS Europe devient un <strong data-start=\"1611\" data-end=\"1676\">v\u00e9ritable carrefour d\u2019id\u00e9es, d\u2019innovations et de coop\u00e9rations<\/strong> entre acteurs publics, priv\u00e9s et citoyens.<\/p>[\/et_pb_text][et_pb_heading title=&#8221;Le programme : relier \u00e9conomie sociale, num\u00e9rique et Europe&#8221; _builder_version=&#8221;4.27.4&#8243; _module_preset=&#8221;default&#8221; global_colors_info=&#8221;{}&#8221;][\/et_pb_heading][et_pb_text _builder_version=&#8221;4.27.4&#8243; _module_preset=&#8221;default&#8221; global_colors_info=&#8221;{}&#8221;]<p data-start=\"1041\" data-end=\"1317\">Le programme du <strong data-start=\"1810\" data-end=\"1828\">NEC ESS Europe<\/strong> vise \u00e0 <strong data-start=\"1836\" data-end=\"1910\">soutenir les initiatives num\u00e9riques de l\u2019\u00e9conomie sociale et solidaire<\/strong> \u00e0 travers deux grands volets compl\u00e9mentaires :<\/p>\r\n<h3 data-start=\"1964\" data-end=\"2006\">1\ufe0f\u20e3 Une semaine d\u2019\u00e9v\u00e9nements europ\u00e9ens<\/h3>\r\n<p data-start=\"2008\" data-end=\"2176\">Du <strong data-start=\"2011\" data-end=\"2036\">7 au 17 novembre 2023<\/strong>, plusieurs villes accueilleront une s\u00e9rie de <strong data-start=\"2082\" data-end=\"2116\">rencontres, d\u00e9bats et ateliers<\/strong> autour de la transformation num\u00e9rique \u00e9thique et solidaire.<\/p>\r\n<p data-start=\"2178\" data-end=\"2211\">Voici un aper\u00e7u des temps forts :<\/p>\r\n<p data-start=\"2213\" data-end=\"2716\">\ud83d\udccd <strong data-start=\"2216\" data-end=\"2230\">7 novembre<\/strong> \u2013 <em data-start=\"2233\" data-end=\"2262\">Lancement du NEC ESS Europe<\/em> au <strong data-start=\"2266\" data-end=\"2289\">NEC Hauts-de-France<\/strong> \u00e0 Lille (France).<br data-start=\"2307\" data-end=\"2310\" \/>\ud83d\udccd <strong data-start=\"2313\" data-end=\"2331\">8 \u2013 9 novembre<\/strong> \u2013 <em data-start=\"2334\" data-end=\"2377\">Journ\u00e9es du num\u00e9rique social et solidaire<\/em> \u00e0 Paris (France).<br data-start=\"2395\" data-end=\"2398\" \/>\ud83d\udccd <strong data-start=\"2401\" data-end=\"2416\">14 novembre<\/strong> \u2013 <em data-start=\"2419\" data-end=\"2458\">Sommet europ\u00e9en de l\u2019\u00e9conomie sociale<\/em> et <em data-start=\"2462\" data-end=\"2485\">Social Economy Awards<\/em> \u00e0 Saint-S\u00e9bastien (Espagne).<br data-start=\"2514\" data-end=\"2517\" \/>\ud83d\udccd <strong data-start=\"2520\" data-end=\"2535\">16 novembre<\/strong> \u2013 <em data-start=\"2538\" data-end=\"2578\">Journ\u00e9e europ\u00e9enne du num\u00e9rique social<\/em> \u00e0 Bruxelles (Belgique).<br data-start=\"2602\" data-end=\"2605\" \/>\ud83d\udccd <strong data-start=\"2608\" data-end=\"2623\">17 novembre<\/strong> \u2013 <em data-start=\"2626\" data-end=\"2659\">Conf\u00e9rence politique de cl\u00f4ture<\/em> au <strong data-start=\"2663\" data-end=\"2703\">Comit\u00e9 \u00e9conomique et social europ\u00e9en<\/strong> \u00e0 Bruxelles.<\/p>\r\n<h3 data-start=\"2723\" data-end=\"2779\">2\ufe0f\u20e3 Une plateforme en ligne ouverte \u00e0 toute l\u2019Europe<\/h3>\r\n<p data-start=\"2781\" data-end=\"2973\">Une <strong data-start=\"2785\" data-end=\"2823\">plateforme num\u00e9rique collaborative<\/strong> permettra de donner <strong data-start=\"2844\" data-end=\"2886\">visibilit\u00e9 aux initiatives europ\u00e9ennes<\/strong> port\u00e9es par les acteurs de l\u2019\u00e9conomie sociale num\u00e9rique.<br data-start=\"2943\" data-end=\"2946\" \/>Les utilisateurs pourront :<\/p>\r\n<ul data-start=\"2974\" data-end=\"3117\">\r\n<li data-start=\"2974\" data-end=\"3029\">\r\n<p data-start=\"2976\" data-end=\"3029\">suivre les discussions et les webinaires en direct,<\/p>\r\n<\/li>\r\n<li data-start=\"3030\" data-end=\"3068\">\r\n<p data-start=\"3032\" data-end=\"3068\">d\u00e9couvrir les innovations locales,<\/p>\r\n<\/li>\r\n<li data-start=\"3069\" data-end=\"3117\">\r\n<p data-start=\"3071\" data-end=\"3117\">partager leurs exp\u00e9riences et leurs projets.<\/p>\r\n<\/li>\r\n<\/ul>\r\n<p data-start=\"3119\" data-end=\"3274\">La plateforme sera <strong data-start=\"3138\" data-end=\"3182\">disponible \u00e0 partir du 20 septembre 2023<\/strong>, pour offrir \u00e0 chacun la possibilit\u00e9 de participer \u00e0 distance \u00e0 cette dynamique europ\u00e9enne.<\/p>\r\n<p data-start=\"3276\" data-end=\"3456\">\ud83d\udc49 Pour ne rien manquer des actualit\u00e9s de <em data-start=\"3318\" data-end=\"3353\">Num\u00e9rique en Commun[s] ESS Europe<\/em>, <strong data-start=\"3355\" data-end=\"3390\">abonnez-vous \u00e0 notre newsletter<\/strong> sur <a data-start=\"3395\" data-end=\"3455\" class=\"decorated-link\" rel=\"noopener\" target=\"_new\" href=\"https:\/\/socialgoodaccelerator.eu\/en_gb\/\">socialgoodaccelerator.eu<span aria-hidden=\"true\" class=\"ms-0.5 inline-block align-middle leading-none\"><svg width=\"20\" height=\"20\" viewbox=\"0 0 20 20\" fill=\"currentColor\" xmlns=\"http:\/\/www.w3.org\/2000\/svg\" data-rtl-flip=\"\" class=\"block h-[0.75em] w-[0.75em] stroke-current stroke-[0.75]\"><path d=\"M14.3349 13.3301V6.60645L5.47065 15.4707C5.21095 15.7304 4.78895 15.7304 4.52925 15.4707C4.26955 15.211 4.26955 14.789 4.52925 14.5293L13.3935 5.66504H6.66011C6.29284 5.66504 5.99507 5.36727 5.99507 5C5.99507 4.63273 6.29284 4.33496 6.66011 4.33496H14.9999L15.1337 4.34863C15.4369 4.41057 15.665 4.67857 15.665 5V13.3301C15.6649 13.6973 15.3672 13.9951 14.9999 13.9951C14.6327 13.9951 14.335 13.6973 14.3349 13.3301Z\"><\/path><\/svg><\/span><\/a>.<\/p>[\/et_pb_text][et_pb_heading title=&#8221;Une dynamique collective au service d\u2019un num\u00e9rique responsable&#8221; _builder_version=&#8221;4.27.4&#8243; _module_preset=&#8221;default&#8221; global_colors_info=&#8221;{}&#8221;][\/et_pb_heading][et_pb_text _builder_version=&#8221;4.27.4&#8243; _module_preset=&#8221;default&#8221; global_colors_info=&#8221;{}&#8221;]<p><em data-start=\"3533\" data-end=\"3568\">Num\u00e9rique en Commun[s] ESS Europe<\/em> est bien plus qu\u2019un \u00e9v\u00e9nement : c\u2019est un <strong data-start=\"3610\" data-end=\"3663\">espace commun d\u2019exp\u00e9rimentation et de coop\u00e9ration<\/strong> entre les acteurs de l\u2019ESS, les collectivit\u00e9s et les innovateurs num\u00e9riques.<br data-start=\"3740\" data-end=\"3743\" \/>Son objectif : <strong data-start=\"3758\" data-end=\"3831\">favoriser une transition num\u00e9rique \u00e9thique, inclusive et d\u00e9mocratique<\/strong>, port\u00e9e par les valeurs de l\u2019\u00e9conomie sociale et solidaire \u00e0 l\u2019\u00e9chelle europ\u00e9enne.<\/p>[\/et_pb_text][et_pb_image src=&#8221;https:\/\/socialgoodaccelerator.eu\/wp-content\/uploads\/2023\/09\/Visuel-article-SGW-devient-NEC-Carrousel-LinkedIn.png&#8221; alt=&#8221;people pointing to a computer to collaborate on a joint project&#8221; title_text=&#8221;Visuel article SGW devient NEC (Carrousel LinkedIn)&#8221; _builder_version=&#8221;4.19.1&#8243; _module_preset=&#8221;default&#8221; width=&#8221;43%&#8221; max_width=&#8221;100%&#8221; global_colors_info=&#8221;{}&#8221;][\/et_pb_image][\/et_pb_column][\/et_pb_row][et_pb_row _builder_version=&#8221;4.27.4&#8243; _module_preset=&#8221;default&#8221;][et_pb_column _builder_version=&#8221;4.27.4&#8243; _module_preset=&#8221;default&#8221; type=&#8221;4_4&#8243;][et_pb_heading title=&#8221;Actus et replays des NEC ESS&#8221; _builder_version=&#8221;4.27.4&#8243; _module_preset=&#8221;default&#8221; hover_enabled=&#8221;0&#8243; sticky_enabled=&#8221;0&#8243;][\/et_pb_heading][et_pb_text _builder_version=&#8221;4.27.4&#8243; _module_preset=&#8221;default&#8221; hover_enabled=&#8221;0&#8243; sticky_enabled=&#8221;0&#8243;]<p><a href=\"http:\/\/lgoodaccelerator.eu\/nec-ess-2025\/\">Edition 2025<\/a><br \/><a href=\"http:\/\/lgoodaccelerator.eu\/nec-ess-2024\/\">Edition 2024<\/a><br \/><a href=\"https:\/\/socialgoodaccelerator.eu\/en_gb\/2023\/10\/20\/programme-de-nec-ess-europe-2023\/\">Edition 2023<\/a><\/p>[\/et_pb_text][\/et_pb_column][\/et_pb_row][\/et_pb_section]",
        "protected": false
    },
    "excerpt": {
        "rendered": "<p>La Social Good Week \u00e9volue et devient Num\u00e9rique en Commun[s] ESS Europe, un \u00e9v\u00e9nement europ\u00e9en d\u00e9di\u00e9 \u00e0 la transition num\u00e9rique \u00e9thique de l&#8217;ESS.<\/p>",
        "protected": false
    },
    "author": 1,
    "featured_media": 53181,
    "comment_status": "closed",
    "ping_status": "closed",
    "sticky": false,
    "template": "",
    "format": "standard",
    "meta": {
        "_et_pb_use_builder": "on",
        "_et_pb_old_content": "",
        "_et_gb_content_width": "",
        "jetpack_post_was_ever_published": false,
        "_jetpack_newsletter_access": "",
        "_jetpack_dont_email_post_to_subs": false,
        "_jetpack_newsletter_tier_id": 0,
        "_jetpack_memberships_contains_paywalled_content": false,
        "_jetpack_memberships_contains_paid_content": false,
        "footnotes": ""
    },
    "categories": [
        192
    ],
    "tags": [
        369,
        116,
        376
    ],
    "class_list": [
        "post-53154",
        "post",
        "type-post",
        "status-publish",
        "format-standard",
        "has-post-thumbnail",
        "hentry",
        "category-actualites-de-soga",
        "tag-evenements",
        "tag-social-good-week",
        "tag-vie-de-reseau"
    ],
    "yoast_head": "<!-- This site is optimized with the Yoast SEO plugin v27.4 - https:\/\/yoast.com\/product\/yoast-seo-wordpress\/ -->\n<title>La Social Good Week devient Num\u00e9rique en Commun[s] ESS - SOGA<\/title>\n<meta name=\"description\" content=\"La Social Good Week \u00e9volue et devient Num\u00e9rique en Commun[s] ESS Europe, un \u00e9v\u00e9nement europ\u00e9en d\u00e9di\u00e9 \u00e0 la transition num\u00e9rique \u00e9thique de l&#039;ESS.\" \/>\n<meta name=\"robots\" content=\"index, follow, max-snippet:-1, max-image-preview:large, max-video-preview:-1\" \/>\n<link rel=\"canonical\" href=\"https:\/\/socialgoodaccelerator.eu\/en_gb\/2023\/09\/04\/numerique-en-commun-ess-europe-annonce\/\" \/>\n<meta property=\"og:locale\" content=\"en_GB\" \/>\n<meta property=\"og:type\" content=\"article\" \/>\n<meta property=\"og:title\" content=\"La Social Good Week devient Num\u00e9rique en Commun[s] ESS - SOGA\" \/>\n<meta property=\"og:description\" content=\"La Social Good Week \u00e9volue et devient Num\u00e9rique en Commun[s] ESS Europe, un \u00e9v\u00e9nement europ\u00e9en d\u00e9di\u00e9 \u00e0 la transition num\u00e9rique \u00e9thique de l&#039;ESS.\" \/>\n<meta property=\"og:url\" content=\"https:\/\/socialgoodaccelerator.eu\/en_gb\/2023\/09\/04\/numerique-en-commun-ess-europe-annonce\/\" \/>\n<meta property=\"og:site_name\" content=\"SOGA\" \/>\n<meta property=\"article:publisher\" content=\"https:\/\/www.facebook.com\/SocialGoodAccel.EU\/\" \/>\n<meta property=\"article:published_time\" content=\"2023-09-04T09:48:53+00:00\" \/>\n<meta property=\"article:modified_time\" content=\"2025-10-15T14:22:41+00:00\" \/>\n<meta property=\"og:image\" content=\"http:\/\/socialgoodaccelerator.eu\/wp-content\/uploads\/2023\/09\/Visuel-article-SGW-devient-NEC-Carrousel-LinkedIn-1280-\u00d7-720-px.png\" \/>\n\t<meta property=\"og:image:width\" content=\"1280\" \/>\n\t<meta property=\"og:image:height\" content=\"720\" \/>\n\t<meta property=\"og:image:type\" content=\"image\/png\" \/>\n<meta name=\"author\" content=\"sogaccelerator\" \/>\n<meta name=\"twitter:card\" content=\"summary_large_image\" \/>\n<meta name=\"twitter:label1\" content=\"Written by\" \/>\n\t<meta name=\"twitter:data1\" content=\"sogaccelerator\" \/>\n\t<meta name=\"twitter:label2\" content=\"Estimated reading time\" \/>\n\t<meta name=\"twitter:data2\" content=\"4 minutes\" \/>\n<script type=\"application\/ld+json\" class=\"yoast-schema-graph\">{\"@context\":\"https:\\\/\\\/schema.org\",\"@graph\":[{\"@type\":\"Article\",\"@id\":\"https:\\\/\\\/socialgoodaccelerator.eu\\\/2023\\\/09\\\/04\\\/numerique-en-commun-ess-europe-annonce\\\/#article\",\"isPartOf\":{\"@id\":\"https:\\\/\\\/socialgoodaccelerator.eu\\\/2023\\\/09\\\/04\\\/numerique-en-commun-ess-europe-annonce\\\/\"},\"author\":{\"name\":\"sogaccelerator\",\"@id\":\"https:\\\/\\\/socialgoodaccelerator.eu\\\/#\\\/schema\\\/person\\\/0320622db91fd4a2ddef724cbdee0c3e\"},\"headline\":\"La Social Good Week devient Num\u00e9rique en Commun[s] ESS\",\"datePublished\":\"2023-09-04T09:48:53+00:00\",\"dateModified\":\"2025-10-15T14:22:41+00:00\",\"mainEntityOfPage\":{\"@id\":\"https:\\\/\\\/socialgoodaccelerator.eu\\\/2023\\\/09\\\/04\\\/numerique-en-commun-ess-europe-annonce\\\/\"},\"wordCount\":962,\"publisher\":{\"@id\":\"https:\\\/\\\/socialgoodaccelerator.eu\\\/#organization\"},\"image\":{\"@id\":\"https:\\\/\\\/socialgoodaccelerator.eu\\\/2023\\\/09\\\/04\\\/numerique-en-commun-ess-europe-annonce\\\/#primaryimage\"},\"thumbnailUrl\":\"https:\\\/\\\/i0.wp.com\\\/socialgoodaccelerator.eu\\\/wp-content\\\/uploads\\\/2023\\\/09\\\/Visuel-article-SGW-devient-NEC-Carrousel-LinkedIn-1280-%C3%97-720-px.png?fit=1280%2C720&ssl=1\",\"keywords\":[\"\u00c9v\u00e9nements (Connect)\",\"Social Good Week\",\"Vie du r\u00e9seau\"],\"articleSection\":[\"Actualit\u00e9s de SOGA\"],\"inLanguage\":\"en-GB\"},{\"@type\":\"WebPage\",\"@id\":\"https:\\\/\\\/socialgoodaccelerator.eu\\\/2023\\\/09\\\/04\\\/numerique-en-commun-ess-europe-annonce\\\/\",\"url\":\"https:\\\/\\\/socialgoodaccelerator.eu\\\/2023\\\/09\\\/04\\\/numerique-en-commun-ess-europe-annonce\\\/\",\"name\":\"La Social Good Week devient Num\u00e9rique en Commun[s] ESS - SOGA\",\"isPartOf\":{\"@id\":\"https:\\\/\\\/socialgoodaccelerator.eu\\\/#website\"},\"primaryImageOfPage\":{\"@id\":\"https:\\\/\\\/socialgoodaccelerator.eu\\\/2023\\\/09\\\/04\\\/numerique-en-commun-ess-europe-annonce\\\/#primaryimage\"},\"image\":{\"@id\":\"https:\\\/\\\/socialgoodaccelerator.eu\\\/2023\\\/09\\\/04\\\/numerique-en-commun-ess-europe-annonce\\\/#primaryimage\"},\"thumbnailUrl\":\"https:\\\/\\\/i0.wp.com\\\/socialgoodaccelerator.eu\\\/wp-content\\\/uploads\\\/2023\\\/09\\\/Visuel-article-SGW-devient-NEC-Carrousel-LinkedIn-1280-%C3%97-720-px.png?fit=1280%2C720&ssl=1\",\"datePublished\":\"2023-09-04T09:48:53+00:00\",\"dateModified\":\"2025-10-15T14:22:41+00:00\",\"description\":\"La Social Good Week \u00e9volue et devient Num\u00e9rique en Commun[s] ESS Europe, un \u00e9v\u00e9nement europ\u00e9en d\u00e9di\u00e9 \u00e0 la transition num\u00e9rique \u00e9thique de l'ESS.\",\"breadcrumb\":{\"@id\":\"https:\\\/\\\/socialgoodaccelerator.eu\\\/2023\\\/09\\\/04\\\/numerique-en-commun-ess-europe-annonce\\\/#breadcrumb\"},\"inLanguage\":\"en-GB\",\"potentialAction\":[{\"@type\":\"ReadAction\",\"target\":[\"https:\\\/\\\/socialgoodaccelerator.eu\\\/2023\\\/09\\\/04\\\/numerique-en-commun-ess-europe-annonce\\\/\"]}]},{\"@type\":\"ImageObject\",\"inLanguage\":\"en-GB\",\"@id\":\"https:\\\/\\\/socialgoodaccelerator.eu\\\/2023\\\/09\\\/04\\\/numerique-en-commun-ess-europe-annonce\\\/#primaryimage\",\"url\":\"https:\\\/\\\/i0.wp.com\\\/socialgoodaccelerator.eu\\\/wp-content\\\/uploads\\\/2023\\\/09\\\/Visuel-article-SGW-devient-NEC-Carrousel-LinkedIn-1280-%C3%97-720-px.png?fit=1280%2C720&ssl=1\",\"contentUrl\":\"https:\\\/\\\/i0.wp.com\\\/socialgoodaccelerator.eu\\\/wp-content\\\/uploads\\\/2023\\\/09\\\/Visuel-article-SGW-devient-NEC-Carrousel-LinkedIn-1280-%C3%97-720-px.png?fit=1280%2C720&ssl=1\",\"width\":1280,\"height\":720},{\"@type\":\"BreadcrumbList\",\"@id\":\"https:\\\/\\\/socialgoodaccelerator.eu\\\/2023\\\/09\\\/04\\\/numerique-en-commun-ess-europe-annonce\\\/#breadcrumb\",\"itemListElement\":[{\"@type\":\"ListItem\",\"position\":1,\"name\":\"Accueil\",\"item\":\"https:\\\/\\\/socialgoodaccelerator.eu\\\/\"},{\"@type\":\"ListItem\",\"position\":2,\"name\":\"La Social Good Week devient Num\u00e9rique en Commun[s] ESS\"}]},{\"@type\":\"WebSite\",\"@id\":\"https:\\\/\\\/socialgoodaccelerator.eu\\\/#website\",\"url\":\"https:\\\/\\\/socialgoodaccelerator.eu\\\/\",\"name\":\"Social Good Accelerator\",\"description\":\"Acc\u00e9l\u00e9rer l&#039;ESS num\u00e9rique\",\"publisher\":{\"@id\":\"https:\\\/\\\/socialgoodaccelerator.eu\\\/#organization\"},\"alternateName\":\"SOGA\",\"potentialAction\":[{\"@type\":\"SearchAction\",\"target\":{\"@type\":\"EntryPoint\",\"urlTemplate\":\"https:\\\/\\\/socialgoodaccelerator.eu\\\/?s={search_term_string}\"},\"query-input\":{\"@type\":\"PropertyValueSpecification\",\"valueRequired\":true,\"valueName\":\"search_term_string\"}}],\"inLanguage\":\"en-GB\"},{\"@type\":\"Organization\",\"@id\":\"https:\\\/\\\/socialgoodaccelerator.eu\\\/#organization\",\"name\":\"Social Good Accelerator\",\"alternateName\":\"SOGA\",\"url\":\"https:\\\/\\\/socialgoodaccelerator.eu\\\/\",\"logo\":{\"@type\":\"ImageObject\",\"inLanguage\":\"en-GB\",\"@id\":\"https:\\\/\\\/socialgoodaccelerator.eu\\\/#\\\/schema\\\/logo\\\/image\\\/\",\"url\":\"https:\\\/\\\/i0.wp.com\\\/socialgoodaccelerator.eu\\\/wp-content\\\/uploads\\\/2023\\\/10\\\/cropped-LOGO-SOGA-V-FR.png?fit=512%2C512&ssl=1\",\"contentUrl\":\"https:\\\/\\\/i0.wp.com\\\/socialgoodaccelerator.eu\\\/wp-content\\\/uploads\\\/2023\\\/10\\\/cropped-LOGO-SOGA-V-FR.png?fit=512%2C512&ssl=1\",\"width\":512,\"height\":512,\"caption\":\"Social Good Accelerator\"},\"image\":{\"@id\":\"https:\\\/\\\/socialgoodaccelerator.eu\\\/#\\\/schema\\\/logo\\\/image\\\/\"},\"sameAs\":[\"https:\\\/\\\/www.facebook.com\\\/SocialGoodAccel.EU\\\/\",\"https:\\\/\\\/www.youtube.com\\\/@socialgoodaccelerator772\",\"https:\\\/\\\/www.youtube.com\\\/@SocialTechAcademy-eg6hp\"]},{\"@type\":\"Person\",\"@id\":\"https:\\\/\\\/socialgoodaccelerator.eu\\\/#\\\/schema\\\/person\\\/0320622db91fd4a2ddef724cbdee0c3e\",\"name\":\"sogaccelerator\",\"image\":{\"@type\":\"ImageObject\",\"inLanguage\":\"en-GB\",\"@id\":\"https:\\\/\\\/secure.gravatar.com\\\/avatar\\\/99aef05386587650bb056a1275ce2e339bfe398930f37eb7262163da89aad453?s=96&d=mm&r=g\",\"url\":\"https:\\\/\\\/secure.gravatar.com\\\/avatar\\\/99aef05386587650bb056a1275ce2e339bfe398930f37eb7262163da89aad453?s=96&d=mm&r=g\",\"contentUrl\":\"https:\\\/\\\/secure.gravatar.com\\\/avatar\\\/99aef05386587650bb056a1275ce2e339bfe398930f37eb7262163da89aad453?s=96&d=mm&r=g\",\"caption\":\"sogaccelerator\"}}]}<\/script>\n<!-- \/ Yoast SEO plugin. -->",
    "yoast_head_json": {
        "title": "La Social Good Week devient Num\u00e9rique en Commun[s] ESS - SOGA",
        "description": "La Social Good Week \u00e9volue et devient Num\u00e9rique en Commun[s] ESS Europe, un \u00e9v\u00e9nement europ\u00e9en d\u00e9di\u00e9 \u00e0 la transition num\u00e9rique \u00e9thique de l'ESS.",
        "robots": {
            "index": "index",
            "follow": "follow",
            "max-snippet": "max-snippet:-1",
            "max-image-preview": "max-image-preview:large",
            "max-video-preview": "max-video-preview:-1"
        },
        "canonical": "https:\/\/socialgoodaccelerator.eu\/en_gb\/2023\/09\/04\/numerique-en-commun-ess-europe-annonce\/",
        "og_locale": "en_GB",
        "og_type": "article",
        "og_title": "La Social Good Week devient Num\u00e9rique en Commun[s] ESS - SOGA",
        "og_description": "La Social Good Week \u00e9volue et devient Num\u00e9rique en Commun[s] ESS Europe, un \u00e9v\u00e9nement europ\u00e9en d\u00e9di\u00e9 \u00e0 la transition num\u00e9rique \u00e9thique de l'ESS.",
        "og_url": "https:\/\/socialgoodaccelerator.eu\/en_gb\/2023\/09\/04\/numerique-en-commun-ess-europe-annonce\/",
        "og_site_name": "SOGA",
        "article_publisher": "https:\/\/www.facebook.com\/SocialGoodAccel.EU\/",
        "article_published_time": "2023-09-04T09:48:53+00:00",
        "article_modified_time": "2025-10-15T14:22:41+00:00",
        "og_image": [
            {
                "width": 1280,
                "height": 720,
                "url": "http:\/\/socialgoodaccelerator.eu\/wp-content\/uploads\/2023\/09\/Visuel-article-SGW-devient-NEC-Carrousel-LinkedIn-1280-\u00d7-720-px.png",
                "type": "image\/png"
            }
        ],
        "author": "sogaccelerator",
        "twitter_card": "summary_large_image",
        "twitter_misc": {
            "Written by": "sogaccelerator",
            "Estimated reading time": "4 minutes"
        },
        "schema": {
            "@context": "https:\/\/schema.org",
            "@graph": [
                {
                    "@type": "Article",
                    "@id": "https:\/\/socialgoodaccelerator.eu\/2023\/09\/04\/numerique-en-commun-ess-europe-annonce\/#article",
                    "isPartOf": {
                        "@id": "https:\/\/socialgoodaccelerator.eu\/2023\/09\/04\/numerique-en-commun-ess-europe-annonce\/"
                    },
                    "author": {
                        "name": "sogaccelerator",
                        "@id": "https:\/\/socialgoodaccelerator.eu\/#\/schema\/person\/0320622db91fd4a2ddef724cbdee0c3e"
                    },
                    "headline": "La Social Good Week devient Num\u00e9rique en Commun[s] ESS",
                    "datePublished": "2023-09-04T09:48:53+00:00",
                    "dateModified": "2025-10-15T14:22:41+00:00",
                    "mainEntityOfPage": {
                        "@id": "https:\/\/socialgoodaccelerator.eu\/2023\/09\/04\/numerique-en-commun-ess-europe-annonce\/"
                    },
                    "wordCount": 962,
                    "publisher": {
                        "@id": "https:\/\/socialgoodaccelerator.eu\/#organization"
                    },
                    "image": {
                        "@id": "https:\/\/socialgoodaccelerator.eu\/2023\/09\/04\/numerique-en-commun-ess-europe-annonce\/#primaryimage"
                    },
                    "thumbnailUrl": "https:\/\/i0.wp.com\/socialgoodaccelerator.eu\/wp-content\/uploads\/2023\/09\/Visuel-article-SGW-devient-NEC-Carrousel-LinkedIn-1280-%C3%97-720-px.png?fit=1280%2C720&ssl=1",
                    "keywords": [
                        "\u00c9v\u00e9nements (Connect)",
                        "Social Good Week",
                        "Vie du r\u00e9seau"
                    ],
                    "articleSection": [
                        "Actualit\u00e9s de SOGA"
                    ],
                    "inLanguage": "en-GB"
                },
                {
                    "@type": "WebPage",
                    "@id": "https:\/\/socialgoodaccelerator.eu\/2023\/09\/04\/numerique-en-commun-ess-europe-annonce\/",
                    "url": "https:\/\/socialgoodaccelerator.eu\/2023\/09\/04\/numerique-en-commun-ess-europe-annonce\/",
                    "name": "La Social Good Week devient Num\u00e9rique en Commun[s] ESS - SOGA",
                    "isPartOf": {
                        "@id": "https:\/\/socialgoodaccelerator.eu\/#website"
                    },
                    "primaryImageOfPage": {
                        "@id": "https:\/\/socialgoodaccelerator.eu\/2023\/09\/04\/numerique-en-commun-ess-europe-annonce\/#primaryimage"
                    },
                    "image": {
                        "@id": "https:\/\/socialgoodaccelerator.eu\/2023\/09\/04\/numerique-en-commun-ess-europe-annonce\/#primaryimage"
                    },
                    "thumbnailUrl": "https:\/\/i0.wp.com\/socialgoodaccelerator.eu\/wp-content\/uploads\/2023\/09\/Visuel-article-SGW-devient-NEC-Carrousel-LinkedIn-1280-%C3%97-720-px.png?fit=1280%2C720&ssl=1",
                    "datePublished": "2023-09-04T09:48:53+00:00",
                    "dateModified": "2025-10-15T14:22:41+00:00",
                    "description": "La Social Good Week \u00e9volue et devient Num\u00e9rique en Commun[s] ESS Europe, un \u00e9v\u00e9nement europ\u00e9en d\u00e9di\u00e9 \u00e0 la transition num\u00e9rique \u00e9thique de l'ESS.",
                    "breadcrumb": {
                        "@id": "https:\/\/socialgoodaccelerator.eu\/2023\/09\/04\/numerique-en-commun-ess-europe-annonce\/#breadcrumb"
                    },
                    "inLanguage": "en-GB",
                    "potentialAction": [
                        {
                            "@type": "ReadAction",
                            "target": [
                                "https:\/\/socialgoodaccelerator.eu\/2023\/09\/04\/numerique-en-commun-ess-europe-annonce\/"
                            ]
                        }
                    ]
                },
                {
                    "@type": "ImageObject",
                    "inLanguage": "en-GB",
                    "@id": "https:\/\/socialgoodaccelerator.eu\/2023\/09\/04\/numerique-en-commun-ess-europe-annonce\/#primaryimage",
                    "url": "https:\/\/i0.wp.com\/socialgoodaccelerator.eu\/wp-content\/uploads\/2023\/09\/Visuel-article-SGW-devient-NEC-Carrousel-LinkedIn-1280-%C3%97-720-px.png?fit=1280%2C720&ssl=1",
                    "contentUrl": "https:\/\/i0.wp.com\/socialgoodaccelerator.eu\/wp-content\/uploads\/2023\/09\/Visuel-article-SGW-devient-NEC-Carrousel-LinkedIn-1280-%C3%97-720-px.png?fit=1280%2C720&ssl=1",
                    "width": 1280,
                    "height": 720
                },
                {
                    "@type": "BreadcrumbList",
                    "@id": "https:\/\/socialgoodaccelerator.eu\/2023\/09\/04\/numerique-en-commun-ess-europe-annonce\/#breadcrumb",
                    "itemListElement": [
                        {
                            "@type": "ListItem",
                            "position": 1,
                            "name": "Accueil",
                            "item": "https:\/\/socialgoodaccelerator.eu\/"
                        },
                        {
                            "@type": "ListItem",
                            "position": 2,
                            "name": "La Social Good Week devient Num\u00e9rique en Commun[s] ESS"
                        }
                    ]
                },
                {
                    "@type": "WebSite",
                    "@id": "https:\/\/socialgoodaccelerator.eu\/#website",
                    "url": "https:\/\/socialgoodaccelerator.eu\/",
                    "name": "Social Good Accelerator",
                    "description": "Acc\u00e9l\u00e9rer l&#039;ESS num\u00e9rique",
                    "publisher": {
                        "@id": "https:\/\/socialgoodaccelerator.eu\/#organization"
                    },
                    "alternateName": "SOGA",
                    "potentialAction": [
                        {
                            "@type": "SearchAction",
                            "target": {
                                "@type": "EntryPoint",
                                "urlTemplate": "https:\/\/socialgoodaccelerator.eu\/?s={search_term_string}"
                            },
                            "query-input": {
                                "@type": "PropertyValueSpecification",
                                "valueRequired": true,
                                "valueName": "search_term_string"
                            }
                        }
                    ],
                    "inLanguage": "en-GB"
                },
                {
                    "@type": "Organization",
                    "@id": "https:\/\/socialgoodaccelerator.eu\/#organization",
                    "name": "Social Good Accelerator",
                    "alternateName": "SOGA",
                    "url": "https:\/\/socialgoodaccelerator.eu\/",
                    "logo": {
                        "@type": "ImageObject",
                        "inLanguage": "en-GB",
                        "@id": "https:\/\/socialgoodaccelerator.eu\/#\/schema\/logo\/image\/",
                        "url": "https:\/\/i0.wp.com\/socialgoodaccelerator.eu\/wp-content\/uploads\/2023\/10\/cropped-LOGO-SOGA-V-FR.png?fit=512%2C512&ssl=1",
                        "contentUrl": "https:\/\/i0.wp.com\/socialgoodaccelerator.eu\/wp-content\/uploads\/2023\/10\/cropped-LOGO-SOGA-V-FR.png?fit=512%2C512&ssl=1",
                        "width": 512,
                        "height": 512,
                        "caption": "Social Good Accelerator"
                    },
                    "image": {
                        "@id": "https:\/\/socialgoodaccelerator.eu\/#\/schema\/logo\/image\/"
                    },
                    "sameAs": [
                        "https:\/\/www.facebook.com\/SocialGoodAccel.EU\/",
                        "https:\/\/www.youtube.com\/@socialgoodaccelerator772",
                        "https:\/\/www.youtube.com\/@SocialTechAcademy-eg6hp"
                    ]
                },
                {
                    "@type": "Person",
                    "@id": "https:\/\/socialgoodaccelerator.eu\/#\/schema\/person\/0320622db91fd4a2ddef724cbdee0c3e",
                    "name": "sogaccelerator",
                    "image": {
                        "@type": "ImageObject",
                        "inLanguage": "en-GB",
                        "@id": "https:\/\/secure.gravatar.com\/avatar\/99aef05386587650bb056a1275ce2e339bfe398930f37eb7262163da89aad453?s=96&d=mm&r=g",
                        "url": "https:\/\/secure.gravatar.com\/avatar\/99aef05386587650bb056a1275ce2e339bfe398930f37eb7262163da89aad453?s=96&d=mm&r=g",
                        "contentUrl": "https:\/\/secure.gravatar.com\/avatar\/99aef05386587650bb056a1275ce2e339bfe398930f37eb7262163da89aad453?s=96&d=mm&r=g",
                        "caption": "sogaccelerator"
                    }
                }
            ]
        }
    },
    "jetpack_featured_media_url": "https:\/\/i0.wp.com\/socialgoodaccelerator.eu\/wp-content\/uploads\/2023\/09\/Visuel-article-SGW-devient-NEC-Carrousel-LinkedIn-1280-%C3%97-720-px.png?fit=1280%2C720&ssl=1",
    "jetpack_likes_enabled": false,
    "jetpack-related-posts": [
        {
            "id": 57863,
            "url": "https:\/\/socialgoodaccelerator.eu\/en_gb\/2026\/04\/23\/lasuite-coop\/",
            "url_meta": {
                "origin": 53154,
                "position": 0
            },
            "title": "LaSuite.coop : l\u2019alternative num\u00e9rique coop\u00e9rative, libre et h\u00e9berg\u00e9e en Europe dont l\u2019ESS avait besoin",
            "author": "sogaccelerator",
            "date": "23 April 2026",
            "format": "gallery",
            "excerpt": "Abstract :\u00a0Chaque ann\u00e9e, 70 milliards d\u2019euros quittent la France en direction des \u00c9tats-Unis pour financer nos seuls usages num\u00e9riques. Derri\u00e8re\u2026",
            "rel": "",
            "context": "In &quot;Actualit\u00e9s de SOGA&quot;",
            "block_context": {
                "text": "Actualit\u00e9s de SOGA",
                "link": "https:\/\/socialgoodaccelerator.eu\/en_gb\/category\/actualites-de-soga\/"
            },
            "img": {
                "alt_text": "LaSuite.coop",
                "src": "https:\/\/i0.wp.com\/socialgoodaccelerator.eu\/wp-content\/uploads\/2026\/04\/Design-sans-titre-2-1-1.png?fit=1200%2C627&ssl=1&resize=350%2C200",
                "width": 350,
                "height": 200,
                "srcset": "https:\/\/i0.wp.com\/socialgoodaccelerator.eu\/wp-content\/uploads\/2026\/04\/Design-sans-titre-2-1-1.png?fit=1200%2C627&ssl=1&resize=350%2C200 1x, https:\/\/i0.wp.com\/socialgoodaccelerator.eu\/wp-content\/uploads\/2026\/04\/Design-sans-titre-2-1-1.png?fit=1200%2C627&ssl=1&resize=525%2C300 1.5x, https:\/\/i0.wp.com\/socialgoodaccelerator.eu\/wp-content\/uploads\/2026\/04\/Design-sans-titre-2-1-1.png?fit=1200%2C627&ssl=1&resize=700%2C400 2x, https:\/\/i0.wp.com\/socialgoodaccelerator.eu\/wp-content\/uploads\/2026\/04\/Design-sans-titre-2-1-1.png?fit=1200%2C627&ssl=1&resize=1050%2C600 3x"
            },
            "classes": []
        },
        {
            "id": 53114,
            "url": "https:\/\/socialgoodaccelerator.eu\/en_gb\/2023\/07\/07\/rapport-activite-2022\/",
            "url_meta": {
                "origin": 53154,
                "position": 1
            },
            "title": "Rapport d&#8217;activit\u00e9 2022",
            "author": "sogaccelerator",
            "date": "7 July 2023",
            "format": false,
            "excerpt": "Dive into our 2022 activity report to discover our achievements in accelerating the digital transition of social economy organisations and building a social and inclusive digital model on a European scale.",
            "rel": "",
            "context": "In &quot;Rapport d'activit\u00e9&quot;",
            "block_context": {
                "text": "Rapport d'activit\u00e9",
                "link": "https:\/\/socialgoodaccelerator.eu\/en_gb\/category\/rapport-d-activite\/"
            },
            "img": {
                "alt_text": "Rapport d'activit\u00e9 2022",
                "src": "https:\/\/i0.wp.com\/socialgoodaccelerator.eu\/wp-content\/uploads\/2025\/08\/Titre-2.png?fit=1200%2C675&ssl=1&resize=350%2C200",
                "width": 350,
                "height": 200,
                "srcset": "https:\/\/i0.wp.com\/socialgoodaccelerator.eu\/wp-content\/uploads\/2025\/08\/Titre-2.png?fit=1200%2C675&ssl=1&resize=350%2C200 1x, https:\/\/i0.wp.com\/socialgoodaccelerator.eu\/wp-content\/uploads\/2025\/08\/Titre-2.png?fit=1200%2C675&ssl=1&resize=525%2C300 1.5x, https:\/\/i0.wp.com\/socialgoodaccelerator.eu\/wp-content\/uploads\/2025\/08\/Titre-2.png?fit=1200%2C675&ssl=1&resize=700%2C400 2x, https:\/\/i0.wp.com\/socialgoodaccelerator.eu\/wp-content\/uploads\/2025\/08\/Titre-2.png?fit=1200%2C675&ssl=1&resize=1050%2C600 3x"
            },
            "classes": []
        },
        {
            "id": 51087,
            "url": "https:\/\/socialgoodaccelerator.eu\/en_gb\/2022\/07\/07\/rapport-activite-2021\/",
            "url_meta": {
                "origin": 53154,
                "position": 2
            },
            "title": "Rapport d&#8217;activit\u00e9 2021",
            "author": "sogaccelerator",
            "date": "7 July 2022",
            "format": false,
            "excerpt": "Discover all the actions accomplished by the Social good Accelerator in 2021 and its perspectives for 2022 in this SOGA activity report.",
            "rel": "",
            "context": "In &quot;Rapport d'activit\u00e9&quot;",
            "block_context": {
                "text": "Rapport d'activit\u00e9",
                "link": "https:\/\/socialgoodaccelerator.eu\/en_gb\/category\/rapport-d-activite\/"
            },
            "img": {
                "alt_text": "Rapport d'activit\u00e9 2021",
                "src": "https:\/\/i0.wp.com\/socialgoodaccelerator.eu\/wp-content\/uploads\/2025\/08\/Titre-3.png?fit=1200%2C675&ssl=1&resize=350%2C200",
                "width": 350,
                "height": 200,
                "srcset": "https:\/\/i0.wp.com\/socialgoodaccelerator.eu\/wp-content\/uploads\/2025\/08\/Titre-3.png?fit=1200%2C675&ssl=1&resize=350%2C200 1x, https:\/\/i0.wp.com\/socialgoodaccelerator.eu\/wp-content\/uploads\/2025\/08\/Titre-3.png?fit=1200%2C675&ssl=1&resize=525%2C300 1.5x, https:\/\/i0.wp.com\/socialgoodaccelerator.eu\/wp-content\/uploads\/2025\/08\/Titre-3.png?fit=1200%2C675&ssl=1&resize=700%2C400 2x, https:\/\/i0.wp.com\/socialgoodaccelerator.eu\/wp-content\/uploads\/2025\/08\/Titre-3.png?fit=1200%2C675&ssl=1&resize=1050%2C600 3x"
            },
            "classes": []
        },
        {
            "id": 50394,
            "url": "https:\/\/socialgoodaccelerator.eu\/en_gb\/2022\/03\/10\/open-letter\/",
            "url_meta": {
                "origin": 53154,
                "position": 3
            },
            "title": "Open letter: the necessary digital transition of the social economy",
            "author": "sogaccelerator",
            "date": "10 March 2022",
            "format": false,
            "excerpt": "In February 2021, the Social Good Accelerator and its 70 members maintained its vision in its open letter. A better world can only be made with the full support of social economy, which also has to be digitalised.",
            "rel": "",
            "context": "In &quot;Notes de position&quot;",
            "block_context": {
                "text": "Notes de position",
                "link": "https:\/\/socialgoodaccelerator.eu\/en_gb\/category\/notes-de-position\/"
            },
            "img": {
                "alt_text": "SOGA team flags Lisbon",
                "src": "https:\/\/i0.wp.com\/socialgoodaccelerator.eu\/wp-content\/uploads\/2018\/03\/flags.jpg?fit=1200%2C900&ssl=1&resize=350%2C200",
                "width": 350,
                "height": 200,
                "srcset": "https:\/\/i0.wp.com\/socialgoodaccelerator.eu\/wp-content\/uploads\/2018\/03\/flags.jpg?fit=1200%2C900&ssl=1&resize=350%2C200 1x, https:\/\/i0.wp.com\/socialgoodaccelerator.eu\/wp-content\/uploads\/2018\/03\/flags.jpg?fit=1200%2C900&ssl=1&resize=525%2C300 1.5x, https:\/\/i0.wp.com\/socialgoodaccelerator.eu\/wp-content\/uploads\/2018\/03\/flags.jpg?fit=1200%2C900&ssl=1&resize=700%2C400 2x, https:\/\/i0.wp.com\/socialgoodaccelerator.eu\/wp-content\/uploads\/2018\/03\/flags.jpg?fit=1200%2C900&ssl=1&resize=1050%2C600 3x"
            },
            "classes": []
        },
        {
            "id": 50484,
            "url": "https:\/\/socialgoodaccelerator.eu\/en_gb\/2022\/03\/25\/la-mednum-a-singular-structure-for-digital-inclusion\/",
            "url_meta": {
                "origin": 53154,
                "position": 4
            },
            "title": "La MedNum, &#8220;a singular structure&#8221; for digital inclusion",
            "author": "sogaccelerator",
            "date": "25 March 2022",
            "format": false,
            "excerpt": "On 15 March 2022, Guilhem Pradali\u00e9, Managing Director of the MedNum, member of the Social Good Accelerator, gave us an interview in which he explained what the MedNum is, what its projects and challenges are, and its role within the SOGA.",
            "rel": "",
            "context": "In &quot;Communs &amp; plaidoyer&quot;",
            "block_context": {
                "text": "Communs &amp; plaidoyer",
                "link": "https:\/\/socialgoodaccelerator.eu\/en_gb\/category\/communs-et-plaidoyer\/"
            },
            "img": {
                "alt_text": "",
                "src": "https:\/\/i0.wp.com\/socialgoodaccelerator.eu\/wp-content\/uploads\/2022\/03\/Capture-de%CC%81cran-2022-04-20-a%CC%80-11.38.38.png?fit=495%2C361&ssl=1&resize=350%2C200",
                "width": 350,
                "height": 200
            },
            "classes": []
        },
        {
            "id": 50186,
            "url": "https:\/\/socialgoodaccelerator.eu\/en_gb\/2021\/11\/30\/social-tech-atlas-why-a-single-map-for-a-thousand-social-organisations\/",
            "url_meta": {
                "origin": 53154,
                "position": 5
            },
            "title": "Social Tech Atlas: why a single map for a thousand social organisations?",
            "author": "sogaccelerator",
            "date": "30 November 2021",
            "format": false,
            "excerpt": "Until now, there was no European database gathering both organisations supporting social economy stakeholders in their digital transition and those offering alternative digital tools and services. This is now done with the Social Tech Atlas...",
            "rel": "",
            "context": "In &quot;Communs &amp; plaidoyer&quot;",
            "block_context": {
                "text": "Communs &amp; plaidoyer",
                "link": "https:\/\/socialgoodaccelerator.eu\/en_gb\/category\/communs-et-plaidoyer\/"
            },
            "img": {
                "alt_text": "Screenshot Social Tech Atlas",
                "src": "https:\/\/i0.wp.com\/socialgoodaccelerator.eu\/wp-content\/uploads\/2021\/11\/Capture-de%CC%81cran-2021-11-30-a%CC%80-12.32.33.png?fit=694%2C560&ssl=1&resize=350%2C200",
                "width": 350,
                "height": 200,
                "srcset": "https:\/\/i0.wp.com\/socialgoodaccelerator.eu\/wp-content\/uploads\/2021\/11\/Capture-de%CC%81cran-2021-11-30-a%CC%80-12.32.33.png?fit=694%2C560&ssl=1&resize=350%2C200 1x, https:\/\/i0.wp.com\/socialgoodaccelerator.eu\/wp-content\/uploads\/2021\/11\/Capture-de%CC%81cran-2021-11-30-a%CC%80-12.32.33.png?fit=694%2C560&ssl=1&resize=525%2C300 1.5x"
            },
            "classes": []
        }
    ],
    "jetpack_sharing_enabled": false,
    "jetpack_shortlink": "https:\/\/wp.me\/p9J6Qk-dPk",
    "_links": {
        "self": [
            {
                "href": "https:\/\/socialgoodaccelerator.eu\/en_gb\/wp-json\/wp\/v2\/posts\/53154",
                "targetHints": {
                    "allow": [
                        "GET"
                    ]
                }
            }
        ],
        "collection": [
            {
                "href": "https:\/\/socialgoodaccelerator.eu\/en_gb\/wp-json\/wp\/v2\/posts"
            }
        ],
        "about": [
            {
                "href": "https:\/\/socialgoodaccelerator.eu\/en_gb\/wp-json\/wp\/v2\/types\/post"
            }
        ],
        "author": [
            {
                "embeddable": true,
                "href": "https:\/\/socialgoodaccelerator.eu\/en_gb\/wp-json\/wp\/v2\/users\/1"
            }
        ],
        "replies": [
            {
                "embeddable": true,
                "href": "https:\/\/socialgoodaccelerator.eu\/en_gb\/wp-json\/wp\/v2\/comments?post=53154"
            }
        ],
        "version-history": [
            {
                "count": 25,
                "href": "https:\/\/socialgoodaccelerator.eu\/en_gb\/wp-json\/wp\/v2\/posts\/53154\/revisions"
            }
        ],
        "predecessor-version": [
            {
                "id": 56018,
                "href": "https:\/\/socialgoodaccelerator.eu\/en_gb\/wp-json\/wp\/v2\/posts\/53154\/revisions\/56018"
            }
        ],
        "wp:featuredmedia": [
            {
                "embeddable": true,
                "href": "https:\/\/socialgoodaccelerator.eu\/en_gb\/wp-json\/wp\/v2\/media\/53181"
            }
        ],
        "wp:attachment": [
            {
                "href": "https:\/\/socialgoodaccelerator.eu\/en_gb\/wp-json\/wp\/v2\/media?parent=53154"
            }
        ],
        "wp:term": [
            {
                "taxonomy": "category",
                "embeddable": true,
                "href": "https:\/\/socialgoodaccelerator.eu\/en_gb\/wp-json\/wp\/v2\/categories?post=53154"
            },
            {
                "taxonomy": "post_tag",
                "embeddable": true,
                "href": "https:\/\/socialgoodaccelerator.eu\/en_gb\/wp-json\/wp\/v2\/tags?post=53154"
            }
        ],
        "curies": [
            {
                "name": "wp",
                "href": "https:\/\/api.w.org\/{rel}",
                "templated": true
            }
        ]
    }
}