{
    "id": 52851,
    "date": "2023-02-22T14:52:02",
    "date_gmt": "2023-02-22T13:52:02",
    "guid": {
        "rendered": "https:\/\/socialgoodaccelerator.eu\/?p=52851"
    },
    "modified": "2026-02-20T17:23:45",
    "modified_gmt": "2026-02-20T16:23:45",
    "slug": "rejoignez-notre-formation-de-formateurs-a-leconomie-sociale-numerique",
    "status": "publish",
    "type": "post",
    "link": "https:\/\/socialgoodaccelerator.eu\/en_gb\/2023\/02\/22\/rejoignez-notre-formation-de-formateurs-a-leconomie-sociale-numerique\/",
    "title": {
        "rendered": "Rejoignez notre formation de formateurs \u00e0 l\u2019\u00e9conomie sociale num\u00e9rique"
    },
    "content": {
        "rendered": "[et_pb_section fb_built=&#8221;1&#8243; admin_label=&#8221;section&#8221; _builder_version=&#8221;4.16&#8243; da_disable_devices=&#8221;off|off|off&#8221; global_colors_info=&#8221;{}&#8221; da_is_popup=&#8221;off&#8221; da_exit_intent=&#8221;off&#8221; da_has_close=&#8221;on&#8221; da_alt_close=&#8221;off&#8221; da_dark_close=&#8221;off&#8221; da_not_modal=&#8221;on&#8221; da_is_singular=&#8221;off&#8221; da_with_loader=&#8221;off&#8221; da_has_shadow=&#8221;on&#8221;][et_pb_row admin_label=&#8221;row&#8221; _builder_version=&#8221;4.16&#8243; background_size=&#8221;initial&#8221; background_position=&#8221;top_left&#8221; background_repeat=&#8221;repeat&#8221; global_colors_info=&#8221;{}&#8221;][et_pb_column type=&#8221;4_4&#8243; _builder_version=&#8221;4.16&#8243; custom_padding=&#8221;|||&#8221; global_colors_info=&#8221;{}&#8221; custom_padding__hover=&#8221;|||&#8221;][et_pb_heading title=&#8221;Rejoignez notre formation de formateurs \u00e0 l\u2019\u00e9conomie sociale num\u00e9rique&#8221; _builder_version=&#8221;4.27.5&#8243; _module_preset=&#8221;default&#8221; title_text_align=&#8221;center&#8221; title_line_height=&#8221;1.5em&#8221; global_colors_info=&#8221;{}&#8221;][\/et_pb_heading][et_pb_text _builder_version=&#8221;4.27.5&#8243; _module_preset=&#8221;default&#8221; text_text_color=&#8221;gcid-body-color&#8221; global_colors_info=&#8221;{%22gcid-body-color%22:%91%22text_text_color%22%93}&#8221;]<p data-start=\"197\" data-end=\"271\">Vous \u00eates formateur ou formatrice dans l\u2019\u00e9conomie sociale et solidaire ?<\/p>\n<p data-start=\"273\" data-end=\"459\">Dans le cadre du projet europ\u00e9en <strong data-start=\"306\" data-end=\"329\">Social Tech Academy<\/strong>, nous vous proposons une <strong data-start=\"355\" data-end=\"400\">formation gratuite d\u2019une journ\u00e9e en ligne<\/strong> d\u00e9di\u00e9e aux comp\u00e9tences num\u00e9riques dans l\u2019\u00e9conomie sociale.<\/p>\n<p data-start=\"461\" data-end=\"531\">\ud83d\udcc5 <strong data-start=\"464\" data-end=\"493\">24 mars 2023 (en anglais)<\/strong><br data-start=\"493\" data-end=\"496\" \/>\ud83d\udcc5 <strong data-start=\"499\" data-end=\"529\">30 mars 2023 (en fran\u00e7ais)<\/strong><\/p>\n<p data-start=\"533\" data-end=\"681\">L\u2019objectif : vous fournir un cadre, des outils et des rep\u00e8res p\u00e9dagogiques pour renforcer l\u2019int\u00e9gration du num\u00e9rique dans vos parcours de formation.<\/p>[\/et_pb_text][et_pb_heading title=&#8221;Le projet Social Tech Academy&#8221; _builder_version=&#8221;4.27.5&#8243; _module_preset=&#8221;default&#8221; title_level=&#8221;h2&#8243; global_colors_info=&#8221;{}&#8221;][\/et_pb_heading][et_pb_text _builder_version=&#8221;4.27.5&#8243; _module_preset=&#8221;default&#8221; text_text_color=&#8221;gcid-body-color&#8221; global_colors_info=&#8221;{%22gcid-body-color%22:%91%22text_text_color%22%93}&#8221;]<p data-start=\"726\" data-end=\"775\">Le projet <strong data-start=\"736\" data-end=\"759\">Social Tech Academy<\/strong> est port\u00e9 par :<\/p>\n<ul data-start=\"777\" data-end=\"858\">\n<li data-start=\"777\" data-end=\"804\">\n<p data-start=\"779\" data-end=\"804\">Social Good Accelerator<\/p>\n<\/li>\n<li data-start=\"805\" data-end=\"827\">\n<p data-start=\"807\" data-end=\"827\"><a href=\"https:\/\/www.pourlasolidarite.eu\/\">Pour La Solidarit\u00e9<\/a><\/p>\n<\/li>\n<li data-start=\"828\" data-end=\"837\">\n<p data-start=\"830\" data-end=\"837\"><a href=\"https:\/\/www.egina.eu\/en\/\">EGINA<\/a><\/p>\n<\/li>\n<li data-start=\"838\" data-end=\"858\">\n<p data-start=\"840\" data-end=\"858\"><a href=\"https:\/\/fundacionesplai.org\/\">Fundaci\u00f3n Esplai<\/a><\/p>\n<\/li>\n<\/ul>\n<p data-start=\"860\" data-end=\"1025\">Financ\u00e9 par le programme <strong data-start=\"885\" data-end=\"897\">Erasmus+<\/strong>, il vise \u00e0 cr\u00e9er une <strong data-start=\"919\" data-end=\"1024\">plateforme europ\u00e9enne de ressources d\u00e9di\u00e9e aux m\u00e9tiers et comp\u00e9tences de l\u2019\u00e9conomie sociale num\u00e9rique<\/strong>.<\/p>\n<p data-start=\"860\" data-end=\"1025\"><\/p>\n<p data-start=\"1027\" data-end=\"1057\">Cette plateforme s\u2019adresse \u00e0 :<\/p>\n<ul data-start=\"1059\" data-end=\"1221\">\n<li data-start=\"1059\" data-end=\"1113\">\n<p data-start=\"1061\" data-end=\"1113\">Jeunes en orientation ou insertion professionnelle<\/p>\n<\/li>\n<li data-start=\"1114\" data-end=\"1143\">\n<p data-start=\"1116\" data-end=\"1143\">Personnes en reconversion<\/p>\n<\/li>\n<li data-start=\"1144\" data-end=\"1173\">\n<p data-start=\"1146\" data-end=\"1173\">Formateurs et formatrices<\/p>\n<\/li>\n<li data-start=\"1174\" data-end=\"1221\">\n<p data-start=\"1176\" data-end=\"1221\">Recruteurs du secteur de l\u2019\u00e9conomie sociale<\/p>\n<\/li>\n<\/ul>\n<p data-start=\"1223\" data-end=\"1239\">Elle proposera :<\/p>\n<ul data-start=\"1241\" data-end=\"1392\">\n<li data-start=\"1241\" data-end=\"1265\">\n<p data-start=\"1243\" data-end=\"1265\">Modules de formation<\/p>\n<\/li>\n<li data-start=\"1266\" data-end=\"1280\">\n<p data-start=\"1268\" data-end=\"1280\">Webinaires<\/p>\n<\/li>\n<li data-start=\"1281\" data-end=\"1299\">\n<p data-start=\"1283\" data-end=\"1299\">Fiches m\u00e9tiers<\/p>\n<\/li>\n<li data-start=\"1300\" data-end=\"1332\">\n<p data-start=\"1302\" data-end=\"1332\">Interviews de professionnels<\/p>\n<\/li>\n<li data-start=\"1333\" data-end=\"1364\">\n<p data-start=\"1335\" data-end=\"1364\">Offres d\u2019emploi et de stage<\/p>\n<\/li>\n<li data-start=\"1365\" data-end=\"1392\">\n<p data-start=\"1367\" data-end=\"1392\">Ressources p\u00e9dagogiques<\/p>\n<\/li>\n<\/ul>[\/et_pb_text][\/et_pb_column][\/et_pb_row][et_pb_row column_structure=&#8221;1_2,1_2&#8243; _builder_version=&#8221;4.19.1&#8243; _module_preset=&#8221;default&#8221; custom_margin=&#8221;||||false|false&#8221; custom_padding=&#8221;0px||0px||false|false&#8221; global_colors_info=&#8221;{}&#8221;][et_pb_column type=&#8221;1_2&#8243; _builder_version=&#8221;4.16&#8243; _module_preset=&#8221;default&#8221; global_colors_info=&#8221;{}&#8221;][et_pb_image src=&#8221;https:\/\/socialgoodaccelerator.eu\/wp-content\/uploads\/2023\/02\/Invitation-en-anglais-format-carenews-langue-avec-maj-OK.png&#8221; alt=&#8221;person working Emmaus&#8221; title_text=&#8221;STA training of trainers&#8221; _builder_version=&#8221;4.27.5&#8243; _module_preset=&#8221;default&#8221; custom_margin=&#8221;20px||0px||false|false&#8221; custom_padding=&#8221;||||false|false&#8221; hover_enabled=&#8221;0&#8243; global_colors_info=&#8221;{}&#8221; border_radii=&#8221;on|30px|30px|30px|30px&#8221; sticky_enabled=&#8221;0&#8243;][\/et_pb_image][\/et_pb_column][et_pb_column type=&#8221;1_2&#8243; _builder_version=&#8221;4.16&#8243; _module_preset=&#8221;default&#8221; global_colors_info=&#8221;{}&#8221;][et_pb_text content_last_edited=&#8221;off|desktop&#8221; _builder_version=&#8221;4.27.5&#8243; _module_preset=&#8221;default&#8221; text_text_color=&#8221;#FFFFFF&#8221; header_2_text_color=&#8221;#FFFFFF&#8221; header_2_line_height=&#8221;1.5em&#8221; background_color=&#8221;gcid-heading-color&#8221; width=&#8221;100%&#8221; module_alignment=&#8221;left&#8221; custom_margin=&#8221;44px|-5px|44px|-5px|true|true&#8221; custom_padding=&#8221;28px|25px|28px|25px|true|true&#8221; border_radii=&#8221;on|20px|20px|20px|20px&#8221; border_color_all=&#8221;#2B2A5C&#8221; global_colors_info=&#8221;{%22gcid-heading-color%22:%91%22background_color%22%93}&#8221; content__hover_enabled=&#8221;off|hover&#8221; content__hover=&#8221;<p style=%22text-align: justify;%22><span style=%22color: #163074;%22><\/span><span style=%22color: #163074;%22><span style=%22color: #163074; font-size: large;%22>Title of paragraph<\/span><br \/><\/span><strong>Text : Your content goes here. Edit or remove this text inline or in the module Content settings. You can also style every aspect of this content in the module Design settings and even apply custom CSS to this text in the module Advanced settings.<\/strong><\/p>&#8220;]<h2>Objectifs de la formation de formateurs<\/h2>\n<p data-start=\"1447\" data-end=\"1545\"><strong>\u2714\ufe0f Donner un cadre structurant pour enseigner les comp\u00e9tences num\u00e9riques dans l\u2019\u00e9conomie sociale<\/strong><\/p>\n<p data-start=\"1547\" data-end=\"1624\"><strong>\u2714\ufe0f Fournir des outils et des rep\u00e8res p\u00e9dagogiques sur le num\u00e9rique et l\u2019ESS<\/strong><\/p>\n<p data-start=\"1626\" data-end=\"1701\"><strong>\u2714\ufe0f Co-concevoir les futurs modules de formation de la Social Tech Academy<\/strong><\/p>[\/et_pb_text][\/et_pb_column][\/et_pb_row][et_pb_row _builder_version=&#8221;4.27.5&#8243; _module_preset=&#8221;default&#8221; global_colors_info=&#8221;{}&#8221;][et_pb_column type=&#8221;4_4&#8243; _builder_version=&#8221;4.27.5&#8243; _module_preset=&#8221;default&#8221; global_colors_info=&#8221;{}&#8221;][et_pb_heading title=&#8221;\u00c0 qui s\u2019adresse cette formation ?&#8221; _builder_version=&#8221;4.27.5&#8243; _module_preset=&#8221;default&#8221; title_level=&#8221;h2&#8243; global_colors_info=&#8221;{}&#8221;][\/et_pb_heading][et_pb_text _builder_version=&#8221;4.27.5&#8243; _module_preset=&#8221;default&#8221; text_text_color=&#8221;gcid-body-color&#8221; global_colors_info=&#8221;{%22gcid-body-color%22:%91%22text_text_color%22%93}&#8221;]<p data-start=\"1750\" data-end=\"1784\">Cette formation est destin\u00e9e aux :<\/p>\n<ul data-start=\"1786\" data-end=\"2010\">\n<li data-start=\"1786\" data-end=\"1842\">\n<p data-start=\"1788\" data-end=\"1842\">Formateurs d\u2019organismes de formation professionnelle<\/p>\n<\/li>\n<li data-start=\"1843\" data-end=\"1929\">\n<p data-start=\"1845\" data-end=\"1929\">Enseignants intervenant dans des dipl\u00f4mes universitaires li\u00e9s \u00e0 l\u2019\u00e9conomie sociale<\/p>\n<\/li>\n<li data-start=\"1930\" data-end=\"2010\">\n<p data-start=\"1932\" data-end=\"2010\">Responsables p\u00e9dagogiques souhaitant int\u00e9grer le num\u00e9rique dans leurs cursus<\/p>\n<\/li>\n<\/ul>\n<p data-start=\"2012\" data-end=\"2085\">\u00c0 travers des modules th\u00e9oriques et des cas pratiques, vous d\u00e9couvrirez :<\/p>\n<ul>\n<li data-start=\"2087\" data-end=\"2143\">\n<p data-start=\"2089\" data-end=\"2143\">Les r\u00e9f\u00e9rentiels existants de comp\u00e9tences num\u00e9riques<\/p>\n<\/li>\n<li data-start=\"2144\" data-end=\"2195\">\n<p data-start=\"2146\" data-end=\"2195\">Les approches innovantes en p\u00e9dagogie num\u00e9rique<\/p>\n<\/li>\n<li data-start=\"2198\" data-end=\"2257\">Les sp\u00e9cificit\u00e9s des m\u00e9tiers du num\u00e9rique \u00e0 impact social<\/li>\n<\/ul>\n<p><strong>Retrouvez la brochure de la formation <a href=\"https:\/\/socialgoodaccelerator.eu\/wp-content\/uploads\/2023\/02\/FRA-Brochure-complete-formation-des-formateurs.pdf\">ici en Fran\u00e7ais<\/a> et <a href=\"https:\/\/socialgoodaccelerator.eu\/wp-content\/uploads\/2023\/02\/ENG-Full-brochure-Training-of-Trainers-.pdf\">ici en Anglais<\/a>.<\/strong><\/p>[\/et_pb_text][et_pb_heading title=&#8221;Informations pratiques&#8221; _builder_version=&#8221;4.27.5&#8243; _module_preset=&#8221;default&#8221; title_level=&#8221;h2&#8243; global_colors_info=&#8221;{}&#8221;][\/et_pb_heading][et_pb_text _builder_version=&#8221;4.27.5&#8243; _module_preset=&#8221;default&#8221; text_text_color=&#8221;gcid-body-color&#8221; global_colors_info=&#8221;{%22gcid-body-color%22:%91%22text_text_color%22%93}&#8221;]<p data-start=\"2295\" data-end=\"2407\">La plateforme Social Tech Academy sera disponible en <strong data-start=\"2348\" data-end=\"2366\">quatre langues<\/strong>. Les formations sont donc propos\u00e9es en :<\/p>\n<ul data-start=\"2409\" data-end=\"2528\">\n<li data-start=\"2409\" data-end=\"2440\">\n<p data-start=\"2411\" data-end=\"2440\">\ud83c\uddec\ud83c\udde7 Anglais \u2013 24 mars 2023<\/p>\n<\/li>\n<li data-start=\"2441\" data-end=\"2473\">\n<p data-start=\"2443\" data-end=\"2473\">\ud83c\uddeb\ud83c\uddf7 Fran\u00e7ais \u2013 30 mars 2023<\/p>\n<\/li>\n<li data-start=\"2474\" data-end=\"2500\">\n<p data-start=\"2476\" data-end=\"2500\">\ud83c\uddee\ud83c\uddf9 Italien \u2013 \u00e0 venir<\/p>\n<\/li>\n<li data-start=\"2501\" data-end=\"2528\">\n<p data-start=\"2503\" data-end=\"2528\">\ud83c\uddea\ud83c\uddf8 Espagnol \u2013 \u00e0 venir<\/p>\n<\/li>\n<\/ul>\n<p data-start=\"2530\" data-end=\"2558\">\u26a0\ufe0f Les places sont limit\u00e9es.<\/p>\n<p data-start=\"2530\" data-end=\"2558\">\ud83d\udc49 <a href=\"https:\/\/form.jotform.com\/230442246643047\">Inscription \u00e0 la session fran\u00e7aise<\/a><br data-start=\"2606\" data-end=\"2609\" \/>\ud83d\udc49 <a href=\"https:\/\/form.jotform.com\/230453278962361\">Inscription \u00e0 la session anglaise<\/a><\/p>[\/et_pb_text][et_pb_heading title=&#8221;Pourquoi former les formateurs au num\u00e9rique social ?&#8221; _builder_version=&#8221;4.27.5&#8243; _module_preset=&#8221;default&#8221; title_level=&#8221;h2&#8243; global_colors_info=&#8221;{}&#8221;][\/et_pb_heading][et_pb_text _builder_version=&#8221;4.27.5&#8243; _module_preset=&#8221;default&#8221; text_text_color=&#8221;gcid-body-color&#8221; global_colors_info=&#8221;{%22gcid-body-color%22:%91%22text_text_color%22%93}&#8221;]<p data-start=\"2834\" data-end=\"2904\">La transition num\u00e9rique transforme les m\u00e9tiers de l\u2019\u00e9conomie sociale :<\/p>\n<ul data-start=\"2906\" data-end=\"3055\">\n<li data-start=\"2906\" data-end=\"2938\">\n<p data-start=\"2908\" data-end=\"2938\">digitalisation des services,<\/p>\n<\/li>\n<li data-start=\"2939\" data-end=\"2963\">\n<p data-start=\"2941\" data-end=\"2963\">gestion des donn\u00e9es,<\/p>\n<\/li>\n<li data-start=\"2964\" data-end=\"2989\">\n<p data-start=\"2966\" data-end=\"2989\">outils collaboratifs,<\/p>\n<\/li>\n<li data-start=\"2990\" data-end=\"3018\">\n<p data-start=\"2992\" data-end=\"3018\">lev\u00e9e de fonds en ligne,<\/p>\n<\/li>\n<li data-start=\"3019\" data-end=\"3055\">\n<p data-start=\"3021\" data-end=\"3055\">plateformes num\u00e9riques \u00e0 impact.<\/p>\n<\/li>\n<\/ul>\n<p data-start=\"3057\" data-end=\"3195\">Former les formateurs, c\u2019est renforcer durablement les comp\u00e9tences du secteur et structurer une <strong data-start=\"3153\" data-end=\"3194\">\u00e9conomie sociale num\u00e9rique europ\u00e9enne<\/strong>.<\/p>[\/et_pb_text][\/et_pb_column][\/et_pb_row][\/et_pb_section][et_pb_section fb_built=&#8221;1&#8243; _builder_version=&#8221;4.27.5&#8243; _module_preset=&#8221;default&#8221; background_color=&#8221;gcid-heading-color&#8221; custom_margin=&#8221;||-2px|||&#8221; custom_padding=&#8221;20px||4px|||&#8221; da_disable_devices=&#8221;off|off|off&#8221; locked=&#8221;off&#8221; global_colors_info=&#8221;{%22gcid-heading-color%22:%91%22background_color%22%93}&#8221; da_is_popup=&#8221;off&#8221; da_exit_intent=&#8221;off&#8221; da_has_close=&#8221;on&#8221; da_alt_close=&#8221;off&#8221; da_dark_close=&#8221;off&#8221; da_not_modal=&#8221;on&#8221; da_is_singular=&#8221;off&#8221; da_with_loader=&#8221;off&#8221; da_has_shadow=&#8221;on&#8221;][et_pb_row _builder_version=&#8221;4.27.4&#8243; _module_preset=&#8221;default&#8221; global_colors_info=&#8221;{}&#8221;][et_pb_column type=&#8221;4_4&#8243; _builder_version=&#8221;4.27.4&#8243; _module_preset=&#8221;default&#8221; global_colors_info=&#8221;{}&#8221;][et_pb_heading title=&#8221;FAQ \u2014 Formation de formateurs Social Tech Academy&#8221; _builder_version=&#8221;4.27.5&#8243; _module_preset=&#8221;default&#8221; title_level=&#8221;h2&#8243; title_text_color=&#8221;#FFFFFF&#8221; global_colors_info=&#8221;{}&#8221;][\/et_pb_heading][\/et_pb_column][\/et_pb_row][et_pb_row _builder_version=&#8221;4.27.4&#8243; _module_preset=&#8221;default&#8221; global_colors_info=&#8221;{}&#8221;][et_pb_column type=&#8221;4_4&#8243; _builder_version=&#8221;4.27.4&#8243; _module_preset=&#8221;default&#8221; global_colors_info=&#8221;{}&#8221;][et_pb_accordion open_toggle_text_color=&#8221;gcid-heading-color&#8221; _builder_version=&#8221;4.27.5&#8243; _module_preset=&#8221;default&#8221; toggle_text_color=&#8221;gcid-heading-color&#8221; border_radii=&#8221;on|30px|30px|30px|30px&#8221; global_colors_info=&#8221;{%22gcid-heading-color%22:%91%22open_toggle_text_color%22,%22toggle_text_color%22%93}&#8221;][et_pb_accordion_item title=&#8221;La formation est-elle payante ?&#8221; open=&#8221;on&#8221; _builder_version=&#8221;4.27.5&#8243; _module_preset=&#8221;default&#8221; global_colors_info=&#8221;{}&#8221;]<p>Non, elle est gratuite dans le cadre du financement Erasmus+.<\/p>[\/et_pb_accordion_item][et_pb_accordion_item title=&#8221;Dois-je d\u00e9j\u00e0 \u00eatre expert du num\u00e9rique pour participer ?&#8221; _builder_version=&#8221;4.27.5&#8243; _module_preset=&#8221;default&#8221; global_colors_info=&#8221;{}&#8221; open=&#8221;off&#8221;]<p>Non. La formation vise \u00e0 structurer et renforcer vos pratiques p\u00e9dagogiques, quel que soit votre niveau initial.<\/p>[\/et_pb_accordion_item][et_pb_accordion_item title=&#8221;Puis-je utiliser les modules dans mes propres formations ?&#8221; _builder_version=&#8221;4.27.5&#8243; _module_preset=&#8221;default&#8221; global_colors_info=&#8221;{}&#8221; open=&#8221;off&#8221;]<p>Oui. L\u2019objectif est justement de co-construire des contenus r\u00e9utilisables et adapt\u00e9s \u00e0 vos contextes p\u00e9dagogiques.<\/p>[\/et_pb_accordion_item][et_pb_accordion_item title=&#8221;La plateforme sera-t-elle accessible librement ?&#8221; _builder_version=&#8221;4.27.5&#8243; _module_preset=&#8221;default&#8221; global_colors_info=&#8221;{}&#8221; open=&#8221;off&#8221;]<p>Oui, elle sera accessible en ligne en quatre langues.<\/p>[\/et_pb_accordion_item][et_pb_accordion_item title=&#8221;Cette formation donne-t-elle lieu \u00e0 une certification ?&#8221; _builder_version=&#8221;4.27.5&#8243; _module_preset=&#8221;default&#8221; global_colors_info=&#8221;{}&#8221; open=&#8221;off&#8221;]<p>Elle s\u2019inscrit dans un cadre europ\u00e9en Erasmus+, mais ne constitue pas une certification dipl\u00f4mante.<\/p>[\/et_pb_accordion_item][\/et_pb_accordion][\/et_pb_column][\/et_pb_row][\/et_pb_section]",
        "protected": false
    },
    "excerpt": {
        "rendered": "<p>Vous \u00eates formateur ou formatrice dans l\u2019\u00e9conomie sociale et solidaire ?<br \/>\nDans le cadre du projet europ\u00e9en Social Tech Academy, nous vous proposons une formation gratuite d\u2019une journ\u00e9e en ligne d\u00e9di\u00e9e aux comp\u00e9tences num\u00e9riques dans l\u2019\u00e9conomie sociale.<\/p>",
        "protected": false
    },
    "author": 1,
    "featured_media": 52885,
    "comment_status": "closed",
    "ping_status": "closed",
    "sticky": false,
    "template": "",
    "format": "standard",
    "meta": {
        "_et_pb_use_builder": "on",
        "_et_pb_old_content": "",
        "_et_gb_content_width": "",
        "jetpack_post_was_ever_published": false,
        "_jetpack_newsletter_access": "",
        "_jetpack_dont_email_post_to_subs": false,
        "_jetpack_newsletter_tier_id": 0,
        "_jetpack_memberships_contains_paywalled_content": false,
        "_jetpack_memberships_contains_paid_content": false,
        "footnotes": ""
    },
    "categories": [
        192
    ],
    "tags": [
        368,
        317,
        378
    ],
    "class_list": [
        "post-52851",
        "post",
        "type-post",
        "status-publish",
        "format-standard",
        "has-post-thumbnail",
        "hentry",
        "category-actualites-de-soga",
        "tag-competences-numeriques",
        "tag-formation",
        "tag-formations-en-ligne"
    ],
    "yoast_head": "<!-- This site is optimized with the Yoast SEO plugin v27.4 - https:\/\/yoast.com\/product\/yoast-seo-wordpress\/ -->\n<title>Rejoignez notre formation de formateurs \u00e0 l\u2019\u00e9conomie sociale num\u00e9rique - SOGA<\/title>\n<meta name=\"description\" content=\"Rejoignez notre formation de formateurs \u00e0 l\u2019\u00e9conomie sociale num\u00e9rique\" \/>\n<meta name=\"robots\" content=\"index, follow, max-snippet:-1, max-image-preview:large, max-video-preview:-1\" \/>\n<link rel=\"canonical\" href=\"https:\/\/socialgoodaccelerator.eu\/en_gb\/2023\/02\/22\/rejoignez-notre-formation-de-formateurs-a-leconomie-sociale-numerique\/\" \/>\n<meta property=\"og:locale\" content=\"en_GB\" \/>\n<meta property=\"og:type\" content=\"article\" \/>\n<meta property=\"og:title\" content=\"Rejoignez notre formation de formateurs \u00e0 l\u2019\u00e9conomie sociale num\u00e9rique - SOGA\" \/>\n<meta property=\"og:description\" content=\"Rejoignez notre formation de formateurs \u00e0 l\u2019\u00e9conomie sociale num\u00e9rique\" \/>\n<meta property=\"og:url\" content=\"https:\/\/socialgoodaccelerator.eu\/en_gb\/2023\/02\/22\/rejoignez-notre-formation-de-formateurs-a-leconomie-sociale-numerique\/\" \/>\n<meta property=\"og:site_name\" content=\"SOGA\" \/>\n<meta property=\"article:publisher\" content=\"https:\/\/www.facebook.com\/SocialGoodAccel.EU\/\" \/>\n<meta property=\"article:published_time\" content=\"2023-02-22T13:52:02+00:00\" \/>\n<meta property=\"article:modified_time\" content=\"2026-02-20T16:23:45+00:00\" \/>\n<meta property=\"og:image\" content=\"http:\/\/socialgoodaccelerator.eu\/wp-content\/uploads\/2023\/02\/Invitation-en-anglais-format-carenews-langue-avec-maj-OK.png\" \/>\n\t<meta property=\"og:image:width\" content=\"750\" \/>\n\t<meta property=\"og:image:height\" content=\"500\" \/>\n\t<meta property=\"og:image:type\" content=\"image\/png\" \/>\n<meta name=\"author\" content=\"sogaccelerator\" \/>\n<meta name=\"twitter:card\" content=\"summary_large_image\" \/>\n<meta name=\"twitter:label1\" content=\"Written by\" \/>\n\t<meta name=\"twitter:data1\" content=\"sogaccelerator\" \/>\n\t<meta name=\"twitter:label2\" content=\"Estimated reading time\" \/>\n\t<meta name=\"twitter:data2\" content=\"3 minutes\" \/>\n<script type=\"application\/ld+json\" class=\"yoast-schema-graph\">{\"@context\":\"https:\\\/\\\/schema.org\",\"@graph\":[{\"@type\":\"Article\",\"@id\":\"https:\\\/\\\/socialgoodaccelerator.eu\\\/2023\\\/02\\\/22\\\/rejoignez-notre-formation-de-formateurs-a-leconomie-sociale-numerique\\\/#article\",\"isPartOf\":{\"@id\":\"https:\\\/\\\/socialgoodaccelerator.eu\\\/2023\\\/02\\\/22\\\/rejoignez-notre-formation-de-formateurs-a-leconomie-sociale-numerique\\\/\"},\"author\":{\"name\":\"sogaccelerator\",\"@id\":\"https:\\\/\\\/socialgoodaccelerator.eu\\\/#\\\/schema\\\/person\\\/0320622db91fd4a2ddef724cbdee0c3e\"},\"headline\":\"Rejoignez notre formation de formateurs \u00e0 l\u2019\u00e9conomie sociale num\u00e9rique\",\"datePublished\":\"2023-02-22T13:52:02+00:00\",\"dateModified\":\"2026-02-20T16:23:45+00:00\",\"mainEntityOfPage\":{\"@id\":\"https:\\\/\\\/socialgoodaccelerator.eu\\\/2023\\\/02\\\/22\\\/rejoignez-notre-formation-de-formateurs-a-leconomie-sociale-numerique\\\/\"},\"wordCount\":1409,\"publisher\":{\"@id\":\"https:\\\/\\\/socialgoodaccelerator.eu\\\/#organization\"},\"image\":{\"@id\":\"https:\\\/\\\/socialgoodaccelerator.eu\\\/2023\\\/02\\\/22\\\/rejoignez-notre-formation-de-formateurs-a-leconomie-sociale-numerique\\\/#primaryimage\"},\"thumbnailUrl\":\"https:\\\/\\\/i0.wp.com\\\/socialgoodaccelerator.eu\\\/wp-content\\\/uploads\\\/2023\\\/02\\\/Invitation-en-anglais-format-carenews-langue-avec-maj-OK.png?fit=750%2C500&ssl=1\",\"keywords\":[\"Comp\u00e9tences num\u00e9riques (Learn)\",\"Formation\",\"Formations en ligne\"],\"articleSection\":[\"Actualit\u00e9s de SOGA\"],\"inLanguage\":\"en-GB\"},{\"@type\":\"WebPage\",\"@id\":\"https:\\\/\\\/socialgoodaccelerator.eu\\\/2023\\\/02\\\/22\\\/rejoignez-notre-formation-de-formateurs-a-leconomie-sociale-numerique\\\/\",\"url\":\"https:\\\/\\\/socialgoodaccelerator.eu\\\/2023\\\/02\\\/22\\\/rejoignez-notre-formation-de-formateurs-a-leconomie-sociale-numerique\\\/\",\"name\":\"Rejoignez notre formation de formateurs \u00e0 l\u2019\u00e9conomie sociale num\u00e9rique - SOGA\",\"isPartOf\":{\"@id\":\"https:\\\/\\\/socialgoodaccelerator.eu\\\/#website\"},\"primaryImageOfPage\":{\"@id\":\"https:\\\/\\\/socialgoodaccelerator.eu\\\/2023\\\/02\\\/22\\\/rejoignez-notre-formation-de-formateurs-a-leconomie-sociale-numerique\\\/#primaryimage\"},\"image\":{\"@id\":\"https:\\\/\\\/socialgoodaccelerator.eu\\\/2023\\\/02\\\/22\\\/rejoignez-notre-formation-de-formateurs-a-leconomie-sociale-numerique\\\/#primaryimage\"},\"thumbnailUrl\":\"https:\\\/\\\/i0.wp.com\\\/socialgoodaccelerator.eu\\\/wp-content\\\/uploads\\\/2023\\\/02\\\/Invitation-en-anglais-format-carenews-langue-avec-maj-OK.png?fit=750%2C500&ssl=1\",\"datePublished\":\"2023-02-22T13:52:02+00:00\",\"dateModified\":\"2026-02-20T16:23:45+00:00\",\"description\":\"Rejoignez notre formation de formateurs \u00e0 l\u2019\u00e9conomie sociale num\u00e9rique\",\"breadcrumb\":{\"@id\":\"https:\\\/\\\/socialgoodaccelerator.eu\\\/2023\\\/02\\\/22\\\/rejoignez-notre-formation-de-formateurs-a-leconomie-sociale-numerique\\\/#breadcrumb\"},\"inLanguage\":\"en-GB\",\"potentialAction\":[{\"@type\":\"ReadAction\",\"target\":[\"https:\\\/\\\/socialgoodaccelerator.eu\\\/2023\\\/02\\\/22\\\/rejoignez-notre-formation-de-formateurs-a-leconomie-sociale-numerique\\\/\"]}]},{\"@type\":\"ImageObject\",\"inLanguage\":\"en-GB\",\"@id\":\"https:\\\/\\\/socialgoodaccelerator.eu\\\/2023\\\/02\\\/22\\\/rejoignez-notre-formation-de-formateurs-a-leconomie-sociale-numerique\\\/#primaryimage\",\"url\":\"https:\\\/\\\/i0.wp.com\\\/socialgoodaccelerator.eu\\\/wp-content\\\/uploads\\\/2023\\\/02\\\/Invitation-en-anglais-format-carenews-langue-avec-maj-OK.png?fit=750%2C500&ssl=1\",\"contentUrl\":\"https:\\\/\\\/i0.wp.com\\\/socialgoodaccelerator.eu\\\/wp-content\\\/uploads\\\/2023\\\/02\\\/Invitation-en-anglais-format-carenews-langue-avec-maj-OK.png?fit=750%2C500&ssl=1\",\"width\":750,\"height\":500},{\"@type\":\"BreadcrumbList\",\"@id\":\"https:\\\/\\\/socialgoodaccelerator.eu\\\/2023\\\/02\\\/22\\\/rejoignez-notre-formation-de-formateurs-a-leconomie-sociale-numerique\\\/#breadcrumb\",\"itemListElement\":[{\"@type\":\"ListItem\",\"position\":1,\"name\":\"Accueil\",\"item\":\"https:\\\/\\\/socialgoodaccelerator.eu\\\/\"},{\"@type\":\"ListItem\",\"position\":2,\"name\":\"Rejoignez notre formation de formateurs \u00e0 l\u2019\u00e9conomie sociale num\u00e9rique\"}]},{\"@type\":\"WebSite\",\"@id\":\"https:\\\/\\\/socialgoodaccelerator.eu\\\/#website\",\"url\":\"https:\\\/\\\/socialgoodaccelerator.eu\\\/\",\"name\":\"Social Good Accelerator\",\"description\":\"Acc\u00e9l\u00e9rer l&#039;ESS num\u00e9rique\",\"publisher\":{\"@id\":\"https:\\\/\\\/socialgoodaccelerator.eu\\\/#organization\"},\"alternateName\":\"SOGA\",\"potentialAction\":[{\"@type\":\"SearchAction\",\"target\":{\"@type\":\"EntryPoint\",\"urlTemplate\":\"https:\\\/\\\/socialgoodaccelerator.eu\\\/?s={search_term_string}\"},\"query-input\":{\"@type\":\"PropertyValueSpecification\",\"valueRequired\":true,\"valueName\":\"search_term_string\"}}],\"inLanguage\":\"en-GB\"},{\"@type\":\"Organization\",\"@id\":\"https:\\\/\\\/socialgoodaccelerator.eu\\\/#organization\",\"name\":\"Social Good Accelerator\",\"alternateName\":\"SOGA\",\"url\":\"https:\\\/\\\/socialgoodaccelerator.eu\\\/\",\"logo\":{\"@type\":\"ImageObject\",\"inLanguage\":\"en-GB\",\"@id\":\"https:\\\/\\\/socialgoodaccelerator.eu\\\/#\\\/schema\\\/logo\\\/image\\\/\",\"url\":\"https:\\\/\\\/i0.wp.com\\\/socialgoodaccelerator.eu\\\/wp-content\\\/uploads\\\/2023\\\/10\\\/cropped-LOGO-SOGA-V-FR.png?fit=512%2C512&ssl=1\",\"contentUrl\":\"https:\\\/\\\/i0.wp.com\\\/socialgoodaccelerator.eu\\\/wp-content\\\/uploads\\\/2023\\\/10\\\/cropped-LOGO-SOGA-V-FR.png?fit=512%2C512&ssl=1\",\"width\":512,\"height\":512,\"caption\":\"Social Good Accelerator\"},\"image\":{\"@id\":\"https:\\\/\\\/socialgoodaccelerator.eu\\\/#\\\/schema\\\/logo\\\/image\\\/\"},\"sameAs\":[\"https:\\\/\\\/www.facebook.com\\\/SocialGoodAccel.EU\\\/\",\"https:\\\/\\\/www.youtube.com\\\/@socialgoodaccelerator772\",\"https:\\\/\\\/www.youtube.com\\\/@SocialTechAcademy-eg6hp\"]},{\"@type\":\"Person\",\"@id\":\"https:\\\/\\\/socialgoodaccelerator.eu\\\/#\\\/schema\\\/person\\\/0320622db91fd4a2ddef724cbdee0c3e\",\"name\":\"sogaccelerator\",\"image\":{\"@type\":\"ImageObject\",\"inLanguage\":\"en-GB\",\"@id\":\"https:\\\/\\\/secure.gravatar.com\\\/avatar\\\/99aef05386587650bb056a1275ce2e339bfe398930f37eb7262163da89aad453?s=96&d=mm&r=g\",\"url\":\"https:\\\/\\\/secure.gravatar.com\\\/avatar\\\/99aef05386587650bb056a1275ce2e339bfe398930f37eb7262163da89aad453?s=96&d=mm&r=g\",\"contentUrl\":\"https:\\\/\\\/secure.gravatar.com\\\/avatar\\\/99aef05386587650bb056a1275ce2e339bfe398930f37eb7262163da89aad453?s=96&d=mm&r=g\",\"caption\":\"sogaccelerator\"}}]}<\/script>\n<!-- \/ Yoast SEO plugin. -->",
    "yoast_head_json": {
        "title": "Rejoignez notre formation de formateurs \u00e0 l\u2019\u00e9conomie sociale num\u00e9rique - SOGA",
        "description": "Rejoignez notre formation de formateurs \u00e0 l\u2019\u00e9conomie sociale num\u00e9rique",
        "robots": {
            "index": "index",
            "follow": "follow",
            "max-snippet": "max-snippet:-1",
            "max-image-preview": "max-image-preview:large",
            "max-video-preview": "max-video-preview:-1"
        },
        "canonical": "https:\/\/socialgoodaccelerator.eu\/en_gb\/2023\/02\/22\/rejoignez-notre-formation-de-formateurs-a-leconomie-sociale-numerique\/",
        "og_locale": "en_GB",
        "og_type": "article",
        "og_title": "Rejoignez notre formation de formateurs \u00e0 l\u2019\u00e9conomie sociale num\u00e9rique - SOGA",
        "og_description": "Rejoignez notre formation de formateurs \u00e0 l\u2019\u00e9conomie sociale num\u00e9rique",
        "og_url": "https:\/\/socialgoodaccelerator.eu\/en_gb\/2023\/02\/22\/rejoignez-notre-formation-de-formateurs-a-leconomie-sociale-numerique\/",
        "og_site_name": "SOGA",
        "article_publisher": "https:\/\/www.facebook.com\/SocialGoodAccel.EU\/",
        "article_published_time": "2023-02-22T13:52:02+00:00",
        "article_modified_time": "2026-02-20T16:23:45+00:00",
        "og_image": [
            {
                "width": 750,
                "height": 500,
                "url": "http:\/\/socialgoodaccelerator.eu\/wp-content\/uploads\/2023\/02\/Invitation-en-anglais-format-carenews-langue-avec-maj-OK.png",
                "type": "image\/png"
            }
        ],
        "author": "sogaccelerator",
        "twitter_card": "summary_large_image",
        "twitter_misc": {
            "Written by": "sogaccelerator",
            "Estimated reading time": "3 minutes"
        },
        "schema": {
            "@context": "https:\/\/schema.org",
            "@graph": [
                {
                    "@type": "Article",
                    "@id": "https:\/\/socialgoodaccelerator.eu\/2023\/02\/22\/rejoignez-notre-formation-de-formateurs-a-leconomie-sociale-numerique\/#article",
                    "isPartOf": {
                        "@id": "https:\/\/socialgoodaccelerator.eu\/2023\/02\/22\/rejoignez-notre-formation-de-formateurs-a-leconomie-sociale-numerique\/"
                    },
                    "author": {
                        "name": "sogaccelerator",
                        "@id": "https:\/\/socialgoodaccelerator.eu\/#\/schema\/person\/0320622db91fd4a2ddef724cbdee0c3e"
                    },
                    "headline": "Rejoignez notre formation de formateurs \u00e0 l\u2019\u00e9conomie sociale num\u00e9rique",
                    "datePublished": "2023-02-22T13:52:02+00:00",
                    "dateModified": "2026-02-20T16:23:45+00:00",
                    "mainEntityOfPage": {
                        "@id": "https:\/\/socialgoodaccelerator.eu\/2023\/02\/22\/rejoignez-notre-formation-de-formateurs-a-leconomie-sociale-numerique\/"
                    },
                    "wordCount": 1409,
                    "publisher": {
                        "@id": "https:\/\/socialgoodaccelerator.eu\/#organization"
                    },
                    "image": {
                        "@id": "https:\/\/socialgoodaccelerator.eu\/2023\/02\/22\/rejoignez-notre-formation-de-formateurs-a-leconomie-sociale-numerique\/#primaryimage"
                    },
                    "thumbnailUrl": "https:\/\/i0.wp.com\/socialgoodaccelerator.eu\/wp-content\/uploads\/2023\/02\/Invitation-en-anglais-format-carenews-langue-avec-maj-OK.png?fit=750%2C500&ssl=1",
                    "keywords": [
                        "Comp\u00e9tences num\u00e9riques (Learn)",
                        "Formation",
                        "Formations en ligne"
                    ],
                    "articleSection": [
                        "Actualit\u00e9s de SOGA"
                    ],
                    "inLanguage": "en-GB"
                },
                {
                    "@type": "WebPage",
                    "@id": "https:\/\/socialgoodaccelerator.eu\/2023\/02\/22\/rejoignez-notre-formation-de-formateurs-a-leconomie-sociale-numerique\/",
                    "url": "https:\/\/socialgoodaccelerator.eu\/2023\/02\/22\/rejoignez-notre-formation-de-formateurs-a-leconomie-sociale-numerique\/",
                    "name": "Rejoignez notre formation de formateurs \u00e0 l\u2019\u00e9conomie sociale num\u00e9rique - SOGA",
                    "isPartOf": {
                        "@id": "https:\/\/socialgoodaccelerator.eu\/#website"
                    },
                    "primaryImageOfPage": {
                        "@id": "https:\/\/socialgoodaccelerator.eu\/2023\/02\/22\/rejoignez-notre-formation-de-formateurs-a-leconomie-sociale-numerique\/#primaryimage"
                    },
                    "image": {
                        "@id": "https:\/\/socialgoodaccelerator.eu\/2023\/02\/22\/rejoignez-notre-formation-de-formateurs-a-leconomie-sociale-numerique\/#primaryimage"
                    },
                    "thumbnailUrl": "https:\/\/i0.wp.com\/socialgoodaccelerator.eu\/wp-content\/uploads\/2023\/02\/Invitation-en-anglais-format-carenews-langue-avec-maj-OK.png?fit=750%2C500&ssl=1",
                    "datePublished": "2023-02-22T13:52:02+00:00",
                    "dateModified": "2026-02-20T16:23:45+00:00",
                    "description": "Rejoignez notre formation de formateurs \u00e0 l\u2019\u00e9conomie sociale num\u00e9rique",
                    "breadcrumb": {
                        "@id": "https:\/\/socialgoodaccelerator.eu\/2023\/02\/22\/rejoignez-notre-formation-de-formateurs-a-leconomie-sociale-numerique\/#breadcrumb"
                    },
                    "inLanguage": "en-GB",
                    "potentialAction": [
                        {
                            "@type": "ReadAction",
                            "target": [
                                "https:\/\/socialgoodaccelerator.eu\/2023\/02\/22\/rejoignez-notre-formation-de-formateurs-a-leconomie-sociale-numerique\/"
                            ]
                        }
                    ]
                },
                {
                    "@type": "ImageObject",
                    "inLanguage": "en-GB",
                    "@id": "https:\/\/socialgoodaccelerator.eu\/2023\/02\/22\/rejoignez-notre-formation-de-formateurs-a-leconomie-sociale-numerique\/#primaryimage",
                    "url": "https:\/\/i0.wp.com\/socialgoodaccelerator.eu\/wp-content\/uploads\/2023\/02\/Invitation-en-anglais-format-carenews-langue-avec-maj-OK.png?fit=750%2C500&ssl=1",
                    "contentUrl": "https:\/\/i0.wp.com\/socialgoodaccelerator.eu\/wp-content\/uploads\/2023\/02\/Invitation-en-anglais-format-carenews-langue-avec-maj-OK.png?fit=750%2C500&ssl=1",
                    "width": 750,
                    "height": 500
                },
                {
                    "@type": "BreadcrumbList",
                    "@id": "https:\/\/socialgoodaccelerator.eu\/2023\/02\/22\/rejoignez-notre-formation-de-formateurs-a-leconomie-sociale-numerique\/#breadcrumb",
                    "itemListElement": [
                        {
                            "@type": "ListItem",
                            "position": 1,
                            "name": "Accueil",
                            "item": "https:\/\/socialgoodaccelerator.eu\/"
                        },
                        {
                            "@type": "ListItem",
                            "position": 2,
                            "name": "Rejoignez notre formation de formateurs \u00e0 l\u2019\u00e9conomie sociale num\u00e9rique"
                        }
                    ]
                },
                {
                    "@type": "WebSite",
                    "@id": "https:\/\/socialgoodaccelerator.eu\/#website",
                    "url": "https:\/\/socialgoodaccelerator.eu\/",
                    "name": "Social Good Accelerator",
                    "description": "Acc\u00e9l\u00e9rer l&#039;ESS num\u00e9rique",
                    "publisher": {
                        "@id": "https:\/\/socialgoodaccelerator.eu\/#organization"
                    },
                    "alternateName": "SOGA",
                    "potentialAction": [
                        {
                            "@type": "SearchAction",
                            "target": {
                                "@type": "EntryPoint",
                                "urlTemplate": "https:\/\/socialgoodaccelerator.eu\/?s={search_term_string}"
                            },
                            "query-input": {
                                "@type": "PropertyValueSpecification",
                                "valueRequired": true,
                                "valueName": "search_term_string"
                            }
                        }
                    ],
                    "inLanguage": "en-GB"
                },
                {
                    "@type": "Organization",
                    "@id": "https:\/\/socialgoodaccelerator.eu\/#organization",
                    "name": "Social Good Accelerator",
                    "alternateName": "SOGA",
                    "url": "https:\/\/socialgoodaccelerator.eu\/",
                    "logo": {
                        "@type": "ImageObject",
                        "inLanguage": "en-GB",
                        "@id": "https:\/\/socialgoodaccelerator.eu\/#\/schema\/logo\/image\/",
                        "url": "https:\/\/i0.wp.com\/socialgoodaccelerator.eu\/wp-content\/uploads\/2023\/10\/cropped-LOGO-SOGA-V-FR.png?fit=512%2C512&ssl=1",
                        "contentUrl": "https:\/\/i0.wp.com\/socialgoodaccelerator.eu\/wp-content\/uploads\/2023\/10\/cropped-LOGO-SOGA-V-FR.png?fit=512%2C512&ssl=1",
                        "width": 512,
                        "height": 512,
                        "caption": "Social Good Accelerator"
                    },
                    "image": {
                        "@id": "https:\/\/socialgoodaccelerator.eu\/#\/schema\/logo\/image\/"
                    },
                    "sameAs": [
                        "https:\/\/www.facebook.com\/SocialGoodAccel.EU\/",
                        "https:\/\/www.youtube.com\/@socialgoodaccelerator772",
                        "https:\/\/www.youtube.com\/@SocialTechAcademy-eg6hp"
                    ]
                },
                {
                    "@type": "Person",
                    "@id": "https:\/\/socialgoodaccelerator.eu\/#\/schema\/person\/0320622db91fd4a2ddef724cbdee0c3e",
                    "name": "sogaccelerator",
                    "image": {
                        "@type": "ImageObject",
                        "inLanguage": "en-GB",
                        "@id": "https:\/\/secure.gravatar.com\/avatar\/99aef05386587650bb056a1275ce2e339bfe398930f37eb7262163da89aad453?s=96&d=mm&r=g",
                        "url": "https:\/\/secure.gravatar.com\/avatar\/99aef05386587650bb056a1275ce2e339bfe398930f37eb7262163da89aad453?s=96&d=mm&r=g",
                        "contentUrl": "https:\/\/secure.gravatar.com\/avatar\/99aef05386587650bb056a1275ce2e339bfe398930f37eb7262163da89aad453?s=96&d=mm&r=g",
                        "caption": "sogaccelerator"
                    }
                }
            ]
        }
    },
    "jetpack_featured_media_url": "https:\/\/i0.wp.com\/socialgoodaccelerator.eu\/wp-content\/uploads\/2023\/02\/Invitation-en-anglais-format-carenews-langue-avec-maj-OK.png?fit=750%2C500&ssl=1",
    "jetpack_likes_enabled": false,
    "jetpack-related-posts": [
        {
            "id": 57863,
            "url": "https:\/\/socialgoodaccelerator.eu\/en_gb\/2026\/04\/23\/lasuite-coop\/",
            "url_meta": {
                "origin": 52851,
                "position": 0
            },
            "title": "LaSuite.coop : l\u2019alternative num\u00e9rique coop\u00e9rative, libre et h\u00e9berg\u00e9e en Europe dont l\u2019ESS avait besoin",
            "author": "sogaccelerator",
            "date": "23 April 2026",
            "format": "gallery",
            "excerpt": "Abstract :\u00a0Chaque ann\u00e9e, 70 milliards d\u2019euros quittent la France en direction des \u00c9tats-Unis pour financer nos seuls usages num\u00e9riques. Derri\u00e8re\u2026",
            "rel": "",
            "context": "In &quot;Actualit\u00e9s de SOGA&quot;",
            "block_context": {
                "text": "Actualit\u00e9s de SOGA",
                "link": "https:\/\/socialgoodaccelerator.eu\/en_gb\/category\/actualites-de-soga\/"
            },
            "img": {
                "alt_text": "LaSuite.coop",
                "src": "https:\/\/i0.wp.com\/socialgoodaccelerator.eu\/wp-content\/uploads\/2026\/04\/Design-sans-titre-2-1-1.png?fit=1200%2C627&ssl=1&resize=350%2C200",
                "width": 350,
                "height": 200,
                "srcset": "https:\/\/i0.wp.com\/socialgoodaccelerator.eu\/wp-content\/uploads\/2026\/04\/Design-sans-titre-2-1-1.png?fit=1200%2C627&ssl=1&resize=350%2C200 1x, https:\/\/i0.wp.com\/socialgoodaccelerator.eu\/wp-content\/uploads\/2026\/04\/Design-sans-titre-2-1-1.png?fit=1200%2C627&ssl=1&resize=525%2C300 1.5x, https:\/\/i0.wp.com\/socialgoodaccelerator.eu\/wp-content\/uploads\/2026\/04\/Design-sans-titre-2-1-1.png?fit=1200%2C627&ssl=1&resize=700%2C400 2x, https:\/\/i0.wp.com\/socialgoodaccelerator.eu\/wp-content\/uploads\/2026\/04\/Design-sans-titre-2-1-1.png?fit=1200%2C627&ssl=1&resize=1050%2C600 3x"
            },
            "classes": []
        },
        {
            "id": 53114,
            "url": "https:\/\/socialgoodaccelerator.eu\/en_gb\/2023\/07\/07\/rapport-activite-2022\/",
            "url_meta": {
                "origin": 52851,
                "position": 1
            },
            "title": "Rapport d&#8217;activit\u00e9 2022",
            "author": "sogaccelerator",
            "date": "7 July 2023",
            "format": false,
            "excerpt": "Dive into our 2022 activity report to discover our achievements in accelerating the digital transition of social economy organisations and building a social and inclusive digital model on a European scale.",
            "rel": "",
            "context": "In &quot;Rapport d'activit\u00e9&quot;",
            "block_context": {
                "text": "Rapport d'activit\u00e9",
                "link": "https:\/\/socialgoodaccelerator.eu\/en_gb\/category\/rapport-d-activite\/"
            },
            "img": {
                "alt_text": "Rapport d'activit\u00e9 2022",
                "src": "https:\/\/i0.wp.com\/socialgoodaccelerator.eu\/wp-content\/uploads\/2025\/08\/Titre-2.png?fit=1200%2C675&ssl=1&resize=350%2C200",
                "width": 350,
                "height": 200,
                "srcset": "https:\/\/i0.wp.com\/socialgoodaccelerator.eu\/wp-content\/uploads\/2025\/08\/Titre-2.png?fit=1200%2C675&ssl=1&resize=350%2C200 1x, https:\/\/i0.wp.com\/socialgoodaccelerator.eu\/wp-content\/uploads\/2025\/08\/Titre-2.png?fit=1200%2C675&ssl=1&resize=525%2C300 1.5x, https:\/\/i0.wp.com\/socialgoodaccelerator.eu\/wp-content\/uploads\/2025\/08\/Titre-2.png?fit=1200%2C675&ssl=1&resize=700%2C400 2x, https:\/\/i0.wp.com\/socialgoodaccelerator.eu\/wp-content\/uploads\/2025\/08\/Titre-2.png?fit=1200%2C675&ssl=1&resize=1050%2C600 3x"
            },
            "classes": []
        },
        {
            "id": 50394,
            "url": "https:\/\/socialgoodaccelerator.eu\/en_gb\/2022\/03\/10\/open-letter\/",
            "url_meta": {
                "origin": 52851,
                "position": 2
            },
            "title": "Open letter: the necessary digital transition of the social economy",
            "author": "sogaccelerator",
            "date": "10 March 2022",
            "format": false,
            "excerpt": "In February 2021, the Social Good Accelerator and its 70 members maintained its vision in its open letter. A better world can only be made with the full support of social economy, which also has to be digitalised.",
            "rel": "",
            "context": "In &quot;Notes de position&quot;",
            "block_context": {
                "text": "Notes de position",
                "link": "https:\/\/socialgoodaccelerator.eu\/en_gb\/category\/notes-de-position\/"
            },
            "img": {
                "alt_text": "SOGA team flags Lisbon",
                "src": "https:\/\/i0.wp.com\/socialgoodaccelerator.eu\/wp-content\/uploads\/2018\/03\/flags.jpg?fit=1200%2C900&ssl=1&resize=350%2C200",
                "width": 350,
                "height": 200,
                "srcset": "https:\/\/i0.wp.com\/socialgoodaccelerator.eu\/wp-content\/uploads\/2018\/03\/flags.jpg?fit=1200%2C900&ssl=1&resize=350%2C200 1x, https:\/\/i0.wp.com\/socialgoodaccelerator.eu\/wp-content\/uploads\/2018\/03\/flags.jpg?fit=1200%2C900&ssl=1&resize=525%2C300 1.5x, https:\/\/i0.wp.com\/socialgoodaccelerator.eu\/wp-content\/uploads\/2018\/03\/flags.jpg?fit=1200%2C900&ssl=1&resize=700%2C400 2x, https:\/\/i0.wp.com\/socialgoodaccelerator.eu\/wp-content\/uploads\/2018\/03\/flags.jpg?fit=1200%2C900&ssl=1&resize=1050%2C600 3x"
            },
            "classes": []
        },
        {
            "id": 50484,
            "url": "https:\/\/socialgoodaccelerator.eu\/en_gb\/2022\/03\/25\/la-mednum-a-singular-structure-for-digital-inclusion\/",
            "url_meta": {
                "origin": 52851,
                "position": 3
            },
            "title": "La MedNum, &#8220;a singular structure&#8221; for digital inclusion",
            "author": "sogaccelerator",
            "date": "25 March 2022",
            "format": false,
            "excerpt": "On 15 March 2022, Guilhem Pradali\u00e9, Managing Director of the MedNum, member of the Social Good Accelerator, gave us an interview in which he explained what the MedNum is, what its projects and challenges are, and its role within the SOGA.",
            "rel": "",
            "context": "In &quot;Communs &amp; plaidoyer&quot;",
            "block_context": {
                "text": "Communs &amp; plaidoyer",
                "link": "https:\/\/socialgoodaccelerator.eu\/en_gb\/category\/communs-et-plaidoyer\/"
            },
            "img": {
                "alt_text": "",
                "src": "https:\/\/i0.wp.com\/socialgoodaccelerator.eu\/wp-content\/uploads\/2022\/03\/Capture-de%CC%81cran-2022-04-20-a%CC%80-11.38.38.png?fit=495%2C361&ssl=1&resize=350%2C200",
                "width": 350,
                "height": 200
            },
            "classes": []
        },
        {
            "id": 50330,
            "url": "https:\/\/socialgoodaccelerator.eu\/en_gb\/2022\/01\/31\/the-social-good-accelerator-joins-the-pact-for-skills\/",
            "url_meta": {
                "origin": 52851,
                "position": 4
            },
            "title": "The Social Good Accelerator joins the Pact for Skills!",
            "author": "sogaccelerator",
            "date": "31 January 2022",
            "format": false,
            "excerpt": "At the end of 2020, European Commissioners Breton and Schmit made public the core of the EU's skills strategy, the Pact for Skills. They called on all European organisations involved in the upskilling of individuals to meet the EU's skills needs.",
            "rel": "",
            "context": "In &quot;Actualit\u00e9s de SOGA&quot;",
            "block_context": {
                "text": "Actualit\u00e9s de SOGA",
                "link": "https:\/\/socialgoodaccelerator.eu\/en_gb\/category\/actualites-de-soga\/"
            },
            "img": {
                "alt_text": "Pact for Skills",
                "src": "https:\/\/i0.wp.com\/socialgoodaccelerator.eu\/wp-content\/uploads\/2022\/01\/Screenshot-2020-02-18-10.45.45.png?fit=1023%2C572&ssl=1&resize=350%2C200",
                "width": 350,
                "height": 200,
                "srcset": "https:\/\/i0.wp.com\/socialgoodaccelerator.eu\/wp-content\/uploads\/2022\/01\/Screenshot-2020-02-18-10.45.45.png?fit=1023%2C572&ssl=1&resize=350%2C200 1x, https:\/\/i0.wp.com\/socialgoodaccelerator.eu\/wp-content\/uploads\/2022\/01\/Screenshot-2020-02-18-10.45.45.png?fit=1023%2C572&ssl=1&resize=525%2C300 1.5x, https:\/\/i0.wp.com\/socialgoodaccelerator.eu\/wp-content\/uploads\/2022\/01\/Screenshot-2020-02-18-10.45.45.png?fit=1023%2C572&ssl=1&resize=700%2C400 2x"
            },
            "classes": []
        },
        {
            "id": 50186,
            "url": "https:\/\/socialgoodaccelerator.eu\/en_gb\/2021\/11\/30\/social-tech-atlas-why-a-single-map-for-a-thousand-social-organisations\/",
            "url_meta": {
                "origin": 52851,
                "position": 5
            },
            "title": "Social Tech Atlas: why a single map for a thousand social organisations?",
            "author": "sogaccelerator",
            "date": "30 November 2021",
            "format": false,
            "excerpt": "Until now, there was no European database gathering both organisations supporting social economy stakeholders in their digital transition and those offering alternative digital tools and services. This is now done with the Social Tech Atlas...",
            "rel": "",
            "context": "In &quot;Communs &amp; plaidoyer&quot;",
            "block_context": {
                "text": "Communs &amp; plaidoyer",
                "link": "https:\/\/socialgoodaccelerator.eu\/en_gb\/category\/communs-et-plaidoyer\/"
            },
            "img": {
                "alt_text": "Screenshot Social Tech Atlas",
                "src": "https:\/\/i0.wp.com\/socialgoodaccelerator.eu\/wp-content\/uploads\/2021\/11\/Capture-de%CC%81cran-2021-11-30-a%CC%80-12.32.33.png?fit=694%2C560&ssl=1&resize=350%2C200",
                "width": 350,
                "height": 200,
                "srcset": "https:\/\/i0.wp.com\/socialgoodaccelerator.eu\/wp-content\/uploads\/2021\/11\/Capture-de%CC%81cran-2021-11-30-a%CC%80-12.32.33.png?fit=694%2C560&ssl=1&resize=350%2C200 1x, https:\/\/i0.wp.com\/socialgoodaccelerator.eu\/wp-content\/uploads\/2021\/11\/Capture-de%CC%81cran-2021-11-30-a%CC%80-12.32.33.png?fit=694%2C560&ssl=1&resize=525%2C300 1.5x"
            },
            "classes": []
        }
    ],
    "jetpack_sharing_enabled": false,
    "jetpack_shortlink": "https:\/\/wp.me\/p9J6Qk-dKr",
    "_links": {
        "self": [
            {
                "href": "https:\/\/socialgoodaccelerator.eu\/en_gb\/wp-json\/wp\/v2\/posts\/52851",
                "targetHints": {
                    "allow": [
                        "GET"
                    ]
                }
            }
        ],
        "collection": [
            {
                "href": "https:\/\/socialgoodaccelerator.eu\/en_gb\/wp-json\/wp\/v2\/posts"
            }
        ],
        "about": [
            {
                "href": "https:\/\/socialgoodaccelerator.eu\/en_gb\/wp-json\/wp\/v2\/types\/post"
            }
        ],
        "author": [
            {
                "embeddable": true,
                "href": "https:\/\/socialgoodaccelerator.eu\/en_gb\/wp-json\/wp\/v2\/users\/1"
            }
        ],
        "replies": [
            {
                "embeddable": true,
                "href": "https:\/\/socialgoodaccelerator.eu\/en_gb\/wp-json\/wp\/v2\/comments?post=52851"
            }
        ],
        "version-history": [
            {
                "count": 26,
                "href": "https:\/\/socialgoodaccelerator.eu\/en_gb\/wp-json\/wp\/v2\/posts\/52851\/revisions"
            }
        ],
        "predecessor-version": [
            {
                "id": 57070,
                "href": "https:\/\/socialgoodaccelerator.eu\/en_gb\/wp-json\/wp\/v2\/posts\/52851\/revisions\/57070"
            }
        ],
        "wp:featuredmedia": [
            {
                "embeddable": true,
                "href": "https:\/\/socialgoodaccelerator.eu\/en_gb\/wp-json\/wp\/v2\/media\/52885"
            }
        ],
        "wp:attachment": [
            {
                "href": "https:\/\/socialgoodaccelerator.eu\/en_gb\/wp-json\/wp\/v2\/media?parent=52851"
            }
        ],
        "wp:term": [
            {
                "taxonomy": "category",
                "embeddable": true,
                "href": "https:\/\/socialgoodaccelerator.eu\/en_gb\/wp-json\/wp\/v2\/categories?post=52851"
            },
            {
                "taxonomy": "post_tag",
                "embeddable": true,
                "href": "https:\/\/socialgoodaccelerator.eu\/en_gb\/wp-json\/wp\/v2\/tags?post=52851"
            }
        ],
        "curies": [
            {
                "name": "wp",
                "href": "https:\/\/api.w.org\/{rel}",
                "templated": true
            }
        ]
    }
}