{
    "id": 52804,
    "date": "2023-02-09T15:31:51",
    "date_gmt": "2023-02-09T14:31:51",
    "guid": {
        "rendered": "https:\/\/socialgoodaccelerator.eu\/?p=52804"
    },
    "modified": "2025-10-17T17:02:58",
    "modified_gmt": "2025-10-17T15:02:58",
    "slug": "ethique-et-performance-le-cas-du-developpement-de-chatgpt",
    "status": "publish",
    "type": "post",
    "link": "https:\/\/socialgoodaccelerator.eu\/en_gb\/2023\/02\/09\/ethique-et-performance-le-cas-du-developpement-de-chatgpt\/",
    "title": {
        "rendered": "\u00c9thique et performance : le cas du d\u00e9veloppement de ChatGPT"
    },
    "content": {
        "rendered": "[et_pb_section fb_built=&#8221;1&#8243; admin_label=&#8221;section&#8221; _builder_version=&#8221;4.16&#8243; global_colors_info=&#8221;{}&#8221; da_is_popup=&#8221;off&#8221; da_exit_intent=&#8221;off&#8221; da_has_close=&#8221;on&#8221; da_alt_close=&#8221;off&#8221; da_dark_close=&#8221;off&#8221; da_not_modal=&#8221;on&#8221; da_is_singular=&#8221;off&#8221; da_with_loader=&#8221;off&#8221; da_has_shadow=&#8221;on&#8221; da_disable_devices=&#8221;off|off|off&#8221;][et_pb_row admin_label=&#8221;row&#8221; _builder_version=&#8221;4.16&#8243; background_size=&#8221;initial&#8221; background_position=&#8221;top_left&#8221; background_repeat=&#8221;repeat&#8221; global_colors_info=&#8221;{}&#8221;][et_pb_column type=&#8221;4_4&#8243; _builder_version=&#8221;4.16&#8243; custom_padding=&#8221;|||&#8221; global_colors_info=&#8221;{}&#8221; custom_padding__hover=&#8221;|||&#8221;][et_pb_text content_phone=&#8221;<h2 style=%22text-align: center;%22><strong><span style=%22color: #003366; font-size: xx-large;%22><span>Emma\u00fcs Connect becomes a member of the Social Good Accelerator!<\/span><\/span><\/strong><\/h2>&#8221; content_last_edited=&#8221;off|desktop&#8221; _builder_version=&#8221;4.27.4&#8243; _module_preset=&#8221;default&#8221; hover_enabled=&#8221;0&#8243; locked=&#8221;off&#8221; global_colors_info=&#8221;{}&#8221; sticky_enabled=&#8221;0&#8243;]<h1 style=\"line-height: 1.5em; text-align: center;\">\u00c9thique et performance : le cas du d\u00e9veloppement de ChatGPT<\/h1>[\/et_pb_text][\/et_pb_column][\/et_pb_row][et_pb_row _builder_version=&#8221;4.16&#8243; _module_preset=&#8221;default&#8221; background_color=&#8221;#2B2A5C&#8221; locked=&#8221;off&#8221; global_colors_info=&#8221;{}&#8221;][et_pb_column type=&#8221;4_4&#8243; _builder_version=&#8221;4.16&#8243; _module_preset=&#8221;default&#8221; global_colors_info=&#8221;{}&#8221;][et_pb_text admin_label=&#8221;Texte&#8221; _builder_version=&#8221;4.27.4&#8243; background_size=&#8221;initial&#8221; background_position=&#8221;top_left&#8221; background_repeat=&#8221;repeat&#8221; custom_padding=&#8221;|15px||15px|false|false&#8221; hover_enabled=&#8221;0&#8243; use_border_color=&#8221;off&#8221; border_style=&#8221;solid&#8221; global_colors_info=&#8221;{}&#8221; sticky_enabled=&#8221;0&#8243; text_text_color=&#8221;#FFFFFF&#8221;]<p data-start=\"513\" data-end=\"863\">ChatGPT n\u2019est pas seulement une r\u00e9volution technologique : c\u2019est aussi un <strong data-start=\"587\" data-end=\"655\">cas d\u2019\u00e9cole en mati\u00e8re de responsabilit\u00e9 sociale des entreprises<\/strong>.<br data-start=\"656\" data-end=\"659\" \/>Con\u00e7u \u00e0 l\u2019origine comme un <strong data-start=\"686\" data-end=\"713\">contre-mod\u00e8le aux GAFAM<\/strong> au sein d\u2019une organisation \u00e0 but non lucratif, <strong data-start=\"761\" data-end=\"771\">OpenAI<\/strong>, la soci\u00e9t\u00e9 \u00e0 l\u2019origine de ChatGPT, a progressivement bascul\u00e9 vers un mod\u00e8le capitaliste.<\/p>\n<p data-start=\"865\" data-end=\"1365\"><strong><a href=\"https:\/\/time.com\/6247678\/openai-chatgpt-kenya-workers\/\">L\u2019affaire r\u00e9v\u00e9l\u00e9e par le magazine <em data-start=\"899\" data-end=\"905\">Time<\/em><\/a><\/strong> sur les <strong data-start=\"914\" data-end=\"966\">conditions de travail des sous-traitants kenyans<\/strong> \u2014 employ\u00e9s par Samasource, une ancienne ONG devenue entreprise \u00e0 but lucratif \u2014 a mis en lumi\u00e8re les paradoxes du mod\u00e8le.<br data-start=\"1088\" data-end=\"1091\" \/>Ces r\u00e9v\u00e9lations posent une question de fond : <strong data-start=\"1137\" data-end=\"1295\">les statuts \u201cnon lucratifs\u201d servent-ils aujourd\u2019hui de tremplin \u00e0 des entreprises technologiques motiv\u00e9es par le profit plut\u00f4t que par l\u2019int\u00e9r\u00eat g\u00e9n\u00e9ral ?<\/strong><br data-start=\"1295\" data-end=\"1298\" \/>Retour sur un cas embl\u00e9matique et les interrogations qu\u2019il soul\u00e8ve.<span style=\"color: #ffffff;\"><span style=\"font-size: 16px;\"><b><\/b><\/span><\/span><\/p>[\/et_pb_text][\/et_pb_column][\/et_pb_row][et_pb_row _builder_version=&#8221;4.16&#8243; _module_preset=&#8221;default&#8221; global_colors_info=&#8221;{}&#8221;][et_pb_column type=&#8221;4_4&#8243; _builder_version=&#8221;4.16&#8243; _module_preset=&#8221;default&#8221; global_colors_info=&#8221;{}&#8221;][et_pb_text _builder_version=&#8221;4.19.1&#8243; _module_preset=&#8221;default&#8221; global_colors_info=&#8221;{}&#8221;]<p>Bien que le secteur \u00e0 but non lucratif se structure traditionnellement autour de <strong data-start=\"1453\" data-end=\"1522\">valeurs de gouvernance d\u00e9mocratique, de transparence et d\u2019\u00e9thique<\/strong>, certaines situations viennent interroger cette \u00e9thique de solidarit\u00e9.<br data-start=\"1593\" data-end=\"1596\" \/>Comme toute entreprise, les organisations \u00e0 but non lucratif sont confront\u00e9es \u00e0 des <strong data-start=\"1680\" data-end=\"1705\">pressions \u00e9conomiques<\/strong> : baisse de revenus, difficult\u00e9s de tr\u00e9sorerie, plans sociaux\u2026<br data-start=\"1768\" data-end=\"1771\" \/>Ces contraintes les obligent parfois \u00e0 faire coexister <strong data-start=\"1826\" data-end=\"1852\">\u00e9thique et performance<\/strong>, au risque que la recherche d\u2019efficacit\u00e9 supplante progressivement la <strong data-start=\"1923\" data-end=\"1952\">mission d\u2019int\u00e9r\u00eat g\u00e9n\u00e9ral<\/strong>.<\/p>[\/et_pb_text][\/et_pb_column][\/et_pb_row][et_pb_row _builder_version=&#8221;4.19.1&#8243; _module_preset=&#8221;default&#8221; custom_padding=&#8221;0px||0px|||&#8221; global_colors_info=&#8221;{}&#8221;][et_pb_column type=&#8221;4_4&#8243; _builder_version=&#8221;4.19.1&#8243; _module_preset=&#8221;default&#8221; global_colors_info=&#8221;{}&#8221;][et_pb_image src=&#8221;https:\/\/socialgoodaccelerator.eu\/wp-content\/uploads\/2023\/02\/future-gefa51f7bb_1920-1024&#215;576.png&#8221; title_text=&#8221;future-gefa51f7bb_1920&#8243; _builder_version=&#8221;4.19.1&#8243; _module_preset=&#8221;default&#8221; width=&#8221;51%&#8221; min_height=&#8221;42.2px&#8221; custom_margin=&#8221;33px||-11px||false|false&#8221; global_colors_info=&#8221;{}&#8221;][\/et_pb_image][\/et_pb_column][\/et_pb_row][et_pb_row _builder_version=&#8221;4.19.1&#8243; _module_preset=&#8221;default&#8221; global_colors_info=&#8221;{}&#8221;][et_pb_column type=&#8221;4_4&#8243; _builder_version=&#8221;4.16&#8243; _module_preset=&#8221;default&#8221; global_colors_info=&#8221;{}&#8221;][et_pb_text _builder_version=&#8221;4.27.4&#8243; _module_preset=&#8221;default&#8221; min_height=&#8221;330.3px&#8221; hover_enabled=&#8221;0&#8243; global_colors_info=&#8221;{}&#8221; sticky_enabled=&#8221;0&#8243;]<h2 style=\"text-align: justify;\"><span style=\"color: #163074;\"><\/span>L\u2019\u00e9volution d\u2019OpenAI : du mod\u00e8le non lucratif au statut \u00e0 but lucratif limit\u00e9<\/h2>\n<p>Fond\u00e9e en <strong data-start=\"2057\" data-end=\"2093\">2015 par Elon Musk et Sam Altman<\/strong>, <strong data-start=\"2095\" data-end=\"2105\">OpenAI<\/strong> na\u00eet comme une <strong data-start=\"2121\" data-end=\"2156\">organisation \u00e0 but non lucratif<\/strong>.<br data-start=\"2157\" data-end=\"2160\" \/>Son ambition initiale : <a href=\"https:\/\/www.lebigdata.fr\/tout-sur-openai\"><strong data-start=\"2184\" data-end=\"2254\">d\u00e9velopper une intelligence artificielle au service du bien commun<\/strong><\/a>, en opposition aux mod\u00e8les de captation de donn\u00e9es des g\u00e9ants du num\u00e9rique.<\/p>\n<p>Mais en <strong data-start=\"2342\" data-end=\"2350\">2019<\/strong>, un an apr\u00e8s le d\u00e9part d\u2019Elon Musk, la structure change de statut pour devenir une <strong data-start=\"2434\" data-end=\"2462\">\u201climited-profit company\u201d<\/strong>, un mod\u00e8le hybride am\u00e9ricain permettant d\u2019accueillir des capitaux priv\u00e9s tout en <strong data-start=\"2544\" data-end=\"2592\">plafonnant la r\u00e9mun\u00e9ration des investisseurs<\/strong>.<br data-start=\"2593\" data-end=\"2596\" \/>Malgr\u00e9 cette \u00e9volution, OpenAI continue d\u2019affirmer que sa mission est de \u00ab<strong> <a href=\"https:\/\/socialgoodaccelerator.eu\/wp-admin\/The%20company's%20status%20changed%20in%202019:%20one%20year%20after%20Elon%20Musk's%20departure,%20the%20company%20is%20switching%20to%20a%20limited%20profit%20motive%20to%20attract%20investors.%20This%20is%20an%20American%20entrepreneurial%20status%20that%20allows%20a%20company%20to%20incorporate%20private%20funding%20while%20limiting%20dividends%20to%20shareholders.%20Despite%20this%20change%20in%20status,%20the%20company%20continues%20to%20position%20itself%20as%20acting%20for%20the%20common%20good,%20the%20website%20even%20states%20that%20their%20mission%20is:%20%22to%20develop%20artificial%20intelligence%20for%20the%20benefit%20of%20all%20humanity.%22\">d\u00e9velopper une intelligence artificielle pour le b\u00e9n\u00e9fice de toute l\u2019humanit\u00e9<\/a> <\/strong>\u00bb.<\/p>\n<p data-start=\"2753\" data-end=\"3168\">Jusqu\u2019\u00e0 la publication de <strong><a href=\"https:\/\/time.com\/6247678\/openai-chatgpt-kenya-workers\/\">l\u2019enqu\u00eate du <em data-start=\"2792\" data-end=\"2798\">Time<\/em> en janvier 2023<\/a><\/strong>, l\u2019entreprise cultivait une image d\u2019<strong data-start=\"2851\" data-end=\"2881\">\u00e9thique et de transparence<\/strong> fid\u00e8le \u00e0 ses origines.<br data-start=\"2904\" data-end=\"2907\" \/>Mais l\u2019enqu\u00eate r\u00e9v\u00e8le que pour r\u00e9soudre les probl\u00e8mes de <strong data-start=\"2964\" data-end=\"2989\">toxicit\u00e9 linguistique<\/strong> dans ses mod\u00e8les d\u2019IA, OpenAI a eu recours \u00e0 un <strong data-start=\"3038\" data-end=\"3067\">prestataire bas\u00e9 au Kenya<\/strong>, o\u00f9 des travailleurs ont \u00e9t\u00e9 expos\u00e9s \u00e0 des contenus violents et haineux pour un salaire d\u00e9risoire.<\/p>\n<p data-start=\"3170\" data-end=\"3414\">Dans sa <strong><a href=\"https:\/\/time.com\/6247678\/openai-chatgpt-kenya-workers\/\">r\u00e9ponse officielle, la direction d\u2019OpenAI<\/a><\/strong> affirme <strong data-start=\"3228\" data-end=\"3260\">ne pas avoir eu connaissance<\/strong> des conditions de travail de ce sous-traitant.<br data-start=\"3307\" data-end=\"3310\" \/>Cependant, l\u2019affaire a profond\u00e9ment \u00e9corn\u00e9 son image de pionnier \u00e9thique de l\u2019intelligence artificielle.<\/p>[\/et_pb_text][\/et_pb_column][\/et_pb_row][et_pb_row _builder_version=&#8221;4.16&#8243; _module_preset=&#8221;default&#8221; custom_padding=&#8221;6px|||||&#8221; global_colors_info=&#8221;{}&#8221;][et_pb_column type=&#8221;4_4&#8243; _builder_version=&#8221;4.16&#8243; _module_preset=&#8221;default&#8221; global_colors_info=&#8221;{}&#8221;][et_pb_text _builder_version=&#8221;4.27.4&#8243; _module_preset=&#8221;default&#8221; min_height=&#8221;411.3px&#8221; hover_enabled=&#8221;0&#8243; global_colors_info=&#8221;{}&#8221; sticky_enabled=&#8221;0&#8243;]<h2 style=\"text-align: justify;\"><span style=\"color: #163074;\"><\/span>De fortes pressions dans un secteur ultra-comp\u00e9titif<\/h2>\n<p>Ce scandale r\u00e9v\u00e8le le <strong data-start=\"3503\" data-end=\"3546\">paradoxe entre comp\u00e9titivit\u00e9 et \u00e9thique<\/strong> dans le secteur de l\u2019intelligence artificielle.<br data-start=\"3594\" data-end=\"3597\" \/>Pour rester dans la course face aux <strong data-start=\"3633\" data-end=\"3642\">GAFAM<\/strong>, OpenAI s\u2019est heurt\u00e9e aux <a href=\"https:\/\/openai.com\/charter\/\"><strong data-start=\"3669\" data-end=\"3706\">limites de ses engagements moraux<\/strong>.<\/a><\/p>\n<p data-start=\"3711\" data-end=\"4059\">Le prestataire mis en cause travaille d\u2019ailleurs <strong data-start=\"3760\" data-end=\"3812\">pour la plupart des concurrents directs d\u2019OpenAI<\/strong>, en raison de tarifs extr\u00eamement comp\u00e9titifs.<br data-start=\"3858\" data-end=\"3861\" \/>Les g\u00e9ants comme <strong data-start=\"3878\" data-end=\"3907\">Google, Meta ou Microsoft<\/strong> ont eux aussi recours \u00e0 ces <strong data-start=\"3936\" data-end=\"4008\">sous-traitants charg\u00e9s de filtrer les donn\u00e9es violentes ou haineuses<\/strong>, dans le cadre de l\u2019entra\u00eenement de leurs mod\u00e8les.<\/p>\n<p data-start=\"4061\" data-end=\"4368\">OpenAI n\u2019a donc pas invent\u00e9 cette pratique : elle l\u2019a <strong data-start=\"4115\" data-end=\"4215\">reproduite pour survivre dans une industrie domin\u00e9e par la logique de vitesse et de performance.<\/strong><br data-start=\"4215\" data-end=\"4218\" \/>Son \u00e9volution \u2013 du statut juridique \u00e0 la recherche de fonds \u2013 l\u2019a rendue <strong data-start=\"4291\" data-end=\"4338\">de plus en plus semblable \u00e0 ses concurrents<\/strong>, y compris dans ses m\u00e9thodes.<\/p>\n<p data-start=\"4370\" data-end=\"4660\">La principale critique adress\u00e9e \u00e0 OpenAI tient \u00e0 <strong data-start=\"4419\" data-end=\"4472\">l\u2019incoh\u00e9rence entre son discours et ses pratiques<\/strong>.<br data-start=\"4473\" data-end=\"4476\" \/>L\u2019entreprise s\u2019\u00e9tait impos\u00e9e mondialement gr\u00e2ce \u00e0 un positionnement moral fort. Lorsque la r\u00e9alit\u00e9 de son fonctionnement a \u00e9t\u00e9 d\u00e9voil\u00e9e, <strong data-start=\"4613\" data-end=\"4657\">une partie du public s\u2019est sentie trahie<\/strong>.<\/p>\n<p data-start=\"4662\" data-end=\"4987\">Mais il serait injuste de g\u00e9n\u00e9raliser ce cas \u00e0 l\u2019ensemble du secteur non lucratif ou \u00e0 celui de l\u2019IA.<br data-start=\"4763\" data-end=\"4766\" \/>Le d\u00e9veloppement de l\u2019intelligence artificielle reste une <strong data-start=\"4824\" data-end=\"4867\">opportunit\u00e9 majeure pour la Social Tech<\/strong>, qui pourra s\u2019appuyer sur ces outils pour produire <strong data-start=\"4919\" data-end=\"4987\">des innovations \u00e9thiques, responsables et utiles au bien commun.<\/strong><\/p>[\/et_pb_text][\/et_pb_column][\/et_pb_row][et_pb_row _builder_version=&#8221;4.16&#8243; _module_preset=&#8221;default&#8221; custom_margin=&#8221;|auto|-22px|auto||&#8221; custom_padding=&#8221;6px||21px|||&#8221; global_colors_info=&#8221;{}&#8221;][et_pb_column type=&#8221;4_4&#8243; _builder_version=&#8221;4.16&#8243; _module_preset=&#8221;default&#8221; global_colors_info=&#8221;{}&#8221;][et_pb_text _builder_version=&#8221;4.27.4&#8243; _module_preset=&#8221;default&#8221; min_height=&#8221;95.3px&#8221; hover_enabled=&#8221;0&#8243; global_colors_info=&#8221;{}&#8221; sticky_enabled=&#8221;0&#8243;]<h2 style=\"text-align: justify;\"><span style=\"color: #163074;\"><\/span>Quelle est la position de ChatGPT lui-m\u00eame ?<\/h2>\n<p data-start=\"5046\" data-end=\"5222\">Pour clore l\u2019analyse, ChatGPT a \u00e9t\u00e9 interrog\u00e9 sur le dilemme \u00e9thique auquel ses cr\u00e9ateurs ont \u00e9t\u00e9 confront\u00e9s : <strong data-start=\"5157\" data-end=\"5186\">productivit\u00e9 ou \u00e9thique ?<\/strong><br data-start=\"5186\" data-end=\"5189\" \/>Sa r\u00e9ponse est sans \u00e9quivoque :<\/p>\n<blockquote data-start=\"5223\" data-end=\"5455\"><p data-start=\"5225\" data-end=\"5455\">\u00ab Les entreprises qui se revendiquent d\u2019un mod\u00e8le \u00e9thique ou \u00e0 but non lucratif ont une responsabilit\u00e9 envers le public et le reste du secteur. La transparence et la redevabilit\u00e9 sont des conditions essentielles de la confiance. \u00bb<\/p>\n<\/blockquote>\n<p data-start=\"5457\" data-end=\"5754\">Une position lucide, bien \u00e9loign\u00e9e des ambitions financi\u00e8res actuelles d\u2019OpenAI, qui pr\u00e9voit d\u00e9sormais d\u2019atteindre <strong data-start=\"5572\" data-end=\"5608\">1 milliard de dollars de revenus<\/strong> d\u2019ici 2024 \u2014 un objectif qui s\u2019\u00e9loigne sensiblement de son intention initiale : <strong data-start=\"5689\" data-end=\"5754\">cr\u00e9er une intelligence artificielle au service de l\u2019humanit\u00e9.<\/strong><\/p>[\/et_pb_text][\/et_pb_column][\/et_pb_row][et_pb_row _builder_version=&#8221;4.19.1&#8243; _module_preset=&#8221;default&#8221; global_colors_info=&#8221;{}&#8221;][et_pb_column type=&#8221;4_4&#8243; _builder_version=&#8221;4.19.1&#8243; _module_preset=&#8221;default&#8221; global_colors_info=&#8221;{}&#8221;][et_pb_image src=&#8221;https:\/\/socialgoodaccelerator.eu\/wp-content\/uploads\/2023\/02\/Capture-decran-2023-02-09-164623.png&#8221; title_text=&#8221;Capture d\u2019\u00e9cran 2023-02-09 164623&#8243; _builder_version=&#8221;4.19.1&#8243; _module_preset=&#8221;default&#8221; width=&#8221;68%&#8221; global_colors_info=&#8221;{}&#8221;][\/et_pb_image][\/et_pb_column][\/et_pb_row][\/et_pb_section]",
        "protected": false
    },
    "excerpt": {
        "rendered": "<p>ChatGPT is not only a technological revolution, it is also a case study in corporate social responsibility. Developed as a counter-model to GAFAM with a non-profit organisation, OpenAI, the company that produces Chat GPT, eventually branched out into a capitalist model.<\/p>",
        "protected": false
    },
    "author": 1,
    "featured_media": 52810,
    "comment_status": "closed",
    "ping_status": "closed",
    "sticky": false,
    "template": "",
    "format": "standard",
    "meta": {
        "_et_pb_use_builder": "on",
        "_et_pb_old_content": "",
        "_et_gb_content_width": "",
        "jetpack_post_was_ever_published": false,
        "_jetpack_newsletter_access": "",
        "_jetpack_dont_email_post_to_subs": false,
        "_jetpack_newsletter_tier_id": 0,
        "_jetpack_memberships_contains_paywalled_content": false,
        "_jetpack_memberships_contains_paid_content": false,
        "footnotes": ""
    },
    "categories": [
        405,
        77
    ],
    "tags": [
        379,
        373,
        388
    ],
    "class_list": [
        "post-52804",
        "post",
        "type-post",
        "status-publish",
        "format-standard",
        "has-post-thumbnail",
        "hentry",
        "category-communs-et-plaidoyer",
        "category-editorial",
        "tag-ia-et-competences",
        "tag-plaidoyer",
        "tag-regulation-intelligence-artificielle"
    ],
    "yoast_head": "<!-- This site is optimized with the Yoast SEO plugin v27.4 - https:\/\/yoast.com\/product\/yoast-seo-wordpress\/ -->\n<title>\u00c9thique et performance : le cas du d\u00e9veloppement de ChatGPT - SOGA<\/title>\n<meta name=\"description\" content=\"ChatGPT n\u2019est pas seulement une r\u00e9volution technologique : c\u2019est aussi un cas d\u2019\u00e9cole en mati\u00e8re de responsabilit\u00e9 sociale des entreprises.Con\u00e7u \u00e0 l\u2019origine comme un contre-mod\u00e8le aux GAFAM au sein d\u2019une organisation \u00e0 but non lucratif, OpenAI, la soci\u00e9t\u00e9 \u00e0 l\u2019origine de ChatGPT, a progressivement bascul\u00e9 vers un mod\u00e8le capitaliste.\" \/>\n<meta name=\"robots\" content=\"index, follow, max-snippet:-1, max-image-preview:large, max-video-preview:-1\" \/>\n<link rel=\"canonical\" href=\"https:\/\/socialgoodaccelerator.eu\/en_gb\/2023\/02\/09\/ethique-et-performance-le-cas-du-developpement-de-chatgpt\/\" \/>\n<meta property=\"og:locale\" content=\"en_GB\" \/>\n<meta property=\"og:type\" content=\"article\" \/>\n<meta property=\"og:title\" content=\"\u00c9thique et performance : le cas du d\u00e9veloppement de ChatGPT - SOGA\" \/>\n<meta property=\"og:description\" content=\"ChatGPT n\u2019est pas seulement une r\u00e9volution technologique : c\u2019est aussi un cas d\u2019\u00e9cole en mati\u00e8re de responsabilit\u00e9 sociale des entreprises.Con\u00e7u \u00e0 l\u2019origine comme un contre-mod\u00e8le aux GAFAM au sein d\u2019une organisation \u00e0 but non lucratif, OpenAI, la soci\u00e9t\u00e9 \u00e0 l\u2019origine de ChatGPT, a progressivement bascul\u00e9 vers un mod\u00e8le capitaliste.\" \/>\n<meta property=\"og:url\" content=\"https:\/\/socialgoodaccelerator.eu\/en_gb\/2023\/02\/09\/ethique-et-performance-le-cas-du-developpement-de-chatgpt\/\" \/>\n<meta property=\"og:site_name\" content=\"SOGA\" \/>\n<meta property=\"article:publisher\" content=\"https:\/\/www.facebook.com\/SocialGoodAccel.EU\/\" \/>\n<meta property=\"article:published_time\" content=\"2023-02-09T14:31:51+00:00\" \/>\n<meta property=\"article:modified_time\" content=\"2025-10-17T15:02:58+00:00\" \/>\n<meta property=\"og:image\" content=\"http:\/\/socialgoodaccelerator.eu\/wp-content\/uploads\/2023\/02\/future-gefa51f7bb_1920.png\" \/>\n\t<meta property=\"og:image:width\" content=\"1366\" \/>\n\t<meta property=\"og:image:height\" content=\"768\" \/>\n\t<meta property=\"og:image:type\" content=\"image\/png\" \/>\n<meta name=\"author\" content=\"sogaccelerator\" \/>\n<meta name=\"twitter:card\" content=\"summary_large_image\" \/>\n<meta name=\"twitter:label1\" content=\"Written by\" \/>\n\t<meta name=\"twitter:data1\" content=\"sogaccelerator\" \/>\n\t<meta name=\"twitter:label2\" content=\"Estimated reading time\" \/>\n\t<meta name=\"twitter:data2\" content=\"5 minutes\" \/>\n<script type=\"application\/ld+json\" class=\"yoast-schema-graph\">{\"@context\":\"https:\\\/\\\/schema.org\",\"@graph\":[{\"@type\":\"Article\",\"@id\":\"https:\\\/\\\/socialgoodaccelerator.eu\\\/2023\\\/02\\\/09\\\/ethique-et-performance-le-cas-du-developpement-de-chatgpt\\\/#article\",\"isPartOf\":{\"@id\":\"https:\\\/\\\/socialgoodaccelerator.eu\\\/2023\\\/02\\\/09\\\/ethique-et-performance-le-cas-du-developpement-de-chatgpt\\\/\"},\"author\":{\"name\":\"sogaccelerator\",\"@id\":\"https:\\\/\\\/socialgoodaccelerator.eu\\\/#\\\/schema\\\/person\\\/0320622db91fd4a2ddef724cbdee0c3e\"},\"headline\":\"\u00c9thique et performance : le cas du d\u00e9veloppement de ChatGPT\",\"datePublished\":\"2023-02-09T14:31:51+00:00\",\"dateModified\":\"2025-10-17T15:02:58+00:00\",\"mainEntityOfPage\":{\"@id\":\"https:\\\/\\\/socialgoodaccelerator.eu\\\/2023\\\/02\\\/09\\\/ethique-et-performance-le-cas-du-developpement-de-chatgpt\\\/\"},\"wordCount\":1434,\"publisher\":{\"@id\":\"https:\\\/\\\/socialgoodaccelerator.eu\\\/#organization\"},\"image\":{\"@id\":\"https:\\\/\\\/socialgoodaccelerator.eu\\\/2023\\\/02\\\/09\\\/ethique-et-performance-le-cas-du-developpement-de-chatgpt\\\/#primaryimage\"},\"thumbnailUrl\":\"https:\\\/\\\/i0.wp.com\\\/socialgoodaccelerator.eu\\\/wp-content\\\/uploads\\\/2023\\\/02\\\/future-gefa51f7bb_1920.png?fit=1366%2C768&ssl=1\",\"keywords\":[\"IA et comp\u00e9tences\",\"Plaidoyer (Voice)\",\"R\u00e9gulation de l'Intelligence Artificielle\"],\"articleSection\":[\"Communs &amp; plaidoyer\",\"Editorial\"],\"inLanguage\":\"en-GB\"},{\"@type\":\"WebPage\",\"@id\":\"https:\\\/\\\/socialgoodaccelerator.eu\\\/2023\\\/02\\\/09\\\/ethique-et-performance-le-cas-du-developpement-de-chatgpt\\\/\",\"url\":\"https:\\\/\\\/socialgoodaccelerator.eu\\\/2023\\\/02\\\/09\\\/ethique-et-performance-le-cas-du-developpement-de-chatgpt\\\/\",\"name\":\"\u00c9thique et performance : le cas du d\u00e9veloppement de ChatGPT - SOGA\",\"isPartOf\":{\"@id\":\"https:\\\/\\\/socialgoodaccelerator.eu\\\/#website\"},\"primaryImageOfPage\":{\"@id\":\"https:\\\/\\\/socialgoodaccelerator.eu\\\/2023\\\/02\\\/09\\\/ethique-et-performance-le-cas-du-developpement-de-chatgpt\\\/#primaryimage\"},\"image\":{\"@id\":\"https:\\\/\\\/socialgoodaccelerator.eu\\\/2023\\\/02\\\/09\\\/ethique-et-performance-le-cas-du-developpement-de-chatgpt\\\/#primaryimage\"},\"thumbnailUrl\":\"https:\\\/\\\/i0.wp.com\\\/socialgoodaccelerator.eu\\\/wp-content\\\/uploads\\\/2023\\\/02\\\/future-gefa51f7bb_1920.png?fit=1366%2C768&ssl=1\",\"datePublished\":\"2023-02-09T14:31:51+00:00\",\"dateModified\":\"2025-10-17T15:02:58+00:00\",\"description\":\"ChatGPT n\u2019est pas seulement une r\u00e9volution technologique : c\u2019est aussi un cas d\u2019\u00e9cole en mati\u00e8re de responsabilit\u00e9 sociale des entreprises.Con\u00e7u \u00e0 l\u2019origine comme un contre-mod\u00e8le aux GAFAM au sein d\u2019une organisation \u00e0 but non lucratif, OpenAI, la soci\u00e9t\u00e9 \u00e0 l\u2019origine de ChatGPT, a progressivement bascul\u00e9 vers un mod\u00e8le capitaliste.\",\"breadcrumb\":{\"@id\":\"https:\\\/\\\/socialgoodaccelerator.eu\\\/2023\\\/02\\\/09\\\/ethique-et-performance-le-cas-du-developpement-de-chatgpt\\\/#breadcrumb\"},\"inLanguage\":\"en-GB\",\"potentialAction\":[{\"@type\":\"ReadAction\",\"target\":[\"https:\\\/\\\/socialgoodaccelerator.eu\\\/2023\\\/02\\\/09\\\/ethique-et-performance-le-cas-du-developpement-de-chatgpt\\\/\"]}]},{\"@type\":\"ImageObject\",\"inLanguage\":\"en-GB\",\"@id\":\"https:\\\/\\\/socialgoodaccelerator.eu\\\/2023\\\/02\\\/09\\\/ethique-et-performance-le-cas-du-developpement-de-chatgpt\\\/#primaryimage\",\"url\":\"https:\\\/\\\/i0.wp.com\\\/socialgoodaccelerator.eu\\\/wp-content\\\/uploads\\\/2023\\\/02\\\/future-gefa51f7bb_1920.png?fit=1366%2C768&ssl=1\",\"contentUrl\":\"https:\\\/\\\/i0.wp.com\\\/socialgoodaccelerator.eu\\\/wp-content\\\/uploads\\\/2023\\\/02\\\/future-gefa51f7bb_1920.png?fit=1366%2C768&ssl=1\",\"width\":1366,\"height\":768},{\"@type\":\"BreadcrumbList\",\"@id\":\"https:\\\/\\\/socialgoodaccelerator.eu\\\/2023\\\/02\\\/09\\\/ethique-et-performance-le-cas-du-developpement-de-chatgpt\\\/#breadcrumb\",\"itemListElement\":[{\"@type\":\"ListItem\",\"position\":1,\"name\":\"Accueil\",\"item\":\"https:\\\/\\\/socialgoodaccelerator.eu\\\/\"},{\"@type\":\"ListItem\",\"position\":2,\"name\":\"\u00c9thique et performance : le cas du d\u00e9veloppement de ChatGPT\"}]},{\"@type\":\"WebSite\",\"@id\":\"https:\\\/\\\/socialgoodaccelerator.eu\\\/#website\",\"url\":\"https:\\\/\\\/socialgoodaccelerator.eu\\\/\",\"name\":\"Social Good Accelerator\",\"description\":\"Acc\u00e9l\u00e9rer l&#039;ESS num\u00e9rique\",\"publisher\":{\"@id\":\"https:\\\/\\\/socialgoodaccelerator.eu\\\/#organization\"},\"alternateName\":\"SOGA\",\"potentialAction\":[{\"@type\":\"SearchAction\",\"target\":{\"@type\":\"EntryPoint\",\"urlTemplate\":\"https:\\\/\\\/socialgoodaccelerator.eu\\\/?s={search_term_string}\"},\"query-input\":{\"@type\":\"PropertyValueSpecification\",\"valueRequired\":true,\"valueName\":\"search_term_string\"}}],\"inLanguage\":\"en-GB\"},{\"@type\":\"Organization\",\"@id\":\"https:\\\/\\\/socialgoodaccelerator.eu\\\/#organization\",\"name\":\"Social Good Accelerator\",\"alternateName\":\"SOGA\",\"url\":\"https:\\\/\\\/socialgoodaccelerator.eu\\\/\",\"logo\":{\"@type\":\"ImageObject\",\"inLanguage\":\"en-GB\",\"@id\":\"https:\\\/\\\/socialgoodaccelerator.eu\\\/#\\\/schema\\\/logo\\\/image\\\/\",\"url\":\"https:\\\/\\\/i0.wp.com\\\/socialgoodaccelerator.eu\\\/wp-content\\\/uploads\\\/2023\\\/10\\\/cropped-LOGO-SOGA-V-FR.png?fit=512%2C512&ssl=1\",\"contentUrl\":\"https:\\\/\\\/i0.wp.com\\\/socialgoodaccelerator.eu\\\/wp-content\\\/uploads\\\/2023\\\/10\\\/cropped-LOGO-SOGA-V-FR.png?fit=512%2C512&ssl=1\",\"width\":512,\"height\":512,\"caption\":\"Social Good Accelerator\"},\"image\":{\"@id\":\"https:\\\/\\\/socialgoodaccelerator.eu\\\/#\\\/schema\\\/logo\\\/image\\\/\"},\"sameAs\":[\"https:\\\/\\\/www.facebook.com\\\/SocialGoodAccel.EU\\\/\",\"https:\\\/\\\/www.youtube.com\\\/@socialgoodaccelerator772\",\"https:\\\/\\\/www.youtube.com\\\/@SocialTechAcademy-eg6hp\"]},{\"@type\":\"Person\",\"@id\":\"https:\\\/\\\/socialgoodaccelerator.eu\\\/#\\\/schema\\\/person\\\/0320622db91fd4a2ddef724cbdee0c3e\",\"name\":\"sogaccelerator\",\"image\":{\"@type\":\"ImageObject\",\"inLanguage\":\"en-GB\",\"@id\":\"https:\\\/\\\/secure.gravatar.com\\\/avatar\\\/99aef05386587650bb056a1275ce2e339bfe398930f37eb7262163da89aad453?s=96&d=mm&r=g\",\"url\":\"https:\\\/\\\/secure.gravatar.com\\\/avatar\\\/99aef05386587650bb056a1275ce2e339bfe398930f37eb7262163da89aad453?s=96&d=mm&r=g\",\"contentUrl\":\"https:\\\/\\\/secure.gravatar.com\\\/avatar\\\/99aef05386587650bb056a1275ce2e339bfe398930f37eb7262163da89aad453?s=96&d=mm&r=g\",\"caption\":\"sogaccelerator\"}}]}<\/script>\n<!-- \/ Yoast SEO plugin. -->",
    "yoast_head_json": {
        "title": "\u00c9thique et performance : le cas du d\u00e9veloppement de ChatGPT - SOGA",
        "description": "ChatGPT n\u2019est pas seulement une r\u00e9volution technologique : c\u2019est aussi un cas d\u2019\u00e9cole en mati\u00e8re de responsabilit\u00e9 sociale des entreprises.Con\u00e7u \u00e0 l\u2019origine comme un contre-mod\u00e8le aux GAFAM au sein d\u2019une organisation \u00e0 but non lucratif, OpenAI, la soci\u00e9t\u00e9 \u00e0 l\u2019origine de ChatGPT, a progressivement bascul\u00e9 vers un mod\u00e8le capitaliste.",
        "robots": {
            "index": "index",
            "follow": "follow",
            "max-snippet": "max-snippet:-1",
            "max-image-preview": "max-image-preview:large",
            "max-video-preview": "max-video-preview:-1"
        },
        "canonical": "https:\/\/socialgoodaccelerator.eu\/en_gb\/2023\/02\/09\/ethique-et-performance-le-cas-du-developpement-de-chatgpt\/",
        "og_locale": "en_GB",
        "og_type": "article",
        "og_title": "\u00c9thique et performance : le cas du d\u00e9veloppement de ChatGPT - SOGA",
        "og_description": "ChatGPT n\u2019est pas seulement une r\u00e9volution technologique : c\u2019est aussi un cas d\u2019\u00e9cole en mati\u00e8re de responsabilit\u00e9 sociale des entreprises.Con\u00e7u \u00e0 l\u2019origine comme un contre-mod\u00e8le aux GAFAM au sein d\u2019une organisation \u00e0 but non lucratif, OpenAI, la soci\u00e9t\u00e9 \u00e0 l\u2019origine de ChatGPT, a progressivement bascul\u00e9 vers un mod\u00e8le capitaliste.",
        "og_url": "https:\/\/socialgoodaccelerator.eu\/en_gb\/2023\/02\/09\/ethique-et-performance-le-cas-du-developpement-de-chatgpt\/",
        "og_site_name": "SOGA",
        "article_publisher": "https:\/\/www.facebook.com\/SocialGoodAccel.EU\/",
        "article_published_time": "2023-02-09T14:31:51+00:00",
        "article_modified_time": "2025-10-17T15:02:58+00:00",
        "og_image": [
            {
                "width": 1366,
                "height": 768,
                "url": "http:\/\/socialgoodaccelerator.eu\/wp-content\/uploads\/2023\/02\/future-gefa51f7bb_1920.png",
                "type": "image\/png"
            }
        ],
        "author": "sogaccelerator",
        "twitter_card": "summary_large_image",
        "twitter_misc": {
            "Written by": "sogaccelerator",
            "Estimated reading time": "5 minutes"
        },
        "schema": {
            "@context": "https:\/\/schema.org",
            "@graph": [
                {
                    "@type": "Article",
                    "@id": "https:\/\/socialgoodaccelerator.eu\/2023\/02\/09\/ethique-et-performance-le-cas-du-developpement-de-chatgpt\/#article",
                    "isPartOf": {
                        "@id": "https:\/\/socialgoodaccelerator.eu\/2023\/02\/09\/ethique-et-performance-le-cas-du-developpement-de-chatgpt\/"
                    },
                    "author": {
                        "name": "sogaccelerator",
                        "@id": "https:\/\/socialgoodaccelerator.eu\/#\/schema\/person\/0320622db91fd4a2ddef724cbdee0c3e"
                    },
                    "headline": "\u00c9thique et performance : le cas du d\u00e9veloppement de ChatGPT",
                    "datePublished": "2023-02-09T14:31:51+00:00",
                    "dateModified": "2025-10-17T15:02:58+00:00",
                    "mainEntityOfPage": {
                        "@id": "https:\/\/socialgoodaccelerator.eu\/2023\/02\/09\/ethique-et-performance-le-cas-du-developpement-de-chatgpt\/"
                    },
                    "wordCount": 1434,
                    "publisher": {
                        "@id": "https:\/\/socialgoodaccelerator.eu\/#organization"
                    },
                    "image": {
                        "@id": "https:\/\/socialgoodaccelerator.eu\/2023\/02\/09\/ethique-et-performance-le-cas-du-developpement-de-chatgpt\/#primaryimage"
                    },
                    "thumbnailUrl": "https:\/\/i0.wp.com\/socialgoodaccelerator.eu\/wp-content\/uploads\/2023\/02\/future-gefa51f7bb_1920.png?fit=1366%2C768&ssl=1",
                    "keywords": [
                        "IA et comp\u00e9tences",
                        "Plaidoyer (Voice)",
                        "R\u00e9gulation de l'Intelligence Artificielle"
                    ],
                    "articleSection": [
                        "Communs &amp; plaidoyer",
                        "Editorial"
                    ],
                    "inLanguage": "en-GB"
                },
                {
                    "@type": "WebPage",
                    "@id": "https:\/\/socialgoodaccelerator.eu\/2023\/02\/09\/ethique-et-performance-le-cas-du-developpement-de-chatgpt\/",
                    "url": "https:\/\/socialgoodaccelerator.eu\/2023\/02\/09\/ethique-et-performance-le-cas-du-developpement-de-chatgpt\/",
                    "name": "\u00c9thique et performance : le cas du d\u00e9veloppement de ChatGPT - SOGA",
                    "isPartOf": {
                        "@id": "https:\/\/socialgoodaccelerator.eu\/#website"
                    },
                    "primaryImageOfPage": {
                        "@id": "https:\/\/socialgoodaccelerator.eu\/2023\/02\/09\/ethique-et-performance-le-cas-du-developpement-de-chatgpt\/#primaryimage"
                    },
                    "image": {
                        "@id": "https:\/\/socialgoodaccelerator.eu\/2023\/02\/09\/ethique-et-performance-le-cas-du-developpement-de-chatgpt\/#primaryimage"
                    },
                    "thumbnailUrl": "https:\/\/i0.wp.com\/socialgoodaccelerator.eu\/wp-content\/uploads\/2023\/02\/future-gefa51f7bb_1920.png?fit=1366%2C768&ssl=1",
                    "datePublished": "2023-02-09T14:31:51+00:00",
                    "dateModified": "2025-10-17T15:02:58+00:00",
                    "description": "ChatGPT n\u2019est pas seulement une r\u00e9volution technologique : c\u2019est aussi un cas d\u2019\u00e9cole en mati\u00e8re de responsabilit\u00e9 sociale des entreprises.Con\u00e7u \u00e0 l\u2019origine comme un contre-mod\u00e8le aux GAFAM au sein d\u2019une organisation \u00e0 but non lucratif, OpenAI, la soci\u00e9t\u00e9 \u00e0 l\u2019origine de ChatGPT, a progressivement bascul\u00e9 vers un mod\u00e8le capitaliste.",
                    "breadcrumb": {
                        "@id": "https:\/\/socialgoodaccelerator.eu\/2023\/02\/09\/ethique-et-performance-le-cas-du-developpement-de-chatgpt\/#breadcrumb"
                    },
                    "inLanguage": "en-GB",
                    "potentialAction": [
                        {
                            "@type": "ReadAction",
                            "target": [
                                "https:\/\/socialgoodaccelerator.eu\/2023\/02\/09\/ethique-et-performance-le-cas-du-developpement-de-chatgpt\/"
                            ]
                        }
                    ]
                },
                {
                    "@type": "ImageObject",
                    "inLanguage": "en-GB",
                    "@id": "https:\/\/socialgoodaccelerator.eu\/2023\/02\/09\/ethique-et-performance-le-cas-du-developpement-de-chatgpt\/#primaryimage",
                    "url": "https:\/\/i0.wp.com\/socialgoodaccelerator.eu\/wp-content\/uploads\/2023\/02\/future-gefa51f7bb_1920.png?fit=1366%2C768&ssl=1",
                    "contentUrl": "https:\/\/i0.wp.com\/socialgoodaccelerator.eu\/wp-content\/uploads\/2023\/02\/future-gefa51f7bb_1920.png?fit=1366%2C768&ssl=1",
                    "width": 1366,
                    "height": 768
                },
                {
                    "@type": "BreadcrumbList",
                    "@id": "https:\/\/socialgoodaccelerator.eu\/2023\/02\/09\/ethique-et-performance-le-cas-du-developpement-de-chatgpt\/#breadcrumb",
                    "itemListElement": [
                        {
                            "@type": "ListItem",
                            "position": 1,
                            "name": "Accueil",
                            "item": "https:\/\/socialgoodaccelerator.eu\/"
                        },
                        {
                            "@type": "ListItem",
                            "position": 2,
                            "name": "\u00c9thique et performance : le cas du d\u00e9veloppement de ChatGPT"
                        }
                    ]
                },
                {
                    "@type": "WebSite",
                    "@id": "https:\/\/socialgoodaccelerator.eu\/#website",
                    "url": "https:\/\/socialgoodaccelerator.eu\/",
                    "name": "Social Good Accelerator",
                    "description": "Acc\u00e9l\u00e9rer l&#039;ESS num\u00e9rique",
                    "publisher": {
                        "@id": "https:\/\/socialgoodaccelerator.eu\/#organization"
                    },
                    "alternateName": "SOGA",
                    "potentialAction": [
                        {
                            "@type": "SearchAction",
                            "target": {
                                "@type": "EntryPoint",
                                "urlTemplate": "https:\/\/socialgoodaccelerator.eu\/?s={search_term_string}"
                            },
                            "query-input": {
                                "@type": "PropertyValueSpecification",
                                "valueRequired": true,
                                "valueName": "search_term_string"
                            }
                        }
                    ],
                    "inLanguage": "en-GB"
                },
                {
                    "@type": "Organization",
                    "@id": "https:\/\/socialgoodaccelerator.eu\/#organization",
                    "name": "Social Good Accelerator",
                    "alternateName": "SOGA",
                    "url": "https:\/\/socialgoodaccelerator.eu\/",
                    "logo": {
                        "@type": "ImageObject",
                        "inLanguage": "en-GB",
                        "@id": "https:\/\/socialgoodaccelerator.eu\/#\/schema\/logo\/image\/",
                        "url": "https:\/\/i0.wp.com\/socialgoodaccelerator.eu\/wp-content\/uploads\/2023\/10\/cropped-LOGO-SOGA-V-FR.png?fit=512%2C512&ssl=1",
                        "contentUrl": "https:\/\/i0.wp.com\/socialgoodaccelerator.eu\/wp-content\/uploads\/2023\/10\/cropped-LOGO-SOGA-V-FR.png?fit=512%2C512&ssl=1",
                        "width": 512,
                        "height": 512,
                        "caption": "Social Good Accelerator"
                    },
                    "image": {
                        "@id": "https:\/\/socialgoodaccelerator.eu\/#\/schema\/logo\/image\/"
                    },
                    "sameAs": [
                        "https:\/\/www.facebook.com\/SocialGoodAccel.EU\/",
                        "https:\/\/www.youtube.com\/@socialgoodaccelerator772",
                        "https:\/\/www.youtube.com\/@SocialTechAcademy-eg6hp"
                    ]
                },
                {
                    "@type": "Person",
                    "@id": "https:\/\/socialgoodaccelerator.eu\/#\/schema\/person\/0320622db91fd4a2ddef724cbdee0c3e",
                    "name": "sogaccelerator",
                    "image": {
                        "@type": "ImageObject",
                        "inLanguage": "en-GB",
                        "@id": "https:\/\/secure.gravatar.com\/avatar\/99aef05386587650bb056a1275ce2e339bfe398930f37eb7262163da89aad453?s=96&d=mm&r=g",
                        "url": "https:\/\/secure.gravatar.com\/avatar\/99aef05386587650bb056a1275ce2e339bfe398930f37eb7262163da89aad453?s=96&d=mm&r=g",
                        "contentUrl": "https:\/\/secure.gravatar.com\/avatar\/99aef05386587650bb056a1275ce2e339bfe398930f37eb7262163da89aad453?s=96&d=mm&r=g",
                        "caption": "sogaccelerator"
                    }
                }
            ]
        }
    },
    "jetpack_featured_media_url": "https:\/\/i0.wp.com\/socialgoodaccelerator.eu\/wp-content\/uploads\/2023\/02\/future-gefa51f7bb_1920.png?fit=1366%2C768&ssl=1",
    "jetpack_likes_enabled": false,
    "jetpack-related-posts": [
        {
            "id": 57863,
            "url": "https:\/\/socialgoodaccelerator.eu\/en_gb\/2026\/04\/23\/lasuite-coop\/",
            "url_meta": {
                "origin": 52804,
                "position": 0
            },
            "title": "LaSuite.coop : l\u2019alternative num\u00e9rique coop\u00e9rative, libre et h\u00e9berg\u00e9e en Europe dont l\u2019ESS avait besoin",
            "author": "sogaccelerator",
            "date": "23 April 2026",
            "format": "gallery",
            "excerpt": "Abstract :\u00a0Chaque ann\u00e9e, 70 milliards d\u2019euros quittent la France en direction des \u00c9tats-Unis pour financer nos seuls usages num\u00e9riques. Derri\u00e8re\u2026",
            "rel": "",
            "context": "In &quot;Actualit\u00e9s de SOGA&quot;",
            "block_context": {
                "text": "Actualit\u00e9s de SOGA",
                "link": "https:\/\/socialgoodaccelerator.eu\/en_gb\/category\/actualites-de-soga\/"
            },
            "img": {
                "alt_text": "LaSuite.coop",
                "src": "https:\/\/i0.wp.com\/socialgoodaccelerator.eu\/wp-content\/uploads\/2026\/04\/Design-sans-titre-2-1-1.png?fit=1200%2C627&ssl=1&resize=350%2C200",
                "width": 350,
                "height": 200,
                "srcset": "https:\/\/i0.wp.com\/socialgoodaccelerator.eu\/wp-content\/uploads\/2026\/04\/Design-sans-titre-2-1-1.png?fit=1200%2C627&ssl=1&resize=350%2C200 1x, https:\/\/i0.wp.com\/socialgoodaccelerator.eu\/wp-content\/uploads\/2026\/04\/Design-sans-titre-2-1-1.png?fit=1200%2C627&ssl=1&resize=525%2C300 1.5x, https:\/\/i0.wp.com\/socialgoodaccelerator.eu\/wp-content\/uploads\/2026\/04\/Design-sans-titre-2-1-1.png?fit=1200%2C627&ssl=1&resize=700%2C400 2x, https:\/\/i0.wp.com\/socialgoodaccelerator.eu\/wp-content\/uploads\/2026\/04\/Design-sans-titre-2-1-1.png?fit=1200%2C627&ssl=1&resize=1050%2C600 3x"
            },
            "classes": []
        },
        {
            "id": 50186,
            "url": "https:\/\/socialgoodaccelerator.eu\/en_gb\/2021\/11\/30\/social-tech-atlas-why-a-single-map-for-a-thousand-social-organisations\/",
            "url_meta": {
                "origin": 52804,
                "position": 1
            },
            "title": "Social Tech Atlas: why a single map for a thousand social organisations?",
            "author": "sogaccelerator",
            "date": "30 November 2021",
            "format": false,
            "excerpt": "Until now, there was no European database gathering both organisations supporting social economy stakeholders in their digital transition and those offering alternative digital tools and services. This is now done with the Social Tech Atlas...",
            "rel": "",
            "context": "In &quot;Communs &amp; plaidoyer&quot;",
            "block_context": {
                "text": "Communs &amp; plaidoyer",
                "link": "https:\/\/socialgoodaccelerator.eu\/en_gb\/category\/communs-et-plaidoyer\/"
            },
            "img": {
                "alt_text": "Screenshot Social Tech Atlas",
                "src": "https:\/\/i0.wp.com\/socialgoodaccelerator.eu\/wp-content\/uploads\/2021\/11\/Capture-de%CC%81cran-2021-11-30-a%CC%80-12.32.33.png?fit=694%2C560&ssl=1&resize=350%2C200",
                "width": 350,
                "height": 200,
                "srcset": "https:\/\/i0.wp.com\/socialgoodaccelerator.eu\/wp-content\/uploads\/2021\/11\/Capture-de%CC%81cran-2021-11-30-a%CC%80-12.32.33.png?fit=694%2C560&ssl=1&resize=350%2C200 1x, https:\/\/i0.wp.com\/socialgoodaccelerator.eu\/wp-content\/uploads\/2021\/11\/Capture-de%CC%81cran-2021-11-30-a%CC%80-12.32.33.png?fit=694%2C560&ssl=1&resize=525%2C300 1.5x"
            },
            "classes": []
        },
        {
            "id": 51172,
            "url": "https:\/\/socialgoodaccelerator.eu\/en_gb\/2022\/07\/13\/analysis-of-the-report-on-the-digital-commons\/",
            "url_meta": {
                "origin": 52804,
                "position": 2
            },
            "title": "Analysis of the report on the Digital Commons",
            "author": "sogaccelerator",
            "date": "13 July 2022",
            "format": false,
            "excerpt": "Let's analyse some of the ideas and proposals of the report on the digital commons and Europe's sovereignty (June 2022).",
            "rel": "",
            "context": "In &quot;Communs &amp; plaidoyer&quot;",
            "block_context": {
                "text": "Communs &amp; plaidoyer",
                "link": "https:\/\/socialgoodaccelerator.eu\/en_gb\/category\/communs-et-plaidoyer\/"
            },
            "img": {
                "alt_text": "",
                "src": "https:\/\/i0.wp.com\/socialgoodaccelerator.eu\/wp-content\/uploads\/2022\/07\/Image-aggrandie-Visuel-article-communs-numeriques-Publication-LinkedIn-e1657876948843.png?fit=1200%2C1200&ssl=1&resize=350%2C200",
                "width": 350,
                "height": 200,
                "srcset": "https:\/\/i0.wp.com\/socialgoodaccelerator.eu\/wp-content\/uploads\/2022\/07\/Image-aggrandie-Visuel-article-communs-numeriques-Publication-LinkedIn-e1657876948843.png?fit=1200%2C1200&ssl=1&resize=350%2C200 1x, https:\/\/i0.wp.com\/socialgoodaccelerator.eu\/wp-content\/uploads\/2022\/07\/Image-aggrandie-Visuel-article-communs-numeriques-Publication-LinkedIn-e1657876948843.png?fit=1200%2C1200&ssl=1&resize=525%2C300 1.5x, https:\/\/i0.wp.com\/socialgoodaccelerator.eu\/wp-content\/uploads\/2022\/07\/Image-aggrandie-Visuel-article-communs-numeriques-Publication-LinkedIn-e1657876948843.png?fit=1200%2C1200&ssl=1&resize=700%2C400 2x, https:\/\/i0.wp.com\/socialgoodaccelerator.eu\/wp-content\/uploads\/2022\/07\/Image-aggrandie-Visuel-article-communs-numeriques-Publication-LinkedIn-e1657876948843.png?fit=1200%2C1200&ssl=1&resize=1050%2C600 3x"
            },
            "classes": []
        },
        {
            "id": 50484,
            "url": "https:\/\/socialgoodaccelerator.eu\/en_gb\/2022\/03\/25\/la-mednum-a-singular-structure-for-digital-inclusion\/",
            "url_meta": {
                "origin": 52804,
                "position": 3
            },
            "title": "La MedNum, &#8220;a singular structure&#8221; for digital inclusion",
            "author": "sogaccelerator",
            "date": "25 March 2022",
            "format": false,
            "excerpt": "On 15 March 2022, Guilhem Pradali\u00e9, Managing Director of the MedNum, member of the Social Good Accelerator, gave us an interview in which he explained what the MedNum is, what its projects and challenges are, and its role within the SOGA.",
            "rel": "",
            "context": "In &quot;Communs &amp; plaidoyer&quot;",
            "block_context": {
                "text": "Communs &amp; plaidoyer",
                "link": "https:\/\/socialgoodaccelerator.eu\/en_gb\/category\/communs-et-plaidoyer\/"
            },
            "img": {
                "alt_text": "",
                "src": "https:\/\/i0.wp.com\/socialgoodaccelerator.eu\/wp-content\/uploads\/2022\/03\/Capture-de%CC%81cran-2022-04-20-a%CC%80-11.38.38.png?fit=495%2C361&ssl=1&resize=350%2C200",
                "width": 350,
                "height": 200
            },
            "classes": []
        }
    ],
    "jetpack_sharing_enabled": false,
    "jetpack_shortlink": "https:\/\/wp.me\/p9J6Qk-dJG",
    "_links": {
        "self": [
            {
                "href": "https:\/\/socialgoodaccelerator.eu\/en_gb\/wp-json\/wp\/v2\/posts\/52804",
                "targetHints": {
                    "allow": [
                        "GET"
                    ]
                }
            }
        ],
        "collection": [
            {
                "href": "https:\/\/socialgoodaccelerator.eu\/en_gb\/wp-json\/wp\/v2\/posts"
            }
        ],
        "about": [
            {
                "href": "https:\/\/socialgoodaccelerator.eu\/en_gb\/wp-json\/wp\/v2\/types\/post"
            }
        ],
        "author": [
            {
                "embeddable": true,
                "href": "https:\/\/socialgoodaccelerator.eu\/en_gb\/wp-json\/wp\/v2\/users\/1"
            }
        ],
        "replies": [
            {
                "embeddable": true,
                "href": "https:\/\/socialgoodaccelerator.eu\/en_gb\/wp-json\/wp\/v2\/comments?post=52804"
            }
        ],
        "version-history": [
            {
                "count": 13,
                "href": "https:\/\/socialgoodaccelerator.eu\/en_gb\/wp-json\/wp\/v2\/posts\/52804\/revisions"
            }
        ],
        "predecessor-version": [
            {
                "id": 56040,
                "href": "https:\/\/socialgoodaccelerator.eu\/en_gb\/wp-json\/wp\/v2\/posts\/52804\/revisions\/56040"
            }
        ],
        "wp:featuredmedia": [
            {
                "embeddable": true,
                "href": "https:\/\/socialgoodaccelerator.eu\/en_gb\/wp-json\/wp\/v2\/media\/52810"
            }
        ],
        "wp:attachment": [
            {
                "href": "https:\/\/socialgoodaccelerator.eu\/en_gb\/wp-json\/wp\/v2\/media?parent=52804"
            }
        ],
        "wp:term": [
            {
                "taxonomy": "category",
                "embeddable": true,
                "href": "https:\/\/socialgoodaccelerator.eu\/en_gb\/wp-json\/wp\/v2\/categories?post=52804"
            },
            {
                "taxonomy": "post_tag",
                "embeddable": true,
                "href": "https:\/\/socialgoodaccelerator.eu\/en_gb\/wp-json\/wp\/v2\/tags?post=52804"
            }
        ],
        "curies": [
            {
                "name": "wp",
                "href": "https:\/\/api.w.org\/{rel}",
                "templated": true
            }
        ]
    }
}