{
    "id": 52689,
    "date": "2023-01-13T17:12:23",
    "date_gmt": "2023-01-13T16:12:23",
    "guid": {
        "rendered": "https:\/\/socialgoodaccelerator.eu\/?p=52689"
    },
    "modified": "2025-10-17T17:14:15",
    "modified_gmt": "2025-10-17T15:14:15",
    "slug": "emmaus-connect-rejoint-le-social-good-accelerator",
    "status": "publish",
    "type": "post",
    "link": "https:\/\/socialgoodaccelerator.eu\/en_gb\/2023\/01\/13\/emmaus-connect-rejoint-le-social-good-accelerator\/",
    "title": {
        "rendered": "Emma\u00fcs Connect rejoint le Social Good Accelerator !"
    },
    "content": {
        "rendered": "[et_pb_section fb_built=&#8221;1&#8243; admin_label=&#8221;section&#8221; _builder_version=&#8221;4.16&#8243; global_colors_info=&#8221;{}&#8221; da_is_popup=&#8221;off&#8221; da_exit_intent=&#8221;off&#8221; da_has_close=&#8221;on&#8221; da_alt_close=&#8221;off&#8221; da_dark_close=&#8221;off&#8221; da_not_modal=&#8221;on&#8221; da_is_singular=&#8221;off&#8221; da_with_loader=&#8221;off&#8221; da_has_shadow=&#8221;on&#8221; da_disable_devices=&#8221;off|off|off&#8221;][et_pb_row admin_label=&#8221;row&#8221; _builder_version=&#8221;4.16&#8243; background_size=&#8221;initial&#8221; background_position=&#8221;top_left&#8221; background_repeat=&#8221;repeat&#8221; global_colors_info=&#8221;{}&#8221;][et_pb_column type=&#8221;4_4&#8243; _builder_version=&#8221;4.16&#8243; custom_padding=&#8221;|||&#8221; global_colors_info=&#8221;{}&#8221; custom_padding__hover=&#8221;|||&#8221;][et_pb_text content_phone=&#8221;<h2 style=%22text-align: center;%22><strong><span style=%22color: #003366; font-size: xx-large;%22><span>Emma\u00fcs Connect becomes a member of the Social Good Accelerator!<\/span><\/span><\/strong><\/h2>&#8221; content_last_edited=&#8221;off|desktop&#8221; _builder_version=&#8221;4.19.1&#8243; _module_preset=&#8221;default&#8221; locked=&#8221;off&#8221; global_colors_info=&#8221;{}&#8221;]<h1 style=\"line-height: 1.5em; text-align: center;\">Emma\u00fcs Connect rejoint le Social Good Accelerator !<\/h1>[\/et_pb_text][\/et_pb_column][\/et_pb_row][et_pb_row _builder_version=&#8221;4.16&#8243; _module_preset=&#8221;default&#8221; background_color=&#8221;#2B2A5C&#8221; locked=&#8221;off&#8221; global_colors_info=&#8221;{}&#8221;][et_pb_column type=&#8221;4_4&#8243; _builder_version=&#8221;4.16&#8243; _module_preset=&#8221;default&#8221; global_colors_info=&#8221;{}&#8221;][et_pb_text admin_label=&#8221;Texte&#8221; _builder_version=&#8221;4.27.4&#8243; background_size=&#8221;initial&#8221; background_position=&#8221;top_left&#8221; background_repeat=&#8221;repeat&#8221; custom_padding=&#8221;|15px||15px|false|false&#8221; hover_enabled=&#8221;0&#8243; use_border_color=&#8221;off&#8221; border_style=&#8221;solid&#8221; global_colors_info=&#8221;{}&#8221; sticky_enabled=&#8221;0&#8243;]<p><span style=\"color: #ffffff;\"><span style=\"font-size: 16px;\"><b>Nous sommes ravis d\u2019accueillir <strong data-start=\"578\" data-end=\"596\">Emma\u00fcs Connect<\/strong> parmi les membres du <strong data-start=\"618\" data-end=\"645\">Social Good Accelerator<\/strong> !<br data-start=\"647\" data-end=\"650\" \/>Rejoindre le SOGA, c\u2019est int\u00e9grer une <strong data-start=\"688\" data-end=\"788\">communaut\u00e9 d\u2019acteurs engag\u00e9s dans la transformation num\u00e9rique de l\u2019\u00e9conomie sociale et solidaire<\/strong> et \u0153uvrer pour la <strong data-start=\"807\" data-end=\"861\">pleine reconnaissance de la <a href=\"https:\/\/socialgoodaccelerator.eu\/en_gb\/social-tech\/\">Social Tech<\/a> europ\u00e9enne<\/strong>.<\/b><\/span><\/span><\/p>[\/et_pb_text][\/et_pb_column][\/et_pb_row][et_pb_row _builder_version=&#8221;4.16&#8243; _module_preset=&#8221;default&#8221; global_colors_info=&#8221;{}&#8221;][et_pb_column type=&#8221;4_4&#8243; _builder_version=&#8221;4.16&#8243; _module_preset=&#8221;default&#8221; global_colors_info=&#8221;{}&#8221;][et_pb_text _builder_version=&#8221;4.19.1&#8243; _module_preset=&#8221;default&#8221; global_colors_info=&#8221;{}&#8221;]<p data-start=\"940\" data-end=\"1165\">Depuis <strong data-start=\"947\" data-end=\"955\">2013<\/strong>, <strong data-start=\"957\" data-end=\"975\">Emma\u00fcs Connect<\/strong> agit au quotidien pour lutter contre l\u2019exclusion num\u00e9rique en soutenant les <strong data-start=\"1052\" data-end=\"1082\">personnes les plus isol\u00e9es<\/strong>.<br data-start=\"1083\" data-end=\"1086\" \/>Son action repose sur <strong data-start=\"1108\" data-end=\"1136\">trois leviers essentiels<\/strong> de l\u2019inclusion num\u00e9rique :<\/p>\n<ul data-start=\"1167\" data-end=\"1352\">\n<li data-start=\"1167\" data-end=\"1222\">\n<p data-start=\"1169\" data-end=\"1222\"><strong data-start=\"1169\" data-end=\"1195\">L\u2019acc\u00e8s \u00e0 la connexion<\/strong> \u00e0 des tarifs solidaires,<\/p>\n<\/li>\n<li data-start=\"1223\" data-end=\"1281\">\n<p data-start=\"1225\" data-end=\"1281\"><strong data-start=\"1225\" data-end=\"1267\">L\u2019\u00e9quipement en mat\u00e9riel reconditionn\u00e9<\/strong> \u00e0 bas prix,<\/p>\n<\/li>\n<li data-start=\"1282\" data-end=\"1352\">\n<p data-start=\"1284\" data-end=\"1352\">Et <strong data-start=\"1287\" data-end=\"1314\">l\u2019apprentissage gratuit<\/strong> des comp\u00e9tences num\u00e9riques de base.<\/p>\n<\/li>\n<\/ul>\n<p data-start=\"1354\" data-end=\"1531\">Gr\u00e2ce \u00e0 cette approche compl\u00e8te, Emma\u00fcs Connect a permis \u00e0 des <strong data-start=\"1417\" data-end=\"1465\">milliers de personnes \u00e9loign\u00e9es du num\u00e9rique<\/strong> de retrouver leur autonomie dans un monde toujours plus connect\u00e9.<\/p>[\/et_pb_text][\/et_pb_column][\/et_pb_row][et_pb_row column_structure=&#8221;1_2,1_2&#8243; _builder_version=&#8221;4.19.1&#8243; _module_preset=&#8221;default&#8221; custom_margin=&#8221;||||false|false&#8221; custom_padding=&#8221;0px||0px||false|false&#8221; global_colors_info=&#8221;{}&#8221;][et_pb_column type=&#8221;1_2&#8243; _builder_version=&#8221;4.16&#8243; _module_preset=&#8221;default&#8221; global_colors_info=&#8221;{}&#8221;][et_pb_image src=&#8221;https:\/\/socialgoodaccelerator.eu\/wp-content\/uploads\/2023\/01\/Photo-emmaus-connect-article.jpeg&#8221; alt=&#8221;person working Emmaus&#8221; title_text=&#8221;MAIF007431&#8243; _builder_version=&#8221;4.19.1&#8243; _module_preset=&#8221;default&#8221; global_colors_info=&#8221;{}&#8221;][\/et_pb_image][et_pb_text _builder_version=&#8221;4.19.1&#8243; _module_preset=&#8221;default&#8221; global_colors_info=&#8221;{}&#8221;]<p><span style=\"color: #163074; font-size: small;\">Two people are accompanied by an Emma\u00fcs Connect animator (<\/span><span style=\"color: #163074; font-size: small;\">Source: Emma\u00fcs Connect)<\/span><\/p>[\/et_pb_text][\/et_pb_column][et_pb_column type=&#8221;1_2&#8243; _builder_version=&#8221;4.16&#8243; _module_preset=&#8221;default&#8221; global_colors_info=&#8221;{}&#8221;][et_pb_text content_last_edited=&#8221;off|desktop&#8221; _builder_version=&#8221;4.19.1&#8243; _module_preset=&#8221;default&#8221; background_color=&#8221;#F8C040&#8243; width=&#8221;100%&#8221; module_alignment=&#8221;left&#8221; custom_margin=&#8221;27px|-5px|27px|-5px|true|true&#8221; custom_padding=&#8221;28px|25px|28px|25px|true|true&#8221; border_radii=&#8221;on|20px|20px|20px|20px&#8221; border_color_all=&#8221;#2B2A5C&#8221; global_colors_info=&#8221;{}&#8221; content__hover_enabled=&#8221;off|hover&#8221; content__hover=&#8221;<p style=%22text-align: justify;%22><span style=%22color: #163074;%22><\/span><span style=%22color: #163074;%22><span style=%22color: #163074; font-size: large;%22>Title of paragraph<\/span><br \/><\/span><strong>Text : Your content goes here. Edit or remove this text inline or in the module Content settings. You can also style every aspect of this content in the module Design settings and even apply custom CSS to this text in the module Advanced settings.<\/strong><\/p>&#8220;]<p data-start=\"1564\" data-end=\"2110\"><em data-start=\"1564\" data-end=\"2108\">\u00ab Emma\u00fcs Connect est tr\u00e8s fier de rejoindre le SOGA et de partager son engagement pour rendre la vie num\u00e9rique accessible \u00e0 toutes et \u00e0 tous.<br data-start=\"1706\" data-end=\"1709\" \/>Nous sommes convaincus que l\u2019Union europ\u00e9enne est le bon levier pour porter nos combats et faire \u00e9voluer les pratiques vers un num\u00e9rique inclusif \u2014 c\u2019est-\u00e0-dire appropriable, m\u00eame par les plus fragiles \u2014 solidaire et \u00e0 faible impact environnemental.<br data-start=\"1960\" data-end=\"1963\" \/>C\u2019est seulement en collaborant et en f\u00e9d\u00e9rant les acteurs de la Social Tech que nous r\u00e9ussirons la transition num\u00e9rique pour toutes et tous. \u00bb<\/em><\/p>\n<p data-start=\"2118\" data-end=\"2176\">\u2014 <strong data-start=\"2120\" data-end=\"2143\">Charlotte Bougenaux<\/strong>, co-directrice d\u2019Emma\u00fcs Connect.<\/p>[\/et_pb_text][\/et_pb_column][\/et_pb_row][et_pb_row _builder_version=&#8221;4.16&#8243; _module_preset=&#8221;default&#8221; global_colors_info=&#8221;{}&#8221;][et_pb_column type=&#8221;4_4&#8243; _builder_version=&#8221;4.16&#8243; _module_preset=&#8221;default&#8221; global_colors_info=&#8221;{}&#8221;][et_pb_text _builder_version=&#8221;4.27.4&#8243; _module_preset=&#8221;default&#8221; hover_enabled=&#8221;0&#8243; global_colors_info=&#8221;{}&#8221; sticky_enabled=&#8221;0&#8243;]<h2 style=\"text-align: justify;\"><span style=\"color: #163074;\"><\/span>Connaissez-vous LaCollecte.tech ?<\/h2>\n<p data-start=\"2228\" data-end=\"2480\">La <a href=\"https:\/\/lacollecte.tech\/\"><strong data-start=\"2231\" data-end=\"2248\">Collecte.tech<\/strong><\/a> est la <strong data-start=\"2256\" data-end=\"2280\">plateforme solidaire<\/strong> lanc\u00e9e par Emma\u00fcs Connect pour <strong data-start=\"2312\" data-end=\"2357\">collecter, reconditionner et redistribuer<\/strong> du mat\u00e9riel num\u00e9rique \u00e0 prix accessibles, tout en soutenant les acteurs de l\u2019\u00e9conomie sociale et solidaire du recyclage.<\/p>\n<p data-start=\"2482\" data-end=\"2740\">Concr\u00e8tement, la plateforme permet \u00e0 toute organisation \u2014 <strong data-start=\"2540\" data-end=\"2596\">entreprise, institution, collectivit\u00e9 ou association<\/strong> \u2014 de donner ses \u00e9quipements inutilis\u00e9s, qui seront ensuite <strong data-start=\"2656\" data-end=\"2737\">r\u00e9par\u00e9s, revaloris\u00e9s et remis \u00e0 disposition de publics en pr\u00e9carit\u00e9 num\u00e9rique<\/strong>.<\/p>\n<p data-start=\"2742\" data-end=\"2766\">Quelques chiffres cl\u00e9s :<\/p>\n<ul data-start=\"2767\" data-end=\"2917\">\n<li data-start=\"2767\" data-end=\"2814\">\n<p data-start=\"2769\" data-end=\"2814\"><strong data-start=\"2769\" data-end=\"2802\">+20 000 \u00e9quipements collect\u00e9s<\/strong> en un an,<\/p>\n<\/li>\n<li data-start=\"2815\" data-end=\"2871\">\n<p data-start=\"2817\" data-end=\"2871\"><strong data-start=\"2817\" data-end=\"2868\">7 400 ordinateurs et smartphones reconditionn\u00e9s<\/strong>,<\/p>\n<\/li>\n<li data-start=\"2872\" data-end=\"2917\">\n<p data-start=\"2874\" data-end=\"2917\"><strong data-start=\"2874\" data-end=\"2902\">3 000 personnes \u00e9quip\u00e9es<\/strong> durablement.<\/p>\n<\/li>\n<\/ul>\n<p data-start=\"2919\" data-end=\"3055\">Une initiative \u00e0 <strong data-start=\"2936\" data-end=\"2993\">triple impact \u2014 environnemental, \u00e9conomique et social<\/strong> \u2014 que le <strong data-start=\"3003\" data-end=\"3030\">Social Good Accelerator<\/strong> salue chaleureusement.<\/p>\n<blockquote data-start=\"3057\" data-end=\"3343\"><p data-start=\"3059\" data-end=\"3343\">\ud83d\udca1 <strong data-start=\"3062\" data-end=\"3108\">Entreprises, institutions, collectivit\u00e9s :<\/strong><br \/>vous avez du mat\u00e9riel num\u00e9rique inutilis\u00e9 ?<br data-start=\"3154\" data-end=\"3157\" \/>\ud83d\udc49 Rendez-vous sur <a href=\"https:\/\/lacollecte.tech\/\">LaCollecte.tech<\/a><br data-start=\"3224\" data-end=\"3227\" \/>Ensemble, <strong data-start=\"3239\" data-end=\"3276\">r\u00e9duisons le gaspillage num\u00e9rique<\/strong> et agissons pour un num\u00e9rique <strong data-start=\"3307\" data-end=\"3341\">utile, inclusif et responsable<\/strong> !<\/p>\n<\/blockquote>[\/et_pb_text][\/et_pb_column][\/et_pb_row][\/et_pb_section]",
        "protected": false
    },
    "excerpt": {
        "rendered": "<p>We are delighted to welcome Emma\u00fcs Connect as a member! Joining the Social Good Accelerator means joining a community of actors committed to the digital transformation of the social economy and the full recognition of European Social Tech.<\/p>",
        "protected": false
    },
    "author": 1,
    "featured_media": 52735,
    "comment_status": "closed",
    "ping_status": "closed",
    "sticky": false,
    "template": "",
    "format": "standard",
    "meta": {
        "_et_pb_use_builder": "on",
        "_et_pb_old_content": "",
        "_et_gb_content_width": "",
        "jetpack_post_was_ever_published": false,
        "_jetpack_newsletter_access": "",
        "_jetpack_dont_email_post_to_subs": false,
        "_jetpack_newsletter_tier_id": 0,
        "_jetpack_memberships_contains_paywalled_content": false,
        "_jetpack_memberships_contains_paid_content": false,
        "footnotes": ""
    },
    "categories": [
        192
    ],
    "tags": [
        401,
        376
    ],
    "class_list": [
        "post-52689",
        "post",
        "type-post",
        "status-publish",
        "format-standard",
        "has-post-thumbnail",
        "hentry",
        "category-actualites-de-soga",
        "tag-portraits-de-membres",
        "tag-vie-de-reseau"
    ],
    "yoast_head": "<!-- This site is optimized with the Yoast SEO plugin v27.4 - https:\/\/yoast.com\/product\/yoast-seo-wordpress\/ -->\n<title>Emma\u00fcs Connect rejoint le Social Good Accelerator ! - SOGA<\/title>\n<meta name=\"description\" content=\"Emma\u00fcs Connect rejoint le Social Good Accelerator pour renforcer la Social Tech europ\u00e9enne et agir pour un num\u00e9rique inclusif, solidaire et \u00e0 faible impact environnemental.\" \/>\n<meta name=\"robots\" content=\"index, follow, max-snippet:-1, max-image-preview:large, max-video-preview:-1\" \/>\n<link rel=\"canonical\" href=\"https:\/\/socialgoodaccelerator.eu\/en_gb\/2023\/01\/13\/emmaus-connect-rejoint-le-social-good-accelerator\/\" \/>\n<meta property=\"og:locale\" content=\"en_GB\" \/>\n<meta property=\"og:type\" content=\"article\" \/>\n<meta property=\"og:title\" content=\"Emma\u00fcs Connect rejoint le Social Good Accelerator ! - SOGA\" \/>\n<meta property=\"og:description\" content=\"Emma\u00fcs Connect rejoint le Social Good Accelerator pour renforcer la Social Tech europ\u00e9enne et agir pour un num\u00e9rique inclusif, solidaire et \u00e0 faible impact environnemental.\" \/>\n<meta property=\"og:url\" content=\"https:\/\/socialgoodaccelerator.eu\/en_gb\/2023\/01\/13\/emmaus-connect-rejoint-le-social-good-accelerator\/\" \/>\n<meta property=\"og:site_name\" content=\"SOGA\" \/>\n<meta property=\"article:publisher\" content=\"https:\/\/www.facebook.com\/SocialGoodAccel.EU\/\" \/>\n<meta property=\"article:published_time\" content=\"2023-01-13T16:12:23+00:00\" \/>\n<meta property=\"article:modified_time\" content=\"2025-10-17T15:14:15+00:00\" \/>\n<meta property=\"og:image\" content=\"http:\/\/socialgoodaccelerator.eu\/wp-content\/uploads\/2023\/01\/Photo-emmaus-connect-article.jpeg\" \/>\n\t<meta property=\"og:image:width\" content=\"2048\" \/>\n\t<meta property=\"og:image:height\" content=\"1266\" \/>\n\t<meta property=\"og:image:type\" content=\"image\/jpeg\" \/>\n<meta name=\"author\" content=\"sogaccelerator\" \/>\n<meta name=\"twitter:card\" content=\"summary_large_image\" \/>\n<meta name=\"twitter:label1\" content=\"Written by\" \/>\n\t<meta name=\"twitter:data1\" content=\"sogaccelerator\" \/>\n\t<meta name=\"twitter:label2\" content=\"Estimated reading time\" \/>\n\t<meta name=\"twitter:data2\" content=\"3 minutes\" \/>\n<script type=\"application\/ld+json\" class=\"yoast-schema-graph\">{\"@context\":\"https:\\\/\\\/schema.org\",\"@graph\":[{\"@type\":\"Article\",\"@id\":\"https:\\\/\\\/socialgoodaccelerator.eu\\\/2023\\\/01\\\/13\\\/emmaus-connect-rejoint-le-social-good-accelerator\\\/#article\",\"isPartOf\":{\"@id\":\"https:\\\/\\\/socialgoodaccelerator.eu\\\/2023\\\/01\\\/13\\\/emmaus-connect-rejoint-le-social-good-accelerator\\\/\"},\"author\":{\"name\":\"sogaccelerator\",\"@id\":\"https:\\\/\\\/socialgoodaccelerator.eu\\\/#\\\/schema\\\/person\\\/0320622db91fd4a2ddef724cbdee0c3e\"},\"headline\":\"Emma\u00fcs Connect rejoint le Social Good Accelerator !\",\"datePublished\":\"2023-01-13T16:12:23+00:00\",\"dateModified\":\"2025-10-17T15:14:15+00:00\",\"mainEntityOfPage\":{\"@id\":\"https:\\\/\\\/socialgoodaccelerator.eu\\\/2023\\\/01\\\/13\\\/emmaus-connect-rejoint-le-social-good-accelerator\\\/\"},\"wordCount\":929,\"publisher\":{\"@id\":\"https:\\\/\\\/socialgoodaccelerator.eu\\\/#organization\"},\"image\":{\"@id\":\"https:\\\/\\\/socialgoodaccelerator.eu\\\/2023\\\/01\\\/13\\\/emmaus-connect-rejoint-le-social-good-accelerator\\\/#primaryimage\"},\"thumbnailUrl\":\"https:\\\/\\\/i0.wp.com\\\/socialgoodaccelerator.eu\\\/wp-content\\\/uploads\\\/2023\\\/01\\\/Photo-emmaus-connect-article.jpeg?fit=2048%2C1266&ssl=1\",\"keywords\":[\"Portraits de membres\",\"Vie du r\u00e9seau\"],\"articleSection\":[\"Actualit\u00e9s de SOGA\"],\"inLanguage\":\"en-GB\"},{\"@type\":\"WebPage\",\"@id\":\"https:\\\/\\\/socialgoodaccelerator.eu\\\/2023\\\/01\\\/13\\\/emmaus-connect-rejoint-le-social-good-accelerator\\\/\",\"url\":\"https:\\\/\\\/socialgoodaccelerator.eu\\\/2023\\\/01\\\/13\\\/emmaus-connect-rejoint-le-social-good-accelerator\\\/\",\"name\":\"Emma\u00fcs Connect rejoint le Social Good Accelerator ! - SOGA\",\"isPartOf\":{\"@id\":\"https:\\\/\\\/socialgoodaccelerator.eu\\\/#website\"},\"primaryImageOfPage\":{\"@id\":\"https:\\\/\\\/socialgoodaccelerator.eu\\\/2023\\\/01\\\/13\\\/emmaus-connect-rejoint-le-social-good-accelerator\\\/#primaryimage\"},\"image\":{\"@id\":\"https:\\\/\\\/socialgoodaccelerator.eu\\\/2023\\\/01\\\/13\\\/emmaus-connect-rejoint-le-social-good-accelerator\\\/#primaryimage\"},\"thumbnailUrl\":\"https:\\\/\\\/i0.wp.com\\\/socialgoodaccelerator.eu\\\/wp-content\\\/uploads\\\/2023\\\/01\\\/Photo-emmaus-connect-article.jpeg?fit=2048%2C1266&ssl=1\",\"datePublished\":\"2023-01-13T16:12:23+00:00\",\"dateModified\":\"2025-10-17T15:14:15+00:00\",\"description\":\"Emma\u00fcs Connect rejoint le Social Good Accelerator pour renforcer la Social Tech europ\u00e9enne et agir pour un num\u00e9rique inclusif, solidaire et \u00e0 faible impact environnemental.\",\"breadcrumb\":{\"@id\":\"https:\\\/\\\/socialgoodaccelerator.eu\\\/2023\\\/01\\\/13\\\/emmaus-connect-rejoint-le-social-good-accelerator\\\/#breadcrumb\"},\"inLanguage\":\"en-GB\",\"potentialAction\":[{\"@type\":\"ReadAction\",\"target\":[\"https:\\\/\\\/socialgoodaccelerator.eu\\\/2023\\\/01\\\/13\\\/emmaus-connect-rejoint-le-social-good-accelerator\\\/\"]}]},{\"@type\":\"ImageObject\",\"inLanguage\":\"en-GB\",\"@id\":\"https:\\\/\\\/socialgoodaccelerator.eu\\\/2023\\\/01\\\/13\\\/emmaus-connect-rejoint-le-social-good-accelerator\\\/#primaryimage\",\"url\":\"https:\\\/\\\/i0.wp.com\\\/socialgoodaccelerator.eu\\\/wp-content\\\/uploads\\\/2023\\\/01\\\/Photo-emmaus-connect-article.jpeg?fit=2048%2C1266&ssl=1\",\"contentUrl\":\"https:\\\/\\\/i0.wp.com\\\/socialgoodaccelerator.eu\\\/wp-content\\\/uploads\\\/2023\\\/01\\\/Photo-emmaus-connect-article.jpeg?fit=2048%2C1266&ssl=1\",\"width\":2048,\"height\":1266,\"caption\":\"Depuis 2013, Emma\u00fcs Connect agit pour faire reculer l?exclusion num\u00e9rique et permettre \u00e0 tous de b\u00e9n\u00e9ficier des avanc\u00e9es offertes par les nouvelles technologies.\"},{\"@type\":\"BreadcrumbList\",\"@id\":\"https:\\\/\\\/socialgoodaccelerator.eu\\\/2023\\\/01\\\/13\\\/emmaus-connect-rejoint-le-social-good-accelerator\\\/#breadcrumb\",\"itemListElement\":[{\"@type\":\"ListItem\",\"position\":1,\"name\":\"Accueil\",\"item\":\"https:\\\/\\\/socialgoodaccelerator.eu\\\/\"},{\"@type\":\"ListItem\",\"position\":2,\"name\":\"Emma\u00fcs Connect rejoint le Social Good Accelerator !\"}]},{\"@type\":\"WebSite\",\"@id\":\"https:\\\/\\\/socialgoodaccelerator.eu\\\/#website\",\"url\":\"https:\\\/\\\/socialgoodaccelerator.eu\\\/\",\"name\":\"Social Good Accelerator\",\"description\":\"Acc\u00e9l\u00e9rer l&#039;ESS num\u00e9rique\",\"publisher\":{\"@id\":\"https:\\\/\\\/socialgoodaccelerator.eu\\\/#organization\"},\"alternateName\":\"SOGA\",\"potentialAction\":[{\"@type\":\"SearchAction\",\"target\":{\"@type\":\"EntryPoint\",\"urlTemplate\":\"https:\\\/\\\/socialgoodaccelerator.eu\\\/?s={search_term_string}\"},\"query-input\":{\"@type\":\"PropertyValueSpecification\",\"valueRequired\":true,\"valueName\":\"search_term_string\"}}],\"inLanguage\":\"en-GB\"},{\"@type\":\"Organization\",\"@id\":\"https:\\\/\\\/socialgoodaccelerator.eu\\\/#organization\",\"name\":\"Social Good Accelerator\",\"alternateName\":\"SOGA\",\"url\":\"https:\\\/\\\/socialgoodaccelerator.eu\\\/\",\"logo\":{\"@type\":\"ImageObject\",\"inLanguage\":\"en-GB\",\"@id\":\"https:\\\/\\\/socialgoodaccelerator.eu\\\/#\\\/schema\\\/logo\\\/image\\\/\",\"url\":\"https:\\\/\\\/i0.wp.com\\\/socialgoodaccelerator.eu\\\/wp-content\\\/uploads\\\/2023\\\/10\\\/cropped-LOGO-SOGA-V-FR.png?fit=512%2C512&ssl=1\",\"contentUrl\":\"https:\\\/\\\/i0.wp.com\\\/socialgoodaccelerator.eu\\\/wp-content\\\/uploads\\\/2023\\\/10\\\/cropped-LOGO-SOGA-V-FR.png?fit=512%2C512&ssl=1\",\"width\":512,\"height\":512,\"caption\":\"Social Good Accelerator\"},\"image\":{\"@id\":\"https:\\\/\\\/socialgoodaccelerator.eu\\\/#\\\/schema\\\/logo\\\/image\\\/\"},\"sameAs\":[\"https:\\\/\\\/www.facebook.com\\\/SocialGoodAccel.EU\\\/\",\"https:\\\/\\\/www.youtube.com\\\/@socialgoodaccelerator772\",\"https:\\\/\\\/www.youtube.com\\\/@SocialTechAcademy-eg6hp\"]},{\"@type\":\"Person\",\"@id\":\"https:\\\/\\\/socialgoodaccelerator.eu\\\/#\\\/schema\\\/person\\\/0320622db91fd4a2ddef724cbdee0c3e\",\"name\":\"sogaccelerator\",\"image\":{\"@type\":\"ImageObject\",\"inLanguage\":\"en-GB\",\"@id\":\"https:\\\/\\\/secure.gravatar.com\\\/avatar\\\/99aef05386587650bb056a1275ce2e339bfe398930f37eb7262163da89aad453?s=96&d=mm&r=g\",\"url\":\"https:\\\/\\\/secure.gravatar.com\\\/avatar\\\/99aef05386587650bb056a1275ce2e339bfe398930f37eb7262163da89aad453?s=96&d=mm&r=g\",\"contentUrl\":\"https:\\\/\\\/secure.gravatar.com\\\/avatar\\\/99aef05386587650bb056a1275ce2e339bfe398930f37eb7262163da89aad453?s=96&d=mm&r=g\",\"caption\":\"sogaccelerator\"}}]}<\/script>\n<!-- \/ Yoast SEO plugin. -->",
    "yoast_head_json": {
        "title": "Emma\u00fcs Connect rejoint le Social Good Accelerator ! - SOGA",
        "description": "Emma\u00fcs Connect rejoint le Social Good Accelerator pour renforcer la Social Tech europ\u00e9enne et agir pour un num\u00e9rique inclusif, solidaire et \u00e0 faible impact environnemental.",
        "robots": {
            "index": "index",
            "follow": "follow",
            "max-snippet": "max-snippet:-1",
            "max-image-preview": "max-image-preview:large",
            "max-video-preview": "max-video-preview:-1"
        },
        "canonical": "https:\/\/socialgoodaccelerator.eu\/en_gb\/2023\/01\/13\/emmaus-connect-rejoint-le-social-good-accelerator\/",
        "og_locale": "en_GB",
        "og_type": "article",
        "og_title": "Emma\u00fcs Connect rejoint le Social Good Accelerator ! - SOGA",
        "og_description": "Emma\u00fcs Connect rejoint le Social Good Accelerator pour renforcer la Social Tech europ\u00e9enne et agir pour un num\u00e9rique inclusif, solidaire et \u00e0 faible impact environnemental.",
        "og_url": "https:\/\/socialgoodaccelerator.eu\/en_gb\/2023\/01\/13\/emmaus-connect-rejoint-le-social-good-accelerator\/",
        "og_site_name": "SOGA",
        "article_publisher": "https:\/\/www.facebook.com\/SocialGoodAccel.EU\/",
        "article_published_time": "2023-01-13T16:12:23+00:00",
        "article_modified_time": "2025-10-17T15:14:15+00:00",
        "og_image": [
            {
                "width": 2048,
                "height": 1266,
                "url": "http:\/\/socialgoodaccelerator.eu\/wp-content\/uploads\/2023\/01\/Photo-emmaus-connect-article.jpeg",
                "type": "image\/jpeg"
            }
        ],
        "author": "sogaccelerator",
        "twitter_card": "summary_large_image",
        "twitter_misc": {
            "Written by": "sogaccelerator",
            "Estimated reading time": "3 minutes"
        },
        "schema": {
            "@context": "https:\/\/schema.org",
            "@graph": [
                {
                    "@type": "Article",
                    "@id": "https:\/\/socialgoodaccelerator.eu\/2023\/01\/13\/emmaus-connect-rejoint-le-social-good-accelerator\/#article",
                    "isPartOf": {
                        "@id": "https:\/\/socialgoodaccelerator.eu\/2023\/01\/13\/emmaus-connect-rejoint-le-social-good-accelerator\/"
                    },
                    "author": {
                        "name": "sogaccelerator",
                        "@id": "https:\/\/socialgoodaccelerator.eu\/#\/schema\/person\/0320622db91fd4a2ddef724cbdee0c3e"
                    },
                    "headline": "Emma\u00fcs Connect rejoint le Social Good Accelerator !",
                    "datePublished": "2023-01-13T16:12:23+00:00",
                    "dateModified": "2025-10-17T15:14:15+00:00",
                    "mainEntityOfPage": {
                        "@id": "https:\/\/socialgoodaccelerator.eu\/2023\/01\/13\/emmaus-connect-rejoint-le-social-good-accelerator\/"
                    },
                    "wordCount": 929,
                    "publisher": {
                        "@id": "https:\/\/socialgoodaccelerator.eu\/#organization"
                    },
                    "image": {
                        "@id": "https:\/\/socialgoodaccelerator.eu\/2023\/01\/13\/emmaus-connect-rejoint-le-social-good-accelerator\/#primaryimage"
                    },
                    "thumbnailUrl": "https:\/\/i0.wp.com\/socialgoodaccelerator.eu\/wp-content\/uploads\/2023\/01\/Photo-emmaus-connect-article.jpeg?fit=2048%2C1266&ssl=1",
                    "keywords": [
                        "Portraits de membres",
                        "Vie du r\u00e9seau"
                    ],
                    "articleSection": [
                        "Actualit\u00e9s de SOGA"
                    ],
                    "inLanguage": "en-GB"
                },
                {
                    "@type": "WebPage",
                    "@id": "https:\/\/socialgoodaccelerator.eu\/2023\/01\/13\/emmaus-connect-rejoint-le-social-good-accelerator\/",
                    "url": "https:\/\/socialgoodaccelerator.eu\/2023\/01\/13\/emmaus-connect-rejoint-le-social-good-accelerator\/",
                    "name": "Emma\u00fcs Connect rejoint le Social Good Accelerator ! - SOGA",
                    "isPartOf": {
                        "@id": "https:\/\/socialgoodaccelerator.eu\/#website"
                    },
                    "primaryImageOfPage": {
                        "@id": "https:\/\/socialgoodaccelerator.eu\/2023\/01\/13\/emmaus-connect-rejoint-le-social-good-accelerator\/#primaryimage"
                    },
                    "image": {
                        "@id": "https:\/\/socialgoodaccelerator.eu\/2023\/01\/13\/emmaus-connect-rejoint-le-social-good-accelerator\/#primaryimage"
                    },
                    "thumbnailUrl": "https:\/\/i0.wp.com\/socialgoodaccelerator.eu\/wp-content\/uploads\/2023\/01\/Photo-emmaus-connect-article.jpeg?fit=2048%2C1266&ssl=1",
                    "datePublished": "2023-01-13T16:12:23+00:00",
                    "dateModified": "2025-10-17T15:14:15+00:00",
                    "description": "Emma\u00fcs Connect rejoint le Social Good Accelerator pour renforcer la Social Tech europ\u00e9enne et agir pour un num\u00e9rique inclusif, solidaire et \u00e0 faible impact environnemental.",
                    "breadcrumb": {
                        "@id": "https:\/\/socialgoodaccelerator.eu\/2023\/01\/13\/emmaus-connect-rejoint-le-social-good-accelerator\/#breadcrumb"
                    },
                    "inLanguage": "en-GB",
                    "potentialAction": [
                        {
                            "@type": "ReadAction",
                            "target": [
                                "https:\/\/socialgoodaccelerator.eu\/2023\/01\/13\/emmaus-connect-rejoint-le-social-good-accelerator\/"
                            ]
                        }
                    ]
                },
                {
                    "@type": "ImageObject",
                    "inLanguage": "en-GB",
                    "@id": "https:\/\/socialgoodaccelerator.eu\/2023\/01\/13\/emmaus-connect-rejoint-le-social-good-accelerator\/#primaryimage",
                    "url": "https:\/\/i0.wp.com\/socialgoodaccelerator.eu\/wp-content\/uploads\/2023\/01\/Photo-emmaus-connect-article.jpeg?fit=2048%2C1266&ssl=1",
                    "contentUrl": "https:\/\/i0.wp.com\/socialgoodaccelerator.eu\/wp-content\/uploads\/2023\/01\/Photo-emmaus-connect-article.jpeg?fit=2048%2C1266&ssl=1",
                    "width": 2048,
                    "height": 1266,
                    "caption": "Depuis 2013, Emma\u00fcs Connect agit pour faire reculer l?exclusion num\u00e9rique et permettre \u00e0 tous de b\u00e9n\u00e9ficier des avanc\u00e9es offertes par les nouvelles technologies."
                },
                {
                    "@type": "BreadcrumbList",
                    "@id": "https:\/\/socialgoodaccelerator.eu\/2023\/01\/13\/emmaus-connect-rejoint-le-social-good-accelerator\/#breadcrumb",
                    "itemListElement": [
                        {
                            "@type": "ListItem",
                            "position": 1,
                            "name": "Accueil",
                            "item": "https:\/\/socialgoodaccelerator.eu\/"
                        },
                        {
                            "@type": "ListItem",
                            "position": 2,
                            "name": "Emma\u00fcs Connect rejoint le Social Good Accelerator !"
                        }
                    ]
                },
                {
                    "@type": "WebSite",
                    "@id": "https:\/\/socialgoodaccelerator.eu\/#website",
                    "url": "https:\/\/socialgoodaccelerator.eu\/",
                    "name": "Social Good Accelerator",
                    "description": "Acc\u00e9l\u00e9rer l&#039;ESS num\u00e9rique",
                    "publisher": {
                        "@id": "https:\/\/socialgoodaccelerator.eu\/#organization"
                    },
                    "alternateName": "SOGA",
                    "potentialAction": [
                        {
                            "@type": "SearchAction",
                            "target": {
                                "@type": "EntryPoint",
                                "urlTemplate": "https:\/\/socialgoodaccelerator.eu\/?s={search_term_string}"
                            },
                            "query-input": {
                                "@type": "PropertyValueSpecification",
                                "valueRequired": true,
                                "valueName": "search_term_string"
                            }
                        }
                    ],
                    "inLanguage": "en-GB"
                },
                {
                    "@type": "Organization",
                    "@id": "https:\/\/socialgoodaccelerator.eu\/#organization",
                    "name": "Social Good Accelerator",
                    "alternateName": "SOGA",
                    "url": "https:\/\/socialgoodaccelerator.eu\/",
                    "logo": {
                        "@type": "ImageObject",
                        "inLanguage": "en-GB",
                        "@id": "https:\/\/socialgoodaccelerator.eu\/#\/schema\/logo\/image\/",
                        "url": "https:\/\/i0.wp.com\/socialgoodaccelerator.eu\/wp-content\/uploads\/2023\/10\/cropped-LOGO-SOGA-V-FR.png?fit=512%2C512&ssl=1",
                        "contentUrl": "https:\/\/i0.wp.com\/socialgoodaccelerator.eu\/wp-content\/uploads\/2023\/10\/cropped-LOGO-SOGA-V-FR.png?fit=512%2C512&ssl=1",
                        "width": 512,
                        "height": 512,
                        "caption": "Social Good Accelerator"
                    },
                    "image": {
                        "@id": "https:\/\/socialgoodaccelerator.eu\/#\/schema\/logo\/image\/"
                    },
                    "sameAs": [
                        "https:\/\/www.facebook.com\/SocialGoodAccel.EU\/",
                        "https:\/\/www.youtube.com\/@socialgoodaccelerator772",
                        "https:\/\/www.youtube.com\/@SocialTechAcademy-eg6hp"
                    ]
                },
                {
                    "@type": "Person",
                    "@id": "https:\/\/socialgoodaccelerator.eu\/#\/schema\/person\/0320622db91fd4a2ddef724cbdee0c3e",
                    "name": "sogaccelerator",
                    "image": {
                        "@type": "ImageObject",
                        "inLanguage": "en-GB",
                        "@id": "https:\/\/secure.gravatar.com\/avatar\/99aef05386587650bb056a1275ce2e339bfe398930f37eb7262163da89aad453?s=96&d=mm&r=g",
                        "url": "https:\/\/secure.gravatar.com\/avatar\/99aef05386587650bb056a1275ce2e339bfe398930f37eb7262163da89aad453?s=96&d=mm&r=g",
                        "contentUrl": "https:\/\/secure.gravatar.com\/avatar\/99aef05386587650bb056a1275ce2e339bfe398930f37eb7262163da89aad453?s=96&d=mm&r=g",
                        "caption": "sogaccelerator"
                    }
                }
            ]
        }
    },
    "jetpack_featured_media_url": "https:\/\/i0.wp.com\/socialgoodaccelerator.eu\/wp-content\/uploads\/2023\/01\/Photo-emmaus-connect-article.jpeg?fit=2048%2C1266&ssl=1",
    "jetpack_likes_enabled": false,
    "jetpack-related-posts": [
        {
            "id": 57863,
            "url": "https:\/\/socialgoodaccelerator.eu\/en_gb\/2026\/04\/23\/lasuite-coop\/",
            "url_meta": {
                "origin": 52689,
                "position": 0
            },
            "title": "LaSuite.coop : l\u2019alternative num\u00e9rique coop\u00e9rative, libre et h\u00e9berg\u00e9e en Europe dont l\u2019ESS avait besoin",
            "author": "sogaccelerator",
            "date": "23 April 2026",
            "format": "gallery",
            "excerpt": "Abstract :\u00a0Chaque ann\u00e9e, 70 milliards d\u2019euros quittent la France en direction des \u00c9tats-Unis pour financer nos seuls usages num\u00e9riques. Derri\u00e8re\u2026",
            "rel": "",
            "context": "In &quot;Actualit\u00e9s de SOGA&quot;",
            "block_context": {
                "text": "Actualit\u00e9s de SOGA",
                "link": "https:\/\/socialgoodaccelerator.eu\/en_gb\/category\/actualites-de-soga\/"
            },
            "img": {
                "alt_text": "LaSuite.coop",
                "src": "https:\/\/i0.wp.com\/socialgoodaccelerator.eu\/wp-content\/uploads\/2026\/04\/Design-sans-titre-2-1-1.png?fit=1200%2C627&ssl=1&resize=350%2C200",
                "width": 350,
                "height": 200,
                "srcset": "https:\/\/i0.wp.com\/socialgoodaccelerator.eu\/wp-content\/uploads\/2026\/04\/Design-sans-titre-2-1-1.png?fit=1200%2C627&ssl=1&resize=350%2C200 1x, https:\/\/i0.wp.com\/socialgoodaccelerator.eu\/wp-content\/uploads\/2026\/04\/Design-sans-titre-2-1-1.png?fit=1200%2C627&ssl=1&resize=525%2C300 1.5x, https:\/\/i0.wp.com\/socialgoodaccelerator.eu\/wp-content\/uploads\/2026\/04\/Design-sans-titre-2-1-1.png?fit=1200%2C627&ssl=1&resize=700%2C400 2x, https:\/\/i0.wp.com\/socialgoodaccelerator.eu\/wp-content\/uploads\/2026\/04\/Design-sans-titre-2-1-1.png?fit=1200%2C627&ssl=1&resize=1050%2C600 3x"
            },
            "classes": []
        },
        {
            "id": 50394,
            "url": "https:\/\/socialgoodaccelerator.eu\/en_gb\/2022\/03\/10\/open-letter\/",
            "url_meta": {
                "origin": 52689,
                "position": 1
            },
            "title": "Open letter: the necessary digital transition of the social economy",
            "author": "sogaccelerator",
            "date": "10 March 2022",
            "format": false,
            "excerpt": "In February 2021, the Social Good Accelerator and its 70 members maintained its vision in its open letter. A better world can only be made with the full support of social economy, which also has to be digitalised.",
            "rel": "",
            "context": "In &quot;Notes de position&quot;",
            "block_context": {
                "text": "Notes de position",
                "link": "https:\/\/socialgoodaccelerator.eu\/en_gb\/category\/notes-de-position\/"
            },
            "img": {
                "alt_text": "SOGA team flags Lisbon",
                "src": "https:\/\/i0.wp.com\/socialgoodaccelerator.eu\/wp-content\/uploads\/2018\/03\/flags.jpg?fit=1200%2C900&ssl=1&resize=350%2C200",
                "width": 350,
                "height": 200,
                "srcset": "https:\/\/i0.wp.com\/socialgoodaccelerator.eu\/wp-content\/uploads\/2018\/03\/flags.jpg?fit=1200%2C900&ssl=1&resize=350%2C200 1x, https:\/\/i0.wp.com\/socialgoodaccelerator.eu\/wp-content\/uploads\/2018\/03\/flags.jpg?fit=1200%2C900&ssl=1&resize=525%2C300 1.5x, https:\/\/i0.wp.com\/socialgoodaccelerator.eu\/wp-content\/uploads\/2018\/03\/flags.jpg?fit=1200%2C900&ssl=1&resize=700%2C400 2x, https:\/\/i0.wp.com\/socialgoodaccelerator.eu\/wp-content\/uploads\/2018\/03\/flags.jpg?fit=1200%2C900&ssl=1&resize=1050%2C600 3x"
            },
            "classes": []
        },
        {
            "id": 50330,
            "url": "https:\/\/socialgoodaccelerator.eu\/en_gb\/2022\/01\/31\/the-social-good-accelerator-joins-the-pact-for-skills\/",
            "url_meta": {
                "origin": 52689,
                "position": 2
            },
            "title": "The Social Good Accelerator joins the Pact for Skills!",
            "author": "sogaccelerator",
            "date": "31 January 2022",
            "format": false,
            "excerpt": "At the end of 2020, European Commissioners Breton and Schmit made public the core of the EU's skills strategy, the Pact for Skills. They called on all European organisations involved in the upskilling of individuals to meet the EU's skills needs.",
            "rel": "",
            "context": "In &quot;Actualit\u00e9s de SOGA&quot;",
            "block_context": {
                "text": "Actualit\u00e9s de SOGA",
                "link": "https:\/\/socialgoodaccelerator.eu\/en_gb\/category\/actualites-de-soga\/"
            },
            "img": {
                "alt_text": "Pact for Skills",
                "src": "https:\/\/i0.wp.com\/socialgoodaccelerator.eu\/wp-content\/uploads\/2022\/01\/Screenshot-2020-02-18-10.45.45.png?fit=1023%2C572&ssl=1&resize=350%2C200",
                "width": 350,
                "height": 200,
                "srcset": "https:\/\/i0.wp.com\/socialgoodaccelerator.eu\/wp-content\/uploads\/2022\/01\/Screenshot-2020-02-18-10.45.45.png?fit=1023%2C572&ssl=1&resize=350%2C200 1x, https:\/\/i0.wp.com\/socialgoodaccelerator.eu\/wp-content\/uploads\/2022\/01\/Screenshot-2020-02-18-10.45.45.png?fit=1023%2C572&ssl=1&resize=525%2C300 1.5x, https:\/\/i0.wp.com\/socialgoodaccelerator.eu\/wp-content\/uploads\/2022\/01\/Screenshot-2020-02-18-10.45.45.png?fit=1023%2C572&ssl=1&resize=700%2C400 2x"
            },
            "classes": []
        },
        {
            "id": 51087,
            "url": "https:\/\/socialgoodaccelerator.eu\/en_gb\/2022\/07\/07\/rapport-activite-2021\/",
            "url_meta": {
                "origin": 52689,
                "position": 3
            },
            "title": "Rapport d&#8217;activit\u00e9 2021",
            "author": "sogaccelerator",
            "date": "7 July 2022",
            "format": false,
            "excerpt": "Discover all the actions accomplished by the Social good Accelerator in 2021 and its perspectives for 2022 in this SOGA activity report.",
            "rel": "",
            "context": "In &quot;Rapport d'activit\u00e9&quot;",
            "block_context": {
                "text": "Rapport d'activit\u00e9",
                "link": "https:\/\/socialgoodaccelerator.eu\/en_gb\/category\/rapport-d-activite\/"
            },
            "img": {
                "alt_text": "Rapport d'activit\u00e9 2021",
                "src": "https:\/\/i0.wp.com\/socialgoodaccelerator.eu\/wp-content\/uploads\/2025\/08\/Titre-3.png?fit=1200%2C675&ssl=1&resize=350%2C200",
                "width": 350,
                "height": 200,
                "srcset": "https:\/\/i0.wp.com\/socialgoodaccelerator.eu\/wp-content\/uploads\/2025\/08\/Titre-3.png?fit=1200%2C675&ssl=1&resize=350%2C200 1x, https:\/\/i0.wp.com\/socialgoodaccelerator.eu\/wp-content\/uploads\/2025\/08\/Titre-3.png?fit=1200%2C675&ssl=1&resize=525%2C300 1.5x, https:\/\/i0.wp.com\/socialgoodaccelerator.eu\/wp-content\/uploads\/2025\/08\/Titre-3.png?fit=1200%2C675&ssl=1&resize=700%2C400 2x, https:\/\/i0.wp.com\/socialgoodaccelerator.eu\/wp-content\/uploads\/2025\/08\/Titre-3.png?fit=1200%2C675&ssl=1&resize=1050%2C600 3x"
            },
            "classes": []
        },
        {
            "id": 50484,
            "url": "https:\/\/socialgoodaccelerator.eu\/en_gb\/2022\/03\/25\/la-mednum-a-singular-structure-for-digital-inclusion\/",
            "url_meta": {
                "origin": 52689,
                "position": 4
            },
            "title": "La MedNum, &#8220;a singular structure&#8221; for digital inclusion",
            "author": "sogaccelerator",
            "date": "25 March 2022",
            "format": false,
            "excerpt": "On 15 March 2022, Guilhem Pradali\u00e9, Managing Director of the MedNum, member of the Social Good Accelerator, gave us an interview in which he explained what the MedNum is, what its projects and challenges are, and its role within the SOGA.",
            "rel": "",
            "context": "In &quot;Communs &amp; plaidoyer&quot;",
            "block_context": {
                "text": "Communs &amp; plaidoyer",
                "link": "https:\/\/socialgoodaccelerator.eu\/en_gb\/category\/communs-et-plaidoyer\/"
            },
            "img": {
                "alt_text": "",
                "src": "https:\/\/i0.wp.com\/socialgoodaccelerator.eu\/wp-content\/uploads\/2022\/03\/Capture-de%CC%81cran-2022-04-20-a%CC%80-11.38.38.png?fit=495%2C361&ssl=1&resize=350%2C200",
                "width": 350,
                "height": 200
            },
            "classes": []
        },
        {
            "id": 50186,
            "url": "https:\/\/socialgoodaccelerator.eu\/en_gb\/2021\/11\/30\/social-tech-atlas-why-a-single-map-for-a-thousand-social-organisations\/",
            "url_meta": {
                "origin": 52689,
                "position": 5
            },
            "title": "Social Tech Atlas: why a single map for a thousand social organisations?",
            "author": "sogaccelerator",
            "date": "30 November 2021",
            "format": false,
            "excerpt": "Until now, there was no European database gathering both organisations supporting social economy stakeholders in their digital transition and those offering alternative digital tools and services. This is now done with the Social Tech Atlas...",
            "rel": "",
            "context": "In &quot;Communs &amp; plaidoyer&quot;",
            "block_context": {
                "text": "Communs &amp; plaidoyer",
                "link": "https:\/\/socialgoodaccelerator.eu\/en_gb\/category\/communs-et-plaidoyer\/"
            },
            "img": {
                "alt_text": "Screenshot Social Tech Atlas",
                "src": "https:\/\/i0.wp.com\/socialgoodaccelerator.eu\/wp-content\/uploads\/2021\/11\/Capture-de%CC%81cran-2021-11-30-a%CC%80-12.32.33.png?fit=694%2C560&ssl=1&resize=350%2C200",
                "width": 350,
                "height": 200,
                "srcset": "https:\/\/i0.wp.com\/socialgoodaccelerator.eu\/wp-content\/uploads\/2021\/11\/Capture-de%CC%81cran-2021-11-30-a%CC%80-12.32.33.png?fit=694%2C560&ssl=1&resize=350%2C200 1x, https:\/\/i0.wp.com\/socialgoodaccelerator.eu\/wp-content\/uploads\/2021\/11\/Capture-de%CC%81cran-2021-11-30-a%CC%80-12.32.33.png?fit=694%2C560&ssl=1&resize=525%2C300 1.5x"
            },
            "classes": []
        }
    ],
    "jetpack_sharing_enabled": false,
    "jetpack_shortlink": "https:\/\/wp.me\/p9J6Qk-dHP",
    "_links": {
        "self": [
            {
                "href": "https:\/\/socialgoodaccelerator.eu\/en_gb\/wp-json\/wp\/v2\/posts\/52689",
                "targetHints": {
                    "allow": [
                        "GET"
                    ]
                }
            }
        ],
        "collection": [
            {
                "href": "https:\/\/socialgoodaccelerator.eu\/en_gb\/wp-json\/wp\/v2\/posts"
            }
        ],
        "about": [
            {
                "href": "https:\/\/socialgoodaccelerator.eu\/en_gb\/wp-json\/wp\/v2\/types\/post"
            }
        ],
        "author": [
            {
                "embeddable": true,
                "href": "https:\/\/socialgoodaccelerator.eu\/en_gb\/wp-json\/wp\/v2\/users\/1"
            }
        ],
        "replies": [
            {
                "embeddable": true,
                "href": "https:\/\/socialgoodaccelerator.eu\/en_gb\/wp-json\/wp\/v2\/comments?post=52689"
            }
        ],
        "version-history": [
            {
                "count": 14,
                "href": "https:\/\/socialgoodaccelerator.eu\/en_gb\/wp-json\/wp\/v2\/posts\/52689\/revisions"
            }
        ],
        "predecessor-version": [
            {
                "id": 56043,
                "href": "https:\/\/socialgoodaccelerator.eu\/en_gb\/wp-json\/wp\/v2\/posts\/52689\/revisions\/56043"
            }
        ],
        "wp:featuredmedia": [
            {
                "embeddable": true,
                "href": "https:\/\/socialgoodaccelerator.eu\/en_gb\/wp-json\/wp\/v2\/media\/52735"
            }
        ],
        "wp:attachment": [
            {
                "href": "https:\/\/socialgoodaccelerator.eu\/en_gb\/wp-json\/wp\/v2\/media?parent=52689"
            }
        ],
        "wp:term": [
            {
                "taxonomy": "category",
                "embeddable": true,
                "href": "https:\/\/socialgoodaccelerator.eu\/en_gb\/wp-json\/wp\/v2\/categories?post=52689"
            },
            {
                "taxonomy": "post_tag",
                "embeddable": true,
                "href": "https:\/\/socialgoodaccelerator.eu\/en_gb\/wp-json\/wp\/v2\/tags?post=52689"
            }
        ],
        "curies": [
            {
                "name": "wp",
                "href": "https:\/\/api.w.org\/{rel}",
                "templated": true
            }
        ]
    }
}