{
    "id": 50996,
    "date": "2022-06-02T16:22:15",
    "date_gmt": "2022-06-02T14:22:15",
    "guid": {
        "rendered": "https:\/\/socialgoodaccelerator.eu\/?p=50996"
    },
    "modified": "2026-03-10T10:27:35",
    "modified_gmt": "2026-03-10T09:27:35",
    "slug": "transition-pathways-economie-proximite-social-tech",
    "status": "publish",
    "type": "post",
    "link": "https:\/\/socialgoodaccelerator.eu\/en_gb\/2022\/06\/02\/transition-pathways-economie-proximite-social-tech\/",
    "title": {
        "rendered": "Transition Pathways : des solutions pour l\u2019\u00e9conomie de proximit\u00e9 et la Social Tech"
    },
    "content": {
        "rendered": "[et_pb_section fb_built=&#8221;1&#8243; admin_label=&#8221;section&#8221; _builder_version=&#8221;4.16&#8243; da_disable_devices=&#8221;off|off|off&#8221; global_colors_info=&#8221;{}&#8221; da_is_popup=&#8221;off&#8221; da_exit_intent=&#8221;off&#8221; da_has_close=&#8221;on&#8221; da_alt_close=&#8221;off&#8221; da_dark_close=&#8221;off&#8221; da_not_modal=&#8221;on&#8221; da_is_singular=&#8221;off&#8221; da_with_loader=&#8221;off&#8221; da_has_shadow=&#8221;on&#8221;][et_pb_row admin_label=&#8221;row&#8221; _builder_version=&#8221;4.16&#8243; background_size=&#8221;initial&#8221; background_position=&#8221;top_left&#8221; background_repeat=&#8221;repeat&#8221; locked=&#8221;off&#8221; global_colors_info=&#8221;{}&#8221;][et_pb_column type=&#8221;4_4&#8243; _builder_version=&#8221;4.16&#8243; custom_padding=&#8221;|||&#8221; global_colors_info=&#8221;{}&#8221; custom_padding__hover=&#8221;|||&#8221;][et_pb_text _builder_version=&#8221;4.27.6&#8243; _module_preset=&#8221;default&#8221; text_text_color=&#8221;gcid-body-color&#8221; text_font_size=&#8221;17px&#8221; global_colors_info=&#8221;{%22gcid-body-color%22:%91%22text_text_color%22%93}&#8221;]<p data-start=\"316\" data-end=\"594\">Dans le cadre de la consultation europ\u00e9enne sur les <strong data-start=\"368\" data-end=\"410\">Transition Pathways for Social Economy<\/strong>, le Social Good Accelerator a publi\u00e9 une note de contribution visant \u00e0 proposer des solutions concr\u00e8tes pour renforcer l\u2019\u00e9conomie sociale dans les transitions num\u00e9rique et \u00e9cologique.<\/p>\n<p data-start=\"596\" data-end=\"822\">Cette contribution met en avant deux leviers principaux : <strong data-start=\"654\" data-end=\"681\">l\u2019\u00e9conomie de proximit\u00e9<\/strong> et <strong data-start=\"685\" data-end=\"703\">la Social Tech<\/strong>, c\u2019est-\u00e0-dire l\u2019ensemble des technologies num\u00e9riques mises au service de l\u2019int\u00e9r\u00eat g\u00e9n\u00e9ral et de l\u2019innovation sociale.<\/p>\n<p data-start=\"824\" data-end=\"1084\">L\u2019objectif est clair : permettre \u00e0 l\u2019\u00e9conomie sociale de jouer un r\u00f4le central dans la transformation du mod\u00e8le \u00e9conomique europ\u00e9en, en d\u00e9veloppant des solutions technologiques ouvertes, accessibles et align\u00e9es avec les valeurs de solidarit\u00e9 et de coop\u00e9ration.<\/p>[\/et_pb_text][\/et_pb_column][\/et_pb_row][et_pb_row column_structure=&#8221;1_2,1_2&#8243; _builder_version=&#8221;4.27.6&#8243; _module_preset=&#8221;default&#8221; global_colors_info=&#8221;{}&#8221;][et_pb_column type=&#8221;1_2&#8243; _builder_version=&#8221;4.27.6&#8243; _module_preset=&#8221;default&#8221; global_colors_info=&#8221;{}&#8221;][et_pb_image src=&#8221;https:\/\/socialgoodaccelerator.eu\/wp-content\/uploads\/2021\/05\/euses-OECD-2.png&#8221; alt=&#8221;Jeanne Bret\u00e9cher intervenes @Transition pathways workshop&#8221; title_text=&#8221;euses OECD conference&#8221; _builder_version=&#8221;4.27.6&#8243; _module_preset=&#8221;default&#8221; border_radii=&#8221;on|30px|30px|30px|30px&#8221; global_colors_info=&#8221;{}&#8221;][\/et_pb_image][et_pb_text _builder_version=&#8221;4.27.6&#8243; _module_preset=&#8221;default&#8221; text_text_color=&#8221;gcid-heading-color&#8221; global_colors_info=&#8221;{%22gcid-heading-color%22:%91%22text_text_color%22%93}&#8221;]<p><strong><span style=\"color: #163074; font-size: small;\">Jeanne Bret\u00e9cher, the President and Co-Founder of the Social Good Accelerator, moderated one of the four workshops organised by the European Commission on 30 May 2022.<br \/><\/span><\/strong><br \/><span style=\"font-size: x-small;\"><em><span style=\"color: #163074;\"><strong>Source: Thomas Brisbart<\/strong><br \/><\/span><\/em><\/span><\/p>[\/et_pb_text][\/et_pb_column][et_pb_column type=&#8221;1_2&#8243; _builder_version=&#8221;4.27.6&#8243; _module_preset=&#8221;default&#8221; global_colors_info=&#8221;{}&#8221;][et_pb_heading title=&#8221;Les d\u00e9fis pour l&#8217;\u00e9cosyst\u00e8me&#8221; _builder_version=&#8221;4.27.6&#8243; _module_preset=&#8221;default&#8221; title_level=&#8221;h2&#8243; global_colors_info=&#8221;{}&#8221;][\/et_pb_heading][et_pb_text _builder_version=&#8221;4.27.6&#8243; _module_preset=&#8221;default&#8221; text_font=&#8221;&#8211;et_global_body_font||||||||&#8221; text_text_color=&#8221;gcid-body-color&#8221; text_font_size=&#8221;17px&#8221; global_colors_info=&#8221;{%22gcid-body-color%22:%91%22text_text_color%22%93}&#8221;]<p><span style=\"color: #163074;\"><\/span>Social Economy Europe, Diesis, Euclid Network et le Social Good Accelerator (SOGA) ont anim\u00e9 s\u00e9par\u00e9ment quatre ateliers centr\u00e9s sur : l&#8217;entreprenariat social tech, le management des donn\u00e9es, l&#8217;\u00e9conomie de plateformes partag\u00e9es et la social tech. Le SOGA s&#8217;est concentr\u00e9 sur ce dernier.<\/p>\n<p>En int\u00e9grant ce groupe, l&#8217;association et ses partenaires cherchaient \u00e0 explorer les points saillants des documents de Transition Pathways avec les participants. En effet, le premier jet du document compilait une synth\u00e8se autour de 70 contributions, dont celle de SOGA, r\u00e9dig\u00e9e avec sa communaut\u00e9. Le rapport explore les zones o\u00f9 l&#8217;\u00e9conomie sociale devrait se mettre en route, notamment pour acc\u00e9l\u00e9rer la transition num\u00e9rique. L&#8217;id\u00e9e au travers de ces ateliers \u00e9tait d&#8217;apporter des mots simples sur des sujets complexes.<\/p>[\/et_pb_text][\/et_pb_column][\/et_pb_row][et_pb_row _builder_version=&#8221;4.27.6&#8243; _module_preset=&#8221;default&#8221; custom_padding=&#8221;2px||11px|||&#8221; custom_margin=&#8221;-24px|auto||auto||&#8221;][et_pb_column _builder_version=&#8221;4.27.6&#8243; _module_preset=&#8221;default&#8221; type=&#8221;4_4&#8243;][et_pb_text _builder_version=&#8221;4.27.6&#8243; _module_preset=&#8221;default&#8221; global_colors_info=&#8221;{%22gcid-body-color%22:%91%22text_text_color%22%93}&#8221; text_text_color=&#8221;gcid-body-color&#8221; text_font_size=&#8221;17px&#8221; hover_enabled=&#8221;0&#8243; sticky_enabled=&#8221;0&#8243;]<p>Ainsi, le groupe a discut\u00e9 ensemble sur ce que l&#8217;acc\u00e8s \u00e0 la technologie signifiait pour eux. Les probl\u00e8mes induits par les outils num\u00e9riques se condensent dans le fait que certaines personnes pensent qu&#8217;ils sont hors de port\u00e9e, principalement \u00e0 cause de barri\u00e8res psychologiques, de ressources peu visibles, mais surtout \u00e0 cause des comp\u00e9tences requises pour les prendre en main. La fracture num\u00e9rique et le sentiment d&#8217;isolation num\u00e9rique sont tout deux bien r\u00e9els dans ce contexte.<\/p>\n<p>En outre, avec la pand\u00e9mie, il y a eu une transition brutale vers l&#8217;utilisation d&#8217;outils pour lesquels beaucoup ne disposaient ni des comp\u00e9tences ni de l&#8217;\u00e9quipement n\u00e9cessaires. La r\u00e9solution de ce probl\u00e8me d\u00e9pend des moyens que les pouvoirs publics accordent\u00a0 pour y rem\u00e9dier, gr\u00e2ce \u00e0 des leviers tels que les ressources \u00e9conomiques et la formation.<\/p>[\/et_pb_text][\/et_pb_column][\/et_pb_row][et_pb_row column_structure=&#8221;1_2,1_2&#8243; _builder_version=&#8221;4.16&#8243; _module_preset=&#8221;default&#8221; global_colors_info=&#8221;{}&#8221;][et_pb_column type=&#8221;1_2&#8243; _builder_version=&#8221;4.16&#8243; _module_preset=&#8221;default&#8221; global_colors_info=&#8221;{}&#8221;][et_pb_heading title=&#8221;Des pistes de solutions&#8221; _builder_version=&#8221;4.27.6&#8243; _module_preset=&#8221;default&#8221; title_level=&#8221;h2&#8243; global_colors_info=&#8221;{}&#8221;][\/et_pb_heading][et_pb_text _builder_version=&#8221;4.27.6&#8243; _module_preset=&#8221;default&#8221; text_font=&#8221;&#8211;et_global_body_font||||||||&#8221; text_text_color=&#8221;gcid-body-color&#8221; text_font_size=&#8221;17px&#8221; global_colors_info=&#8221;{%22gcid-body-color%22:%91%22text_text_color%22%93}&#8221; hover_enabled=&#8221;0&#8243; sticky_enabled=&#8221;0&#8243;]<p><span style=\"color: #163074;\"><\/span>Les participant\u00b7es ont pr\u00e9sent\u00e9 quelques exemples de bonnes pratiques et apport\u00e9 diff\u00e9rentes contributions int\u00e9ressantes. Certain\u00b7es ont notamment soulign\u00e9 la n\u00e9cessit\u00e9 de soutenir la cr\u00e9ation et le partage dans chaque secteur industriel, gr\u00e2ce \u00e0 une r\u00e9glementation appropri\u00e9e et ad\u00e9quate. En Isra\u00ebl, par exemple, l&#8217;accessibilit\u00e9 ne se limite pas \u00e0 l&#8217;accessibilit\u00e9 physique, mais a une d\u00e9finition plus large dans la loi. Elle inclut \u00e9galement le prisme num\u00e9rique.<\/p>\n<p>\u00c0 l&#8217;autre extr\u00e9mit\u00e9 du spectre, les mod\u00e8les de start-up sont ax\u00e9s sur l&#8217;hypercroissance et orient\u00e9s vers la mont\u00e9e en puissance. Avec un \u00e9tat d&#8217;esprit aussi diff\u00e9rent, l&#8217;impact l&#8217;est \u00e9galement. En outre, il est difficile d&#8217;identifier la technologie adapt\u00e9e aux besoins d&#8217;une r\u00e9organisation sociale. Certains outils ont cette finalit\u00e9 \u00e0 l&#8217;esprit comme <a href=\"https:\/\/rogervoice.com\/en\/\" target=\"_blank\" rel=\"noopener\">Rogervoice<\/a>.<\/p>[\/et_pb_text][\/et_pb_column][et_pb_column type=&#8221;1_2&#8243; _builder_version=&#8221;4.16&#8243; _module_preset=&#8221;default&#8221; global_colors_info=&#8221;{}&#8221;][et_pb_image src=&#8221;https:\/\/socialgoodaccelerator.eu\/wp-content\/uploads\/2022\/06\/1654072466694.jpeg&#8221; alt=&#8221;Visual Transition pathways workshop&#8221; _builder_version=&#8221;4.27.6&#8243; _module_preset=&#8221;default&#8221; hover_enabled=&#8221;0&#8243; global_colors_info=&#8221;{}&#8221; border_radii=&#8221;on|30px|30px|30px|30px&#8221; sticky_enabled=&#8221;0&#8243; custom_padding=&#8221;89px|||||&#8221;][\/et_pb_image][\/et_pb_column][\/et_pb_row][et_pb_row _builder_version=&#8221;4.27.6&#8243; _module_preset=&#8221;default&#8221; custom_padding=&#8221;2px|||||&#8221; custom_margin=&#8221;-24px|auto||auto||&#8221;][et_pb_column _builder_version=&#8221;4.27.6&#8243; _module_preset=&#8221;default&#8221; type=&#8221;4_4&#8243;][et_pb_text _builder_version=&#8221;4.27.6&#8243; _module_preset=&#8221;default&#8221; global_colors_info=&#8221;{%22gcid-body-color%22:%91%22text_text_color%22%93}&#8221; text_text_color=&#8221;gcid-body-color&#8221; text_font_size=&#8221;17px&#8221; hover_enabled=&#8221;0&#8243; sticky_enabled=&#8221;0&#8243;]<p>\u00ab Lorsque l&#8217;on travaille, toutes sortes de personnes diff\u00e9rentes sont impliqu\u00e9es, et c&#8217;est un pont assez int\u00e9ressant mais difficile \u00e0 franchir \u00bb, a d\u00e9clar\u00e9 un pan\u00e9liste. Ces mots ont permis d&#8217;\u00e9voquer l&#8217;exclusion des personnes \u00e2g\u00e9es dans la sph\u00e8re num\u00e9rique. N\u00e9anmoins, leur exclusion ne repose pas uniquement sur leurs comp\u00e9tences, mais aussi sur leur propre confiance et sur la conception des produits. Comme toute nouvelle technologie, le num\u00e9rique entra\u00eene une exclusion s&#8217;il n&#8217;est pas con\u00e7u correctement. En d&#8217;autres termes, le num\u00e9rique est synonyme de substitution, et la multimodalit\u00e9 est la cl\u00e9.<\/p>\n<p>L&#8217;atelier a conclu que la mise en place d&#8217;un Internet d\u00e9centralis\u00e9 serait la cl\u00e9 d&#8217;un \u00e9cosyst\u00e8me d&#8217;innovation sociale num\u00e9rique efficace. En outre, l&#8217;employabilit\u00e9 garantit l&#8217;arriv\u00e9e de nouveaux talents dans le secteur des technologies civiques. Les personnes \u00e2g\u00e9es se m\u00e9fient des outils num\u00e9riques. Un prototypage rapide ou une conception it\u00e9rative est n\u00e9cessaire pour poursuivre dans cette voie, qui comporte plusieurs d\u00e9fis : l&#8217;acc\u00e8s \u00e0 la technologie, l&#8217;acquisition ou l&#8217;am\u00e9lioration des comp\u00e9tences, et les d\u00e9fis li\u00e9s aux ressources elles-m\u00eames.<\/p>[\/et_pb_text][\/et_pb_column][\/et_pb_row][\/et_pb_section][et_pb_section fb_built=&#8221;1&#8243; _builder_version=&#8221;4.27.5&#8243; _module_preset=&#8221;default&#8221; background_color=&#8221;#FBA100&#8243; custom_margin=&#8221;||-2px|||&#8221; custom_padding=&#8221;20px||4px|||&#8221; locked=&#8221;off&#8221; global_colors_info=&#8221;{}&#8221; theme_builder_area=&#8221;post_content&#8221; da_is_popup=&#8221;off&#8221; da_exit_intent=&#8221;off&#8221; da_has_close=&#8221;on&#8221; da_alt_close=&#8221;off&#8221; da_dark_close=&#8221;off&#8221; da_not_modal=&#8221;on&#8221; da_is_singular=&#8221;off&#8221; da_with_loader=&#8221;off&#8221; da_has_shadow=&#8221;on&#8221; da_disable_devices=&#8221;off|off|off&#8221;][et_pb_row _builder_version=&#8221;4.27.4&#8243; _module_preset=&#8221;default&#8221; global_colors_info=&#8221;{}&#8221; theme_builder_area=&#8221;post_content&#8221;][et_pb_column type=&#8221;4_4&#8243; _builder_version=&#8221;4.27.4&#8243; _module_preset=&#8221;default&#8221; global_colors_info=&#8221;{}&#8221; theme_builder_area=&#8221;post_content&#8221;][et_pb_heading title=&#8221;FAQ \u2014 Transition Pathways et Social Tech&#8221; _builder_version=&#8221;4.27.5&#8243; _module_preset=&#8221;default&#8221; title_level=&#8221;h2&#8243; title_text_color=&#8221;#FFFFFF&#8221; global_colors_info=&#8221;{}&#8221; theme_builder_area=&#8221;post_content&#8221;][\/et_pb_heading][\/et_pb_column][\/et_pb_row][et_pb_row _builder_version=&#8221;4.27.4&#8243; _module_preset=&#8221;default&#8221; global_colors_info=&#8221;{}&#8221; theme_builder_area=&#8221;post_content&#8221;][et_pb_column type=&#8221;4_4&#8243; _builder_version=&#8221;4.27.4&#8243; _module_preset=&#8221;default&#8221; global_colors_info=&#8221;{}&#8221; theme_builder_area=&#8221;post_content&#8221;][et_pb_accordion _builder_version=&#8221;4.27.6&#8243; _module_preset=&#8221;default&#8221; hover_enabled=&#8221;0&#8243; border_radii=&#8221;on|30px|30px|30px|30px&#8221; global_colors_info=&#8221;{}&#8221; theme_builder_area=&#8221;post_content&#8221; sticky_enabled=&#8221;0&#8243;][et_pb_accordion_item title=&#8221;Qu\u2019est-ce que l&#8217;initiative Transition Pathways ?&#8221; open=&#8221;on&#8221; open_toggle_text_color=&#8221;#FBA100&#8243; _builder_version=&#8221;4.27.6&#8243; _module_preset=&#8221;default&#8221; hover_enabled=&#8221;0&#8243; global_colors_info=&#8221;{%22gcid-heading-color%22:%91%22toggle_text_color%22%93}&#8221; toggle_text_color=&#8221;gcid-heading-color&#8221; theme_builder_area=&#8221;post_content&#8221; sticky_enabled=&#8221;0&#8243;]<p>Il s\u2019agit d\u2019une initiative de la Commission europ\u00e9enne visant \u00e0 accompagner la transformation de diff\u00e9rents \u00e9cosyst\u00e8mes \u00e9conomiques dans les transitions \u00e9cologique et num\u00e9rique.<\/p>[\/et_pb_accordion_item][et_pb_accordion_item title=&#8221;Pourquoi l\u2019\u00e9conomie de proximit\u00e9 est-elle importante ?&#8221; open=&#8221;off&#8221; open_toggle_text_color=&#8221;#FBA100&#8243; _builder_version=&#8221;4.27.6&#8243; _module_preset=&#8221;default&#8221; hover_enabled=&#8221;0&#8243; global_colors_info=&#8221;{%22gcid-heading-color%22:%91%22toggle_text_color%22%93}&#8221; toggle_text_color=&#8221;gcid-heading-color&#8221; theme_builder_area=&#8221;post_content&#8221; sticky_enabled=&#8221;0&#8243;]<p>Elle permet de renforcer la r\u00e9silience des territoires, de soutenir l\u2019emploi local et de maintenir des services essentiels au niveau local.<\/p>[\/et_pb_accordion_item][et_pb_accordion_item title=&#8221;Qu\u2019est-ce que la Social Tech ?&#8221; open=&#8221;off&#8221; open_toggle_text_color=&#8221;#FBA100&#8243; _builder_version=&#8221;4.27.6&#8243; _module_preset=&#8221;default&#8221; hover_enabled=&#8221;0&#8243; global_colors_info=&#8221;{%22gcid-heading-color%22:%91%22toggle_text_color%22%93}&#8221; toggle_text_color=&#8221;gcid-heading-color&#8221; theme_builder_area=&#8221;post_content&#8221; sticky_enabled=&#8221;0&#8243;]<p>La Social Tech regroupe les technologies num\u00e9riques d\u00e9velopp\u00e9es pour r\u00e9pondre \u00e0 des enjeux sociaux, environnementaux ou d\u00e9mocratiques.<\/p>[\/et_pb_accordion_item][et_pb_accordion_item title=&#8221;Quels sont les principaux d\u00e9fis de la transition num\u00e9rique dans l\u2019\u00e9conomie sociale ?&#8221; open=&#8221;off&#8221; open_toggle_text_color=&#8221;#FBA100&#8243; _builder_version=&#8221;4.27.6&#8243; _module_preset=&#8221;default&#8221; hover_enabled=&#8221;0&#8243; global_colors_info=&#8221;{%22gcid-heading-color%22:%91%22toggle_text_color%22%93}&#8221; toggle_text_color=&#8221;gcid-heading-color&#8221; theme_builder_area=&#8221;post_content&#8221; sticky_enabled=&#8221;0&#8243;]<p>Le manque de comp\u00e9tences num\u00e9riques, l\u2019acc\u00e8s limit\u00e9 aux financements et la difficult\u00e9 \u00e0 identifier des solutions technologiques adapt\u00e9es.<\/p>[\/et_pb_accordion_item][et_pb_accordion_item title=&#8221;Quel est l\u2019objectif de la contribution du Social Good Accelerator ?&#8221; open=&#8221;off&#8221; open_toggle_text_color=&#8221;#FBA100&#8243; _builder_version=&#8221;4.27.6&#8243; _module_preset=&#8221;default&#8221; hover_enabled=&#8221;0&#8243; global_colors_info=&#8221;{%22gcid-heading-color%22:%91%22toggle_text_color%22%93}&#8221; toggle_text_color=&#8221;gcid-heading-color&#8221; theme_builder_area=&#8221;post_content&#8221; sticky_enabled=&#8221;0&#8243;]<p>Mettre en \u00e9vidence le r\u00f4le de l\u2019\u00e9conomie de proximit\u00e9 et de la Social Tech dans les transitions \u00e9conomiques europ\u00e9ennes.<\/p>[\/et_pb_accordion_item][\/et_pb_accordion][\/et_pb_column][\/et_pb_row][\/et_pb_section]",
        "protected": false
    },
    "excerpt": {
        "rendered": "<p>Dans le cadre de la consultation europ\u00e9enne sur les Transition Pathways for Social Economy, le Social Good Accelerator a publi\u00e9 une note de contribution visant \u00e0 proposer des solutions concr\u00e8tes pour renforcer l\u2019\u00e9conomie sociale dans les transitions num\u00e9rique et \u00e9cologique.<br \/>\nCette contribution met en avant deux leviers principaux : l\u2019\u00e9conomie de proximit\u00e9 et la Social Tech, c\u2019est-\u00e0-dire l\u2019ensemble des technologies num\u00e9riques mises au service de l\u2019int\u00e9r\u00eat g\u00e9n\u00e9ral et de l\u2019innovation sociale.<br \/>\nL\u2019objectif est clair : permettre \u00e0 l\u2019\u00e9conomie sociale de jouer un r\u00f4le central dans la transformation du mod\u00e8le \u00e9conomique europ\u00e9en, en d\u00e9veloppant des solutions technologiques ouvertes, accessibles et align\u00e9es avec les valeurs de solidarit\u00e9 et de coop\u00e9ration.<\/p>",
        "protected": false
    },
    "author": 1,
    "featured_media": 49076,
    "comment_status": "closed",
    "ping_status": "closed",
    "sticky": false,
    "template": "",
    "format": "standard",
    "meta": {
        "_et_pb_use_builder": "on",
        "_et_pb_old_content": "",
        "_et_gb_content_width": "",
        "jetpack_post_was_ever_published": false,
        "_jetpack_newsletter_access": "",
        "_jetpack_dont_email_post_to_subs": false,
        "_jetpack_newsletter_tier_id": 0,
        "_jetpack_memberships_contains_paywalled_content": false,
        "_jetpack_memberships_contains_paid_content": false,
        "footnotes": ""
    },
    "categories": [
        443
    ],
    "tags": [
        397
    ],
    "class_list": [
        "post-50996",
        "post",
        "type-post",
        "status-publish",
        "format-standard",
        "has-post-thumbnail",
        "hentry",
        "category-notes-de-position",
        "tag-observatoire-social-tech-et-ess"
    ],
    "yoast_head": "<!-- This site is optimized with the Yoast SEO plugin v27.4 - https:\/\/yoast.com\/product\/yoast-seo-wordpress\/ -->\n<title>Transition Pathways : des solutions pour l\u2019\u00e9conomie de proximit\u00e9 et la Social Tech - SOGA<\/title>\n<meta name=\"description\" content=\"Dans le cadre de la consultation europ\u00e9enne sur les Transition Pathways for Social Economy, le Social Good Accelerator a publi\u00e9 une note de contribution visant \u00e0 proposer des solutions concr\u00e8tes pour renforcer l\u2019\u00e9conomie sociale dans les transitions num\u00e9rique et \u00e9cologique.\" \/>\n<meta name=\"robots\" content=\"index, follow, max-snippet:-1, max-image-preview:large, max-video-preview:-1\" \/>\n<link rel=\"canonical\" href=\"https:\/\/socialgoodaccelerator.eu\/en_gb\/2022\/06\/02\/transition-pathways-economie-proximite-social-tech\/\" \/>\n<meta property=\"og:locale\" content=\"en_GB\" \/>\n<meta property=\"og:type\" content=\"article\" \/>\n<meta property=\"og:title\" content=\"Transition Pathways : des solutions pour l\u2019\u00e9conomie de proximit\u00e9 et la Social Tech - SOGA\" \/>\n<meta property=\"og:description\" content=\"Dans le cadre de la consultation europ\u00e9enne sur les Transition Pathways for Social Economy, le Social Good Accelerator a publi\u00e9 une note de contribution visant \u00e0 proposer des solutions concr\u00e8tes pour renforcer l\u2019\u00e9conomie sociale dans les transitions num\u00e9rique et \u00e9cologique.\" \/>\n<meta property=\"og:url\" content=\"https:\/\/socialgoodaccelerator.eu\/en_gb\/2022\/06\/02\/transition-pathways-economie-proximite-social-tech\/\" \/>\n<meta property=\"og:site_name\" content=\"SOGA\" \/>\n<meta property=\"article:publisher\" content=\"https:\/\/www.facebook.com\/SocialGoodAccel.EU\/\" \/>\n<meta property=\"article:published_time\" content=\"2022-06-02T14:22:15+00:00\" \/>\n<meta property=\"article:modified_time\" content=\"2026-03-10T09:27:35+00:00\" \/>\n<meta property=\"og:image\" content=\"http:\/\/socialgoodaccelerator.eu\/wp-content\/uploads\/2021\/05\/euses-OECD-2.png\" \/>\n\t<meta property=\"og:image:width\" content=\"1038\" \/>\n\t<meta property=\"og:image:height\" content=\"666\" \/>\n\t<meta property=\"og:image:type\" content=\"image\/png\" \/>\n<meta name=\"author\" content=\"sogaccelerator\" \/>\n<meta name=\"twitter:card\" content=\"summary_large_image\" \/>\n<meta name=\"twitter:label1\" content=\"Written by\" \/>\n\t<meta name=\"twitter:data1\" content=\"sogaccelerator\" \/>\n\t<meta name=\"twitter:label2\" content=\"Estimated reading time\" \/>\n\t<meta name=\"twitter:data2\" content=\"5 minutes\" \/>\n<script type=\"application\/ld+json\" class=\"yoast-schema-graph\">{\"@context\":\"https:\\\/\\\/schema.org\",\"@graph\":[{\"@type\":\"Article\",\"@id\":\"https:\\\/\\\/socialgoodaccelerator.eu\\\/2022\\\/06\\\/02\\\/transition-pathways-economie-proximite-social-tech\\\/#article\",\"isPartOf\":{\"@id\":\"https:\\\/\\\/socialgoodaccelerator.eu\\\/2022\\\/06\\\/02\\\/transition-pathways-economie-proximite-social-tech\\\/\"},\"author\":{\"name\":\"sogaccelerator\",\"@id\":\"https:\\\/\\\/socialgoodaccelerator.eu\\\/#\\\/schema\\\/person\\\/0320622db91fd4a2ddef724cbdee0c3e\"},\"headline\":\"Transition Pathways : des solutions pour l\u2019\u00e9conomie de proximit\u00e9 et la Social Tech\",\"datePublished\":\"2022-06-02T14:22:15+00:00\",\"dateModified\":\"2026-03-10T09:27:35+00:00\",\"mainEntityOfPage\":{\"@id\":\"https:\\\/\\\/socialgoodaccelerator.eu\\\/2022\\\/06\\\/02\\\/transition-pathways-economie-proximite-social-tech\\\/\"},\"wordCount\":1954,\"publisher\":{\"@id\":\"https:\\\/\\\/socialgoodaccelerator.eu\\\/#organization\"},\"image\":{\"@id\":\"https:\\\/\\\/socialgoodaccelerator.eu\\\/2022\\\/06\\\/02\\\/transition-pathways-economie-proximite-social-tech\\\/#primaryimage\"},\"thumbnailUrl\":\"https:\\\/\\\/i0.wp.com\\\/socialgoodaccelerator.eu\\\/wp-content\\\/uploads\\\/2021\\\/05\\\/euses-OECD-2.png?fit=1038%2C666&ssl=1\",\"keywords\":[\"Observatoire Social Tech &amp; ESS\"],\"articleSection\":[\"Notes de position\"],\"inLanguage\":\"en-GB\"},{\"@type\":\"WebPage\",\"@id\":\"https:\\\/\\\/socialgoodaccelerator.eu\\\/2022\\\/06\\\/02\\\/transition-pathways-economie-proximite-social-tech\\\/\",\"url\":\"https:\\\/\\\/socialgoodaccelerator.eu\\\/2022\\\/06\\\/02\\\/transition-pathways-economie-proximite-social-tech\\\/\",\"name\":\"Transition Pathways : des solutions pour l\u2019\u00e9conomie de proximit\u00e9 et la Social Tech - SOGA\",\"isPartOf\":{\"@id\":\"https:\\\/\\\/socialgoodaccelerator.eu\\\/#website\"},\"primaryImageOfPage\":{\"@id\":\"https:\\\/\\\/socialgoodaccelerator.eu\\\/2022\\\/06\\\/02\\\/transition-pathways-economie-proximite-social-tech\\\/#primaryimage\"},\"image\":{\"@id\":\"https:\\\/\\\/socialgoodaccelerator.eu\\\/2022\\\/06\\\/02\\\/transition-pathways-economie-proximite-social-tech\\\/#primaryimage\"},\"thumbnailUrl\":\"https:\\\/\\\/i0.wp.com\\\/socialgoodaccelerator.eu\\\/wp-content\\\/uploads\\\/2021\\\/05\\\/euses-OECD-2.png?fit=1038%2C666&ssl=1\",\"datePublished\":\"2022-06-02T14:22:15+00:00\",\"dateModified\":\"2026-03-10T09:27:35+00:00\",\"description\":\"Dans le cadre de la consultation europ\u00e9enne sur les Transition Pathways for Social Economy, le Social Good Accelerator a publi\u00e9 une note de contribution visant \u00e0 proposer des solutions concr\u00e8tes pour renforcer l\u2019\u00e9conomie sociale dans les transitions num\u00e9rique et \u00e9cologique.\",\"breadcrumb\":{\"@id\":\"https:\\\/\\\/socialgoodaccelerator.eu\\\/2022\\\/06\\\/02\\\/transition-pathways-economie-proximite-social-tech\\\/#breadcrumb\"},\"inLanguage\":\"en-GB\",\"potentialAction\":[{\"@type\":\"ReadAction\",\"target\":[\"https:\\\/\\\/socialgoodaccelerator.eu\\\/2022\\\/06\\\/02\\\/transition-pathways-economie-proximite-social-tech\\\/\"]}]},{\"@type\":\"ImageObject\",\"inLanguage\":\"en-GB\",\"@id\":\"https:\\\/\\\/socialgoodaccelerator.eu\\\/2022\\\/06\\\/02\\\/transition-pathways-economie-proximite-social-tech\\\/#primaryimage\",\"url\":\"https:\\\/\\\/i0.wp.com\\\/socialgoodaccelerator.eu\\\/wp-content\\\/uploads\\\/2021\\\/05\\\/euses-OECD-2.png?fit=1038%2C666&ssl=1\",\"contentUrl\":\"https:\\\/\\\/i0.wp.com\\\/socialgoodaccelerator.eu\\\/wp-content\\\/uploads\\\/2021\\\/05\\\/euses-OECD-2.png?fit=1038%2C666&ssl=1\",\"width\":1038,\"height\":666},{\"@type\":\"BreadcrumbList\",\"@id\":\"https:\\\/\\\/socialgoodaccelerator.eu\\\/2022\\\/06\\\/02\\\/transition-pathways-economie-proximite-social-tech\\\/#breadcrumb\",\"itemListElement\":[{\"@type\":\"ListItem\",\"position\":1,\"name\":\"Accueil\",\"item\":\"https:\\\/\\\/socialgoodaccelerator.eu\\\/\"},{\"@type\":\"ListItem\",\"position\":2,\"name\":\"Transition Pathways : des solutions pour l\u2019\u00e9conomie de proximit\u00e9 et la Social Tech\"}]},{\"@type\":\"WebSite\",\"@id\":\"https:\\\/\\\/socialgoodaccelerator.eu\\\/#website\",\"url\":\"https:\\\/\\\/socialgoodaccelerator.eu\\\/\",\"name\":\"Social Good Accelerator\",\"description\":\"Acc\u00e9l\u00e9rer l&#039;ESS num\u00e9rique\",\"publisher\":{\"@id\":\"https:\\\/\\\/socialgoodaccelerator.eu\\\/#organization\"},\"alternateName\":\"SOGA\",\"potentialAction\":[{\"@type\":\"SearchAction\",\"target\":{\"@type\":\"EntryPoint\",\"urlTemplate\":\"https:\\\/\\\/socialgoodaccelerator.eu\\\/?s={search_term_string}\"},\"query-input\":{\"@type\":\"PropertyValueSpecification\",\"valueRequired\":true,\"valueName\":\"search_term_string\"}}],\"inLanguage\":\"en-GB\"},{\"@type\":\"Organization\",\"@id\":\"https:\\\/\\\/socialgoodaccelerator.eu\\\/#organization\",\"name\":\"Social Good Accelerator\",\"alternateName\":\"SOGA\",\"url\":\"https:\\\/\\\/socialgoodaccelerator.eu\\\/\",\"logo\":{\"@type\":\"ImageObject\",\"inLanguage\":\"en-GB\",\"@id\":\"https:\\\/\\\/socialgoodaccelerator.eu\\\/#\\\/schema\\\/logo\\\/image\\\/\",\"url\":\"https:\\\/\\\/i0.wp.com\\\/socialgoodaccelerator.eu\\\/wp-content\\\/uploads\\\/2023\\\/10\\\/cropped-LOGO-SOGA-V-FR.png?fit=512%2C512&ssl=1\",\"contentUrl\":\"https:\\\/\\\/i0.wp.com\\\/socialgoodaccelerator.eu\\\/wp-content\\\/uploads\\\/2023\\\/10\\\/cropped-LOGO-SOGA-V-FR.png?fit=512%2C512&ssl=1\",\"width\":512,\"height\":512,\"caption\":\"Social Good Accelerator\"},\"image\":{\"@id\":\"https:\\\/\\\/socialgoodaccelerator.eu\\\/#\\\/schema\\\/logo\\\/image\\\/\"},\"sameAs\":[\"https:\\\/\\\/www.facebook.com\\\/SocialGoodAccel.EU\\\/\",\"https:\\\/\\\/www.youtube.com\\\/@socialgoodaccelerator772\",\"https:\\\/\\\/www.youtube.com\\\/@SocialTechAcademy-eg6hp\"]},{\"@type\":\"Person\",\"@id\":\"https:\\\/\\\/socialgoodaccelerator.eu\\\/#\\\/schema\\\/person\\\/0320622db91fd4a2ddef724cbdee0c3e\",\"name\":\"sogaccelerator\",\"image\":{\"@type\":\"ImageObject\",\"inLanguage\":\"en-GB\",\"@id\":\"https:\\\/\\\/secure.gravatar.com\\\/avatar\\\/99aef05386587650bb056a1275ce2e339bfe398930f37eb7262163da89aad453?s=96&d=mm&r=g\",\"url\":\"https:\\\/\\\/secure.gravatar.com\\\/avatar\\\/99aef05386587650bb056a1275ce2e339bfe398930f37eb7262163da89aad453?s=96&d=mm&r=g\",\"contentUrl\":\"https:\\\/\\\/secure.gravatar.com\\\/avatar\\\/99aef05386587650bb056a1275ce2e339bfe398930f37eb7262163da89aad453?s=96&d=mm&r=g\",\"caption\":\"sogaccelerator\"}}]}<\/script>\n<!-- \/ Yoast SEO plugin. -->",
    "yoast_head_json": {
        "title": "Transition Pathways : des solutions pour l\u2019\u00e9conomie de proximit\u00e9 et la Social Tech - SOGA",
        "description": "Dans le cadre de la consultation europ\u00e9enne sur les Transition Pathways for Social Economy, le Social Good Accelerator a publi\u00e9 une note de contribution visant \u00e0 proposer des solutions concr\u00e8tes pour renforcer l\u2019\u00e9conomie sociale dans les transitions num\u00e9rique et \u00e9cologique.",
        "robots": {
            "index": "index",
            "follow": "follow",
            "max-snippet": "max-snippet:-1",
            "max-image-preview": "max-image-preview:large",
            "max-video-preview": "max-video-preview:-1"
        },
        "canonical": "https:\/\/socialgoodaccelerator.eu\/en_gb\/2022\/06\/02\/transition-pathways-economie-proximite-social-tech\/",
        "og_locale": "en_GB",
        "og_type": "article",
        "og_title": "Transition Pathways : des solutions pour l\u2019\u00e9conomie de proximit\u00e9 et la Social Tech - SOGA",
        "og_description": "Dans le cadre de la consultation europ\u00e9enne sur les Transition Pathways for Social Economy, le Social Good Accelerator a publi\u00e9 une note de contribution visant \u00e0 proposer des solutions concr\u00e8tes pour renforcer l\u2019\u00e9conomie sociale dans les transitions num\u00e9rique et \u00e9cologique.",
        "og_url": "https:\/\/socialgoodaccelerator.eu\/en_gb\/2022\/06\/02\/transition-pathways-economie-proximite-social-tech\/",
        "og_site_name": "SOGA",
        "article_publisher": "https:\/\/www.facebook.com\/SocialGoodAccel.EU\/",
        "article_published_time": "2022-06-02T14:22:15+00:00",
        "article_modified_time": "2026-03-10T09:27:35+00:00",
        "og_image": [
            {
                "width": 1038,
                "height": 666,
                "url": "http:\/\/socialgoodaccelerator.eu\/wp-content\/uploads\/2021\/05\/euses-OECD-2.png",
                "type": "image\/png"
            }
        ],
        "author": "sogaccelerator",
        "twitter_card": "summary_large_image",
        "twitter_misc": {
            "Written by": "sogaccelerator",
            "Estimated reading time": "5 minutes"
        },
        "schema": {
            "@context": "https:\/\/schema.org",
            "@graph": [
                {
                    "@type": "Article",
                    "@id": "https:\/\/socialgoodaccelerator.eu\/2022\/06\/02\/transition-pathways-economie-proximite-social-tech\/#article",
                    "isPartOf": {
                        "@id": "https:\/\/socialgoodaccelerator.eu\/2022\/06\/02\/transition-pathways-economie-proximite-social-tech\/"
                    },
                    "author": {
                        "name": "sogaccelerator",
                        "@id": "https:\/\/socialgoodaccelerator.eu\/#\/schema\/person\/0320622db91fd4a2ddef724cbdee0c3e"
                    },
                    "headline": "Transition Pathways : des solutions pour l\u2019\u00e9conomie de proximit\u00e9 et la Social Tech",
                    "datePublished": "2022-06-02T14:22:15+00:00",
                    "dateModified": "2026-03-10T09:27:35+00:00",
                    "mainEntityOfPage": {
                        "@id": "https:\/\/socialgoodaccelerator.eu\/2022\/06\/02\/transition-pathways-economie-proximite-social-tech\/"
                    },
                    "wordCount": 1954,
                    "publisher": {
                        "@id": "https:\/\/socialgoodaccelerator.eu\/#organization"
                    },
                    "image": {
                        "@id": "https:\/\/socialgoodaccelerator.eu\/2022\/06\/02\/transition-pathways-economie-proximite-social-tech\/#primaryimage"
                    },
                    "thumbnailUrl": "https:\/\/i0.wp.com\/socialgoodaccelerator.eu\/wp-content\/uploads\/2021\/05\/euses-OECD-2.png?fit=1038%2C666&ssl=1",
                    "keywords": [
                        "Observatoire Social Tech &amp; ESS"
                    ],
                    "articleSection": [
                        "Notes de position"
                    ],
                    "inLanguage": "en-GB"
                },
                {
                    "@type": "WebPage",
                    "@id": "https:\/\/socialgoodaccelerator.eu\/2022\/06\/02\/transition-pathways-economie-proximite-social-tech\/",
                    "url": "https:\/\/socialgoodaccelerator.eu\/2022\/06\/02\/transition-pathways-economie-proximite-social-tech\/",
                    "name": "Transition Pathways : des solutions pour l\u2019\u00e9conomie de proximit\u00e9 et la Social Tech - SOGA",
                    "isPartOf": {
                        "@id": "https:\/\/socialgoodaccelerator.eu\/#website"
                    },
                    "primaryImageOfPage": {
                        "@id": "https:\/\/socialgoodaccelerator.eu\/2022\/06\/02\/transition-pathways-economie-proximite-social-tech\/#primaryimage"
                    },
                    "image": {
                        "@id": "https:\/\/socialgoodaccelerator.eu\/2022\/06\/02\/transition-pathways-economie-proximite-social-tech\/#primaryimage"
                    },
                    "thumbnailUrl": "https:\/\/i0.wp.com\/socialgoodaccelerator.eu\/wp-content\/uploads\/2021\/05\/euses-OECD-2.png?fit=1038%2C666&ssl=1",
                    "datePublished": "2022-06-02T14:22:15+00:00",
                    "dateModified": "2026-03-10T09:27:35+00:00",
                    "description": "Dans le cadre de la consultation europ\u00e9enne sur les Transition Pathways for Social Economy, le Social Good Accelerator a publi\u00e9 une note de contribution visant \u00e0 proposer des solutions concr\u00e8tes pour renforcer l\u2019\u00e9conomie sociale dans les transitions num\u00e9rique et \u00e9cologique.",
                    "breadcrumb": {
                        "@id": "https:\/\/socialgoodaccelerator.eu\/2022\/06\/02\/transition-pathways-economie-proximite-social-tech\/#breadcrumb"
                    },
                    "inLanguage": "en-GB",
                    "potentialAction": [
                        {
                            "@type": "ReadAction",
                            "target": [
                                "https:\/\/socialgoodaccelerator.eu\/2022\/06\/02\/transition-pathways-economie-proximite-social-tech\/"
                            ]
                        }
                    ]
                },
                {
                    "@type": "ImageObject",
                    "inLanguage": "en-GB",
                    "@id": "https:\/\/socialgoodaccelerator.eu\/2022\/06\/02\/transition-pathways-economie-proximite-social-tech\/#primaryimage",
                    "url": "https:\/\/i0.wp.com\/socialgoodaccelerator.eu\/wp-content\/uploads\/2021\/05\/euses-OECD-2.png?fit=1038%2C666&ssl=1",
                    "contentUrl": "https:\/\/i0.wp.com\/socialgoodaccelerator.eu\/wp-content\/uploads\/2021\/05\/euses-OECD-2.png?fit=1038%2C666&ssl=1",
                    "width": 1038,
                    "height": 666
                },
                {
                    "@type": "BreadcrumbList",
                    "@id": "https:\/\/socialgoodaccelerator.eu\/2022\/06\/02\/transition-pathways-economie-proximite-social-tech\/#breadcrumb",
                    "itemListElement": [
                        {
                            "@type": "ListItem",
                            "position": 1,
                            "name": "Accueil",
                            "item": "https:\/\/socialgoodaccelerator.eu\/"
                        },
                        {
                            "@type": "ListItem",
                            "position": 2,
                            "name": "Transition Pathways : des solutions pour l\u2019\u00e9conomie de proximit\u00e9 et la Social Tech"
                        }
                    ]
                },
                {
                    "@type": "WebSite",
                    "@id": "https:\/\/socialgoodaccelerator.eu\/#website",
                    "url": "https:\/\/socialgoodaccelerator.eu\/",
                    "name": "Social Good Accelerator",
                    "description": "Acc\u00e9l\u00e9rer l&#039;ESS num\u00e9rique",
                    "publisher": {
                        "@id": "https:\/\/socialgoodaccelerator.eu\/#organization"
                    },
                    "alternateName": "SOGA",
                    "potentialAction": [
                        {
                            "@type": "SearchAction",
                            "target": {
                                "@type": "EntryPoint",
                                "urlTemplate": "https:\/\/socialgoodaccelerator.eu\/?s={search_term_string}"
                            },
                            "query-input": {
                                "@type": "PropertyValueSpecification",
                                "valueRequired": true,
                                "valueName": "search_term_string"
                            }
                        }
                    ],
                    "inLanguage": "en-GB"
                },
                {
                    "@type": "Organization",
                    "@id": "https:\/\/socialgoodaccelerator.eu\/#organization",
                    "name": "Social Good Accelerator",
                    "alternateName": "SOGA",
                    "url": "https:\/\/socialgoodaccelerator.eu\/",
                    "logo": {
                        "@type": "ImageObject",
                        "inLanguage": "en-GB",
                        "@id": "https:\/\/socialgoodaccelerator.eu\/#\/schema\/logo\/image\/",
                        "url": "https:\/\/i0.wp.com\/socialgoodaccelerator.eu\/wp-content\/uploads\/2023\/10\/cropped-LOGO-SOGA-V-FR.png?fit=512%2C512&ssl=1",
                        "contentUrl": "https:\/\/i0.wp.com\/socialgoodaccelerator.eu\/wp-content\/uploads\/2023\/10\/cropped-LOGO-SOGA-V-FR.png?fit=512%2C512&ssl=1",
                        "width": 512,
                        "height": 512,
                        "caption": "Social Good Accelerator"
                    },
                    "image": {
                        "@id": "https:\/\/socialgoodaccelerator.eu\/#\/schema\/logo\/image\/"
                    },
                    "sameAs": [
                        "https:\/\/www.facebook.com\/SocialGoodAccel.EU\/",
                        "https:\/\/www.youtube.com\/@socialgoodaccelerator772",
                        "https:\/\/www.youtube.com\/@SocialTechAcademy-eg6hp"
                    ]
                },
                {
                    "@type": "Person",
                    "@id": "https:\/\/socialgoodaccelerator.eu\/#\/schema\/person\/0320622db91fd4a2ddef724cbdee0c3e",
                    "name": "sogaccelerator",
                    "image": {
                        "@type": "ImageObject",
                        "inLanguage": "en-GB",
                        "@id": "https:\/\/secure.gravatar.com\/avatar\/99aef05386587650bb056a1275ce2e339bfe398930f37eb7262163da89aad453?s=96&d=mm&r=g",
                        "url": "https:\/\/secure.gravatar.com\/avatar\/99aef05386587650bb056a1275ce2e339bfe398930f37eb7262163da89aad453?s=96&d=mm&r=g",
                        "contentUrl": "https:\/\/secure.gravatar.com\/avatar\/99aef05386587650bb056a1275ce2e339bfe398930f37eb7262163da89aad453?s=96&d=mm&r=g",
                        "caption": "sogaccelerator"
                    }
                }
            ]
        }
    },
    "jetpack_featured_media_url": "https:\/\/i0.wp.com\/socialgoodaccelerator.eu\/wp-content\/uploads\/2021\/05\/euses-OECD-2.png?fit=1038%2C666&ssl=1",
    "jetpack_likes_enabled": false,
    "jetpack-related-posts": [
        {
            "id": 57863,
            "url": "https:\/\/socialgoodaccelerator.eu\/en_gb\/2026\/04\/23\/lasuite-coop\/",
            "url_meta": {
                "origin": 50996,
                "position": 0
            },
            "title": "LaSuite.coop : l\u2019alternative num\u00e9rique coop\u00e9rative, libre et h\u00e9berg\u00e9e en Europe dont l\u2019ESS avait besoin",
            "author": "sogaccelerator",
            "date": "23 April 2026",
            "format": "gallery",
            "excerpt": "Abstract :\u00a0Chaque ann\u00e9e, 70 milliards d\u2019euros quittent la France en direction des \u00c9tats-Unis pour financer nos seuls usages num\u00e9riques. Derri\u00e8re\u2026",
            "rel": "",
            "context": "In &quot;Actualit\u00e9s de SOGA&quot;",
            "block_context": {
                "text": "Actualit\u00e9s de SOGA",
                "link": "https:\/\/socialgoodaccelerator.eu\/en_gb\/category\/actualites-de-soga\/"
            },
            "img": {
                "alt_text": "LaSuite.coop",
                "src": "https:\/\/i0.wp.com\/socialgoodaccelerator.eu\/wp-content\/uploads\/2026\/04\/Design-sans-titre-2-1-1.png?fit=1200%2C627&ssl=1&resize=350%2C200",
                "width": 350,
                "height": 200,
                "srcset": "https:\/\/i0.wp.com\/socialgoodaccelerator.eu\/wp-content\/uploads\/2026\/04\/Design-sans-titre-2-1-1.png?fit=1200%2C627&ssl=1&resize=350%2C200 1x, https:\/\/i0.wp.com\/socialgoodaccelerator.eu\/wp-content\/uploads\/2026\/04\/Design-sans-titre-2-1-1.png?fit=1200%2C627&ssl=1&resize=525%2C300 1.5x, https:\/\/i0.wp.com\/socialgoodaccelerator.eu\/wp-content\/uploads\/2026\/04\/Design-sans-titre-2-1-1.png?fit=1200%2C627&ssl=1&resize=700%2C400 2x, https:\/\/i0.wp.com\/socialgoodaccelerator.eu\/wp-content\/uploads\/2026\/04\/Design-sans-titre-2-1-1.png?fit=1200%2C627&ssl=1&resize=1050%2C600 3x"
            },
            "classes": []
        },
        {
            "id": 50186,
            "url": "https:\/\/socialgoodaccelerator.eu\/en_gb\/2021\/11\/30\/social-tech-atlas-why-a-single-map-for-a-thousand-social-organisations\/",
            "url_meta": {
                "origin": 50996,
                "position": 1
            },
            "title": "Social Tech Atlas: why a single map for a thousand social organisations?",
            "author": "sogaccelerator",
            "date": "30 November 2021",
            "format": false,
            "excerpt": "Until now, there was no European database gathering both organisations supporting social economy stakeholders in their digital transition and those offering alternative digital tools and services. This is now done with the Social Tech Atlas...",
            "rel": "",
            "context": "In &quot;Communs &amp; plaidoyer&quot;",
            "block_context": {
                "text": "Communs &amp; plaidoyer",
                "link": "https:\/\/socialgoodaccelerator.eu\/en_gb\/category\/communs-et-plaidoyer\/"
            },
            "img": {
                "alt_text": "Screenshot Social Tech Atlas",
                "src": "https:\/\/i0.wp.com\/socialgoodaccelerator.eu\/wp-content\/uploads\/2021\/11\/Capture-de%CC%81cran-2021-11-30-a%CC%80-12.32.33.png?fit=694%2C560&ssl=1&resize=350%2C200",
                "width": 350,
                "height": 200,
                "srcset": "https:\/\/i0.wp.com\/socialgoodaccelerator.eu\/wp-content\/uploads\/2021\/11\/Capture-de%CC%81cran-2021-11-30-a%CC%80-12.32.33.png?fit=694%2C560&ssl=1&resize=350%2C200 1x, https:\/\/i0.wp.com\/socialgoodaccelerator.eu\/wp-content\/uploads\/2021\/11\/Capture-de%CC%81cran-2021-11-30-a%CC%80-12.32.33.png?fit=694%2C560&ssl=1&resize=525%2C300 1.5x"
            },
            "classes": []
        },
        {
            "id": 50394,
            "url": "https:\/\/socialgoodaccelerator.eu\/en_gb\/2022\/03\/10\/open-letter\/",
            "url_meta": {
                "origin": 50996,
                "position": 2
            },
            "title": "Open letter: the necessary digital transition of the social economy",
            "author": "sogaccelerator",
            "date": "10 March 2022",
            "format": false,
            "excerpt": "In February 2021, the Social Good Accelerator and its 70 members maintained its vision in its open letter. A better world can only be made with the full support of social economy, which also has to be digitalised.",
            "rel": "",
            "context": "In &quot;Notes de position&quot;",
            "block_context": {
                "text": "Notes de position",
                "link": "https:\/\/socialgoodaccelerator.eu\/en_gb\/category\/notes-de-position\/"
            },
            "img": {
                "alt_text": "SOGA team flags Lisbon",
                "src": "https:\/\/i0.wp.com\/socialgoodaccelerator.eu\/wp-content\/uploads\/2018\/03\/flags.jpg?fit=1200%2C900&ssl=1&resize=350%2C200",
                "width": 350,
                "height": 200,
                "srcset": "https:\/\/i0.wp.com\/socialgoodaccelerator.eu\/wp-content\/uploads\/2018\/03\/flags.jpg?fit=1200%2C900&ssl=1&resize=350%2C200 1x, https:\/\/i0.wp.com\/socialgoodaccelerator.eu\/wp-content\/uploads\/2018\/03\/flags.jpg?fit=1200%2C900&ssl=1&resize=525%2C300 1.5x, https:\/\/i0.wp.com\/socialgoodaccelerator.eu\/wp-content\/uploads\/2018\/03\/flags.jpg?fit=1200%2C900&ssl=1&resize=700%2C400 2x, https:\/\/i0.wp.com\/socialgoodaccelerator.eu\/wp-content\/uploads\/2018\/03\/flags.jpg?fit=1200%2C900&ssl=1&resize=1050%2C600 3x"
            },
            "classes": []
        },
        {
            "id": 51087,
            "url": "https:\/\/socialgoodaccelerator.eu\/en_gb\/2022\/07\/07\/rapport-activite-2021\/",
            "url_meta": {
                "origin": 50996,
                "position": 3
            },
            "title": "Rapport d&#8217;activit\u00e9 2021",
            "author": "sogaccelerator",
            "date": "7 July 2022",
            "format": false,
            "excerpt": "Discover all the actions accomplished by the Social good Accelerator in 2021 and its perspectives for 2022 in this SOGA activity report.",
            "rel": "",
            "context": "In &quot;Rapport d'activit\u00e9&quot;",
            "block_context": {
                "text": "Rapport d'activit\u00e9",
                "link": "https:\/\/socialgoodaccelerator.eu\/en_gb\/category\/rapport-d-activite\/"
            },
            "img": {
                "alt_text": "Rapport d'activit\u00e9 2021",
                "src": "https:\/\/i0.wp.com\/socialgoodaccelerator.eu\/wp-content\/uploads\/2025\/08\/Titre-3.png?fit=1200%2C675&ssl=1&resize=350%2C200",
                "width": 350,
                "height": 200,
                "srcset": "https:\/\/i0.wp.com\/socialgoodaccelerator.eu\/wp-content\/uploads\/2025\/08\/Titre-3.png?fit=1200%2C675&ssl=1&resize=350%2C200 1x, https:\/\/i0.wp.com\/socialgoodaccelerator.eu\/wp-content\/uploads\/2025\/08\/Titre-3.png?fit=1200%2C675&ssl=1&resize=525%2C300 1.5x, https:\/\/i0.wp.com\/socialgoodaccelerator.eu\/wp-content\/uploads\/2025\/08\/Titre-3.png?fit=1200%2C675&ssl=1&resize=700%2C400 2x, https:\/\/i0.wp.com\/socialgoodaccelerator.eu\/wp-content\/uploads\/2025\/08\/Titre-3.png?fit=1200%2C675&ssl=1&resize=1050%2C600 3x"
            },
            "classes": []
        },
        {
            "id": 53114,
            "url": "https:\/\/socialgoodaccelerator.eu\/en_gb\/2023\/07\/07\/rapport-activite-2022\/",
            "url_meta": {
                "origin": 50996,
                "position": 4
            },
            "title": "Rapport d&#8217;activit\u00e9 2022",
            "author": "sogaccelerator",
            "date": "7 July 2023",
            "format": false,
            "excerpt": "Dive into our 2022 activity report to discover our achievements in accelerating the digital transition of social economy organisations and building a social and inclusive digital model on a European scale.",
            "rel": "",
            "context": "In &quot;Rapport d'activit\u00e9&quot;",
            "block_context": {
                "text": "Rapport d'activit\u00e9",
                "link": "https:\/\/socialgoodaccelerator.eu\/en_gb\/category\/rapport-d-activite\/"
            },
            "img": {
                "alt_text": "Rapport d'activit\u00e9 2022",
                "src": "https:\/\/i0.wp.com\/socialgoodaccelerator.eu\/wp-content\/uploads\/2025\/08\/Titre-2.png?fit=1200%2C675&ssl=1&resize=350%2C200",
                "width": 350,
                "height": 200,
                "srcset": "https:\/\/i0.wp.com\/socialgoodaccelerator.eu\/wp-content\/uploads\/2025\/08\/Titre-2.png?fit=1200%2C675&ssl=1&resize=350%2C200 1x, https:\/\/i0.wp.com\/socialgoodaccelerator.eu\/wp-content\/uploads\/2025\/08\/Titre-2.png?fit=1200%2C675&ssl=1&resize=525%2C300 1.5x, https:\/\/i0.wp.com\/socialgoodaccelerator.eu\/wp-content\/uploads\/2025\/08\/Titre-2.png?fit=1200%2C675&ssl=1&resize=700%2C400 2x, https:\/\/i0.wp.com\/socialgoodaccelerator.eu\/wp-content\/uploads\/2025\/08\/Titre-2.png?fit=1200%2C675&ssl=1&resize=1050%2C600 3x"
            },
            "classes": []
        },
        {
            "id": 50330,
            "url": "https:\/\/socialgoodaccelerator.eu\/en_gb\/2022\/01\/31\/the-social-good-accelerator-joins-the-pact-for-skills\/",
            "url_meta": {
                "origin": 50996,
                "position": 5
            },
            "title": "The Social Good Accelerator joins the Pact for Skills!",
            "author": "sogaccelerator",
            "date": "31 January 2022",
            "format": false,
            "excerpt": "At the end of 2020, European Commissioners Breton and Schmit made public the core of the EU's skills strategy, the Pact for Skills. They called on all European organisations involved in the upskilling of individuals to meet the EU's skills needs.",
            "rel": "",
            "context": "In &quot;Actualit\u00e9s de SOGA&quot;",
            "block_context": {
                "text": "Actualit\u00e9s de SOGA",
                "link": "https:\/\/socialgoodaccelerator.eu\/en_gb\/category\/actualites-de-soga\/"
            },
            "img": {
                "alt_text": "Pact for Skills",
                "src": "https:\/\/i0.wp.com\/socialgoodaccelerator.eu\/wp-content\/uploads\/2022\/01\/Screenshot-2020-02-18-10.45.45.png?fit=1023%2C572&ssl=1&resize=350%2C200",
                "width": 350,
                "height": 200,
                "srcset": "https:\/\/i0.wp.com\/socialgoodaccelerator.eu\/wp-content\/uploads\/2022\/01\/Screenshot-2020-02-18-10.45.45.png?fit=1023%2C572&ssl=1&resize=350%2C200 1x, https:\/\/i0.wp.com\/socialgoodaccelerator.eu\/wp-content\/uploads\/2022\/01\/Screenshot-2020-02-18-10.45.45.png?fit=1023%2C572&ssl=1&resize=525%2C300 1.5x, https:\/\/i0.wp.com\/socialgoodaccelerator.eu\/wp-content\/uploads\/2022\/01\/Screenshot-2020-02-18-10.45.45.png?fit=1023%2C572&ssl=1&resize=700%2C400 2x"
            },
            "classes": []
        }
    ],
    "jetpack_sharing_enabled": false,
    "jetpack_shortlink": "https:\/\/wp.me\/p9J6Qk-dgw",
    "_links": {
        "self": [
            {
                "href": "https:\/\/socialgoodaccelerator.eu\/en_gb\/wp-json\/wp\/v2\/posts\/50996",
                "targetHints": {
                    "allow": [
                        "GET"
                    ]
                }
            }
        ],
        "collection": [
            {
                "href": "https:\/\/socialgoodaccelerator.eu\/en_gb\/wp-json\/wp\/v2\/posts"
            }
        ],
        "about": [
            {
                "href": "https:\/\/socialgoodaccelerator.eu\/en_gb\/wp-json\/wp\/v2\/types\/post"
            }
        ],
        "author": [
            {
                "embeddable": true,
                "href": "https:\/\/socialgoodaccelerator.eu\/en_gb\/wp-json\/wp\/v2\/users\/1"
            }
        ],
        "replies": [
            {
                "embeddable": true,
                "href": "https:\/\/socialgoodaccelerator.eu\/en_gb\/wp-json\/wp\/v2\/comments?post=50996"
            }
        ],
        "version-history": [
            {
                "count": 14,
                "href": "https:\/\/socialgoodaccelerator.eu\/en_gb\/wp-json\/wp\/v2\/posts\/50996\/revisions"
            }
        ],
        "predecessor-version": [
            {
                "id": 57396,
                "href": "https:\/\/socialgoodaccelerator.eu\/en_gb\/wp-json\/wp\/v2\/posts\/50996\/revisions\/57396"
            }
        ],
        "wp:featuredmedia": [
            {
                "embeddable": true,
                "href": "https:\/\/socialgoodaccelerator.eu\/en_gb\/wp-json\/wp\/v2\/media\/49076"
            }
        ],
        "wp:attachment": [
            {
                "href": "https:\/\/socialgoodaccelerator.eu\/en_gb\/wp-json\/wp\/v2\/media?parent=50996"
            }
        ],
        "wp:term": [
            {
                "taxonomy": "category",
                "embeddable": true,
                "href": "https:\/\/socialgoodaccelerator.eu\/en_gb\/wp-json\/wp\/v2\/categories?post=50996"
            },
            {
                "taxonomy": "post_tag",
                "embeddable": true,
                "href": "https:\/\/socialgoodaccelerator.eu\/en_gb\/wp-json\/wp\/v2\/tags?post=50996"
            }
        ],
        "curies": [
            {
                "name": "wp",
                "href": "https:\/\/api.w.org\/{rel}",
                "templated": true
            }
        ]
    }
}