{
    "id": 49802,
    "date": "2021-09-27T16:28:07",
    "date_gmt": "2021-09-27T14:28:07",
    "guid": {
        "rendered": "https:\/\/socialgoodaccelerator.eu\/?p=49802"
    },
    "modified": "2026-03-09T10:44:11",
    "modified_gmt": "2026-03-09T09:44:11",
    "slug": "economie-sociale-ocde-global-action-2021",
    "status": "publish",
    "type": "post",
    "link": "https:\/\/socialgoodaccelerator.eu\/en_gb\/2021\/09\/27\/economie-sociale-ocde-global-action-2021\/",
    "title": {
        "rendered": "\u00c9conomie sociale : de la marge au c\u0153ur de l\u2019\u00e9conomie mondiale"
    },
    "content": {
        "rendered": "[et_pb_section fb_built=&#8221;1&#8243; theme_builder_area=&#8221;post_content&#8221; _builder_version=&#8221;4.27.4&#8243; _module_preset=&#8221;default&#8221; da_is_popup=&#8221;off&#8221; da_exit_intent=&#8221;off&#8221; da_has_close=&#8221;on&#8221; da_alt_close=&#8221;off&#8221; da_dark_close=&#8221;off&#8221; da_not_modal=&#8221;on&#8221; da_is_singular=&#8221;off&#8221; da_with_loader=&#8221;off&#8221; da_has_shadow=&#8221;on&#8221; da_disable_devices=&#8221;off|off|off&#8221;][et_pb_row _builder_version=&#8221;4.27.4&#8243; _module_preset=&#8221;default&#8221; theme_builder_area=&#8221;post_content&#8221;][et_pb_column _builder_version=&#8221;4.27.4&#8243; _module_preset=&#8221;default&#8221; type=&#8221;4_4&#8243; theme_builder_area=&#8221;post_content&#8221;][et_pb_heading title=&#8221;\u00c9conomie sociale : de la marge au c\u0153ur de l\u2019\u00e9conomie mondiale&#8221; _builder_version=&#8221;4.27.4&#8243; _module_preset=&#8221;default&#8221; theme_builder_area=&#8221;post_content&#8221; hover_enabled=&#8221;0&#8243; sticky_enabled=&#8221;0&#8243;][\/et_pb_heading][et_pb_text _builder_version=&#8221;4.27.4&#8243; _module_preset=&#8221;default&#8221; theme_builder_area=&#8221;post_content&#8221; background_color=&#8221;#2B2A5C&#8221; text_text_color=&#8221;#FFFFFF&#8221; custom_padding=&#8221;25px|25px|25px|25px|true|true&#8221; hover_enabled=&#8221;0&#8243; sticky_enabled=&#8221;0&#8243;]<p data-start=\"506\" data-end=\"771\">Du <strong data-start=\"509\" data-end=\"536\">13 au 16 septembre 2021<\/strong>, le <strong data-start=\"541\" data-end=\"575\">Social Good Accelerator (SOGA)<\/strong> a eu le plaisir de participer \u00e0 la <strong data-start=\"611\" data-end=\"686\">premi\u00e8re conf\u00e9rence internationale du programme Global Action de l\u2019OCDE<\/strong>, consacr\u00e9e \u00e0 la <strong data-start=\"703\" data-end=\"768\">promotion des \u00e9cosyst\u00e8mes de l\u2019\u00e9conomie sociale dans le monde<\/strong>.<\/p>\n<p data-start=\"773\" data-end=\"1051\">Lanc\u00e9 en 2020 et financ\u00e9 par l\u2019<strong data-start=\"804\" data-end=\"865\">Instrument de partenariat ext\u00e9rieur de l\u2019Union europ\u00e9enne<\/strong>, ce programme couvre plus de <strong data-start=\"895\" data-end=\"906\">30 pays<\/strong> sur trois ans, incluant l\u2019ensemble des \u00c9tats membres de l\u2019UE ainsi que le <strong data-start=\"981\" data-end=\"1050\">Br\u00e9sil, le Canada, l\u2019Inde, la Cor\u00e9e, le Mexique et les \u00c9tats-Unis<\/strong>.<\/p>\n<p data-start=\"1053\" data-end=\"1185\">Cet \u00e9v\u00e9nement a r\u00e9uni <strong data-start=\"1075\" data-end=\"1131\">des centaines de d\u00e9cideurs, chercheurs et praticiens<\/strong> de l\u2019\u00e9conomie sociale autour d\u2019un objectif commun :<\/p>\n<blockquote data-start=\"1186\" data-end=\"1302\"><p data-start=\"1188\" data-end=\"1302\">renforcer la r\u00e9silience, la durabilit\u00e9 et l\u2019impact social des mod\u00e8les \u00e9conomiques solidaires \u00e0 l\u2019\u00e9chelle mondiale.<\/p>\n<\/blockquote>[\/et_pb_text][\/et_pb_column][\/et_pb_row][et_pb_row _builder_version=&#8221;4.27.4&#8243; _module_preset=&#8221;default&#8221; column_structure=&#8221;2_5,3_5&#8243; theme_builder_area=&#8221;post_content&#8221;][et_pb_column _builder_version=&#8221;4.27.4&#8243; _module_preset=&#8221;default&#8221; type=&#8221;2_5&#8243; theme_builder_area=&#8221;post_content&#8221;][et_pb_image src=&#8221;http:\/\/socialgoodaccelerator.eu\/wp-content\/uploads\/2021\/09\/oecd_event.jpeg&#8221; alt=&#8221;G7 leaders&#8221; title_text=&#8221;oecd_event&#8221; _builder_version=&#8221;4.16&#8243; _module_preset=&#8221;default&#8221; custom_margin=&#8221;||0px|||&#8221; global_colors_info=&#8221;{}&#8221; theme_builder_area=&#8221;post_content&#8221;][\/et_pb_image][et_pb_text _builder_version=&#8221;4.16&#8243; _module_preset=&#8221;default&#8221; custom_padding=&#8221;0px||0px|||&#8221; global_colors_info=&#8221;{}&#8221; theme_builder_area=&#8221;post_content&#8221;]<h6><span style=\"color: #163074; font-size: small;\">Overview of the event organized by the OECD from 13th to 16th of September, 2021.<br \/><\/span><\/h6>\n<h6><span style=\"font-size: x-small;\"><em><span style=\"color: #163074;\">Source: UNSSE<br \/><\/span><\/em><\/span><\/h6>[\/et_pb_text][\/et_pb_column][et_pb_column _builder_version=&#8221;4.27.4&#8243; _module_preset=&#8221;default&#8221; type=&#8221;3_5&#8243; theme_builder_area=&#8221;post_content&#8221;][et_pb_heading title=&#8221;L\u2019\u00e9conomie sociale, moteur de r\u00e9silience et de relance post-Covid&#8221; _builder_version=&#8221;4.27.4&#8243; _module_preset=&#8221;default&#8221; theme_builder_area=&#8221;post_content&#8221; title_level=&#8221;h2&#8243; hover_enabled=&#8221;0&#8243; sticky_enabled=&#8221;0&#8243;][\/et_pb_heading][et_pb_text _builder_version=&#8221;4.27.4&#8243; _module_preset=&#8221;default&#8221; theme_builder_area=&#8221;post_content&#8221; hover_enabled=&#8221;0&#8243; sticky_enabled=&#8221;0&#8243;]<p data-start=\"1382\" data-end=\"1597\">Le programme <strong data-start=\"1395\" data-end=\"1417\">OECD Global Action<\/strong> est n\u00e9 d\u2019un constat partag\u00e9 :<br data-start=\"1447\" data-end=\"1450\" \/>l\u2019\u00e9conomie sociale est l\u2019un des leviers les plus puissants pour <strong data-start=\"1514\" data-end=\"1596\">r\u00e9pondre aux in\u00e9galit\u00e9s croissantes, au ch\u00f4mage et aux enjeux environnementaux<\/strong>.<\/p>\n<p data-start=\"1599\" data-end=\"1671\">L\u2019OCDE et la Commission europ\u00e9enne promeuvent une conviction commune :<\/p>\n<blockquote data-start=\"1672\" data-end=\"1781\"><p data-start=\"1674\" data-end=\"1781\">l\u2019\u00e9conomie sociale constitue une voie privil\u00e9gi\u00e9e vers une croissance <strong data-start=\"1744\" data-end=\"1780\">inclusive, durable et r\u00e9siliente<\/strong>.<\/p>\n<\/blockquote>\n<p data-start=\"1783\" data-end=\"1824\">Les objectifs du programme sont triples :<\/p>\n<ul data-start=\"1825\" data-end=\"2130\">\n<li data-start=\"1825\" data-end=\"1911\">\n<p data-start=\"1827\" data-end=\"1911\"><strong data-start=\"1827\" data-end=\"1882\">Soutenir le d\u00e9veloppement et l\u2019internationalisation<\/strong> des entreprises sociales ;<\/p>\n<\/li>\n<li data-start=\"1912\" data-end=\"2034\">\n<p data-start=\"1914\" data-end=\"2034\"><strong data-start=\"1914\" data-end=\"1959\">Renforcer les capacit\u00e9s et la coop\u00e9ration<\/strong> pour cr\u00e9er des \u00e9cosyst\u00e8mes nationaux et locaux favorables \u00e0 leur essor ;<\/p>\n<\/li>\n<li data-start=\"2035\" data-end=\"2130\">\n<p data-start=\"2037\" data-end=\"2130\"><strong data-start=\"2037\" data-end=\"2103\">Favoriser les \u00e9changes de connaissances et de bonnes pratiques<\/strong> au niveau international.<\/p>\n<\/li>\n<\/ul>\n<p data-start=\"2132\" data-end=\"2545\">Les discussions, anim\u00e9es notamment par <strong data-start=\"2171\" data-end=\"2189\">Nicolas Schmit<\/strong> (commissaire europ\u00e9en \u00e0 l\u2019emploi et aux droits sociaux), <strong data-start=\"2247\" data-end=\"2266\">Olivia Gr\u00e9goire<\/strong> (secr\u00e9taire d\u2019\u00c9tat \u00e0 l\u2019\u00e9conomie sociale et solidaire), <strong data-start=\"2322\" data-end=\"2335\">Guy Ryder<\/strong> (directeur g\u00e9n\u00e9ral de l\u2019OIT) et <strong data-start=\"2368\" data-end=\"2387\">V\u00edctor Meseguer<\/strong> (directeur de Social Economy Europe), ont mis en lumi\u00e8re le r\u00f4le croissant de l\u2019\u00e9conomie sociale dans la <strong data-start=\"2493\" data-end=\"2544\">reconstruction \u00e9conomique et sociale post-Covid<\/strong>.<\/p>[\/et_pb_text][\/et_pb_column][\/et_pb_row][et_pb_row _builder_version=&#8221;4.27.4&#8243; _module_preset=&#8221;default&#8221; theme_builder_area=&#8221;post_content&#8221;][et_pb_column _builder_version=&#8221;4.27.4&#8243; _module_preset=&#8221;default&#8221; type=&#8221;4_4&#8243; theme_builder_area=&#8221;post_content&#8221;][et_pb_heading title=&#8221;Un levier international pour un d\u00e9veloppement durable et inclusif&#8221; _builder_version=&#8221;4.27.4&#8243; _module_preset=&#8221;default&#8221; theme_builder_area=&#8221;post_content&#8221; title_level=&#8221;h2&#8243; hover_enabled=&#8221;0&#8243; sticky_enabled=&#8221;0&#8243;][\/et_pb_heading][et_pb_text _builder_version=&#8221;4.27.4&#8243; _module_preset=&#8221;default&#8221; theme_builder_area=&#8221;post_content&#8221; hover_enabled=&#8221;0&#8243; sticky_enabled=&#8221;0&#8243;]<p data-start=\"2625\" data-end=\"2857\">Longtemps per\u00e7ue comme marginale, l\u2019\u00e9conomie sociale est d\u00e9sormais <strong data-start=\"2692\" data-end=\"2728\">au c\u0153ur des politiques publiques<\/strong>.<br data-start=\"2729\" data-end=\"2732\" \/>Les gouvernements reconnaissent de plus en plus son <strong data-start=\"2784\" data-end=\"2856\">potentiel d\u2019innovation, de cr\u00e9ation d\u2019emplois et de coh\u00e9sion sociale<\/strong>.<\/p>\n<p data-start=\"2859\" data-end=\"3131\">Selon <strong data-start=\"2865\" data-end=\"2883\">Nicolas Schmit<\/strong>, l\u2019\u00e9conomie sociale repr\u00e9sente d\u00e9j\u00e0 <strong data-start=\"2920\" data-end=\"2948\">entre 1 % et 10 % du PIB<\/strong> des \u00c9tats membres de l\u2019Union europ\u00e9enne, et ses entreprises <strong data-start=\"3009\" data-end=\"3054\">cr\u00e9ent pr\u00e8s de 10 % des emplois europ\u00e9ens<\/strong> \u2014 des emplois de qualit\u00e9 favorisant <strong data-start=\"3091\" data-end=\"3130\">l\u2019inclusion des publics vuln\u00e9rables<\/strong>.<\/p>\n<p data-start=\"3133\" data-end=\"3486\">Pour l\u2019OCDE, le d\u00e9fi est d\u00e9sormais clair : <strong data-start=\"3176\" data-end=\"3214\">accro\u00eetre la visibilit\u00e9 du secteur<\/strong> et <strong data-start=\"3218\" data-end=\"3257\">soutenir les r\u00e9seaux de coop\u00e9ration<\/strong> afin de passer d\u2019une \u201c\u00e9conomie alternative\u201d \u00e0 une <strong data-start=\"3308\" data-end=\"3333\">\u00e9conomie de r\u00e9f\u00e9rence<\/strong>.<br data-start=\"3334\" data-end=\"3337\" \/>L\u2019\u00e9conomie sociale n\u2019est plus un mod\u00e8le parall\u00e8le, mais une <strong data-start=\"3397\" data-end=\"3429\">solution \u00e9conomique compl\u00e8te<\/strong>, capable de concilier <strong data-start=\"3452\" data-end=\"3485\">valeur, justice et durabilit\u00e9<\/strong>.<\/p>[\/et_pb_text][\/et_pb_column][\/et_pb_row][et_pb_row _builder_version=&#8221;4.27.4&#8243; _module_preset=&#8221;default&#8221; column_structure=&#8221;3_5,2_5&#8243; theme_builder_area=&#8221;post_content&#8221;][et_pb_column _builder_version=&#8221;4.27.4&#8243; _module_preset=&#8221;default&#8221; type=&#8221;3_5&#8243; theme_builder_area=&#8221;post_content&#8221;][et_pb_heading title=&#8221;Trois leviers pour d\u00e9velopper l\u2019\u00e9conomie sociale selon Olivia Gr\u00e9goire&#8221; _builder_version=&#8221;4.27.4&#8243; _module_preset=&#8221;default&#8221; theme_builder_area=&#8221;post_content&#8221; title_level=&#8221;h2&#8243; hover_enabled=&#8221;0&#8243; sticky_enabled=&#8221;0&#8243;][\/et_pb_heading][et_pb_text _builder_version=&#8221;4.27.4&#8243; _module_preset=&#8221;default&#8221; theme_builder_area=&#8221;post_content&#8221; hover_enabled=&#8221;0&#8243; sticky_enabled=&#8221;0&#8243;]<p data-start=\"3571\" data-end=\"3743\">La secr\u00e9taire d\u2019\u00c9tat \u00e0 l\u2019\u00c9conomie sociale et solidaire, <strong data-start=\"3627\" data-end=\"3646\">Olivia Gr\u00e9goire<\/strong>, a identifi\u00e9 <strong data-start=\"3660\" data-end=\"3682\">trois axes majeurs<\/strong> pour faire passer l\u2019\u00e9conomie sociale \u201cde la marge au c\u0153ur\u201d :<\/p>\n<h3 data-start=\"3745\" data-end=\"3767\">1\ufe0f\u20e3 Simplification<\/h3>\n<p data-start=\"3768\" data-end=\"4168\">Les acteurs de l\u2019\u00e9conomie sociale doivent pouvoir <strong data-start=\"3818\" data-end=\"3872\">acc\u00e9der plus facilement aux financements europ\u00e9ens<\/strong>.<br data-start=\"3873\" data-end=\"3876\" \/>Les d\u00e9lais entre la demande et l\u2019obtention de subventions restent trop longs.<br data-start=\"3953\" data-end=\"3956\" \/>Olivia Gr\u00e9goire propose de cr\u00e9er des <strong data-start=\"3993\" data-end=\"4012\">guichets d\u00e9di\u00e9s<\/strong> et des <strong data-start=\"4020\" data-end=\"4050\">guichets uniques europ\u00e9ens<\/strong> pour les structures de l\u2019ESS, afin de <strong data-start=\"4089\" data-end=\"4167\">faciliter l\u2019acc\u00e8s aux aides et la reconnaissance de leur mod\u00e8le sp\u00e9cifique<\/strong>.<\/p>\n<h3 data-start=\"4175\" data-end=\"4194\">2\ufe0f\u20e3 Coop\u00e9ration<\/h3>\n<p data-start=\"4195\" data-end=\"4633\">La coop\u00e9ration est l\u2019<strong data-start=\"4216\" data-end=\"4245\">ADN de l\u2019\u00e9conomie sociale<\/strong>.<br data-start=\"4246\" data-end=\"4249\" \/>Olivia Gr\u00e9goire a cit\u00e9 l\u2019exemple d\u2019<strong data-start=\"4284\" data-end=\"4293\">Acome<\/strong>, une <strong data-start=\"4299\" data-end=\"4349\">SCOP leader sur le march\u00e9 europ\u00e9en des r\u00e9seaux<\/strong>, qui concurrence les mod\u00e8les am\u00e9ricains et chinois gr\u00e2ce \u00e0 son innovation coop\u00e9rative.<br data-start=\"4436\" data-end=\"4439\" \/>Pourtant, faute de <strong data-start=\"4458\" data-end=\"4497\">syst\u00e8mes de reconnaissance mutuelle<\/strong>, son d\u00e9veloppement reste frein\u00e9 \u00e0 l\u2019international.<br data-start=\"4548\" data-end=\"4551\" \/>La cr\u00e9ation de <strong data-start=\"4566\" data-end=\"4609\">cadres r\u00e9glementaires europ\u00e9ens adapt\u00e9s<\/strong> est donc indispensable.<\/p>\n<h3 data-start=\"4640\" data-end=\"4658\">3\ufe0f\u20e3 Innovation<\/h3>\n<p data-start=\"4659\" data-end=\"5039\">Le financement de l\u2019innovation sociale passe par des outils hybrides.<br data-start=\"4728\" data-end=\"4731\" \/>Parmi eux : les <strong data-start=\"4747\" data-end=\"4770\">Social Impact Bonds<\/strong> (obligations \u00e0 impact social), qui associent acteurs publics et priv\u00e9s pour financer des projets selon leurs <strong data-start=\"4880\" data-end=\"4921\">r\u00e9sultats sociaux et environnementaux<\/strong>.<br data-start=\"4922\" data-end=\"4925\" \/>Ce mod\u00e8le de partenariat bas\u00e9 sur la performance pourrait <strong data-start=\"4983\" data-end=\"5038\">acc\u00e9l\u00e9rer le financement de la transition solidaire<\/strong>.<\/p>[\/et_pb_text][\/et_pb_column][et_pb_column _builder_version=&#8221;4.27.4&#8243; _module_preset=&#8221;default&#8221; type=&#8221;2_5&#8243; theme_builder_area=&#8221;post_content&#8221;][et_pb_image src=&#8221;https:\/\/upload.wikimedia.org\/wikipedia\/commons\/thumb\/d\/d3\/Ch%C3%A2teau_de_la_Muette%2C_Paris_19_March_2019_001.jpg\/1024px-Ch%C3%A2teau_de_la_Muette%2C_Paris_19_March_2019_001.jpg&#8221; alt=&#8221;cornwall&#8221; title_text=&#8221;CJUE&#8221; _builder_version=&#8221;4.16&#8243; _module_preset=&#8221;default&#8221; custom_margin=&#8221;||0px|||&#8221; global_colors_info=&#8221;{}&#8221; theme_builder_area=&#8221;post_content&#8221;][\/et_pb_image][et_pb_text _builder_version=&#8221;4.16&#8243; _module_preset=&#8221;default&#8221; custom_padding=&#8221;0px||0px|||&#8221; global_colors_info=&#8221;{}&#8221; theme_builder_area=&#8221;post_content&#8221;]<h6><span style=\"color: #163074; font-size: small;\">The Ch\u00e2teau de la Muette in Paris, one of the main building of the Organisation for Economic Co-operation and Development&#8217;s headquarters<br \/><\/span><\/h6>\n<h6><em><span style=\"color: #163074; font-size: x-small;\">Source: MySociety, Flickr<br \/><\/span><\/em><\/h6>[\/et_pb_text][\/et_pb_column][\/et_pb_row][et_pb_row _builder_version=&#8221;4.27.4&#8243; _module_preset=&#8221;default&#8221; theme_builder_area=&#8221;post_content&#8221;][et_pb_column _builder_version=&#8221;4.27.4&#8243; _module_preset=&#8221;default&#8221; type=&#8221;4_4&#8243; theme_builder_area=&#8221;post_content&#8221;][et_pb_image src=&#8221;https:\/\/upload.wikimedia.org\/wikipedia\/commons\/thumb\/4\/4c\/OECD_member_states_map.svg\/langfr-1280px-OECD_member_states_map.svg.png&#8221; alt=&#8221;mannheim stadt&#8221; title_text=&#8221;1024px-Hearings_Nicolas_Schmit_(Luxembourg)_-_Jobs_(48825655616)&#8221; align=&#8221;center&#8221; _builder_version=&#8221;4.16&#8243; _module_preset=&#8221;default&#8221; width=&#8221;45%&#8221; custom_margin=&#8221;||0px|||&#8221; global_colors_info=&#8221;{}&#8221; theme_builder_area=&#8221;post_content&#8221;][\/et_pb_image][et_pb_text _builder_version=&#8221;4.16&#8243; _module_preset=&#8221;default&#8221; min_height=&#8221;16px&#8221; custom_padding=&#8221;0px||0px|||&#8221; global_colors_info=&#8221;{}&#8221; theme_builder_area=&#8221;post_content&#8221;]<h6 style=\"text-align: center;\"><span style=\"color: #163074; font-size: small;\">Founding members (dark blue) and members (light blue) of the OECD<\/span><span style=\"color: #163074; font-size: small;\"><\/span><\/h6>[\/et_pb_text][\/et_pb_column][\/et_pb_row][et_pb_row _builder_version=&#8221;4.27.4&#8243; _module_preset=&#8221;default&#8221; theme_builder_area=&#8221;post_content&#8221;][et_pb_column _builder_version=&#8221;4.27.4&#8243; _module_preset=&#8221;default&#8221; type=&#8221;4_4&#8243; theme_builder_area=&#8221;post_content&#8221;][et_pb_heading title=&#8221;Vers une reconnaissance mondiale de l\u2019\u00e9conomie sociale&#8221; _builder_version=&#8221;4.27.4&#8243; _module_preset=&#8221;default&#8221; theme_builder_area=&#8221;post_content&#8221; title_level=&#8221;h2&#8243; hover_enabled=&#8221;0&#8243; sticky_enabled=&#8221;0&#8243;][\/et_pb_heading][et_pb_text _builder_version=&#8221;4.27.4&#8243; _module_preset=&#8221;default&#8221; theme_builder_area=&#8221;post_content&#8221; hover_enabled=&#8221;0&#8243; sticky_enabled=&#8221;0&#8243;]<p data-start=\"5108\" data-end=\"5425\">Comme l\u2019a rappel\u00e9 <strong data-start=\"5126\" data-end=\"5139\">Guy Ryder<\/strong> (Organisation internationale du travail), les organisations de l\u2019\u00e9conomie sociale sont <strong data-start=\"5227\" data-end=\"5272\">au c\u0153ur de la relance \u00e9conomique mondiale<\/strong>.<br data-start=\"5273\" data-end=\"5276\" \/>L\u2019OIT a d\u2019ailleurs publi\u00e9 <strong data-start=\"5302\" data-end=\"5324\">93 recommandations<\/strong> pour guider les politiques publiques vers plus de <strong data-start=\"5375\" data-end=\"5424\">justice, solidarit\u00e9 et responsabilit\u00e9 sociale<\/strong>.<\/p>\n<p data-start=\"5427\" data-end=\"5472\">Pour <strong data-start=\"5432\" data-end=\"5449\">Patrizia Toia<\/strong>, d\u00e9put\u00e9e europ\u00e9enne,<\/p>\n<blockquote data-start=\"5473\" data-end=\"5530\"><p data-start=\"5475\" data-end=\"5530\"><em data-start=\"5475\" data-end=\"5530\">\u00ab l\u2019\u00e9conomie sociale est un tr\u00e9sor pour l\u2019humanit\u00e9 \u00bb.<\/em><\/p>\n<\/blockquote>\n<p data-start=\"5532\" data-end=\"5562\">Et pour <strong data-start=\"5540\" data-end=\"5559\">Olivia Gr\u00e9goire<\/strong>,<\/p>\n<blockquote data-start=\"5563\" data-end=\"5748\"><p data-start=\"5565\" data-end=\"5748\"><em data-start=\"5565\" data-end=\"5748\">\u00ab il est temps d\u2019ouvrir les fen\u00eatres et les portes de la maison de l\u2019\u00e9conomie sociale, afin qu\u2019elle ne repr\u00e9sente plus 10 % du PIB mais 30 % \u2014 ce dont elle est pleinement capable. \u00bb<\/em><\/p>\n<\/blockquote>[\/et_pb_text][\/et_pb_column][\/et_pb_row][\/et_pb_section][et_pb_section fb_built=&#8221;1&#8243; _builder_version=&#8221;4.27.4&#8243; _module_preset=&#8221;default&#8221; background_color=&#8221;#2B2A5C&#8221; custom_margin=&#8221;||-2px|||&#8221; custom_padding=&#8221;20px||4px|||&#8221; locked=&#8221;off&#8221; global_colors_info=&#8221;{}&#8221; theme_builder_area=&#8221;post_content&#8221; da_is_popup=&#8221;off&#8221; da_exit_intent=&#8221;off&#8221; da_has_close=&#8221;on&#8221; da_alt_close=&#8221;off&#8221; da_dark_close=&#8221;off&#8221; da_not_modal=&#8221;on&#8221; da_is_singular=&#8221;off&#8221; da_with_loader=&#8221;off&#8221; da_has_shadow=&#8221;on&#8221; da_disable_devices=&#8221;off|off|off&#8221;][et_pb_row _builder_version=&#8221;4.27.4&#8243; _module_preset=&#8221;default&#8221; global_colors_info=&#8221;{}&#8221; theme_builder_area=&#8221;post_content&#8221;][et_pb_column type=&#8221;4_4&#8243; _builder_version=&#8221;4.27.4&#8243; _module_preset=&#8221;default&#8221; global_colors_info=&#8221;{}&#8221; theme_builder_area=&#8221;post_content&#8221;][et_pb_heading title=&#8221;FAQ \u2014 \u00c9conomie sociale mondiale et coop\u00e9ration internationale&#8221; _builder_version=&#8221;4.27.4&#8243; _module_preset=&#8221;default&#8221; title_level=&#8221;h2&#8243; title_text_color=&#8221;#FFFFFF&#8221; hover_enabled=&#8221;0&#8243; global_colors_info=&#8221;{}&#8221; theme_builder_area=&#8221;post_content&#8221; sticky_enabled=&#8221;0&#8243;][\/et_pb_heading][\/et_pb_column][\/et_pb_row][et_pb_row _builder_version=&#8221;4.27.4&#8243; _module_preset=&#8221;default&#8221; global_colors_info=&#8221;{}&#8221; theme_builder_area=&#8221;post_content&#8221;][et_pb_column type=&#8221;4_4&#8243; _builder_version=&#8221;4.27.4&#8243; _module_preset=&#8221;default&#8221; global_colors_info=&#8221;{}&#8221; theme_builder_area=&#8221;post_content&#8221;][et_pb_accordion _builder_version=&#8221;4.27.4&#8243; _module_preset=&#8221;default&#8221; hover_enabled=&#8221;0&#8243; border_radii=&#8221;on|30px|30px|30px|30px&#8221; global_colors_info=&#8221;{}&#8221; theme_builder_area=&#8221;post_content&#8221; sticky_enabled=&#8221;0&#8243;][et_pb_accordion_item title=&#8221;Qu\u2019est-ce que le programme Global Action de l\u2019OCDE ?&#8221; open=&#8221;on&#8221; _builder_version=&#8221;4.27.4&#8243; _module_preset=&#8221;default&#8221; hover_enabled=&#8221;0&#8243; global_colors_info=&#8221;{}&#8221; theme_builder_area=&#8221;post_content&#8221; sticky_enabled=&#8221;0&#8243;]<p>Le <strong data-start=\"5890\" data-end=\"5917\">programme Global Action<\/strong> vise \u00e0 <strong data-start=\"5925\" data-end=\"5997\">renforcer les \u00e9cosyst\u00e8mes de l\u2019\u00e9conomie sociale \u00e0 l\u2019\u00e9chelle mondiale<\/strong>.<br data-start=\"5998\" data-end=\"6001\" \/>Financ\u00e9 par l\u2019Union europ\u00e9enne, il couvre plus de <strong data-start=\"6051\" data-end=\"6062\">30 pays<\/strong> pour <strong data-start=\"6068\" data-end=\"6139\">soutenir, internationaliser et visibiliser les entreprises sociales<\/strong>.<\/p>[\/et_pb_accordion_item][et_pb_accordion_item title=&#8221;Pourquoi ce programme est-il important ?&#8221; _builder_version=&#8221;4.27.4&#8243; _module_preset=&#8221;default&#8221; hover_enabled=&#8221;0&#8243; global_colors_info=&#8221;{}&#8221; theme_builder_area=&#8221;post_content&#8221; open=&#8221;off&#8221; sticky_enabled=&#8221;0&#8243;]<p>Parce qu\u2019il positionne enfin <strong data-start=\"6224\" data-end=\"6291\">l\u2019\u00e9conomie sociale comme moteur central de croissance inclusive<\/strong>.<br data-start=\"6292\" data-end=\"6295\" \/>Il favorise la <strong data-start=\"6310\" data-end=\"6340\">coop\u00e9ration internationale<\/strong>, la <strong data-start=\"6345\" data-end=\"6376\">cr\u00e9ation d\u2019emplois durables<\/strong> et la <strong data-start=\"6383\" data-end=\"6411\">r\u00e9duction des in\u00e9galit\u00e9s<\/strong>, tout en s\u2019alignant sur les <strong data-start=\"6440\" data-end=\"6484\">objectifs de d\u00e9veloppement durable (ODD)<\/strong>.<\/p>[\/et_pb_accordion_item][et_pb_accordion_item title=&#8221;Quels sont les principaux d\u00e9fis du secteur ?&#8221; _builder_version=&#8221;4.27.4&#8243; _module_preset=&#8221;default&#8221; theme_builder_area=&#8221;post_content&#8221; hover_enabled=&#8221;0&#8243; sticky_enabled=&#8221;0&#8243;]<p data-start=\"6544\" data-end=\"6572\">Les freins identifi\u00e9s sont :<\/p>\n<ul data-start=\"6573\" data-end=\"6799\">\n<li data-start=\"6573\" data-end=\"6646\">\n<p data-start=\"6575\" data-end=\"6646\">la <strong data-start=\"6578\" data-end=\"6607\">complexit\u00e9 administrative<\/strong> et le manque d\u2019acc\u00e8s au financement,<\/p>\n<\/li>\n<li data-start=\"6647\" data-end=\"6703\">\n<p data-start=\"6649\" data-end=\"6703\">l\u2019absence de <strong data-start=\"6662\" data-end=\"6700\">reconnaissance mutuelle entre pays<\/strong>,<\/p>\n<\/li>\n<li data-start=\"6704\" data-end=\"6799\">\n<p data-start=\"6706\" data-end=\"6799\">et la <strong data-start=\"6712\" data-end=\"6758\">faible capacit\u00e9 d\u2019innovation technologique<\/strong> du secteur par manque d\u2019investissements.<\/p>\n<\/li>\n<\/ul>[\/et_pb_accordion_item][et_pb_accordion_item title=&#8221;Comment l\u2019Union europ\u00e9enne soutient-elle l\u2019\u00e9conomie sociale ?&#8221; _builder_version=&#8221;4.27.4&#8243; _module_preset=&#8221;default&#8221; theme_builder_area=&#8221;post_content&#8221; hover_enabled=&#8221;0&#8243; sticky_enabled=&#8221;0&#8243;]<p data-start=\"6875\" data-end=\"6910\">L\u2019Union europ\u00e9enne agit \u00e0 travers :<\/p>\n<ul data-start=\"6911\" data-end=\"7133\">\n<li data-start=\"6911\" data-end=\"6976\">\n<p data-start=\"6913\" data-end=\"6976\">le <strong data-start=\"6916\" data-end=\"6973\">Plan d\u2019action europ\u00e9en pour l\u2019\u00e9conomie sociale (2021)<\/strong>,<\/p>\n<\/li>\n<li data-start=\"6977\" data-end=\"7021\">\n<p data-start=\"6979\" data-end=\"7021\">les <strong data-start=\"6983\" data-end=\"7004\">fonds structurels<\/strong> (FEDER, FSE+),<\/p>\n<\/li>\n<li data-start=\"7022\" data-end=\"7133\">\n<p data-start=\"7024\" data-end=\"7133\">et des programmes d\u00e9di\u00e9s \u00e0 la <strong data-start=\"7054\" data-end=\"7111\">digitalisation et \u00e0 la formation des acteurs de l\u2019ESS<\/strong> (comme ceux du SOGA).<\/p>\n<\/li>\n<\/ul>[\/et_pb_accordion_item][et_pb_accordion_item title=&#8221;Quel r\u00f4le joue le Social Good Accelerator ?&#8221; _builder_version=&#8221;4.27.4&#8243; _module_preset=&#8221;default&#8221; theme_builder_area=&#8221;post_content&#8221; hover_enabled=&#8221;0&#8243; sticky_enabled=&#8221;0&#8243;]<p>Le <strong data-start=\"7194\" data-end=\"7202\">SOGA<\/strong> agit comme <strong data-start=\"7214\" data-end=\"7263\">interface entre la tech et l\u2019\u00e9conomie sociale<\/strong>.<br data-start=\"7264\" data-end=\"7267\" \/>Il participe \u00e0 des initiatives internationales, m\u00e8ne des projets europ\u00e9ens (comme le <a href=\"https:\/\/socialgoodaccelerator.eu\/en_gb\/socialtechatlas\/\"><strong data-start=\"7352\" data-end=\"7373\">Social Tech Atlas<\/strong><\/a> et la <a href=\"https:\/\/socialgoodaccelerator.eu\/en_gb\/socialtechacademy\/\"><strong data-start=\"7380\" data-end=\"7403\">Social Tech Academy<\/strong><\/a>) et plaide pour une <strong data-start=\"7424\" data-end=\"7473\">transition num\u00e9rique coop\u00e9rative et inclusive<\/strong>.<\/p>[\/et_pb_accordion_item][\/et_pb_accordion][\/et_pb_column][\/et_pb_row][\/et_pb_section]",
        "protected": false
    },
    "excerpt": {
        "rendered": "<p>Le Social Good Accelerator a particip\u00e9 \u00e0 la conf\u00e9rence OCDE Global Action, d\u00e9di\u00e9e \u00e0 la promotion internationale de l\u2019\u00e9conomie sociale comme levier de croissance inclusive et durable.<\/p>",
        "protected": false
    },
    "author": 1,
    "featured_media": 49808,
    "comment_status": "closed",
    "ping_status": "closed",
    "sticky": false,
    "template": "",
    "format": "standard",
    "meta": {
        "_et_pb_use_builder": "on",
        "_et_pb_old_content": "",
        "_et_gb_content_width": "",
        "jetpack_post_was_ever_published": false,
        "_jetpack_newsletter_access": "",
        "_jetpack_dont_email_post_to_subs": false,
        "_jetpack_newsletter_tier_id": 0,
        "_jetpack_memberships_contains_paywalled_content": false,
        "_jetpack_memberships_contains_paid_content": false,
        "footnotes": ""
    },
    "categories": [
        443
    ],
    "tags": [
        387,
        282
    ],
    "class_list": [
        "post-49802",
        "post",
        "type-post",
        "status-publish",
        "format-standard",
        "has-post-thumbnail",
        "hentry",
        "category-notes-de-position",
        "tag-reglementation-europeenne",
        "tag-transition-numerique"
    ],
    "yoast_head": "<!-- This site is optimized with the Yoast SEO plugin v27.4 - https:\/\/yoast.com\/product\/yoast-seo-wordpress\/ -->\n<title>\u00c9conomie sociale : de la marge au c\u0153ur de l\u2019\u00e9conomie mondiale - SOGA<\/title>\n<meta name=\"description\" content=\"Le Social Good Accelerator a particip\u00e9 \u00e0 la conf\u00e9rence OCDE Global Action, d\u00e9di\u00e9e \u00e0 la promotion internationale de l\u2019\u00e9conomie sociale comme levier de croissance inclusive et durable\" \/>\n<meta name=\"robots\" content=\"index, follow, max-snippet:-1, max-image-preview:large, max-video-preview:-1\" \/>\n<link rel=\"canonical\" href=\"https:\/\/socialgoodaccelerator.eu\/en_gb\/2021\/09\/27\/economie-sociale-ocde-global-action-2021\/\" \/>\n<meta property=\"og:locale\" content=\"en_GB\" \/>\n<meta property=\"og:type\" content=\"article\" \/>\n<meta property=\"og:title\" content=\"\u00c9conomie sociale : de la marge au c\u0153ur de l\u2019\u00e9conomie mondiale - SOGA\" \/>\n<meta property=\"og:description\" content=\"Le Social Good Accelerator a particip\u00e9 \u00e0 la conf\u00e9rence OCDE Global Action, d\u00e9di\u00e9e \u00e0 la promotion internationale de l\u2019\u00e9conomie sociale comme levier de croissance inclusive et durable\" \/>\n<meta property=\"og:url\" content=\"https:\/\/socialgoodaccelerator.eu\/en_gb\/2021\/09\/27\/economie-sociale-ocde-global-action-2021\/\" \/>\n<meta property=\"og:site_name\" content=\"SOGA\" \/>\n<meta property=\"article:publisher\" content=\"https:\/\/www.facebook.com\/SocialGoodAccel.EU\/\" \/>\n<meta property=\"article:published_time\" content=\"2021-09-27T14:28:07+00:00\" \/>\n<meta property=\"article:modified_time\" content=\"2026-03-09T09:44:11+00:00\" \/>\n<meta property=\"og:image\" content=\"http:\/\/socialgoodaccelerator.eu\/wp-content\/uploads\/2021\/09\/oecd_event.jpeg\" \/>\n\t<meta property=\"og:image:width\" content=\"600\" \/>\n\t<meta property=\"og:image:height\" content=\"400\" \/>\n\t<meta property=\"og:image:type\" content=\"image\/jpeg\" \/>\n<meta name=\"author\" content=\"sogaccelerator\" \/>\n<meta name=\"twitter:card\" content=\"summary_large_image\" \/>\n<meta name=\"twitter:label1\" content=\"Written by\" \/>\n\t<meta name=\"twitter:data1\" content=\"sogaccelerator\" \/>\n\t<meta name=\"twitter:label2\" content=\"Estimated reading time\" \/>\n\t<meta name=\"twitter:data2\" content=\"6 minutes\" \/>\n<script type=\"application\/ld+json\" class=\"yoast-schema-graph\">{\"@context\":\"https:\\\/\\\/schema.org\",\"@graph\":[{\"@type\":\"Article\",\"@id\":\"https:\\\/\\\/socialgoodaccelerator.eu\\\/2021\\\/09\\\/27\\\/economie-sociale-ocde-global-action-2021\\\/#article\",\"isPartOf\":{\"@id\":\"https:\\\/\\\/socialgoodaccelerator.eu\\\/2021\\\/09\\\/27\\\/economie-sociale-ocde-global-action-2021\\\/\"},\"author\":{\"name\":\"sogaccelerator\",\"@id\":\"https:\\\/\\\/socialgoodaccelerator.eu\\\/#\\\/schema\\\/person\\\/0320622db91fd4a2ddef724cbdee0c3e\"},\"headline\":\"\u00c9conomie sociale : de la marge au c\u0153ur de l\u2019\u00e9conomie mondiale\",\"datePublished\":\"2021-09-27T14:28:07+00:00\",\"dateModified\":\"2026-03-09T09:44:11+00:00\",\"mainEntityOfPage\":{\"@id\":\"https:\\\/\\\/socialgoodaccelerator.eu\\\/2021\\\/09\\\/27\\\/economie-sociale-ocde-global-action-2021\\\/\"},\"wordCount\":2261,\"publisher\":{\"@id\":\"https:\\\/\\\/socialgoodaccelerator.eu\\\/#organization\"},\"image\":{\"@id\":\"https:\\\/\\\/socialgoodaccelerator.eu\\\/2021\\\/09\\\/27\\\/economie-sociale-ocde-global-action-2021\\\/#primaryimage\"},\"thumbnailUrl\":\"https:\\\/\\\/i0.wp.com\\\/socialgoodaccelerator.eu\\\/wp-content\\\/uploads\\\/2021\\\/09\\\/oecd_event.jpeg?fit=600%2C400&ssl=1\",\"keywords\":[\"R\u00e9glementation europ\u00e9enne\",\"Transition num\u00e9rique\"],\"articleSection\":[\"Notes de position\"],\"inLanguage\":\"en-GB\"},{\"@type\":\"WebPage\",\"@id\":\"https:\\\/\\\/socialgoodaccelerator.eu\\\/2021\\\/09\\\/27\\\/economie-sociale-ocde-global-action-2021\\\/\",\"url\":\"https:\\\/\\\/socialgoodaccelerator.eu\\\/2021\\\/09\\\/27\\\/economie-sociale-ocde-global-action-2021\\\/\",\"name\":\"\u00c9conomie sociale : de la marge au c\u0153ur de l\u2019\u00e9conomie mondiale - SOGA\",\"isPartOf\":{\"@id\":\"https:\\\/\\\/socialgoodaccelerator.eu\\\/#website\"},\"primaryImageOfPage\":{\"@id\":\"https:\\\/\\\/socialgoodaccelerator.eu\\\/2021\\\/09\\\/27\\\/economie-sociale-ocde-global-action-2021\\\/#primaryimage\"},\"image\":{\"@id\":\"https:\\\/\\\/socialgoodaccelerator.eu\\\/2021\\\/09\\\/27\\\/economie-sociale-ocde-global-action-2021\\\/#primaryimage\"},\"thumbnailUrl\":\"https:\\\/\\\/i0.wp.com\\\/socialgoodaccelerator.eu\\\/wp-content\\\/uploads\\\/2021\\\/09\\\/oecd_event.jpeg?fit=600%2C400&ssl=1\",\"datePublished\":\"2021-09-27T14:28:07+00:00\",\"dateModified\":\"2026-03-09T09:44:11+00:00\",\"description\":\"Le Social Good Accelerator a particip\u00e9 \u00e0 la conf\u00e9rence OCDE Global Action, d\u00e9di\u00e9e \u00e0 la promotion internationale de l\u2019\u00e9conomie sociale comme levier de croissance inclusive et durable\",\"breadcrumb\":{\"@id\":\"https:\\\/\\\/socialgoodaccelerator.eu\\\/2021\\\/09\\\/27\\\/economie-sociale-ocde-global-action-2021\\\/#breadcrumb\"},\"inLanguage\":\"en-GB\",\"potentialAction\":[{\"@type\":\"ReadAction\",\"target\":[\"https:\\\/\\\/socialgoodaccelerator.eu\\\/2021\\\/09\\\/27\\\/economie-sociale-ocde-global-action-2021\\\/\"]}]},{\"@type\":\"ImageObject\",\"inLanguage\":\"en-GB\",\"@id\":\"https:\\\/\\\/socialgoodaccelerator.eu\\\/2021\\\/09\\\/27\\\/economie-sociale-ocde-global-action-2021\\\/#primaryimage\",\"url\":\"https:\\\/\\\/i0.wp.com\\\/socialgoodaccelerator.eu\\\/wp-content\\\/uploads\\\/2021\\\/09\\\/oecd_event.jpeg?fit=600%2C400&ssl=1\",\"contentUrl\":\"https:\\\/\\\/i0.wp.com\\\/socialgoodaccelerator.eu\\\/wp-content\\\/uploads\\\/2021\\\/09\\\/oecd_event.jpeg?fit=600%2C400&ssl=1\",\"width\":600,\"height\":400},{\"@type\":\"BreadcrumbList\",\"@id\":\"https:\\\/\\\/socialgoodaccelerator.eu\\\/2021\\\/09\\\/27\\\/economie-sociale-ocde-global-action-2021\\\/#breadcrumb\",\"itemListElement\":[{\"@type\":\"ListItem\",\"position\":1,\"name\":\"Accueil\",\"item\":\"https:\\\/\\\/socialgoodaccelerator.eu\\\/\"},{\"@type\":\"ListItem\",\"position\":2,\"name\":\"\u00c9conomie sociale : de la marge au c\u0153ur de l\u2019\u00e9conomie mondiale\"}]},{\"@type\":\"WebSite\",\"@id\":\"https:\\\/\\\/socialgoodaccelerator.eu\\\/#website\",\"url\":\"https:\\\/\\\/socialgoodaccelerator.eu\\\/\",\"name\":\"Social Good Accelerator\",\"description\":\"Acc\u00e9l\u00e9rer l&#039;ESS num\u00e9rique\",\"publisher\":{\"@id\":\"https:\\\/\\\/socialgoodaccelerator.eu\\\/#organization\"},\"alternateName\":\"SOGA\",\"potentialAction\":[{\"@type\":\"SearchAction\",\"target\":{\"@type\":\"EntryPoint\",\"urlTemplate\":\"https:\\\/\\\/socialgoodaccelerator.eu\\\/?s={search_term_string}\"},\"query-input\":{\"@type\":\"PropertyValueSpecification\",\"valueRequired\":true,\"valueName\":\"search_term_string\"}}],\"inLanguage\":\"en-GB\"},{\"@type\":\"Organization\",\"@id\":\"https:\\\/\\\/socialgoodaccelerator.eu\\\/#organization\",\"name\":\"Social Good Accelerator\",\"alternateName\":\"SOGA\",\"url\":\"https:\\\/\\\/socialgoodaccelerator.eu\\\/\",\"logo\":{\"@type\":\"ImageObject\",\"inLanguage\":\"en-GB\",\"@id\":\"https:\\\/\\\/socialgoodaccelerator.eu\\\/#\\\/schema\\\/logo\\\/image\\\/\",\"url\":\"https:\\\/\\\/i0.wp.com\\\/socialgoodaccelerator.eu\\\/wp-content\\\/uploads\\\/2023\\\/10\\\/cropped-LOGO-SOGA-V-FR.png?fit=512%2C512&ssl=1\",\"contentUrl\":\"https:\\\/\\\/i0.wp.com\\\/socialgoodaccelerator.eu\\\/wp-content\\\/uploads\\\/2023\\\/10\\\/cropped-LOGO-SOGA-V-FR.png?fit=512%2C512&ssl=1\",\"width\":512,\"height\":512,\"caption\":\"Social Good Accelerator\"},\"image\":{\"@id\":\"https:\\\/\\\/socialgoodaccelerator.eu\\\/#\\\/schema\\\/logo\\\/image\\\/\"},\"sameAs\":[\"https:\\\/\\\/www.facebook.com\\\/SocialGoodAccel.EU\\\/\",\"https:\\\/\\\/www.youtube.com\\\/@socialgoodaccelerator772\",\"https:\\\/\\\/www.youtube.com\\\/@SocialTechAcademy-eg6hp\"]},{\"@type\":\"Person\",\"@id\":\"https:\\\/\\\/socialgoodaccelerator.eu\\\/#\\\/schema\\\/person\\\/0320622db91fd4a2ddef724cbdee0c3e\",\"name\":\"sogaccelerator\",\"image\":{\"@type\":\"ImageObject\",\"inLanguage\":\"en-GB\",\"@id\":\"https:\\\/\\\/secure.gravatar.com\\\/avatar\\\/99aef05386587650bb056a1275ce2e339bfe398930f37eb7262163da89aad453?s=96&d=mm&r=g\",\"url\":\"https:\\\/\\\/secure.gravatar.com\\\/avatar\\\/99aef05386587650bb056a1275ce2e339bfe398930f37eb7262163da89aad453?s=96&d=mm&r=g\",\"contentUrl\":\"https:\\\/\\\/secure.gravatar.com\\\/avatar\\\/99aef05386587650bb056a1275ce2e339bfe398930f37eb7262163da89aad453?s=96&d=mm&r=g\",\"caption\":\"sogaccelerator\"}}]}<\/script>\n<!-- \/ Yoast SEO plugin. -->",
    "yoast_head_json": {
        "title": "\u00c9conomie sociale : de la marge au c\u0153ur de l\u2019\u00e9conomie mondiale - SOGA",
        "description": "Le Social Good Accelerator a particip\u00e9 \u00e0 la conf\u00e9rence OCDE Global Action, d\u00e9di\u00e9e \u00e0 la promotion internationale de l\u2019\u00e9conomie sociale comme levier de croissance inclusive et durable",
        "robots": {
            "index": "index",
            "follow": "follow",
            "max-snippet": "max-snippet:-1",
            "max-image-preview": "max-image-preview:large",
            "max-video-preview": "max-video-preview:-1"
        },
        "canonical": "https:\/\/socialgoodaccelerator.eu\/en_gb\/2021\/09\/27\/economie-sociale-ocde-global-action-2021\/",
        "og_locale": "en_GB",
        "og_type": "article",
        "og_title": "\u00c9conomie sociale : de la marge au c\u0153ur de l\u2019\u00e9conomie mondiale - SOGA",
        "og_description": "Le Social Good Accelerator a particip\u00e9 \u00e0 la conf\u00e9rence OCDE Global Action, d\u00e9di\u00e9e \u00e0 la promotion internationale de l\u2019\u00e9conomie sociale comme levier de croissance inclusive et durable",
        "og_url": "https:\/\/socialgoodaccelerator.eu\/en_gb\/2021\/09\/27\/economie-sociale-ocde-global-action-2021\/",
        "og_site_name": "SOGA",
        "article_publisher": "https:\/\/www.facebook.com\/SocialGoodAccel.EU\/",
        "article_published_time": "2021-09-27T14:28:07+00:00",
        "article_modified_time": "2026-03-09T09:44:11+00:00",
        "og_image": [
            {
                "width": 600,
                "height": 400,
                "url": "http:\/\/socialgoodaccelerator.eu\/wp-content\/uploads\/2021\/09\/oecd_event.jpeg",
                "type": "image\/jpeg"
            }
        ],
        "author": "sogaccelerator",
        "twitter_card": "summary_large_image",
        "twitter_misc": {
            "Written by": "sogaccelerator",
            "Estimated reading time": "6 minutes"
        },
        "schema": {
            "@context": "https:\/\/schema.org",
            "@graph": [
                {
                    "@type": "Article",
                    "@id": "https:\/\/socialgoodaccelerator.eu\/2021\/09\/27\/economie-sociale-ocde-global-action-2021\/#article",
                    "isPartOf": {
                        "@id": "https:\/\/socialgoodaccelerator.eu\/2021\/09\/27\/economie-sociale-ocde-global-action-2021\/"
                    },
                    "author": {
                        "name": "sogaccelerator",
                        "@id": "https:\/\/socialgoodaccelerator.eu\/#\/schema\/person\/0320622db91fd4a2ddef724cbdee0c3e"
                    },
                    "headline": "\u00c9conomie sociale : de la marge au c\u0153ur de l\u2019\u00e9conomie mondiale",
                    "datePublished": "2021-09-27T14:28:07+00:00",
                    "dateModified": "2026-03-09T09:44:11+00:00",
                    "mainEntityOfPage": {
                        "@id": "https:\/\/socialgoodaccelerator.eu\/2021\/09\/27\/economie-sociale-ocde-global-action-2021\/"
                    },
                    "wordCount": 2261,
                    "publisher": {
                        "@id": "https:\/\/socialgoodaccelerator.eu\/#organization"
                    },
                    "image": {
                        "@id": "https:\/\/socialgoodaccelerator.eu\/2021\/09\/27\/economie-sociale-ocde-global-action-2021\/#primaryimage"
                    },
                    "thumbnailUrl": "https:\/\/i0.wp.com\/socialgoodaccelerator.eu\/wp-content\/uploads\/2021\/09\/oecd_event.jpeg?fit=600%2C400&ssl=1",
                    "keywords": [
                        "R\u00e9glementation europ\u00e9enne",
                        "Transition num\u00e9rique"
                    ],
                    "articleSection": [
                        "Notes de position"
                    ],
                    "inLanguage": "en-GB"
                },
                {
                    "@type": "WebPage",
                    "@id": "https:\/\/socialgoodaccelerator.eu\/2021\/09\/27\/economie-sociale-ocde-global-action-2021\/",
                    "url": "https:\/\/socialgoodaccelerator.eu\/2021\/09\/27\/economie-sociale-ocde-global-action-2021\/",
                    "name": "\u00c9conomie sociale : de la marge au c\u0153ur de l\u2019\u00e9conomie mondiale - SOGA",
                    "isPartOf": {
                        "@id": "https:\/\/socialgoodaccelerator.eu\/#website"
                    },
                    "primaryImageOfPage": {
                        "@id": "https:\/\/socialgoodaccelerator.eu\/2021\/09\/27\/economie-sociale-ocde-global-action-2021\/#primaryimage"
                    },
                    "image": {
                        "@id": "https:\/\/socialgoodaccelerator.eu\/2021\/09\/27\/economie-sociale-ocde-global-action-2021\/#primaryimage"
                    },
                    "thumbnailUrl": "https:\/\/i0.wp.com\/socialgoodaccelerator.eu\/wp-content\/uploads\/2021\/09\/oecd_event.jpeg?fit=600%2C400&ssl=1",
                    "datePublished": "2021-09-27T14:28:07+00:00",
                    "dateModified": "2026-03-09T09:44:11+00:00",
                    "description": "Le Social Good Accelerator a particip\u00e9 \u00e0 la conf\u00e9rence OCDE Global Action, d\u00e9di\u00e9e \u00e0 la promotion internationale de l\u2019\u00e9conomie sociale comme levier de croissance inclusive et durable",
                    "breadcrumb": {
                        "@id": "https:\/\/socialgoodaccelerator.eu\/2021\/09\/27\/economie-sociale-ocde-global-action-2021\/#breadcrumb"
                    },
                    "inLanguage": "en-GB",
                    "potentialAction": [
                        {
                            "@type": "ReadAction",
                            "target": [
                                "https:\/\/socialgoodaccelerator.eu\/2021\/09\/27\/economie-sociale-ocde-global-action-2021\/"
                            ]
                        }
                    ]
                },
                {
                    "@type": "ImageObject",
                    "inLanguage": "en-GB",
                    "@id": "https:\/\/socialgoodaccelerator.eu\/2021\/09\/27\/economie-sociale-ocde-global-action-2021\/#primaryimage",
                    "url": "https:\/\/i0.wp.com\/socialgoodaccelerator.eu\/wp-content\/uploads\/2021\/09\/oecd_event.jpeg?fit=600%2C400&ssl=1",
                    "contentUrl": "https:\/\/i0.wp.com\/socialgoodaccelerator.eu\/wp-content\/uploads\/2021\/09\/oecd_event.jpeg?fit=600%2C400&ssl=1",
                    "width": 600,
                    "height": 400
                },
                {
                    "@type": "BreadcrumbList",
                    "@id": "https:\/\/socialgoodaccelerator.eu\/2021\/09\/27\/economie-sociale-ocde-global-action-2021\/#breadcrumb",
                    "itemListElement": [
                        {
                            "@type": "ListItem",
                            "position": 1,
                            "name": "Accueil",
                            "item": "https:\/\/socialgoodaccelerator.eu\/"
                        },
                        {
                            "@type": "ListItem",
                            "position": 2,
                            "name": "\u00c9conomie sociale : de la marge au c\u0153ur de l\u2019\u00e9conomie mondiale"
                        }
                    ]
                },
                {
                    "@type": "WebSite",
                    "@id": "https:\/\/socialgoodaccelerator.eu\/#website",
                    "url": "https:\/\/socialgoodaccelerator.eu\/",
                    "name": "Social Good Accelerator",
                    "description": "Acc\u00e9l\u00e9rer l&#039;ESS num\u00e9rique",
                    "publisher": {
                        "@id": "https:\/\/socialgoodaccelerator.eu\/#organization"
                    },
                    "alternateName": "SOGA",
                    "potentialAction": [
                        {
                            "@type": "SearchAction",
                            "target": {
                                "@type": "EntryPoint",
                                "urlTemplate": "https:\/\/socialgoodaccelerator.eu\/?s={search_term_string}"
                            },
                            "query-input": {
                                "@type": "PropertyValueSpecification",
                                "valueRequired": true,
                                "valueName": "search_term_string"
                            }
                        }
                    ],
                    "inLanguage": "en-GB"
                },
                {
                    "@type": "Organization",
                    "@id": "https:\/\/socialgoodaccelerator.eu\/#organization",
                    "name": "Social Good Accelerator",
                    "alternateName": "SOGA",
                    "url": "https:\/\/socialgoodaccelerator.eu\/",
                    "logo": {
                        "@type": "ImageObject",
                        "inLanguage": "en-GB",
                        "@id": "https:\/\/socialgoodaccelerator.eu\/#\/schema\/logo\/image\/",
                        "url": "https:\/\/i0.wp.com\/socialgoodaccelerator.eu\/wp-content\/uploads\/2023\/10\/cropped-LOGO-SOGA-V-FR.png?fit=512%2C512&ssl=1",
                        "contentUrl": "https:\/\/i0.wp.com\/socialgoodaccelerator.eu\/wp-content\/uploads\/2023\/10\/cropped-LOGO-SOGA-V-FR.png?fit=512%2C512&ssl=1",
                        "width": 512,
                        "height": 512,
                        "caption": "Social Good Accelerator"
                    },
                    "image": {
                        "@id": "https:\/\/socialgoodaccelerator.eu\/#\/schema\/logo\/image\/"
                    },
                    "sameAs": [
                        "https:\/\/www.facebook.com\/SocialGoodAccel.EU\/",
                        "https:\/\/www.youtube.com\/@socialgoodaccelerator772",
                        "https:\/\/www.youtube.com\/@SocialTechAcademy-eg6hp"
                    ]
                },
                {
                    "@type": "Person",
                    "@id": "https:\/\/socialgoodaccelerator.eu\/#\/schema\/person\/0320622db91fd4a2ddef724cbdee0c3e",
                    "name": "sogaccelerator",
                    "image": {
                        "@type": "ImageObject",
                        "inLanguage": "en-GB",
                        "@id": "https:\/\/secure.gravatar.com\/avatar\/99aef05386587650bb056a1275ce2e339bfe398930f37eb7262163da89aad453?s=96&d=mm&r=g",
                        "url": "https:\/\/secure.gravatar.com\/avatar\/99aef05386587650bb056a1275ce2e339bfe398930f37eb7262163da89aad453?s=96&d=mm&r=g",
                        "contentUrl": "https:\/\/secure.gravatar.com\/avatar\/99aef05386587650bb056a1275ce2e339bfe398930f37eb7262163da89aad453?s=96&d=mm&r=g",
                        "caption": "sogaccelerator"
                    }
                }
            ]
        }
    },
    "jetpack_featured_media_url": "https:\/\/i0.wp.com\/socialgoodaccelerator.eu\/wp-content\/uploads\/2021\/09\/oecd_event.jpeg?fit=600%2C400&ssl=1",
    "jetpack_likes_enabled": false,
    "jetpack-related-posts": [
        {
            "id": 57863,
            "url": "https:\/\/socialgoodaccelerator.eu\/en_gb\/2026\/04\/23\/lasuite-coop\/",
            "url_meta": {
                "origin": 49802,
                "position": 0
            },
            "title": "LaSuite.coop : l\u2019alternative num\u00e9rique coop\u00e9rative, libre et h\u00e9berg\u00e9e en Europe dont l\u2019ESS avait besoin",
            "author": "sogaccelerator",
            "date": "23 April 2026",
            "format": "gallery",
            "excerpt": "Abstract :\u00a0Chaque ann\u00e9e, 70 milliards d\u2019euros quittent la France en direction des \u00c9tats-Unis pour financer nos seuls usages num\u00e9riques. Derri\u00e8re\u2026",
            "rel": "",
            "context": "In &quot;Actualit\u00e9s de SOGA&quot;",
            "block_context": {
                "text": "Actualit\u00e9s de SOGA",
                "link": "https:\/\/socialgoodaccelerator.eu\/en_gb\/category\/actualites-de-soga\/"
            },
            "img": {
                "alt_text": "LaSuite.coop",
                "src": "https:\/\/i0.wp.com\/socialgoodaccelerator.eu\/wp-content\/uploads\/2026\/04\/Design-sans-titre-2-1-1.png?fit=1200%2C627&ssl=1&resize=350%2C200",
                "width": 350,
                "height": 200,
                "srcset": "https:\/\/i0.wp.com\/socialgoodaccelerator.eu\/wp-content\/uploads\/2026\/04\/Design-sans-titre-2-1-1.png?fit=1200%2C627&ssl=1&resize=350%2C200 1x, https:\/\/i0.wp.com\/socialgoodaccelerator.eu\/wp-content\/uploads\/2026\/04\/Design-sans-titre-2-1-1.png?fit=1200%2C627&ssl=1&resize=525%2C300 1.5x, https:\/\/i0.wp.com\/socialgoodaccelerator.eu\/wp-content\/uploads\/2026\/04\/Design-sans-titre-2-1-1.png?fit=1200%2C627&ssl=1&resize=700%2C400 2x, https:\/\/i0.wp.com\/socialgoodaccelerator.eu\/wp-content\/uploads\/2026\/04\/Design-sans-titre-2-1-1.png?fit=1200%2C627&ssl=1&resize=1050%2C600 3x"
            },
            "classes": []
        },
        {
            "id": 51172,
            "url": "https:\/\/socialgoodaccelerator.eu\/en_gb\/2022\/07\/13\/analysis-of-the-report-on-the-digital-commons\/",
            "url_meta": {
                "origin": 49802,
                "position": 1
            },
            "title": "Analysis of the report on the Digital Commons",
            "author": "sogaccelerator",
            "date": "13 July 2022",
            "format": false,
            "excerpt": "Let's analyse some of the ideas and proposals of the report on the digital commons and Europe's sovereignty (June 2022).",
            "rel": "",
            "context": "In &quot;Communs &amp; plaidoyer&quot;",
            "block_context": {
                "text": "Communs &amp; plaidoyer",
                "link": "https:\/\/socialgoodaccelerator.eu\/en_gb\/category\/communs-et-plaidoyer\/"
            },
            "img": {
                "alt_text": "",
                "src": "https:\/\/i0.wp.com\/socialgoodaccelerator.eu\/wp-content\/uploads\/2022\/07\/Image-aggrandie-Visuel-article-communs-numeriques-Publication-LinkedIn-e1657876948843.png?fit=1200%2C1200&ssl=1&resize=350%2C200",
                "width": 350,
                "height": 200,
                "srcset": "https:\/\/i0.wp.com\/socialgoodaccelerator.eu\/wp-content\/uploads\/2022\/07\/Image-aggrandie-Visuel-article-communs-numeriques-Publication-LinkedIn-e1657876948843.png?fit=1200%2C1200&ssl=1&resize=350%2C200 1x, https:\/\/i0.wp.com\/socialgoodaccelerator.eu\/wp-content\/uploads\/2022\/07\/Image-aggrandie-Visuel-article-communs-numeriques-Publication-LinkedIn-e1657876948843.png?fit=1200%2C1200&ssl=1&resize=525%2C300 1.5x, https:\/\/i0.wp.com\/socialgoodaccelerator.eu\/wp-content\/uploads\/2022\/07\/Image-aggrandie-Visuel-article-communs-numeriques-Publication-LinkedIn-e1657876948843.png?fit=1200%2C1200&ssl=1&resize=700%2C400 2x, https:\/\/i0.wp.com\/socialgoodaccelerator.eu\/wp-content\/uploads\/2022\/07\/Image-aggrandie-Visuel-article-communs-numeriques-Publication-LinkedIn-e1657876948843.png?fit=1200%2C1200&ssl=1&resize=1050%2C600 3x"
            },
            "classes": []
        },
        {
            "id": 50394,
            "url": "https:\/\/socialgoodaccelerator.eu\/en_gb\/2022\/03\/10\/open-letter\/",
            "url_meta": {
                "origin": 49802,
                "position": 2
            },
            "title": "Open letter: the necessary digital transition of the social economy",
            "author": "sogaccelerator",
            "date": "10 March 2022",
            "format": false,
            "excerpt": "In February 2021, the Social Good Accelerator and its 70 members maintained its vision in its open letter. A better world can only be made with the full support of social economy, which also has to be digitalised.",
            "rel": "",
            "context": "In &quot;Notes de position&quot;",
            "block_context": {
                "text": "Notes de position",
                "link": "https:\/\/socialgoodaccelerator.eu\/en_gb\/category\/notes-de-position\/"
            },
            "img": {
                "alt_text": "SOGA team flags Lisbon",
                "src": "https:\/\/i0.wp.com\/socialgoodaccelerator.eu\/wp-content\/uploads\/2018\/03\/flags.jpg?fit=1200%2C900&ssl=1&resize=350%2C200",
                "width": 350,
                "height": 200,
                "srcset": "https:\/\/i0.wp.com\/socialgoodaccelerator.eu\/wp-content\/uploads\/2018\/03\/flags.jpg?fit=1200%2C900&ssl=1&resize=350%2C200 1x, https:\/\/i0.wp.com\/socialgoodaccelerator.eu\/wp-content\/uploads\/2018\/03\/flags.jpg?fit=1200%2C900&ssl=1&resize=525%2C300 1.5x, https:\/\/i0.wp.com\/socialgoodaccelerator.eu\/wp-content\/uploads\/2018\/03\/flags.jpg?fit=1200%2C900&ssl=1&resize=700%2C400 2x, https:\/\/i0.wp.com\/socialgoodaccelerator.eu\/wp-content\/uploads\/2018\/03\/flags.jpg?fit=1200%2C900&ssl=1&resize=1050%2C600 3x"
            },
            "classes": []
        },
        {
            "id": 50793,
            "url": "https:\/\/socialgoodaccelerator.eu\/en_gb\/2022\/05\/17\/social-economy-europe-interview-on-the-second-social-economy-summit\/",
            "url_meta": {
                "origin": 49802,
                "position": 3
            },
            "title": "&#8216;It was a successful experience&#8217;, Social Economy Europe&#8217;s view on the European Social Economy Summit.",
            "author": "sogaccelerator",
            "date": "17 May 2022",
            "format": false,
            "excerpt": "The European Social Economy Summit on 5-6 May 2022 in Strasbourg focused on the place of the social economy in the European Union and its future through conferences, workshops and meetings.",
            "rel": "",
            "context": "In &quot;Interviews \/ T\u00e9moignages&quot;",
            "block_context": {
                "text": "Interviews \/ T\u00e9moignages",
                "link": "https:\/\/socialgoodaccelerator.eu\/en_gb\/category\/interviews-temoignages\/"
            },
            "img": {
                "alt_text": "",
                "src": "https:\/\/i0.wp.com\/socialgoodaccelerator.eu\/wp-content\/uploads\/2022\/05\/Capture-decran-2022-05-17-a-11.33.32.png?fit=626%2C485&ssl=1&resize=350%2C200",
                "width": 350,
                "height": 200,
                "srcset": "https:\/\/i0.wp.com\/socialgoodaccelerator.eu\/wp-content\/uploads\/2022\/05\/Capture-decran-2022-05-17-a-11.33.32.png?fit=626%2C485&ssl=1&resize=350%2C200 1x, https:\/\/i0.wp.com\/socialgoodaccelerator.eu\/wp-content\/uploads\/2022\/05\/Capture-decran-2022-05-17-a-11.33.32.png?fit=626%2C485&ssl=1&resize=525%2C300 1.5x"
            },
            "classes": []
        },
        {
            "id": 51087,
            "url": "https:\/\/socialgoodaccelerator.eu\/en_gb\/2022\/07\/07\/rapport-activite-2021\/",
            "url_meta": {
                "origin": 49802,
                "position": 4
            },
            "title": "Rapport d&#8217;activit\u00e9 2021",
            "author": "sogaccelerator",
            "date": "7 July 2022",
            "format": false,
            "excerpt": "Discover all the actions accomplished by the Social good Accelerator in 2021 and its perspectives for 2022 in this SOGA activity report.",
            "rel": "",
            "context": "In &quot;Rapport d'activit\u00e9&quot;",
            "block_context": {
                "text": "Rapport d'activit\u00e9",
                "link": "https:\/\/socialgoodaccelerator.eu\/en_gb\/category\/rapport-d-activite\/"
            },
            "img": {
                "alt_text": "Rapport d'activit\u00e9 2021",
                "src": "https:\/\/i0.wp.com\/socialgoodaccelerator.eu\/wp-content\/uploads\/2025\/08\/Titre-3.png?fit=1200%2C675&ssl=1&resize=350%2C200",
                "width": 350,
                "height": 200,
                "srcset": "https:\/\/i0.wp.com\/socialgoodaccelerator.eu\/wp-content\/uploads\/2025\/08\/Titre-3.png?fit=1200%2C675&ssl=1&resize=350%2C200 1x, https:\/\/i0.wp.com\/socialgoodaccelerator.eu\/wp-content\/uploads\/2025\/08\/Titre-3.png?fit=1200%2C675&ssl=1&resize=525%2C300 1.5x, https:\/\/i0.wp.com\/socialgoodaccelerator.eu\/wp-content\/uploads\/2025\/08\/Titre-3.png?fit=1200%2C675&ssl=1&resize=700%2C400 2x, https:\/\/i0.wp.com\/socialgoodaccelerator.eu\/wp-content\/uploads\/2025\/08\/Titre-3.png?fit=1200%2C675&ssl=1&resize=1050%2C600 3x"
            },
            "classes": []
        },
        {
            "id": 53114,
            "url": "https:\/\/socialgoodaccelerator.eu\/en_gb\/2023\/07\/07\/rapport-activite-2022\/",
            "url_meta": {
                "origin": 49802,
                "position": 5
            },
            "title": "Rapport d&#8217;activit\u00e9 2022",
            "author": "sogaccelerator",
            "date": "7 July 2023",
            "format": false,
            "excerpt": "Dive into our 2022 activity report to discover our achievements in accelerating the digital transition of social economy organisations and building a social and inclusive digital model on a European scale.",
            "rel": "",
            "context": "In &quot;Rapport d'activit\u00e9&quot;",
            "block_context": {
                "text": "Rapport d'activit\u00e9",
                "link": "https:\/\/socialgoodaccelerator.eu\/en_gb\/category\/rapport-d-activite\/"
            },
            "img": {
                "alt_text": "Rapport d'activit\u00e9 2022",
                "src": "https:\/\/i0.wp.com\/socialgoodaccelerator.eu\/wp-content\/uploads\/2025\/08\/Titre-2.png?fit=1200%2C675&ssl=1&resize=350%2C200",
                "width": 350,
                "height": 200,
                "srcset": "https:\/\/i0.wp.com\/socialgoodaccelerator.eu\/wp-content\/uploads\/2025\/08\/Titre-2.png?fit=1200%2C675&ssl=1&resize=350%2C200 1x, https:\/\/i0.wp.com\/socialgoodaccelerator.eu\/wp-content\/uploads\/2025\/08\/Titre-2.png?fit=1200%2C675&ssl=1&resize=525%2C300 1.5x, https:\/\/i0.wp.com\/socialgoodaccelerator.eu\/wp-content\/uploads\/2025\/08\/Titre-2.png?fit=1200%2C675&ssl=1&resize=700%2C400 2x, https:\/\/i0.wp.com\/socialgoodaccelerator.eu\/wp-content\/uploads\/2025\/08\/Titre-2.png?fit=1200%2C675&ssl=1&resize=1050%2C600 3x"
            },
            "classes": []
        }
    ],
    "jetpack_sharing_enabled": false,
    "jetpack_shortlink": "https:\/\/wp.me\/p9J6Qk-cXg",
    "_links": {
        "self": [
            {
                "href": "https:\/\/socialgoodaccelerator.eu\/en_gb\/wp-json\/wp\/v2\/posts\/49802",
                "targetHints": {
                    "allow": [
                        "GET"
                    ]
                }
            }
        ],
        "collection": [
            {
                "href": "https:\/\/socialgoodaccelerator.eu\/en_gb\/wp-json\/wp\/v2\/posts"
            }
        ],
        "about": [
            {
                "href": "https:\/\/socialgoodaccelerator.eu\/en_gb\/wp-json\/wp\/v2\/types\/post"
            }
        ],
        "author": [
            {
                "embeddable": true,
                "href": "https:\/\/socialgoodaccelerator.eu\/en_gb\/wp-json\/wp\/v2\/users\/1"
            }
        ],
        "replies": [
            {
                "embeddable": true,
                "href": "https:\/\/socialgoodaccelerator.eu\/en_gb\/wp-json\/wp\/v2\/comments?post=49802"
            }
        ],
        "version-history": [
            {
                "count": 8,
                "href": "https:\/\/socialgoodaccelerator.eu\/en_gb\/wp-json\/wp\/v2\/posts\/49802\/revisions"
            }
        ],
        "predecessor-version": [
            {
                "id": 56067,
                "href": "https:\/\/socialgoodaccelerator.eu\/en_gb\/wp-json\/wp\/v2\/posts\/49802\/revisions\/56067"
            }
        ],
        "wp:featuredmedia": [
            {
                "embeddable": true,
                "href": "https:\/\/socialgoodaccelerator.eu\/en_gb\/wp-json\/wp\/v2\/media\/49808"
            }
        ],
        "wp:attachment": [
            {
                "href": "https:\/\/socialgoodaccelerator.eu\/en_gb\/wp-json\/wp\/v2\/media?parent=49802"
            }
        ],
        "wp:term": [
            {
                "taxonomy": "category",
                "embeddable": true,
                "href": "https:\/\/socialgoodaccelerator.eu\/en_gb\/wp-json\/wp\/v2\/categories?post=49802"
            },
            {
                "taxonomy": "post_tag",
                "embeddable": true,
                "href": "https:\/\/socialgoodaccelerator.eu\/en_gb\/wp-json\/wp\/v2\/tags?post=49802"
            }
        ],
        "curies": [
            {
                "name": "wp",
                "href": "https:\/\/api.w.org\/{rel}",
                "templated": true
            }
        ]
    }
}