{
    "id": 49193,
    "date": "2021-06-16T11:27:55",
    "date_gmt": "2021-06-16T09:27:55",
    "guid": {
        "rendered": "https:\/\/socialgoodaccelerator.eu\/?p=49193"
    },
    "modified": "2026-03-09T10:44:30",
    "modified_gmt": "2026-03-09T09:44:30",
    "slug": "inclusion-numerique-europe",
    "status": "publish",
    "type": "post",
    "link": "https:\/\/socialgoodaccelerator.eu\/en_gb\/2021\/06\/16\/inclusion-numerique-europe\/",
    "title": {
        "rendered": "Inclusion num\u00e9rique : o\u00f9 en est l\u2019Europe ?"
    },
    "content": {
        "rendered": "[et_pb_section fb_built=&#8221;1&#8243; _builder_version=&#8221;4.16&#8243; _module_preset=&#8221;default&#8221; min_height=&#8221;0px&#8221; custom_margin=&#8221;||-56px|||&#8221; custom_padding=&#8221;0px|||||&#8221; global_colors_info=&#8221;{}&#8221; da_is_popup=&#8221;off&#8221; da_exit_intent=&#8221;off&#8221; da_has_close=&#8221;on&#8221; da_alt_close=&#8221;off&#8221; da_dark_close=&#8221;off&#8221; da_not_modal=&#8221;on&#8221; da_is_singular=&#8221;off&#8221; da_with_loader=&#8221;off&#8221; da_has_shadow=&#8221;on&#8221; da_disable_devices=&#8221;off|off|off&#8221;][et_pb_row _builder_version=&#8221;4.16&#8243; _module_preset=&#8221;default&#8221; min_height=&#8221;58px&#8221; global_colors_info=&#8221;{}&#8221;][et_pb_column type=&#8221;4_4&#8243; _builder_version=&#8221;4.16&#8243; _module_preset=&#8221;default&#8221; global_colors_info=&#8221;{}&#8221;][et_pb_text _builder_version=&#8221;4.27.4&#8243; _module_preset=&#8221;default&#8221; hover_enabled=&#8221;0&#8243; global_colors_info=&#8221;{}&#8221; sticky_enabled=&#8221;0&#8243;]<h2 style=\"text-align: justify;\"><strong><span style=\"color: #003366; font-size: xx-large;\">Inclusion num\u00e9rique : o\u00f9 en est l\u2019Europe ?<\/span><\/strong><\/h2>[\/et_pb_text][\/et_pb_column][\/et_pb_row][et_pb_row _builder_version=&#8221;4.16&#8243; _module_preset=&#8221;default&#8221; background_color=&#8221;#2B2A5C&#8221; locked=&#8221;off&#8221; global_colors_info=&#8221;{}&#8221;][et_pb_column type=&#8221;4_4&#8243; _builder_version=&#8221;4.16&#8243; _module_preset=&#8221;default&#8221; global_colors_info=&#8221;{}&#8221;][et_pb_text admin_label=&#8221;Texte&#8221; _builder_version=&#8221;4.27.4&#8243; background_size=&#8221;initial&#8221; background_position=&#8221;top_left&#8221; background_repeat=&#8221;repeat&#8221; custom_padding=&#8221;|15px||15px|false|false&#8221; hover_enabled=&#8221;0&#8243; use_border_color=&#8221;off&#8221; border_style=&#8221;solid&#8221; global_colors_info=&#8221;{}&#8221; text_text_color=&#8221;#F8C040&#8243; sticky_enabled=&#8221;0&#8243;]<p data-start=\"274\" data-end=\"737\">Les in\u00e9galit\u00e9s num\u00e9riques \u2013 plus souvent appel\u00e9es <strong data-start=\"324\" data-end=\"346\">fracture num\u00e9rique<\/strong> \u2013 restent un frein majeur pour des millions d\u2019Europ\u00e9ens. Elles touchent celles et ceux qui n\u2019ont pas acc\u00e8s aux outils num\u00e9riques, ne peuvent pas les financer ou manquent des comp\u00e9tences n\u00e9cessaires pour les utiliser.<br data-start=\"563\" data-end=\"566\" \/>Pour r\u00e9duire ces \u00e9carts, les pouvoirs publics, au niveau national comme europ\u00e9en, ont renforc\u00e9 leurs actions afin de garantir un <strong data-start=\"695\" data-end=\"736\">acc\u00e8s effectif au num\u00e9rique pour tous<\/strong>.<\/p>\n<p data-start=\"739\" data-end=\"1142\">La <strong data-start=\"742\" data-end=\"776\">directive europ\u00e9enne 2018\/1972<\/strong> a introduit la notion de <strong data-start=\"802\" data-end=\"857\">\u00ab service d\u2019acc\u00e8s ad\u00e9quat \u00e0 Internet \u00e0 haut d\u00e9bit \u00bb<\/strong>, posant des crit\u00e8res renforc\u00e9s pour consid\u00e9rer l\u2019acc\u00e8s Internet comme un service essentiel. Chaque \u00c9tat membre a ensuite transpos\u00e9 cette directive dans son droit national, notamment via des <strong data-start=\"1048\" data-end=\"1089\">plans nationaux d\u2019inclusion num\u00e9rique<\/strong>, programmes territoriaux ou strat\u00e9gies sectorielles.<\/p>\n<p data-start=\"1144\" data-end=\"1232\">Voici quatre exemples de politiques d\u2019inclusion num\u00e9rique au sein de l\u2019Union europ\u00e9enne.<\/p>[\/et_pb_text][\/et_pb_column][\/et_pb_row][\/et_pb_section][et_pb_section fb_built=&#8221;1&#8243; _builder_version=&#8221;4.16&#8243; _module_preset=&#8221;default&#8221; custom_margin=&#8221;||-2px|||&#8221; custom_padding=&#8221;||4px|||&#8221; locked=&#8221;off&#8221; global_colors_info=&#8221;{}&#8221; da_is_popup=&#8221;off&#8221; da_exit_intent=&#8221;off&#8221; da_has_close=&#8221;on&#8221; da_alt_close=&#8221;off&#8221; da_dark_close=&#8221;off&#8221; da_not_modal=&#8221;on&#8221; da_is_singular=&#8221;off&#8221; da_with_loader=&#8221;off&#8221; da_has_shadow=&#8221;on&#8221; da_disable_devices=&#8221;off|off|off&#8221;][et_pb_row column_structure=&#8221;2_5,3_5&#8243; padding_mobile=&#8221;off&#8221; column_padding_mobile=&#8221;on&#8221; admin_label=&#8221;row&#8221; _builder_version=&#8221;4.16&#8243; background_size=&#8221;initial&#8221; background_position=&#8221;top_left&#8221; background_repeat=&#8221;repeat&#8221; min_height=&#8221;293.4px&#8221; custom_margin=&#8221;-16px|auto||auto||&#8221; custom_padding=&#8221;0px||0px|||&#8221; make_fullwidth=&#8221;off&#8221; use_custom_width=&#8221;off&#8221; width_unit=&#8221;off&#8221; custom_width_px=&#8221;1080px&#8221; custom_width_percent=&#8221;80%&#8221; global_colors_info=&#8221;{}&#8221;][et_pb_column type=&#8221;2_5&#8243; _builder_version=&#8221;4.16&#8243; custom_padding=&#8221;|||&#8221; global_colors_info=&#8221;{}&#8221; custom_padding__hover=&#8221;|||&#8221;][et_pb_image src=&#8221;http:\/\/socialgoodaccelerator.eu\/wp-content\/uploads\/2021\/06\/Capture-de\u0301cran-2021-06-16-a\u0300-12.04.55.png&#8221; alt=&#8221;site kit d&#8217;inclusion num\u00e9rique&#8221; title_text=&#8221;site kit d&#8217;inclusion num\u00e9rique&#8221; _builder_version=&#8221;4.16&#8243; _module_preset=&#8221;default&#8221; custom_margin=&#8221;||0px|||&#8221; global_colors_info=&#8221;{}&#8221;][\/et_pb_image][et_pb_text _builder_version=&#8221;4.16&#8243; _module_preset=&#8221;default&#8221; custom_padding=&#8221;0px||0px|||&#8221; global_colors_info=&#8221;{}&#8221;]<h6><span style=\"color: #163074; font-size: small;\">Overview of the Digital Inclusion Kit launched by the French authorities<br \/><\/span><\/h6>\n<h6><span style=\"font-size: x-small;\"><em><span style=\"color: #163074;\">Source: Mission soci\u00e9t\u00e9 num\u00e9rique (screenshot)<br \/><\/span><\/em><\/span><\/h6>[\/et_pb_text][\/et_pb_column][et_pb_column type=&#8221;3_5&#8243; _builder_version=&#8221;4.16&#8243; custom_padding=&#8221;|||&#8221; global_colors_info=&#8221;{}&#8221; custom_padding__hover=&#8221;|||&#8221;][et_pb_text _builder_version=&#8221;4.27.4&#8243; _module_preset=&#8221;default&#8221; min_height=&#8221;229.4px&#8221; custom_margin=&#8221;-26px||52px|||&#8221; hover_enabled=&#8221;0&#8243; global_colors_info=&#8221;{}&#8221; sticky_enabled=&#8221;0&#8243;]<h2 style=\"text-align: justify;\"><span style=\"color: #163074;\"><\/span><span style=\"color: #163074;\">France : un plan national pour soutenir l\u2019inclusion num\u00e9rique<\/span><\/h2>\n<p data-start=\"1310\" data-end=\"1657\">La strat\u00e9gie fran\u00e7aise vise d\u2019abord \u00e0 <strong data-start=\"1348\" data-end=\"1388\">identifier les publics en difficult\u00e9<\/strong> et \u00e0 former les professionnels capables de les accompagner.<br data-start=\"1448\" data-end=\"1451\" \/>L\u2019un des dispositifs phares est un <strong data-start=\"1486\" data-end=\"1526\">MOOC con\u00e7u par La MedNum et le CNFPT<\/strong>, destin\u00e9 \u00e0 sensibiliser les agents territoriaux aux enjeux de la m\u00e9diation num\u00e9rique et \u00e0 la transition num\u00e9rique des territoires.<\/p>\n<p data-start=\"1659\" data-end=\"1777\">Par ailleurs, la France mobilise <strong data-start=\"1692\" data-end=\"1725\">les jeunes en service civique<\/strong>, accompagn\u00e9s par la Ligue de l\u2019Enseignement, pour :<\/p>\n<ul data-start=\"1778\" data-end=\"1918\">\n<li data-start=\"1778\" data-end=\"1842\">\n<p data-start=\"1780\" data-end=\"1842\">sensibiliser les publics vuln\u00e9rables aux enjeux du num\u00e9rique ;<\/p>\n<\/li>\n<li data-start=\"1843\" data-end=\"1918\">\n<p data-start=\"1845\" data-end=\"1918\">leur apporter un accompagnement de premi\u00e8re ligne en m\u00e9diation num\u00e9rique.<\/p>\n<\/li>\n<\/ul>\n<p data-start=\"1920\" data-end=\"2093\">Cette approche met l\u2019accent sur <strong data-start=\"1952\" data-end=\"2025\">la mont\u00e9e en comp\u00e9tences, la m\u00e9diation et la coop\u00e9ration territoriale<\/strong>, consid\u00e9r\u00e9es comme des leviers essentiels de l\u2019inclusion num\u00e9rique.<\/p>[\/et_pb_text][et_pb_text _builder_version=&#8221;4.27.4&#8243; _module_preset=&#8221;default&#8221; min_height=&#8221;229.4px&#8221; custom_margin=&#8221;-26px|||||&#8221; hover_enabled=&#8221;0&#8243; global_colors_info=&#8221;{}&#8221; sticky_enabled=&#8221;0&#8243;]<h2 style=\"text-align: justify;\"><span style=\"color: #163074;\"><\/span>Espagne : une strat\u00e9gie structur\u00e9e autour de quatre priorit\u00e9s<\/h2>\n<p data-start=\"2171\" data-end=\"2328\">L\u2019Agenda num\u00e9rique espagnol repose sur quatre objectifs majeurs :<br data-start=\"2236\" data-end=\"2239\" \/><strong data-start=\"2239\" data-end=\"2256\">accessibilit\u00e9<\/strong>, <strong data-start=\"2258\" data-end=\"2281\">comp\u00e9tences de base<\/strong>, <strong data-start=\"2283\" data-end=\"2308\">\u00e9galit\u00e9 femmes-hommes<\/strong>, <strong data-start=\"2310\" data-end=\"2327\">employabilit\u00e9<\/strong>.<\/p>\n<p data-start=\"2330\" data-end=\"2364\">Les ambitions affich\u00e9es incluent :<\/p>\n<ul data-start=\"2365\" data-end=\"2655\">\n<li data-start=\"2365\" data-end=\"2417\">\n<p data-start=\"2367\" data-end=\"2417\">l\u2019\u00e9limination des zones blanches du territoire ;<\/p>\n<\/li>\n<li data-start=\"2418\" data-end=\"2515\">\n<p data-start=\"2420\" data-end=\"2515\">le renforcement des comp\u00e9tences num\u00e9riques des publics les plus \u00e2g\u00e9s et les moins qualifi\u00e9s ;<\/p>\n<\/li>\n<li data-start=\"2516\" data-end=\"2595\">\n<p data-start=\"2518\" data-end=\"2595\">la r\u00e9duction des \u00e9carts de genre dans l\u2019acc\u00e8s et les m\u00e9tiers du num\u00e9rique ;<\/p>\n<\/li>\n<li data-start=\"2596\" data-end=\"2655\">\n<p data-start=\"2598\" data-end=\"2655\">la g\u00e9n\u00e9ralisation de la formation tout au long de la vie.<\/p>\n<\/li>\n<\/ul>\n<p data-start=\"2657\" data-end=\"2823\">Pour y parvenir, l\u2019Espagne investit massivement, notamment <strong data-start=\"2716\" data-end=\"2822\">140 millions d\u2019euros pour garantir une connexion minimale de 100 Mb\/s \u00e0 toute la population d\u2019ici 2025<\/strong>.<\/p>[\/et_pb_text][\/et_pb_column][\/et_pb_row][\/et_pb_section][et_pb_section fb_built=&#8221;1&#8243; _builder_version=&#8221;4.16&#8243; _module_preset=&#8221;default&#8221; custom_margin=&#8221;||-2px|||&#8221; custom_padding=&#8221;0px||4px|||&#8221; locked=&#8221;off&#8221; global_colors_info=&#8221;{}&#8221; da_is_popup=&#8221;off&#8221; da_exit_intent=&#8221;off&#8221; da_has_close=&#8221;on&#8221; da_alt_close=&#8221;off&#8221; da_dark_close=&#8221;off&#8221; da_not_modal=&#8221;on&#8221; da_is_singular=&#8221;off&#8221; da_with_loader=&#8221;off&#8221; da_has_shadow=&#8221;on&#8221; da_disable_devices=&#8221;off|off|off&#8221;][et_pb_row column_structure=&#8221;3_5,2_5&#8243; padding_mobile=&#8221;off&#8221; column_padding_mobile=&#8221;on&#8221; admin_label=&#8221;row&#8221; _builder_version=&#8221;4.16&#8243; background_size=&#8221;initial&#8221; background_position=&#8221;top_left&#8221; background_repeat=&#8221;repeat&#8221; custom_margin=&#8221;-19px|auto||auto||&#8221; custom_padding=&#8221;0px||4px|||&#8221; make_fullwidth=&#8221;off&#8221; use_custom_width=&#8221;off&#8221; width_unit=&#8221;off&#8221; custom_width_px=&#8221;1080px&#8221; custom_width_percent=&#8221;80%&#8221; global_colors_info=&#8221;{}&#8221;][et_pb_column type=&#8221;3_5&#8243; _builder_version=&#8221;4.16&#8243; custom_padding=&#8221;|||&#8221; global_colors_info=&#8221;{}&#8221; custom_padding__hover=&#8221;|||&#8221;][\/et_pb_column][et_pb_column type=&#8221;2_5&#8243; _builder_version=&#8221;4.16&#8243; custom_padding=&#8221;|||&#8221; global_colors_info=&#8221;{}&#8221; custom_padding__hover=&#8221;|||&#8221;][et_pb_image src=&#8221;https:\/\/plantl.mineco.gob.es\/planes-actuaciones\/PublishingImages\/plan-inclusion-digital.jpg&#8221; alt=&#8221;cornwall&#8221; title_text=&#8221;cornwall landscape&#8221; _builder_version=&#8221;4.16&#8243; _module_preset=&#8221;default&#8221; custom_margin=&#8221;||0px|||&#8221; global_colors_info=&#8221;{}&#8221;][\/et_pb_image][et_pb_text _builder_version=&#8221;4.16&#8243; _module_preset=&#8221;default&#8221; custom_padding=&#8221;0px||0px|||&#8221; global_colors_info=&#8221;{}&#8221;]<h6><span style=\"color: #163074; font-size: small;\">Two women working on a computer<br \/><\/span><\/h6>\n<h6><span style=\"font-size: x-small;\"><em><span style=\"color: #163074;\">Source: Gobierno de Espa\u00f1a<br \/><\/span><\/em><\/span><\/h6>[\/et_pb_text][\/et_pb_column][\/et_pb_row][\/et_pb_section][et_pb_section fb_built=&#8221;1&#8243; _builder_version=&#8221;4.16&#8243; _module_preset=&#8221;default&#8221; custom_margin=&#8221;||-2px|||&#8221; custom_padding=&#8221;1px||4px|||&#8221; locked=&#8221;off&#8221; global_colors_info=&#8221;{}&#8221; da_is_popup=&#8221;off&#8221; da_exit_intent=&#8221;off&#8221; da_has_close=&#8221;on&#8221; da_alt_close=&#8221;off&#8221; da_dark_close=&#8221;off&#8221; da_not_modal=&#8221;on&#8221; da_is_singular=&#8221;off&#8221; da_with_loader=&#8221;off&#8221; da_has_shadow=&#8221;on&#8221; da_disable_devices=&#8221;off|off|off&#8221;][et_pb_row column_structure=&#8221;2_5,3_5&#8243; padding_mobile=&#8221;off&#8221; column_padding_mobile=&#8221;on&#8221; admin_label=&#8221;row&#8221; _builder_version=&#8221;4.16&#8243; background_size=&#8221;initial&#8221; background_position=&#8221;top_left&#8221; background_repeat=&#8221;repeat&#8221; custom_margin=&#8221;-16px|auto||auto||&#8221; custom_padding=&#8221;0px||4px|||&#8221; make_fullwidth=&#8221;off&#8221; use_custom_width=&#8221;off&#8221; width_unit=&#8221;off&#8221; custom_width_px=&#8221;1080px&#8221; custom_width_percent=&#8221;80%&#8221; global_colors_info=&#8221;{}&#8221;][et_pb_column type=&#8221;2_5&#8243; _builder_version=&#8221;4.16&#8243; custom_padding=&#8221;|||&#8221; global_colors_info=&#8221;{}&#8221; custom_padding__hover=&#8221;|||&#8221;][et_pb_image src=&#8221;http:\/\/socialgoodaccelerator.eu\/wp-content\/uploads\/2021\/06\/1024px-Palace_of_the_Nation_Brussels.jpg&#8221; alt=&#8221;Parlement f\u00e9d\u00e9ral belge&#8221; title_text=&#8221;Parlement f\u00e9d\u00e9ral belge&#8221; _builder_version=&#8221;4.16&#8243; _module_preset=&#8221;default&#8221; custom_margin=&#8221;||0px|||&#8221; global_colors_info=&#8221;{}&#8221;][\/et_pb_image][et_pb_text _builder_version=&#8221;4.16&#8243; _module_preset=&#8221;default&#8221; custom_padding=&#8221;0px||0px|||&#8221; global_colors_info=&#8221;{}&#8221;]<h6><span style=\"color: #163074; font-size: small;\">The Palace of the Nation, which hosts the Belgian federal parliament<br \/><\/span><\/h6>\n<h6><span style=\"font-size: x-small;\"><em><span style=\"color: #163074;\">Source: Wikipedia, Palace of the Nation in Brussels<br \/><\/span><\/em><\/span><\/h6>[\/et_pb_text][\/et_pb_column][et_pb_column type=&#8221;3_5&#8243; _builder_version=&#8221;4.16&#8243; custom_padding=&#8221;|||&#8221; global_colors_info=&#8221;{}&#8221; custom_padding__hover=&#8221;|||&#8221;][et_pb_text _builder_version=&#8221;4.27.4&#8243; _module_preset=&#8221;default&#8221; min_height=&#8221;229.4px&#8221; custom_margin=&#8221;-26px|||||&#8221; hover_enabled=&#8221;0&#8243; global_colors_info=&#8221;{}&#8221; sticky_enabled=&#8221;0&#8243;]<h2 style=\"text-align: justify;\"><span style=\"color: #163074;\"><\/span>Belgique : une strat\u00e9gie pour r\u00e9duire une fracture num\u00e9rique multidimensionnelle<\/h2>\n<p data-start=\"2920\" data-end=\"2981\">La Belgique distingue trois niveaux de fracture num\u00e9rique :<\/p>\n<ol>\n<li data-start=\"2985\" data-end=\"3026\"><strong data-start=\"2985\" data-end=\"2996\">L\u2019acc\u00e8s<\/strong> (\u00e9quipements, connectivit\u00e9)<\/li>\n<li data-start=\"3030\" data-end=\"3086\"><strong data-start=\"3030\" data-end=\"3049\">Les comp\u00e9tences<\/strong> (utiliser efficacement les outils)<\/li>\n<li data-start=\"3090\" data-end=\"3186\"><strong data-start=\"3090\" data-end=\"3114\">L\u2019usage significatif<\/strong> (acc\u00e9der aux services publics, effectuer des d\u00e9marches administratives)<\/li>\n<\/ol>\n<p data-start=\"3188\" data-end=\"3236\">Pour r\u00e9duire ces \u00e9carts, l\u2019\u00c9tat belge mise sur :<\/p>\n<ul>\n<li data-start=\"3239\" data-end=\"3329\">une coop\u00e9ration renforc\u00e9e entre le f\u00e9d\u00e9ral, les r\u00e9gions, les provinces et les communes ;<\/li>\n<li data-start=\"3332\" data-end=\"3476\">l\u2019implication des acteurs de l\u2019e-inclusion pour b\u00e2tir un v\u00e9ritable <strong data-start=\"3399\" data-end=\"3435\">\u00e9cosyst\u00e8me d\u2019inclusion num\u00e9rique<\/strong>, y compris dans les services publics ;<\/li>\n<li data-start=\"3479\" data-end=\"3545\">des mesures d\u2019accessibilit\u00e9 financi\u00e8re (mat\u00e9riel, abonnements) ;<\/li>\n<li data-start=\"3548\" data-end=\"3600\">un effort massif de formation et de sensibilisation.<\/li>\n<\/ul>\n<p data-start=\"3602\" data-end=\"3829\">Aujourd\u2019hui encore, <strong data-start=\"3622\" data-end=\"3676\">10 % des m\u00e9nages belges n\u2019ont pas acc\u00e8s \u00e0 Internet<\/strong>, et les zones rurales de Wallonie restent prioritaires. Le gouvernement f\u00e9d\u00e9ral pr\u00e9voit d\u2019ailleurs de <strong data-start=\"3779\" data-end=\"3803\">renforcer rapidement<\/strong> son plan Digital Belgium.<\/p>[\/et_pb_text][et_pb_text _builder_version=&#8221;4.27.4&#8243; _module_preset=&#8221;default&#8221; min_height=&#8221;229.4px&#8221; custom_margin=&#8221;-12px||36px|||&#8221; hover_enabled=&#8221;0&#8243; global_colors_info=&#8221;{}&#8221; sticky_enabled=&#8221;0&#8243;]<h2 style=\"text-align: justify;\"><span style=\"color: #163074;\"><\/span>Portugal : un plan d\u2019action national pour la transition num\u00e9rique<\/h2>\n<p data-start=\"3911\" data-end=\"4039\">Lanc\u00e9 en mars 2020, le <strong data-start=\"3934\" data-end=\"3980\">Plan d\u2019action pour la transition num\u00e9rique<\/strong> structure les politiques nationales autour de trois axes :<\/p>\n<ol>\n<li data-start=\"4043\" data-end=\"4084\"><strong data-start=\"4043\" data-end=\"4082\">Capacitation num\u00e9rique des citoyens<\/strong><\/li>\n<li data-start=\"4088\" data-end=\"4134\"><strong data-start=\"4088\" data-end=\"4132\">Transformation num\u00e9rique des entreprises<\/strong><\/li>\n<li data-start=\"4138\" data-end=\"4175\"><strong data-start=\"4138\" data-end=\"4175\">Modernisation num\u00e9rique de l\u2019\u00c9tat<\/strong><\/li>\n<\/ol>\n<p data-start=\"4177\" data-end=\"4232\">Le Portugal s\u2019inspire fortement du mod\u00e8le estonien en :<\/p>\n<ul>\n<li data-start=\"4236\" data-end=\"4370\">d\u00e9veloppant un programme <strong data-start=\"4261\" data-end=\"4278\">d\u2019<a href=\"https:\/\/e-residency.com\/portugal\/\">e-Residency<\/a><\/strong>, permettant aux citoyens portugais \u00e0 l\u2019\u00e9tranger d\u2019acc\u00e9der aux services publics en ligne ;<\/li>\n<li data-start=\"4373\" data-end=\"4466\">ambitionnant la <strong data-start=\"4389\" data-end=\"4462\">d\u00e9mat\u00e9rialisation int\u00e9grale des 25 services publics les plus utilis\u00e9s<\/strong> ;<\/li>\n<li data-start=\"4469\" data-end=\"4548\">coordonnant les strat\u00e9gies locales et nationales pour une coh\u00e9rence d\u2019ensemble.<\/li>\n<\/ul>\n<p data-start=\"4550\" data-end=\"4691\">L\u2019objectif est de cr\u00e9er un <strong data-start=\"4577\" data-end=\"4608\">\u00e9cosyst\u00e8me national int\u00e9gr\u00e9<\/strong>, capable de soutenir \u00e0 la fois l\u2019inclusion sociale et la modernisation \u00e9conomique.<\/p>[\/et_pb_text][et_pb_text _builder_version=&#8221;4.27.4&#8243; _module_preset=&#8221;default&#8221; min_height=&#8221;229.4px&#8221; custom_margin=&#8221;-12px|||||&#8221; hover_enabled=&#8221;0&#8243; global_colors_info=&#8221;{}&#8221; sticky_enabled=&#8221;0&#8243;]<h2 style=\"text-align: justify;\"><span style=\"color: #163074;\"><\/span>Des approches diff\u00e9rentes, une m\u00eame ambition : r\u00e9duire la fracture num\u00e9rique<\/h2>\n<p data-start=\"4782\" data-end=\"5083\">Qu\u2019il s\u2019agisse de la France, de l\u2019Espagne, de la Belgique ou du Portugal, les strat\u00e9gies nationales convergent vers un objectif commun :<br data-start=\"4918\" data-end=\"4921\" \/><strong data-start=\"4921\" data-end=\"5083\">r\u00e9duire les in\u00e9galit\u00e9s d\u2019acc\u00e8s et de comp\u00e9tences num\u00e9riques, particuli\u00e8rement pour les publics \u00e2g\u00e9s, les m\u00e9nages pr\u00e9caires et les habitants des zones rurales.<\/strong><\/p>\n<p data-start=\"5085\" data-end=\"5444\">Malgr\u00e9 des ambitions \u00e9lev\u00e9es, les d\u00e9fis restent nombreux :<br data-start=\"5143\" data-end=\"5146\" \/>\u00e9carts de connectivit\u00e9, difficult\u00e9 d\u2019\u00e9quipement, manque de formation ou encore complexit\u00e9 des d\u00e9marches.<br data-start=\"5250\" data-end=\"5253\" \/>Les collectivit\u00e9s, les acteurs publics et les organisations de l\u2019\u00e9conomie sociale ont donc un r\u00f4le d\u00e9terminant \u00e0 jouer pour garantir <strong data-start=\"5386\" data-end=\"5443\">un acc\u00e8s universel, \u00e9quitable et durable au num\u00e9rique<\/strong>.<\/p>[\/et_pb_text][\/et_pb_column][\/et_pb_row][et_pb_row _builder_version=&#8221;4.16&#8243; _module_preset=&#8221;default&#8221; min_height=&#8221;61px&#8221; custom_margin=&#8221;-53px|auto||auto||&#8221; custom_padding=&#8221;3px||1px|||&#8221; global_colors_info=&#8221;{}&#8221;][et_pb_column type=&#8221;4_4&#8243; _builder_version=&#8221;4.16&#8243; _module_preset=&#8221;default&#8221; global_colors_info=&#8221;{}&#8221;][et_pb_text _builder_version=&#8221;4.27.4&#8243; _module_preset=&#8221;default&#8221; min_height=&#8221;103px&#8221; hover_enabled=&#8221;0&#8243; global_colors_info=&#8221;{}&#8221; sticky_enabled=&#8221;0&#8243; custom_padding=&#8221;28px|||||&#8221;]<h2 style=\"text-align: justify;\"><span style=\"color: #163074; font-size: large;\">Sources :<\/span><\/h2>\n<ul>\n<li style=\"text-align: justify;\"><span style=\"color: #163074;\">Agence nationale de la coh\u00e9sion des territoires, <em>Plan national pour un num\u00e9rique inclusif<\/em>, 2018<br \/><\/span><\/li>\n<li style=\"text-align: justify;\"><span style=\"color: #163074;\">Conseil central de l&#8217;\u00c9conomie \/ Centrale Raad voor het Bedrijfsleven, <em>Vers une politique d\u2019inclusion nume\u0301rique en Belgique<\/em>, 2020<\/span><\/li>\n<li style=\"text-align: justify;\"><span style=\"color: #163074;\">Ministro da Economia e Transi\u00e7\u00e3o Digital, <em>Portugal Digital<\/em>, 2020<\/span><\/li>\n<li style=\"text-align: justify;\"><span style=\"color: #163074;\">ePortugal, Governo lan\u00e7a plano de a\u00e7\u00e3o para a transi\u00e7\u00e3o digital, 2020<\/span><\/li>\n<li style=\"text-align: justify;\"><span style=\"color: #163074;\">Ministerio de asuntos econ\u00f3micos y transformaci\u00f3n digital, <span style=\"font-weight: 400;\"><em>Plan de inclusi\u00f3n digital y empleabilidad<\/em>, 2014<\/span><\/span><\/li>\n<\/ul>[\/et_pb_text][\/et_pb_column][\/et_pb_row][\/et_pb_section][et_pb_section fb_built=&#8221;1&#8243; _builder_version=&#8221;4.27.4&#8243; _module_preset=&#8221;default&#8221; background_color=&#8221;#2B2A5C&#8221; custom_margin=&#8221;||-2px|||&#8221; custom_padding=&#8221;20px||4px|||&#8221; locked=&#8221;off&#8221; global_colors_info=&#8221;{}&#8221; theme_builder_area=&#8221;post_content&#8221; da_is_popup=&#8221;off&#8221; da_exit_intent=&#8221;off&#8221; da_has_close=&#8221;on&#8221; da_alt_close=&#8221;off&#8221; da_dark_close=&#8221;off&#8221; da_not_modal=&#8221;on&#8221; da_is_singular=&#8221;off&#8221; da_with_loader=&#8221;off&#8221; da_has_shadow=&#8221;on&#8221; da_disable_devices=&#8221;off|off|off&#8221;][et_pb_row _builder_version=&#8221;4.27.4&#8243; _module_preset=&#8221;default&#8221; global_colors_info=&#8221;{}&#8221; theme_builder_area=&#8221;post_content&#8221;][et_pb_column type=&#8221;4_4&#8243; _builder_version=&#8221;4.27.4&#8243; _module_preset=&#8221;default&#8221; global_colors_info=&#8221;{}&#8221; theme_builder_area=&#8221;post_content&#8221;][et_pb_heading title=&#8221;FAQ \u2014 Inclusion num\u00e9rique en Europe&#8221; _builder_version=&#8221;4.27.4&#8243; _module_preset=&#8221;default&#8221; title_level=&#8221;h2&#8243; title_text_color=&#8221;#FFFFFF&#8221; hover_enabled=&#8221;0&#8243; global_colors_info=&#8221;{}&#8221; theme_builder_area=&#8221;post_content&#8221; sticky_enabled=&#8221;0&#8243;][\/et_pb_heading][\/et_pb_column][\/et_pb_row][et_pb_row _builder_version=&#8221;4.27.4&#8243; _module_preset=&#8221;default&#8221; global_colors_info=&#8221;{}&#8221; theme_builder_area=&#8221;post_content&#8221;][et_pb_column type=&#8221;4_4&#8243; _builder_version=&#8221;4.27.4&#8243; _module_preset=&#8221;default&#8221; global_colors_info=&#8221;{}&#8221; theme_builder_area=&#8221;post_content&#8221;][et_pb_accordion _builder_version=&#8221;4.27.4&#8243; _module_preset=&#8221;default&#8221; hover_enabled=&#8221;0&#8243; border_radii=&#8221;on|30px|30px|30px|30px&#8221; global_colors_info=&#8221;{}&#8221; theme_builder_area=&#8221;post_content&#8221; sticky_enabled=&#8221;0&#8243;][et_pb_accordion_item title=&#8221;Qu\u2019est-ce que l\u2019inclusion num\u00e9rique ?&#8221; open=&#8221;on&#8221; _builder_version=&#8221;4.27.4&#8243; _module_preset=&#8221;default&#8221; hover_enabled=&#8221;0&#8243; global_colors_info=&#8221;{}&#8221; theme_builder_area=&#8221;post_content&#8221; sticky_enabled=&#8221;0&#8243;]<p>L\u2019inclusion num\u00e9rique d\u00e9signe l\u2019ensemble des actions visant \u00e0 garantir l\u2019acc\u00e8s pour tous au num\u00e9rique : \u00e9quipement, connexion, comp\u00e9tences de base et capacit\u00e9 \u00e0 effectuer des d\u00e9marches essentielles.<\/p>[\/et_pb_accordion_item][et_pb_accordion_item title=&#8221;Quels publics sont les plus touch\u00e9s par la fracture num\u00e9rique ?&#8221; _builder_version=&#8221;4.27.4&#8243; _module_preset=&#8221;default&#8221; hover_enabled=&#8221;0&#8243; global_colors_info=&#8221;{}&#8221; theme_builder_area=&#8221;post_content&#8221; open=&#8221;off&#8221; sticky_enabled=&#8221;0&#8243;]<p data-start=\"5821\" data-end=\"5875\">Trois cat\u00e9gories sont particuli\u00e8rement vuln\u00e9rables :<\/p>\n<ul>\n<li data-start=\"5878\" data-end=\"5901\">les personnes \u00e2g\u00e9es ;<\/li>\n<li data-start=\"5904\" data-end=\"5937\">les m\u00e9nages \u00e0 faibles revenus ;<\/li>\n<li data-start=\"5940\" data-end=\"5983\">les habitants des zones rurales ou isol\u00e9es.<\/li>\n<\/ul>[\/et_pb_accordion_item][et_pb_accordion_item title=&#8221;Que fait l\u2019Union europ\u00e9enne pour r\u00e9duire la fracture num\u00e9rique ?&#8221; _builder_version=&#8221;4.27.4&#8243; _module_preset=&#8221;default&#8221; theme_builder_area=&#8221;post_content&#8221; hover_enabled=&#8221;0&#8243; sticky_enabled=&#8221;0&#8243;]<p data-start=\"6065\" data-end=\"6082\">L\u2019UE agit via :<\/p>\n<ul>\n<li data-start=\"6085\" data-end=\"6142\">la directive 2018\/1972 sur l\u2019acc\u00e8s ad\u00e9quat \u00e0 Internet ;<\/li>\n<li data-start=\"6145\" data-end=\"6197\">le <strong data-start=\"6148\" data-end=\"6181\">Digital Education Action Plan<\/strong> (2021\u20132027) ;<\/li>\n<li data-start=\"6200\" data-end=\"6234\">la <strong data-start=\"6203\" data-end=\"6230\">D\u00e9cennie num\u00e9rique 2030<\/strong> ;<\/li>\n<li data-start=\"6237\" data-end=\"6301\">des fonds structurels soutenant la connectivit\u00e9 et la formation.<\/li>\n<\/ul>[\/et_pb_accordion_item][et_pb_accordion_item title=&#8221;Quels pays europ\u00e9ens sont les plus avanc\u00e9s en mati\u00e8re d\u2019inclusion num\u00e9rique ?&#8221; _builder_version=&#8221;4.27.4&#8243; _module_preset=&#8221;default&#8221; theme_builder_area=&#8221;post_content&#8221; hover_enabled=&#8221;0&#8243; sticky_enabled=&#8221;0&#8243;]<p>L\u2019Estonie reste un mod\u00e8le de r\u00e9f\u00e9rence.<br data-start=\"6435\" data-end=\"6438\" \/>Le Portugal s\u2019en inspire fortement.<br data-start=\"6473\" data-end=\"6476\" \/>La France, l\u2019Espagne et la Belgique disposent de strat\u00e9gies robustes combinant acc\u00e8s, comp\u00e9tences et modernisation des services publics.<\/p>[\/et_pb_accordion_item][et_pb_accordion_item title=&#8221;Pourquoi l\u2019inclusion num\u00e9rique est-elle devenue essentielle ?&#8221; _builder_version=&#8221;4.27.4&#8243; _module_preset=&#8221;default&#8221; theme_builder_area=&#8221;post_content&#8221; hover_enabled=&#8221;0&#8243; sticky_enabled=&#8221;0&#8243;]<p data-start=\"6691\" data-end=\"6745\">Parce que l\u2019acc\u00e8s au num\u00e9rique conditionne d\u00e9sormais :<\/p>\n<ul>\n<li data-start=\"6748\" data-end=\"6794\">l\u2019acc\u00e8s aux droits et aux services publics ;<\/li>\n<li data-start=\"6797\" data-end=\"6822\">la recherche d\u2019emploi ;<\/li>\n<li data-start=\"6825\" data-end=\"6855\">la participation citoyenne ;<\/li>\n<li data-start=\"6858\" data-end=\"6895\">l\u2019acc\u00e8s \u00e0 l\u2019information et aux soins.<\/li>\n<\/ul>\n<p data-start=\"6897\" data-end=\"6966\">Elle constitue un enjeu fondamental d\u2019\u00e9galit\u00e9 et de coh\u00e9sion sociale.<\/p>[\/et_pb_accordion_item][\/et_pb_accordion][\/et_pb_column][\/et_pb_row][\/et_pb_section]",
        "protected": false
    },
    "excerpt": {
        "rendered": "<p>Digital inequalities, more often referred to as the &#8220;digital divide&#8221;, are an obstacle for those who already have difficulties in using them or who do not have access to them. To fill these gaps, public authorities are taking action at both national and European level&#8230;<\/p>",
        "protected": false
    },
    "author": 1,
    "featured_media": 49228,
    "comment_status": "closed",
    "ping_status": "closed",
    "sticky": false,
    "template": "",
    "format": "standard",
    "meta": {
        "_et_pb_use_builder": "on",
        "_et_pb_old_content": "",
        "_et_gb_content_width": "",
        "jetpack_post_was_ever_published": false,
        "_jetpack_newsletter_access": "",
        "_jetpack_dont_email_post_to_subs": false,
        "_jetpack_newsletter_tier_id": 0,
        "_jetpack_memberships_contains_paywalled_content": false,
        "_jetpack_memberships_contains_paid_content": false,
        "footnotes": ""
    },
    "categories": [
        443
    ],
    "tags": [
        387
    ],
    "class_list": [
        "post-49193",
        "post",
        "type-post",
        "status-publish",
        "format-standard",
        "has-post-thumbnail",
        "hentry",
        "category-notes-de-position",
        "tag-reglementation-europeenne"
    ],
    "yoast_head": "<!-- This site is optimized with the Yoast SEO plugin v27.4 - https:\/\/yoast.com\/product\/yoast-seo-wordpress\/ -->\n<title>Inclusion num\u00e9rique : o\u00f9 en est l\u2019Europe ? - SOGA<\/title>\n<meta name=\"description\" content=\"Comment la France, la Belgique, l\u2019Espagne et le Portugal agissent pour r\u00e9duire la fracture num\u00e9rique ? Acc\u00e8s, comp\u00e9tences, plans nationaux : panorama complet des strat\u00e9gies d\u2019inclusion num\u00e9rique en Europe.\" \/>\n<meta name=\"robots\" content=\"index, follow, max-snippet:-1, max-image-preview:large, max-video-preview:-1\" \/>\n<link rel=\"canonical\" href=\"https:\/\/socialgoodaccelerator.eu\/en_gb\/2021\/06\/16\/inclusion-numerique-europe\/\" \/>\n<meta property=\"og:locale\" content=\"en_GB\" \/>\n<meta property=\"og:type\" content=\"article\" \/>\n<meta property=\"og:title\" content=\"Inclusion num\u00e9rique : o\u00f9 en est l\u2019Europe ? - SOGA\" \/>\n<meta property=\"og:description\" content=\"Comment la France, la Belgique, l\u2019Espagne et le Portugal agissent pour r\u00e9duire la fracture num\u00e9rique ? Acc\u00e8s, comp\u00e9tences, plans nationaux : panorama complet des strat\u00e9gies d\u2019inclusion num\u00e9rique en Europe.\" \/>\n<meta property=\"og:url\" content=\"https:\/\/socialgoodaccelerator.eu\/en_gb\/2021\/06\/16\/inclusion-numerique-europe\/\" \/>\n<meta property=\"og:site_name\" content=\"SOGA\" \/>\n<meta property=\"article:publisher\" content=\"https:\/\/www.facebook.com\/SocialGoodAccel.EU\/\" \/>\n<meta property=\"article:published_time\" content=\"2021-06-16T09:27:55+00:00\" \/>\n<meta property=\"article:modified_time\" content=\"2026-03-09T09:44:30+00:00\" \/>\n<meta property=\"og:image\" content=\"http:\/\/socialgoodaccelerator.eu\/wp-content\/uploads\/2021\/06\/plan-inclusion-digital.jpg\" \/>\n\t<meta property=\"og:image:width\" content=\"300\" \/>\n\t<meta property=\"og:image:height\" content=\"230\" \/>\n\t<meta property=\"og:image:type\" content=\"image\/jpeg\" \/>\n<meta name=\"author\" content=\"sogaccelerator\" \/>\n<meta name=\"twitter:card\" content=\"summary_large_image\" \/>\n<meta name=\"twitter:label1\" content=\"Written by\" \/>\n\t<meta name=\"twitter:data1\" content=\"sogaccelerator\" \/>\n\t<meta name=\"twitter:label2\" content=\"Estimated reading time\" \/>\n\t<meta name=\"twitter:data2\" content=\"6 minutes\" \/>\n<script type=\"application\/ld+json\" class=\"yoast-schema-graph\">{\"@context\":\"https:\\\/\\\/schema.org\",\"@graph\":[{\"@type\":\"Article\",\"@id\":\"https:\\\/\\\/socialgoodaccelerator.eu\\\/2021\\\/06\\\/16\\\/inclusion-numerique-europe\\\/#article\",\"isPartOf\":{\"@id\":\"https:\\\/\\\/socialgoodaccelerator.eu\\\/2021\\\/06\\\/16\\\/inclusion-numerique-europe\\\/\"},\"author\":{\"name\":\"sogaccelerator\",\"@id\":\"https:\\\/\\\/socialgoodaccelerator.eu\\\/#\\\/schema\\\/person\\\/0320622db91fd4a2ddef724cbdee0c3e\"},\"headline\":\"Inclusion num\u00e9rique : o\u00f9 en est l\u2019Europe ?\",\"datePublished\":\"2021-06-16T09:27:55+00:00\",\"dateModified\":\"2026-03-09T09:44:30+00:00\",\"mainEntityOfPage\":{\"@id\":\"https:\\\/\\\/socialgoodaccelerator.eu\\\/2021\\\/06\\\/16\\\/inclusion-numerique-europe\\\/\"},\"wordCount\":2599,\"publisher\":{\"@id\":\"https:\\\/\\\/socialgoodaccelerator.eu\\\/#organization\"},\"image\":{\"@id\":\"https:\\\/\\\/socialgoodaccelerator.eu\\\/2021\\\/06\\\/16\\\/inclusion-numerique-europe\\\/#primaryimage\"},\"thumbnailUrl\":\"https:\\\/\\\/i0.wp.com\\\/socialgoodaccelerator.eu\\\/wp-content\\\/uploads\\\/2021\\\/06\\\/plan-inclusion-digital.jpg?fit=300%2C230&ssl=1\",\"keywords\":[\"R\u00e9glementation europ\u00e9enne\"],\"articleSection\":[\"Notes de position\"],\"inLanguage\":\"en-GB\"},{\"@type\":\"WebPage\",\"@id\":\"https:\\\/\\\/socialgoodaccelerator.eu\\\/2021\\\/06\\\/16\\\/inclusion-numerique-europe\\\/\",\"url\":\"https:\\\/\\\/socialgoodaccelerator.eu\\\/2021\\\/06\\\/16\\\/inclusion-numerique-europe\\\/\",\"name\":\"Inclusion num\u00e9rique : o\u00f9 en est l\u2019Europe ? - SOGA\",\"isPartOf\":{\"@id\":\"https:\\\/\\\/socialgoodaccelerator.eu\\\/#website\"},\"primaryImageOfPage\":{\"@id\":\"https:\\\/\\\/socialgoodaccelerator.eu\\\/2021\\\/06\\\/16\\\/inclusion-numerique-europe\\\/#primaryimage\"},\"image\":{\"@id\":\"https:\\\/\\\/socialgoodaccelerator.eu\\\/2021\\\/06\\\/16\\\/inclusion-numerique-europe\\\/#primaryimage\"},\"thumbnailUrl\":\"https:\\\/\\\/i0.wp.com\\\/socialgoodaccelerator.eu\\\/wp-content\\\/uploads\\\/2021\\\/06\\\/plan-inclusion-digital.jpg?fit=300%2C230&ssl=1\",\"datePublished\":\"2021-06-16T09:27:55+00:00\",\"dateModified\":\"2026-03-09T09:44:30+00:00\",\"description\":\"Comment la France, la Belgique, l\u2019Espagne et le Portugal agissent pour r\u00e9duire la fracture num\u00e9rique ? Acc\u00e8s, comp\u00e9tences, plans nationaux : panorama complet des strat\u00e9gies d\u2019inclusion num\u00e9rique en Europe.\",\"breadcrumb\":{\"@id\":\"https:\\\/\\\/socialgoodaccelerator.eu\\\/2021\\\/06\\\/16\\\/inclusion-numerique-europe\\\/#breadcrumb\"},\"inLanguage\":\"en-GB\",\"potentialAction\":[{\"@type\":\"ReadAction\",\"target\":[\"https:\\\/\\\/socialgoodaccelerator.eu\\\/2021\\\/06\\\/16\\\/inclusion-numerique-europe\\\/\"]}]},{\"@type\":\"ImageObject\",\"inLanguage\":\"en-GB\",\"@id\":\"https:\\\/\\\/socialgoodaccelerator.eu\\\/2021\\\/06\\\/16\\\/inclusion-numerique-europe\\\/#primaryimage\",\"url\":\"https:\\\/\\\/i0.wp.com\\\/socialgoodaccelerator.eu\\\/wp-content\\\/uploads\\\/2021\\\/06\\\/plan-inclusion-digital.jpg?fit=300%2C230&ssl=1\",\"contentUrl\":\"https:\\\/\\\/i0.wp.com\\\/socialgoodaccelerator.eu\\\/wp-content\\\/uploads\\\/2021\\\/06\\\/plan-inclusion-digital.jpg?fit=300%2C230&ssl=1\",\"width\":300,\"height\":230},{\"@type\":\"BreadcrumbList\",\"@id\":\"https:\\\/\\\/socialgoodaccelerator.eu\\\/2021\\\/06\\\/16\\\/inclusion-numerique-europe\\\/#breadcrumb\",\"itemListElement\":[{\"@type\":\"ListItem\",\"position\":1,\"name\":\"Accueil\",\"item\":\"https:\\\/\\\/socialgoodaccelerator.eu\\\/\"},{\"@type\":\"ListItem\",\"position\":2,\"name\":\"Inclusion num\u00e9rique : o\u00f9 en est l\u2019Europe ?\"}]},{\"@type\":\"WebSite\",\"@id\":\"https:\\\/\\\/socialgoodaccelerator.eu\\\/#website\",\"url\":\"https:\\\/\\\/socialgoodaccelerator.eu\\\/\",\"name\":\"Social Good Accelerator\",\"description\":\"Acc\u00e9l\u00e9rer l&#039;ESS num\u00e9rique\",\"publisher\":{\"@id\":\"https:\\\/\\\/socialgoodaccelerator.eu\\\/#organization\"},\"alternateName\":\"SOGA\",\"potentialAction\":[{\"@type\":\"SearchAction\",\"target\":{\"@type\":\"EntryPoint\",\"urlTemplate\":\"https:\\\/\\\/socialgoodaccelerator.eu\\\/?s={search_term_string}\"},\"query-input\":{\"@type\":\"PropertyValueSpecification\",\"valueRequired\":true,\"valueName\":\"search_term_string\"}}],\"inLanguage\":\"en-GB\"},{\"@type\":\"Organization\",\"@id\":\"https:\\\/\\\/socialgoodaccelerator.eu\\\/#organization\",\"name\":\"Social Good Accelerator\",\"alternateName\":\"SOGA\",\"url\":\"https:\\\/\\\/socialgoodaccelerator.eu\\\/\",\"logo\":{\"@type\":\"ImageObject\",\"inLanguage\":\"en-GB\",\"@id\":\"https:\\\/\\\/socialgoodaccelerator.eu\\\/#\\\/schema\\\/logo\\\/image\\\/\",\"url\":\"https:\\\/\\\/i0.wp.com\\\/socialgoodaccelerator.eu\\\/wp-content\\\/uploads\\\/2023\\\/10\\\/cropped-LOGO-SOGA-V-FR.png?fit=512%2C512&ssl=1\",\"contentUrl\":\"https:\\\/\\\/i0.wp.com\\\/socialgoodaccelerator.eu\\\/wp-content\\\/uploads\\\/2023\\\/10\\\/cropped-LOGO-SOGA-V-FR.png?fit=512%2C512&ssl=1\",\"width\":512,\"height\":512,\"caption\":\"Social Good Accelerator\"},\"image\":{\"@id\":\"https:\\\/\\\/socialgoodaccelerator.eu\\\/#\\\/schema\\\/logo\\\/image\\\/\"},\"sameAs\":[\"https:\\\/\\\/www.facebook.com\\\/SocialGoodAccel.EU\\\/\",\"https:\\\/\\\/www.youtube.com\\\/@socialgoodaccelerator772\",\"https:\\\/\\\/www.youtube.com\\\/@SocialTechAcademy-eg6hp\"]},{\"@type\":\"Person\",\"@id\":\"https:\\\/\\\/socialgoodaccelerator.eu\\\/#\\\/schema\\\/person\\\/0320622db91fd4a2ddef724cbdee0c3e\",\"name\":\"sogaccelerator\",\"image\":{\"@type\":\"ImageObject\",\"inLanguage\":\"en-GB\",\"@id\":\"https:\\\/\\\/secure.gravatar.com\\\/avatar\\\/99aef05386587650bb056a1275ce2e339bfe398930f37eb7262163da89aad453?s=96&d=mm&r=g\",\"url\":\"https:\\\/\\\/secure.gravatar.com\\\/avatar\\\/99aef05386587650bb056a1275ce2e339bfe398930f37eb7262163da89aad453?s=96&d=mm&r=g\",\"contentUrl\":\"https:\\\/\\\/secure.gravatar.com\\\/avatar\\\/99aef05386587650bb056a1275ce2e339bfe398930f37eb7262163da89aad453?s=96&d=mm&r=g\",\"caption\":\"sogaccelerator\"}}]}<\/script>\n<!-- \/ Yoast SEO plugin. -->",
    "yoast_head_json": {
        "title": "Inclusion num\u00e9rique : o\u00f9 en est l\u2019Europe ? - SOGA",
        "description": "Comment la France, la Belgique, l\u2019Espagne et le Portugal agissent pour r\u00e9duire la fracture num\u00e9rique ? Acc\u00e8s, comp\u00e9tences, plans nationaux : panorama complet des strat\u00e9gies d\u2019inclusion num\u00e9rique en Europe.",
        "robots": {
            "index": "index",
            "follow": "follow",
            "max-snippet": "max-snippet:-1",
            "max-image-preview": "max-image-preview:large",
            "max-video-preview": "max-video-preview:-1"
        },
        "canonical": "https:\/\/socialgoodaccelerator.eu\/en_gb\/2021\/06\/16\/inclusion-numerique-europe\/",
        "og_locale": "en_GB",
        "og_type": "article",
        "og_title": "Inclusion num\u00e9rique : o\u00f9 en est l\u2019Europe ? - SOGA",
        "og_description": "Comment la France, la Belgique, l\u2019Espagne et le Portugal agissent pour r\u00e9duire la fracture num\u00e9rique ? Acc\u00e8s, comp\u00e9tences, plans nationaux : panorama complet des strat\u00e9gies d\u2019inclusion num\u00e9rique en Europe.",
        "og_url": "https:\/\/socialgoodaccelerator.eu\/en_gb\/2021\/06\/16\/inclusion-numerique-europe\/",
        "og_site_name": "SOGA",
        "article_publisher": "https:\/\/www.facebook.com\/SocialGoodAccel.EU\/",
        "article_published_time": "2021-06-16T09:27:55+00:00",
        "article_modified_time": "2026-03-09T09:44:30+00:00",
        "og_image": [
            {
                "width": 300,
                "height": 230,
                "url": "http:\/\/socialgoodaccelerator.eu\/wp-content\/uploads\/2021\/06\/plan-inclusion-digital.jpg",
                "type": "image\/jpeg"
            }
        ],
        "author": "sogaccelerator",
        "twitter_card": "summary_large_image",
        "twitter_misc": {
            "Written by": "sogaccelerator",
            "Estimated reading time": "6 minutes"
        },
        "schema": {
            "@context": "https:\/\/schema.org",
            "@graph": [
                {
                    "@type": "Article",
                    "@id": "https:\/\/socialgoodaccelerator.eu\/2021\/06\/16\/inclusion-numerique-europe\/#article",
                    "isPartOf": {
                        "@id": "https:\/\/socialgoodaccelerator.eu\/2021\/06\/16\/inclusion-numerique-europe\/"
                    },
                    "author": {
                        "name": "sogaccelerator",
                        "@id": "https:\/\/socialgoodaccelerator.eu\/#\/schema\/person\/0320622db91fd4a2ddef724cbdee0c3e"
                    },
                    "headline": "Inclusion num\u00e9rique : o\u00f9 en est l\u2019Europe ?",
                    "datePublished": "2021-06-16T09:27:55+00:00",
                    "dateModified": "2026-03-09T09:44:30+00:00",
                    "mainEntityOfPage": {
                        "@id": "https:\/\/socialgoodaccelerator.eu\/2021\/06\/16\/inclusion-numerique-europe\/"
                    },
                    "wordCount": 2599,
                    "publisher": {
                        "@id": "https:\/\/socialgoodaccelerator.eu\/#organization"
                    },
                    "image": {
                        "@id": "https:\/\/socialgoodaccelerator.eu\/2021\/06\/16\/inclusion-numerique-europe\/#primaryimage"
                    },
                    "thumbnailUrl": "https:\/\/i0.wp.com\/socialgoodaccelerator.eu\/wp-content\/uploads\/2021\/06\/plan-inclusion-digital.jpg?fit=300%2C230&ssl=1",
                    "keywords": [
                        "R\u00e9glementation europ\u00e9enne"
                    ],
                    "articleSection": [
                        "Notes de position"
                    ],
                    "inLanguage": "en-GB"
                },
                {
                    "@type": "WebPage",
                    "@id": "https:\/\/socialgoodaccelerator.eu\/2021\/06\/16\/inclusion-numerique-europe\/",
                    "url": "https:\/\/socialgoodaccelerator.eu\/2021\/06\/16\/inclusion-numerique-europe\/",
                    "name": "Inclusion num\u00e9rique : o\u00f9 en est l\u2019Europe ? - SOGA",
                    "isPartOf": {
                        "@id": "https:\/\/socialgoodaccelerator.eu\/#website"
                    },
                    "primaryImageOfPage": {
                        "@id": "https:\/\/socialgoodaccelerator.eu\/2021\/06\/16\/inclusion-numerique-europe\/#primaryimage"
                    },
                    "image": {
                        "@id": "https:\/\/socialgoodaccelerator.eu\/2021\/06\/16\/inclusion-numerique-europe\/#primaryimage"
                    },
                    "thumbnailUrl": "https:\/\/i0.wp.com\/socialgoodaccelerator.eu\/wp-content\/uploads\/2021\/06\/plan-inclusion-digital.jpg?fit=300%2C230&ssl=1",
                    "datePublished": "2021-06-16T09:27:55+00:00",
                    "dateModified": "2026-03-09T09:44:30+00:00",
                    "description": "Comment la France, la Belgique, l\u2019Espagne et le Portugal agissent pour r\u00e9duire la fracture num\u00e9rique ? Acc\u00e8s, comp\u00e9tences, plans nationaux : panorama complet des strat\u00e9gies d\u2019inclusion num\u00e9rique en Europe.",
                    "breadcrumb": {
                        "@id": "https:\/\/socialgoodaccelerator.eu\/2021\/06\/16\/inclusion-numerique-europe\/#breadcrumb"
                    },
                    "inLanguage": "en-GB",
                    "potentialAction": [
                        {
                            "@type": "ReadAction",
                            "target": [
                                "https:\/\/socialgoodaccelerator.eu\/2021\/06\/16\/inclusion-numerique-europe\/"
                            ]
                        }
                    ]
                },
                {
                    "@type": "ImageObject",
                    "inLanguage": "en-GB",
                    "@id": "https:\/\/socialgoodaccelerator.eu\/2021\/06\/16\/inclusion-numerique-europe\/#primaryimage",
                    "url": "https:\/\/i0.wp.com\/socialgoodaccelerator.eu\/wp-content\/uploads\/2021\/06\/plan-inclusion-digital.jpg?fit=300%2C230&ssl=1",
                    "contentUrl": "https:\/\/i0.wp.com\/socialgoodaccelerator.eu\/wp-content\/uploads\/2021\/06\/plan-inclusion-digital.jpg?fit=300%2C230&ssl=1",
                    "width": 300,
                    "height": 230
                },
                {
                    "@type": "BreadcrumbList",
                    "@id": "https:\/\/socialgoodaccelerator.eu\/2021\/06\/16\/inclusion-numerique-europe\/#breadcrumb",
                    "itemListElement": [
                        {
                            "@type": "ListItem",
                            "position": 1,
                            "name": "Accueil",
                            "item": "https:\/\/socialgoodaccelerator.eu\/"
                        },
                        {
                            "@type": "ListItem",
                            "position": 2,
                            "name": "Inclusion num\u00e9rique : o\u00f9 en est l\u2019Europe ?"
                        }
                    ]
                },
                {
                    "@type": "WebSite",
                    "@id": "https:\/\/socialgoodaccelerator.eu\/#website",
                    "url": "https:\/\/socialgoodaccelerator.eu\/",
                    "name": "Social Good Accelerator",
                    "description": "Acc\u00e9l\u00e9rer l&#039;ESS num\u00e9rique",
                    "publisher": {
                        "@id": "https:\/\/socialgoodaccelerator.eu\/#organization"
                    },
                    "alternateName": "SOGA",
                    "potentialAction": [
                        {
                            "@type": "SearchAction",
                            "target": {
                                "@type": "EntryPoint",
                                "urlTemplate": "https:\/\/socialgoodaccelerator.eu\/?s={search_term_string}"
                            },
                            "query-input": {
                                "@type": "PropertyValueSpecification",
                                "valueRequired": true,
                                "valueName": "search_term_string"
                            }
                        }
                    ],
                    "inLanguage": "en-GB"
                },
                {
                    "@type": "Organization",
                    "@id": "https:\/\/socialgoodaccelerator.eu\/#organization",
                    "name": "Social Good Accelerator",
                    "alternateName": "SOGA",
                    "url": "https:\/\/socialgoodaccelerator.eu\/",
                    "logo": {
                        "@type": "ImageObject",
                        "inLanguage": "en-GB",
                        "@id": "https:\/\/socialgoodaccelerator.eu\/#\/schema\/logo\/image\/",
                        "url": "https:\/\/i0.wp.com\/socialgoodaccelerator.eu\/wp-content\/uploads\/2023\/10\/cropped-LOGO-SOGA-V-FR.png?fit=512%2C512&ssl=1",
                        "contentUrl": "https:\/\/i0.wp.com\/socialgoodaccelerator.eu\/wp-content\/uploads\/2023\/10\/cropped-LOGO-SOGA-V-FR.png?fit=512%2C512&ssl=1",
                        "width": 512,
                        "height": 512,
                        "caption": "Social Good Accelerator"
                    },
                    "image": {
                        "@id": "https:\/\/socialgoodaccelerator.eu\/#\/schema\/logo\/image\/"
                    },
                    "sameAs": [
                        "https:\/\/www.facebook.com\/SocialGoodAccel.EU\/",
                        "https:\/\/www.youtube.com\/@socialgoodaccelerator772",
                        "https:\/\/www.youtube.com\/@SocialTechAcademy-eg6hp"
                    ]
                },
                {
                    "@type": "Person",
                    "@id": "https:\/\/socialgoodaccelerator.eu\/#\/schema\/person\/0320622db91fd4a2ddef724cbdee0c3e",
                    "name": "sogaccelerator",
                    "image": {
                        "@type": "ImageObject",
                        "inLanguage": "en-GB",
                        "@id": "https:\/\/secure.gravatar.com\/avatar\/99aef05386587650bb056a1275ce2e339bfe398930f37eb7262163da89aad453?s=96&d=mm&r=g",
                        "url": "https:\/\/secure.gravatar.com\/avatar\/99aef05386587650bb056a1275ce2e339bfe398930f37eb7262163da89aad453?s=96&d=mm&r=g",
                        "contentUrl": "https:\/\/secure.gravatar.com\/avatar\/99aef05386587650bb056a1275ce2e339bfe398930f37eb7262163da89aad453?s=96&d=mm&r=g",
                        "caption": "sogaccelerator"
                    }
                }
            ]
        }
    },
    "jetpack_featured_media_url": "https:\/\/i0.wp.com\/socialgoodaccelerator.eu\/wp-content\/uploads\/2021\/06\/plan-inclusion-digital.jpg?fit=300%2C230&ssl=1",
    "jetpack_likes_enabled": false,
    "jetpack-related-posts": [
        {
            "id": 57863,
            "url": "https:\/\/socialgoodaccelerator.eu\/en_gb\/2026\/04\/23\/lasuite-coop\/",
            "url_meta": {
                "origin": 49193,
                "position": 0
            },
            "title": "LaSuite.coop : l\u2019alternative num\u00e9rique coop\u00e9rative, libre et h\u00e9berg\u00e9e en Europe dont l\u2019ESS avait besoin",
            "author": "sogaccelerator",
            "date": "23 April 2026",
            "format": "gallery",
            "excerpt": "Abstract :\u00a0Chaque ann\u00e9e, 70 milliards d\u2019euros quittent la France en direction des \u00c9tats-Unis pour financer nos seuls usages num\u00e9riques. Derri\u00e8re\u2026",
            "rel": "",
            "context": "In &quot;Actualit\u00e9s de SOGA&quot;",
            "block_context": {
                "text": "Actualit\u00e9s de SOGA",
                "link": "https:\/\/socialgoodaccelerator.eu\/en_gb\/category\/actualites-de-soga\/"
            },
            "img": {
                "alt_text": "LaSuite.coop",
                "src": "https:\/\/i0.wp.com\/socialgoodaccelerator.eu\/wp-content\/uploads\/2026\/04\/Design-sans-titre-2-1-1.png?fit=1200%2C627&ssl=1&resize=350%2C200",
                "width": 350,
                "height": 200,
                "srcset": "https:\/\/i0.wp.com\/socialgoodaccelerator.eu\/wp-content\/uploads\/2026\/04\/Design-sans-titre-2-1-1.png?fit=1200%2C627&ssl=1&resize=350%2C200 1x, https:\/\/i0.wp.com\/socialgoodaccelerator.eu\/wp-content\/uploads\/2026\/04\/Design-sans-titre-2-1-1.png?fit=1200%2C627&ssl=1&resize=525%2C300 1.5x, https:\/\/i0.wp.com\/socialgoodaccelerator.eu\/wp-content\/uploads\/2026\/04\/Design-sans-titre-2-1-1.png?fit=1200%2C627&ssl=1&resize=700%2C400 2x, https:\/\/i0.wp.com\/socialgoodaccelerator.eu\/wp-content\/uploads\/2026\/04\/Design-sans-titre-2-1-1.png?fit=1200%2C627&ssl=1&resize=1050%2C600 3x"
            },
            "classes": []
        },
        {
            "id": 53114,
            "url": "https:\/\/socialgoodaccelerator.eu\/en_gb\/2023\/07\/07\/rapport-activite-2022\/",
            "url_meta": {
                "origin": 49193,
                "position": 1
            },
            "title": "Rapport d&#8217;activit\u00e9 2022",
            "author": "sogaccelerator",
            "date": "7 July 2023",
            "format": false,
            "excerpt": "Dive into our 2022 activity report to discover our achievements in accelerating the digital transition of social economy organisations and building a social and inclusive digital model on a European scale.",
            "rel": "",
            "context": "In &quot;Rapport d'activit\u00e9&quot;",
            "block_context": {
                "text": "Rapport d'activit\u00e9",
                "link": "https:\/\/socialgoodaccelerator.eu\/en_gb\/category\/rapport-d-activite\/"
            },
            "img": {
                "alt_text": "Rapport d'activit\u00e9 2022",
                "src": "https:\/\/i0.wp.com\/socialgoodaccelerator.eu\/wp-content\/uploads\/2025\/08\/Titre-2.png?fit=1200%2C675&ssl=1&resize=350%2C200",
                "width": 350,
                "height": 200,
                "srcset": "https:\/\/i0.wp.com\/socialgoodaccelerator.eu\/wp-content\/uploads\/2025\/08\/Titre-2.png?fit=1200%2C675&ssl=1&resize=350%2C200 1x, https:\/\/i0.wp.com\/socialgoodaccelerator.eu\/wp-content\/uploads\/2025\/08\/Titre-2.png?fit=1200%2C675&ssl=1&resize=525%2C300 1.5x, https:\/\/i0.wp.com\/socialgoodaccelerator.eu\/wp-content\/uploads\/2025\/08\/Titre-2.png?fit=1200%2C675&ssl=1&resize=700%2C400 2x, https:\/\/i0.wp.com\/socialgoodaccelerator.eu\/wp-content\/uploads\/2025\/08\/Titre-2.png?fit=1200%2C675&ssl=1&resize=1050%2C600 3x"
            },
            "classes": []
        },
        {
            "id": 50484,
            "url": "https:\/\/socialgoodaccelerator.eu\/en_gb\/2022\/03\/25\/la-mednum-a-singular-structure-for-digital-inclusion\/",
            "url_meta": {
                "origin": 49193,
                "position": 2
            },
            "title": "La MedNum, &#8220;a singular structure&#8221; for digital inclusion",
            "author": "sogaccelerator",
            "date": "25 March 2022",
            "format": false,
            "excerpt": "On 15 March 2022, Guilhem Pradali\u00e9, Managing Director of the MedNum, member of the Social Good Accelerator, gave us an interview in which he explained what the MedNum is, what its projects and challenges are, and its role within the SOGA.",
            "rel": "",
            "context": "In &quot;Communs &amp; plaidoyer&quot;",
            "block_context": {
                "text": "Communs &amp; plaidoyer",
                "link": "https:\/\/socialgoodaccelerator.eu\/en_gb\/category\/communs-et-plaidoyer\/"
            },
            "img": {
                "alt_text": "",
                "src": "https:\/\/i0.wp.com\/socialgoodaccelerator.eu\/wp-content\/uploads\/2022\/03\/Capture-de%CC%81cran-2022-04-20-a%CC%80-11.38.38.png?fit=495%2C361&ssl=1&resize=350%2C200",
                "width": 350,
                "height": 200
            },
            "classes": []
        },
        {
            "id": 50394,
            "url": "https:\/\/socialgoodaccelerator.eu\/en_gb\/2022\/03\/10\/open-letter\/",
            "url_meta": {
                "origin": 49193,
                "position": 3
            },
            "title": "Open letter: the necessary digital transition of the social economy",
            "author": "sogaccelerator",
            "date": "10 March 2022",
            "format": false,
            "excerpt": "In February 2021, the Social Good Accelerator and its 70 members maintained its vision in its open letter. A better world can only be made with the full support of social economy, which also has to be digitalised.",
            "rel": "",
            "context": "In &quot;Notes de position&quot;",
            "block_context": {
                "text": "Notes de position",
                "link": "https:\/\/socialgoodaccelerator.eu\/en_gb\/category\/notes-de-position\/"
            },
            "img": {
                "alt_text": "SOGA team flags Lisbon",
                "src": "https:\/\/i0.wp.com\/socialgoodaccelerator.eu\/wp-content\/uploads\/2018\/03\/flags.jpg?fit=1200%2C900&ssl=1&resize=350%2C200",
                "width": 350,
                "height": 200,
                "srcset": "https:\/\/i0.wp.com\/socialgoodaccelerator.eu\/wp-content\/uploads\/2018\/03\/flags.jpg?fit=1200%2C900&ssl=1&resize=350%2C200 1x, https:\/\/i0.wp.com\/socialgoodaccelerator.eu\/wp-content\/uploads\/2018\/03\/flags.jpg?fit=1200%2C900&ssl=1&resize=525%2C300 1.5x, https:\/\/i0.wp.com\/socialgoodaccelerator.eu\/wp-content\/uploads\/2018\/03\/flags.jpg?fit=1200%2C900&ssl=1&resize=700%2C400 2x, https:\/\/i0.wp.com\/socialgoodaccelerator.eu\/wp-content\/uploads\/2018\/03\/flags.jpg?fit=1200%2C900&ssl=1&resize=1050%2C600 3x"
            },
            "classes": []
        },
        {
            "id": 51172,
            "url": "https:\/\/socialgoodaccelerator.eu\/en_gb\/2022\/07\/13\/analysis-of-the-report-on-the-digital-commons\/",
            "url_meta": {
                "origin": 49193,
                "position": 4
            },
            "title": "Analysis of the report on the Digital Commons",
            "author": "sogaccelerator",
            "date": "13 July 2022",
            "format": false,
            "excerpt": "Let's analyse some of the ideas and proposals of the report on the digital commons and Europe's sovereignty (June 2022).",
            "rel": "",
            "context": "In &quot;Communs &amp; plaidoyer&quot;",
            "block_context": {
                "text": "Communs &amp; plaidoyer",
                "link": "https:\/\/socialgoodaccelerator.eu\/en_gb\/category\/communs-et-plaidoyer\/"
            },
            "img": {
                "alt_text": "",
                "src": "https:\/\/i0.wp.com\/socialgoodaccelerator.eu\/wp-content\/uploads\/2022\/07\/Image-aggrandie-Visuel-article-communs-numeriques-Publication-LinkedIn-e1657876948843.png?fit=1200%2C1200&ssl=1&resize=350%2C200",
                "width": 350,
                "height": 200,
                "srcset": "https:\/\/i0.wp.com\/socialgoodaccelerator.eu\/wp-content\/uploads\/2022\/07\/Image-aggrandie-Visuel-article-communs-numeriques-Publication-LinkedIn-e1657876948843.png?fit=1200%2C1200&ssl=1&resize=350%2C200 1x, https:\/\/i0.wp.com\/socialgoodaccelerator.eu\/wp-content\/uploads\/2022\/07\/Image-aggrandie-Visuel-article-communs-numeriques-Publication-LinkedIn-e1657876948843.png?fit=1200%2C1200&ssl=1&resize=525%2C300 1.5x, https:\/\/i0.wp.com\/socialgoodaccelerator.eu\/wp-content\/uploads\/2022\/07\/Image-aggrandie-Visuel-article-communs-numeriques-Publication-LinkedIn-e1657876948843.png?fit=1200%2C1200&ssl=1&resize=700%2C400 2x, https:\/\/i0.wp.com\/socialgoodaccelerator.eu\/wp-content\/uploads\/2022\/07\/Image-aggrandie-Visuel-article-communs-numeriques-Publication-LinkedIn-e1657876948843.png?fit=1200%2C1200&ssl=1&resize=1050%2C600 3x"
            },
            "classes": []
        },
        {
            "id": 51087,
            "url": "https:\/\/socialgoodaccelerator.eu\/en_gb\/2022\/07\/07\/rapport-activite-2021\/",
            "url_meta": {
                "origin": 49193,
                "position": 5
            },
            "title": "Rapport d&#8217;activit\u00e9 2021",
            "author": "sogaccelerator",
            "date": "7 July 2022",
            "format": false,
            "excerpt": "Discover all the actions accomplished by the Social good Accelerator in 2021 and its perspectives for 2022 in this SOGA activity report.",
            "rel": "",
            "context": "In &quot;Rapport d'activit\u00e9&quot;",
            "block_context": {
                "text": "Rapport d'activit\u00e9",
                "link": "https:\/\/socialgoodaccelerator.eu\/en_gb\/category\/rapport-d-activite\/"
            },
            "img": {
                "alt_text": "Rapport d'activit\u00e9 2021",
                "src": "https:\/\/i0.wp.com\/socialgoodaccelerator.eu\/wp-content\/uploads\/2025\/08\/Titre-3.png?fit=1200%2C675&ssl=1&resize=350%2C200",
                "width": 350,
                "height": 200,
                "srcset": "https:\/\/i0.wp.com\/socialgoodaccelerator.eu\/wp-content\/uploads\/2025\/08\/Titre-3.png?fit=1200%2C675&ssl=1&resize=350%2C200 1x, https:\/\/i0.wp.com\/socialgoodaccelerator.eu\/wp-content\/uploads\/2025\/08\/Titre-3.png?fit=1200%2C675&ssl=1&resize=525%2C300 1.5x, https:\/\/i0.wp.com\/socialgoodaccelerator.eu\/wp-content\/uploads\/2025\/08\/Titre-3.png?fit=1200%2C675&ssl=1&resize=700%2C400 2x, https:\/\/i0.wp.com\/socialgoodaccelerator.eu\/wp-content\/uploads\/2025\/08\/Titre-3.png?fit=1200%2C675&ssl=1&resize=1050%2C600 3x"
            },
            "classes": []
        }
    ],
    "jetpack_sharing_enabled": false,
    "jetpack_shortlink": "https:\/\/wp.me\/p9J6Qk-cNr",
    "_links": {
        "self": [
            {
                "href": "https:\/\/socialgoodaccelerator.eu\/en_gb\/wp-json\/wp\/v2\/posts\/49193",
                "targetHints": {
                    "allow": [
                        "GET"
                    ]
                }
            }
        ],
        "collection": [
            {
                "href": "https:\/\/socialgoodaccelerator.eu\/en_gb\/wp-json\/wp\/v2\/posts"
            }
        ],
        "about": [
            {
                "href": "https:\/\/socialgoodaccelerator.eu\/en_gb\/wp-json\/wp\/v2\/types\/post"
            }
        ],
        "author": [
            {
                "embeddable": true,
                "href": "https:\/\/socialgoodaccelerator.eu\/en_gb\/wp-json\/wp\/v2\/users\/1"
            }
        ],
        "replies": [
            {
                "embeddable": true,
                "href": "https:\/\/socialgoodaccelerator.eu\/en_gb\/wp-json\/wp\/v2\/comments?post=49193"
            }
        ],
        "version-history": [
            {
                "count": 14,
                "href": "https:\/\/socialgoodaccelerator.eu\/en_gb\/wp-json\/wp\/v2\/posts\/49193\/revisions"
            }
        ],
        "predecessor-version": [
            {
                "id": 56144,
                "href": "https:\/\/socialgoodaccelerator.eu\/en_gb\/wp-json\/wp\/v2\/posts\/49193\/revisions\/56144"
            }
        ],
        "wp:featuredmedia": [
            {
                "embeddable": true,
                "href": "https:\/\/socialgoodaccelerator.eu\/en_gb\/wp-json\/wp\/v2\/media\/49228"
            }
        ],
        "wp:attachment": [
            {
                "href": "https:\/\/socialgoodaccelerator.eu\/en_gb\/wp-json\/wp\/v2\/media?parent=49193"
            }
        ],
        "wp:term": [
            {
                "taxonomy": "category",
                "embeddable": true,
                "href": "https:\/\/socialgoodaccelerator.eu\/en_gb\/wp-json\/wp\/v2\/categories?post=49193"
            },
            {
                "taxonomy": "post_tag",
                "embeddable": true,
                "href": "https:\/\/socialgoodaccelerator.eu\/en_gb\/wp-json\/wp\/v2\/tags?post=49193"
            }
        ],
        "curies": [
            {
                "name": "wp",
                "href": "https:\/\/api.w.org\/{rel}",
                "templated": true
            }
        ]
    }
}