{
    "id": 48914,
    "date": "2021-05-17T14:41:57",
    "date_gmt": "2021-05-17T12:41:57",
    "guid": {
        "rendered": "https:\/\/socialgoodaccelerator.eu\/?p=48914"
    },
    "modified": "2025-12-11T15:41:35",
    "modified_gmt": "2025-12-11T14:41:35",
    "slug": "euses-2021-mannheim-sommet-economie-sociale",
    "status": "publish",
    "type": "post",
    "link": "https:\/\/socialgoodaccelerator.eu\/en_gb\/2021\/05\/17\/euses-2021-mannheim-sommet-economie-sociale\/",
    "title": {
        "rendered": "EUSES 2021 : en route vers Mannheim"
    },
    "content": {
        "rendered": "[et_pb_section fb_built=&#8221;1&#8243; _builder_version=&#8221;4.16&#8243; da_disable_devices=&#8221;off|off|off&#8221; global_colors_info=&#8221;{}&#8221; da_is_popup=&#8221;off&#8221; da_exit_intent=&#8221;off&#8221; da_has_close=&#8221;on&#8221; da_alt_close=&#8221;off&#8221; da_dark_close=&#8221;off&#8221; da_not_modal=&#8221;on&#8221; da_is_singular=&#8221;off&#8221; da_with_loader=&#8221;off&#8221; da_has_shadow=&#8221;on&#8221;][et_pb_row _builder_version=&#8221;4.16&#8243; background_size=&#8221;initial&#8221; background_position=&#8221;top_left&#8221; background_repeat=&#8221;repeat&#8221; custom_padding=&#8221;27px|||||&#8221; global_colors_info=&#8221;{}&#8221;][et_pb_column type=&#8221;4_4&#8243; _builder_version=&#8221;4.16&#8243; custom_padding=&#8221;|||&#8221; global_colors_info=&#8221;{}&#8221; custom_padding__hover=&#8221;|||&#8221;][et_pb_heading title=&#8221;EUSES 2021 : en route vers Mannheim pour le premier sommet europ\u00e9en de l\u2019\u00e9conomie sociale&#8221; _builder_version=&#8221;4.27.4&#8243; _module_preset=&#8221;default&#8221; global_colors_info=&#8221;{}&#8221;][\/et_pb_heading][et_pb_text _builder_version=&#8221;4.27.4&#8243; _module_preset=&#8221;default&#8221; text_text_color=&#8221;#F8C040&#8243; background_color=&#8221;#2B2A5C&#8221; global_colors_info=&#8221;{}&#8221;]<p>Apr\u00e8s plusieurs mois de report, nous sommes enfin \u00e0 l\u2019aube d\u2019un rendez-vous majeur pour l\u2019\u00e9conomie sociale en Europe. Dans le cadre de la pr\u00e9sidence allemande du Conseil de l\u2019Union europ\u00e9enne en 2020, Mannheim a \u00e9t\u00e9 choisie pour accueillir le tout premier <strong data-start=\"644\" data-end=\"685\">Sommet europ\u00e9en de l\u2019\u00e9conomie sociale<\/strong>. Finalement organis\u00e9 int\u00e9gralement en ligne, et retransmis depuis la ville rh\u00e9nane les 26 et 27 mai, cet \u00e9v\u00e9nement n\u2019en reste pas moins strat\u00e9gique pour l\u2019avenir du secteur.<\/p>[\/et_pb_text][et_pb_heading title=&#8221;Un sommet pionnier plac\u00e9 sous le signe de l\u2019innovation, de la coop\u00e9ration et du num\u00e9rique&#8221; _builder_version=&#8221;4.27.4&#8243; _module_preset=&#8221;default&#8221; title_level=&#8221;h2&#8243; global_colors_info=&#8221;{}&#8221;][\/et_pb_heading][et_pb_text _builder_version=&#8221;4.27.4&#8243; _module_preset=&#8221;default&#8221; global_colors_info=&#8221;{}&#8221;]<p data-start=\"964\" data-end=\"1193\">EUSES 2021 constitue une premi\u00e8re historique : un sommet europ\u00e9en enti\u00e8rement d\u00e9di\u00e9 \u00e0 l\u2019\u00e9conomie sociale, centr\u00e9 sur trois grands axes essentiels pour la d\u00e9cennie \u00e0 venir :<br data-start=\"1136\" data-end=\"1139\" \/><strong data-start=\"1139\" data-end=\"1192\">collaboration, innovation et transition num\u00e9rique<\/strong>.<\/p>\n<p data-start=\"1195\" data-end=\"1313\">Port\u00e9 par la pr\u00e9sidence allemande, cet \u00e9v\u00e9nement s\u2019inscrit aussi dans une dynamique intergouvernementale plus large.<\/p>\n<ul data-start=\"1314\" data-end=\"1607\">\n<li data-start=\"1314\" data-end=\"1438\">\n<p data-start=\"1316\" data-end=\"1438\">La <a href=\"https:\/\/www.2021portugal.eu\/pt\/\"><strong data-start=\"1319\" data-end=\"1344\">pr\u00e9sidence portugaise<\/strong><\/a> entend poursuivre ce travail en pla\u00e7ant fortement l\u2019\u00e9conomie sociale au c\u0153ur de son agenda.<\/p>\n<\/li>\n<li data-start=\"1439\" data-end=\"1607\">\n<p data-start=\"1441\" data-end=\"1607\">La <strong data-start=\"1444\" data-end=\"1476\">pr\u00e9sidence fran\u00e7aise de 2022<\/strong> annonce d\u00e9j\u00e0 faire du <a href=\"https:\/\/www.maddyness.com\/2021\/02\/19\/clement-beaune-numerique-priorite-presidence-francaise-conseil-union-europeenne-2022\/\"><strong data-start=\"1499\" data-end=\"1525\">num\u00e9rique une priorit\u00e9<\/strong><\/a>, en coh\u00e9rence avec les enjeux de souverainet\u00e9 et d&#8217;inclusion num\u00e9rique en Europe.<\/p>\n<\/li>\n<\/ul>\n<p data-start=\"1609\" data-end=\"1828\">EUSES 2021 r\u00e9unira <strong data-start=\"1628\" data-end=\"1657\">plus de 300 organisations<\/strong> et proposera <strong data-start=\"1671\" data-end=\"1686\">80 sessions<\/strong> m\u00ealant pr\u00e9sentations, ateliers et \u00e9changes transnationaux. Un moment cl\u00e9 pour nourrir une vision europ\u00e9enne renouvel\u00e9e de l\u2019\u00e9conomie sociale.<\/p>[\/et_pb_text][et_pb_heading title=&#8221;La participation du Social Good Accelerator&#8221; _builder_version=&#8221;4.27.4&#8243; _module_preset=&#8221;default&#8221; title_level=&#8221;h2&#8243; global_colors_info=&#8221;{}&#8221;][\/et_pb_heading][et_pb_text _builder_version=&#8221;4.27.4&#8243; _module_preset=&#8221;default&#8221; global_colors_info=&#8221;{}&#8221;]<p data-start=\"964\" data-end=\"1193\">Le Social Good Accelerator a \u00e9t\u00e9 invit\u00e9 \u00e0 intervenir pour pr\u00e9senter deux de ses projets structurants :<br data-start=\"1989\" data-end=\"1992\" \/><strong data-start=\"1992\" data-end=\"2016\">le Social Tech Atlas<\/strong>, et <strong data-start=\"2021\" data-end=\"2080\">le second chapitre du pilier Recherche de l\u2019association<\/strong>.<\/p>[\/et_pb_text][et_pb_heading title=&#8221;Le Social Tech Atlas : une cartographie europ\u00e9enne des acteurs du num\u00e9rique social&#8221; _builder_version=&#8221;4.27.4&#8243; _module_preset=&#8221;default&#8221; title_level=&#8221;h2&#8243; global_colors_info=&#8221;{}&#8221;][\/et_pb_heading][et_pb_text _builder_version=&#8221;4.27.4&#8243; _module_preset=&#8221;default&#8221; global_colors_info=&#8221;{}&#8221;]<p data-start=\"2179\" data-end=\"2367\">\u00c0 Mannheim, le SOGA d\u00e9voilera la premi\u00e8re version de son <a href=\"https:\/\/socialgoodaccelerator.eu\/en_gb\/social-tech-atlas\/\"><strong data-start=\"2236\" data-end=\"2257\">Social Tech Atlas<\/strong><\/a>, un outil open source unique r\u00e9f\u00e9ren\u00e7ant d\u00e9j\u00e0 pr\u00e8s de <strong data-start=\"2312\" data-end=\"2347\">1 000 organisations europ\u00e9ennes<\/strong> impliqu\u00e9es dans :<\/p>\n<ul data-start=\"2368\" data-end=\"2517\">\n<li data-start=\"2368\" data-end=\"2418\">\n<p data-start=\"2370\" data-end=\"2418\">la transition num\u00e9rique de l\u2019\u00e9conomie sociale,<\/p>\n<\/li>\n<li data-start=\"2419\" data-end=\"2517\">\n<p data-start=\"2421\" data-end=\"2517\">la production de solutions technologiques alternatives, ouvertes, collaboratives ou pair-\u00e0-pair.<\/p>\n<\/li>\n<\/ul>\n<p data-start=\"2519\" data-end=\"2720\">La cartographie est \u00e9volutive : les organisations peuvent demander \u00e0 y \u00eatre ajout\u00e9es, cr\u00e9ant ainsi une <strong data-start=\"2622\" data-end=\"2659\">ressource vivante et contributive<\/strong> destin\u00e9e \u00e0 toute la communaut\u00e9 europ\u00e9enne de la Social Tech.<\/p>[\/et_pb_text][et_pb_heading title=&#8221;Programme de recherche : une nouvelle phase tourn\u00e9e vers les mod\u00e8les macro\u00e9conomiques&#8221; _builder_version=&#8221;4.27.4&#8243; _module_preset=&#8221;default&#8221; title_level=&#8221;h2&#8243; global_colors_info=&#8221;{}&#8221;][\/et_pb_heading][et_pb_text _builder_version=&#8221;4.27.4&#8243; _module_preset=&#8221;default&#8221; global_colors_info=&#8221;{}&#8221;]<p data-start=\"2821\" data-end=\"3137\">Apr\u00e8s un premier chapitre consacr\u00e9 \u00e0 la compr\u00e9hension des besoins des acteurs tech et sociaux en Europe, le SOGA entame un <strong data-start=\"2944\" data-end=\"2963\">second chapitre<\/strong> plus macro\u00e9conomique.<br data-start=\"2985\" data-end=\"2988\" \/>Objectif : analyser les mod\u00e8les \u00e9mergents de coop\u00e9ration num\u00e9rique et sociale, et identifier leurs impacts potentiels sur les politiques europ\u00e9ennes.<\/p>\n<p data-start=\"3139\" data-end=\"3180\">EUSES 2021 sera l\u2019occasion de pr\u00e9senter :<\/p>\n<ul data-start=\"3181\" data-end=\"3358\">\n<li data-start=\"3181\" data-end=\"3223\">\n<p data-start=\"3183\" data-end=\"3223\">les <a href=\"https:\/\/socialgoodaccelerator.eu\/en_gb\/research\/\"><strong data-start=\"3187\" data-end=\"3220\">r\u00e9sultats du premier chapitre<\/strong><\/a>,<\/p>\n<\/li>\n<li data-start=\"3224\" data-end=\"3279\">\n<p data-start=\"3226\" data-end=\"3279\">la <strong data-start=\"3229\" data-end=\"3276\">m\u00e9thodologie et le positionnement du second<\/strong>,<\/p>\n<\/li>\n<li data-start=\"3280\" data-end=\"3358\">\n<p data-start=\"3282\" data-end=\"3358\">les perspectives de recherche sur les mod\u00e8les contributifs et collaboratifs.<\/p>\n<\/li>\n<\/ul>[\/et_pb_text][et_pb_heading title=&#8221;Un moment cl\u00e9 pour la visibilit\u00e9 de l\u2019\u00e9conomie sociale europ\u00e9enne&#8221; _builder_version=&#8221;4.27.4&#8243; _module_preset=&#8221;default&#8221; title_level=&#8221;h2&#8243; global_colors_info=&#8221;{}&#8221;][\/et_pb_heading][et_pb_text _builder_version=&#8221;4.27.4&#8243; _module_preset=&#8221;default&#8221; global_colors_info=&#8221;{}&#8221;]<p data-start=\"3439\" data-end=\"3648\">Ce premier sommet europ\u00e9en repr\u00e9sente un tournant dans la reconnaissance institutionnelle et strat\u00e9gique de l\u2019\u00e9conomie sociale. Pour le Social Good Accelerator, EUSES 2021 est une opportunit\u00e9 d\u00e9cisive pour :<\/p>\n<ul data-start=\"3649\" data-end=\"3824\">\n<li data-start=\"3649\" data-end=\"3681\">\n<p data-start=\"3651\" data-end=\"3681\">mettre en avant ses travaux,<\/p>\n<\/li>\n<li data-start=\"3682\" data-end=\"3735\">\n<p data-start=\"3684\" data-end=\"3735\">renforcer la coop\u00e9ration entre acteurs europ\u00e9ens,<\/p>\n<\/li>\n<li data-start=\"3736\" data-end=\"3824\">\n<p data-start=\"3738\" data-end=\"3824\">et contribuer \u00e0 la d\u00e9finition d\u2019un agenda num\u00e9rique r\u00e9ellement inclusif et coop\u00e9ratif.<\/p>\n<\/li>\n<\/ul>[\/et_pb_text][\/et_pb_column][\/et_pb_row][\/et_pb_section][et_pb_section fb_built=&#8221;1&#8243; _builder_version=&#8221;4.27.4&#8243; _module_preset=&#8221;default&#8221; background_color=&#8221;#2B2A5C&#8221; custom_margin=&#8221;||-2px|||&#8221; custom_padding=&#8221;20px||4px|||&#8221; da_disable_devices=&#8221;off|off|off&#8221; locked=&#8221;off&#8221; global_colors_info=&#8221;{}&#8221; da_is_popup=&#8221;off&#8221; da_exit_intent=&#8221;off&#8221; da_has_close=&#8221;on&#8221; da_alt_close=&#8221;off&#8221; da_dark_close=&#8221;off&#8221; da_not_modal=&#8221;on&#8221; da_is_singular=&#8221;off&#8221; da_with_loader=&#8221;off&#8221; da_has_shadow=&#8221;on&#8221;][et_pb_row _builder_version=&#8221;4.27.4&#8243; _module_preset=&#8221;default&#8221; global_colors_info=&#8221;{}&#8221;][et_pb_column type=&#8221;4_4&#8243; _builder_version=&#8221;4.27.4&#8243; _module_preset=&#8221;default&#8221; global_colors_info=&#8221;{}&#8221;][et_pb_heading title=&#8221;FAQ \u2014 EUSES 2021&#8243; _builder_version=&#8221;4.27.4&#8243; _module_preset=&#8221;default&#8221; title_level=&#8221;h2&#8243; title_text_color=&#8221;#FFFFFF&#8221; global_colors_info=&#8221;{}&#8221;][\/et_pb_heading][\/et_pb_column][\/et_pb_row][et_pb_row _builder_version=&#8221;4.27.4&#8243; _module_preset=&#8221;default&#8221; global_colors_info=&#8221;{}&#8221;][et_pb_column type=&#8221;4_4&#8243; _builder_version=&#8221;4.27.4&#8243; _module_preset=&#8221;default&#8221; global_colors_info=&#8221;{}&#8221;][et_pb_accordion _builder_version=&#8221;4.27.4&#8243; _module_preset=&#8221;default&#8221; border_radii=&#8221;on|30px|30px|30px|30px&#8221; global_colors_info=&#8221;{}&#8221;][et_pb_accordion_item title=&#8221;Qu\u2019est-ce que EUSES 2021 ?&#8221; open=&#8221;on&#8221; _builder_version=&#8221;4.27.4&#8243; _module_preset=&#8221;default&#8221; global_colors_info=&#8221;{}&#8221;]<p>Le premier sommet europ\u00e9en consacr\u00e9 enti\u00e8rement \u00e0 l\u2019\u00e9conomie sociale, organis\u00e9 par la pr\u00e9sidence allemande du Conseil de l\u2019UE.<\/p>[\/et_pb_accordion_item][et_pb_accordion_item title=&#8221;Pourquoi Mannheim ?&#8221; _builder_version=&#8221;4.27.4&#8243; _module_preset=&#8221;default&#8221; global_colors_info=&#8221;{}&#8221; open=&#8221;off&#8221;]<p>La ville est engag\u00e9e de longue date dans l\u2019\u00e9conomie sociale et l\u2019innovation, ce qui en fait un lieu symbolique pour ce premier sommet.<\/p>[\/et_pb_accordion_item][et_pb_accordion_item title=&#8221;Qui participe au sommet ?&#8221; _builder_version=&#8221;4.27.4&#8243; _module_preset=&#8221;default&#8221; global_colors_info=&#8221;{}&#8221; open=&#8221;off&#8221;]<p>Plus de 300 organisations issues de l\u2019ESS, du num\u00e9rique, du secteur public, de la recherche et de l\u2019innovation sociale.<\/p>[\/et_pb_accordion_item][et_pb_accordion_item title=&#8221;Qu\u2019est-ce que le Social Tech Atlas ?&#8221; _builder_version=&#8221;4.27.4&#8243; _module_preset=&#8221;default&#8221; global_colors_info=&#8221;{}&#8221; open=&#8221;off&#8221;]<p>Une cartographie open source recensant les acteurs europ\u00e9ens de la Social Tech, destin\u00e9e \u00e0 faciliter l\u2019interconnaissance et les collaborations.<\/p>[\/et_pb_accordion_item][et_pb_accordion_item title=&#8221;En quoi consiste le programme de recherche du SOGA ?&#8221; _builder_version=&#8221;4.27.4&#8243; _module_preset=&#8221;default&#8221; global_colors_info=&#8221;{}&#8221; open=&#8221;off&#8221;]<p>Un travail en plusieurs chapitres analysant les besoins, mod\u00e8les \u00e9conomiques et opportunit\u00e9s de coop\u00e9ration entre secteurs social et num\u00e9rique en Europe.<\/p>[\/et_pb_accordion_item][\/et_pb_accordion][\/et_pb_column][\/et_pb_row][\/et_pb_section]",
        "protected": false
    },
    "excerpt": {
        "rendered": "<p>Apr\u00e8s plusieurs mois de report, nous sommes enfin \u00e0 l\u2019aube d\u2019un rendez-vous majeur pour l\u2019\u00e9conomie sociale en Europe. Dans le cadre de la pr\u00e9sidence allemande du Conseil de l\u2019Union europ\u00e9enne [&hellip;]<\/p>",
        "protected": false
    },
    "author": 1,
    "featured_media": 48479,
    "comment_status": "closed",
    "ping_status": "closed",
    "sticky": false,
    "template": "",
    "format": "standard",
    "meta": {
        "_et_pb_use_builder": "on",
        "_et_pb_old_content": "<h5>After its postponement, we are finally at the doorstep of this key summit for the social economy at European level. In the context of the German Council Presidency in 2020, the choice was made to hold the first <a href=\"https:\/\/www.euses2020.eu\/\">European Social Economy Summit<\/a> in Mannheim. In the end, the summit will be exclusively digital, and broadcast from the Rhineland city on 26 and 27 May, which does not detract from the importance of this pioneering event.<\/h5><!--mep-nl-->The first ever European Social Economy Summit will take place in Mannheim at the end of this month, focusing on collaboration, innovation and digitalisation. Organised by the German Presidency of the Council of the European Union of 2020, this summit will put the European Social Economy even more in the spotlight. The other presidencies that will follow Germany will be able to complete this agenda. This is currently the case with the <a href=\"https:\/\/www.2021portugal.eu\/pt\/\">Portuguese Presidency of the Council of the EU<\/a>, which wishes to place the social economy at the heart of its action. France also intends to make digital technology \"a priority\" of its future Council presidency in the first half of next year (<a href=\"https:\/\/www.maddyness.com\/2021\/02\/19\/clement-beaune-numerique-priorite-presidence-francaise-conseil-union-europeenne-2022\/\">more info here in French<\/a>). <!--mep-nl--> <!--mep-nl-->The summit will be an opportunity to bring together many actors of the social economy from the EU. More than 80 meetings and 300 European organisations will be there to present their projects based on the triptych of innovation, collaboration and digitalisation. This is why the Social Good Accelerator has been invited. This occasion will allow the association to present two of its projects, which are being finalised or are about to be launched. <!--mep-nl--> <!--mep-nl-->\u00a0 <!--mep-nl--><h5>The Social Tech Atlas, a directory of digital and social economy actors in Europe<\/h5><!--mep-nl-->The ambition of this new open-source tool that the Social Good Accelerator will introduce in Mannheim will be to reference the stakeholders of social tech in Europe. Around 1000 of them will be referenced in this tool, and many more of them are supposed to come - as this map works on the basis of the willingness of the organisations who want to be referred within it. <a href=\"https:\/\/socialgoodaccelerator.eu\/en_gb\/social-tech-atlas\/\">More info here.<\/a> <!--mep-nl--><h5>Our research pillar, a keystone to shape our European actions<\/h5><!--mep-nl-->The second chapter of our research will soon be launched. It will be focused on a more macroeconomic approach than the first chapter, which was rather a comparison between European stakeholders in tech and social to understand their needs and expectations from these sectors. Our conference at the Mannheim summit will be the occasion to explain in details the conclusions of our first chapter, which will be an enlightment to understand why we chose to differ our approach for the incoming research project. <a href=\"https:\/\/socialgoodaccelerator.eu\/en_gb\/research\/\">More info here.<\/a> <!--mep-nl--> <!--mep-nl-->\u00a0 <!--mep-nl--> <!--mep-nl-->Author <!--mep-nl--><b>Thomas Brisbart <!--mep-nl--><\/b>Research and Public Affairs <!--mep-nl--><i>Brussels, Belgium<\/i>",
        "_et_gb_content_width": "",
        "jetpack_post_was_ever_published": false,
        "_jetpack_newsletter_access": "",
        "_jetpack_dont_email_post_to_subs": false,
        "_jetpack_newsletter_tier_id": 0,
        "_jetpack_memberships_contains_paywalled_content": false,
        "_jetpack_memberships_contains_paid_content": false,
        "footnotes": ""
    },
    "categories": [
        192
    ],
    "tags": [
        389,
        373
    ],
    "class_list": [
        "post-48914",
        "post",
        "type-post",
        "status-publish",
        "format-standard",
        "has-post-thumbnail",
        "hentry",
        "category-actualites-de-soga",
        "tag-cooperations-europeennes",
        "tag-plaidoyer"
    ],
    "yoast_head": "<!-- This site is optimized with the Yoast SEO plugin v27.4 - https:\/\/yoast.com\/product\/yoast-seo-wordpress\/ -->\n<title>EUSES 2021 : en route vers Mannheim - SOGA<\/title>\n<meta name=\"description\" content=\"EUSES 2021 : en route vers Mannheim pour le premier sommet europ\u00e9en de l\u2019\u00e9conomie sociale\" \/>\n<meta name=\"robots\" content=\"index, follow, max-snippet:-1, max-image-preview:large, max-video-preview:-1\" \/>\n<link rel=\"canonical\" href=\"https:\/\/socialgoodaccelerator.eu\/en_gb\/2021\/05\/17\/euses-2021-mannheim-sommet-economie-sociale\/\" \/>\n<meta property=\"og:locale\" content=\"en_GB\" \/>\n<meta property=\"og:type\" content=\"article\" \/>\n<meta property=\"og:title\" content=\"EUSES 2021 : en route vers Mannheim - SOGA\" \/>\n<meta property=\"og:description\" content=\"EUSES 2021 : en route vers Mannheim pour le premier sommet europ\u00e9en de l\u2019\u00e9conomie sociale\" \/>\n<meta property=\"og:url\" content=\"https:\/\/socialgoodaccelerator.eu\/en_gb\/2021\/05\/17\/euses-2021-mannheim-sommet-economie-sociale\/\" \/>\n<meta property=\"og:site_name\" content=\"SOGA\" \/>\n<meta property=\"article:publisher\" content=\"https:\/\/www.facebook.com\/SocialGoodAccel.EU\/\" \/>\n<meta property=\"article:published_time\" content=\"2021-05-17T12:41:57+00:00\" \/>\n<meta property=\"article:modified_time\" content=\"2025-12-11T14:41:35+00:00\" \/>\n<meta property=\"og:image\" content=\"http:\/\/socialgoodaccelerator.eu\/wp-content\/uploads\/2021\/04\/Sommet-de-Mannheim--scaled.jpg\" \/>\n\t<meta property=\"og:image:width\" content=\"2560\" \/>\n\t<meta property=\"og:image:height\" content=\"1811\" \/>\n\t<meta property=\"og:image:type\" content=\"image\/jpeg\" \/>\n<meta name=\"author\" content=\"sogaccelerator\" \/>\n<meta name=\"twitter:card\" content=\"summary_large_image\" \/>\n<meta name=\"twitter:label1\" content=\"Written by\" \/>\n\t<meta name=\"twitter:data1\" content=\"sogaccelerator\" \/>\n\t<meta name=\"twitter:label2\" content=\"Estimated reading time\" \/>\n\t<meta name=\"twitter:data2\" content=\"4 minutes\" \/>\n<script type=\"application\/ld+json\" class=\"yoast-schema-graph\">{\"@context\":\"https:\\\/\\\/schema.org\",\"@graph\":[{\"@type\":\"Article\",\"@id\":\"https:\\\/\\\/socialgoodaccelerator.eu\\\/2021\\\/05\\\/17\\\/euses-2021-mannheim-sommet-economie-sociale\\\/#article\",\"isPartOf\":{\"@id\":\"https:\\\/\\\/socialgoodaccelerator.eu\\\/2021\\\/05\\\/17\\\/euses-2021-mannheim-sommet-economie-sociale\\\/\"},\"author\":{\"name\":\"sogaccelerator\",\"@id\":\"https:\\\/\\\/socialgoodaccelerator.eu\\\/#\\\/schema\\\/person\\\/0320622db91fd4a2ddef724cbdee0c3e\"},\"headline\":\"EUSES 2021 : en route vers Mannheim\",\"datePublished\":\"2021-05-17T12:41:57+00:00\",\"dateModified\":\"2025-12-11T14:41:35+00:00\",\"mainEntityOfPage\":{\"@id\":\"https:\\\/\\\/socialgoodaccelerator.eu\\\/2021\\\/05\\\/17\\\/euses-2021-mannheim-sommet-economie-sociale\\\/\"},\"wordCount\":1267,\"publisher\":{\"@id\":\"https:\\\/\\\/socialgoodaccelerator.eu\\\/#organization\"},\"image\":{\"@id\":\"https:\\\/\\\/socialgoodaccelerator.eu\\\/2021\\\/05\\\/17\\\/euses-2021-mannheim-sommet-economie-sociale\\\/#primaryimage\"},\"thumbnailUrl\":\"https:\\\/\\\/i0.wp.com\\\/socialgoodaccelerator.eu\\\/wp-content\\\/uploads\\\/2021\\\/04\\\/Sommet-de-Mannheim--scaled.jpg?fit=2560%2C1811&ssl=1\",\"keywords\":[\"Coop\u00e9rations europ\u00e9ennes\",\"Plaidoyer (Voice)\"],\"articleSection\":[\"Actualit\u00e9s de SOGA\"],\"inLanguage\":\"en-GB\"},{\"@type\":\"WebPage\",\"@id\":\"https:\\\/\\\/socialgoodaccelerator.eu\\\/2021\\\/05\\\/17\\\/euses-2021-mannheim-sommet-economie-sociale\\\/\",\"url\":\"https:\\\/\\\/socialgoodaccelerator.eu\\\/2021\\\/05\\\/17\\\/euses-2021-mannheim-sommet-economie-sociale\\\/\",\"name\":\"EUSES 2021 : en route vers Mannheim - SOGA\",\"isPartOf\":{\"@id\":\"https:\\\/\\\/socialgoodaccelerator.eu\\\/#website\"},\"primaryImageOfPage\":{\"@id\":\"https:\\\/\\\/socialgoodaccelerator.eu\\\/2021\\\/05\\\/17\\\/euses-2021-mannheim-sommet-economie-sociale\\\/#primaryimage\"},\"image\":{\"@id\":\"https:\\\/\\\/socialgoodaccelerator.eu\\\/2021\\\/05\\\/17\\\/euses-2021-mannheim-sommet-economie-sociale\\\/#primaryimage\"},\"thumbnailUrl\":\"https:\\\/\\\/i0.wp.com\\\/socialgoodaccelerator.eu\\\/wp-content\\\/uploads\\\/2021\\\/04\\\/Sommet-de-Mannheim--scaled.jpg?fit=2560%2C1811&ssl=1\",\"datePublished\":\"2021-05-17T12:41:57+00:00\",\"dateModified\":\"2025-12-11T14:41:35+00:00\",\"description\":\"EUSES 2021 : en route vers Mannheim pour le premier sommet europ\u00e9en de l\u2019\u00e9conomie sociale\",\"breadcrumb\":{\"@id\":\"https:\\\/\\\/socialgoodaccelerator.eu\\\/2021\\\/05\\\/17\\\/euses-2021-mannheim-sommet-economie-sociale\\\/#breadcrumb\"},\"inLanguage\":\"en-GB\",\"potentialAction\":[{\"@type\":\"ReadAction\",\"target\":[\"https:\\\/\\\/socialgoodaccelerator.eu\\\/2021\\\/05\\\/17\\\/euses-2021-mannheim-sommet-economie-sociale\\\/\"]}]},{\"@type\":\"ImageObject\",\"inLanguage\":\"en-GB\",\"@id\":\"https:\\\/\\\/socialgoodaccelerator.eu\\\/2021\\\/05\\\/17\\\/euses-2021-mannheim-sommet-economie-sociale\\\/#primaryimage\",\"url\":\"https:\\\/\\\/i0.wp.com\\\/socialgoodaccelerator.eu\\\/wp-content\\\/uploads\\\/2021\\\/04\\\/Sommet-de-Mannheim--scaled.jpg?fit=2560%2C1811&ssl=1\",\"contentUrl\":\"https:\\\/\\\/i0.wp.com\\\/socialgoodaccelerator.eu\\\/wp-content\\\/uploads\\\/2021\\\/04\\\/Sommet-de-Mannheim--scaled.jpg?fit=2560%2C1811&ssl=1\",\"width\":2560,\"height\":1811},{\"@type\":\"BreadcrumbList\",\"@id\":\"https:\\\/\\\/socialgoodaccelerator.eu\\\/2021\\\/05\\\/17\\\/euses-2021-mannheim-sommet-economie-sociale\\\/#breadcrumb\",\"itemListElement\":[{\"@type\":\"ListItem\",\"position\":1,\"name\":\"Accueil\",\"item\":\"https:\\\/\\\/socialgoodaccelerator.eu\\\/\"},{\"@type\":\"ListItem\",\"position\":2,\"name\":\"EUSES 2021 : en route vers Mannheim\"}]},{\"@type\":\"WebSite\",\"@id\":\"https:\\\/\\\/socialgoodaccelerator.eu\\\/#website\",\"url\":\"https:\\\/\\\/socialgoodaccelerator.eu\\\/\",\"name\":\"Social Good Accelerator\",\"description\":\"Acc\u00e9l\u00e9rer l&#039;ESS num\u00e9rique\",\"publisher\":{\"@id\":\"https:\\\/\\\/socialgoodaccelerator.eu\\\/#organization\"},\"alternateName\":\"SOGA\",\"potentialAction\":[{\"@type\":\"SearchAction\",\"target\":{\"@type\":\"EntryPoint\",\"urlTemplate\":\"https:\\\/\\\/socialgoodaccelerator.eu\\\/?s={search_term_string}\"},\"query-input\":{\"@type\":\"PropertyValueSpecification\",\"valueRequired\":true,\"valueName\":\"search_term_string\"}}],\"inLanguage\":\"en-GB\"},{\"@type\":\"Organization\",\"@id\":\"https:\\\/\\\/socialgoodaccelerator.eu\\\/#organization\",\"name\":\"Social Good Accelerator\",\"alternateName\":\"SOGA\",\"url\":\"https:\\\/\\\/socialgoodaccelerator.eu\\\/\",\"logo\":{\"@type\":\"ImageObject\",\"inLanguage\":\"en-GB\",\"@id\":\"https:\\\/\\\/socialgoodaccelerator.eu\\\/#\\\/schema\\\/logo\\\/image\\\/\",\"url\":\"https:\\\/\\\/i0.wp.com\\\/socialgoodaccelerator.eu\\\/wp-content\\\/uploads\\\/2023\\\/10\\\/cropped-LOGO-SOGA-V-FR.png?fit=512%2C512&ssl=1\",\"contentUrl\":\"https:\\\/\\\/i0.wp.com\\\/socialgoodaccelerator.eu\\\/wp-content\\\/uploads\\\/2023\\\/10\\\/cropped-LOGO-SOGA-V-FR.png?fit=512%2C512&ssl=1\",\"width\":512,\"height\":512,\"caption\":\"Social Good Accelerator\"},\"image\":{\"@id\":\"https:\\\/\\\/socialgoodaccelerator.eu\\\/#\\\/schema\\\/logo\\\/image\\\/\"},\"sameAs\":[\"https:\\\/\\\/www.facebook.com\\\/SocialGoodAccel.EU\\\/\",\"https:\\\/\\\/www.youtube.com\\\/@socialgoodaccelerator772\",\"https:\\\/\\\/www.youtube.com\\\/@SocialTechAcademy-eg6hp\"]},{\"@type\":\"Person\",\"@id\":\"https:\\\/\\\/socialgoodaccelerator.eu\\\/#\\\/schema\\\/person\\\/0320622db91fd4a2ddef724cbdee0c3e\",\"name\":\"sogaccelerator\",\"image\":{\"@type\":\"ImageObject\",\"inLanguage\":\"en-GB\",\"@id\":\"https:\\\/\\\/secure.gravatar.com\\\/avatar\\\/99aef05386587650bb056a1275ce2e339bfe398930f37eb7262163da89aad453?s=96&d=mm&r=g\",\"url\":\"https:\\\/\\\/secure.gravatar.com\\\/avatar\\\/99aef05386587650bb056a1275ce2e339bfe398930f37eb7262163da89aad453?s=96&d=mm&r=g\",\"contentUrl\":\"https:\\\/\\\/secure.gravatar.com\\\/avatar\\\/99aef05386587650bb056a1275ce2e339bfe398930f37eb7262163da89aad453?s=96&d=mm&r=g\",\"caption\":\"sogaccelerator\"}}]}<\/script>\n<!-- \/ Yoast SEO plugin. -->",
    "yoast_head_json": {
        "title": "EUSES 2021 : en route vers Mannheim - SOGA",
        "description": "EUSES 2021 : en route vers Mannheim pour le premier sommet europ\u00e9en de l\u2019\u00e9conomie sociale",
        "robots": {
            "index": "index",
            "follow": "follow",
            "max-snippet": "max-snippet:-1",
            "max-image-preview": "max-image-preview:large",
            "max-video-preview": "max-video-preview:-1"
        },
        "canonical": "https:\/\/socialgoodaccelerator.eu\/en_gb\/2021\/05\/17\/euses-2021-mannheim-sommet-economie-sociale\/",
        "og_locale": "en_GB",
        "og_type": "article",
        "og_title": "EUSES 2021 : en route vers Mannheim - SOGA",
        "og_description": "EUSES 2021 : en route vers Mannheim pour le premier sommet europ\u00e9en de l\u2019\u00e9conomie sociale",
        "og_url": "https:\/\/socialgoodaccelerator.eu\/en_gb\/2021\/05\/17\/euses-2021-mannheim-sommet-economie-sociale\/",
        "og_site_name": "SOGA",
        "article_publisher": "https:\/\/www.facebook.com\/SocialGoodAccel.EU\/",
        "article_published_time": "2021-05-17T12:41:57+00:00",
        "article_modified_time": "2025-12-11T14:41:35+00:00",
        "og_image": [
            {
                "width": 2560,
                "height": 1811,
                "url": "http:\/\/socialgoodaccelerator.eu\/wp-content\/uploads\/2021\/04\/Sommet-de-Mannheim--scaled.jpg",
                "type": "image\/jpeg"
            }
        ],
        "author": "sogaccelerator",
        "twitter_card": "summary_large_image",
        "twitter_misc": {
            "Written by": "sogaccelerator",
            "Estimated reading time": "4 minutes"
        },
        "schema": {
            "@context": "https:\/\/schema.org",
            "@graph": [
                {
                    "@type": "Article",
                    "@id": "https:\/\/socialgoodaccelerator.eu\/2021\/05\/17\/euses-2021-mannheim-sommet-economie-sociale\/#article",
                    "isPartOf": {
                        "@id": "https:\/\/socialgoodaccelerator.eu\/2021\/05\/17\/euses-2021-mannheim-sommet-economie-sociale\/"
                    },
                    "author": {
                        "name": "sogaccelerator",
                        "@id": "https:\/\/socialgoodaccelerator.eu\/#\/schema\/person\/0320622db91fd4a2ddef724cbdee0c3e"
                    },
                    "headline": "EUSES 2021 : en route vers Mannheim",
                    "datePublished": "2021-05-17T12:41:57+00:00",
                    "dateModified": "2025-12-11T14:41:35+00:00",
                    "mainEntityOfPage": {
                        "@id": "https:\/\/socialgoodaccelerator.eu\/2021\/05\/17\/euses-2021-mannheim-sommet-economie-sociale\/"
                    },
                    "wordCount": 1267,
                    "publisher": {
                        "@id": "https:\/\/socialgoodaccelerator.eu\/#organization"
                    },
                    "image": {
                        "@id": "https:\/\/socialgoodaccelerator.eu\/2021\/05\/17\/euses-2021-mannheim-sommet-economie-sociale\/#primaryimage"
                    },
                    "thumbnailUrl": "https:\/\/i0.wp.com\/socialgoodaccelerator.eu\/wp-content\/uploads\/2021\/04\/Sommet-de-Mannheim--scaled.jpg?fit=2560%2C1811&ssl=1",
                    "keywords": [
                        "Coop\u00e9rations europ\u00e9ennes",
                        "Plaidoyer (Voice)"
                    ],
                    "articleSection": [
                        "Actualit\u00e9s de SOGA"
                    ],
                    "inLanguage": "en-GB"
                },
                {
                    "@type": "WebPage",
                    "@id": "https:\/\/socialgoodaccelerator.eu\/2021\/05\/17\/euses-2021-mannheim-sommet-economie-sociale\/",
                    "url": "https:\/\/socialgoodaccelerator.eu\/2021\/05\/17\/euses-2021-mannheim-sommet-economie-sociale\/",
                    "name": "EUSES 2021 : en route vers Mannheim - SOGA",
                    "isPartOf": {
                        "@id": "https:\/\/socialgoodaccelerator.eu\/#website"
                    },
                    "primaryImageOfPage": {
                        "@id": "https:\/\/socialgoodaccelerator.eu\/2021\/05\/17\/euses-2021-mannheim-sommet-economie-sociale\/#primaryimage"
                    },
                    "image": {
                        "@id": "https:\/\/socialgoodaccelerator.eu\/2021\/05\/17\/euses-2021-mannheim-sommet-economie-sociale\/#primaryimage"
                    },
                    "thumbnailUrl": "https:\/\/i0.wp.com\/socialgoodaccelerator.eu\/wp-content\/uploads\/2021\/04\/Sommet-de-Mannheim--scaled.jpg?fit=2560%2C1811&ssl=1",
                    "datePublished": "2021-05-17T12:41:57+00:00",
                    "dateModified": "2025-12-11T14:41:35+00:00",
                    "description": "EUSES 2021 : en route vers Mannheim pour le premier sommet europ\u00e9en de l\u2019\u00e9conomie sociale",
                    "breadcrumb": {
                        "@id": "https:\/\/socialgoodaccelerator.eu\/2021\/05\/17\/euses-2021-mannheim-sommet-economie-sociale\/#breadcrumb"
                    },
                    "inLanguage": "en-GB",
                    "potentialAction": [
                        {
                            "@type": "ReadAction",
                            "target": [
                                "https:\/\/socialgoodaccelerator.eu\/2021\/05\/17\/euses-2021-mannheim-sommet-economie-sociale\/"
                            ]
                        }
                    ]
                },
                {
                    "@type": "ImageObject",
                    "inLanguage": "en-GB",
                    "@id": "https:\/\/socialgoodaccelerator.eu\/2021\/05\/17\/euses-2021-mannheim-sommet-economie-sociale\/#primaryimage",
                    "url": "https:\/\/i0.wp.com\/socialgoodaccelerator.eu\/wp-content\/uploads\/2021\/04\/Sommet-de-Mannheim--scaled.jpg?fit=2560%2C1811&ssl=1",
                    "contentUrl": "https:\/\/i0.wp.com\/socialgoodaccelerator.eu\/wp-content\/uploads\/2021\/04\/Sommet-de-Mannheim--scaled.jpg?fit=2560%2C1811&ssl=1",
                    "width": 2560,
                    "height": 1811
                },
                {
                    "@type": "BreadcrumbList",
                    "@id": "https:\/\/socialgoodaccelerator.eu\/2021\/05\/17\/euses-2021-mannheim-sommet-economie-sociale\/#breadcrumb",
                    "itemListElement": [
                        {
                            "@type": "ListItem",
                            "position": 1,
                            "name": "Accueil",
                            "item": "https:\/\/socialgoodaccelerator.eu\/"
                        },
                        {
                            "@type": "ListItem",
                            "position": 2,
                            "name": "EUSES 2021 : en route vers Mannheim"
                        }
                    ]
                },
                {
                    "@type": "WebSite",
                    "@id": "https:\/\/socialgoodaccelerator.eu\/#website",
                    "url": "https:\/\/socialgoodaccelerator.eu\/",
                    "name": "Social Good Accelerator",
                    "description": "Acc\u00e9l\u00e9rer l&#039;ESS num\u00e9rique",
                    "publisher": {
                        "@id": "https:\/\/socialgoodaccelerator.eu\/#organization"
                    },
                    "alternateName": "SOGA",
                    "potentialAction": [
                        {
                            "@type": "SearchAction",
                            "target": {
                                "@type": "EntryPoint",
                                "urlTemplate": "https:\/\/socialgoodaccelerator.eu\/?s={search_term_string}"
                            },
                            "query-input": {
                                "@type": "PropertyValueSpecification",
                                "valueRequired": true,
                                "valueName": "search_term_string"
                            }
                        }
                    ],
                    "inLanguage": "en-GB"
                },
                {
                    "@type": "Organization",
                    "@id": "https:\/\/socialgoodaccelerator.eu\/#organization",
                    "name": "Social Good Accelerator",
                    "alternateName": "SOGA",
                    "url": "https:\/\/socialgoodaccelerator.eu\/",
                    "logo": {
                        "@type": "ImageObject",
                        "inLanguage": "en-GB",
                        "@id": "https:\/\/socialgoodaccelerator.eu\/#\/schema\/logo\/image\/",
                        "url": "https:\/\/i0.wp.com\/socialgoodaccelerator.eu\/wp-content\/uploads\/2023\/10\/cropped-LOGO-SOGA-V-FR.png?fit=512%2C512&ssl=1",
                        "contentUrl": "https:\/\/i0.wp.com\/socialgoodaccelerator.eu\/wp-content\/uploads\/2023\/10\/cropped-LOGO-SOGA-V-FR.png?fit=512%2C512&ssl=1",
                        "width": 512,
                        "height": 512,
                        "caption": "Social Good Accelerator"
                    },
                    "image": {
                        "@id": "https:\/\/socialgoodaccelerator.eu\/#\/schema\/logo\/image\/"
                    },
                    "sameAs": [
                        "https:\/\/www.facebook.com\/SocialGoodAccel.EU\/",
                        "https:\/\/www.youtube.com\/@socialgoodaccelerator772",
                        "https:\/\/www.youtube.com\/@SocialTechAcademy-eg6hp"
                    ]
                },
                {
                    "@type": "Person",
                    "@id": "https:\/\/socialgoodaccelerator.eu\/#\/schema\/person\/0320622db91fd4a2ddef724cbdee0c3e",
                    "name": "sogaccelerator",
                    "image": {
                        "@type": "ImageObject",
                        "inLanguage": "en-GB",
                        "@id": "https:\/\/secure.gravatar.com\/avatar\/99aef05386587650bb056a1275ce2e339bfe398930f37eb7262163da89aad453?s=96&d=mm&r=g",
                        "url": "https:\/\/secure.gravatar.com\/avatar\/99aef05386587650bb056a1275ce2e339bfe398930f37eb7262163da89aad453?s=96&d=mm&r=g",
                        "contentUrl": "https:\/\/secure.gravatar.com\/avatar\/99aef05386587650bb056a1275ce2e339bfe398930f37eb7262163da89aad453?s=96&d=mm&r=g",
                        "caption": "sogaccelerator"
                    }
                }
            ]
        }
    },
    "jetpack_featured_media_url": "https:\/\/i0.wp.com\/socialgoodaccelerator.eu\/wp-content\/uploads\/2021\/04\/Sommet-de-Mannheim--scaled.jpg?fit=2560%2C1811&ssl=1",
    "jetpack_likes_enabled": true,
    "jetpack-related-posts": [
        {
            "id": 57863,
            "url": "https:\/\/socialgoodaccelerator.eu\/en_gb\/2026\/04\/23\/lasuite-coop\/",
            "url_meta": {
                "origin": 48914,
                "position": 0
            },
            "title": "LaSuite.coop : l\u2019alternative num\u00e9rique coop\u00e9rative, libre et h\u00e9berg\u00e9e en Europe dont l\u2019ESS avait besoin",
            "author": "sogaccelerator",
            "date": "23 April 2026",
            "format": "gallery",
            "excerpt": "",
            "rel": "",
            "context": "In &quot;Actualit\u00e9s de SOGA&quot;",
            "block_context": {
                "text": "Actualit\u00e9s de SOGA",
                "link": "https:\/\/socialgoodaccelerator.eu\/en_gb\/category\/actualites-de-soga\/"
            },
            "img": {
                "alt_text": "LaSuite.coop",
                "src": "https:\/\/i0.wp.com\/socialgoodaccelerator.eu\/wp-content\/uploads\/2026\/04\/Design-sans-titre-2-1-1.png?fit=1200%2C627&ssl=1&resize=350%2C200",
                "width": 350,
                "height": 200,
                "srcset": "https:\/\/i0.wp.com\/socialgoodaccelerator.eu\/wp-content\/uploads\/2026\/04\/Design-sans-titre-2-1-1.png?fit=1200%2C627&ssl=1&resize=350%2C200 1x, https:\/\/i0.wp.com\/socialgoodaccelerator.eu\/wp-content\/uploads\/2026\/04\/Design-sans-titre-2-1-1.png?fit=1200%2C627&ssl=1&resize=525%2C300 1.5x, https:\/\/i0.wp.com\/socialgoodaccelerator.eu\/wp-content\/uploads\/2026\/04\/Design-sans-titre-2-1-1.png?fit=1200%2C627&ssl=1&resize=700%2C400 2x, https:\/\/i0.wp.com\/socialgoodaccelerator.eu\/wp-content\/uploads\/2026\/04\/Design-sans-titre-2-1-1.png?fit=1200%2C627&ssl=1&resize=1050%2C600 3x"
            },
            "classes": []
        },
        {
            "id": 51087,
            "url": "https:\/\/socialgoodaccelerator.eu\/en_gb\/2022\/07\/07\/rapport-activite-2021\/",
            "url_meta": {
                "origin": 48914,
                "position": 1
            },
            "title": "Rapport d&#8217;activit\u00e9 2021",
            "author": "sogaccelerator",
            "date": "7 July 2022",
            "format": false,
            "excerpt": "Discover all the actions accomplished by the Social good Accelerator in 2021 and its perspectives for 2022 in this SOGA activity report.",
            "rel": "",
            "context": "In &quot;Rapport d'activit\u00e9&quot;",
            "block_context": {
                "text": "Rapport d'activit\u00e9",
                "link": "https:\/\/socialgoodaccelerator.eu\/en_gb\/category\/rapport-d-activite\/"
            },
            "img": {
                "alt_text": "Rapport d'activit\u00e9 2021",
                "src": "https:\/\/i0.wp.com\/socialgoodaccelerator.eu\/wp-content\/uploads\/2025\/08\/Titre-3.png?fit=1200%2C675&ssl=1&resize=350%2C200",
                "width": 350,
                "height": 200,
                "srcset": "https:\/\/i0.wp.com\/socialgoodaccelerator.eu\/wp-content\/uploads\/2025\/08\/Titre-3.png?fit=1200%2C675&ssl=1&resize=350%2C200 1x, https:\/\/i0.wp.com\/socialgoodaccelerator.eu\/wp-content\/uploads\/2025\/08\/Titre-3.png?fit=1200%2C675&ssl=1&resize=525%2C300 1.5x, https:\/\/i0.wp.com\/socialgoodaccelerator.eu\/wp-content\/uploads\/2025\/08\/Titre-3.png?fit=1200%2C675&ssl=1&resize=700%2C400 2x, https:\/\/i0.wp.com\/socialgoodaccelerator.eu\/wp-content\/uploads\/2025\/08\/Titre-3.png?fit=1200%2C675&ssl=1&resize=1050%2C600 3x"
            },
            "classes": []
        },
        {
            "id": 50793,
            "url": "https:\/\/socialgoodaccelerator.eu\/en_gb\/2022\/05\/17\/social-economy-europe-interview-on-the-second-social-economy-summit\/",
            "url_meta": {
                "origin": 48914,
                "position": 2
            },
            "title": "&#8216;It was a successful experience&#8217;, Social Economy Europe&#8217;s view on the European Social Economy Summit.",
            "author": "sogaccelerator",
            "date": "17 May 2022",
            "format": false,
            "excerpt": "The European Social Economy Summit on 5-6 May 2022 in Strasbourg focused on the place of the social economy in the European Union and its future through conferences, workshops and meetings.",
            "rel": "",
            "context": "In &quot;Interviews \/ T\u00e9moignages&quot;",
            "block_context": {
                "text": "Interviews \/ T\u00e9moignages",
                "link": "https:\/\/socialgoodaccelerator.eu\/en_gb\/category\/interviews-temoignages\/"
            },
            "img": {
                "alt_text": "",
                "src": "https:\/\/i0.wp.com\/socialgoodaccelerator.eu\/wp-content\/uploads\/2022\/05\/Capture-decran-2022-05-17-a-11.33.32.png?fit=626%2C485&ssl=1&resize=350%2C200",
                "width": 350,
                "height": 200,
                "srcset": "https:\/\/i0.wp.com\/socialgoodaccelerator.eu\/wp-content\/uploads\/2022\/05\/Capture-decran-2022-05-17-a-11.33.32.png?fit=626%2C485&ssl=1&resize=350%2C200 1x, https:\/\/i0.wp.com\/socialgoodaccelerator.eu\/wp-content\/uploads\/2022\/05\/Capture-decran-2022-05-17-a-11.33.32.png?fit=626%2C485&ssl=1&resize=525%2C300 1.5x"
            },
            "classes": []
        },
        {
            "id": 50186,
            "url": "https:\/\/socialgoodaccelerator.eu\/en_gb\/2021\/11\/30\/social-tech-atlas-why-a-single-map-for-a-thousand-social-organisations\/",
            "url_meta": {
                "origin": 48914,
                "position": 3
            },
            "title": "Social Tech Atlas: why a single map for a thousand social organisations?",
            "author": "sogaccelerator",
            "date": "30 November 2021",
            "format": false,
            "excerpt": "Until now, there was no European database gathering both organisations supporting social economy stakeholders in their digital transition and those offering alternative digital tools and services. This is now done with the Social Tech Atlas...",
            "rel": "",
            "context": "In &quot;Communs &amp; plaidoyer&quot;",
            "block_context": {
                "text": "Communs &amp; plaidoyer",
                "link": "https:\/\/socialgoodaccelerator.eu\/en_gb\/category\/communs-et-plaidoyer\/"
            },
            "img": {
                "alt_text": "Screenshot Social Tech Atlas",
                "src": "https:\/\/i0.wp.com\/socialgoodaccelerator.eu\/wp-content\/uploads\/2021\/11\/Capture-de%CC%81cran-2021-11-30-a%CC%80-12.32.33.png?fit=694%2C560&ssl=1&resize=350%2C200",
                "width": 350,
                "height": 200,
                "srcset": "https:\/\/i0.wp.com\/socialgoodaccelerator.eu\/wp-content\/uploads\/2021\/11\/Capture-de%CC%81cran-2021-11-30-a%CC%80-12.32.33.png?fit=694%2C560&ssl=1&resize=350%2C200 1x, https:\/\/i0.wp.com\/socialgoodaccelerator.eu\/wp-content\/uploads\/2021\/11\/Capture-de%CC%81cran-2021-11-30-a%CC%80-12.32.33.png?fit=694%2C560&ssl=1&resize=525%2C300 1.5x"
            },
            "classes": []
        },
        {
            "id": 50394,
            "url": "https:\/\/socialgoodaccelerator.eu\/en_gb\/2022\/03\/10\/open-letter\/",
            "url_meta": {
                "origin": 48914,
                "position": 4
            },
            "title": "Open letter: the necessary digital transition of the social economy",
            "author": "sogaccelerator",
            "date": "10 March 2022",
            "format": false,
            "excerpt": "In February 2021, the Social Good Accelerator and its 70 members maintained its vision in its open letter. A better world can only be made with the full support of social economy, which also has to be digitalised.",
            "rel": "",
            "context": "In &quot;Notes de position&quot;",
            "block_context": {
                "text": "Notes de position",
                "link": "https:\/\/socialgoodaccelerator.eu\/en_gb\/category\/notes-de-position\/"
            },
            "img": {
                "alt_text": "SOGA team flags Lisbon",
                "src": "https:\/\/i0.wp.com\/socialgoodaccelerator.eu\/wp-content\/uploads\/2018\/03\/flags.jpg?fit=1200%2C900&ssl=1&resize=350%2C200",
                "width": 350,
                "height": 200,
                "srcset": "https:\/\/i0.wp.com\/socialgoodaccelerator.eu\/wp-content\/uploads\/2018\/03\/flags.jpg?fit=1200%2C900&ssl=1&resize=350%2C200 1x, https:\/\/i0.wp.com\/socialgoodaccelerator.eu\/wp-content\/uploads\/2018\/03\/flags.jpg?fit=1200%2C900&ssl=1&resize=525%2C300 1.5x, https:\/\/i0.wp.com\/socialgoodaccelerator.eu\/wp-content\/uploads\/2018\/03\/flags.jpg?fit=1200%2C900&ssl=1&resize=700%2C400 2x, https:\/\/i0.wp.com\/socialgoodaccelerator.eu\/wp-content\/uploads\/2018\/03\/flags.jpg?fit=1200%2C900&ssl=1&resize=1050%2C600 3x"
            },
            "classes": []
        },
        {
            "id": 50484,
            "url": "https:\/\/socialgoodaccelerator.eu\/en_gb\/2022\/03\/25\/la-mednum-a-singular-structure-for-digital-inclusion\/",
            "url_meta": {
                "origin": 48914,
                "position": 5
            },
            "title": "La MedNum, &#8220;a singular structure&#8221; for digital inclusion",
            "author": "sogaccelerator",
            "date": "25 March 2022",
            "format": false,
            "excerpt": "On 15 March 2022, Guilhem Pradali\u00e9, Managing Director of the MedNum, member of the Social Good Accelerator, gave us an interview in which he explained what the MedNum is, what its projects and challenges are, and its role within the SOGA.",
            "rel": "",
            "context": "In &quot;Communs &amp; plaidoyer&quot;",
            "block_context": {
                "text": "Communs &amp; plaidoyer",
                "link": "https:\/\/socialgoodaccelerator.eu\/en_gb\/category\/communs-et-plaidoyer\/"
            },
            "img": {
                "alt_text": "",
                "src": "https:\/\/i0.wp.com\/socialgoodaccelerator.eu\/wp-content\/uploads\/2022\/03\/Capture-de%CC%81cran-2022-04-20-a%CC%80-11.38.38.png?fit=495%2C361&ssl=1&resize=350%2C200",
                "width": 350,
                "height": 200
            },
            "classes": []
        }
    ],
    "jetpack_sharing_enabled": true,
    "jetpack_shortlink": "https:\/\/wp.me\/p9J6Qk-cIW",
    "_links": {
        "self": [
            {
                "href": "https:\/\/socialgoodaccelerator.eu\/en_gb\/wp-json\/wp\/v2\/posts\/48914",
                "targetHints": {
                    "allow": [
                        "GET"
                    ]
                }
            }
        ],
        "collection": [
            {
                "href": "https:\/\/socialgoodaccelerator.eu\/en_gb\/wp-json\/wp\/v2\/posts"
            }
        ],
        "about": [
            {
                "href": "https:\/\/socialgoodaccelerator.eu\/en_gb\/wp-json\/wp\/v2\/types\/post"
            }
        ],
        "author": [
            {
                "embeddable": true,
                "href": "https:\/\/socialgoodaccelerator.eu\/en_gb\/wp-json\/wp\/v2\/users\/1"
            }
        ],
        "replies": [
            {
                "embeddable": true,
                "href": "https:\/\/socialgoodaccelerator.eu\/en_gb\/wp-json\/wp\/v2\/comments?post=48914"
            }
        ],
        "version-history": [
            {
                "count": 18,
                "href": "https:\/\/socialgoodaccelerator.eu\/en_gb\/wp-json\/wp\/v2\/posts\/48914\/revisions"
            }
        ],
        "predecessor-version": [
            {
                "id": 56166,
                "href": "https:\/\/socialgoodaccelerator.eu\/en_gb\/wp-json\/wp\/v2\/posts\/48914\/revisions\/56166"
            }
        ],
        "wp:featuredmedia": [
            {
                "embeddable": true,
                "href": "https:\/\/socialgoodaccelerator.eu\/en_gb\/wp-json\/wp\/v2\/media\/48479"
            }
        ],
        "wp:attachment": [
            {
                "href": "https:\/\/socialgoodaccelerator.eu\/en_gb\/wp-json\/wp\/v2\/media?parent=48914"
            }
        ],
        "wp:term": [
            {
                "taxonomy": "category",
                "embeddable": true,
                "href": "https:\/\/socialgoodaccelerator.eu\/en_gb\/wp-json\/wp\/v2\/categories?post=48914"
            },
            {
                "taxonomy": "post_tag",
                "embeddable": true,
                "href": "https:\/\/socialgoodaccelerator.eu\/en_gb\/wp-json\/wp\/v2\/tags?post=48914"
            }
        ],
        "curies": [
            {
                "name": "wp",
                "href": "https:\/\/api.w.org\/{rel}",
                "templated": true
            }
        ]
    }
}