{
    "id": 50009,
    "date": "2021-10-19T12:27:48",
    "date_gmt": "2021-10-19T10:27:48",
    "guid": {
        "rendered": "https:\/\/socialgoodaccelerator.eu\/?page_id=50009"
    },
    "modified": "2025-09-11T12:01:32",
    "modified_gmt": "2025-09-11T10:01:32",
    "slug": "sgw2022",
    "status": "publish",
    "type": "page",
    "link": "https:\/\/socialgoodaccelerator.eu\/en_gb\/sgw2022\/",
    "title": {
        "rendered": "Social Good Accelerator | Social Good Week 2022"
    },
    "content": {
        "rendered": "[et_pb_section fb_built=&#8221;1&#8243; _builder_version=&#8221;4.16&#8243; _module_preset=&#8221;default&#8221; background_color=&#8221;#5fc2ba&#8221; custom_padding=&#8221;4px|||||&#8221; bottom_divider_height=&#8221;50px&#8221; locked=&#8221;off&#8221; global_colors_info=&#8221;{}&#8221;][et_pb_row padding_mobile=&#8221;off&#8221; column_padding_mobile=&#8221;on&#8221; admin_label=&#8221;row&#8221; _builder_version=&#8221;4.16&#8243; background_size=&#8221;initial&#8221; background_position=&#8221;top_left&#8221; background_repeat=&#8221;repeat&#8221; make_fullwidth=&#8221;off&#8221; use_custom_width=&#8221;off&#8221; width_unit=&#8221;off&#8221; custom_width_px=&#8221;1080px&#8221; custom_width_percent=&#8221;80%&#8221; global_colors_info=&#8221;{}&#8221;][et_pb_column type=&#8221;4_4&#8243; _builder_version=&#8221;4.16&#8243; custom_padding=&#8221;|||&#8221; global_colors_info=&#8221;{}&#8221; custom_padding__hover=&#8221;|||&#8221;][et_pb_divider show_divider=&#8221;off&#8221; _builder_version=&#8221;4.16&#8243; _module_preset=&#8221;default&#8221; global_colors_info=&#8221;{}&#8221;][\/et_pb_divider][et_pb_image src=&#8221;https:\/\/socialgoodaccelerator.eu\/wp-content\/uploads\/2022\/06\/LOGO-SOCIAL-GOOD-WEEK_Vpng.png&#8221; alt=&#8221;LOGO SOCIAL GOOD WEEK_Vpng&#8221; title_text=&#8221;LOGO SOCIAL GOOD WEEK-V4_HORIZONTAL&#8221; align=&#8221;center&#8221; _builder_version=&#8221;4.16&#8243; _module_preset=&#8221;default&#8221; width=&#8221;47%&#8221; custom_margin=&#8221;34px||20px||false|false&#8221; scroll_vertical_motion=&#8221;0|37|93|100|4|0|-4&#8243; global_colors_info=&#8221;{}&#8221;][\/et_pb_image][et_pb_text _builder_version=&#8221;4.19.1&#8243; _module_preset=&#8221;default&#8221; hover_enabled=&#8221;0&#8243; inline_fonts=&#8221;Pathway Gothic One&#8221; global_colors_info=&#8221;{}&#8221; sticky_enabled=&#8221;0&#8243;]<p style=\"text-align: center;\"><span style=\"font-family: 'Pathway Gothic One'; font-weight: normal; font-size: 50px; color: #1e2548;\"><b>SOCIAL TECH FOR ALL_<\/b><\/span><\/p>\n<p style=\"text-align: center;\"><span style=\"font-family: 'Pathway Gothic One'; font-size: xx-large; color: #1e2548;\"><i>European event from 2 to 8 November 2022<\/i><\/span><\/p>[\/et_pb_text][et_pb_text _builder_version=&#8221;4.16&#8243; _module_preset=&#8221;default&#8221; custom_margin=&#8221;-58px|||||&#8221; inline_fonts=&#8221;Pathway Gothic One&#8221; global_colors_info=&#8221;{}&#8221;]<p style=\"text-align: right;\"><span style=\"font-size: large;\"><span style=\"color: #1e2548; font-family: Pathway Gothic One;\">#SGW2022<\/span><\/span><\/p>\n<p>\r\n<\/p>[\/et_pb_text][\/et_pb_column][\/et_pb_row][et_pb_row column_structure=&#8221;1_3,1_3,1_3&#8243; _builder_version=&#8221;4.19.1&#8243; _module_preset=&#8221;default&#8221; custom_padding=&#8221;0px|||||&#8221; hover_enabled=&#8221;0&#8243; global_colors_info=&#8221;{}&#8221; border_width_all__hover_enabled=&#8221;on|hover&#8221; sticky_enabled=&#8221;0&#8243; border_width_all__hover=&#8221;3px&#8221; custom_margin=&#8221;-200px||||false|false&#8221;][et_pb_column type=&#8221;1_3&#8243; _builder_version=&#8221;4.16&#8243; _module_preset=&#8221;default&#8221; global_colors_info=&#8221;{}&#8221;][\/et_pb_column][et_pb_column type=&#8221;1_3&#8243; _builder_version=&#8221;4.16&#8243; _module_preset=&#8221;default&#8221; global_colors_info=&#8221;{}&#8221;][et_pb_button button_url=&#8221;http:\/\/www.socialgoodweek.com&#8221; url_new_window=&#8221;on&#8221; button_text=&#8221;Visit the official website&#8221; button_alignment=&#8221;center&#8221; _builder_version=&#8221;4.19.1&#8243; _module_preset=&#8221;default&#8221; custom_button=&#8221;on&#8221; button_text_size=&#8221;20px&#8221; button_text_color=&#8221;#2B2A5C&#8221; button_bg_color=&#8221;#F8C040&#8243; button_border_width=&#8221;0px&#8221; button_border_color=&#8221;#2B2A5C&#8221; button_font=&#8221;|600|||||||&#8221; button_use_icon=&#8221;off&#8221; hover_enabled=&#8221;0&#8243; locked=&#8221;off&#8221; global_colors_info=&#8221;{}&#8221; button_border_width__hover=&#8221;2px&#8221; button_border_width__hover_enabled=&#8221;on|hover&#8221; sticky_enabled=&#8221;0&#8243; button_border_radius=&#8221;40px&#8221;][\/et_pb_button][\/et_pb_column][et_pb_column type=&#8221;1_3&#8243; _builder_version=&#8221;4.16&#8243; _module_preset=&#8221;default&#8221; global_colors_info=&#8221;{}&#8221;][\/et_pb_column][\/et_pb_row][\/et_pb_section][et_pb_section fb_built=&#8221;1&#8243; next_background_color=&#8221;#FFFFFF&#8221; _builder_version=&#8221;4.16&#8243; _module_preset=&#8221;default&#8221; background_color=&#8221;RGBA(255,255,255,0)&#8221; custom_padding=&#8221;2px||20px|||&#8221; bottom_divider_style=&#8221;curve&#8221; locked=&#8221;off&#8221; global_colors_info=&#8221;{}&#8221;][et_pb_row _builder_version=&#8221;4.16&#8243; _module_preset=&#8221;default&#8221; global_colors_info=&#8221;{}&#8221;][et_pb_column type=&#8221;4_4&#8243; _builder_version=&#8221;4.16&#8243; _module_preset=&#8221;default&#8221; global_colors_info=&#8221;{}&#8221;][et_pb_text _builder_version=&#8221;4.19.1&#8243; _module_preset=&#8221;default&#8221; hover_enabled=&#8221;0&#8243; inline_fonts=&#8221;Pathway Gothic One&#8221; global_colors_info=&#8221;{}&#8221; sticky_enabled=&#8221;0&#8243;]<p style=\"text-align: right;\"><span style=\"font-weight: normal; font-family: inherit; font-size: medium;\">Tech innovation and social innovation share a prospective and proactive vision of the future. This is what Social Good Week aims to achieve,\u00a0 \u00a0 \u00a0 <\/span><span style=\"font-weight: normal; font-family: inherit; font-size: medium;\">an annual opportunity to bring about a more inclusive digital world at European level around federating projects while the month of Social Economy in France and the Web Summit are taking place.<\/span><\/p>\n<p style=\"text-align: center;\"><strong><span style=\"font-family: inherit; font-size: medium;\">Let&#8217;s lead together a fair, inclusive and sustainable digital transition for the Common Good, while increasing the skills of everyone.<\/span><\/strong><\/p>[\/et_pb_text][\/et_pb_column][\/et_pb_row][et_pb_row column_structure=&#8221;1_3,1_3,1_3&#8243; _builder_version=&#8221;4.16&#8243; _module_preset=&#8221;default&#8221; custom_padding=&#8221;2px|||||&#8221; hover_enabled=&#8221;0&#8243; global_colors_info=&#8221;{}&#8221; sticky_enabled=&#8221;0&#8243;][et_pb_column type=&#8221;1_3&#8243; _builder_version=&#8221;4.16&#8243; _module_preset=&#8221;default&#8221; global_colors_info=&#8221;{}&#8221;][et_pb_image src=&#8221;http:\/\/socialgoodaccelerator.eu\/wp-content\/uploads\/2021\/10\/3.png&#8221; alt=&#8221;Digital mediation&#8221; title_text=&#8221;Agenda&#8221; url=&#8221;https:\/\/form.jotform.com\/220235744335047&#8243; url_new_window=&#8221;on&#8221; _builder_version=&#8221;4.16&#8243; _module_preset=&#8221;default&#8221; width=&#8221;50%&#8221; global_colors_info=&#8221;{}&#8221;][\/et_pb_image][et_pb_text _builder_version=&#8221;4.16&#8243; _module_preset=&#8221;default&#8221; inline_fonts=&#8221;Pathway Gothic One&#8221; global_colors_info=&#8221;{}&#8221;]<h2 style=\"text-align: center;\"><span style=\"font-family: inherit; font-weight: normal; font-size: large;\"><strong><span style=\"color: #003366;\">Participate to an event<\/span><\/strong><\/span><\/h2>[\/et_pb_text][\/et_pb_column][et_pb_column type=&#8221;1_3&#8243; _builder_version=&#8221;4.16&#8243; _module_preset=&#8221;default&#8221; global_colors_info=&#8221;{}&#8221;][et_pb_image src=&#8221;http:\/\/socialgoodaccelerator.eu\/wp-content\/uploads\/2021\/10\/4.png&#8221; alt=&#8221;Digital mediation&#8221; title_text=&#8221;Group&#8221; url=&#8221;https:\/\/form.jotform.com\/220235744335047&#8243; url_new_window=&#8221;on&#8221; _builder_version=&#8221;4.19.1&#8243; _module_preset=&#8221;default&#8221; hover_enabled=&#8221;0&#8243; global_colors_info=&#8221;{}&#8221; force_fullwidth=&#8221;on&#8221; sticky_enabled=&#8221;0&#8243;][\/et_pb_image][et_pb_text _builder_version=&#8221;4.16&#8243; _module_preset=&#8221;default&#8221; inline_fonts=&#8221;Pathway Gothic One&#8221; global_colors_info=&#8221;{}&#8221;]<h2 style=\"text-align: center;\"><span style=\"font-family: inherit; font-weight: normal; font-size: large;\"><strong><span style=\"color: #003366;\">Join the movement<\/span><\/strong><\/span><\/h2>[\/et_pb_text][\/et_pb_column][et_pb_column type=&#8221;1_3&#8243; _builder_version=&#8221;4.16&#8243; _module_preset=&#8221;default&#8221; global_colors_info=&#8221;{}&#8221;][et_pb_image src=&#8221;http:\/\/socialgoodaccelerator.eu\/wp-content\/uploads\/2021\/10\/Logos-Atlas-et-SGW-788-x-788-px-3.png&#8221; alt=&#8221;Digital mediation&#8221; title_text=&#8221;Partager&#8221; url=&#8221;https:\/\/form.jotform.com\/220235744335047&#8243; url_new_window=&#8221;on&#8221; _builder_version=&#8221;4.16&#8243; _module_preset=&#8221;default&#8221; width=&#8221;50%&#8221; global_colors_info=&#8221;{}&#8221;][\/et_pb_image][et_pb_text _builder_version=&#8221;4.16&#8243; _module_preset=&#8221;default&#8221; inline_fonts=&#8221;Pathway Gothic One&#8221; global_colors_info=&#8221;{}&#8221;]<h2 style=\"text-align: center;\"><span style=\"font-family: inherit; font-weight: normal; font-size: large;\"><strong><span style=\"color: #003366;\">Share the Social Good Week<\/span><\/strong><\/span><\/h2>[\/et_pb_text][\/et_pb_column][\/et_pb_row][\/et_pb_section][et_pb_section fb_built=&#8221;1&#8243; _builder_version=&#8221;4.16&#8243; _module_preset=&#8221;default&#8221; background_color=&#8221;#FFFFFF&#8221; custom_padding=&#8221;38px||20px|||&#8221; locked=&#8221;off&#8221; global_colors_info=&#8221;{}&#8221;][et_pb_row column_structure=&#8221;1_2,1_2&#8243; _builder_version=&#8221;4.19.1&#8243; _module_preset=&#8221;default&#8221; custom_padding=&#8221;300px||0px||false|false&#8221; hover_enabled=&#8221;0&#8243; global_colors_info=&#8221;{}&#8221; sticky_enabled=&#8221;0&#8243;][et_pb_column type=&#8221;1_2&#8243; _builder_version=&#8221;4.16&#8243; _module_preset=&#8221;default&#8221; global_colors_info=&#8221;{}&#8221;][et_pb_text _builder_version=&#8221;4.19.1&#8243; _module_preset=&#8221;default&#8221; hover_enabled=&#8221;0&#8243; inline_fonts=&#8221;Pathway Gothic One&#8221; global_colors_info=&#8221;{}&#8221; sticky_enabled=&#8221;0&#8243;]<p style=\"text-align: center;\"><span style=\"font-family: 'Pathway Gothic One'; font-weight: normal; font-size: xx-large; color: #2b2a5c;\"><b>LOCATIONS<\/b><\/span><\/p>[\/et_pb_text][\/et_pb_column][et_pb_column type=&#8221;1_2&#8243; _builder_version=&#8221;4.16&#8243; _module_preset=&#8221;default&#8221; global_colors_info=&#8221;{}&#8221;][et_pb_text _builder_version=&#8221;4.16&#8243; _module_preset=&#8221;default&#8221; inline_fonts=&#8221;Pathway Gothic One&#8221; global_colors_info=&#8221;{}&#8221;]<p style=\"text-align: center;\"><span style=\"font-family: 'Pathway Gothic One'; font-weight: normal; font-size: xx-large; color: #2b2a5c;\"><b>FORMATS<\/b><\/span><\/p>[\/et_pb_text][\/et_pb_column][\/et_pb_row][et_pb_row column_structure=&#8221;1_6,1_6,1_6,1_6,1_6,1_6&#8243; _builder_version=&#8221;4.16&#8243; _module_preset=&#8221;default&#8221; custom_css_main_element=&#8221;align-items: center;&#8221; global_colors_info=&#8221;{}&#8221;][et_pb_column type=&#8221;1_6&#8243; _builder_version=&#8221;4.16&#8243; _module_preset=&#8221;default&#8221; global_colors_info=&#8221;{}&#8221;][et_pb_text _builder_version=&#8221;4.16&#8243; _module_preset=&#8221;default&#8221; background_color=&#8221;#2B2A5C&#8221; border_radii=&#8221;on|5px|5px|5px|5px&#8221; global_colors_info=&#8221;{}&#8221;]<h2 style=\"text-align: center;\"><span style=\"font-family: inherit; font-weight: normal; font-size: large; color: #ffffff;\"><strong>Paris<br \/><\/strong><\/span><\/h2>\n<p style=\"text-align: center;\"><span style=\"font-family: inherit; font-weight: normal; font-size: medium; color: #ffffff;\">Opening ceremony<\/span><\/p>[\/et_pb_text][\/et_pb_column][et_pb_column type=&#8221;1_6&#8243; _builder_version=&#8221;4.16&#8243; _module_preset=&#8221;default&#8221; global_colors_info=&#8221;{}&#8221;][et_pb_text _builder_version=&#8221;4.16&#8243; _module_preset=&#8221;default&#8221; background_color=&#8221;#2B2A5C&#8221; border_radii=&#8221;on|5px|5px|5px|5px&#8221; global_colors_info=&#8221;{}&#8221;]<h2 style=\"text-align: center;\"><span style=\"font-family: inherit; font-weight: normal; font-size: large; color: #ffffff;\"><strong>Lisbon<\/strong><\/span><\/h2>\n<p style=\"text-align: center;\"><span style=\"font-family: inherit; font-weight: normal; font-size: medium; color: #ffffff;\">Web Summit event<\/span><\/p>[\/et_pb_text][\/et_pb_column][et_pb_column type=&#8221;1_6&#8243; _builder_version=&#8221;4.16&#8243; _module_preset=&#8221;default&#8221; global_colors_info=&#8221;{}&#8221;][et_pb_text _builder_version=&#8221;4.16&#8243; _module_preset=&#8221;default&#8221; background_color=&#8221;#2B2A5C&#8221; border_radii=&#8221;on|5px|5px|5px|5px&#8221; global_colors_info=&#8221;{}&#8221;]<h2 style=\"text-align: center;\"><span style=\"font-family: inherit; font-weight: normal; font-size: large; color: #ffffff;\"><strong>Brussels<\/strong><\/span><\/h2>\n<p style=\"text-align: center;\"><span style=\"font-family: inherit; font-weight: normal; font-size: medium; color: #ffffff;\">Closing ceremony<\/span><\/p>[\/et_pb_text][\/et_pb_column][et_pb_column type=&#8221;1_6&#8243; _builder_version=&#8221;4.16&#8243; _module_preset=&#8221;default&#8221; global_colors_info=&#8221;{}&#8221;][et_pb_text _builder_version=&#8221;4.16&#8243; _module_preset=&#8221;default&#8221; global_colors_info=&#8221;{}&#8221;]<h2 style=\"text-align: center;\"><span style=\"font-family: inherit; font-weight: normal; font-size: large; color: #5fc2ba;\"><strong><\/strong><\/span><\/h2>\n<h2 style=\"text-align: center;\"><span style=\"font-family: inherit; font-weight: normal; font-size: large; color: #5fc2ba;\"><strong><\/strong><\/span><\/h2>\n<h2 style=\"text-align: center;\"><span style=\"font-family: inherit; font-weight: normal; font-size: large; color: #5fc2ba;\"><strong><\/strong><\/span><\/h2>\n<h2 style=\"text-align: center;\"><span style=\"font-family: inherit; font-weight: normal; font-size: large; color: #2b2a5c;\"><strong>Conferences<\/strong><\/span><\/h2>[\/et_pb_text][\/et_pb_column][et_pb_column type=&#8221;1_6&#8243; _builder_version=&#8221;4.16&#8243; _module_preset=&#8221;default&#8221; global_colors_info=&#8221;{}&#8221;][et_pb_text _builder_version=&#8221;4.16&#8243; _module_preset=&#8221;default&#8221; global_colors_info=&#8221;{}&#8221;]<h2 style=\"text-align: center;\"><span style=\"font-family: inherit; font-weight: normal; font-size: large; color: #f8c040;\"><strong><\/strong><\/span><\/h2>\n<h2 style=\"text-align: center;\"><span style=\"font-family: inherit; font-weight: normal; font-size: large; color: #f8c040;\"><strong><\/strong><\/span><\/h2>\n<h2 style=\"text-align: center;\"><span style=\"font-family: inherit; font-weight: normal; font-size: large; color: #f8c040;\"><strong><\/strong><\/span><\/h2>\n<h2 style=\"text-align: center;\"><span style=\"font-family: inherit; font-weight: normal; font-size: large; color: #2b2a5c;\"><strong>Round tables<\/strong><\/span><\/h2>[\/et_pb_text][\/et_pb_column][et_pb_column type=&#8221;1_6&#8243; _builder_version=&#8221;4.16&#8243; _module_preset=&#8221;default&#8221; global_colors_info=&#8221;{}&#8221;][et_pb_text _builder_version=&#8221;4.16&#8243; _module_preset=&#8221;default&#8221; global_colors_info=&#8221;{}&#8221;]<h2 style=\"text-align: center;\"><span style=\"font-family: inherit; font-weight: normal; font-size: large; color: #f8c040;\"><strong><\/strong><\/span><\/h2>\n<h2 style=\"text-align: center;\"><span style=\"font-family: inherit; font-weight: normal; font-size: large; color: #f8c040;\"><strong><\/strong><\/span><\/h2>\n<h2 style=\"text-align: center;\"><span style=\"font-family: inherit; font-weight: normal; font-size: large; color: #f8c040;\"><strong><\/strong><\/span><\/h2>\n<h2 style=\"text-align: center;\"><span style=\"font-family: inherit; font-weight: normal; font-size: large; color: #2b2a5c;\"><strong>Workshops<\/strong><\/span><\/h2>[\/et_pb_text][\/et_pb_column][\/et_pb_row][et_pb_row column_structure=&#8221;1_3,1_3,1_3&#8243; _builder_version=&#8221;4.16&#8243; _module_preset=&#8221;default&#8221; custom_padding=&#8221;100px||0px||false|false&#8221; global_colors_info=&#8221;{}&#8221;][et_pb_column type=&#8221;1_3&#8243; _builder_version=&#8221;4.16&#8243; _module_preset=&#8221;default&#8221; global_colors_info=&#8221;{}&#8221;][\/et_pb_column][et_pb_column type=&#8221;1_3&#8243; _builder_version=&#8221;4.16&#8243; _module_preset=&#8221;default&#8221; global_colors_info=&#8221;{}&#8221;][et_pb_text _builder_version=&#8221;4.16&#8243; _module_preset=&#8221;default&#8221; inline_fonts=&#8221;Pathway Gothic One&#8221; global_colors_info=&#8221;{}&#8221;]<p style=\"text-align: center;\"><span style=\"font-family: 'Pathway Gothic One'; font-weight: normal; font-size: xx-large; color: #2b2a5c;\"><b>THEMES<\/b><\/span><\/p>[\/et_pb_text][\/et_pb_column][et_pb_column type=&#8221;1_3&#8243; _builder_version=&#8221;4.16&#8243; _module_preset=&#8221;default&#8221; global_colors_info=&#8221;{}&#8221;][\/et_pb_column][\/et_pb_row][et_pb_row column_structure=&#8221;1_6,1_6,1_6,1_6,1_6,1_6&#8243; _builder_version=&#8221;4.16&#8243; _module_preset=&#8221;default&#8221; global_colors_info=&#8221;{}&#8221;][et_pb_column type=&#8221;1_6&#8243; _builder_version=&#8221;4.16&#8243; _module_preset=&#8221;default&#8221; global_colors_info=&#8221;{}&#8221;][\/et_pb_column][et_pb_column type=&#8221;1_6&#8243; _builder_version=&#8221;4.16&#8243; _module_preset=&#8221;default&#8221; global_colors_info=&#8221;{}&#8221;][et_pb_text _builder_version=&#8221;4.16&#8243; _module_preset=&#8221;default&#8221; background_color=&#8221;#2B2A5C&#8221; border_radii=&#8221;on|5px|5px|5px|5px&#8221; inline_fonts=&#8221;ABeeZee&#8221; global_colors_info=&#8221;{}&#8221;]<h3 style=\"text-align: center;\"><span style=\"font-family: inherit; font-weight: normal; font-size: medium; color: #ffffff;\">Digital<\/span><br \/><span style=\"font-family: inherit; font-weight: normal; font-size: medium; color: #ffffff;\">commons<\/span><\/h3>[\/et_pb_text][et_pb_text _builder_version=&#8221;4.16&#8243; _module_preset=&#8221;default&#8221; background_color=&#8221;#2B2A5C&#8221; border_radii=&#8221;on|5px|5px|5px|5px&#8221; inline_fonts=&#8221;ABeeZee&#8221; global_colors_info=&#8221;{}&#8221;]<h3 style=\"text-align: center;\"><span style=\"font-family: inherit; font-weight: normal; font-size: medium; color: #ffffff;\">Social Tech<\/span><br \/><span style=\"font-family: inherit; font-weight: normal; font-size: medium; color: #ffffff;\">intiatives<\/span><\/h3>[\/et_pb_text][\/et_pb_column][et_pb_column type=&#8221;1_6&#8243; _builder_version=&#8221;4.16&#8243; _module_preset=&#8221;default&#8221; global_colors_info=&#8221;{}&#8221;][et_pb_text _builder_version=&#8221;4.19.1&#8243; _module_preset=&#8221;default&#8221; background_color=&#8221;#2B2A5C&#8221; hover_enabled=&#8221;0&#8243; border_radii=&#8221;on|5px|5px|5px|5px&#8221; inline_fonts=&#8221;ABeeZee&#8221; global_colors_info=&#8221;{}&#8221; sticky_enabled=&#8221;0&#8243;]<h3 style=\"text-align: center;\"><span style=\"font-family: inherit; font-weight: normal; font-size: medium; color: #ffffff;\">Platform<\/span><br \/><span style=\"font-family: inherit; font-weight: normal; font-size: medium; color: #ffffff;\">cooperativism<\/span><\/h3>[\/et_pb_text][et_pb_text _builder_version=&#8221;4.16&#8243; _module_preset=&#8221;default&#8221; background_color=&#8221;#2B2A5C&#8221; border_radii=&#8221;on|5px|5px|5px|5px&#8221; inline_fonts=&#8221;ABeeZee&#8221; global_colors_info=&#8221;{}&#8221;]<h3 style=\"text-align: center;\"><span style=\"font-family: inherit; font-weight: normal; font-size: medium; color: #ffffff;\">Digital<\/span><br \/><span style=\"font-family: inherit; font-weight: normal; font-size: medium; color: #ffffff;\">sobriety<\/span><\/h3>[\/et_pb_text][\/et_pb_column][et_pb_column type=&#8221;1_6&#8243; _builder_version=&#8221;4.16&#8243; _module_preset=&#8221;default&#8221; global_colors_info=&#8221;{}&#8221;][et_pb_text _builder_version=&#8221;4.16&#8243; _module_preset=&#8221;default&#8221; background_color=&#8221;#2B2A5C&#8221; border_radii=&#8221;on|5px|5px|5px|5px&#8221; inline_fonts=&#8221;ABeeZee&#8221; global_colors_info=&#8221;{}&#8221;]<h3 style=\"text-align: center;\"><span style=\"font-family: inherit; font-weight: normal; font-size: medium; color: #ffffff;\">Eco<\/span><br \/><span style=\"font-family: inherit; font-weight: normal; font-size: medium; color: #ffffff;\">conception<\/span><\/h3>[\/et_pb_text][et_pb_text _builder_version=&#8221;4.16&#8243; _module_preset=&#8221;default&#8221; background_color=&#8221;#2B2A5C&#8221; border_radii=&#8221;on|5px|5px|5px|5px&#8221; inline_fonts=&#8221;ABeeZee&#8221; global_colors_info=&#8221;{}&#8221;]<h3 style=\"text-align: center;\"><span style=\"font-family: inherit; font-weight: normal; font-size: medium; color: #ffffff;\">Digital social<\/span><br \/><span style=\"font-family: inherit; font-weight: normal; font-size: medium; color: #ffffff;\">innovation<\/span><\/h3>[\/et_pb_text][\/et_pb_column][et_pb_column type=&#8221;1_6&#8243; _builder_version=&#8221;4.16&#8243; _module_preset=&#8221;default&#8221; global_colors_info=&#8221;{}&#8221;][et_pb_text _builder_version=&#8221;4.16&#8243; _module_preset=&#8221;default&#8221; background_color=&#8221;#2B2A5C&#8221; border_radii=&#8221;on|5px|5px|5px|5px&#8221; inline_fonts=&#8221;ABeeZee&#8221; global_colors_info=&#8221;{}&#8221;]<h3 style=\"text-align: center;\"><span style=\"font-family: inherit; font-weight: normal; font-size: medium; color: #ffffff;\">Data and IA<\/span><br \/><span style=\"font-family: inherit; font-weight: normal; font-size: medium; color: #ffffff;\">for Good<\/span><\/h3>[\/et_pb_text][et_pb_text _builder_version=&#8221;4.16&#8243; _module_preset=&#8221;default&#8221; background_color=&#8221;#2B2A5C&#8221; border_radii=&#8221;on|5px|5px|5px|5px&#8221; inline_fonts=&#8221;ABeeZee&#8221; global_colors_info=&#8221;{}&#8221;]<h3 style=\"text-align: center;\"><span style=\"font-family: inherit; font-weight: normal; font-size: medium; color: #ffffff;\">Social Tech<\/span><br \/><span style=\"font-family: inherit; font-weight: normal; font-size: medium; color: #ffffff;\">fundings<\/span><\/h3>[\/et_pb_text][\/et_pb_column][et_pb_column type=&#8221;1_6&#8243; _builder_version=&#8221;4.16&#8243; _module_preset=&#8221;default&#8221; global_colors_info=&#8221;{}&#8221;][\/et_pb_column][\/et_pb_row][\/et_pb_section][et_pb_section fb_built=&#8221;1&#8243; _builder_version=&#8221;4.16&#8243; _module_preset=&#8221;default&#8221; background_color=&#8221;#5fc2ba&#8221; top_divider_height=&#8221;50px&#8221; bottom_divider_height=&#8221;50px&#8221; bottom_divider_flip=&#8221;horizontal&#8221; locked=&#8221;off&#8221; global_colors_info=&#8221;{}&#8221;][et_pb_row _builder_version=&#8221;4.16&#8243; _module_preset=&#8221;default&#8221; custom_padding=&#8221;||0px|||&#8221; global_colors_info=&#8221;{}&#8221;][et_pb_column type=&#8221;4_4&#8243; _builder_version=&#8221;4.16&#8243; _module_preset=&#8221;default&#8221; global_colors_info=&#8221;{}&#8221;][et_pb_text _builder_version=&#8221;4.16&#8243; _module_preset=&#8221;default&#8221; inline_fonts=&#8221;Pathway Gothic One&#8221; global_colors_info=&#8221;{}&#8221;]<p style=\"text-align: center;\"><span style=\"font-family: 'Pathway Gothic One'; font-weight: normal; font-size: xx-large;\"><b>JOIN A KICKOFF EVENT <\/b><\/span><span style=\"font-family: 'Pathway Gothic One'; font-weight: normal; font-size: xx-large;\"><b><\/b><\/span><\/p>[\/et_pb_text][\/et_pb_column][\/et_pb_row][et_pb_row column_structure=&#8221;1_3,1_3,1_3&#8243; _builder_version=&#8221;4.16&#8243; _module_preset=&#8221;default&#8221; min_height=&#8221;413px&#8221; custom_margin=&#8221;|auto|-4px|auto||&#8221; custom_padding=&#8221;4px||0px|||&#8221; global_colors_info=&#8221;{}&#8221;][et_pb_column type=&#8221;1_3&#8243; _builder_version=&#8221;4.16&#8243; _module_preset=&#8221;default&#8221; global_colors_info=&#8221;{}&#8221;][et_pb_image src=&#8221;http:\/\/socialgoodaccelerator.eu\/wp-content\/uploads\/2021\/10\/4-1.png&#8221; title_text=&#8221;Belgium&#8221; url_new_window=&#8221;on&#8221; module_class=&#8221;pa-image-1-1&#8243; _builder_version=&#8221;4.16&#8243; _module_preset=&#8221;default&#8221; custom_margin=&#8221;34px||40px||false|false&#8221; border_radii=&#8221;on|10px|10px|10px|10px&#8221; border_width_all=&#8221;6px&#8221; border_color_all=&#8221;#2B2A5C&#8221; locked=&#8221;off&#8221; global_colors_info=&#8221;{}&#8221;][\/et_pb_image][et_pb_text _builder_version=&#8221;4.16&#8243; _module_preset=&#8221;default&#8221; custom_margin=&#8221;-29px|||||&#8221; inline_fonts=&#8221;Pathway Gothic One&#8221; global_colors_info=&#8221;{}&#8221;]<h2 style=\"text-align: center;\"><span style=\"font-family: inherit; font-weight: normal; font-size: large;\"><strong><span style=\"color: #003366;\">How to scale up Social Tech in Europe?<\/span><\/strong><\/span><\/h2>\n<p style=\"text-align: center;\"><em><span style=\"font-family: inherit; font-weight: normal; font-size: large;\"><span style=\"color: #003366;\">Brussels, Belgium<\/span><\/span><\/em><em><span style=\"font-family: inherit; font-weight: normal; font-size: large;\"><span style=\"color: #003366;\"><\/span><\/span><\/em><em><span style=\"font-family: inherit; font-weight: normal; font-size: large;\"><span style=\"color: #003366;\"><\/span><\/span><\/em><\/p>\n<p style=\"text-align: center;\"><em><span style=\"font-family: inherit; font-weight: normal; font-size: large;\"><span style=\"color: #003366;\">Remote event<\/span><\/span><\/em><\/p>\n<p style=\"text-align: center;\"><span style=\"font-family: inherit; font-weight: normal; font-size: large;\"><span style=\"color: #003366;\">\ud83d\uddd3 25 January 2022, 10:00<\/span><\/span><\/p>[\/et_pb_text][\/et_pb_column][et_pb_column type=&#8221;1_3&#8243; _builder_version=&#8221;4.16&#8243; _module_preset=&#8221;default&#8221; global_colors_info=&#8221;{}&#8221;][et_pb_image src=&#8221;http:\/\/socialgoodaccelerator.eu\/wp-content\/uploads\/2021\/10\/3-1.png&#8221; title_text=&#8221;Portugal&#8221; url_new_window=&#8221;on&#8221; module_class=&#8221;pa-image-1-1&#8243; _builder_version=&#8221;4.19.1&#8243; _module_preset=&#8221;default&#8221; custom_margin=&#8221;34px||40px||false|false&#8221; hover_enabled=&#8221;0&#8243; border_radii=&#8221;on|10px|10px|10px|10px&#8221; border_width_all=&#8221;6px&#8221; border_color_all=&#8221;#2B2A5C&#8221; locked=&#8221;off&#8221; global_colors_info=&#8221;{}&#8221; sticky_enabled=&#8221;0&#8243;][\/et_pb_image][et_pb_text _builder_version=&#8221;4.19.1&#8243; _module_preset=&#8221;default&#8221; custom_margin=&#8221;-29px|||||&#8221; hover_enabled=&#8221;0&#8243; inline_fonts=&#8221;Pathway Gothic One&#8221; global_colors_info=&#8221;{}&#8221; width=&#8221;50%&#8221; sticky_enabled=&#8221;0&#8243;]<h2 style=\"text-align: center;\"><span style=\"font-family: inherit; font-weight: normal; font-size: large;\"><strong><span style=\"color: #003366;\">Support an ecosystem to make it a European reference of impact<\/span><\/strong><\/span><\/h2>\n<p style=\"text-align: center;\">\u00a0<em><span style=\"font-family: inherit; font-weight: normal; font-size: large;\"><span style=\"color: #003366;\">Lisbon, Portugal<\/span><\/span><\/em><\/p>\n<p style=\"text-align: center;\"><em><span style=\"font-family: inherit; font-weight: normal; font-size: large;\"><span style=\"color: #003366;\">Casa do Impacto<\/span><\/span><\/em><\/p>\n<p style=\"text-align: center;\">\u00a0<span style=\"font-family: inherit; font-weight: normal; font-size: large;\"><span style=\"color: #003366;\">\ud83d\uddd3 30 June 2022, 17:00<\/span><\/span><\/p>\n<p>&nbsp;<\/p>[\/et_pb_text][\/et_pb_column][et_pb_column type=&#8221;1_3&#8243; _builder_version=&#8221;4.16&#8243; _module_preset=&#8221;default&#8221; global_colors_info=&#8221;{}&#8221;][et_pb_image src=&#8221;http:\/\/socialgoodaccelerator.eu\/wp-content\/uploads\/2021\/10\/5-1.png&#8221; title_text=&#8221;France&#8221; url_new_window=&#8221;on&#8221; module_class=&#8221;pa-image-1-1&#8243; _builder_version=&#8221;4.19.1&#8243; _module_preset=&#8221;default&#8221; custom_margin=&#8221;34px||40px||false|false&#8221; hover_enabled=&#8221;0&#8243; border_radii=&#8221;on|10px|10px|10px|10px&#8221; border_width_all=&#8221;6px&#8221; border_color_all=&#8221;#2B2A5C&#8221; locked=&#8221;off&#8221; global_colors_info=&#8221;{}&#8221; width=&#8221;40%&#8221; module_alignment=&#8221;right&#8221; sticky_enabled=&#8221;0&#8243;][\/et_pb_image][et_pb_text _builder_version=&#8221;4.16&#8243; _module_preset=&#8221;default&#8221; custom_margin=&#8221;-29px|||||&#8221; inline_fonts=&#8221;Pathway Gothic One&#8221; global_colors_info=&#8221;{}&#8221;]<h2 style=\"text-align: center;\"><span style=\"font-family: inherit; font-weight: normal; font-size: large;\"><strong><span style=\"color: #003366;\">Making the digital social economy an asset for our territories<br \/><\/span><\/strong><\/span><\/h2>\n<p style=\"text-align: center;\"><em><span style=\"font-family: inherit; font-weight: normal; font-size: large;\"><span style=\"color: #003366;\">Paris, France<\/span><\/span><\/em><em><span style=\"font-family: inherit; font-weight: normal; font-size: large;\"><span style=\"color: #003366;\"><\/span><\/span><\/em><\/p>\n<p style=\"text-align: center;\"><em><span style=\"font-family: inherit; font-weight: normal; font-size: large;\"><span style=\"color: #003366;\">Libert\u00e9 Living Lab<\/span><\/span><\/em><\/p>\n<p style=\"text-align: center;\"><span style=\"font-family: inherit; font-weight: normal; font-size: large;\"><span style=\"color: #003366;\">\ud83d\uddd3 19 September 2022, 19:00<\/span><\/span><\/p>[\/et_pb_text][\/et_pb_column][\/et_pb_row][et_pb_row column_structure=&#8221;1_3,1_3,1_3&#8243; _builder_version=&#8221;4.16&#8243; _module_preset=&#8221;default&#8221; global_colors_info=&#8221;{}&#8221; button_border_width__hover=&#8221;3px&#8221; button_border_width__hover_enabled=&#8221;on|hover&#8221;][et_pb_column type=&#8221;1_3&#8243; _builder_version=&#8221;4.16&#8243; _module_preset=&#8221;default&#8221; global_colors_info=&#8221;{}&#8221;][et_pb_button button_url=&#8221;https:\/\/www.crowdcast.io\/e\/social-good-week-launch-brussels\/register&#8221; url_new_window=&#8221;on&#8221; button_text=&#8221;Replay&#8221; button_alignment=&#8221;center&#8221; _builder_version=&#8221;4.19.1&#8243; _module_preset=&#8221;default&#8221; custom_button=&#8221;on&#8221; button_text_size=&#8221;20px&#8221; button_text_color=&#8221;#2B2A5C&#8221; button_bg_color=&#8221;#F8C040&#8243; button_border_width=&#8221;0px&#8221; button_border_color=&#8221;#F8C040&#8243; button_font=&#8221;|600|||||||&#8221; button_use_icon=&#8221;off&#8221; hover_enabled=&#8221;0&#8243; locked=&#8221;off&#8221; global_colors_info=&#8221;{}&#8221; button_border_width__hover=&#8221;3px&#8221; button_border_width__hover_enabled=&#8221;on|hover&#8221; button_border_radius=&#8221;40px&#8221; sticky_enabled=&#8221;0&#8243;][\/et_pb_button][\/et_pb_column][et_pb_column type=&#8221;1_3&#8243; _builder_version=&#8221;4.16&#8243; _module_preset=&#8221;default&#8221; global_colors_info=&#8221;{}&#8221;][et_pb_button button_url=&#8221;https:\/\/www.eventbrite.pt\/e\/bilhetes-como-tornar-portugal-a-referencia-europeia-de-impacto-359449151087&#8243; url_new_window=&#8221;on&#8221; button_text=&#8221;Replay&#8221; button_alignment=&#8221;center&#8221; _builder_version=&#8221;4.16&#8243; _module_preset=&#8221;default&#8221; custom_button=&#8221;on&#8221; button_text_size=&#8221;20px&#8221; button_text_color=&#8221;#2B2A5C&#8221; button_bg_color=&#8221;#F8C040&#8243; button_border_width=&#8221;0px&#8221; button_border_color=&#8221;#F8C040&#8243; button_font=&#8221;|600|||||||&#8221; button_use_icon=&#8221;off&#8221; locked=&#8221;off&#8221; global_colors_info=&#8221;{}&#8221; button_border_width__hover=&#8221;3px&#8221; button_border_width__hover_enabled=&#8221;on|hover&#8221;][\/et_pb_button][\/et_pb_column][et_pb_column type=&#8221;1_3&#8243; _builder_version=&#8221;4.16&#8243; _module_preset=&#8221;default&#8221; global_colors_info=&#8221;{}&#8221;][et_pb_button button_url=&#8221;https:\/\/form.jotform.com\/SOGAEUROPE\/inscription-au-kick-off-franais-de-&#8221; url_new_window=&#8221;on&#8221; button_text=&#8221;Register&#8221; button_alignment=&#8221;center&#8221; _builder_version=&#8221;4.16&#8243; _module_preset=&#8221;default&#8221; custom_button=&#8221;on&#8221; button_text_size=&#8221;20px&#8221; button_text_color=&#8221;#2B2A5C&#8221; button_bg_color=&#8221;#F8C040&#8243; button_border_width=&#8221;0px&#8221; button_border_color=&#8221;#F8C040&#8243; button_font=&#8221;|600|||||||&#8221; button_use_icon=&#8221;off&#8221; locked=&#8221;off&#8221; global_colors_info=&#8221;{}&#8221; button_border_width__hover=&#8221;3px&#8221; button_border_width__hover_enabled=&#8221;on|hover&#8221;][\/et_pb_button][\/et_pb_column][\/et_pb_row][\/et_pb_section][et_pb_section fb_built=&#8221;1&#8243; _builder_version=&#8221;4.19.1&#8243; _module_preset=&#8221;default&#8221; background_color=&#8221;RGBA(255,255,255,0)&#8221; custom_padding=&#8221;38px||20px|||&#8221; hover_enabled=&#8221;0&#8243; locked=&#8221;off&#8221; global_colors_info=&#8221;{}&#8221; title_text=&#8221;Europe,Map,In,Global,Satellite,Picture,,View,Of,City,Lights&#8221; background_image=&#8221;https:\/\/socialgoodaccelerator.eu\/wp-content\/uploads\/2022\/12\/image-UR.jpeg&#8221; sticky_enabled=&#8221;0&#8243;][et_pb_row _builder_version=&#8221;4.16&#8243; _module_preset=&#8221;default&#8221; global_colors_info=&#8221;{}&#8221;][et_pb_column type=&#8221;4_4&#8243; _builder_version=&#8221;4.16&#8243; _module_preset=&#8221;default&#8221; global_colors_info=&#8221;{}&#8221;][et_pb_text _builder_version=&#8221;4.16&#8243; _module_preset=&#8221;default&#8221; inline_fonts=&#8221;Pathway Gothic One&#8221; global_colors_info=&#8221;{}&#8221;]<p style=\"text-align: center;\"><span style=\"font-family: 'Pathway Gothic One'; font-weight: normal; font-size: xx-large; color: #2b2a5c;\"><b>THEY TESTIFIED<\/b><\/span><span style=\"font-family: 'Pathway Gothic One'; font-weight: normal; font-size: xx-large;\"><b><\/b><\/span><\/p>[\/et_pb_text][\/et_pb_column][\/et_pb_row][et_pb_row column_structure=&#8221;1_6,1_6,1_6,1_6,1_6,1_6&#8243; _builder_version=&#8221;4.16&#8243; _module_preset=&#8221;default&#8221; min_height=&#8221;303px&#8221; custom_margin=&#8221;|auto|-4px|auto||&#8221; custom_padding=&#8221;4px||0px|||&#8221; custom_css_main_element=&#8221;align-items: center;&#8221; global_colors_info=&#8221;{}&#8221;][et_pb_column type=&#8221;1_6&#8243; _builder_version=&#8221;4.16&#8243; _module_preset=&#8221;default&#8221; global_colors_info=&#8221;{}&#8221;][et_pb_image src=&#8221;http:\/\/socialgoodaccelerator.eu\/wp-content\/uploads\/2022\/01\/Barbara-Trachte-BE.jpg&#8221; title_text=&#8221;Barbara Trachte &#8211; BE&#8221; url_new_window=&#8221;on&#8221; module_class=&#8221;pa-image-1-1&#8243; _builder_version=&#8221;4.16&#8243; _module_preset=&#8221;default&#8221; custom_margin=&#8221;34px||40px||false|false&#8221; border_radii=&#8221;on|5px|5px|5px|5px&#8221; border_width_all=&#8221;2px&#8221; border_color_all=&#8221;#2B2A5C&#8221; locked=&#8221;off&#8221; global_colors_info=&#8221;{}&#8221;][\/et_pb_image][et_pb_text _builder_version=&#8221;4.16&#8243; _module_preset=&#8221;default&#8221; custom_margin=&#8221;-29px|||||&#8221; inline_fonts=&#8221;Pathway Gothic One&#8221; global_colors_info=&#8221;{}&#8221;]<h2 style=\"text-align: center;\"><span style=\"font-family: inherit; font-weight: normal; font-size: large; color: #2b2a5c;\"><strong>Barbara Trachte<br \/><\/strong><\/span><\/h2>\n<p style=\"text-align: center;\"><span style=\"font-family: inherit; font-weight: normal; font-size: medium; color: #2b2a5c;\">Brussels Region<\/span><\/p>[\/et_pb_text][\/et_pb_column][et_pb_column type=&#8221;1_6&#8243; _builder_version=&#8221;4.16&#8243; _module_preset=&#8221;default&#8221; global_colors_info=&#8221;{}&#8221;][et_pb_image src=&#8221;http:\/\/socialgoodaccelerator.eu\/wp-content\/uploads\/2022\/01\/rowan-barnett.1024&#215;1024.jpg&#8221; title_text=&#8221;rowan-barnett.1024&#215;1024&#8243; url_new_window=&#8221;on&#8221; module_class=&#8221;pa-image-1-1&#8243; _builder_version=&#8221;4.16&#8243; _module_preset=&#8221;default&#8221; custom_margin=&#8221;34px||40px||false|false&#8221; border_radii=&#8221;on|5px|5px|5px|5px&#8221; border_width_all=&#8221;2px&#8221; border_color_all=&#8221;#2B2A5C&#8221; locked=&#8221;off&#8221; global_colors_info=&#8221;{}&#8221;][\/et_pb_image][et_pb_text _builder_version=&#8221;4.16&#8243; _module_preset=&#8221;default&#8221; custom_margin=&#8221;-29px|||||&#8221; inline_fonts=&#8221;Pathway Gothic One&#8221; global_colors_info=&#8221;{}&#8221;]<h2 style=\"text-align: center;\"><span style=\"font-family: inherit; font-weight: normal; font-size: large; color: #2b2a5c;\"><strong>Rowan Barnett<br \/><\/strong><\/span><\/h2>\n<p style=\"text-align: center;\"><span style=\"font-family: inherit; font-weight: normal; font-size: medium; color: #2b2a5c;\">Google Foundation<\/span><\/p>[\/et_pb_text][\/et_pb_column][et_pb_column type=&#8221;1_6&#8243; _builder_version=&#8221;4.16&#8243; _module_preset=&#8221;default&#8221; global_colors_info=&#8221;{}&#8221;][et_pb_image src=&#8221;http:\/\/socialgoodaccelerator.eu\/wp-content\/uploads\/2022\/01\/Isidro-Laso-Ballesteros.jpeg&#8221; title_text=&#8221;Isidro-Laso-Ballesteros&#8221; url_new_window=&#8221;on&#8221; module_class=&#8221;pa-image-1-1&#8243; _builder_version=&#8221;4.16&#8243; _module_preset=&#8221;default&#8221; custom_margin=&#8221;34px||40px||false|false&#8221; border_radii=&#8221;on|5px|5px|5px|5px&#8221; border_width_all=&#8221;2px&#8221; border_color_all=&#8221;#2B2A5C&#8221; locked=&#8221;off&#8221; global_colors_info=&#8221;{}&#8221;][\/et_pb_image][et_pb_text _builder_version=&#8221;4.16&#8243; _module_preset=&#8221;default&#8221; custom_margin=&#8221;-29px|||||&#8221; inline_fonts=&#8221;Pathway Gothic One&#8221; global_colors_info=&#8221;{}&#8221;]<h2 style=\"text-align: center;\"><span style=\"font-family: inherit; font-weight: normal; font-size: large; color: #2b2a5c;\"><strong>Isidro Laso Ballesteros<br \/><\/strong><\/span><\/h2>\n<p style=\"text-align: center;\"><span style=\"font-family: inherit; font-weight: normal; font-size: medium; color: #2b2a5c;\">EU Commission<\/span><\/p>[\/et_pb_text][\/et_pb_column][et_pb_column type=&#8221;1_6&#8243; _builder_version=&#8221;4.16&#8243; _module_preset=&#8221;default&#8221; global_colors_info=&#8221;{}&#8221;][et_pb_image src=&#8221;http:\/\/socialgoodaccelerator.eu\/wp-content\/uploads\/2022\/01\/vda-julie_foulon.jpeg&#8221; title_text=&#8221;vda-julie_foulon&#8221; url_new_window=&#8221;on&#8221; module_class=&#8221;pa-image-1-1&#8243; _builder_version=&#8221;4.16&#8243; _module_preset=&#8221;default&#8221; custom_margin=&#8221;34px||40px||false|false&#8221; border_radii=&#8221;on|5px|5px|5px|5px&#8221; border_width_all=&#8221;2px&#8221; border_color_all=&#8221;#2B2A5C&#8221; locked=&#8221;off&#8221; global_colors_info=&#8221;{}&#8221;][\/et_pb_image][et_pb_text _builder_version=&#8221;4.16&#8243; _module_preset=&#8221;default&#8221; custom_margin=&#8221;-29px|||||&#8221; inline_fonts=&#8221;Pathway Gothic One&#8221; global_colors_info=&#8221;{}&#8221;]<h2 style=\"text-align: center;\"><span style=\"font-family: inherit; font-weight: normal; font-size: large; color: #2b2a5c;\"><strong>\u00a0 \u00a0 \u00a0Julie\u00a0 \u00a0 \u00a0 \u00a0Foulon<br \/><\/strong><\/span><\/h2>\n<p style=\"text-align: center;\"><span style=\"font-family: inherit; font-weight: normal; font-size: medium; color: #2b2a5c;\">Girleek<\/span><\/p>[\/et_pb_text][\/et_pb_column][et_pb_column type=&#8221;1_6&#8243; _builder_version=&#8221;4.16&#8243; _module_preset=&#8221;default&#8221; global_colors_info=&#8221;{}&#8221;][et_pb_image src=&#8221;http:\/\/socialgoodaccelerator.eu\/wp-content\/uploads\/2022\/01\/LINKEDIN-1-768&#215;810-2.png&#8221; title_text=&#8221;Carl Morch&#8221; url_new_window=&#8221;on&#8221; module_class=&#8221;pa-image-1-1&#8243; _builder_version=&#8221;4.16&#8243; _module_preset=&#8221;default&#8221; custom_margin=&#8221;34px||40px||false|false&#8221; border_radii=&#8221;on|5px|5px|5px|5px&#8221; border_width_all=&#8221;2px&#8221; border_color_all=&#8221;#2B2A5C&#8221; locked=&#8221;off&#8221; global_colors_info=&#8221;{}&#8221;][\/et_pb_image][et_pb_text admin_label=&#8221;Text&#8221; _builder_version=&#8221;4.16&#8243; _module_preset=&#8221;default&#8221; custom_margin=&#8221;-29px|||||&#8221; inline_fonts=&#8221;Pathway Gothic One&#8221; global_colors_info=&#8221;{}&#8221;]<h2 style=\"text-align: center;\"><span style=\"font-family: inherit; font-weight: normal; font-size: large; color: #2b2a5c;\"><strong>Carl-Maria M\u00f6rch<\/strong><\/span><\/h2>\n<p style=\"text-align: center;\"><span style=\"font-family: inherit; font-weight: normal; font-size: medium; color: #2b2a5c;\">Vrije Universiteit Brussel<\/span><\/p>[\/et_pb_text][\/et_pb_column][et_pb_column type=&#8221;1_6&#8243; _builder_version=&#8221;4.16&#8243; _module_preset=&#8221;default&#8221; global_colors_info=&#8221;{}&#8221;][et_pb_image src=&#8221;http:\/\/socialgoodaccelerator.eu\/wp-content\/uploads\/2022\/03\/1573651853686.jpeg&#8221; title_text=&#8221;Chanel Genova&#8221; url_new_window=&#8221;on&#8221; module_class=&#8221;pa-image-1-1&#8243; _builder_version=&#8221;4.16&#8243; _module_preset=&#8221;default&#8221; custom_margin=&#8221;34px||40px||false|false&#8221; border_radii=&#8221;on|5px|5px|5px|5px&#8221; border_width_all=&#8221;2px&#8221; border_color_all=&#8221;#2B2A5C&#8221; locked=&#8221;off&#8221; global_colors_info=&#8221;{}&#8221;][\/et_pb_image][et_pb_text _builder_version=&#8221;4.16&#8243; _module_preset=&#8221;default&#8221; custom_margin=&#8221;-29px|||||&#8221; inline_fonts=&#8221;Pathway Gothic One&#8221; global_colors_info=&#8221;{}&#8221;]<h2 style=\"text-align: center;\"><span style=\"font-family: inherit; font-weight: normal; font-size: large; color: #2b2a5c;\"><strong>Chanel Genova<br \/><\/strong><\/span><\/h2>\n<p style=\"text-align: center;\"><span style=\"font-family: inherit; font-weight: normal; font-size: medium; color: #2b2a5c;\">SocialWARE<\/span><\/p>[\/et_pb_text][\/et_pb_column][\/et_pb_row][\/et_pb_section][et_pb_section fb_built=&#8221;1&#8243; _builder_version=&#8221;4.16&#8243; _module_preset=&#8221;default&#8221; background_color=&#8221;#F8C040&#8243; top_divider_color=&#8221;#2b2a5c&#8221; global_colors_info=&#8221;{}&#8221;][et_pb_row _builder_version=&#8221;4.16&#8243; _module_preset=&#8221;default&#8221; global_colors_info=&#8221;{}&#8221;][et_pb_column type=&#8221;4_4&#8243; _builder_version=&#8221;4.16&#8243; _module_preset=&#8221;default&#8221; global_colors_info=&#8221;{}&#8221;][et_pb_text _builder_version=&#8221;4.19.1&#8243; _module_preset=&#8221;default&#8221; hover_enabled=&#8221;0&#8243; locked=&#8221;off&#8221; inline_fonts=&#8221;Pathway Gothic One&#8221; global_colors_info=&#8221;{}&#8221; module_alignment=&#8221;left&#8221; sticky_enabled=&#8221;0&#8243;]<p><span style=\"font-family: 'Pathway Gothic One'; font-weight: normal; font-size: xx-large;\"><b>MADE WITH \u2764\ufe0f BY<\/b><\/span><span style=\"font-family: 'Pathway Gothic One'; font-weight: normal; font-size: xx-large;\"><b><\/b><\/span><\/p>[\/et_pb_text][\/et_pb_column][\/et_pb_row][et_pb_row column_structure=&#8221;1_6,1_6,1_6,1_6,1_6,1_6&#8243; make_equal=&#8221;on&#8221; _builder_version=&#8221;4.16&#8243; _module_preset=&#8221;default&#8221; custom_css_main_element=&#8221;align-items: center;&#8221; locked=&#8221;off&#8221; global_colors_info=&#8221;{}&#8221;][et_pb_column type=&#8221;1_6&#8243; _builder_version=&#8221;4.16&#8243; _module_preset=&#8221;default&#8221; global_colors_info=&#8221;{}&#8221;][\/et_pb_column][et_pb_column type=&#8221;1_6&#8243; _builder_version=&#8221;4.16&#8243; _module_preset=&#8221;default&#8221; global_colors_info=&#8221;{}&#8221;][et_pb_image src=&#8221;http:\/\/socialgoodaccelerator.eu\/wp-content\/uploads\/2022\/01\/cropped-LOGO-SGA-DEF-SOLO-24-10-2018-1-1.png&#8221; title_text=&#8221;cropped-LOGO-SOGA-DEF-SOLO-24-10-2018-1 (1)&#8221; url=&#8221;https:\/\/makesense.org\/&#8221; url_new_window=&#8221;on&#8221; _builder_version=&#8221;4.16&#8243; _module_preset=&#8221;default&#8221; global_colors_info=&#8221;{}&#8221;][\/et_pb_image][\/et_pb_column][et_pb_column type=&#8221;1_6&#8243; _builder_version=&#8221;4.16&#8243; _module_preset=&#8221;default&#8221; global_colors_info=&#8221;{}&#8221;][et_pb_image src=&#8221;https:\/\/cdn.dribbble.com\/users\/682667\/screenshots\/4780771\/02.jpg&#8221; title_text=&#8221;helloasso-logo-agir-ensemble-noir&#8221; url=&#8221;https:\/\/casadoimpacto.scml.pt\/en\/&#8221; url_new_window=&#8221;on&#8221; _builder_version=&#8221;4.16&#8243; _module_preset=&#8221;default&#8221; global_colors_info=&#8221;{}&#8221;][\/et_pb_image][\/et_pb_column][et_pb_column type=&#8221;1_6&#8243; _builder_version=&#8221;4.16&#8243; _module_preset=&#8221;default&#8221; global_colors_info=&#8221;{}&#8221;][et_pb_image src=&#8221;http:\/\/socialgoodaccelerator.eu\/wp-content\/uploads\/2021\/09\/SEE_good_logo-removebg-preview.png&#8221; title_text=&#8221;Logo Social Economy Europe&#8221; url=&#8221;https:\/\/www.socialeconomy.eu.org\/&#8221; url_new_window=&#8221;on&#8221; _builder_version=&#8221;4.16&#8243; _module_preset=&#8221;default&#8221; global_colors_info=&#8221;{}&#8221;][\/et_pb_image][\/et_pb_column][et_pb_column type=&#8221;1_6&#8243; _builder_version=&#8221;4.16&#8243; _module_preset=&#8221;default&#8221; global_colors_info=&#8221;{}&#8221;][et_pb_image src=&#8221;http:\/\/socialgoodaccelerator.eu\/wp-content\/uploads\/2021\/07\/All-Digital_logo_gradient.png&#8221; alt=&#8221;person working Emmaus&#8221; title_text=&#8221;MAIF007431&#8243; url=&#8221;https:\/\/all-digital.org\/&#8221; url_new_window=&#8221;on&#8221; _builder_version=&#8221;4.19.1&#8243; _module_preset=&#8221;default&#8221; hover_enabled=&#8221;0&#8243; global_colors_info=&#8221;{}&#8221; background_image=&#8221;https:\/\/socialgoodaccelerator.eu\/wp-content\/uploads\/2023\/01\/Photo-emmaus-connect-article.jpeg&#8221; sticky_enabled=&#8221;0&#8243;][\/et_pb_image][\/et_pb_column][et_pb_column type=&#8221;1_6&#8243; _builder_version=&#8221;4.16&#8243; _module_preset=&#8221;default&#8221; global_colors_info=&#8221;{}&#8221;][\/et_pb_column][\/et_pb_row][et_pb_row column_structure=&#8221;1_6,1_6,1_6,1_6,1_6,1_6&#8243; make_equal=&#8221;on&#8221; _builder_version=&#8221;4.19.1&#8243; _module_preset=&#8221;default&#8221; hover_enabled=&#8221;0&#8243; custom_css_main_element=&#8221;align-items: center;&#8221; locked=&#8221;off&#8221; global_colors_info=&#8221;{}&#8221; sticky_enabled=&#8221;0&#8243;][et_pb_column type=&#8221;1_6&#8243; _builder_version=&#8221;4.16&#8243; _module_preset=&#8221;default&#8221; global_colors_info=&#8221;{}&#8221;][\/et_pb_column][et_pb_column type=&#8221;1_6&#8243; _builder_version=&#8221;4.16&#8243; _module_preset=&#8221;default&#8221; global_colors_info=&#8221;{}&#8221;][et_pb_image src=&#8221;https:\/\/socialgoodaccelerator.eu\/wp-content\/uploads\/2022\/09\/HelloAsso-logo.png&#8221; alt=&#8221;HelloAsso logo&#8221; title_text=&#8221;helloasso-logo-agir-ensemble-noir&#8221; url=&#8221;https:\/\/www.helloasso.com\/&#8221; url_new_window=&#8221;on&#8221; _builder_version=&#8221;4.16&#8243; _module_preset=&#8221;default&#8221; global_colors_info=&#8221;{}&#8221;][\/et_pb_image][\/et_pb_column][et_pb_column type=&#8221;1_6&#8243; _builder_version=&#8221;4.16&#8243; _module_preset=&#8221;default&#8221; global_colors_info=&#8221;{}&#8221;][et_pb_image src=&#8221;http:\/\/socialgoodaccelerator.eu\/wp-content\/uploads\/2021\/09\/1200px-Microdon-logo-bleu-01.png&#8221; title_text=&#8221;1200px-Microdon-logo-bleu-01&#8243; url=&#8221;https:\/\/www.microdon.org\/&#8221; url_new_window=&#8221;on&#8221; _builder_version=&#8221;4.16&#8243; _module_preset=&#8221;default&#8221; global_colors_info=&#8221;{}&#8221;][\/et_pb_image][\/et_pb_column][et_pb_column type=&#8221;1_6&#8243; _builder_version=&#8221;4.16&#8243; _module_preset=&#8221;default&#8221; global_colors_info=&#8221;{}&#8221;][et_pb_image src=&#8221;http:\/\/socialgoodaccelerator.eu\/wp-content\/uploads\/2022\/01\/Logo-de-AI4Belgium-1024&#215;407-1.png&#8221; title_text=&#8221;Logo-de-AI4Belgium-1024&#215;407&#8243; url=&#8221;https:\/\/www.ai4belgium.be\/&#8221; url_new_window=&#8221;on&#8221; _builder_version=&#8221;4.16&#8243; _module_preset=&#8221;default&#8221; global_colors_info=&#8221;{}&#8221;][\/et_pb_image][\/et_pb_column][et_pb_column type=&#8221;1_6&#8243; _builder_version=&#8221;4.16&#8243; _module_preset=&#8221;default&#8221; global_colors_info=&#8221;{}&#8221;][et_pb_image src=&#8221;https:\/\/socialgoodaccelerator.eu\/wp-content\/uploads\/2022\/11\/Invitation-SGW-ce\u0301re\u0301monie-douverture-ce\u0301re\u0301monie-de-clo\u0302ture.png&#8221; alt=&#8221;People having a video call&#8221; title_text=&#8221;People having a video call&#8221; url=&#8221;https:\/\/www.helloasso.com\/&#8221; url_new_window=&#8221;on&#8221; _builder_version=&#8221;4.19.1&#8243; _module_preset=&#8221;default&#8221; hover_enabled=&#8221;0&#8243; global_colors_info=&#8221;{}&#8221; sticky_enabled=&#8221;0&#8243;][\/et_pb_image][\/et_pb_column][et_pb_column type=&#8221;1_6&#8243; _builder_version=&#8221;4.16&#8243; _module_preset=&#8221;default&#8221; global_colors_info=&#8221;{}&#8221;][\/et_pb_column][\/et_pb_row][\/et_pb_section]",
        "protected": false
    },
    "excerpt": {
        "rendered": "<p>SOCIAL TECH FOR ALL_ European event from 2 to 8 November 2022#SGW2022 Tech innovation and social innovation share a prospective and proactive vision of the future. This is what Social [&hellip;]<\/p>",
        "protected": false
    },
    "author": 1,
    "featured_media": 51024,
    "parent": 0,
    "menu_order": 0,
    "comment_status": "closed",
    "ping_status": "closed",
    "template": "",
    "meta": {
        "_et_pb_use_builder": "on",
        "_et_pb_old_content": "",
        "_et_gb_content_width": "",
        "jetpack_post_was_ever_published": false,
        "footnotes": ""
    },
    "class_list": [
        "post-50009",
        "page",
        "type-page",
        "status-publish",
        "has-post-thumbnail",
        "hentry"
    ],
    "yoast_head": "<!-- This site is optimized with the Yoast SEO plugin v27.4 - https:\/\/yoast.com\/product\/yoast-seo-wordpress\/ -->\n<title>Social Good Accelerator | Social Good Week 2022 - SOGA<\/title>\n<meta name=\"description\" content=\"Tech innovation and social innovation share a prospective and proactive vision of the future. This is what Social Good Week aims to achieve, an annual opportunity to bring about a more inclusive digital world at European level around federating projects while the month of Social Economy in France and the Web Summit are taking place.\" \/>\n<meta name=\"robots\" content=\"index, follow, max-snippet:-1, max-image-preview:large, max-video-preview:-1\" \/>\n<link rel=\"canonical\" href=\"https:\/\/socialgoodaccelerator.eu\/en_gb\/sgw2022\/\" \/>\n<meta property=\"og:locale\" content=\"en_GB\" \/>\n<meta property=\"og:type\" content=\"article\" \/>\n<meta property=\"og:title\" content=\"Social Good Accelerator | Social Good Week 2022 - SOGA\" \/>\n<meta property=\"og:description\" content=\"Tech innovation and social innovation share a prospective and proactive vision of the future. This is what Social Good Week aims to achieve, an annual opportunity to bring about a more inclusive digital world at European level around federating projects while the month of Social Economy in France and the Web Summit are taking place.\" \/>\n<meta property=\"og:url\" content=\"https:\/\/socialgoodaccelerator.eu\/en_gb\/sgw2022\/\" \/>\n<meta property=\"og:site_name\" content=\"SOGA\" \/>\n<meta property=\"article:publisher\" content=\"https:\/\/www.facebook.com\/SocialGoodAccel.EU\/\" \/>\n<meta property=\"article:modified_time\" content=\"2025-09-11T10:01:32+00:00\" \/>\n<meta property=\"og:image\" content=\"https:\/\/i0.wp.com\/socialgoodaccelerator.eu\/wp-content\/uploads\/2022\/06\/LOGO-SOCIAL-GOOD-WEEK_Vpng.png?fit=591%2C591&ssl=1\" \/>\n\t<meta property=\"og:image:width\" content=\"591\" \/>\n\t<meta property=\"og:image:height\" content=\"591\" \/>\n\t<meta property=\"og:image:type\" content=\"image\/png\" \/>\n<meta name=\"twitter:card\" content=\"summary_large_image\" \/>\n<meta name=\"twitter:label1\" content=\"Estimated reading time\" \/>\n\t<meta name=\"twitter:data1\" content=\"6 minutes\" \/>\n<script type=\"application\/ld+json\" class=\"yoast-schema-graph\">{\"@context\":\"https:\\\/\\\/schema.org\",\"@graph\":[{\"@type\":\"WebPage\",\"@id\":\"https:\\\/\\\/socialgoodaccelerator.eu\\\/sgw2022\\\/\",\"url\":\"https:\\\/\\\/socialgoodaccelerator.eu\\\/sgw2022\\\/\",\"name\":\"Social Good Accelerator | Social Good Week 2022 - SOGA\",\"isPartOf\":{\"@id\":\"https:\\\/\\\/socialgoodaccelerator.eu\\\/#website\"},\"primaryImageOfPage\":{\"@id\":\"https:\\\/\\\/socialgoodaccelerator.eu\\\/sgw2022\\\/#primaryimage\"},\"image\":{\"@id\":\"https:\\\/\\\/socialgoodaccelerator.eu\\\/sgw2022\\\/#primaryimage\"},\"thumbnailUrl\":\"https:\\\/\\\/i0.wp.com\\\/socialgoodaccelerator.eu\\\/wp-content\\\/uploads\\\/2022\\\/06\\\/LOGO-SOCIAL-GOOD-WEEK_Vpng.png?fit=591%2C591&ssl=1\",\"datePublished\":\"2021-10-19T10:27:48+00:00\",\"dateModified\":\"2025-09-11T10:01:32+00:00\",\"description\":\"Tech innovation and social innovation share a prospective and proactive vision of the future. This is what Social Good Week aims to achieve, an annual opportunity to bring about a more inclusive digital world at European level around federating projects while the month of Social Economy in France and the Web Summit are taking place.\",\"breadcrumb\":{\"@id\":\"https:\\\/\\\/socialgoodaccelerator.eu\\\/sgw2022\\\/#breadcrumb\"},\"inLanguage\":\"en-GB\",\"potentialAction\":[{\"@type\":\"ReadAction\",\"target\":[\"https:\\\/\\\/socialgoodaccelerator.eu\\\/sgw2022\\\/\"]}]},{\"@type\":\"ImageObject\",\"inLanguage\":\"en-GB\",\"@id\":\"https:\\\/\\\/socialgoodaccelerator.eu\\\/sgw2022\\\/#primaryimage\",\"url\":\"https:\\\/\\\/i0.wp.com\\\/socialgoodaccelerator.eu\\\/wp-content\\\/uploads\\\/2022\\\/06\\\/LOGO-SOCIAL-GOOD-WEEK_Vpng.png?fit=591%2C591&ssl=1\",\"contentUrl\":\"https:\\\/\\\/i0.wp.com\\\/socialgoodaccelerator.eu\\\/wp-content\\\/uploads\\\/2022\\\/06\\\/LOGO-SOCIAL-GOOD-WEEK_Vpng.png?fit=591%2C591&ssl=1\",\"width\":591,\"height\":591,\"caption\":\"LOGO SOCIAL GOOD WEEK_Vpng\"},{\"@type\":\"BreadcrumbList\",\"@id\":\"https:\\\/\\\/socialgoodaccelerator.eu\\\/sgw2022\\\/#breadcrumb\",\"itemListElement\":[{\"@type\":\"ListItem\",\"position\":1,\"name\":\"Accueil\",\"item\":\"https:\\\/\\\/socialgoodaccelerator.eu\\\/\"},{\"@type\":\"ListItem\",\"position\":2,\"name\":\"Social Good Accelerator | Social Good Week 2022\"}]},{\"@type\":\"WebSite\",\"@id\":\"https:\\\/\\\/socialgoodaccelerator.eu\\\/#website\",\"url\":\"https:\\\/\\\/socialgoodaccelerator.eu\\\/\",\"name\":\"Social Good Accelerator\",\"description\":\"Acc\u00e9l\u00e9rer l&#039;ESS num\u00e9rique\",\"publisher\":{\"@id\":\"https:\\\/\\\/socialgoodaccelerator.eu\\\/#organization\"},\"alternateName\":\"SOGA\",\"potentialAction\":[{\"@type\":\"SearchAction\",\"target\":{\"@type\":\"EntryPoint\",\"urlTemplate\":\"https:\\\/\\\/socialgoodaccelerator.eu\\\/?s={search_term_string}\"},\"query-input\":{\"@type\":\"PropertyValueSpecification\",\"valueRequired\":true,\"valueName\":\"search_term_string\"}}],\"inLanguage\":\"en-GB\"},{\"@type\":\"Organization\",\"@id\":\"https:\\\/\\\/socialgoodaccelerator.eu\\\/#organization\",\"name\":\"Social Good Accelerator\",\"alternateName\":\"SOGA\",\"url\":\"https:\\\/\\\/socialgoodaccelerator.eu\\\/\",\"logo\":{\"@type\":\"ImageObject\",\"inLanguage\":\"en-GB\",\"@id\":\"https:\\\/\\\/socialgoodaccelerator.eu\\\/#\\\/schema\\\/logo\\\/image\\\/\",\"url\":\"https:\\\/\\\/i0.wp.com\\\/socialgoodaccelerator.eu\\\/wp-content\\\/uploads\\\/2023\\\/10\\\/cropped-LOGO-SOGA-V-FR.png?fit=512%2C512&ssl=1\",\"contentUrl\":\"https:\\\/\\\/i0.wp.com\\\/socialgoodaccelerator.eu\\\/wp-content\\\/uploads\\\/2023\\\/10\\\/cropped-LOGO-SOGA-V-FR.png?fit=512%2C512&ssl=1\",\"width\":512,\"height\":512,\"caption\":\"Social Good Accelerator\"},\"image\":{\"@id\":\"https:\\\/\\\/socialgoodaccelerator.eu\\\/#\\\/schema\\\/logo\\\/image\\\/\"},\"sameAs\":[\"https:\\\/\\\/www.facebook.com\\\/SocialGoodAccel.EU\\\/\",\"https:\\\/\\\/www.youtube.com\\\/@socialgoodaccelerator772\",\"https:\\\/\\\/www.youtube.com\\\/@SocialTechAcademy-eg6hp\"]}]}<\/script>\n<!-- \/ Yoast SEO plugin. -->",
    "yoast_head_json": {
        "title": "Social Good Accelerator | Social Good Week 2022 - SOGA",
        "description": "Tech innovation and social innovation share a prospective and proactive vision of the future. This is what Social Good Week aims to achieve, an annual opportunity to bring about a more inclusive digital world at European level around federating projects while the month of Social Economy in France and the Web Summit are taking place.",
        "robots": {
            "index": "index",
            "follow": "follow",
            "max-snippet": "max-snippet:-1",
            "max-image-preview": "max-image-preview:large",
            "max-video-preview": "max-video-preview:-1"
        },
        "canonical": "https:\/\/socialgoodaccelerator.eu\/en_gb\/sgw2022\/",
        "og_locale": "en_GB",
        "og_type": "article",
        "og_title": "Social Good Accelerator | Social Good Week 2022 - SOGA",
        "og_description": "Tech innovation and social innovation share a prospective and proactive vision of the future. This is what Social Good Week aims to achieve, an annual opportunity to bring about a more inclusive digital world at European level around federating projects while the month of Social Economy in France and the Web Summit are taking place.",
        "og_url": "https:\/\/socialgoodaccelerator.eu\/en_gb\/sgw2022\/",
        "og_site_name": "SOGA",
        "article_publisher": "https:\/\/www.facebook.com\/SocialGoodAccel.EU\/",
        "article_modified_time": "2025-09-11T10:01:32+00:00",
        "og_image": [
            {
                "width": 591,
                "height": 591,
                "url": "https:\/\/i0.wp.com\/socialgoodaccelerator.eu\/wp-content\/uploads\/2022\/06\/LOGO-SOCIAL-GOOD-WEEK_Vpng.png?fit=591%2C591&ssl=1",
                "type": "image\/png"
            }
        ],
        "twitter_card": "summary_large_image",
        "twitter_misc": {
            "Estimated reading time": "6 minutes"
        },
        "schema": {
            "@context": "https:\/\/schema.org",
            "@graph": [
                {
                    "@type": "WebPage",
                    "@id": "https:\/\/socialgoodaccelerator.eu\/sgw2022\/",
                    "url": "https:\/\/socialgoodaccelerator.eu\/sgw2022\/",
                    "name": "Social Good Accelerator | Social Good Week 2022 - SOGA",
                    "isPartOf": {
                        "@id": "https:\/\/socialgoodaccelerator.eu\/#website"
                    },
                    "primaryImageOfPage": {
                        "@id": "https:\/\/socialgoodaccelerator.eu\/sgw2022\/#primaryimage"
                    },
                    "image": {
                        "@id": "https:\/\/socialgoodaccelerator.eu\/sgw2022\/#primaryimage"
                    },
                    "thumbnailUrl": "https:\/\/i0.wp.com\/socialgoodaccelerator.eu\/wp-content\/uploads\/2022\/06\/LOGO-SOCIAL-GOOD-WEEK_Vpng.png?fit=591%2C591&ssl=1",
                    "datePublished": "2021-10-19T10:27:48+00:00",
                    "dateModified": "2025-09-11T10:01:32+00:00",
                    "description": "Tech innovation and social innovation share a prospective and proactive vision of the future. This is what Social Good Week aims to achieve, an annual opportunity to bring about a more inclusive digital world at European level around federating projects while the month of Social Economy in France and the Web Summit are taking place.",
                    "breadcrumb": {
                        "@id": "https:\/\/socialgoodaccelerator.eu\/sgw2022\/#breadcrumb"
                    },
                    "inLanguage": "en-GB",
                    "potentialAction": [
                        {
                            "@type": "ReadAction",
                            "target": [
                                "https:\/\/socialgoodaccelerator.eu\/sgw2022\/"
                            ]
                        }
                    ]
                },
                {
                    "@type": "ImageObject",
                    "inLanguage": "en-GB",
                    "@id": "https:\/\/socialgoodaccelerator.eu\/sgw2022\/#primaryimage",
                    "url": "https:\/\/i0.wp.com\/socialgoodaccelerator.eu\/wp-content\/uploads\/2022\/06\/LOGO-SOCIAL-GOOD-WEEK_Vpng.png?fit=591%2C591&ssl=1",
                    "contentUrl": "https:\/\/i0.wp.com\/socialgoodaccelerator.eu\/wp-content\/uploads\/2022\/06\/LOGO-SOCIAL-GOOD-WEEK_Vpng.png?fit=591%2C591&ssl=1",
                    "width": 591,
                    "height": 591,
                    "caption": "LOGO SOCIAL GOOD WEEK_Vpng"
                },
                {
                    "@type": "BreadcrumbList",
                    "@id": "https:\/\/socialgoodaccelerator.eu\/sgw2022\/#breadcrumb",
                    "itemListElement": [
                        {
                            "@type": "ListItem",
                            "position": 1,
                            "name": "Accueil",
                            "item": "https:\/\/socialgoodaccelerator.eu\/"
                        },
                        {
                            "@type": "ListItem",
                            "position": 2,
                            "name": "Social Good Accelerator | Social Good Week 2022"
                        }
                    ]
                },
                {
                    "@type": "WebSite",
                    "@id": "https:\/\/socialgoodaccelerator.eu\/#website",
                    "url": "https:\/\/socialgoodaccelerator.eu\/",
                    "name": "Social Good Accelerator",
                    "description": "Acc\u00e9l\u00e9rer l&#039;ESS num\u00e9rique",
                    "publisher": {
                        "@id": "https:\/\/socialgoodaccelerator.eu\/#organization"
                    },
                    "alternateName": "SOGA",
                    "potentialAction": [
                        {
                            "@type": "SearchAction",
                            "target": {
                                "@type": "EntryPoint",
                                "urlTemplate": "https:\/\/socialgoodaccelerator.eu\/?s={search_term_string}"
                            },
                            "query-input": {
                                "@type": "PropertyValueSpecification",
                                "valueRequired": true,
                                "valueName": "search_term_string"
                            }
                        }
                    ],
                    "inLanguage": "en-GB"
                },
                {
                    "@type": "Organization",
                    "@id": "https:\/\/socialgoodaccelerator.eu\/#organization",
                    "name": "Social Good Accelerator",
                    "alternateName": "SOGA",
                    "url": "https:\/\/socialgoodaccelerator.eu\/",
                    "logo": {
                        "@type": "ImageObject",
                        "inLanguage": "en-GB",
                        "@id": "https:\/\/socialgoodaccelerator.eu\/#\/schema\/logo\/image\/",
                        "url": "https:\/\/i0.wp.com\/socialgoodaccelerator.eu\/wp-content\/uploads\/2023\/10\/cropped-LOGO-SOGA-V-FR.png?fit=512%2C512&ssl=1",
                        "contentUrl": "https:\/\/i0.wp.com\/socialgoodaccelerator.eu\/wp-content\/uploads\/2023\/10\/cropped-LOGO-SOGA-V-FR.png?fit=512%2C512&ssl=1",
                        "width": 512,
                        "height": 512,
                        "caption": "Social Good Accelerator"
                    },
                    "image": {
                        "@id": "https:\/\/socialgoodaccelerator.eu\/#\/schema\/logo\/image\/"
                    },
                    "sameAs": [
                        "https:\/\/www.facebook.com\/SocialGoodAccel.EU\/",
                        "https:\/\/www.youtube.com\/@socialgoodaccelerator772",
                        "https:\/\/www.youtube.com\/@SocialTechAcademy-eg6hp"
                    ]
                }
            ]
        }
    },
    "jetpack_likes_enabled": true,
    "jetpack-related-posts": [
        {
            "id": 53618,
            "url": "https:\/\/socialgoodaccelerator.eu\/en_gb\/nec-ess-2024\/",
            "url_meta": {
                "origin": 50009,
                "position": 0
            },
            "title": "NEC ESS 2024",
            "author": "sogaccelerator",
            "date": "19 July 2024",
            "format": false,
            "excerpt": "",
            "rel": "",
            "context": "Similar post",
            "block_context": {
                "text": "Similar post",
                "link": ""
            },
            "img": {
                "alt_text": "",
                "src": "",
                "width": 0,
                "height": 0
            },
            "classes": []
        },
        {
            "id": 55708,
            "url": "https:\/\/socialgoodaccelerator.eu\/en_gb\/homepage-2\/",
            "url_meta": {
                "origin": 50009,
                "position": 1
            },
            "title": "Z-Ancienne Homepage",
            "author": "sogaccelerator",
            "date": "11 September 2025",
            "format": false,
            "excerpt": "",
            "rel": "",
            "context": "Similar post",
            "block_context": {
                "text": "Similar post",
                "link": ""
            },
            "img": {
                "alt_text": "",
                "src": "",
                "width": 0,
                "height": 0
            },
            "classes": []
        },
        {
            "id": 56837,
            "url": "https:\/\/socialgoodaccelerator.eu\/en_gb\/contact\/",
            "url_meta": {
                "origin": 50009,
                "position": 2
            },
            "title": "Contact",
            "author": "sogaccelerator",
            "date": "16 February 2026",
            "format": false,
            "excerpt": "",
            "rel": "",
            "context": "Similar post",
            "block_context": {
                "text": "Similar post",
                "link": ""
            },
            "img": {
                "alt_text": "",
                "src": "https:\/\/i0.wp.com\/socialgoodaccelerator.eu\/wp-content\/uploads\/2026\/03\/volodymyr-hryshchenko-V5vqWC9gyEU-unsplash-scaled.jpg?fit=1200%2C800&ssl=1&resize=350%2C200",
                "width": 350,
                "height": 200,
                "srcset": "https:\/\/i0.wp.com\/socialgoodaccelerator.eu\/wp-content\/uploads\/2026\/03\/volodymyr-hryshchenko-V5vqWC9gyEU-unsplash-scaled.jpg?fit=1200%2C800&ssl=1&resize=350%2C200 1x, https:\/\/i0.wp.com\/socialgoodaccelerator.eu\/wp-content\/uploads\/2026\/03\/volodymyr-hryshchenko-V5vqWC9gyEU-unsplash-scaled.jpg?fit=1200%2C800&ssl=1&resize=525%2C300 1.5x, https:\/\/i0.wp.com\/socialgoodaccelerator.eu\/wp-content\/uploads\/2026\/03\/volodymyr-hryshchenko-V5vqWC9gyEU-unsplash-scaled.jpg?fit=1200%2C800&ssl=1&resize=700%2C400 2x, https:\/\/i0.wp.com\/socialgoodaccelerator.eu\/wp-content\/uploads\/2026\/03\/volodymyr-hryshchenko-V5vqWC9gyEU-unsplash-scaled.jpg?fit=1200%2C800&ssl=1&resize=1050%2C600 3x"
            },
            "classes": []
        },
        {
            "id": 56260,
            "url": "https:\/\/socialgoodaccelerator.eu\/en_gb\/cafes-iassos-reprendre-la-main-sur-ia\/",
            "url_meta": {
                "origin": 50009,
                "position": 3
            },
            "title": "Caf\u00e9s IAssos \u2014 Reprendre la main sur l\u2019IA dans l\u2019ESS",
            "author": "sogaccelerator",
            "date": "29 January 2026",
            "format": false,
            "excerpt": "",
            "rel": "",
            "context": "Similar post",
            "block_context": {
                "text": "Similar post",
                "link": ""
            },
            "img": {
                "alt_text": "",
                "src": "",
                "width": 0,
                "height": 0
            },
            "classes": []
        },
        {
            "id": 46801,
            "url": "https:\/\/socialgoodaccelerator.eu\/en_gb\/join\/",
            "url_meta": {
                "origin": 50009,
                "position": 4
            },
            "title": "Social Good Accelerator | Become a member",
            "author": "sogaccelerator",
            "date": "11 September 2025",
            "format": false,
            "excerpt": "",
            "rel": "",
            "context": "Similar post",
            "block_context": {
                "text": "Similar post",
                "link": ""
            },
            "img": {
                "alt_text": "",
                "src": "",
                "width": 0,
                "height": 0
            },
            "classes": []
        }
    ],
    "jetpack_sharing_enabled": true,
    "jetpack_shortlink": "https:\/\/wp.me\/P9J6Qk-d0B",
    "_links": {
        "self": [
            {
                "href": "https:\/\/socialgoodaccelerator.eu\/en_gb\/wp-json\/wp\/v2\/pages\/50009",
                "targetHints": {
                    "allow": [
                        "GET"
                    ]
                }
            }
        ],
        "collection": [
            {
                "href": "https:\/\/socialgoodaccelerator.eu\/en_gb\/wp-json\/wp\/v2\/pages"
            }
        ],
        "about": [
            {
                "href": "https:\/\/socialgoodaccelerator.eu\/en_gb\/wp-json\/wp\/v2\/types\/page"
            }
        ],
        "author": [
            {
                "embeddable": true,
                "href": "https:\/\/socialgoodaccelerator.eu\/en_gb\/wp-json\/wp\/v2\/users\/1"
            }
        ],
        "replies": [
            {
                "embeddable": true,
                "href": "https:\/\/socialgoodaccelerator.eu\/en_gb\/wp-json\/wp\/v2\/comments?post=50009"
            }
        ],
        "version-history": [
            {
                "count": 99,
                "href": "https:\/\/socialgoodaccelerator.eu\/en_gb\/wp-json\/wp\/v2\/pages\/50009\/revisions"
            }
        ],
        "predecessor-version": [
            {
                "id": 52754,
                "href": "https:\/\/socialgoodaccelerator.eu\/en_gb\/wp-json\/wp\/v2\/pages\/50009\/revisions\/52754"
            }
        ],
        "wp:featuredmedia": [
            {
                "embeddable": true,
                "href": "https:\/\/socialgoodaccelerator.eu\/en_gb\/wp-json\/wp\/v2\/media\/51024"
            }
        ],
        "wp:attachment": [
            {
                "href": "https:\/\/socialgoodaccelerator.eu\/en_gb\/wp-json\/wp\/v2\/media?parent=50009"
            }
        ],
        "curies": [
            {
                "name": "wp",
                "href": "https:\/\/api.w.org\/{rel}",
                "templated": true
            }
        ]
    }
}